{"id":21190,"date":"2019-07-30T18:40:51","date_gmt":"2019-07-30T17:40:51","guid":{"rendered":"https:\/\/www.pourquoi-pas-nous.com\/besichtigung-von-montenegro-unsere-ideale-reiseroute\/"},"modified":"2026-03-02T13:23:34","modified_gmt":"2026-03-02T11:23:34","slug":"montenegro","status":"publish","type":"post","link":"https:\/\/www.pourquoi-pas-nous.com\/de\/montenegro\/","title":{"rendered":"Besichtigung von Montenegro: Unsere ideale Reiseroute"},"content":{"rendered":"\n<p><strong>Montenegro<\/strong> ist ein <strong>Balkanland<\/strong>, das vom Tourismus relativ unber\u00fchrt ist. Im Landesinneren gibt es wundersch\u00f6ne Nationalparks inmitten der montenegrinischen Berge. Es ist ein Land, in dem man <strong>sehr gut<\/strong> und preisg\u00fcnstig essen kann.  <\/p>\n\n<p>F\u00fcr EU-B\u00fcrger reicht ein g\u00fcltiger <strong>Personalausweis<\/strong> oder <strong>Reisepass<\/strong> (mindestens 6 Monate g\u00fcltig) f\u00fcr einen touristischen Aufenthalt in Montenegro aus. Ein Visum ist daher nicht erforderlich.<\/p>\n\n<figure class=\"wp-block-image size-large\"><img data-recalc-dims=\"1\" data-dominant-color=\"838b73\" data-has-transparency=\"false\" style=\"--dominant-color: #838b73;\" fetchpriority=\"high\" decoding=\"async\" width=\"800\" height=\"533\" src=\"https:\/\/i0.wp.com\/www.pourquoi-pas-nous.com\/wp-content\/uploads\/2025\/04\/camei7myvzo.jpg?resize=800%2C533&#038;ssl=1\" alt=\"montenegro\" class=\"wp-image-65684 not-transparent\" title=\"\" srcset=\"https:\/\/i0.wp.com\/www.pourquoi-pas-nous.com\/wp-content\/uploads\/2025\/04\/camei7myvzo.jpg?resize=1200%2C800&amp;ssl=1 1200w, https:\/\/i0.wp.com\/www.pourquoi-pas-nous.com\/wp-content\/uploads\/2025\/04\/camei7myvzo.jpg?resize=400%2C267&amp;ssl=1 400w, https:\/\/i0.wp.com\/www.pourquoi-pas-nous.com\/wp-content\/uploads\/2025\/04\/camei7myvzo.jpg?w=1800&amp;ssl=1 1800w, https:\/\/i0.wp.com\/www.pourquoi-pas-nous.com\/wp-content\/uploads\/2025\/04\/camei7myvzo.jpg?w=1600&amp;ssl=1 1600w\" sizes=\"(max-width: 800px) 100vw, 800px\" \/><\/figure>\n\n<p>Um Ihnen wie immer dabei zu helfen, Ihre Reise so gut und so schnell wie m\u00f6glich zu organisieren, zeigen wir Ihnen <strong>unsere Reiserouten<\/strong> auf unserer pers\u00f6nlichen Karte. Sowie unsere Tipps, <strong>Tricks <\/strong>und <strong>unsere besten Unterk\u00fcnfte<\/strong>, damit Sie Ihren Aufenthalt in vollen Z\u00fcgen genie\u00dfen k\u00f6nnen.<\/p>\n\n<h2 class=\"wp-block-heading\">  Was kann man in Montenegro unternehmen? Bucht von Kotor, Budva, Schwarzer See&#8230;<\/h2>\n\n<p>Die Adriak\u00fcste bietet<strong>authentische D\u00f6rfer<\/strong> (Kotor, Budva, Ulcinj&#8230;) und <a href=\"http:\/\/www.pourquoi-pas-nous.com\/les-8-plus-belles-plages-du-montenegro\/\" target=\"_blank\" rel=\"noreferrer noopener\">Str\u00e4nde<\/a><strong> mit kristallklarem Wasser<\/strong> (Velika plaza, Mogren beach&#8230;). Wie Sie wissen, lieben wir Str\u00e4nde.<\/p>\n\n<p>Wir empfehlen Ihnen, die <strong>Bucht von Kotor mit dem Boot<\/strong> zu erkunden. Sie k\u00f6nnen <a href=\"https:\/\/www.getyourguide.fr\/kotor-l32202\/kotor-visite-de-notre-dame-du-rocher-mamula-grotte-bleue-t126542\/?partner_id=0LXQSML&amp;utm_medium=online_publisher&amp;placement=content-middle&amp;cmp=kotorbateau\" target=\"_blank\" rel=\"noreferrer noopener nofollow\">Ihr Ticket<\/a> f\u00fcr einen dreist\u00fcndigen Ausflug im Voraus buchen, bei dem Sie diese unglaubliche Naturlandschaft erkunden und in den H\u00f6hlen mit ihrem durchsichtigen Wasser baden k\u00f6nnen. Kurz gesagt: ein Muss auf unserer Reise!<\/p>\n\n<p>F\u00fcr Naturliebhaber wie uns gibt es eine Vielzahl von Wanderm\u00f6glichkeiten.<\/p>\n\n<p>Liebhaber <strong>alter Steine <\/strong>und <strong>sch\u00f6ner Buchten<\/strong> kommen an der Adriak\u00fcste voll auf ihre Kosten.  <\/p>\n\n<figure class=\"wp-block-image size-full\"><img data-recalc-dims=\"1\" data-dominant-color=\"a28d7c\" data-has-transparency=\"false\" style=\"--dominant-color: #a28d7c;\" decoding=\"async\" src=\"https:\/\/i0.wp.com\/www.pourquoi-pas-nous.com\/wp-content\/uploads\/2019\/07\/sea-833509_1920.jpg?w=800&#038;ssl=1\" alt=\"Was kann man in Montenegro unternehmen?\" class=\"wp-image-2399 not-transparent\" title=\"\"><\/figure>\n\n<h2 class=\"wp-block-heading\">Unsere ideale Reiseroute 8 &#8211; 10 Tage [Karte].<\/h2>\n<div class=\"lazyblock-sommaire-Z6EF4j wp-block-lazyblock-sommaire\"><div class=\"sommaire\"><span class=\"titre-liste\"><i class=\"fas fa-list-ul\"><\/i>Unsere ideale Reiseroute von 8 bis 10 Tagen<\/span>\n<p><ul><li><a href=\"#jour1\">1. Tag &#8211;&nbsp;<\/a><strong>\n  <a href=\"#jour1\">Podgorica<\/a>\n<\/strong><a href=\"#jour1\">&nbsp;-&gt;&nbsp;<\/a><strong>\n  <a href=\"#jour1\">Shkodra-See<\/a>\n<\/strong><\/li><li><a href=\"#jour2\">2. Tag &#8211;&nbsp;<\/a><strong>\n  <a href=\"#jour2\">Virpazar<\/a>\n<\/strong><a href=\"#jour2\">,&nbsp;<\/a><strong>\n  <a href=\"#jour2\">shkodra-See<\/a>\n<\/strong><a href=\"#jour2\">Murici Strand -&gt;&nbsp;<\/a><strong>\n  <a href=\"#jour2\">Ulcinj<\/a>\n<\/strong><\/li><li><a href=\"#jour3\">3. Tag &#8211;&nbsp;<\/a><strong>\n  <a href=\"#jour3\">Ulcinj<\/a>\n<\/strong><a href=\"#jour3\">Long Beach \/ Velika Plaza + Besuch der Altstadt<\/a><\/li><li><a href=\"#jour4\">4. Tag &#8211;&nbsp;<\/a><strong>\n  <a href=\"#jour4\">Ulcinj<\/a>\n<\/strong><a href=\"#jour4\">&nbsp;-&gt;&nbsp;<\/a><strong>\n  <a href=\"#jour4\">Budva<\/a>\n<\/strong><a href=\"#jour4\">Strand Mogren beach + Besuch der Altstadt<\/a><\/li><li><a href=\"#jour5\">Tag 5 &#8211;&nbsp;<\/a><strong>\n  <a href=\"#jour5\">Budva<\/a>\n<\/strong><a href=\"#jour5\">&nbsp;-&gt;&nbsp;<\/a><strong>\n  <a href=\"#jour5\">Kotor<\/a>\n<\/strong><a href=\"#jour5\">Kotor beach + Besuch der Altstadt<\/a><\/li><li><a href=\"#jour6\">Tag 6 &#8211;&nbsp;<\/a><strong>\n  <a href=\"#jour6\">Kotor<\/a>\n<\/strong><a href=\"#jour6\">&nbsp;-&gt;&nbsp;<\/a><strong>\n  <a href=\"#jour6\">Durmitor-Nationalpark<\/a>\n<\/strong><\/li><li><a href=\"#jour7\">Tag 7 &#8211;&nbsp;<\/a><strong>\n  <a href=\"#jour7\">Durmitor Nationalpark<\/a>\n<\/strong><a href=\"#jour7\">Wanderung black lack \/ Crno Jezero&nbsp; -&gt; Podgorica<\/a><\/li><li><a href=\"#jour8\">Tag 8 &#8211;&nbsp;<\/a><strong>\n  <a href=\"#jour8\">Podgorica<\/a>\n<\/strong><\/li><\/ul><\/p><\/div><\/div>\n<p><iframe src=\"https:\/\/www.google.com\/maps\/d\/embed?mid=1oIX8M-ig2nSGIjh6_DN9K4rB7Vr8xKyh&amp;hl=fr\" width=\"640\" height=\"480\"><\/iframe><\/p>\n\n<p><strong><u>Unsere Vorschl\u00e4ge f\u00fcr Ideen zu l\u00e4ngeren Reiserouten :<\/u><\/strong><\/p>\n\n<ul class=\"wp-block-list\">\n<li><strong>Si vous restez&nbsp;10 jours<\/strong>, nous vous conseillons de rester une journ\u00e9e suppl\u00e9mentaire \u00e0 <strong>Kotor<\/strong> et une autre au parc national du <strong>Durmitor<\/strong>.\n<ul class=\"wp-block-list\">\n<li>Extra Tag in Kotor &#8211;<strong> Spaziergang auf den Anh\u00f6hen der Stadt mit Blick auf den Fjord von Kotor<\/strong><\/li>\n\n\n\n<li>Zus\u00e4tzlicher Tag im Durmitor Nationalpark &#8211;<strong> Cayoning im Fluss Tara und Zipline von 1 km L\u00e4nge und 125 m H\u00f6henunterschied<br\/><\/strong><\/li>\n<\/ul>\n<\/li>\n\n\n\n<li><strong>Si vous restez&nbsp;12 jours<\/strong>, vous pouvez conserver l\u2019itin\u00e9raire de 10 jours puis apr\u00e8s votre passage au parc national du&nbsp;<strong>Durmitor avant de revenir \u00e0 Podgorica<\/strong>, nous vous recommandons de passer <strong>2 jours au parc national de&nbsp;Kola\u0161in<\/strong>. Nous avons longuement h\u00e9sit\u00e9 entre les deux parcs, nous en avons eu d\u2019excellents retours des voyageurs rencontr\u00e9s pendant le voyage. C\u2019est une station de ski en hiver qui offre de belles possibilit\u00e9s de randonn\u00e9es en \u00e9t\u00e9\n<ul class=\"wp-block-list\">\n<li>Tag 10 &#8211; Der <strong>Biogradska<\/strong> Park (Eintritt 3\u20ac) beherbergt einen sch\u00f6nen See, den &#8220; <strong>Gora Lake<\/strong>&#8222;. Auf einem 4km langen Spaziergang k\u00f6nnen Sie ihn umrunden und anschlie\u00dfend ein wohlverdientes Picknick genie\u00dfen.<\/li>\n\n\n\n<li>Tag 11- Steigen Sie auch zum <strong>Bendovac <\/strong> auf (ca. 3 Std. Aufstieg vom See), um einen sch\u00f6nen Ausblick auf den darunter liegenden See zu genie\u00dfen.<\/li>\n<\/ul>\n<\/li>\n<\/ul>\n\n<div data-gyg-href=\"https:\/\/widget.getyourguide.com\/default\/availability.frame\" data-gyg-tour-id=\"126542\" data-gyg-locale-code=\"fr-FR\" data-gyg-currency=\"EUR\" data-gyg-widget=\"availability\" data-gyg-variant=\"horizontal\" data-gyg-partner-id=\"0LXQSML\" data-gyg-cmp=\"montenegrowidget1\"><\/div>\n\n<p>\u00a0<\/p>\n\n<h3 class=\"wp-block-heading\" id=\"jour1\">Tag 1 &#8211; Podgorica? -&gt; Shkodra-See  <\/h3>\n\n<p>Nachdem wir am fr\u00fchen Nachmittag unser Auto am Flughafen abgeholt hatten, machten wir uns mit den montenegrinischen Stra\u00dfen vertraut, indem wir Podgorica mit dem <strong>Shkodra-See <\/strong>verbanden. Genauer gesagt in die Stadt <strong>Virpazar <\/strong>, um dort die Nacht zu verbringen.<\/p>\n\n<p>Wir nutzten unsere hervorragende Unterkunft, um uns auszuruhen, Tipps f\u00fcr unsere achtt\u00e4gige Reiseroute zu erhalten und unsere ersten montenegrinischen Spezialit\u00e4ten zu testen, die uns von unseren Gastgebern angeboten wurden.<\/p>\n<div class=\"lazyblock-conseils-et-hebergements-1fp3G9 wp-block-lazyblock-conseils-et-hebergements\"><div class=\"conseils-hebergements\"><span class=\"titre-conseils\"><i class=\"fas fa-map-marked-alt\"><\/i>Unterk\u00fcnfte<\/span>\n<p><p><strong>&#x27a1;&#xfe0f;H\u00e9bergement in Virpazar: Die Wohnung Milena<\/strong> ist ger\u00e4umig und funktionell. Das Fr\u00fchst\u00fcck ist inbegriffen. Der Empfang ist sehr freundlich, bei Ihrer Ankunft werden Ihnen landestypische Spezialit\u00e4ten angeboten.<\/p>\n<p>Die Familie bietet auch Ausfl\u00fcge auf dem <strong>Shkodra-See<\/strong> \u00e0 la carte an. Kostenlose Parkpl\u00e4tze vor der Wohnung. Die Wohnung befindet sich in<strong> ruhiger<\/strong> Lage au\u00dferhalb des Dorfes Virpazar.<\/p>\n<p><em>Information und Preise f\u00fcr Milena <strong><a href=\"https:\/\/www.booking.com\/hotel\/me\/apartment-milena-virpazar.en.html?aid=1529171&amp;no_rooms=1&amp;group_adults=1\" target=\"_blank\" rel=\"nofollow noopener\">Ferienwohnung Milena<\/a><\/strong><\/em><\/p><\/p><\/div><\/div>\n<figure class=\"wp-block-gallery has-nested-images columns-default is-cropped wp-block-gallery-2 is-layout-flex wp-block-gallery-is-layout-flex\">\n<figure class=\"wp-block-image size-large\"><img data-recalc-dims=\"1\" data-dominant-color=\"86998b\" data-has-transparency=\"false\" style=\"--dominant-color: #86998b;\" decoding=\"async\" width=\"800\" height=\"535\" data-id=\"2470\" src=\"https:\/\/i0.wp.com\/www.pourquoi-pas-nous.com\/wp-content\/uploads\/2019\/07\/skadar-lake-469973_1920-1-1.jpg?resize=800%2C535&#038;ssl=1\" alt=\"Skadar-See Montenegro\" class=\"wp-image-2470 not-transparent\" title=\"\" srcset=\"https:\/\/i0.wp.com\/www.pourquoi-pas-nous.com\/wp-content\/uploads\/2019\/07\/skadar-lake-469973_1920-1-1-jpg-webp.webp?resize=1200%2C803&amp;ssl=1 1200w, https:\/\/i0.wp.com\/www.pourquoi-pas-nous.com\/wp-content\/uploads\/2019\/07\/skadar-lake-469973_1920-1-1-jpg-webp.webp?resize=400%2C268&amp;ssl=1 400w, https:\/\/i0.wp.com\/www.pourquoi-pas-nous.com\/wp-content\/uploads\/2019\/07\/skadar-lake-469973_1920-1-1-jpg-webp.webp?resize=512%2C343&amp;ssl=1 512w, https:\/\/i0.wp.com\/www.pourquoi-pas-nous.com\/wp-content\/uploads\/2019\/07\/skadar-lake-469973_1920-1-1-jpg-webp.webp?resize=768%2C514&amp;ssl=1 768w, https:\/\/i0.wp.com\/www.pourquoi-pas-nous.com\/wp-content\/uploads\/2019\/07\/skadar-lake-469973_1920-1-1-jpg-webp.webp?w=1530&amp;ssl=1 1530w\" sizes=\"(max-width: 800px) 100vw, 800px\" \/><\/figure>\n<\/figure>\n\n<h3 class=\"wp-block-heading\" id=\"jour2\">Tag 2 &#8211; Virpazar, Shkodra See, Murici Strand -&gt; Ulcinj<\/h3>\n\n<p>Abfahrt gegen 10 Uhr von unserer Unterkunft in <strong>Virpazar <\/strong>in Richtung <strong>Ulcinj<\/strong>. Wir wollten uns f\u00fcr die Verbindung zwischen den beiden St\u00e4dten Zeit lassen.<\/p>\n\n<p>So entschieden wir uns f\u00fcr die Route entlang des <strong>Shkodra-Sees<\/strong>, um die unglaublichen Ausblicke und vor allem ein erfrischendes Bad im See zu genie\u00dfen.<\/p>\n\n<p>Geben Sie dazu die Stadt Donji Murici oder direkt den Strand von Murici<strong>(Plaza<\/strong> Murici) in Ihr GPS-Ger\u00e4t ein. Es ist eine enge und kurvenreiche Bergstra\u00dfe, auf der zwei Autos nicht aneinander vorbeikommen k\u00f6nnen. Sie m\u00fcssen also doppelt so vorsichtig und geduldig sein, damit Sie die sch\u00f6ne Landschaft und den sch\u00f6nen,<strong>fast menschenleeren Strand<\/strong> genie\u00dfen k\u00f6nnen.<\/p>\n\n<p>Nach einem ausgezeichneten Picknick und einem angenehmen Bad machen wir uns wieder auf den Weg Richtung <strong>Ulcinj<\/strong>. 36 Kilometer Bergstra\u00dfe warten auf uns, sowie etwa 20 Kilometer auf der Nationalstra\u00dfe.<\/p>\n<div class=\"lazyblock-conseils-et-hebergements-ZIaRLK wp-block-lazyblock-conseils-et-hebergements\"><div class=\"conseils-hebergements\"><span class=\"titre-conseils\"><i class=\"fas fa-map-marked-alt\"><\/i>Nos conseils et h\u00e9bergements<\/span>\n<p><p><strong>&#x27a1;&#xfe0f;H\u00e9bergement mit Pool in Ulcinj:<\/strong> Die Bungalows des Holiday Park Olive Tree befinden sich in einem Olivenhain. Der Ort ist idyllisch und ideal, um sich zu erholen. Die Aussicht vom Pool ist unglaublich. Der Empfang durch die Gastgeber ist herzlich. Kostenlose Parkpl\u00e4tze. Nacht ab 50\u20ac.<\/p>\n<p><em><a href=\"https:\/\/www.booking.com\/hotel\/me\/olive-tree-glamping-montenegro.en.html?aid=1529171&amp;no_rooms=1&amp;group_adults=1\" target=\"_blank\" rel=\"nofollow noopener\">Informationen und Buchung \u00fcber Booking<\/a><\/em><\/p>\n<p><strong>&#x27a1;&#xfe0f;Restaurants in Ulcinj <\/strong>: Ein Glas mit Meerblick bei Sonnenuntergang in der &#8220; <strong>Sunset beach bar <\/strong>&#8220; (Cocktail 5\u20ac), Fischrestaurant &#8220; <strong>Hari<\/strong> &#8220; (15\u20ac f\u00fcr 300 Gramm gegrillten Fisch), wenn du dich mit dem Kellner anfreundest, bekommst du vielleicht einen Digestif aus Arack geschenkt \ud83d\ude09<\/p><\/p><\/div><\/div>\n<figure class=\"wp-block-image size-large\"><img data-recalc-dims=\"1\" data-dominant-color=\"6098a9\" data-has-transparency=\"false\" style=\"--dominant-color: #6098a9;\" decoding=\"async\" width=\"800\" height=\"534\" src=\"https:\/\/i0.wp.com\/www.pourquoi-pas-nous.com\/wp-content\/uploads\/2019\/07\/377271147.jpg?resize=800%2C534&#038;ssl=1\" alt=\"montenegro\" class=\"wp-image-65696 not-transparent\" title=\"\" srcset=\"https:\/\/i0.wp.com\/www.pourquoi-pas-nous.com\/wp-content\/uploads\/2019\/07\/377271147.jpg?resize=1200%2C801&amp;ssl=1 1200w, https:\/\/i0.wp.com\/www.pourquoi-pas-nous.com\/wp-content\/uploads\/2019\/07\/377271147.jpg?resize=400%2C267&amp;ssl=1 400w, https:\/\/i0.wp.com\/www.pourquoi-pas-nous.com\/wp-content\/uploads\/2019\/07\/377271147.jpg?w=1280&amp;ssl=1 1280w\" sizes=\"(max-width: 800px) 100vw, 800px\" \/><\/figure>\n\n<h3 class=\"wp-block-heading\" id=\"jour3\">3. Tag &#8211; Ulcinj: Long Beach \/ Velika Plaza + Besuch der Altstadt<\/h3>\n\n<p>Nachdem wir am Vormittag den angenehmen Pool mit Aussicht des Hotels genossen hatten, machten wir uns auf den Weg nach <strong>Long beach \/ Velika plaza<\/strong>.<\/p>\n\n<p>Dieser Strand mit aschfahlem Sand ist sehr angenehm einige Abschnitte sind nicht \u00fcberlaufen. Um die Menschenmassen zu vermeiden, folgten wir dem Rat unseres Hotels und gingen so weit wie m\u00f6glich nach Osten.<\/p>\n\n<p>Dieser <strong>Strandabschnitt war fast menschenleer<\/strong>, denn wie wir vor Ort erfuhren, ist er f\u00fcr Kitesurfer reserviert. Infolgedessen wurde das Baden in diesem Bereich verboten, sodass wir wieder zur\u00fcckkehrten&#8230;<\/p>\n\n<p>Fragen Sie Ihre Unterkunft vor der Abreise unbedingt nach dem zum Baden zug\u00e4nglichen Teil. Nutzen Sie Ihren Aufenthalt in <strong>Ulcinj <\/strong>, um bei Sonnenuntergang durch die Altstadt zu schlendern.<\/p>\n\n<figure class=\"wp-block-gallery has-nested-images columns-default is-cropped wp-block-gallery-3 is-layout-flex wp-block-gallery-is-layout-flex\">\n<figure class=\"wp-block-image size-large\"><img data-recalc-dims=\"1\" data-dominant-color=\"94908e\" data-has-transparency=\"false\" style=\"--dominant-color: #94908e;\" loading=\"lazy\" decoding=\"async\" width=\"800\" height=\"533\" data-id=\"65679\" src=\"https:\/\/i0.wp.com\/www.pourquoi-pas-nous.com\/wp-content\/uploads\/2025\/04\/bsq_3jwaki8.jpg?resize=800%2C533&#038;ssl=1\" alt=\"montenegro\" class=\"wp-image-65679 not-transparent\" title=\"\" srcset=\"https:\/\/i0.wp.com\/www.pourquoi-pas-nous.com\/wp-content\/uploads\/2025\/04\/bsq_3jwaki8.jpg?resize=1200%2C800&amp;ssl=1 1200w, https:\/\/i0.wp.com\/www.pourquoi-pas-nous.com\/wp-content\/uploads\/2025\/04\/bsq_3jwaki8.jpg?resize=400%2C267&amp;ssl=1 400w, https:\/\/i0.wp.com\/www.pourquoi-pas-nous.com\/wp-content\/uploads\/2025\/04\/bsq_3jwaki8.jpg?w=1800&amp;ssl=1 1800w, https:\/\/i0.wp.com\/www.pourquoi-pas-nous.com\/wp-content\/uploads\/2025\/04\/bsq_3jwaki8.jpg?w=1600&amp;ssl=1 1600w\" sizes=\"(max-width: 800px) 100vw, 800px\" \/><\/figure>\n<\/figure>\n\n<h3 class=\"wp-block-heading\" id=\"jour4\">Tag 4 &#8211; Ulcinj -&gt; Budva, Mogren Beach + Besuch der Altstadt<\/h3>\n\n<p>Nach einer guten Stunde Fahrt erreichten wir die <a href=\"https:\/\/www.pourquoi-pas-nous.com\/de\/besuch-budva-auf-montenegro\/\">befestigte Stadt <strong>Budva<\/strong><\/a>. Unser Hotel befand sich im Herzen der Stadt, einem Gebiet, das mit dem Auto nur schwer zu erreichen ist. Wir stellten unseren Skoda auf einem kostenlosen Parkplatz ab, der sich einen Kilometer vom Hotel entfernt befand.<\/p>\n\n<p>Wir empfehlen Ihnen die sch\u00f6ne Bucht mit kristallklarem Wasser, die Sie von <strong>Budva<\/strong> aus in wenigen Minuten <strong>zu Fu\u00df<\/strong> erreichen k\u00f6nnen: <strong>Mogren Strand<\/strong>.<\/p>\n\n<p>Nachdem wir den <strong>Sonnenuntergang<\/strong> genossen hatten, gingen wir im Herzen der Stadtmauern zum Abendessen. Die Altstadt ist sehr sch\u00f6n, allerdings ist es eine sehr touristische Stadt, wir haben Kotor vorgezogen, da es authentischer ist.<\/p>\n<div class=\"lazyblock-conseils-et-hebergements-C1qdg wp-block-lazyblock-conseils-et-hebergements\"><div class=\"conseils-hebergements\"><span class=\"titre-conseils\"><i class=\"fas fa-map-marked-alt\"><\/i>Nos conseils et h\u00e9bergements<\/span>\n<p><p><strong>&#x27a1;&#xfe0f;Notre Herzschlag in Budva<\/strong>: <a href=\"https:\/\/www.booking.com\/hotel\/me\/astoria.fr.html?aid=1529171&amp;no_rooms=1&amp;group_adults=1\" target=\"_blank\" rel=\"noreferrer noopener\">Hotel Astoria<\/a>, eine sch\u00f6ne Adresse im Herzen der Altstadt. Der Strand von Mogren ist zu Fu\u00df in nur wenigen Minuten erreichbar. Kostenlose Parkpl\u00e4tze in 1 km Entfernung.<\/p><\/p><\/div><\/div>\n<figure class=\"wp-block-gallery has-nested-images columns-default is-cropped wp-block-gallery-4 is-layout-flex wp-block-gallery-is-layout-flex\">\n<figure class=\"wp-block-image size-large\"><a href=\"https:\/\/www.booking.com\/hotel\/me\/astoria.fr.html?aid=1529171&amp;no_rooms=1&amp;group_adults=1\" target=\"_blank\" rel=\"noopener\"><img data-recalc-dims=\"1\" data-dominant-color=\"5a5d63\" data-has-transparency=\"false\" style=\"--dominant-color: #5a5d63;\" loading=\"lazy\" decoding=\"async\" width=\"800\" height=\"533\" data-id=\"52704\" src=\"https:\/\/i0.wp.com\/www.pourquoi-pas-nous.com\/wp-content\/uploads\/2024\/01\/32672213-1200x800.webp?resize=800%2C533&#038;ssl=1\" alt=\"Hotel budva montenegro\" class=\"wp-image-52704 not-transparent\" title=\"\" srcset=\"https:\/\/i0.wp.com\/www.pourquoi-pas-nous.com\/wp-content\/uploads\/2024\/01\/32672213-jpg-webp.webp?resize=1200%2C800&amp;ssl=1 1200w, https:\/\/i0.wp.com\/www.pourquoi-pas-nous.com\/wp-content\/uploads\/2024\/01\/32672213-jpg-webp.webp?resize=400%2C267&amp;ssl=1 400w, https:\/\/i0.wp.com\/www.pourquoi-pas-nous.com\/wp-content\/uploads\/2024\/01\/32672213-jpg-webp.webp?w=1280&amp;ssl=1 1280w\" sizes=\"(max-width: 800px) 100vw, 800px\" \/><\/a><\/figure>\n\n\n\n<figure class=\"wp-block-image size-large\"><a href=\"https:\/\/www.booking.com\/hotel\/me\/astoria.fr.html?aid=1529171&amp;no_rooms=1&amp;group_adults=1\" target=\"_blank\" rel=\"noopener\"><img data-recalc-dims=\"1\" data-dominant-color=\"73777d\" data-has-transparency=\"false\" style=\"--dominant-color: #73777d;\" loading=\"lazy\" decoding=\"async\" width=\"800\" height=\"531\" data-id=\"52709\" src=\"https:\/\/i0.wp.com\/www.pourquoi-pas-nous.com\/wp-content\/uploads\/2024\/01\/262010422-1200x797.webp?resize=800%2C531&#038;ssl=1\" alt=\"Hotel budva montenegro\" class=\"wp-image-52709 not-transparent\" title=\"\" srcset=\"https:\/\/i0.wp.com\/www.pourquoi-pas-nous.com\/wp-content\/uploads\/2024\/01\/262010422-jpg-webp.webp?resize=1200%2C797&amp;ssl=1 1200w, https:\/\/i0.wp.com\/www.pourquoi-pas-nous.com\/wp-content\/uploads\/2024\/01\/262010422-jpg-webp.webp?resize=400%2C266&amp;ssl=1 400w, https:\/\/i0.wp.com\/www.pourquoi-pas-nous.com\/wp-content\/uploads\/2024\/01\/262010422-jpg-webp.webp?w=1280&amp;ssl=1 1280w\" sizes=\"(max-width: 800px) 100vw, 800px\" \/><\/a><\/figure>\n<\/figure>\n\n<figure class=\"wp-block-gallery has-nested-images columns-default is-cropped wp-block-gallery-5 is-layout-flex wp-block-gallery-is-layout-flex\">\n<figure class=\"wp-block-image size-large\"><img data-recalc-dims=\"1\" data-dominant-color=\"547276\" data-has-transparency=\"false\" style=\"--dominant-color: #547276;\" loading=\"lazy\" decoding=\"async\" width=\"800\" height=\"533\" data-id=\"65669\" src=\"https:\/\/i0.wp.com\/www.pourquoi-pas-nous.com\/wp-content\/uploads\/2025\/04\/b_e5k7b3mzq.jpg?resize=800%2C533&#038;ssl=1\" alt=\"montenegro\" class=\"wp-image-65669 not-transparent\" title=\"\" srcset=\"https:\/\/i0.wp.com\/www.pourquoi-pas-nous.com\/wp-content\/uploads\/2025\/04\/b_e5k7b3mzq.jpg?resize=1200%2C800&amp;ssl=1 1200w, https:\/\/i0.wp.com\/www.pourquoi-pas-nous.com\/wp-content\/uploads\/2025\/04\/b_e5k7b3mzq.jpg?resize=400%2C267&amp;ssl=1 400w, https:\/\/i0.wp.com\/www.pourquoi-pas-nous.com\/wp-content\/uploads\/2025\/04\/b_e5k7b3mzq.jpg?w=1800&amp;ssl=1 1800w, https:\/\/i0.wp.com\/www.pourquoi-pas-nous.com\/wp-content\/uploads\/2025\/04\/b_e5k7b3mzq.jpg?w=1600&amp;ssl=1 1600w\" sizes=\"(max-width: 800px) 100vw, 800px\" \/><\/figure>\n<\/figure>\n\n<h3 class=\"wp-block-heading\" id=\"jour5\">Tag 5 &#8211; Budva -&gt; Kotor, Strand Kotor beach + Besuch der Altstadt<\/h3>\n\n<p>Die <strong>Buchten von Kotor<\/strong> waren f\u00fcr uns ein echtes Highlight. Die Stadt geh\u00f6rt zum<strong>UNESCO-Weltkulturerbe<\/strong>. Da es nur etwa 30 Minuten von <strong>Budva<\/strong> entfernt liegt, hatten wir den ganzen Tag Zeit, diesen magischen Ort zu genie\u00dfen.<\/p>\n\n<p>Zahlreiche Buchten s\u00e4umen die Bucht. Den Nachmittag verbrachten wir am <strong>Kotor Beach<\/strong>, der von der Altstadt aus zu Fu\u00df erreichbar ist. Das Wasser ist klar und erfrischend, vor der Kulisse der sch\u00f6nen Berge des Fjords von Kotor. Liegest\u00fchle und Sonnenschirme sind f\u00fcr 5\u20ac erh\u00e4ltlich.<\/p>\n\n<p>Am Abend schlenderten wir durch die Gassen der Vorstadt, um die vielen Kirchen und kleinen Pl\u00e4tze zu bestaunen, von denen einer sch\u00f6ner als der andere war. An manchen Sommerabenden k\u00f6nnen Sie kostenlose Konzerte genie\u00dfen. Wir liebten unsere <a href=\"https:\/\/www.pourquoi-pas-nous.com\/de\/besuch-kotor-montenegro\/\">Tour durch Kotor und seine M\u00fcndungen<\/a>.<\/p>\n<div class=\"lazyblock-conseils-et-hebergements-1LiG98 wp-block-lazyblock-conseils-et-hebergements\"><div class=\"conseils-hebergements\"><span class=\"titre-conseils\"><i class=\"fas fa-map-marked-alt\"><\/i>Unsere Tipps Aktivit\u00e4t und Unterk\u00fcnfte<\/span>\n<p><p><strong>&#x27a1;&#xfe0f;H\u00e9bergement in Kotor: <\/strong>Apartement Magic Sea View, die Wohnung ist voll ausgestattet und sehr sauber mit einer unglaublichen Terrasse, die einen Blick auf die herrliche Bucht von Kotor bietet. Es liegt nur wenige Minuten von der Altstadt entfernt und in der N\u00e4he einer sch\u00f6nen Bucht. Wir haben unseren Aufenthalt sehr genossen. Wir h\u00e4tten noch eine Nacht l\u00e4nger bleiben m\u00fcssen, um den Ort und die Unterkunft voll auszunutzen. Kostenlose, sichere Parkpl\u00e4tze vor Ort.  <\/p>\n<p><em>Informationen und Kalender f\u00fcr das<a href=\"https:\/\/www.booking.com\/hotel\/me\/magic-sea-view.en.html?aid=1529171&amp;no_rooms=1&amp;group_adults=2\" target=\"_blank\" rel=\"nofollow noopener\">Apartement Magic Sea View<\/a><\/em><\/p>\n<p><strong>&#x2764;&#xfe0f; Erkunden Sie die Bucht von Kotor mit dem Boot<\/strong>: Wenn Sie einen <strong>anderen Blick auf die Bucht und ihre Klippen<\/strong> haben m\u00f6chten, empfehlen wir Ihnen, eine ca. 3-st\u00fcndige <a href=\"https:\/\/www.getyourguide.fr\/kotor-l32202\/kotor-visite-de-notre-dame-du-rocher-mamula-grotte-bleue-t126542\/?partner_id=0LXQSML&amp;utm_medium=online_publisher&amp;placement=content-middle&amp;cmp=kotorbateau\" target=\"_blank\" rel=\"noopener\">Bootstour<\/a> zu <strong>buchen<\/strong>, die Sie zu <strong>verschiedenen H\u00f6hlen in der Umgebung<\/strong> f\u00fchrt.<\/p>\n<p><strong>&#x27a1;&#xfe0f;Restaurant in Kotor:<\/strong> <strong>Pr\u017eun<\/strong>, die Fischgerichte sind ausgezeichnet!<\/p><\/p><\/div><\/div>\n<div data-gyg-href=\"https:\/\/widget.getyourguide.com\/default\/availability.frame\" data-gyg-tour-id=\"126542\" data-gyg-locale-code=\"fr-FR\" data-gyg-currency=\"EUR\" data-gyg-widget=\"availability\" data-gyg-variant=\"horizontal\" data-gyg-partner-id=\"0LXQSML\" data-gyg-cmp=\"montenegrowidget2\"><\/div>\n\n<figure class=\"wp-block-gallery has-nested-images columns-default is-cropped wp-block-gallery-6 is-layout-flex wp-block-gallery-is-layout-flex\">\n<figure class=\"wp-block-image size-large\"><a href=\"https:\/\/www.booking.com\/hotel\/me\/magic-sea-view.en.html?aid=1529171&amp;no_rooms=1&amp;group_adults=2\" target=\"_blank\" rel=\"noopener\"><img data-recalc-dims=\"1\" data-dominant-color=\"8e725b\" data-has-transparency=\"false\" style=\"--dominant-color: #8e725b;\" loading=\"lazy\" decoding=\"async\" width=\"800\" height=\"520\" data-id=\"4397\" src=\"https:\/\/i0.wp.com\/www.pourquoi-pas-nous.com\/wp-content\/uploads\/2022\/02\/144934064.jpg?resize=800%2C520&#038;ssl=1\" alt=\"kotor montenegro hotel\" class=\"wp-image-4397 not-transparent\" title=\"\" srcset=\"https:\/\/i0.wp.com\/www.pourquoi-pas-nous.com\/wp-content\/uploads\/2022\/02\/144934064-jpg-webp.webp?resize=1200%2C780&amp;ssl=1 1200w, https:\/\/i0.wp.com\/www.pourquoi-pas-nous.com\/wp-content\/uploads\/2022\/02\/144934064-jpg-webp.webp?resize=400%2C260&amp;ssl=1 400w, https:\/\/i0.wp.com\/www.pourquoi-pas-nous.com\/wp-content\/uploads\/2022\/02\/144934064-jpg-webp.webp?resize=512%2C333&amp;ssl=1 512w, https:\/\/i0.wp.com\/www.pourquoi-pas-nous.com\/wp-content\/uploads\/2022\/02\/144934064-jpg-webp.webp?resize=768%2C499&amp;ssl=1 768w, https:\/\/i0.wp.com\/www.pourquoi-pas-nous.com\/wp-content\/uploads\/2022\/02\/144934064-jpg-webp.webp?w=1280&amp;ssl=1 1280w\" sizes=\"(max-width: 800px) 100vw, 800px\" \/><\/a><figcaption class=\"wp-element-caption\"> <p><a href=\"https:\/\/www.booking.com\/hotel\/me\/magic-sea-view.en.html?aid=1529171&amp;no_rooms=1&amp;group_adults=2\" target=\"_blank\" rel=\"noreferrer noopener\">Apartement Magic Sea View<\/a><\/p><\/figcaption><\/figure>\n<\/figure>\n\n<figure class=\"wp-block-image size-large\"><img data-recalc-dims=\"1\" height=\"600\" width=\"800\" data-dominant-color=\"706056\" data-has-transparency=\"false\" style=\"--dominant-color: #706056;\" decoding=\"async\" src=\"https:\/\/i0.wp.com\/www.pourquoi-pas-nous.com\/wp-content\/uploads\/2019\/07\/kotor-821058_1920-1.webp?resize=800%2C600&#038;ssl=1\" alt=\"Kotor Montenegro\" class=\"wp-image-2472 not-transparent\" title=\"\"><\/figure>\n\n<h3 class=\"wp-block-heading\" id=\"jour6\">Tag 6 &#8211; Kotor -&gt; Durmitor Nationalpark<\/h3>\n\n<p>Nach einer Fahrt \u00fcber Haarnadelkurvenstra\u00dfen mit herrlichen Ausblicken auf die <strong>Bucht von Kotor<\/strong> kamen wir in <strong>Zabljak<\/strong> an, einer Stadt am Rande des <strong>Durmitor-Nationalparks<\/strong>.<\/p>\n\n<p>Rechnen Sie mit einer Fahrzeit von etwa 3,5-4 Stunden. Kleine Entfernungen k\u00f6nnen in Montenegro viel l\u00e4nger dauern als erwartet. Wir genossen die K\u00fchle und die angenehme Atmosph\u00e4re in diesem Skiort.<\/p>\n<div class=\"lazyblock-conseils-et-hebergements-Z1W9dOd wp-block-lazyblock-conseils-et-hebergements\"><div class=\"conseils-hebergements\"><span class=\"titre-conseils\"><i class=\"fas fa-map-marked-alt\"><\/i>Nos conseils et h\u00e9bergements<\/span>\n<p><p><strong>&#x27a1;&#xfe0f;Le bestes Preis-\/Leistungsverh\u00e4ltnis<\/strong> <strong>:<\/strong> <a class=\"rank-math-link\" href=\"https:\/\/www.booking.com\/hotel\/me\/chalets-podgorom.en.html?aid=1529171&amp;no_rooms=1&amp;group_adults=1\" target=\"_blank\" rel=\"noreferrer noopener\" aria-label=\"Eco camp chalets pod gorom, (opens in a new tab)\">\n  <strong>Eco camp chalets pod goro<\/strong>\n<\/a><strong>\n  <a class=\"rank-math-link\" href=\"https:\/\/www.booking.com\/hotel\/me\/chalets-podgorom.en.html?aid=1529171&amp;no_rooms=1&amp;group_adults=1\" target=\"_blank\" rel=\"noreferrer noopener\" aria-label=\"Eco camp chalets pod gorom, (opens in a new tab)\">m<\/a>\n<\/strong><a class=\"rank-math-link\" href=\"https:\/\/www.booking.com\/hotel\/me\/chalets-podgorom.en.html?aid=1529171&amp;no_rooms=1&amp;group_adults=1\" target=\"_blank\" rel=\"noreferrer noopener\" aria-label=\"Eco camp chalets pod gorom, (opens in a new tab)\">Die<\/a> Holzh\u00fctten befinden sich in einer ruhigen Gegend inmitten der Natur in<strong> Durmitor \/ Zabljak<\/strong>. Die ganze Familie ist liebenswert, Tatjana spricht sehr gut Englisch und kann Ihnen ausgezeichnete Tipps geben. Bitte beachten Sie, dass die Sanit\u00e4ranlagen gemeinschaftlich genutzt werden, was aber absolut nicht st\u00f6rend ist, wenn man bedenkt, dass sie sehr sauber sind. Kostenlose Parkpl\u00e4tze auf dem Gel\u00e4nde.<\/p><\/p><\/div><\/div>\n<figure class=\"wp-block-gallery has-nested-images columns-default is-cropped wp-block-gallery-7 is-layout-flex wp-block-gallery-is-layout-flex\">\n<figure class=\"wp-block-image size-large\"><a href=\"https:\/\/www.booking.com\/hotel\/me\/chalets-podgorom.en.html?aid=1529171&amp;no_rooms=1&amp;group_adults=1\" target=\"_blank\" rel=\"noopener\"><img data-recalc-dims=\"1\" data-dominant-color=\"5c654d\" data-has-transparency=\"false\" style=\"--dominant-color: #5c654d;\" loading=\"lazy\" decoding=\"async\" width=\"800\" height=\"533\" data-id=\"4383\" src=\"https:\/\/i0.wp.com\/www.pourquoi-pas-nous.com\/wp-content\/uploads\/2022\/02\/147055934.webp?resize=800%2C533&#038;ssl=1\" alt=\"Eco camp chalets pod gorom Durmitor \/ Zabljak\" class=\"wp-image-4383 not-transparent\" title=\"\" srcset=\"https:\/\/i0.wp.com\/www.pourquoi-pas-nous.com\/wp-content\/uploads\/2022\/02\/147055934.jpg?resize=1200%2C800&amp;ssl=1 1200w, https:\/\/i0.wp.com\/www.pourquoi-pas-nous.com\/wp-content\/uploads\/2022\/02\/147055934.jpg?resize=400%2C267&amp;ssl=1 400w, https:\/\/i0.wp.com\/www.pourquoi-pas-nous.com\/wp-content\/uploads\/2022\/02\/147055934.jpg?resize=512%2C341&amp;ssl=1 512w, https:\/\/i0.wp.com\/www.pourquoi-pas-nous.com\/wp-content\/uploads\/2022\/02\/147055934.jpg?resize=768%2C512&amp;ssl=1 768w, https:\/\/i0.wp.com\/www.pourquoi-pas-nous.com\/wp-content\/uploads\/2022\/02\/147055934.jpg?w=1280&amp;ssl=1 1280w\" sizes=\"(max-width: 800px) 100vw, 800px\" \/><\/a><figcaption class=\"wp-element-caption\"> <p><a aria-label=\"Eco camp chalets pod gorom, (opens in a new tab)\" class=\"rank-math-link\" rel=\"noreferrer noopener\" href=\"https:\/\/www.booking.com\/hotel\/me\/chalets-podgorom.en.html?aid=1529171&amp;no_rooms=1&amp;group_adults=1\" target=\"_blank\">\n  <strong>Eco camp chalets pod goro<\/strong>\n<\/a><strong>\n  <a aria-label=\"Eco camp chalets pod gorom, (opens in a new tab)\" class=\"rank-math-link\" rel=\"noreferrer noopener\" href=\"https:\/\/www.booking.com\/hotel\/me\/chalets-podgorom.en.html?aid=1529171&amp;no_rooms=1&amp;group_adults=1\" target=\"_blank\">m<\/a>\n<\/strong><a aria-label=\"Eco camp chalets pod gorom, (opens in a new tab)\" class=\"rank-math-link\" rel=\"noreferrer noopener\" href=\"https:\/\/www.booking.com\/hotel\/me\/chalets-podgorom.en.html?aid=1529171&amp;no_rooms=1&amp;group_adults=1\" target=\"_blank\">,<\/a><\/p><\/figcaption><\/figure>\n<\/figure>\n\n<h3 class=\"wp-block-heading\" id=\"jour7\">7. Tag &#8211; Durmitor-Nationalpark, Black-Lack-Wanderung &#8222;Crno Jezero&#8220; in Podgorica<\/h3>\n\n<p>Nachdem wir die k\u00fchle Nacht genossen hatten, fuhren wir zum <strong>Schwarzen See<\/strong> &#8220; <strong>Crno Jezero<\/strong> &#8222;, der 2 km von der Stadt entfernt liegt, und machten eine kleine Wanderung (Eintritt in den Park 3\u20ac).<\/p>\n\n<p>Trotz des schlechten Wetters war die 7 km lange Wanderung um den See sehr angenehm, da sie sich mitten im Wald und am Seeufer abwechselte. Das Wasser hat eine smaragdblaue Farbe, bewundern Sie die Berge, die sich darin spiegeln.<\/p>\n\n<p>Das Restaurant am See bietet sehr gute Forellen an, zu denen man ein gutes lokales Bier trinken kann. Anschlie\u00dfend fuhren wir wieder nach <strong>Podgorica<\/strong>.<\/p>\n\n<figure class=\"wp-block-image size-large\"><img data-recalc-dims=\"1\" height=\"564\" width=\"800\" data-dominant-color=\"4d696f\" data-has-transparency=\"false\" style=\"--dominant-color: #4d696f;\" decoding=\"async\" src=\"https:\/\/i0.wp.com\/www.pourquoi-pas-nous.com\/wp-content\/uploads\/2019\/07\/nature-3229520_1920-1.webp?resize=800%2C564&#038;ssl=1\" alt=\"Durmitor-Nationalpark, Black-Lack-Wanderung &quot;Crno Jezero&quot;.\" class=\"wp-image-2473 not-transparent\" title=\"\"><\/figure>\n\n<h3 class=\"wp-block-heading\" id=\"jour8\">Tag 8 &#8211; Podgorica<\/h3>\n\n<p>Nachdem wir den Pool unserer Unterkunft<strong> genossen<\/strong> hatten, fuhren wir zum Flughafen, um unseren Skoda abzugeben und unser Flugzeug nach Paris zu nehmen.<\/p>\n\n<figure class=\"wp-block-image size-large\"><img data-recalc-dims=\"1\" height=\"600\" width=\"800\" data-dominant-color=\"738484\" data-has-transparency=\"false\" style=\"--dominant-color: #738484;\" decoding=\"async\" src=\"https:\/\/i0.wp.com\/www.pourquoi-pas-nous.com\/wp-content\/uploads\/2019\/07\/couv-2.webp?resize=800%2C600&#038;ssl=1\" alt=\"Montenegro\" class=\"wp-image-2460 not-transparent\" title=\"\"><\/figure>\n\n<h2 class=\"wp-block-heading\">Wo kann man w\u00e4hrend seines Aufenthalts in Montenegro unterkommen?<\/h2>\n\n<h3 class=\"wp-block-heading\">3 Unterk\u00fcnfte mit einem guten Preis-Leistungs-Verh\u00e4ltnis  <\/h3>\n<div class=\"lazyblock-conseils-et-hebergements-Z1j7CzE wp-block-lazyblock-conseils-et-hebergements\"><div class=\"conseils-hebergements\"><span class=\"titre-conseils\"><i class=\"fas fa-map-marked-alt\"><\/i>Unsere Top 3 Unterk\u00fcnfte<\/span>\n<p><p>1. <strong>Unser Favor<\/strong> it <strong>mit Pool <\/strong>: <a class=\"rank-math-link\" href=\"https:\/\/www.booking.com\/hotel\/me\/olive-tree-glamping-montenegro.en.html?aid=1529171&amp;no_rooms=1&amp;group_adults=1\" target=\"_blank\" rel=\"noreferrer noopener\">Die Bungalows des Holiday Park Olive Tree<\/a> in Ulcinj an der K\u00fcste<\/p><p>2. <strong>Mit Aussicht<\/strong>: <a class=\"rank-math-link\" href=\"https:\/\/www.booking.com\/hotel\/me\/apartments-castello.en.html?aid=1529171&amp;no_rooms=1&amp;group_adults=1\" target=\"_blank\" rel=\"noreferrer noopener\"><\/a> Apartement<a href=\"https:\/\/www.booking.com\/hotel\/me\/magic-sea-view.en.html?aid=1529171&amp;no_rooms=1&amp;group_adults=2\" target=\"_blank\" rel=\"noreferrer noopener\">Magic Sea View<\/a> in Kotor an der K\u00fcste<\/p><p>3. <strong>Das beste Preis-Leistungs-Verh\u00e4ltnis<\/strong>: <a aria-label=\" (opens in a new tab)\" class=\"rank-math-link\" href=\"https:\/\/www.booking.com\/hotel\/me\/chalets-podgorom.en.html?aid=1529171&amp;no_rooms=1&amp;group_adults=1\" target=\"_blank\" rel=\"noreferrer noopener\">Eco camp chalets Podgorom<\/a> in Durmitor \/ Zabljak in den Bergen<\/p><\/p><\/div><\/div>\n<figure class=\"wp-block-image aligncenter size-large\"><img data-recalc-dims=\"1\" data-dominant-color=\"56694a\" data-has-transparency=\"false\" style=\"--dominant-color: #56694a;\" loading=\"lazy\" decoding=\"async\" width=\"800\" height=\"533\" src=\"https:\/\/i0.wp.com\/www.pourquoi-pas-nous.com\/wp-content\/uploads\/2022\/02\/151594013-1200x800.webp?resize=800%2C533&#038;ssl=1\" alt=\"Eco camp chalets pod gorom Durmitor \/ Zabljak\" class=\"wp-image-4384 not-transparent\" title=\"\" srcset=\"https:\/\/i0.wp.com\/www.pourquoi-pas-nous.com\/wp-content\/uploads\/2022\/02\/151594013.jpg?resize=1200%2C800&amp;ssl=1 1200w, https:\/\/i0.wp.com\/www.pourquoi-pas-nous.com\/wp-content\/uploads\/2022\/02\/151594013.jpg?resize=400%2C267&amp;ssl=1 400w, https:\/\/i0.wp.com\/www.pourquoi-pas-nous.com\/wp-content\/uploads\/2022\/02\/151594013.jpg?resize=512%2C341&amp;ssl=1 512w, https:\/\/i0.wp.com\/www.pourquoi-pas-nous.com\/wp-content\/uploads\/2022\/02\/151594013.jpg?resize=768%2C512&amp;ssl=1 768w, https:\/\/i0.wp.com\/www.pourquoi-pas-nous.com\/wp-content\/uploads\/2022\/02\/151594013.jpg?w=1280&amp;ssl=1 1280w\" sizes=\"(max-width: 800px) 100vw, 800px\" \/><figcaption class=\"wp-element-caption\">  Die wundersch\u00f6nen Chalets des<p><a aria-label=\"  (opens in a new tab)\" class=\"rank-math-link\" rel=\"noreferrer noopener\" href=\"https:\/\/www.booking.com\/hotel\/me\/chalets-podgorom.en.html?aid=1529171&amp;no_rooms=1&amp;group_adults=1\" target=\"_blank\">Eco camp chalets Podgorom<\/a><\/p><\/figcaption><\/figure>\n<div class=\"lazyblock-bouton-18vQ0c wp-block-lazyblock-bouton\"><a href=\"\thttps:\/\/www.booking.com\/searchresults.en.html?region=6070&amp;aid=1529171&amp;no_rooms=1&amp;group_adults=1\" target=\"_blank\" rel=\"nofollow\" rel=\"sponsored\"><button>Am besten bewertete Unterk\u00fcnfte in Montenegro<\/button><\/a><\/div>\n<h2 class=\"wp-block-heading\">Praktische Informationen (Flug + Reisen)<\/h2>\n\n<h3 class=\"wp-block-heading\">Wie komme ich nach Montenegro (Flugzeug)?  <\/h3>\n\n<p>Der internationale Flughafen befindet sich in <strong>Podgorica<\/strong> (der Hauptstadt).  <\/p>\n\n<p>Von Frankreich aus k\u00f6nnen Sie Fl\u00fcge ab <strong>90\u20ac<\/strong> finden.<\/p>\n\n<p>Wir empfehlen Ihnen, einen Flugaggregator zu verwenden, um die Preise der verschiedenen Fluggesellschaften zu vergleichen und Ihren Flug zum g\u00fcnstigsten Preis zu finden.<\/p>\n\n<p>Beachten Sie, dass die<strong> Billigfl\u00fcge <\/strong>nicht jeden Tag zu diesem Ziel abfliegen. Es lohnt sich also, die Reisedaten zu \u00e4ndern und, wenn m\u00f6glich, einen zus\u00e4tzlichen Urlaubstag zu nehmen, um einen wirklich g\u00fcnstigen Preis zu bekommen.  <\/p>\n\n<p><br\/>Es gibt auch nur sehr wenige <strong>Direktfl\u00fcge<\/strong>, sodass Sie sicherlich einen kleinen Zwischenstopp einlegen m\u00fcssen.<\/p>\n\n<h3 class=\"wp-block-heading\">  Wie bewegt man sich fort (mit dem Auto)?  <\/h3>\n\n<p>Um mehr Freiheit zu haben, entschieden wir uns f\u00fcr einen <a href=\"https:\/\/www.discovercars.com\/fr\/montenegro\/podgorica\/tgd?a_aid=PourquoiPasNous\" data-type=\"link\" data-id=\"https:\/\/www.discovercars.com\/fr\/montenegro\/podgorica\/tgd?a_aid=PourquoiPasNous\" target=\"_blank\" rel=\"noopener\">Mietwagen<\/a>, den wir am Flughafen von <strong>Podgorica<\/strong> abholten und abgaben.<\/p>\n\n<p>In Montenegro gibt es <strong>keine Autobahnen<\/strong>. Sie fahren auf der Nationalstra\u00dfe oder auf kurvigen Bergstra\u00dfen. So k\u00f6nnen kurze Strecken viel l\u00e4nger dauern als erwartet, Sie werden im Durchschnitt <strong>40-50 km<\/strong> pro Stunde fahren. Bewaffne dich mit Geduld, denn diese Freiheit wird dir unvergessliche Ausblicke bieten!<\/p>\n<div class=\"lazyblock-conseils-et-hebergements-60wxf wp-block-lazyblock-conseils-et-hebergements\"><div class=\"conseils-hebergements\"><span class=\"titre-conseils\"><i class=\"fas fa-map-marked-alt\"><\/i>Unsere Tipps f\u00fcr den Transport<\/span>\n<p><p>F\u00fcr Preisvergleiche empfehlen wir Ihnen den <a href=\"https:\/\/www.discovercars.com\/fr\/montenegro\/podgorica\/tgd?a_aid=PourquoiPasNous\" target=\"_blank\" rel=\"noopener\">Discovercars<\/a> Preisvergleich. Um Ihnen eine Vorstellung von den Preisen zu geben: Mitten im Juli fanden wir ein Auto f\u00fcr <strong>33 \u20ac pro Tag<\/strong>, wenn wir einige Wochen im Voraus buchten.<\/p>\n<p>Der Autovermieter <strong>Alamo<\/strong> bot den g\u00fcnstigsten Preis an. Es gibt keine Agentur am Flughafen. Ein Mitarbeiter wird bei der Ankunft und beim Abflug Ihres Fluges auf Sie warten. Unser Auto hatte bereits einige Kratzer, die wir bei der Bestandsaufnahme auf dem Vertrag gut vermerkt haben.<br><br><b>Wir empfehlen Ihnen, <\/b><strong>die<\/strong> <strong><a href=\"https:\/\/www.discovercars.com\/fr\/montenegro\/podgorica\/tgd?a_aid=PourquoiPasNous\" target=\"_blank\" rel=\"noreferrer noopener\" data-type=\"link\" data-id=\"https:\/\/www.discovercars.com\/fr\/portugal\/faro\/fao?a_aid=PourquoiPasNous\" data-modified-href=\"https:\/\/www.discovercars.com\/fr\/portugal\/faro\/fao?a_aid=PourquoiPasNous\">DiscoverCars Vollkaskoversicherung<\/a><\/strong> (ca. 8 \u20ac pro Tag online, oft teurer am Schalter). mag wie eine zus\u00e4tzliche Geb\u00fchr zum Zeitpunkt der Buchung erscheinen (manchmal ist sie h\u00f6her als der Mietpreis), aber es ist vor allem eine M\u00f6glichkeit, beruhigt zu reisen. Ein einfacher Schlag auf die Windschutzscheibe oder ein kleiner Blechschaden kann schnell teuer werden, und solche Kleinigkeiten k\u00f6nnen eine Reise verderben.<\/p><\/p><\/div><\/div>\n<blockquote class=\"wp-block-quote is-layout-flow wp-block-quote-is-layout-flow\">\n<p class=\"has-text-align-center\">&#x1f697; <a href=\"https:\/\/www.discovercars.com\/fr\/montenegro\/podgorica\/tgd?a_aid=PourquoiPasNous\" data-type=\"link\" data-id=\"https:\/\/www.discovercars.com\/fr\/montenegro\/podgorica\/tgd?a_aid=PourquoiPasNous\" target=\"_blank\" rel=\"noopener\">Vergleichen Sie die Preise f\u00fcr Mietwagen am Flughafen Podgorica<\/a><\/p>\n<\/blockquote>\n\n<p>Eine Reise auf den Balkan kann einige \u00dcberraschungen mit sich bringen, daher ist es besser, gut vorbereitet zu sein! Wir erkl\u00e4ren Ihnen alles in unserem Artikel \u00fcber Reiseversicherungen + <a href=\"https:\/\/www.pourquoi-pas-nous.com\/de\/chapka-versicherung\/\" target=\"_blank\" data-type=\"link\" data-id=\"https:\/\/www.pourquoi-pas-nous.com\/chapka-assurance\/\" rel=\"noreferrer noopener\">5% Gutscheincode f\u00fcr Chapka<\/a>. <\/p>\n\n<p>Montenegro ist schon vorbei!<\/p>\n\n<p>Nachdem wir von der Adriak\u00fcste mit ihren <strong>sch\u00f6nen <\/strong>Str\u00e4nden und <strong>malerischen D\u00f6rfern<\/strong> verzaubert worden waren, gefiel uns auch das Landesinnere sehr gut. Die Berge des Durmitor-Nationalparks haben uns erobert. Wir sch\u00e4tzten auch die gro\u00dfe Freundlichkeit der Montenegriner. Es ist ein Land, das wir gerne wieder entdecken m\u00f6chten!<\/p>\n\n<p>Gute Reise durch den Balkan! Z\u00f6gern Sie nicht, uns eine <strong>kurze Nachricht<\/strong> oder <strong>5 Sterne<\/strong> unten zu hinterlassen, um uns mitzuteilen, ob Sie diese Reise planen, stellen Sie alle Ihre Fragen, hier oder auf <a href=\"https:\/\/www.instagram.com\/pourquoipasnous_voyage\/\" target=\"_blank\" rel=\"noreferrer noopener\">Instagram<\/a>, wir werden Ihnen mit gro\u00dfem Vergn\u00fcgen antworten.  <\/p>\n<div style='text-align:right' class='yasr-auto-insert-visitor'><\/div>","protected":false},"excerpt":{"rendered":"<p>Montenegro ist ein Balkanland, das vom Tourismus relativ unber\u00fchrt ist. Im Landesinneren gibt es wundersch\u00f6ne Nationalparks inmitten der montenegrinischen Berge. Es ist ein Land, in dem man sehr gut und preisg\u00fcnstig essen kann. F\u00fcr EU-B\u00fcrger reicht ein g\u00fcltiger Personalausweis oder Reisepass (mindestens 6 Monate g\u00fcltig) f\u00fcr einen touristischen Aufenthalt in Montenegro aus. Ein Visum ist [&hellip;]<\/p>\n","protected":false},"author":2,"featured_media":65686,"comment_status":"open","ping_status":"open","sticky":false,"template":"","format":"image","meta":{"_acf_changed":false,"_wp_convertkit_post_meta":{"form":"-1","landing_page":"0","tag":"0","restrict_content":"0"},"jetpack_post_was_ever_published":true,"yasr_overall_rating":0,"yasr_post_is_review":"","yasr_auto_insert_disabled":"","yasr_review_type":"","_jetpack_newsletter_access":"","_jetpack_dont_email_post_to_subs":false,"_jetpack_newsletter_tier_id":0,"_jetpack_memberships_contains_paywalled_content":false,"_jetpack_memberships_contains_paid_content":false,"footnotes":""},"categories":[174,162],"tags":[],"class_list":["post-21190","post","type-post","status-publish","format-image","has-post-thumbnail","hentry","category-montenegro","category-reisefuhrer","post_format-post-format-image"],"acf":[],"_wp_attached_file":null,"_wp_attachment_image_alt":null,"rank_math_primary_category":"55","rank_math_title":"Besichtigung von Montenegro: Unsere ideale Reiseroute in %currentyear%.","rank_math_description":"Entdecken Sie unsere ideale Reiseroute durch Montenegro und gehen Sie auf Entdeckungsreise zu den verborgenen Sch\u00e4tzen dieses wundersch\u00f6nen Landes.","rank_math_focus_keyword":"montenegro besuchen,besuch montenegro","yasr_visitor_votes":{"stars_attributes":{"read_only":false,"span_bottom":false},"number_of_votes":0,"sum_votes":0},"jetpack_featured_media_url":"https:\/\/i0.wp.com\/www.pourquoi-pas-nous.com\/wp-content\/uploads\/2025\/04\/camei7myvzo.jpg?fit=1800%2C1200&ssl=1","jetpack_sharing_enabled":true,"_links":{"self":[{"href":"https:\/\/www.pourquoi-pas-nous.com\/de\/wp-json\/wp\/v2\/posts\/21190","targetHints":{"allow":["GET"]}}],"collection":[{"href":"https:\/\/www.pourquoi-pas-nous.com\/de\/wp-json\/wp\/v2\/posts"}],"about":[{"href":"https:\/\/www.pourquoi-pas-nous.com\/de\/wp-json\/wp\/v2\/types\/post"}],"author":[{"embeddable":true,"href":"https:\/\/www.pourquoi-pas-nous.com\/de\/wp-json\/wp\/v2\/users\/2"}],"replies":[{"embeddable":true,"href":"https:\/\/www.pourquoi-pas-nous.com\/de\/wp-json\/wp\/v2\/comments?post=21190"}],"version-history":[{"count":45,"href":"https:\/\/www.pourquoi-pas-nous.com\/de\/wp-json\/wp\/v2\/posts\/21190\/revisions"}],"predecessor-version":[{"id":79749,"href":"https:\/\/www.pourquoi-pas-nous.com\/de\/wp-json\/wp\/v2\/posts\/21190\/revisions\/79749"}],"wp:featuredmedia":[{"embeddable":true,"href":"https:\/\/www.pourquoi-pas-nous.com\/de\/wp-json\/wp\/v2\/media\/65686"}],"wp:attachment":[{"href":"https:\/\/www.pourquoi-pas-nous.com\/de\/wp-json\/wp\/v2\/media?parent=21190"}],"wp:term":[{"taxonomy":"category","embeddable":true,"href":"https:\/\/www.pourquoi-pas-nous.com\/de\/wp-json\/wp\/v2\/categories?post=21190"},{"taxonomy":"post_tag","embeddable":true,"href":"https:\/\/www.pourquoi-pas-nous.com\/de\/wp-json\/wp\/v2\/tags?post=21190"}],"curies":[{"name":"wp","href":"https:\/\/api.w.org\/{rel}","templated":true}]}}