{"id":58979,"date":"2024-04-30T14:22:01","date_gmt":"2024-04-30T12:22:01","guid":{"rendered":"https:\/\/www.pourquoi-pas-nous.com\/digital-nomad-matthieu\/"},"modified":"2025-12-14T16:02:29","modified_gmt":"2025-12-14T14:02:29","slug":"digital-nomad","status":"publish","type":"post","link":"https:\/\/www.pourquoi-pas-nous.com\/de\/digital-nomad\/","title":{"rendered":"Ein typischer Tag auf einer Reise als digitaler Nomade"},"content":{"rendered":"\n<p>Es ist eine Frage, die in den <strong>sozialen Netzwerken<\/strong> h\u00e4ufig gestellt wird: Was ist das Geheimnis unserer Organisation, gleichzeitig zu <strong>arbeiten und zu reisen<\/strong>?<\/p>\n\n<p>Es ist nicht jeden Tag einfach, gen\u00fcgend Zeit f\u00fcr die<strong>Arbeit<\/strong> zu finden.<\/p>\n\n<p>Wir haben versucht, Ihnen unsere <strong>Organisation als Familie <\/strong>an einem typischen Tag vorzustellen, um Ihnen einige Tipps zu geben, wie Sie Reisen und Arbeit kombinieren k\u00f6nnen und somit ein digitaler Nomade werden!<\/p>\n\n<figure class=\"wp-block-gallery has-nested-images columns-default is-cropped wp-block-gallery-2 is-layout-flex wp-block-gallery-is-layout-flex\">\n<figure class=\"wp-block-image size-large\"><img data-recalc-dims=\"1\" fetchpriority=\"high\" decoding=\"async\" width=\"800\" height=\"379\" data-id=\"58913\" src=\"https:\/\/i0.wp.com\/www.pourquoi-pas-nous.com\/wp-content\/uploads\/2024\/04\/20220919_180450-1.jpg?resize=800%2C379&#038;ssl=1\" alt=\"digital nomad matthieu\" class=\"wp-image-58913\" title=\"\" srcset=\"https:\/\/i0.wp.com\/www.pourquoi-pas-nous.com\/wp-content\/uploads\/2024\/04\/20220919_180450-1-scaled.jpg?resize=1200%2C568&amp;ssl=1 1200w, https:\/\/i0.wp.com\/www.pourquoi-pas-nous.com\/wp-content\/uploads\/2024\/04\/20220919_180450-1-scaled.jpg?resize=400%2C189&amp;ssl=1 400w, https:\/\/i0.wp.com\/www.pourquoi-pas-nous.com\/wp-content\/uploads\/2024\/04\/20220919_180450-1-scaled.jpg?w=2048&amp;ssl=1 2048w, https:\/\/i0.wp.com\/www.pourquoi-pas-nous.com\/wp-content\/uploads\/2024\/04\/20220919_180450-1-scaled.jpg?w=1600&amp;ssl=1 1600w\" sizes=\"(max-width: 800px) 100vw, 800px\" \/><figcaption class=\"wp-element-caption\">Am Strand in der Bretagne<\/figcaption><\/figure>\n<\/figure>\n\n<h2 class=\"wp-block-heading\">Seit wann sind wir digitale (Halb-)Nomaden?<\/h2>\n\n<p>Wir werden uns zun\u00e4chst kurz vorstellen, um Ihnen eine Vorstellung davon zu geben, wer wir sind und wie unsere Geschichte als digitale Nomaden aussieht.<\/p>\n\n<p>Wir haben 2016 eine erste einj\u00e4hrige <a href=\"https:\/\/www.pourquoi-pas-nous.com\/de\/plan-kurzurlaub-um-die-welt-unsere-technik\/\" data-type=\"post\" data-id=\"2885\">Weltreise<\/a> gemacht, die wir mit unseren Ersparnissen finanziert haben.<\/p>\n\n<p>Matthieu ist seit 2019 als SEO-Freelancer selbst\u00e4ndig und ich selbst bin seit Juni 2021 selbst\u00e4ndig und k\u00fcmmere mich um unsere digitalen Aktivit\u00e4ten im Zusammenhang mit unserem <strong>Reiseblog<\/strong>. Wir haben auch ein <strong>kurzfristiges Mietwohnungsgesch\u00e4ft, <\/strong>wir haben die Beziehung mit den Reisenden (Antworten auf Nachrichten, Anrufe&#8230;) bis M\u00e4rz 2023 verwaltet. Alle unsere Aktivit\u00e4ten sind heute digital, so dass wir nach Lust und Laune reisen k\u00f6nnen.<\/p>\n\n<p>Unsere Tochter wurde im Jahr 2020 geboren. Wir haben damit mehrere lange Reisen unternommen, <strong>auf<\/strong> denen wir gleichzeitig reisten und arbeiteten:<\/p>\n\n<ul class=\"wp-block-list\">\n<li>2021-2022: <a href=\"https:\/\/www.pourquoi-pas-nous.com\/de\/europe-camping-car\/\">10 Monate in S\u00fcdeuropa<\/a><\/li>\n\n\n\n<li>2023: 4 Monate in <a href=\"https:\/\/www.pourquoi-pas-nous.com\/de\/road-trip-scandinavien\/\" data-type=\"post\" data-id=\"27431\">Nordeuropa<\/a> <\/li>\n\n\n\n<li>2024: 2 Monate in England + Schottland sind in Vorbereitung.<\/li>\n\n\n\n<li>Mehrere Wochen Urlaub in Frankreich, einschlie\u00dflich der <a href=\"https:\/\/www.pourquoi-pas-nous.com\/de\/bretagne-im-wohnmobil\/\">Bretagne<\/a>, der nord\u00f6stlichen Region und der Region um Lyon.<\/li>\n<\/ul>\n\n<p>Wir bezeichnen uns selbst als <strong>Halbnomaden<\/strong>, da wir zwischen jeder langen Reise nach Frankreich zur\u00fcckkehren. Wir haben in Bordeaux gelebt und jetzt auf der<a href=\"https:\/\/www.pourquoi-pas-nous.com\/de\/ile-oleron\/\" data-type=\"post\" data-id=\"5825\">Insel Ol\u00e9ron<\/a>, wo wir unser Basislager errichten m\u00f6chten. Wir stellen unsere Aktivit\u00e4ten nicht ein, wenn wir in den Urlaub fahren.<\/p>\n\n<p>Bisher mussten wir uns nicht mit dem Familienunterricht befassen, da unsere Tochter auf unseren langen Reisen noch nicht eingeschult war.<\/p>\n\n<figure class=\"wp-block-gallery has-nested-images columns-default is-cropped wp-block-gallery-3 is-layout-flex wp-block-gallery-is-layout-flex\">\n<figure class=\"wp-block-image size-large\"><img data-recalc-dims=\"1\" data-dominant-color=\"5d5e5d\" data-has-transparency=\"false\" style=\"--dominant-color: #5d5e5d;\" decoding=\"async\" width=\"800\" height=\"603\" data-id=\"50478\" src=\"https:\/\/i0.wp.com\/www.pourquoi-pas-nous.com\/wp-content\/uploads\/2024\/01\/PXL_20230630_185135033-1200x904.webp?resize=800%2C603&#038;ssl=1\" alt=\"\" class=\"wp-image-50478 not-transparent\" title=\"\" srcset=\"https:\/\/i0.wp.com\/www.pourquoi-pas-nous.com\/wp-content\/uploads\/2024\/01\/PXL_20230630_185135033-scaled.webp?resize=1200%2C904&amp;ssl=1 1200w, https:\/\/i0.wp.com\/www.pourquoi-pas-nous.com\/wp-content\/uploads\/2024\/01\/PXL_20230630_185135033-scaled.webp?resize=400%2C301&amp;ssl=1 400w, https:\/\/i0.wp.com\/www.pourquoi-pas-nous.com\/wp-content\/uploads\/2024\/01\/PXL_20230630_185135033-scaled.webp?resize=512%2C386&amp;ssl=1 512w, https:\/\/i0.wp.com\/www.pourquoi-pas-nous.com\/wp-content\/uploads\/2024\/01\/PXL_20230630_185135033-scaled.webp?resize=768%2C578&amp;ssl=1 768w, https:\/\/i0.wp.com\/www.pourquoi-pas-nous.com\/wp-content\/uploads\/2024\/01\/PXL_20230630_185135033-scaled.webp?resize=1536%2C1157&amp;ssl=1 1536w, https:\/\/i0.wp.com\/www.pourquoi-pas-nous.com\/wp-content\/uploads\/2024\/01\/PXL_20230630_185135033-scaled.webp?w=2048&amp;ssl=1 2048w, https:\/\/i0.wp.com\/www.pourquoi-pas-nous.com\/wp-content\/uploads\/2024\/01\/PXL_20230630_185135033-scaled.webp?w=1600&amp;ssl=1 1600w\" sizes=\"(max-width: 800px) 100vw, 800px\" \/><\/figure>\n<\/figure>\n\n<h2 class=\"wp-block-heading\">Unser Tempo auf Reisen<\/h2>\n\n<p>Wir m\u00fcssen jonglieren zwischen Zeit zum Arbeiten, Zeit, um unser Familienleben und das Wohnmobil zu managen (wir verbringen viel Zeit mit Aufr\u00e4umen, wenn wir zu dritt auf 10 m2 leben), Kochen&#8230; und wir versuchen, Zeit f\u00fcr uns selbst zu haben, aber ehrlich gesagt, wenn wir mehrere Monate unterwegs sind, bleibt dieser letzte Punkt eindeutig auf der Strecke.<\/p>\n\n<p>Auf Reisen ist unsere L\u00f6sung, um mit unseren beruflichen Projekten voranzukommen, dass wir <strong>jeden<\/strong> Tag arbeiten, an manchen Tagen nur eine Stunde und an anderen Tagen mehrere Stunden, wobei wir uns gut organisieren.  <\/p>\n\n<p>Ideal sind mindestens <strong>20-25 Stunden Computerarbeit<\/strong> pro Woche f\u00fcr die Arbeit an unseren verschiedenen Websites Pourquoi Pas Nous, <a href=\"https:\/\/www.passion-copenhague.fr\/\" target=\"_blank\" data-type=\"link\" data-id=\"https:\/\/www.passion-copenhague.fr\/\" rel=\"noreferrer noopener\">Passion Copenhagen<\/a> und <a href=\"\/www.passion-amsterdam.fr\" target=\"_blank\" data-type=\"link\" data-id=\"\/www.passion-amsterdam.fr\" rel=\"noreferrer noopener\">Passion Amsterdam<\/a>.<\/p>\n\n<p>Beachten Sie auch, dass <strong>wir die folgenden Zeiten nicht mit<\/strong> gerechnet haben (die uns etwa 2 Stunden pro Tag kosten):<\/p>\n\n<ul class=\"wp-block-list\">\n<li>Aufnahme von<strong> Fotos<\/strong> f\u00fcr unsere Inhalte<\/li>\n\n\n\n<li><strong>Notizen<\/strong> machen, um unsere Inhalte zu verfassen (wir notieren die Preise von Aktivit\u00e4ten, Mautgeb\u00fchren, Namen von Restaurants, Parkpl\u00e4tzen&#8230;).<\/li>\n\n\n\n<li>Ver\u00f6ffentlichungen in den <strong>sozialen Netzwerken<\/strong>, um die ich mich k\u00fcmmere, wenn Matthieu f\u00e4hrt.<\/li>\n<\/ul>\n\n<p>Wir arbeiten mehr, wenn wir sesshaft sind.<\/p>\n\n<figure class=\"wp-block-gallery has-nested-images columns-default is-cropped wp-block-gallery-4 is-layout-flex wp-block-gallery-is-layout-flex\">\n<figure class=\"wp-block-image size-large\"><img data-recalc-dims=\"1\" decoding=\"async\" width=\"800\" height=\"1063\" data-id=\"58938\" src=\"https:\/\/i0.wp.com\/www.pourquoi-pas-nous.com\/wp-content\/uploads\/2024\/04\/PXL_20240223_174902107.jpg?resize=800%2C1063&#038;ssl=1\" alt=\"Digitale Nomadin\" class=\"wp-image-58938\" title=\"\" srcset=\"https:\/\/i0.wp.com\/www.pourquoi-pas-nous.com\/wp-content\/uploads\/2024\/04\/PXL_20240223_174902107-scaled.jpg?resize=1200%2C1594&amp;ssl=1 1200w, https:\/\/i0.wp.com\/www.pourquoi-pas-nous.com\/wp-content\/uploads\/2024\/04\/PXL_20240223_174902107-scaled.jpg?resize=400%2C531&amp;ssl=1 400w, https:\/\/i0.wp.com\/www.pourquoi-pas-nous.com\/wp-content\/uploads\/2024\/04\/PXL_20240223_174902107-scaled.jpg?w=1542&amp;ssl=1 1542w\" sizes=\"(max-width: 800px) 100vw, 800px\" \/><figcaption class=\"wp-element-caption\">B\u00fcro in Martinique<\/figcaption><\/figure>\n\n\n\n<figure class=\"wp-block-image size-large\"><img data-recalc-dims=\"1\" loading=\"lazy\" decoding=\"async\" width=\"800\" height=\"1063\" data-id=\"58928\" src=\"https:\/\/i0.wp.com\/www.pourquoi-pas-nous.com\/wp-content\/uploads\/2024\/04\/PXL_20240221_154441349.jpg?resize=800%2C1063&#038;ssl=1\" alt=\"Digitale Nomadin\" class=\"wp-image-58928\" title=\"\" srcset=\"https:\/\/i0.wp.com\/www.pourquoi-pas-nous.com\/wp-content\/uploads\/2024\/04\/PXL_20240221_154441349-scaled.jpg?resize=1200%2C1594&amp;ssl=1 1200w, https:\/\/i0.wp.com\/www.pourquoi-pas-nous.com\/wp-content\/uploads\/2024\/04\/PXL_20240221_154441349-scaled.jpg?resize=400%2C531&amp;ssl=1 400w, https:\/\/i0.wp.com\/www.pourquoi-pas-nous.com\/wp-content\/uploads\/2024\/04\/PXL_20240221_154441349-scaled.jpg?w=1542&amp;ssl=1 1542w\" sizes=\"(max-width: 800px) 100vw, 800px\" \/><\/figure>\n<\/figure>\n\n<h2 class=\"wp-block-heading\">Ein typischer Tag auf Reisen  <\/h2>\n\n<p>Wir haben versucht, Ihnen einen <strong>idealen Tagesablauf f\u00fcr eine Reise<\/strong> zu pr\u00e4sentieren, aber nicht jeder Tag ist gleich. An manchen Tagen fahren wir den ganzen Tag, an anderen ruhen wir uns aus&#8230;.<\/p>\n\n<p>Insgesamt versuchen wir, <strong>diese Art von Organisation<\/strong> zu haben, um unsere beruflichen Aktivit\u00e4ten in Ruhe vorantreiben zu k\u00f6nnen. Wir geben Ihnen hier ein Beispiel f\u00fcr einen Tag im Gel\u00e4ndewagen, wir halten diesen Rhythmus auch ein, wenn wir mit dem Rucksack unterwegs sind.<\/p>\n\n<p class=\"has-medium-font-size\">Morgens<\/p>\n\n<figure class=\"wp-block-table is-style-stripes\"><table class=\"has-fixed-layout\"><tbody><tr><td class=\"has-text-align-center\" data-align=\"center\"><strong>Uhrzeit<\/strong><\/td><td><strong>Flecken<\/strong><\/td><\/tr><tr><td class=\"has-text-align-center\" data-align=\"center\">8h<\/td><td>Wecker<\/td><\/tr><tr><td class=\"has-text-align-center\" data-align=\"center\">8h-9h<\/td><td>&#8211; 1 Erwachsener k\u00fcmmert sich um das Fr\u00fchst\u00fcck \/ Aufr\u00e4umen des Fahrzeugs<br \/>&#8211; 1 Erwachsener arbeitet.<\/td><\/tr><tr><td class=\"has-text-align-center\" data-align=\"center\">9h<\/td><td>Familienaktivit\u00e4t<br \/><br \/><em>An manchen Morgen machen wir nichts Besonderes, dann arbeitet ein Erwachsener, w\u00e4hrend der andere mit unserer Tochter auf dem Spielplatz ist.<\/em><\/td><\/tr><tr><td class=\"has-text-align-center\" data-align=\"center\">12h30<\/td><td>Mahlzeit<\/td><\/tr><\/tbody><\/table><\/figure>\n\n<figure class=\"wp-block-gallery has-nested-images columns-default is-cropped wp-block-gallery-5 is-layout-flex wp-block-gallery-is-layout-flex\">\n<figure class=\"wp-block-image size-large\"><img data-recalc-dims=\"1\" loading=\"lazy\" decoding=\"async\" width=\"800\" height=\"379\" data-id=\"58882\" src=\"https:\/\/i0.wp.com\/www.pourquoi-pas-nous.com\/wp-content\/uploads\/2024\/04\/20210930_143955.jpg?resize=800%2C379&#038;ssl=1\" alt=\"\" class=\"wp-image-58882\" title=\"\" srcset=\"https:\/\/i0.wp.com\/www.pourquoi-pas-nous.com\/wp-content\/uploads\/2024\/04\/20210930_143955-scaled.jpg?resize=1200%2C568&amp;ssl=1 1200w, https:\/\/i0.wp.com\/www.pourquoi-pas-nous.com\/wp-content\/uploads\/2024\/04\/20210930_143955-scaled.jpg?resize=400%2C189&amp;ssl=1 400w, https:\/\/i0.wp.com\/www.pourquoi-pas-nous.com\/wp-content\/uploads\/2024\/04\/20210930_143955-scaled.jpg?w=2048&amp;ssl=1 2048w, https:\/\/i0.wp.com\/www.pourquoi-pas-nous.com\/wp-content\/uploads\/2024\/04\/20210930_143955-scaled.jpg?w=1600&amp;ssl=1 1600w\" sizes=\"(max-width: 800px) 100vw, 800px\" \/><figcaption class=\"wp-element-caption\">Callcenter in Griechenland<\/figcaption><\/figure>\n<\/figure>\n\n<figure class=\"wp-block-table is-style-stripes\"><table class=\"has-fixed-layout\"><tbody><tr><td class=\"has-text-align-center\" data-align=\"center\">Uhrzeit<\/td><td><strong>Flecken<\/strong><\/td><\/tr><tr><td class=\"has-text-align-center\" data-align=\"center\">14:00 &#8211; 16:00 Uhr<\/td><td>Siesta oder ruhige Zeit f\u00fcr unsere Tochter<br \/>Arbeit f\u00fcr uns<br \/><br \/><em>Wenn wir mehr als 1,5 Stunden Fahrt vor uns haben, fahren wir in diesem Zeitfenster.<\/em><\/td><\/tr><tr><td class=\"has-text-align-center\" data-align=\"center\">16:00 &#8211; 18:30 Uhr<\/td><td>Stra\u00dfe + Eink\u00e4ufe + Dienstleistungen, ggf. Entleerung von Grau- und Schwarzwasser<br \/><br \/><em>Normalerweise fahren wir nur jeden zweiten oder dritten Tag, so dass wir diese Zeit nutzen, um entweder etwas mit der Familie zu unternehmen, zu arbeiten oder Zeit f\u00fcr sich selbst zu haben.<\/em><\/td><\/tr><tr><td class=\"has-text-align-center\" data-align=\"center\">18.30-20.00 Uhr  <\/td><td>&#8211; Zubereitung der Mahlzeiten (Abendessen und Mittagessen) <br \/>&#8211; Duschen<br \/>&#8211; Vorbereitung des n\u00e4chsten Tages und des Tagesgep\u00e4cks<\/td><\/tr><tr><td class=\"has-text-align-center\" data-align=\"center\">20:00 &#8211; 22:00 Uhr<\/td><td>Session Arbeit f\u00fcr uns<\/td><\/tr><\/tbody><\/table><\/figure>\n\n<p>Wir haben <strong>einen Anstieg unserer Produktivit\u00e4t auf Reisen <\/strong>festgestellt, weil wir einfach keine andere Wahl haben, wenn wir weiterhin digitale Nomaden sein wollen.  <\/p>\n\n<p>Ein letzter Punkt ist, dass wir in der Regel m\u00fcde nach Hause kommen, da das Tempo hoch ist.<\/p>\n\n<p>Dies ist nat\u00fcrlich nur ein <strong>theoretischer Zeitplan<\/strong>, der sich je nach Land und Begegnungen \u00e4ndert. W\u00e4hrend unserer 10-monatigen Tour durch Europa hielten wir <strong>einen Monat lang in Bansko in<\/strong> einem Coworking Space an.<\/p>\n\n<figure class=\"wp-block-gallery has-nested-images columns-default is-cropped wp-block-gallery-6 is-layout-flex wp-block-gallery-is-layout-flex\">\n<figure class=\"wp-block-image size-large\"><img data-recalc-dims=\"1\" loading=\"lazy\" decoding=\"async\" width=\"800\" height=\"498\" data-id=\"58903\" src=\"https:\/\/i0.wp.com\/www.pourquoi-pas-nous.com\/wp-content\/uploads\/2024\/04\/20210831_114311-1.jpg?resize=800%2C498&#038;ssl=1\" alt=\"digital nomad matthieu\" class=\"wp-image-58903\" title=\"\" srcset=\"https:\/\/i0.wp.com\/www.pourquoi-pas-nous.com\/wp-content\/uploads\/2024\/04\/20210831_114311-1-scaled.jpg?resize=1200%2C747&amp;ssl=1 1200w, https:\/\/i0.wp.com\/www.pourquoi-pas-nous.com\/wp-content\/uploads\/2024\/04\/20210831_114311-1-scaled.jpg?resize=400%2C249&amp;ssl=1 400w, https:\/\/i0.wp.com\/www.pourquoi-pas-nous.com\/wp-content\/uploads\/2024\/04\/20210831_114311-1-scaled.jpg?w=2048&amp;ssl=1 2048w, https:\/\/i0.wp.com\/www.pourquoi-pas-nous.com\/wp-content\/uploads\/2024\/04\/20210831_114311-1-scaled.jpg?w=1600&amp;ssl=1 1600w\" sizes=\"(max-width: 800px) 100vw, 800px\" \/><figcaption class=\"wp-element-caption\">Arbeiten mit der Familie im Wohnmobil<\/figcaption><\/figure>\n<\/figure>\n\n<h2 class=\"wp-block-heading\">Unsere L\u00f6sungen f\u00fcr gleichzeitiges Arbeiten und Reisen<\/h2>\n\n<ul class=\"wp-block-list\">\n<li>Wir taten dies einmal in Bansko, Bulgarien, wo wir uns erholten<strong>und<\/strong> produktiv arbeiten konnten, da alles so organisiert ist, dass man unter guten Bedingungen arbeiten kann. Lesen Sie unsere Erfahrungen in unserem Artikel Rundreise durch Europa.<br \/><\/li>\n\n\n\n<li><strong>Optimierung der Fahrzeiten<\/strong>: Einer f\u00e4hrt, der andere arbeitet, wenn Sie nicht krank im Auto sitzen, ist dies eine gro\u00dfartige M\u00f6glichkeit, Zeit zu sparen.<br \/><\/li>\n\n\n\n<li>Versuchen Sie, <strong>die verschiedenen Aufgaben des Alltags<\/strong> so gut wie m\u00f6glich untereinander <strong>aufzuteilen<\/strong>, damit nicht zwei Erwachsene mit den allt\u00e4glichen Aufgaben besch\u00e4ftigt sind.  <br \/><br \/>Zum Beispiel erledige ich die <strong>Eink\u00e4ufe mit unserer Tochter<\/strong>, so dass Matthieu in der Zwischenzeit eine Stunde lang arbeiten kann. Matthieu k\u00fcmmert sich um die Dienstleistungen, so dass ich Zeit habe, mich um andere Aufgaben zu k\u00fcmmern.<br \/><\/li>\n\n\n\n<li><strong>Ein angenehmes und leicht einzurichtendes Arbeitsumfeld haben<\/strong>, um schnell in Aktion treten zu k\u00f6nnen.  <br \/><\/li>\n\n\n\n<li>Lassen Sie sich an <strong>einem bequemen Ort<\/strong> nieder, nicht am Strand auf einem Campingstuhl wie Matthieu. Wir fotografieren haupts\u00e4chlich im Freien, da dies <a href=\"https:\/\/www.instagram.com\/pourquoipasnous_voyage\/\" target=\"_blank\" rel=\"noopener\">instagrammbarer<\/a> ist, aber in Wirklichkeit arbeiten wir 99% der Zeit in Innenr\u00e4umen.<\/li>\n<\/ul>\n\n<figure class=\"wp-block-gallery has-nested-images columns-default is-cropped wp-block-gallery-7 is-layout-flex wp-block-gallery-is-layout-flex\">\n<figure class=\"wp-block-image size-large\"><img data-recalc-dims=\"1\" loading=\"lazy\" decoding=\"async\" width=\"800\" height=\"1063\" data-id=\"58923\" src=\"https:\/\/i0.wp.com\/www.pourquoi-pas-nous.com\/wp-content\/uploads\/2024\/04\/PXL_20231005_072102110.jpg?resize=800%2C1063&#038;ssl=1\" alt=\"Digitale Nomadin\" class=\"wp-image-58923\" title=\"\" srcset=\"https:\/\/i0.wp.com\/www.pourquoi-pas-nous.com\/wp-content\/uploads\/2024\/04\/PXL_20231005_072102110-scaled.jpg?resize=1200%2C1594&amp;ssl=1 1200w, https:\/\/i0.wp.com\/www.pourquoi-pas-nous.com\/wp-content\/uploads\/2024\/04\/PXL_20231005_072102110-scaled.jpg?resize=400%2C531&amp;ssl=1 400w, https:\/\/i0.wp.com\/www.pourquoi-pas-nous.com\/wp-content\/uploads\/2024\/04\/PXL_20231005_072102110-scaled.jpg?w=1542&amp;ssl=1 1542w\" sizes=\"(max-width: 800px) 100vw, 800px\" \/><figcaption class=\"wp-element-caption\">Unser Setup  <\/figcaption><\/figure>\n\n\n\n<figure class=\"wp-block-image size-large\"><img data-recalc-dims=\"1\" loading=\"lazy\" decoding=\"async\" width=\"800\" height=\"1063\" data-id=\"58933\" src=\"https:\/\/i0.wp.com\/www.pourquoi-pas-nous.com\/wp-content\/uploads\/2024\/04\/PXL_20240223_174627398.jpg?resize=800%2C1063&#038;ssl=1\" alt=\"Digitale Nomadin\" class=\"wp-image-58933\" title=\"\" srcset=\"https:\/\/i0.wp.com\/www.pourquoi-pas-nous.com\/wp-content\/uploads\/2024\/04\/PXL_20240223_174627398-scaled.jpg?resize=1200%2C1594&amp;ssl=1 1200w, https:\/\/i0.wp.com\/www.pourquoi-pas-nous.com\/wp-content\/uploads\/2024\/04\/PXL_20240223_174627398-scaled.jpg?resize=400%2C531&amp;ssl=1 400w, https:\/\/i0.wp.com\/www.pourquoi-pas-nous.com\/wp-content\/uploads\/2024\/04\/PXL_20240223_174627398-scaled.jpg?w=1542&amp;ssl=1 1542w\" sizes=\"(max-width: 800px) 100vw, 800px\" \/><figcaption class=\"wp-element-caption\">B\u00fcro in Martinique<\/figcaption><\/figure>\n<\/figure>\n\n<p>Wenn Sie weitere Tipps haben, wie Sie \u00fcberall arbeiten k\u00f6nnen, freuen wir uns auf Ihre Ideen. Teilen Sie sie uns in einem Kommentar mit!<\/p>\n\n<p>Z\u00f6gern Sie auf keinen Fall, uns hier oder auf <a href=\"https:\/\/www.instagram.com\/pourquoipasnous_voyage\/\" target=\"_blank\" rel=\"noopener\">Instagram<\/a> alle Ihre Fragen zu stellen.<\/p>\n<div style='text-align:right' class='yasr-auto-insert-visitor'><\/div>","protected":false},"excerpt":{"rendered":"<p>Es ist eine Frage, die in den sozialen Netzwerken h\u00e4ufig gestellt wird: Was ist das Geheimnis unserer Organisation, gleichzeitig zu arbeiten und zu reisen? Es ist nicht jeden Tag einfach, gen\u00fcgend Zeit f\u00fcr dieArbeit zu finden. Wir haben versucht, Ihnen unsere Organisation als Familie an einem typischen Tag vorzustellen, um Ihnen einige Tipps zu geben, [&hellip;]<\/p>\n","protected":false},"author":2,"featured_media":58915,"comment_status":"open","ping_status":"closed","sticky":false,"template":"","format":"standard","meta":{"_acf_changed":false,"_wp_convertkit_post_meta":{"form":"-1","landing_page":"0","tag":"0","restrict_content":"0"},"jetpack_post_was_ever_published":false,"yasr_overall_rating":0,"yasr_post_is_review":"","yasr_auto_insert_disabled":"","yasr_review_type":"","_jetpack_newsletter_access":"","_jetpack_dont_email_post_to_subs":false,"_jetpack_newsletter_tier_id":0,"_jetpack_memberships_contains_paywalled_content":false,"_jetpack_memberships_contains_paid_content":false,"footnotes":""},"categories":[60,55],"tags":[],"class_list":["post-58979","post","type-post","status-publish","format-standard","has-post-thumbnail","hentry","category-pratique-voyage","category-guides-voyage"],"acf":[],"_wp_attached_file":null,"_wp_attachment_image_alt":null,"rank_math_primary_category":"60","rank_math_title":"Ein typischer Tag auf einer Reise als digitaler Nomade","rank_math_description":"Erfahren Sie mehr \u00fcber einen typischen Tag als digitaler Nomade auf Reisen. Tipps und Tricks f\u00fcr digitale Nomaden.","rank_math_focus_keyword":"digital-nomad","yasr_visitor_votes":{"stars_attributes":{"read_only":false,"span_bottom":false},"number_of_votes":0,"sum_votes":0},"jetpack_featured_media_url":"https:\/\/i0.wp.com\/www.pourquoi-pas-nous.com\/wp-content\/uploads\/2024\/04\/20220919_180450-1-scaled.jpg?fit=2048%2C969&ssl=1","jetpack_sharing_enabled":true,"_links":{"self":[{"href":"https:\/\/www.pourquoi-pas-nous.com\/de\/wp-json\/wp\/v2\/posts\/58979","targetHints":{"allow":["GET"]}}],"collection":[{"href":"https:\/\/www.pourquoi-pas-nous.com\/de\/wp-json\/wp\/v2\/posts"}],"about":[{"href":"https:\/\/www.pourquoi-pas-nous.com\/de\/wp-json\/wp\/v2\/types\/post"}],"author":[{"embeddable":true,"href":"https:\/\/www.pourquoi-pas-nous.com\/de\/wp-json\/wp\/v2\/users\/2"}],"replies":[{"embeddable":true,"href":"https:\/\/www.pourquoi-pas-nous.com\/de\/wp-json\/wp\/v2\/comments?post=58979"}],"version-history":[{"count":11,"href":"https:\/\/www.pourquoi-pas-nous.com\/de\/wp-json\/wp\/v2\/posts\/58979\/revisions"}],"predecessor-version":[{"id":66996,"href":"https:\/\/www.pourquoi-pas-nous.com\/de\/wp-json\/wp\/v2\/posts\/58979\/revisions\/66996"}],"wp:featuredmedia":[{"embeddable":true,"href":"https:\/\/www.pourquoi-pas-nous.com\/de\/wp-json\/wp\/v2\/media\/58915"}],"wp:attachment":[{"href":"https:\/\/www.pourquoi-pas-nous.com\/de\/wp-json\/wp\/v2\/media?parent=58979"}],"wp:term":[{"taxonomy":"category","embeddable":true,"href":"https:\/\/www.pourquoi-pas-nous.com\/de\/wp-json\/wp\/v2\/categories?post=58979"},{"taxonomy":"post_tag","embeddable":true,"href":"https:\/\/www.pourquoi-pas-nous.com\/de\/wp-json\/wp\/v2\/tags?post=58979"}],"curies":[{"name":"wp","href":"https:\/\/api.w.org\/{rel}","templated":true}]}}