{"id":60175,"date":"2024-05-14T10:46:42","date_gmt":"2024-05-14T08:46:42","guid":{"rendered":"https:\/\/www.pourquoi-pas-nous.com\/vaeroy-lofoten-norwegen\/"},"modified":"2026-02-03T13:47:05","modified_gmt":"2026-02-03T11:47:05","slug":"vaeroy-iles-lofoten","status":"publish","type":"post","link":"https:\/\/www.pourquoi-pas-nous.com\/de\/vaeroy-iles-lofoten\/","title":{"rendered":"Die Insel Vaer\u00f8y: unser Favorit auf den Lofoten in Norwegen"},"content":{"rendered":"\n<p>Sie fragen sich, was Sie <strong>auf der Insel Vaer\u00f8y <\/strong>in Norwegen <strong>sehen und unternehmen <\/strong>k\u00f6nnen? Wie kommen Sie auf die Insel? Wo Sie mit Ihrem Fahrzeug \u00fcbernachten oder in welchem Hotel<strong> <\/strong>? Hier sind Sie richtig!<\/p>\n\n<p>Wir besuchten diese kleine, <strong>abgelegene Insel<\/strong> am s\u00fcdlichen Ende des Lofoten-Archipels, deren <strong>Landschaft einfach wundersch\u00f6n<\/strong> ist. Dies ist ein Muss, wenn Sie die \u00fcblichen Touristenpfade verlassen m\u00f6chten.<\/p>\n\n<p>Nachfolgend finden Sie die wichtigsten Sehensw\u00fcrdigkeiten, die Sie bei einem Besuch von<strong> <\/strong>auf der Insel Vaer\u00f8y nicht verpassen sollten.<\/p>\n\n<figure class=\"wp-block-gallery has-nested-images columns-default is-cropped wp-block-gallery-2 is-layout-flex wp-block-gallery-is-layout-flex\">\n<figure class=\"wp-block-image size-large\"><img data-recalc-dims=\"1\" data-dominant-color=\"576f7f\" data-has-transparency=\"false\" style=\"--dominant-color: #576f7f;\" fetchpriority=\"high\" decoding=\"async\" width=\"800\" height=\"603\" data-id=\"50438\" src=\"https:\/\/i0.wp.com\/www.pourquoi-pas-nous.com\/wp-content\/uploads\/2024\/01\/PXL_20230626_145313877-1200x904.webp?resize=800%2C603&#038;ssl=1\" alt=\"besuchen vaeroy lofotennorwegen wohnmobil van wandern\" class=\"wp-image-50438 not-transparent\" title=\"\" srcset=\"https:\/\/i0.wp.com\/www.pourquoi-pas-nous.com\/wp-content\/uploads\/2024\/01\/PXL_20230626_145313877-scaled.webp?resize=1200%2C904&amp;ssl=1 1200w, https:\/\/i0.wp.com\/www.pourquoi-pas-nous.com\/wp-content\/uploads\/2024\/01\/PXL_20230626_145313877-scaled.webp?resize=400%2C301&amp;ssl=1 400w, https:\/\/i0.wp.com\/www.pourquoi-pas-nous.com\/wp-content\/uploads\/2024\/01\/PXL_20230626_145313877-scaled.webp?resize=512%2C386&amp;ssl=1 512w, https:\/\/i0.wp.com\/www.pourquoi-pas-nous.com\/wp-content\/uploads\/2024\/01\/PXL_20230626_145313877-scaled.webp?resize=768%2C578&amp;ssl=1 768w, https:\/\/i0.wp.com\/www.pourquoi-pas-nous.com\/wp-content\/uploads\/2024\/01\/PXL_20230626_145313877-scaled.webp?resize=1536%2C1157&amp;ssl=1 1536w, https:\/\/i0.wp.com\/www.pourquoi-pas-nous.com\/wp-content\/uploads\/2024\/01\/PXL_20230626_145313877-scaled.webp?w=2048&amp;ssl=1 2048w, https:\/\/i0.wp.com\/www.pourquoi-pas-nous.com\/wp-content\/uploads\/2024\/01\/PXL_20230626_145313877-scaled.webp?w=1600&amp;ssl=1 1600w\" sizes=\"(max-width: 800px) 100vw, 800px\" \/><\/figure>\n<\/figure>\n\n<h2 class=\"wp-block-heading\">Warum sollten Sie Vaer\u00f8y in Ihren Reiseplan f\u00fcr die Lofoten aufnehmen?<\/h2>\n\n<p>V\u00e6r\u00f8y ist eine <strong>kleine Insel im S\u00fcden des Lofoten-Archipels<\/strong> mit nur einigen hundert Einwohnern. Als wir den Fu\u00df auf diese Insel setzten, hatten wir das Gef\u00fchl, an einen <strong>Ort<\/strong> zu kommen, der <strong>v\u00f6llig vom Rest der Welt isoliert<\/strong> ist.  <\/p>\n\n<p>Hier sind drei Gr\u00fcnde, warum Sie diese kleine Insel in <a href=\"https:\/\/www.pourquoi-pas-nous.com\/de\/besuchen-sie-iles-lofoten\/\" data-type=\"post\" data-id=\"57085\">Ihren Urlaub auf den Lofoten<\/a> einbeziehen sollten:  <\/p>\n\n<ul class=\"wp-block-list\">\n<li>In Bezug auf <span style=\"background-color: rgba(0, 0, 0, 0.2);\"><b>landa<\/b><\/span><strong>Es<\/strong> ist ein <strong>Kompendium der Lofoten<\/strong>, imposante Berge, einsame Str\u00e4nde, kristallklares Wasser&#8230; abseits<strong> der \u00fcblichen Touristenpfade<\/strong>, also ohne die Welt.<\/li>\n\n\n\n<li>Die <strong>F\u00e4hre dorthin ist kostenlos<\/strong>, mehr dazu weiter unten.<\/li>\n\n\n\n<li><strong>1 Tag<\/strong> reicht aus, um die Insel zu erkunden<\/li>\n<\/ul>\n\n<figure class=\"wp-block-gallery has-nested-images columns-default is-cropped wp-block-gallery-3 is-layout-flex wp-block-gallery-is-layout-flex\">\n<figure class=\"wp-block-image size-large\"><img data-recalc-dims=\"1\" data-dominant-color=\"547e92\" data-has-transparency=\"false\" style=\"--dominant-color: #547e92;\" decoding=\"async\" width=\"800\" height=\"603\" data-id=\"57664\" src=\"https:\/\/i0.wp.com\/www.pourquoi-pas-nous.com\/wp-content\/uploads\/2024\/04\/PXL_20230626_132419749-1200x904.webp?resize=800%2C603&#038;ssl=1\" alt=\"vaeroy lofoten norvege\" class=\"wp-image-57664 not-transparent\" title=\"\" srcset=\"https:\/\/i0.wp.com\/www.pourquoi-pas-nous.com\/wp-content\/uploads\/2024\/04\/PXL_20230626_132419749-scaled.webp?resize=1200%2C904&amp;ssl=1 1200w, https:\/\/i0.wp.com\/www.pourquoi-pas-nous.com\/wp-content\/uploads\/2024\/04\/PXL_20230626_132419749-scaled.webp?resize=400%2C301&amp;ssl=1 400w, https:\/\/i0.wp.com\/www.pourquoi-pas-nous.com\/wp-content\/uploads\/2024\/04\/PXL_20230626_132419749-scaled.webp?w=2048&amp;ssl=1 2048w, https:\/\/i0.wp.com\/www.pourquoi-pas-nous.com\/wp-content\/uploads\/2024\/04\/PXL_20230626_132419749-scaled.webp?w=1600&amp;ssl=1 1600w\" sizes=\"(max-width: 800px) 100vw, 800px\" \/><figcaption class=\"wp-element-caption\">Landebahn und wei\u00dfer Sandstrand<\/figcaption><\/figure>\n<\/figure>\n\n<h2 class=\"wp-block-heading\">Was kann man in Vaer\u00f8y unternehmen?<\/h2>\n\n<p>Die Hauptaktivit\u00e4t auf V\u00e6r\u00f8y ist das Wandern!<\/p>\n\n<p class=\"has-medium-font-size\"><strong>Wanderung de Haen<\/strong><\/p>\n\n<p><em>Topographie: 5km AR D+ 600m<\/em><\/p>\n\n<p>Nach einer kurzen Nacht auf dem Parkplatz der F\u00e4hre in Bodo und einigen Stunden \u00dcberfahrt auf der F\u00e4hre kommen wir bei strahlendem Sonnenschein auf der charmanten Insel V\u00e6r\u00f8y an.  <\/p>\n\n<p>Mit unseren Reisefreunden Justine und R\u00e9nald beschlie\u00dfen wir, die <strong>Wanderung nach Haen<\/strong> direkt in Angriff zu nehmen, deren Start nur 4 km vom Hafen entfernt ist. Wenn Sie nicht mit dem Auto unterwegs sind, k\u00f6nnen Sie wie andere Wanderer auch zu Fu\u00df zum Startpunkt gehen.<\/p>\n\n<p>Wie immer in Norwegen ist es einfach, auf einen Berg zu gelangen. Die Steigung war zu steil f\u00fcr unsere Tochter (3 Jahre), so dass Matthieu den Aufstieg mit ihr in der Babytrage beendete.<\/p>\n\n<figure class=\"wp-block-gallery has-nested-images columns-default is-cropped wp-block-gallery-4 is-layout-flex wp-block-gallery-is-layout-flex\">\n<figure class=\"wp-block-image size-large\"><img data-recalc-dims=\"1\" data-dominant-color=\"64674f\" data-has-transparency=\"false\" style=\"--dominant-color: #64674f;\" decoding=\"async\" width=\"800\" height=\"1063\" data-id=\"56871\" src=\"https:\/\/i0.wp.com\/www.pourquoi-pas-nous.com\/wp-content\/uploads\/2024\/04\/PXL_20230626_134539755-1200x1594.webp?resize=800%2C1063&#038;ssl=1\" alt=\"vaeroy lofoten\" class=\"wp-image-56871 not-transparent\" title=\"\" srcset=\"https:\/\/i0.wp.com\/www.pourquoi-pas-nous.com\/wp-content\/uploads\/2024\/04\/PXL_20230626_134539755-scaled.webp?resize=1200%2C1594&amp;ssl=1 1200w, https:\/\/i0.wp.com\/www.pourquoi-pas-nous.com\/wp-content\/uploads\/2024\/04\/PXL_20230626_134539755-scaled.webp?resize=400%2C531&amp;ssl=1 400w, https:\/\/i0.wp.com\/www.pourquoi-pas-nous.com\/wp-content\/uploads\/2024\/04\/PXL_20230626_134539755-scaled.webp?w=1542&amp;ssl=1 1542w\" sizes=\"(max-width: 800px) 100vw, 800px\" \/><figcaption class=\"wp-element-caption\">Wanderweg<\/figcaption><\/figure>\n\n\n\n<figure class=\"wp-block-image size-large\"><img data-recalc-dims=\"1\" data-dominant-color=\"627374\" data-has-transparency=\"false\" style=\"--dominant-color: #627374;\" loading=\"lazy\" decoding=\"async\" width=\"800\" height=\"1063\" data-id=\"56866\" src=\"https:\/\/i0.wp.com\/www.pourquoi-pas-nous.com\/wp-content\/uploads\/2024\/04\/PXL_20230626_133250231-1200x1594.webp?resize=800%2C1063&#038;ssl=1\" alt=\"vaeroy lofoten\" class=\"wp-image-56866 not-transparent\" title=\"\" srcset=\"https:\/\/i0.wp.com\/www.pourquoi-pas-nous.com\/wp-content\/uploads\/2024\/04\/PXL_20230626_133250231-scaled.webp?resize=1200%2C1594&amp;ssl=1 1200w, https:\/\/i0.wp.com\/www.pourquoi-pas-nous.com\/wp-content\/uploads\/2024\/04\/PXL_20230626_133250231-scaled.webp?resize=400%2C531&amp;ssl=1 400w, https:\/\/i0.wp.com\/www.pourquoi-pas-nous.com\/wp-content\/uploads\/2024\/04\/PXL_20230626_133250231-scaled.webp?w=1542&amp;ssl=1 1542w\" sizes=\"(max-width: 800px) 100vw, 800px\" \/><\/figure>\n<\/figure>\n\n<figure class=\"wp-block-gallery has-nested-images columns-default is-cropped wp-block-gallery-5 is-layout-flex wp-block-gallery-is-layout-flex\">\n<figure class=\"wp-block-image size-large\"><img data-recalc-dims=\"1\" loading=\"lazy\" decoding=\"async\" width=\"800\" height=\"603\" data-id=\"60141\" src=\"https:\/\/i0.wp.com\/www.pourquoi-pas-nous.com\/wp-content\/uploads\/2024\/05\/PXL_20230626_141731898.jpg?resize=800%2C603&#038;ssl=1\" alt=\"vaeroy lofoten norwegen\" class=\"wp-image-60141\" title=\"\" srcset=\"https:\/\/i0.wp.com\/www.pourquoi-pas-nous.com\/wp-content\/uploads\/2024\/05\/PXL_20230626_141731898-scaled.jpg?resize=1200%2C904&amp;ssl=1 1200w, https:\/\/i0.wp.com\/www.pourquoi-pas-nous.com\/wp-content\/uploads\/2024\/05\/PXL_20230626_141731898-scaled.jpg?resize=400%2C301&amp;ssl=1 400w, https:\/\/i0.wp.com\/www.pourquoi-pas-nous.com\/wp-content\/uploads\/2024\/05\/PXL_20230626_141731898-scaled.jpg?w=2048&amp;ssl=1 2048w, https:\/\/i0.wp.com\/www.pourquoi-pas-nous.com\/wp-content\/uploads\/2024\/05\/PXL_20230626_141731898-scaled.jpg?w=1600&amp;ssl=1 1600w\" sizes=\"(max-width: 800px) 100vw, 800px\" \/><\/figure>\n<\/figure>\n\n<p>Als wir den Gipfel erreichten, wurden wir mit einer 360-Grad-Aussicht auf die Insel Vaeroy, ihre wei\u00dfen Sandstr\u00e4nde und das kristallklare Meer belohnt. Wir konnten sogar <strong>Adler im Flug<\/strong> beobachten. Wir waren Anfang Juli allein auf der Strecke. Dies ist ein wichtiger Punkt, denn dies ist die einzige Wanderung auf den Lofoten, bei der wir den Weg und nicht nur die Aussicht genossen haben. Dieser Punkt wird in unserem Artikel \u00fcber Reine <a href=\"https:\/\/www.pourquoi-pas-nous.com\/de\/koenigin-norwegen-iles-lofoten\/\" data-type=\"post\" data-id=\"56321\">und die Wanderung in Reinebringen<\/a> behandelt.  <\/p>\n\n<p>Danach gingen wir den Kamm entlang, schwindelfrei, bis zu einem anderen, noch unglaublicheren Aussichtspunkt, der sich neben der NATO-Radarstation befindet. Dies ist <a href=\"https:\/\/www.pourquoi-pas-nous.com\/de\/schoenste-schoensten-orte-im-lofoten\/\" data-type=\"post\" data-id=\"56775\">einer unserer sch\u00f6nsten Spots auf den Lofoten<\/a>.<\/p>\n\n<figure class=\"wp-block-gallery has-nested-images columns-default is-cropped wp-block-gallery-6 is-layout-flex wp-block-gallery-is-layout-flex\">\n<figure class=\"wp-block-image size-large\"><img data-recalc-dims=\"1\" data-dominant-color=\"48717c\" data-has-transparency=\"false\" style=\"--dominant-color: #48717c;\" loading=\"lazy\" decoding=\"async\" width=\"800\" height=\"1063\" data-id=\"50453\" src=\"https:\/\/i0.wp.com\/www.pourquoi-pas-nous.com\/wp-content\/uploads\/2024\/01\/PXL_20230626_145839659-1200x1594.webp?resize=800%2C1063&#038;ssl=1\" alt=\"\" class=\"wp-image-50453 not-transparent\" title=\"\" srcset=\"https:\/\/i0.wp.com\/www.pourquoi-pas-nous.com\/wp-content\/uploads\/2024\/01\/PXL_20230626_145839659-scaled.webp?resize=1200%2C1594&amp;ssl=1 1200w, https:\/\/i0.wp.com\/www.pourquoi-pas-nous.com\/wp-content\/uploads\/2024\/01\/PXL_20230626_145839659-scaled.webp?resize=400%2C531&amp;ssl=1 400w, https:\/\/i0.wp.com\/www.pourquoi-pas-nous.com\/wp-content\/uploads\/2024\/01\/PXL_20230626_145839659-scaled.webp?resize=386%2C512&amp;ssl=1 386w, https:\/\/i0.wp.com\/www.pourquoi-pas-nous.com\/wp-content\/uploads\/2024\/01\/PXL_20230626_145839659-scaled.webp?resize=904%2C1200&amp;ssl=1 904w, https:\/\/i0.wp.com\/www.pourquoi-pas-nous.com\/wp-content\/uploads\/2024\/01\/PXL_20230626_145839659-scaled.webp?resize=768%2C1020&amp;ssl=1 768w, https:\/\/i0.wp.com\/www.pourquoi-pas-nous.com\/wp-content\/uploads\/2024\/01\/PXL_20230626_145839659-scaled.webp?resize=1157%2C1536&amp;ssl=1 1157w, https:\/\/i0.wp.com\/www.pourquoi-pas-nous.com\/wp-content\/uploads\/2024\/01\/PXL_20230626_145839659-scaled.webp?w=1542&amp;ssl=1 1542w\" sizes=\"(max-width: 800px) 100vw, 800px\" \/><\/figure>\n\n\n\n<figure class=\"wp-block-image size-large\"><img data-recalc-dims=\"1\" data-dominant-color=\"4d6e75\" data-has-transparency=\"false\" style=\"--dominant-color: #4d6e75;\" loading=\"lazy\" decoding=\"async\" width=\"800\" height=\"1063\" data-id=\"50448\" src=\"https:\/\/i0.wp.com\/www.pourquoi-pas-nous.com\/wp-content\/uploads\/2024\/01\/PXL_20230626_145714761-1200x1594.webp?resize=800%2C1063&#038;ssl=1\" alt=\"besuchen vaeroy insel norwegen wohnmobil van vaeroy insel wandern\" class=\"wp-image-50448 not-transparent\" title=\"\" srcset=\"https:\/\/i0.wp.com\/www.pourquoi-pas-nous.com\/wp-content\/uploads\/2024\/01\/PXL_20230626_145714761-scaled.webp?resize=1200%2C1594&amp;ssl=1 1200w, https:\/\/i0.wp.com\/www.pourquoi-pas-nous.com\/wp-content\/uploads\/2024\/01\/PXL_20230626_145714761-scaled.webp?resize=400%2C531&amp;ssl=1 400w, https:\/\/i0.wp.com\/www.pourquoi-pas-nous.com\/wp-content\/uploads\/2024\/01\/PXL_20230626_145714761-scaled.webp?resize=386%2C512&amp;ssl=1 386w, https:\/\/i0.wp.com\/www.pourquoi-pas-nous.com\/wp-content\/uploads\/2024\/01\/PXL_20230626_145714761-scaled.webp?resize=904%2C1200&amp;ssl=1 904w, https:\/\/i0.wp.com\/www.pourquoi-pas-nous.com\/wp-content\/uploads\/2024\/01\/PXL_20230626_145714761-scaled.webp?resize=768%2C1020&amp;ssl=1 768w, https:\/\/i0.wp.com\/www.pourquoi-pas-nous.com\/wp-content\/uploads\/2024\/01\/PXL_20230626_145714761-scaled.webp?resize=1157%2C1536&amp;ssl=1 1157w, https:\/\/i0.wp.com\/www.pourquoi-pas-nous.com\/wp-content\/uploads\/2024\/01\/PXL_20230626_145714761-scaled.webp?w=1542&amp;ssl=1 1542w\" sizes=\"(max-width: 800px) 100vw, 800px\" \/><\/figure>\n<\/figure>\n\n<figure class=\"wp-block-gallery has-nested-images columns-default is-cropped wp-block-gallery-7 is-layout-flex wp-block-gallery-is-layout-flex\">\n<figure class=\"wp-block-image size-large\"><img data-recalc-dims=\"1\" data-dominant-color=\"576f7f\" data-has-transparency=\"false\" style=\"--dominant-color: #576f7f;\" fetchpriority=\"high\" decoding=\"async\" width=\"800\" height=\"603\" data-id=\"50438\" src=\"https:\/\/i0.wp.com\/www.pourquoi-pas-nous.com\/wp-content\/uploads\/2024\/01\/PXL_20230626_145313877-1200x904.webp?resize=800%2C603&#038;ssl=1\" alt=\"besuchen vaeroy lofotennorwegen wohnmobil van wandern\" class=\"wp-image-50438 not-transparent\" title=\"\" srcset=\"https:\/\/i0.wp.com\/www.pourquoi-pas-nous.com\/wp-content\/uploads\/2024\/01\/PXL_20230626_145313877-scaled.webp?resize=1200%2C904&amp;ssl=1 1200w, https:\/\/i0.wp.com\/www.pourquoi-pas-nous.com\/wp-content\/uploads\/2024\/01\/PXL_20230626_145313877-scaled.webp?resize=400%2C301&amp;ssl=1 400w, https:\/\/i0.wp.com\/www.pourquoi-pas-nous.com\/wp-content\/uploads\/2024\/01\/PXL_20230626_145313877-scaled.webp?resize=512%2C386&amp;ssl=1 512w, https:\/\/i0.wp.com\/www.pourquoi-pas-nous.com\/wp-content\/uploads\/2024\/01\/PXL_20230626_145313877-scaled.webp?resize=768%2C578&amp;ssl=1 768w, https:\/\/i0.wp.com\/www.pourquoi-pas-nous.com\/wp-content\/uploads\/2024\/01\/PXL_20230626_145313877-scaled.webp?resize=1536%2C1157&amp;ssl=1 1536w, https:\/\/i0.wp.com\/www.pourquoi-pas-nous.com\/wp-content\/uploads\/2024\/01\/PXL_20230626_145313877-scaled.webp?w=2048&amp;ssl=1 2048w, https:\/\/i0.wp.com\/www.pourquoi-pas-nous.com\/wp-content\/uploads\/2024\/01\/PXL_20230626_145313877-scaled.webp?w=1600&amp;ssl=1 1600w\" sizes=\"(max-width: 800px) 100vw, 800px\" \/><figcaption class=\"wp-element-caption\">Aussichtspunkt<\/figcaption><\/figure>\n<\/figure>\n\n<p class=\"has-medium-font-size\"><strong>Wei\u00dfer Sandstrand  <\/strong><\/p>\n\n<p>Wir parkten auf dem Parkplatz der alten Landebahn im Norden der Insel, der direkt neben einem kleinen wei\u00dfen Sandstrand liegt (neben dem Aussichtspunkt Heimretussen).  <\/p>\n\n<p>Die Lofoten sind f\u00fcr ihre wei\u00dfen Sandstr\u00e4nde und das kristallklare Wasser bekannt und daher sind die Str\u00e4nde wundersch\u00f6n. Wir haben uns nur die F\u00fc\u00dfe nass gemacht, da das Wasser etwa 10 Grad warm war. Wir sahen jedoch <strong>Robben<\/strong>, die nur wenige Meter von uns entfernt spielten.  <\/p>\n\n<figure class=\"wp-block-gallery has-nested-images columns-default is-cropped wp-block-gallery-8 is-layout-flex wp-block-gallery-is-layout-flex\">\n<figure class=\"wp-block-image size-large\"><img data-recalc-dims=\"1\" loading=\"lazy\" decoding=\"async\" width=\"800\" height=\"603\" data-id=\"60151\" src=\"https:\/\/i0.wp.com\/www.pourquoi-pas-nous.com\/wp-content\/uploads\/2024\/05\/PXL_20230627_132236984.jpg?resize=800%2C603&#038;ssl=1\" alt=\"vaeroy lofoten norwegen\" class=\"wp-image-60151\" title=\"\" srcset=\"https:\/\/i0.wp.com\/www.pourquoi-pas-nous.com\/wp-content\/uploads\/2024\/05\/PXL_20230627_132236984-scaled.jpg?resize=1200%2C904&amp;ssl=1 1200w, https:\/\/i0.wp.com\/www.pourquoi-pas-nous.com\/wp-content\/uploads\/2024\/05\/PXL_20230627_132236984-scaled.jpg?resize=400%2C301&amp;ssl=1 400w, https:\/\/i0.wp.com\/www.pourquoi-pas-nous.com\/wp-content\/uploads\/2024\/05\/PXL_20230627_132236984-scaled.jpg?w=2048&amp;ssl=1 2048w, https:\/\/i0.wp.com\/www.pourquoi-pas-nous.com\/wp-content\/uploads\/2024\/05\/PXL_20230627_132236984-scaled.jpg?w=1600&amp;ssl=1 1600w\" sizes=\"(max-width: 800px) 100vw, 800px\" \/><\/figure>\n<\/figure>\n\n<figure class=\"wp-block-gallery has-nested-images columns-default is-cropped wp-block-gallery-9 is-layout-flex wp-block-gallery-is-layout-flex\">\n<figure class=\"wp-block-image size-large\"><img data-recalc-dims=\"1\" loading=\"lazy\" decoding=\"async\" width=\"800\" height=\"603\" data-id=\"60161\" src=\"https:\/\/i0.wp.com\/www.pourquoi-pas-nous.com\/wp-content\/uploads\/2024\/05\/PXL_20230627_171656755.jpg?resize=800%2C603&#038;ssl=1\" alt=\"vaeroy lofoten norwegen\" class=\"wp-image-60161\" title=\"\" srcset=\"https:\/\/i0.wp.com\/www.pourquoi-pas-nous.com\/wp-content\/uploads\/2024\/05\/PXL_20230627_171656755-scaled.jpg?resize=1200%2C904&amp;ssl=1 1200w, https:\/\/i0.wp.com\/www.pourquoi-pas-nous.com\/wp-content\/uploads\/2024\/05\/PXL_20230627_171656755-scaled.jpg?resize=400%2C301&amp;ssl=1 400w, https:\/\/i0.wp.com\/www.pourquoi-pas-nous.com\/wp-content\/uploads\/2024\/05\/PXL_20230627_171656755-scaled.jpg?w=2048&amp;ssl=1 2048w, https:\/\/i0.wp.com\/www.pourquoi-pas-nous.com\/wp-content\/uploads\/2024\/05\/PXL_20230627_171656755-scaled.jpg?w=1600&amp;ssl=1 1600w\" sizes=\"(max-width: 800px) 100vw, 800px\" \/><\/figure>\n\n\n\n<figure class=\"wp-block-image size-large\"><img data-recalc-dims=\"1\" loading=\"lazy\" decoding=\"async\" width=\"800\" height=\"1063\" data-id=\"60166\" src=\"https:\/\/i0.wp.com\/www.pourquoi-pas-nous.com\/wp-content\/uploads\/2024\/05\/PXL_20230627_172510669.jpg?resize=800%2C1063&#038;ssl=1\" alt=\"vaeroy lofoten norwegen\" class=\"wp-image-60166\" title=\"\" srcset=\"https:\/\/i0.wp.com\/www.pourquoi-pas-nous.com\/wp-content\/uploads\/2024\/05\/PXL_20230627_172510669-scaled.jpg?resize=1200%2C1594&amp;ssl=1 1200w, https:\/\/i0.wp.com\/www.pourquoi-pas-nous.com\/wp-content\/uploads\/2024\/05\/PXL_20230627_172510669-scaled.jpg?resize=400%2C531&amp;ssl=1 400w, https:\/\/i0.wp.com\/www.pourquoi-pas-nous.com\/wp-content\/uploads\/2024\/05\/PXL_20230627_172510669-scaled.jpg?w=1542&amp;ssl=1 1542w\" sizes=\"(max-width: 800px) 100vw, 800px\" \/><\/figure>\n<\/figure>\n\n<p class=\"has-medium-font-size\"><strong>Wanderung M\u00e5stad und M\u00e5hornet<\/strong><\/p>\n\n<p>Eine zweite Wanderung, die wir uns notiert hatten, f\u00fcr die wir aber keine Zeit hatten, beginnt an der alten Landebahn und f\u00fchrt entlang der gesamten Westk\u00fcste der Insel zu einem kleinen, abgelegenen Fischerdorf. Am Mastad Aussichtspunkt hatten unsere Freunde das Gl\u00fcck, Orcas beim Spielen in der Bucht zu beobachten. Wir werden bei unserem n\u00e4chsten Aufenthalt dort hingehen!  <em>Topographie: 17km AR D+ 800m<\/em><\/p>\n\n<figure class=\"wp-block-gallery has-nested-images columns-default is-cropped wp-block-gallery-10 is-layout-flex wp-block-gallery-is-layout-flex\">\n<figure class=\"wp-block-image size-large\"><img data-recalc-dims=\"1\" data-dominant-color=\"65786b\" data-has-transparency=\"false\" style=\"--dominant-color: #65786b;\" loading=\"lazy\" decoding=\"async\" width=\"800\" height=\"603\" data-id=\"50463\" src=\"https:\/\/i0.wp.com\/www.pourquoi-pas-nous.com\/wp-content\/uploads\/2024\/01\/PXL_20230627_132450462-1200x904.webp?resize=800%2C603&#038;ssl=1\" alt=\"besuch norwegen wohnmobil van vaeroy insel wandern\" class=\"wp-image-50463 not-transparent\" title=\"\" srcset=\"https:\/\/i0.wp.com\/www.pourquoi-pas-nous.com\/wp-content\/uploads\/2024\/01\/PXL_20230627_132450462-scaled.webp?resize=1200%2C904&amp;ssl=1 1200w, https:\/\/i0.wp.com\/www.pourquoi-pas-nous.com\/wp-content\/uploads\/2024\/01\/PXL_20230627_132450462-scaled.webp?resize=400%2C301&amp;ssl=1 400w, https:\/\/i0.wp.com\/www.pourquoi-pas-nous.com\/wp-content\/uploads\/2024\/01\/PXL_20230627_132450462-scaled.webp?resize=512%2C386&amp;ssl=1 512w, https:\/\/i0.wp.com\/www.pourquoi-pas-nous.com\/wp-content\/uploads\/2024\/01\/PXL_20230627_132450462-scaled.webp?resize=768%2C578&amp;ssl=1 768w, https:\/\/i0.wp.com\/www.pourquoi-pas-nous.com\/wp-content\/uploads\/2024\/01\/PXL_20230627_132450462-scaled.webp?resize=1536%2C1157&amp;ssl=1 1536w, https:\/\/i0.wp.com\/www.pourquoi-pas-nous.com\/wp-content\/uploads\/2024\/01\/PXL_20230627_132450462-scaled.webp?w=2048&amp;ssl=1 2048w, https:\/\/i0.wp.com\/www.pourquoi-pas-nous.com\/wp-content\/uploads\/2024\/01\/PXL_20230627_132450462-scaled.webp?w=1600&amp;ssl=1 1600w\" sizes=\"(max-width: 800px) 100vw, 800px\" \/><\/figure>\n<\/figure>\n\n<h2 class=\"wp-block-heading\">Praktische Informationen f\u00fcr Ihren Besuch in Vaer\u00f8y<\/h2>\n\n<h3 class=\"wp-block-heading\">Wie kommen Sie auf die Insel?<\/h3>\n\n<p>Es ist eine Insel, so dass Sie nur mit <strong>der F\u00e4hre<\/strong> dorthin gelangen k\u00f6nnen. Die Fahrt von Bodo dauert 3 Stunden. Gute Nachrichten und ein <strong>toller Plan<\/strong>: Von Bodo (auf dem Festland, Punkt A auf unserer Karte) oder Moeskenes (auf den Lofoten, Punkt C auf unserer Karte), wenn Sie in Vaeroy (Punkt B auf unserer Karte) halten, ist die F\u00e4hre kostenlos. Wir stellen Ihnen eine Karte zur Verf\u00fcgung, um Ihnen zu helfen, sich in der Geographie zurechtzufinden.<\/p>\n\n<iframe src=\"https:\/\/www.google.com\/maps\/d\/u\/2\/embed?mid=15ZVHmkIOZt_o2IEATLli9d64qiWkzUc&#038;ehbc=2E312F\" width=\"100%\" height=\"480\"><\/iframe>\n\n<p>Wir nahmen die F\u00e4hre um 5.30 Uhr in Bodo und verlie\u00dfen die Insel Vareoy um 22.45 Uhr am n\u00e4chsten Tag, um den Hafen von Moeskenes zu erreichen. Sie m\u00fcssen also nicht unbedingt vor Ort \u00fcbernachten, wenn Sie nur einen Tag f\u00fcr die Besichtigung dieser Insel verwenden m\u00f6chten. Nehmen Sie einfach das erste Boot und fahren Sie mit dem letzten Boot weiter.<\/p>\n\n<p>Danach k\u00f6nnen Sie entweder eine F\u00e4hre zur wundersch\u00f6nen <strong>Insel Vaeroy<\/strong> nehmen (Abfahrt um 17.15 Uhr oder um 5.30 Uhr morgens, FERRY KOSTENLOS) oder direkt zum Hafen von <strong>Moeskenes<\/strong>.  <\/p>\n\n<p><em><a href=\"https:\/\/www.torghatten.no\/en\" target=\"_blank\" rel=\"noopener\">Offizielle Torghatten Website<\/a> f\u00fcr Fahrpl\u00e4ne und F\u00e4hrbuchungen.<\/em> Wenn Sie wie wir keine F\u00e4hre buchen k\u00f6nnen, empfehlen wir Ihnen, am Ende des Tages am Hafen anzukommen und direkt in der Warteschlange zu schlafen. Obwohl wir Ihnen nicht verheimlichen wollen, dass es ein sehr lauter Ort ist und die Nacht daher nicht sehr erholsam war.<\/p>\n\n<p>Wenn Sie mehr \u00fcber kostenlose F\u00e4hren und unsere Spartipps w\u00e4hrend Ihrer Reise zu den Lofoten erfahren m\u00f6chten, lesen Sie bitte unseren Artikel <a href=\"https:\/\/www.pourquoi-pas-nous.com\/de\/budget-iles-lofoten\/\" data-type=\"post\" data-id=\"56995\">Budget auf den Lofoten<\/a>.<\/p>\n\n<figure class=\"wp-block-gallery has-nested-images columns-default is-cropped wp-block-gallery-11 is-layout-flex wp-block-gallery-is-layout-flex\">\n<figure class=\"wp-block-image size-large\"><img data-recalc-dims=\"1\" data-dominant-color=\"517a9c\" data-has-transparency=\"false\" style=\"--dominant-color: #517a9c;\" loading=\"lazy\" decoding=\"async\" width=\"800\" height=\"1422\" data-id=\"56727\" src=\"https:\/\/i0.wp.com\/www.pourquoi-pas-nous.com\/wp-content\/uploads\/2024\/04\/WhatsApp-Image-2024-04-03-at-5.30.41-PM-1-1-jpeg.webp?resize=800%2C1422&#038;ssl=1\" alt=\"lofoten schiff norwegen\" class=\"wp-image-56727 not-transparent\" title=\"\" srcset=\"https:\/\/i0.wp.com\/www.pourquoi-pas-nous.com\/wp-content\/uploads\/2024\/04\/WhatsApp-Image-2024-04-03-at-5.30.41-PM-1-1-jpeg-webp.webp?resize=900%2C1600&amp;ssl=1 900w, https:\/\/i0.wp.com\/www.pourquoi-pas-nous.com\/wp-content\/uploads\/2024\/04\/WhatsApp-Image-2024-04-03-at-5.30.41-PM-1-1-jpeg-webp.webp?resize=338%2C600&amp;ssl=1 338w, https:\/\/i0.wp.com\/www.pourquoi-pas-nous.com\/wp-content\/uploads\/2024\/04\/WhatsApp-Image-2024-04-03-at-5.30.41-PM-1-1-jpeg-webp.webp?w=1134&amp;ssl=1 1134w\" sizes=\"(max-width: 800px) 100vw, 800px\" \/><\/figure>\n\n\n\n<figure class=\"wp-block-image size-large\"><img data-recalc-dims=\"1\" data-dominant-color=\"557492\" data-has-transparency=\"false\" style=\"--dominant-color: #557492;\" loading=\"lazy\" decoding=\"async\" width=\"800\" height=\"1422\" data-id=\"56722\" src=\"https:\/\/i0.wp.com\/www.pourquoi-pas-nous.com\/wp-content\/uploads\/2024\/04\/WhatsApp-Image-2024-04-03-at-5.30.41-PM-2-1-jpeg.webp?resize=800%2C1422&#038;ssl=1\" alt=\"lofoten schiff norwegen\" class=\"wp-image-56722 not-transparent\" title=\"\" srcset=\"https:\/\/i0.wp.com\/www.pourquoi-pas-nous.com\/wp-content\/uploads\/2024\/04\/WhatsApp-Image-2024-04-03-at-5.30.41-PM-2-1-jpeg-webp.webp?resize=900%2C1600&amp;ssl=1 900w, https:\/\/i0.wp.com\/www.pourquoi-pas-nous.com\/wp-content\/uploads\/2024\/04\/WhatsApp-Image-2024-04-03-at-5.30.41-PM-2-1-jpeg-webp.webp?resize=338%2C600&amp;ssl=1 338w, https:\/\/i0.wp.com\/www.pourquoi-pas-nous.com\/wp-content\/uploads\/2024\/04\/WhatsApp-Image-2024-04-03-at-5.30.41-PM-2-1-jpeg-webp.webp?w=1134&amp;ssl=1 1134w\" sizes=\"(max-width: 800px) 100vw, 800px\" \/><\/figure>\n<\/figure>\n\n<h3 class=\"wp-block-heading\">Wo kann man auf der Insel \u00fcbernachten?<\/h3>\n\n<p>Sie k\u00f6nnen eine der Unterk\u00fcnfte auf der Insel mieten oder mit dem Schiff um 22.45 Uhr direkt nach Moskenes fahren und in der N\u00e4he \u00fcbernachten.<\/p>\n<div class=\"lazyblock-conseils-et-hebergements-3Tdpq wp-block-lazyblock-conseils-et-hebergements\"><div class=\"conseils-hebergements\"><span class=\"titre-conseils\"><i class=\"fas fa-map-marked-alt\"><\/i>Wo kann man in Vaeroy \u00fcbernachten?<\/span>\n<p><p>Wir empfehlen Ihnen, lange im Voraus zu buchen, da die Insel sehr klein ist und das Angebot an Unterk\u00fcnften begrenzt ist. Das Hotel Lofoten Vaeroy Bryggehotell bietet Zimmer in guter Lage, um die Insel zu erkunden. Wir empfehlen Ihnen, die Airbnb-Website zu nutzen, um Ihr Gl\u00fcck zu finden!<\/p><\/p><\/div><\/div>\n<p><a href=\"https:\/\/www.booking.com\/hotel\/no\/lizt-vaeroy.fr.html?\" target=\"_blank\" rel=\"noreferrer noopener nofollow sponsored\">&#x27a1;&#xfe0f;Voir Preise und Verf\u00fcgbarkeit des Hotels Lofoten Vaeroy Bryggehotell<\/a><\/p>\n\n<p>Mit dem Fahrzeug k\u00f6nnen Sie auf dem Parkplatz der alten Landebahn \u00fcbernachten oder Ihr Zelt in der N\u00e4he aufstellen.<\/p>\n\n<figure class=\"wp-block-gallery has-nested-images columns-default is-cropped wp-block-gallery-12 is-layout-flex wp-block-gallery-is-layout-flex\">\n<figure class=\"wp-block-image size-large\"><img data-recalc-dims=\"1\" data-dominant-color=\"707677\" data-has-transparency=\"false\" style=\"--dominant-color: #707677;\" loading=\"lazy\" decoding=\"async\" width=\"800\" height=\"603\" data-id=\"50458\" src=\"https:\/\/i0.wp.com\/www.pourquoi-pas-nous.com\/wp-content\/uploads\/2024\/01\/PXL_20230626_181642751-1200x904.webp?resize=800%2C603&#038;ssl=1\" alt=\"\" class=\"wp-image-50458 not-transparent\" title=\"\" srcset=\"https:\/\/i0.wp.com\/www.pourquoi-pas-nous.com\/wp-content\/uploads\/2024\/01\/PXL_20230626_181642751-scaled.webp?resize=1200%2C904&amp;ssl=1 1200w, https:\/\/i0.wp.com\/www.pourquoi-pas-nous.com\/wp-content\/uploads\/2024\/01\/PXL_20230626_181642751-scaled.webp?resize=400%2C301&amp;ssl=1 400w, https:\/\/i0.wp.com\/www.pourquoi-pas-nous.com\/wp-content\/uploads\/2024\/01\/PXL_20230626_181642751-scaled.webp?resize=512%2C386&amp;ssl=1 512w, https:\/\/i0.wp.com\/www.pourquoi-pas-nous.com\/wp-content\/uploads\/2024\/01\/PXL_20230626_181642751-scaled.webp?resize=768%2C578&amp;ssl=1 768w, https:\/\/i0.wp.com\/www.pourquoi-pas-nous.com\/wp-content\/uploads\/2024\/01\/PXL_20230626_181642751-scaled.webp?resize=1536%2C1157&amp;ssl=1 1536w, https:\/\/i0.wp.com\/www.pourquoi-pas-nous.com\/wp-content\/uploads\/2024\/01\/PXL_20230626_181642751-scaled.webp?w=2048&amp;ssl=1 2048w, https:\/\/i0.wp.com\/www.pourquoi-pas-nous.com\/wp-content\/uploads\/2024\/01\/PXL_20230626_181642751-scaled.webp?w=1600&amp;ssl=1 1600w\" sizes=\"(max-width: 800px) 100vw, 800px\" \/><\/figure>\n<\/figure>\n\n<p><\/p>\n\n<p>Es hat uns <strong>viel Freude <\/strong>bereitet, diesen Artikel zu verfassen. Wenn Sie weitere Vorschl\u00e4ge f\u00fcr uns haben, hinterlassen Sie bitte unten einen Kommentar. Wir waren <a href=\"https:\/\/www.pourquoi-pas-nous.com\/de\/road-trip-scandinavien\/\">2 Monate in Norwegen unterwegs<\/a>, also lesen Sie bitte auch unsere anderen Artikel \u00fcber dieses unglaubliche Land.<\/p>\n\n<p>Z\u00f6gern Sie nicht, uns eine <strong>kurze Nachricht<\/strong> oder <strong>5 Sterne<\/strong> unten zu hinterlassen, um uns mitzuteilen, ob Sie diese Reise planen, stellen Sie alle Ihre Fragen, unten werden wir Ihnen mit gro\u00dfem Vergn\u00fcgen antworten. Du kannst dir unsere <a href=\"https:\/\/www.instagram.com\/stories\/highlights\/17983079960141656\/\" target=\"_blank\" rel=\"noreferrer noopener\">Instagram-Stories von unserer Reise nach Norwegen<\/a> ansehen, um dir einen Vorgeschmack auf das zu geben, was dich erwartet!<\/p>\n\n<p>Bevor Sie abreisen, <strong>finden Sie alle unsere Artikel zur Reiseplanung:<\/strong><\/p>\n\n<ul class=\"wp-block-list\">\n<li>Unsere Route und unser umfassender Reisef\u00fchrer f\u00fcr Ihren <a href=\"https:\/\/www.pourquoi-pas-nous.com\/de\/besuchen-sie-iles-lofoten\/\" data-type=\"post\" data-id=\"57085\" target=\"_blank\" rel=\"noreferrer noopener\">Lofoten-Roadtrip<\/a><\/li>\n\n\n\n<li><a href=\"https:\/\/www.pourquoi-pas-nous.com\/de\/budget-iles-lofoten\/\" data-type=\"post\" data-id=\"56995\" target=\"_blank\" rel=\"noreferrer noopener\">Unser Budget f\u00fcr die Lofoten<\/a><\/li>\n\n\n\n<li>&#x1f3e8;unsere <a href=\"https:\/\/www.pourquoi-pas-nous.com\/de\/schlafen-lofoten\/\" data-type=\"link\" data-id=\"https:\/\/www.pourquoi-pas-nous.com\/dormir-lofoten\/\">besten Hotels auf den Lofoten<\/a> zum Strahlen.<\/li>\n\n\n\n<li>Unser Leitfaden f\u00fcr die <a href=\"https:\/\/www.pourquoi-pas-nous.com\/de\/?p=76737\" data-type=\"post\" data-id=\"75983\">Anmietung eines Autos auf den Lofoten<\/a><\/li>\n\n\n\n<li><a href=\"https:\/\/www.pourquoi-pas-nous.com\/de\/strands-iles-lofoten\/\" data-type=\"post\" data-id=\"60028\">Lofoten: Str\u00e4nde, die man gesehen haben muss<\/a><\/li>\n\n\n\n<li><a href=\"https:\/\/www.pourquoi-pas-nous.com\/de\/offersoykammen-randonnee-iles-lofoten\/\" target=\"_blank\" data-type=\"post\" data-id=\"59894\" rel=\"noreferrer noopener\">Offers\u00f8ykammen<\/a>: eine sch\u00f6ne Wanderung auf den Lofoten abseits der Touristenpfade<\/li>\n\n\n\n<li><a href=\"https:\/\/www.pourquoi-pas-nous.com\/de\/schoenste-schoensten-orte-im-lofoten\/\" target=\"_blank\" data-type=\"post\" data-id=\"56775\" rel=\"noreferrer noopener\">Die sch\u00f6nsten Orte auf den Lofoten<\/a>: im Foto und auf unserer Karte<\/li>\n\n\n\n<li><a href=\"https:\/\/www.pourquoi-pas-nous.com\/de\/koenigin-norwegen-iles-lofoten\/\" data-type=\"post\" data-id=\"56321\" target=\"_blank\" rel=\"noreferrer noopener\">Besuchen Sie das unvermeidliche Dorf Reine <\/a>+ seine mythische Wanderung<\/li>\n<\/ul>\n<div style='text-align:right' class='yasr-auto-insert-visitor'><\/div>","protected":false},"excerpt":{"rendered":"<p>Sie fragen sich, was Sie auf der Insel Vaer\u00f8y in Norwegen sehen und unternehmen k\u00f6nnen? Wie kommen Sie auf die Insel? Wo Sie mit Ihrem Fahrzeug \u00fcbernachten oder in welchem Hotel ? Hier sind Sie richtig! Wir besuchten diese kleine, abgelegene Insel am s\u00fcdlichen Ende des Lofoten-Archipels, deren Landschaft einfach wundersch\u00f6n ist. Dies ist ein [&hellip;]<\/p>\n","protected":false},"author":2,"featured_media":50440,"comment_status":"open","ping_status":"closed","sticky":false,"template":"","format":"standard","meta":{"_acf_changed":false,"_wp_convertkit_post_meta":{"form":"-1","landing_page":"0","tag":"0","restrict_content":"0"},"jetpack_post_was_ever_published":false,"yasr_overall_rating":0,"yasr_post_is_review":"","yasr_auto_insert_disabled":"","yasr_review_type":"","_jetpack_newsletter_access":"","_jetpack_dont_email_post_to_subs":false,"_jetpack_newsletter_tier_id":0,"_jetpack_memberships_contains_paywalled_content":false,"_jetpack_memberships_contains_paid_content":false,"footnotes":""},"categories":[346,338,162],"tags":[],"class_list":["post-60175","post","type-post","status-publish","format-standard","has-post-thumbnail","hentry","category-lofoten","category-norwegen","category-reisefuhrer"],"acf":[],"_wp_attached_file":null,"_wp_attachment_image_alt":null,"rank_math_primary_category":"344","rank_math_title":"Vaer\u00f8y: unser Favorit auf den Lofoten","rank_math_description":"Die Insel Vaer\u00f8y ist ein echtes Highlight der Lofoten in Norwegen. Entdecken Sie dieses Naturjuwel auf Ihrer Reise.  #vaeroy-iles-lofoten","rank_math_focus_keyword":"vaeroy-iles-lofoten","yasr_visitor_votes":{"stars_attributes":{"read_only":false,"span_bottom":false},"number_of_votes":1,"sum_votes":5},"jetpack_featured_media_url":"https:\/\/i0.wp.com\/www.pourquoi-pas-nous.com\/wp-content\/uploads\/2024\/01\/PXL_20230626_145313877-scaled.webp?fit=2048%2C1542&ssl=1","jetpack_sharing_enabled":true,"_links":{"self":[{"href":"https:\/\/www.pourquoi-pas-nous.com\/de\/wp-json\/wp\/v2\/posts\/60175","targetHints":{"allow":["GET"]}}],"collection":[{"href":"https:\/\/www.pourquoi-pas-nous.com\/de\/wp-json\/wp\/v2\/posts"}],"about":[{"href":"https:\/\/www.pourquoi-pas-nous.com\/de\/wp-json\/wp\/v2\/types\/post"}],"author":[{"embeddable":true,"href":"https:\/\/www.pourquoi-pas-nous.com\/de\/wp-json\/wp\/v2\/users\/2"}],"replies":[{"embeddable":true,"href":"https:\/\/www.pourquoi-pas-nous.com\/de\/wp-json\/wp\/v2\/comments?post=60175"}],"version-history":[{"count":9,"href":"https:\/\/www.pourquoi-pas-nous.com\/de\/wp-json\/wp\/v2\/posts\/60175\/revisions"}],"predecessor-version":[{"id":78171,"href":"https:\/\/www.pourquoi-pas-nous.com\/de\/wp-json\/wp\/v2\/posts\/60175\/revisions\/78171"}],"wp:featuredmedia":[{"embeddable":true,"href":"https:\/\/www.pourquoi-pas-nous.com\/de\/wp-json\/wp\/v2\/media\/50440"}],"wp:attachment":[{"href":"https:\/\/www.pourquoi-pas-nous.com\/de\/wp-json\/wp\/v2\/media?parent=60175"}],"wp:term":[{"taxonomy":"category","embeddable":true,"href":"https:\/\/www.pourquoi-pas-nous.com\/de\/wp-json\/wp\/v2\/categories?post=60175"},{"taxonomy":"post_tag","embeddable":true,"href":"https:\/\/www.pourquoi-pas-nous.com\/de\/wp-json\/wp\/v2\/tags?post=60175"}],"curies":[{"name":"wp","href":"https:\/\/api.w.org\/{rel}","templated":true}]}}