{"id":61007,"date":"2024-05-21T12:12:47","date_gmt":"2024-05-21T10:12:47","guid":{"rendered":"https:\/\/www.pourquoi-pas-nous.com\/besuchen-ile-senja\/"},"modified":"2026-01-28T21:14:31","modified_gmt":"2026-01-28T19:14:31","slug":"besuchen-ile-senja","status":"publish","type":"post","link":"https:\/\/www.pourquoi-pas-nous.com\/de\/besuchen-ile-senja\/","title":{"rendered":"Besuchen Sie die Insel Senja in Norwegen: Unser Familien-Roadtrip"},"content":{"rendered":"\n<p>Sie fragen sich, <strong>was <\/strong>Sie <strong>auf der Insel Senja <\/strong>in Norwegen <strong>sehen und unternehmen <\/strong>k\u00f6nnen? Wie kommen Sie auf die Insel? Wo Sie mit Ihrem Fahrzeug \u00fcbernachten oder in welchem Hotel<strong> <\/strong>? Hier sind Sie richtig!<\/p>\n\n<p>Wir besuchten diese Insel, die im Norden der Lofoten liegt und deren <strong>Landschaft einfach wundersch\u00f6n<\/strong> ist. Dies ist ein Muss, wenn Sie die \u00fcblichen Touristenpfade verlassen m\u00f6chten.<\/p>\n\n<p>Im Folgenden finden Sie die wichtigsten Sehensw\u00fcrdigkeiten und Tipps f\u00fcr Ihren Besuch auf der Insel Senja unter<strong> <\/strong>.<\/p>\n\n<figure class=\"wp-block-image size-large\"><img data-recalc-dims=\"1\" fetchpriority=\"high\" decoding=\"async\" width=\"800\" height=\"603\" src=\"https:\/\/i0.wp.com\/www.pourquoi-pas-nous.com\/wp-content\/uploads\/2024\/05\/PXL_20230707_201131991.jpg?resize=800%2C603&#038;ssl=1\" alt=\"Strand auf der Insel Senja\" class=\"wp-image-60894\" title=\"\" srcset=\"https:\/\/i0.wp.com\/www.pourquoi-pas-nous.com\/wp-content\/uploads\/2024\/05\/PXL_20230707_201131991-scaled.jpg?resize=1200%2C904&amp;ssl=1 1200w, https:\/\/i0.wp.com\/www.pourquoi-pas-nous.com\/wp-content\/uploads\/2024\/05\/PXL_20230707_201131991-scaled.jpg?resize=400%2C301&amp;ssl=1 400w, https:\/\/i0.wp.com\/www.pourquoi-pas-nous.com\/wp-content\/uploads\/2024\/05\/PXL_20230707_201131991-scaled.jpg?w=2048&amp;ssl=1 2048w, https:\/\/i0.wp.com\/www.pourquoi-pas-nous.com\/wp-content\/uploads\/2024\/05\/PXL_20230707_201131991-scaled.jpg?w=1600&amp;ssl=1 1600w\" sizes=\"(max-width: 800px) 100vw, 800px\" \/><\/figure>\n\n<h2 class=\"wp-block-heading\">Warum sollten Sie die Insel Senja in Ihre Norwegen-Reise einbeziehen?<\/h2>\n\n<p>Die Insel Senja liegt im Norden des Lofoten-Archipels und sollte unserer Meinung nach unbedingt auf Ihrer Reiseroute stehen:<\/p>\n\n<ol class=\"wp-block-list\">\n<li><strong>N\u00e4he zu den Lofoten<\/strong>: Senja liegt nur eine kurze Strecke von den ber\u00fchmten Lofoten entfernt und ist eine Insel, die Sie leicht in Ihre Reiseroute aufnehmen k\u00f6nnen.<br\/><\/li>\n\n\n\n<li><strong>Kleine Schwester der Lofoten ohne Touristen<\/strong>: Senja bietet eine ebenso spektakul\u00e4re Landschaft wie die Lofoten, aber mit viel weniger Touristen. Dies erm\u00f6glicht eine friedlichere und authentischere Erfahrung. Wir hatten Schwierigkeiten, alle unsere Fotos zu sortieren!<br\/><\/li>\n\n\n\n<li><strong>Abseits der \u00fcblichen Touristenpfade<\/strong>: Weniger bekannt als die Lofoten, bietet Senja die M\u00f6glichkeit, die ausgetretenen Pfade zu verlassen und Orte zu entdecken, die in Norwegen &#8222;noch vom Massentourismus verschont geblieben sind&#8220;.<br\/><\/li>\n\n\n\n<li><strong>Sch\u00f6ne Wanderungen<\/strong>: Die Insel Senja ist f\u00fcr ihre sch\u00f6nen Wanderungen bekannt. Das Haus in Hesten mit Blick auf den Gipfel Segla ist einer unserer Favoriten w\u00e4hrend unseres Norwegenaufenthalts.<br\/><\/li>\n\n\n\n<li>\u00dcbernachten <strong>Sie in einem Traumhotel<\/strong> mit einer <strong>sch\u00f6nen Aussicht auf den Fjord <\/strong>und die <strong>Teufelsz\u00e4hne <\/strong>zu einem g\u00fcnstigeren Preis als auf den Lofoten<a href=\"https:\/\/www.booking.com\/hotel\/no\/mefjord-brygge.en.html?aid=1529171&amp;no_rooms=1&amp;group_adults=2\" data-type=\"link\" data-id=\"https:\/\/www.booking.com\/hotel\/no\/mefjord-brygge.en.html?aid=1529171&amp;no_rooms=1&amp;group_adults=2\" target=\"_blank\" rel=\"noopener\">. <em>Info und Buchung von Hotel Mefjord Brygge<\/em><\/a><\/li>\n<\/ol>\n\n<figure class=\"wp-block-gallery has-nested-images columns-default is-cropped wp-block-gallery-2 is-layout-flex wp-block-gallery-is-layout-flex\">\n<figure class=\"wp-block-image size-large\"><img data-recalc-dims=\"1\" data-dominant-color=\"686a64\" data-has-transparency=\"false\" style=\"--dominant-color: #686a64;\" decoding=\"async\" width=\"800\" height=\"603\" data-id=\"50533\" src=\"https:\/\/i0.wp.com\/www.pourquoi-pas-nous.com\/wp-content\/uploads\/2024\/01\/PXL_20230707_200105939-1200x904.webp?resize=800%2C603&#038;ssl=1\" alt=\"Senja besuchen norwegen wohnmobil\" class=\"wp-image-50533 not-transparent\" title=\"\" srcset=\"https:\/\/i0.wp.com\/www.pourquoi-pas-nous.com\/wp-content\/uploads\/2024\/01\/PXL_20230707_200105939-scaled.webp?resize=1200%2C904&amp;ssl=1 1200w, https:\/\/i0.wp.com\/www.pourquoi-pas-nous.com\/wp-content\/uploads\/2024\/01\/PXL_20230707_200105939-scaled.webp?resize=400%2C301&amp;ssl=1 400w, https:\/\/i0.wp.com\/www.pourquoi-pas-nous.com\/wp-content\/uploads\/2024\/01\/PXL_20230707_200105939-scaled.webp?resize=512%2C386&amp;ssl=1 512w, https:\/\/i0.wp.com\/www.pourquoi-pas-nous.com\/wp-content\/uploads\/2024\/01\/PXL_20230707_200105939-scaled.webp?resize=768%2C578&amp;ssl=1 768w, https:\/\/i0.wp.com\/www.pourquoi-pas-nous.com\/wp-content\/uploads\/2024\/01\/PXL_20230707_200105939-scaled.webp?resize=1536%2C1157&amp;ssl=1 1536w, https:\/\/i0.wp.com\/www.pourquoi-pas-nous.com\/wp-content\/uploads\/2024\/01\/PXL_20230707_200105939-scaled.webp?w=2048&amp;ssl=1 2048w, https:\/\/i0.wp.com\/www.pourquoi-pas-nous.com\/wp-content\/uploads\/2024\/01\/PXL_20230707_200105939-scaled.webp?w=1600&amp;ssl=1 1600w\" sizes=\"(max-width: 800px) 100vw, 800px\" \/><figcaption class=\"wp-element-caption\">Strand von Ersfjord<\/figcaption><\/figure>\n<\/figure>\n\n<figure class=\"wp-block-gallery has-nested-images columns-default is-cropped wp-block-gallery-3 is-layout-flex wp-block-gallery-is-layout-flex\">\n<figure class=\"wp-block-image size-large\"><img data-recalc-dims=\"1\" data-dominant-color=\"6d6d6d\" data-has-transparency=\"false\" style=\"--dominant-color: #6d6d6d;\" decoding=\"async\" width=\"800\" height=\"603\" data-id=\"57122\" src=\"https:\/\/i0.wp.com\/www.pourquoi-pas-nous.com\/wp-content\/uploads\/2024\/04\/PXL_20230706_170855313-1200x904.webp?resize=800%2C603&#038;ssl=1\" alt=\"Picknick in Norwegen auf der Insel Senja\" class=\"wp-image-57122 not-transparent\" title=\"\" srcset=\"https:\/\/i0.wp.com\/www.pourquoi-pas-nous.com\/wp-content\/uploads\/2024\/04\/PXL_20230706_170855313-scaled.webp?resize=1200%2C904&amp;ssl=1 1200w, https:\/\/i0.wp.com\/www.pourquoi-pas-nous.com\/wp-content\/uploads\/2024\/04\/PXL_20230706_170855313-scaled.webp?resize=400%2C301&amp;ssl=1 400w, https:\/\/i0.wp.com\/www.pourquoi-pas-nous.com\/wp-content\/uploads\/2024\/04\/PXL_20230706_170855313-scaled.webp?w=2048&amp;ssl=1 2048w, https:\/\/i0.wp.com\/www.pourquoi-pas-nous.com\/wp-content\/uploads\/2024\/04\/PXL_20230706_170855313-scaled.webp?w=1600&amp;ssl=1 1600w\" sizes=\"(max-width: 800px) 100vw, 800px\" \/><figcaption class=\"wp-element-caption\">Picknick vor den Z\u00e4hnen des Teufels<\/figcaption><\/figure>\n<\/figure>\n\n<h2 class=\"wp-block-heading\">Wie lange dauert es, Senja zu besuchen?<\/h2>\n\n<p>Wir empfehlen Ihnen, zwei Tage f\u00fcr die Besichtigung der Insel einzuplanen. Die wichtigsten Sehensw\u00fcrdigkeiten befinden sich im Norden, in den Bergen und Fjorden.  <\/p>\n\n<p>Wenn Sie etwas Spielraum haben, f\u00fcgen Sie einen dritten Tag hinzu, da das Wetter sehr wechselhaft ist und Sie mit einem zus\u00e4tzlichen Tag bei schlechtem Wetter flexibler sind.<\/p>\n\n<p>&#x27a1;&#xfe0f;C ist der ideale Ort, um die <strong>Mitternachtssonne im Sommer<\/strong> oder die <strong>Nordlichter im Winter<\/strong> zu sehen.<\/p>\n\n<figure class=\"wp-block-gallery has-nested-images columns-default is-cropped wp-block-gallery-4 is-layout-flex wp-block-gallery-is-layout-flex\">\n<figure class=\"wp-block-image size-large\"><img data-recalc-dims=\"1\" data-dominant-color=\"74777b\" data-has-transparency=\"false\" style=\"--dominant-color: #74777b;\" loading=\"lazy\" decoding=\"async\" width=\"800\" height=\"1063\" data-id=\"50548\" src=\"https:\/\/i0.wp.com\/www.pourquoi-pas-nous.com\/wp-content\/uploads\/2024\/01\/PXL_20230710_220249515-1200x1594.webp?resize=800%2C1063&#038;ssl=1\" alt=\"Senja besuchen norwegen wohnmobil mitternachtssonne\" class=\"wp-image-50548 not-transparent\" title=\"\" srcset=\"https:\/\/i0.wp.com\/www.pourquoi-pas-nous.com\/wp-content\/uploads\/2024\/01\/PXL_20230710_220249515-scaled.webp?resize=1200%2C1594&amp;ssl=1 1200w, https:\/\/i0.wp.com\/www.pourquoi-pas-nous.com\/wp-content\/uploads\/2024\/01\/PXL_20230710_220249515-scaled.webp?resize=400%2C531&amp;ssl=1 400w, https:\/\/i0.wp.com\/www.pourquoi-pas-nous.com\/wp-content\/uploads\/2024\/01\/PXL_20230710_220249515-scaled.webp?resize=386%2C512&amp;ssl=1 386w, https:\/\/i0.wp.com\/www.pourquoi-pas-nous.com\/wp-content\/uploads\/2024\/01\/PXL_20230710_220249515-scaled.webp?resize=904%2C1200&amp;ssl=1 904w, https:\/\/i0.wp.com\/www.pourquoi-pas-nous.com\/wp-content\/uploads\/2024\/01\/PXL_20230710_220249515-scaled.webp?resize=768%2C1020&amp;ssl=1 768w, https:\/\/i0.wp.com\/www.pourquoi-pas-nous.com\/wp-content\/uploads\/2024\/01\/PXL_20230710_220249515-scaled.webp?resize=1157%2C1536&amp;ssl=1 1157w, https:\/\/i0.wp.com\/www.pourquoi-pas-nous.com\/wp-content\/uploads\/2024\/01\/PXL_20230710_220249515-scaled.webp?w=1542&amp;ssl=1 1542w\" sizes=\"(max-width: 800px) 100vw, 800px\" \/><figcaption class=\"wp-element-caption\">Mitternachtssonne<\/figcaption><\/figure>\n\n\n\n<figure class=\"wp-block-image size-large\"><img data-recalc-dims=\"1\" data-dominant-color=\"787067\" data-has-transparency=\"false\" style=\"--dominant-color: #787067;\" loading=\"lazy\" decoding=\"async\" width=\"800\" height=\"1063\" data-id=\"50543\" src=\"https:\/\/i0.wp.com\/www.pourquoi-pas-nous.com\/wp-content\/uploads\/2024\/01\/PXL_20230710_203701623-1200x1594.webp?resize=800%2C1063&#038;ssl=1\" alt=\"norwegen norwegen wohnmobil senja\" class=\"wp-image-50543 not-transparent\" title=\"\" srcset=\"https:\/\/i0.wp.com\/www.pourquoi-pas-nous.com\/wp-content\/uploads\/2024\/01\/PXL_20230710_203701623-scaled.webp?resize=1200%2C1594&amp;ssl=1 1200w, https:\/\/i0.wp.com\/www.pourquoi-pas-nous.com\/wp-content\/uploads\/2024\/01\/PXL_20230710_203701623-scaled.webp?resize=400%2C531&amp;ssl=1 400w, https:\/\/i0.wp.com\/www.pourquoi-pas-nous.com\/wp-content\/uploads\/2024\/01\/PXL_20230710_203701623-scaled.webp?resize=386%2C512&amp;ssl=1 386w, https:\/\/i0.wp.com\/www.pourquoi-pas-nous.com\/wp-content\/uploads\/2024\/01\/PXL_20230710_203701623-scaled.webp?resize=904%2C1200&amp;ssl=1 904w, https:\/\/i0.wp.com\/www.pourquoi-pas-nous.com\/wp-content\/uploads\/2024\/01\/PXL_20230710_203701623-scaled.webp?resize=768%2C1020&amp;ssl=1 768w, https:\/\/i0.wp.com\/www.pourquoi-pas-nous.com\/wp-content\/uploads\/2024\/01\/PXL_20230710_203701623-scaled.webp?resize=1157%2C1536&amp;ssl=1 1157w, https:\/\/i0.wp.com\/www.pourquoi-pas-nous.com\/wp-content\/uploads\/2024\/01\/PXL_20230710_203701623-scaled.webp?w=1542&amp;ssl=1 1542w\" sizes=\"(max-width: 800px) 100vw, 800px\" \/><\/figure>\n<\/figure>\n\n<h2 class=\"wp-block-heading\">Was kann man in Senja unternehmen?<\/h2>\n\n<ol class=\"wp-block-list\">\n<li>Wanderung mit Blick auf die Lagune in Skaland<\/li>\n\n\n\n<li>Durchsichtiger Strand in Ersfjord<\/li>\n\n\n\n<li>Wanderung auf den Hesten-Gipfel<\/li>\n\n\n\n<li>Angelegte Fu\u00dfg\u00e4ngerbr\u00fccken Tungeneset und Bergsbotn<\/li>\n\n\n\n<li>Panoramastra\u00dfe von Gryllfjord nach Barhamn<\/li>\n\n\n\n<li>Dorf am Ende der Welt Bovaer<\/li>\n<\/ol>\n\n<p><\/p>\n\n<div data-gyg-href=\"https:\/\/widget.getyourguide.com\/default\/availability.frame\" data-gyg-tour-id=\"542394\" data-gyg-locale-code=\"fr-FR\" data-gyg-currency=\"EUR\" data-gyg-widget=\"availability\" data-gyg-variant=\"horizontal\" data-gyg-partner-id=\"0LXQSML\" data-gyg-cmp=\"senjawidget1\"><\/div>\n\n<p class=\"has-medium-font-size\">Wanderung <strong>Sukkertoppen<\/strong> in Skaland<\/p>\n\n<p>Unsere <strong>erste Wanderung auf der Insel Senja<\/strong>. Im Gegensatz zu den meisten Wanderungen, die wir in Norwegen gemacht haben, steigt der Weg nicht steil bis zum Gipfel an und wir genie\u00dfen die Wanderung. Der Weg beginnt im Dorf, in der N\u00e4he der Kirche, wir durchqueren einen kleinen Wald und folgen dann dem Kamm, der uns<strong> sch\u00f6ne Ausblicke auf den Fjord<\/strong> und sein klares Wasser bietet.<\/p>\n\n<p>Von Anfang an werden wir jedoch buchst\u00e4blich <strong>von Fliegen und Bremsen angegriffen<\/strong>. Wie die Einheimischen versuchen wir, sie mit \u00c4sten zu vertreiben. Diese Methode ist mittelm\u00e4\u00dfig effektiv. Wir mussten die Wanderung daher abk\u00fcrzen.  <\/p>\n\n<figure class=\"wp-block-gallery has-nested-images columns-default is-cropped wp-block-gallery-5 is-layout-flex wp-block-gallery-is-layout-flex\">\n<figure class=\"wp-block-image size-large\"><img data-recalc-dims=\"1\" loading=\"lazy\" decoding=\"async\" width=\"800\" height=\"603\" data-id=\"60874\" src=\"https:\/\/i0.wp.com\/www.pourquoi-pas-nous.com\/wp-content\/uploads\/2024\/05\/PXL_20230707_130601096.jpg?resize=800%2C603&#038;ssl=1\" alt=\"Wanderung auf der Insel Senja\" class=\"wp-image-60874\" title=\"\" srcset=\"https:\/\/i0.wp.com\/www.pourquoi-pas-nous.com\/wp-content\/uploads\/2024\/05\/PXL_20230707_130601096-scaled.jpg?resize=1200%2C904&amp;ssl=1 1200w, https:\/\/i0.wp.com\/www.pourquoi-pas-nous.com\/wp-content\/uploads\/2024\/05\/PXL_20230707_130601096-scaled.jpg?resize=400%2C301&amp;ssl=1 400w, https:\/\/i0.wp.com\/www.pourquoi-pas-nous.com\/wp-content\/uploads\/2024\/05\/PXL_20230707_130601096-scaled.jpg?w=2048&amp;ssl=1 2048w, https:\/\/i0.wp.com\/www.pourquoi-pas-nous.com\/wp-content\/uploads\/2024\/05\/PXL_20230707_130601096-scaled.jpg?w=1600&amp;ssl=1 1600w\" sizes=\"(max-width: 800px) 100vw, 800px\" \/><\/figure>\n<\/figure>\n\n<figure class=\"wp-block-gallery has-nested-images columns-default is-cropped wp-block-gallery-6 is-layout-flex wp-block-gallery-is-layout-flex\">\n<figure class=\"wp-block-image size-large\"><img data-recalc-dims=\"1\" loading=\"lazy\" decoding=\"async\" width=\"800\" height=\"1063\" data-id=\"60879\" src=\"https:\/\/i0.wp.com\/www.pourquoi-pas-nous.com\/wp-content\/uploads\/2024\/05\/PXL_20230707_131725634.jpg?resize=800%2C1063&#038;ssl=1\" alt=\"Wanderung auf der Insel Senja\" class=\"wp-image-60879\" title=\"\" srcset=\"https:\/\/i0.wp.com\/www.pourquoi-pas-nous.com\/wp-content\/uploads\/2024\/05\/PXL_20230707_131725634-scaled.jpg?resize=1200%2C1594&amp;ssl=1 1200w, https:\/\/i0.wp.com\/www.pourquoi-pas-nous.com\/wp-content\/uploads\/2024\/05\/PXL_20230707_131725634-scaled.jpg?resize=400%2C531&amp;ssl=1 400w, https:\/\/i0.wp.com\/www.pourquoi-pas-nous.com\/wp-content\/uploads\/2024\/05\/PXL_20230707_131725634-scaled.jpg?w=1542&amp;ssl=1 1542w\" sizes=\"(max-width: 800px) 100vw, 800px\" \/><\/figure>\n\n\n\n<figure class=\"wp-block-image size-large\"><img data-recalc-dims=\"1\" loading=\"lazy\" decoding=\"async\" width=\"800\" height=\"1063\" data-id=\"60869\" src=\"https:\/\/i0.wp.com\/www.pourquoi-pas-nous.com\/wp-content\/uploads\/2024\/05\/PXL_20230707_130220374.jpg?resize=800%2C1063&#038;ssl=1\" alt=\"Wanderung auf der Insel Senja\" class=\"wp-image-60869\" title=\"\" srcset=\"https:\/\/i0.wp.com\/www.pourquoi-pas-nous.com\/wp-content\/uploads\/2024\/05\/PXL_20230707_130220374-scaled.jpg?resize=1200%2C1594&amp;ssl=1 1200w, https:\/\/i0.wp.com\/www.pourquoi-pas-nous.com\/wp-content\/uploads\/2024\/05\/PXL_20230707_130220374-scaled.jpg?resize=400%2C531&amp;ssl=1 400w, https:\/\/i0.wp.com\/www.pourquoi-pas-nous.com\/wp-content\/uploads\/2024\/05\/PXL_20230707_130220374-scaled.jpg?w=1542&amp;ssl=1 1542w\" sizes=\"(max-width: 800px) 100vw, 800px\" \/><\/figure>\n<\/figure>\n\n<p>Wir waren Anfang Juli dort und das Wetter war au\u00dfergew\u00f6hnlich warm, wir hatten etwa 30 Grad. Dies ist in diesen Breitengraden nicht \u00fcblich und vielleicht war dies der Grund, warum die Insekten zu dieser Zeit in gro\u00dfer Zahl auf der Insel anwesend waren.  <\/p>\n\n<figure class=\"wp-block-gallery has-nested-images columns-default is-cropped wp-block-gallery-7 is-layout-flex wp-block-gallery-is-layout-flex\">\n<figure class=\"wp-block-image size-large\"><img data-recalc-dims=\"1\" loading=\"lazy\" decoding=\"async\" width=\"800\" height=\"603\" data-id=\"60859\" src=\"https:\/\/i0.wp.com\/www.pourquoi-pas-nous.com\/wp-content\/uploads\/2024\/05\/PXL_20230707_124953372.jpg?resize=800%2C603&#038;ssl=1\" alt=\"Wanderung auf der Insel Senja\" class=\"wp-image-60859\" title=\"\" srcset=\"https:\/\/i0.wp.com\/www.pourquoi-pas-nous.com\/wp-content\/uploads\/2024\/05\/PXL_20230707_124953372-scaled.jpg?resize=1200%2C904&amp;ssl=1 1200w, https:\/\/i0.wp.com\/www.pourquoi-pas-nous.com\/wp-content\/uploads\/2024\/05\/PXL_20230707_124953372-scaled.jpg?resize=400%2C301&amp;ssl=1 400w, https:\/\/i0.wp.com\/www.pourquoi-pas-nous.com\/wp-content\/uploads\/2024\/05\/PXL_20230707_124953372-scaled.jpg?w=2048&amp;ssl=1 2048w, https:\/\/i0.wp.com\/www.pourquoi-pas-nous.com\/wp-content\/uploads\/2024\/05\/PXL_20230707_124953372-scaled.jpg?w=1600&amp;ssl=1 1600w\" sizes=\"(max-width: 800px) 100vw, 800px\" \/><figcaption class=\"wp-element-caption\">Fliegenplage<\/figcaption><\/figure>\n<\/figure>\n\n<p>&#x27a1;&#xfe0f;Nous empfehlen wir Ihnen, die neuesten Kommentare auf Alltrails, Park4night oder Google zu lesen, um Informationen \u00fcber den Zustand des Weges und das Vorhandensein von Sch\u00e4dlingen zu erhalten.<\/p>\n\n<p>Die Kinder gingen den ganzen Weg zur\u00fcck und hatten viel Spa\u00df.<\/p>\n\n<p><em>Topographie: Entfernung hin und zur\u00fcck: <strong>4,2 km<\/strong> &#8211; Positiver H\u00f6henunterschied: <strong>357 m<\/strong><\/em> &#8211; <em>kostenloser Parkplatz im Dorf<\/em><\/p>\n\n<figure class=\"wp-block-image size-large\"><img data-recalc-dims=\"1\" loading=\"lazy\" decoding=\"async\" width=\"800\" height=\"405\" src=\"https:\/\/i0.wp.com\/www.pourquoi-pas-nous.com\/wp-content\/uploads\/2024\/05\/image-2.png?resize=800%2C405&#038;ssl=1\" alt=\"\" class=\"wp-image-60532\" title=\"\" srcset=\"https:\/\/i0.wp.com\/www.pourquoi-pas-nous.com\/wp-content\/uploads\/2024\/05\/image-2.png?resize=1200%2C608&amp;ssl=1 1200w, https:\/\/i0.wp.com\/www.pourquoi-pas-nous.com\/wp-content\/uploads\/2024\/05\/image-2.png?resize=400%2C203&amp;ssl=1 400w, https:\/\/i0.wp.com\/www.pourquoi-pas-nous.com\/wp-content\/uploads\/2024\/05\/image-2.png?w=1275&amp;ssl=1 1275w\" sizes=\"(max-width: 800px) 100vw, 800px\" \/><figcaption class=\"wp-element-caption\">Allstrail<\/figcaption><\/figure>\n\n<p class=\"has-medium-font-size\">Strand von Ersfjord<\/p>\n\n<p>Endlich ein paradiesischer Ort auf dieser Insel, der fast frei von Insekten ist. Es gibt jedoch einige Bremsen. Ein wei\u00dfer Sandstrand, der von imposanten Bergen eingerahmt wird. Das Wasser ist zwar kristallklar, aber nur <strong>9 Grad<\/strong> warm, so dass wir nicht vergessen, dass wir den Polarkreis \u00fcberschritten haben.  <\/p>\n\n<p>Die Mutigen gehen nachmittags schwimmen, trinken einen Aperitif und beobachten abends die Mitternachtssonne.<\/p>\n\n<p>Viele Reisende schlagen ihre Zelte in diesem paradiesischen Dekor auf, nur wenige Meter vom Wasser entfernt. Trotz der vielen Menschen herrscht hier absolute Ruhe. Wir f\u00fchlen uns hier so wohl.<\/p>\n\n<p><a href=\"https:\/\/www.pourquoi-pas-nous.com\/de\/fjords-bergen\/\" data-type=\"post\" data-id=\"53552\">Die sch\u00f6nsten Fjorde Norwegens befinden sich in der N\u00e4he von Bergen<\/a> oder in <a href=\"https:\/\/www.pourquoi-pas-nous.com\/de\/besuchen-geirangerfjord\/\" data-type=\"post\" data-id=\"54371\">Geiranger<\/a>.<\/p>\n\n<figure class=\"wp-block-gallery has-nested-images columns-default is-cropped wp-block-gallery-8 is-layout-flex wp-block-gallery-is-layout-flex\">\n<figure class=\"wp-block-image size-large\"><img data-recalc-dims=\"1\" loading=\"lazy\" decoding=\"async\" width=\"800\" height=\"603\" data-id=\"60889\" src=\"https:\/\/i0.wp.com\/www.pourquoi-pas-nous.com\/wp-content\/uploads\/2024\/05\/PXL_20230707_154235774.jpg?resize=800%2C603&#038;ssl=1\" alt=\"Strand auf der Insel Senja\" class=\"wp-image-60889\" title=\"\" srcset=\"https:\/\/i0.wp.com\/www.pourquoi-pas-nous.com\/wp-content\/uploads\/2024\/05\/PXL_20230707_154235774-scaled.jpg?resize=1200%2C904&amp;ssl=1 1200w, https:\/\/i0.wp.com\/www.pourquoi-pas-nous.com\/wp-content\/uploads\/2024\/05\/PXL_20230707_154235774-scaled.jpg?resize=400%2C301&amp;ssl=1 400w, https:\/\/i0.wp.com\/www.pourquoi-pas-nous.com\/wp-content\/uploads\/2024\/05\/PXL_20230707_154235774-scaled.jpg?w=2048&amp;ssl=1 2048w, https:\/\/i0.wp.com\/www.pourquoi-pas-nous.com\/wp-content\/uploads\/2024\/05\/PXL_20230707_154235774-scaled.jpg?w=1600&amp;ssl=1 1600w\" sizes=\"(max-width: 800px) 100vw, 800px\" \/><\/figure>\n<\/figure>\n\n<figure class=\"wp-block-gallery has-nested-images columns-default is-cropped wp-block-gallery-9 is-layout-flex wp-block-gallery-is-layout-flex\">\n<figure class=\"wp-block-image size-large\"><img data-recalc-dims=\"1\" loading=\"lazy\" decoding=\"async\" width=\"800\" height=\"603\" data-id=\"60894\" src=\"https:\/\/i0.wp.com\/www.pourquoi-pas-nous.com\/wp-content\/uploads\/2024\/05\/PXL_20230707_201131991.jpg?resize=800%2C603&#038;ssl=1\" alt=\"Strand auf der Insel Senja\" class=\"wp-image-60894\" title=\"\" srcset=\"https:\/\/i0.wp.com\/www.pourquoi-pas-nous.com\/wp-content\/uploads\/2024\/05\/PXL_20230707_201131991-scaled.jpg?resize=1200%2C904&amp;ssl=1 1200w, https:\/\/i0.wp.com\/www.pourquoi-pas-nous.com\/wp-content\/uploads\/2024\/05\/PXL_20230707_201131991-scaled.jpg?resize=400%2C301&amp;ssl=1 400w, https:\/\/i0.wp.com\/www.pourquoi-pas-nous.com\/wp-content\/uploads\/2024\/05\/PXL_20230707_201131991-scaled.jpg?w=2048&amp;ssl=1 2048w, https:\/\/i0.wp.com\/www.pourquoi-pas-nous.com\/wp-content\/uploads\/2024\/05\/PXL_20230707_201131991-scaled.jpg?w=1600&amp;ssl=1 1600w\" sizes=\"(max-width: 800px) 100vw, 800px\" \/><figcaption class=\"wp-element-caption\">Der Spot f\u00fcr Camping auf der Insel<\/figcaption><\/figure>\n<\/figure>\n\n<p class=\"has-medium-font-size\">Wanderung Hesten<\/p>\n\n<p>Wir w\u00e4hlten diesen Weg, weil er einen Blick auf den ber\u00fchmten <strong>Gipfel des Segla<\/strong> bietet und auch eine leichtere Wanderung ist.  <\/p>\n\n<p>Wir haben auf unserer letzten norwegischen Wanderung (Klettern) wieder viel erlebt. Der Weg f\u00fchrt durch einen kleinen Strauchwald und steigt nicht zu steil an. Das Ende ist jedoch ein Klettern auf instabilem Untergrund. Ich selbst bin nicht das Risiko eingegangen, den Gipfel allein zu besteigen.  <\/p>\n\n<p>Bitte beachten Sie, dass Sie auf dem Weg nicht anhalten sollten, um nicht von Bremsen gebissen zu werden (auch wenn es weniger sind als auf der vorherigen Wanderung). Wir haben diese Wanderung abwechselnd ohne unsere Tochter gemacht.<\/p>\n\n<p><em>Topographie: Entfernung 5,3 km &#8211; Positiver H\u00f6henunterschied 545 m &#8211; Hin- und R\u00fcckweg 2 Std. Geb\u00fchrenpflichtiger Parkplatz auf Dorfniveau<\/em><\/p>\n\n<p>Wenn Sie nach anderen Wanderideen in Norwegen suchen, empfehlen wir Ihnen den <a href=\"https:\/\/www.pourquoi-pas-nous.com\/de\/preikestolen-norwegen-wandern\/\" data-type=\"post\" data-id=\"52747\">Preikestolen<\/a> in der N\u00e4he von Stavanger oder <a href=\"https:\/\/www.pourquoi-pas-nous.com\/de\/trolltunga-norwegen-wandern\/\">Trolltunga<\/a> in der N\u00e4he von Bergen.<\/p>\n\n<figure class=\"wp-block-gallery has-nested-images columns-default is-cropped wp-block-gallery-10 is-layout-flex wp-block-gallery-is-layout-flex\">\n<figure class=\"wp-block-image size-large\"><img data-recalc-dims=\"1\" loading=\"lazy\" decoding=\"async\" width=\"800\" height=\"1063\" data-id=\"60979\" src=\"https:\/\/i0.wp.com\/www.pourquoi-pas-nous.com\/wp-content\/uploads\/2024\/05\/PXL_20230710_144111999.jpg?resize=800%2C1063&#038;ssl=1\" alt=\"Wanderung auf der Insel Senja\" class=\"wp-image-60979\" title=\"\" srcset=\"https:\/\/i0.wp.com\/www.pourquoi-pas-nous.com\/wp-content\/uploads\/2024\/05\/PXL_20230710_144111999-scaled.jpg?resize=1200%2C1594&amp;ssl=1 1200w, https:\/\/i0.wp.com\/www.pourquoi-pas-nous.com\/wp-content\/uploads\/2024\/05\/PXL_20230710_144111999-scaled.jpg?resize=400%2C531&amp;ssl=1 400w, https:\/\/i0.wp.com\/www.pourquoi-pas-nous.com\/wp-content\/uploads\/2024\/05\/PXL_20230710_144111999-scaled.jpg?w=1542&amp;ssl=1 1542w\" sizes=\"(max-width: 800px) 100vw, 800px\" \/><\/figure>\n\n\n\n<figure class=\"wp-block-image size-large\"><img data-recalc-dims=\"1\" loading=\"lazy\" decoding=\"async\" width=\"800\" height=\"1063\" data-id=\"60984\" src=\"https:\/\/i0.wp.com\/www.pourquoi-pas-nous.com\/wp-content\/uploads\/2024\/05\/PXL_20230710_144301866.jpg?resize=800%2C1063&#038;ssl=1\" alt=\"Wanderung auf der Insel Senja\" class=\"wp-image-60984\" title=\"\" srcset=\"https:\/\/i0.wp.com\/www.pourquoi-pas-nous.com\/wp-content\/uploads\/2024\/05\/PXL_20230710_144301866-scaled.jpg?resize=1200%2C1594&amp;ssl=1 1200w, https:\/\/i0.wp.com\/www.pourquoi-pas-nous.com\/wp-content\/uploads\/2024\/05\/PXL_20230710_144301866-scaled.jpg?resize=400%2C531&amp;ssl=1 400w, https:\/\/i0.wp.com\/www.pourquoi-pas-nous.com\/wp-content\/uploads\/2024\/05\/PXL_20230710_144301866-scaled.jpg?w=1542&amp;ssl=1 1542w\" sizes=\"(max-width: 800px) 100vw, 800px\" \/><\/figure>\n<\/figure>\n\n<figure class=\"wp-block-gallery has-nested-images columns-default is-cropped wp-block-gallery-11 is-layout-flex wp-block-gallery-is-layout-flex\">\n<figure class=\"wp-block-image size-large\"><img data-recalc-dims=\"1\" loading=\"lazy\" decoding=\"async\" width=\"800\" height=\"603\" data-id=\"60959\" src=\"https:\/\/i0.wp.com\/www.pourquoi-pas-nous.com\/wp-content\/uploads\/2024\/05\/PXL_20230710_142734385.jpg?resize=800%2C603&#038;ssl=1\" alt=\"Wanderung auf der Insel Senja\" class=\"wp-image-60959\" title=\"\" srcset=\"https:\/\/i0.wp.com\/www.pourquoi-pas-nous.com\/wp-content\/uploads\/2024\/05\/PXL_20230710_142734385-scaled.jpg?resize=1200%2C904&amp;ssl=1 1200w, https:\/\/i0.wp.com\/www.pourquoi-pas-nous.com\/wp-content\/uploads\/2024\/05\/PXL_20230710_142734385-scaled.jpg?resize=400%2C301&amp;ssl=1 400w, https:\/\/i0.wp.com\/www.pourquoi-pas-nous.com\/wp-content\/uploads\/2024\/05\/PXL_20230710_142734385-scaled.jpg?w=2048&amp;ssl=1 2048w, https:\/\/i0.wp.com\/www.pourquoi-pas-nous.com\/wp-content\/uploads\/2024\/05\/PXL_20230710_142734385-scaled.jpg?w=1600&amp;ssl=1 1600w\" sizes=\"(max-width: 800px) 100vw, 800px\" \/><\/figure>\n<\/figure>\n\n<figure class=\"wp-block-gallery has-nested-images columns-default is-cropped wp-block-gallery-12 is-layout-flex wp-block-gallery-is-layout-flex\">\n<figure class=\"wp-block-image size-large\"><img data-recalc-dims=\"1\" loading=\"lazy\" decoding=\"async\" width=\"800\" height=\"1067\" data-id=\"60944\" src=\"https:\/\/i0.wp.com\/www.pourquoi-pas-nous.com\/wp-content\/uploads\/2024\/05\/PXL_20230710_142221607.jpg?resize=800%2C1067&#038;ssl=1\" alt=\"Wanderung auf der Insel Senja\" class=\"wp-image-60944\" title=\"\" srcset=\"https:\/\/i0.wp.com\/www.pourquoi-pas-nous.com\/wp-content\/uploads\/2024\/05\/PXL_20230710_142221607-scaled.jpg?resize=1200%2C1600&amp;ssl=1 1200w, https:\/\/i0.wp.com\/www.pourquoi-pas-nous.com\/wp-content\/uploads\/2024\/05\/PXL_20230710_142221607-scaled.jpg?resize=400%2C533&amp;ssl=1 400w, https:\/\/i0.wp.com\/www.pourquoi-pas-nous.com\/wp-content\/uploads\/2024\/05\/PXL_20230710_142221607-scaled.jpg?w=1536&amp;ssl=1 1536w\" sizes=\"(max-width: 800px) 100vw, 800px\" \/><\/figure>\n\n\n\n<figure class=\"wp-block-image size-large\"><img data-recalc-dims=\"1\" loading=\"lazy\" decoding=\"async\" width=\"800\" height=\"1063\" data-id=\"60964\" src=\"https:\/\/i0.wp.com\/www.pourquoi-pas-nous.com\/wp-content\/uploads\/2024\/05\/PXL_20230710_142751942.jpg?resize=800%2C1063&#038;ssl=1\" alt=\"Wanderung auf der Insel Senja\" class=\"wp-image-60964\" title=\"\" srcset=\"https:\/\/i0.wp.com\/www.pourquoi-pas-nous.com\/wp-content\/uploads\/2024\/05\/PXL_20230710_142751942-scaled.jpg?resize=1200%2C1594&amp;ssl=1 1200w, https:\/\/i0.wp.com\/www.pourquoi-pas-nous.com\/wp-content\/uploads\/2024\/05\/PXL_20230710_142751942-scaled.jpg?resize=400%2C531&amp;ssl=1 400w, https:\/\/i0.wp.com\/www.pourquoi-pas-nous.com\/wp-content\/uploads\/2024\/05\/PXL_20230710_142751942-scaled.jpg?w=1542&amp;ssl=1 1542w\" sizes=\"(max-width: 800px) 100vw, 800px\" \/><\/figure>\n<\/figure>\n\n<p class=\"has-medium-font-size\">Tungeneset: Ausgebauter Steg mit Blick auf den Teufelszahn<\/p>\n\n<p>Dieser sch\u00f6ne Holzsteg liegt am Stra\u00dfenrand und bietet einen atemberaubenden Blick auf das Meer und die Oksen Bergkette, die oft als &#8222;Teufelszahn&#8220; bezeichnet wird.<\/p>\n\n<figure class=\"wp-block-gallery has-nested-images columns-default is-cropped wp-block-gallery-13 is-layout-flex wp-block-gallery-is-layout-flex\">\n<figure class=\"wp-block-image size-large\"><img data-recalc-dims=\"1\" loading=\"lazy\" decoding=\"async\" width=\"800\" height=\"603\" data-id=\"60844\" src=\"https:\/\/i0.wp.com\/www.pourquoi-pas-nous.com\/wp-content\/uploads\/2024\/05\/PXL_20230707_090923101.jpg?resize=800%2C603&#038;ssl=1\" alt=\"Insel Senja\" class=\"wp-image-60844\" title=\"\" srcset=\"https:\/\/i0.wp.com\/www.pourquoi-pas-nous.com\/wp-content\/uploads\/2024\/05\/PXL_20230707_090923101-scaled.jpg?resize=1200%2C904&amp;ssl=1 1200w, https:\/\/i0.wp.com\/www.pourquoi-pas-nous.com\/wp-content\/uploads\/2024\/05\/PXL_20230707_090923101-scaled.jpg?resize=400%2C301&amp;ssl=1 400w, https:\/\/i0.wp.com\/www.pourquoi-pas-nous.com\/wp-content\/uploads\/2024\/05\/PXL_20230707_090923101-scaled.jpg?w=2048&amp;ssl=1 2048w, https:\/\/i0.wp.com\/www.pourquoi-pas-nous.com\/wp-content\/uploads\/2024\/05\/PXL_20230707_090923101-scaled.jpg?w=1600&amp;ssl=1 1600w\" sizes=\"(max-width: 800px) 100vw, 800px\" \/><figcaption class=\"wp-element-caption\">Teufelszahn<\/figcaption><\/figure>\n<\/figure>\n\n<p class=\"has-medium-font-size\">Panoramastra\u00dfe von Gryllfjord nach Barhamn<\/p>\n\n<p>Wie Sie wissen, haben wir w\u00e4hrend unseres Roadtrips die meisten der 18 <a href=\"https:\/\/www.pourquoi-pas-nous.com\/de\/tourismus-routen-norwegen\/\" data-type=\"post\" data-id=\"60809\">norwegischen Panoramastra\u00dfen<\/a> befahren.<\/p>\n\n<p>Die Panoramastra\u00dfe von Gryllfjord nach Barhamn (die die beiden H\u00e4fen im Norden der Insel verbindet) auf der Insel Senja ist eine der <strong>sch\u00f6nsten landschaftlichen<\/strong> Stra\u00dfen Norwegens. Die Stra\u00dfe f\u00fchrt durch eine beeindruckende Berglandschaft mit schroffen Gipfeln, die sich \u00fcber die Fjorde erheben.<\/p>\n\n<p>Die oben erw\u00e4hnten Fu\u00dfg\u00e4ngerbr\u00fccken befinden sich auf dieser Stra\u00dfe.<\/p>\n\n<figure class=\"wp-block-gallery has-nested-images columns-default is-cropped wp-block-gallery-14 is-layout-flex wp-block-gallery-is-layout-flex\">\n<figure class=\"wp-block-image size-large\"><img data-recalc-dims=\"1\" loading=\"lazy\" decoding=\"async\" width=\"800\" height=\"603\" data-id=\"60839\" src=\"https:\/\/i0.wp.com\/www.pourquoi-pas-nous.com\/wp-content\/uploads\/2024\/05\/PXL_20230706_151905784.jpg?resize=800%2C603&#038;ssl=1\" alt=\"Teufelszahn auf der Insel Senja\" class=\"wp-image-60839\" title=\"\" srcset=\"https:\/\/i0.wp.com\/www.pourquoi-pas-nous.com\/wp-content\/uploads\/2024\/05\/PXL_20230706_151905784-scaled.jpg?resize=1200%2C904&amp;ssl=1 1200w, https:\/\/i0.wp.com\/www.pourquoi-pas-nous.com\/wp-content\/uploads\/2024\/05\/PXL_20230706_151905784-scaled.jpg?resize=400%2C301&amp;ssl=1 400w, https:\/\/i0.wp.com\/www.pourquoi-pas-nous.com\/wp-content\/uploads\/2024\/05\/PXL_20230706_151905784-scaled.jpg?w=2048&amp;ssl=1 2048w, https:\/\/i0.wp.com\/www.pourquoi-pas-nous.com\/wp-content\/uploads\/2024\/05\/PXL_20230706_151905784-scaled.jpg?w=1600&amp;ssl=1 1600w\" sizes=\"(max-width: 800px) 100vw, 800px\" \/><\/figure>\n<\/figure>\n\n<figure class=\"wp-block-gallery has-nested-images columns-default is-cropped wp-block-gallery-15 is-layout-flex wp-block-gallery-is-layout-flex\">\n<figure class=\"wp-block-image size-large\"><img data-recalc-dims=\"1\" loading=\"lazy\" decoding=\"async\" width=\"800\" height=\"603\" data-id=\"60854\" src=\"https:\/\/i0.wp.com\/www.pourquoi-pas-nous.com\/wp-content\/uploads\/2024\/05\/PXL_20230707_092106942.jpg?resize=800%2C603&#038;ssl=1\" alt=\"Strand auf der Insel Senja\" class=\"wp-image-60854\" title=\"\" srcset=\"https:\/\/i0.wp.com\/www.pourquoi-pas-nous.com\/wp-content\/uploads\/2024\/05\/PXL_20230707_092106942-scaled.jpg?resize=1200%2C904&amp;ssl=1 1200w, https:\/\/i0.wp.com\/www.pourquoi-pas-nous.com\/wp-content\/uploads\/2024\/05\/PXL_20230707_092106942-scaled.jpg?resize=400%2C301&amp;ssl=1 400w, https:\/\/i0.wp.com\/www.pourquoi-pas-nous.com\/wp-content\/uploads\/2024\/05\/PXL_20230707_092106942-scaled.jpg?w=2048&amp;ssl=1 2048w, https:\/\/i0.wp.com\/www.pourquoi-pas-nous.com\/wp-content\/uploads\/2024\/05\/PXL_20230707_092106942-scaled.jpg?w=1600&amp;ssl=1 1600w\" sizes=\"(max-width: 800px) 100vw, 800px\" \/><\/figure>\n<\/figure>\n\n<p class=\"has-medium-font-size\">Dorf Bovaer<\/p>\n\n<p>B\u00f8v\u00e6r ist ein kleines Dorf auf der Insel Senja mit einem paradiesischen Strand mit einem Hauch vom Ende der Welt. Ein kleiner Parkplatz steht am Eingang des Dorfes zur Verf\u00fcgung.<\/p>\n\n<figure class=\"wp-block-gallery has-nested-images columns-default is-cropped wp-block-gallery-16 is-layout-flex wp-block-gallery-is-layout-flex\">\n<figure class=\"wp-block-image size-large\"><img data-recalc-dims=\"1\" loading=\"lazy\" decoding=\"async\" width=\"800\" height=\"603\" data-id=\"60929\" src=\"https:\/\/i0.wp.com\/www.pourquoi-pas-nous.com\/wp-content\/uploads\/2024\/05\/PXL_20230710_091229122.jpg?resize=800%2C603&#038;ssl=1\" alt=\"\" class=\"wp-image-60929\" title=\"\" srcset=\"https:\/\/i0.wp.com\/www.pourquoi-pas-nous.com\/wp-content\/uploads\/2024\/05\/PXL_20230710_091229122-scaled.jpg?resize=1200%2C904&amp;ssl=1 1200w, https:\/\/i0.wp.com\/www.pourquoi-pas-nous.com\/wp-content\/uploads\/2024\/05\/PXL_20230710_091229122-scaled.jpg?resize=400%2C301&amp;ssl=1 400w, https:\/\/i0.wp.com\/www.pourquoi-pas-nous.com\/wp-content\/uploads\/2024\/05\/PXL_20230710_091229122-scaled.jpg?w=2048&amp;ssl=1 2048w, https:\/\/i0.wp.com\/www.pourquoi-pas-nous.com\/wp-content\/uploads\/2024\/05\/PXL_20230710_091229122-scaled.jpg?w=1600&amp;ssl=1 1600w\" sizes=\"(max-width: 800px) 100vw, 800px\" \/><\/figure>\n<\/figure>\n\n<figure class=\"wp-block-gallery has-nested-images columns-default is-cropped wp-block-gallery-17 is-layout-flex wp-block-gallery-is-layout-flex\">\n<figure class=\"wp-block-image size-large\"><img data-recalc-dims=\"1\" loading=\"lazy\" decoding=\"async\" width=\"800\" height=\"603\" data-id=\"60934\" src=\"https:\/\/i0.wp.com\/www.pourquoi-pas-nous.com\/wp-content\/uploads\/2024\/05\/PXL_20230710_091638338.jpg?resize=800%2C603&#038;ssl=1\" alt=\"Strand auf der Insel Senja\" class=\"wp-image-60934\" title=\"\" srcset=\"https:\/\/i0.wp.com\/www.pourquoi-pas-nous.com\/wp-content\/uploads\/2024\/05\/PXL_20230710_091638338-scaled.jpg?resize=1200%2C904&amp;ssl=1 1200w, https:\/\/i0.wp.com\/www.pourquoi-pas-nous.com\/wp-content\/uploads\/2024\/05\/PXL_20230710_091638338-scaled.jpg?resize=400%2C301&amp;ssl=1 400w, https:\/\/i0.wp.com\/www.pourquoi-pas-nous.com\/wp-content\/uploads\/2024\/05\/PXL_20230710_091638338-scaled.jpg?w=2048&amp;ssl=1 2048w, https:\/\/i0.wp.com\/www.pourquoi-pas-nous.com\/wp-content\/uploads\/2024\/05\/PXL_20230710_091638338-scaled.jpg?w=1600&amp;ssl=1 1600w\" sizes=\"(max-width: 800px) 100vw, 800px\" \/><\/figure>\n<\/figure>\n\n<p class=\"has-medium-font-size\">Bergsbotn Plattform<\/p>\n\n<p>Ein zweiter Steg erm\u00f6glicht einen weiteren sch\u00f6nen Blick auf den Fjord. Wir fanden diese Einrichtungen wirklich nett, um das Naturerbe des Landes zu pr\u00e4sentieren.  <\/p>\n\n<p>Die <strong>Stegasteinbr\u00fccke<\/strong> bei <a href=\"https:\/\/www.pourquoi-pas-nous.com\/de\/que-faire-a-bergen\/\" data-type=\"post\" data-id=\"53527\">Bergen<\/a> ist unser Favorit in Norwegen.<\/p>\n\n<figure class=\"wp-block-gallery has-nested-images columns-default is-cropped wp-block-gallery-18 is-layout-flex wp-block-gallery-is-layout-flex\">\n<figure class=\"wp-block-image size-large\"><img data-recalc-dims=\"1\" loading=\"lazy\" decoding=\"async\" width=\"800\" height=\"603\" data-id=\"60914\" src=\"https:\/\/i0.wp.com\/www.pourquoi-pas-nous.com\/wp-content\/uploads\/2024\/05\/PXL_20230710_083009786.jpg?resize=800%2C603&#038;ssl=1\" alt=\"Insel Senja Br&#xFC;cke\" class=\"wp-image-60914\" title=\"\" srcset=\"https:\/\/i0.wp.com\/www.pourquoi-pas-nous.com\/wp-content\/uploads\/2024\/05\/PXL_20230710_083009786-scaled.jpg?resize=1200%2C904&amp;ssl=1 1200w, https:\/\/i0.wp.com\/www.pourquoi-pas-nous.com\/wp-content\/uploads\/2024\/05\/PXL_20230710_083009786-scaled.jpg?resize=400%2C301&amp;ssl=1 400w, https:\/\/i0.wp.com\/www.pourquoi-pas-nous.com\/wp-content\/uploads\/2024\/05\/PXL_20230710_083009786-scaled.jpg?w=2048&amp;ssl=1 2048w, https:\/\/i0.wp.com\/www.pourquoi-pas-nous.com\/wp-content\/uploads\/2024\/05\/PXL_20230710_083009786-scaled.jpg?w=1600&amp;ssl=1 1600w\" sizes=\"(max-width: 800px) 100vw, 800px\" \/><\/figure>\n<\/figure>\n\n<figure class=\"wp-block-gallery has-nested-images columns-default is-cropped wp-block-gallery-19 is-layout-flex wp-block-gallery-is-layout-flex\">\n<figure class=\"wp-block-image size-large\"><img data-recalc-dims=\"1\" loading=\"lazy\" decoding=\"async\" width=\"800\" height=\"1063\" data-id=\"60909\" src=\"https:\/\/i0.wp.com\/www.pourquoi-pas-nous.com\/wp-content\/uploads\/2024\/05\/PXL_20230710_082950002.jpg?resize=800%2C1063&#038;ssl=1\" alt=\"Insel Senja Br&#xFC;cke\" class=\"wp-image-60909\" title=\"\" srcset=\"https:\/\/i0.wp.com\/www.pourquoi-pas-nous.com\/wp-content\/uploads\/2024\/05\/PXL_20230710_082950002-scaled.jpg?resize=1200%2C1594&amp;ssl=1 1200w, https:\/\/i0.wp.com\/www.pourquoi-pas-nous.com\/wp-content\/uploads\/2024\/05\/PXL_20230710_082950002-scaled.jpg?resize=400%2C531&amp;ssl=1 400w, https:\/\/i0.wp.com\/www.pourquoi-pas-nous.com\/wp-content\/uploads\/2024\/05\/PXL_20230710_082950002-scaled.jpg?w=1542&amp;ssl=1 1542w\" sizes=\"(max-width: 800px) 100vw, 800px\" \/><\/figure>\n\n\n\n<figure class=\"wp-block-image size-large\"><img data-recalc-dims=\"1\" loading=\"lazy\" decoding=\"async\" width=\"800\" height=\"1063\" data-id=\"60939\" src=\"https:\/\/i0.wp.com\/www.pourquoi-pas-nous.com\/wp-content\/uploads\/2024\/05\/PXL_20230710_091726361.jpg?resize=800%2C1063&#038;ssl=1\" alt=\"Strand auf der Insel Senja\" class=\"wp-image-60939\" title=\"\" srcset=\"https:\/\/i0.wp.com\/www.pourquoi-pas-nous.com\/wp-content\/uploads\/2024\/05\/PXL_20230710_091726361-scaled.jpg?resize=1200%2C1594&amp;ssl=1 1200w, https:\/\/i0.wp.com\/www.pourquoi-pas-nous.com\/wp-content\/uploads\/2024\/05\/PXL_20230710_091726361-scaled.jpg?resize=400%2C531&amp;ssl=1 400w, https:\/\/i0.wp.com\/www.pourquoi-pas-nous.com\/wp-content\/uploads\/2024\/05\/PXL_20230710_091726361-scaled.jpg?w=1542&amp;ssl=1 1542w\" sizes=\"(max-width: 800px) 100vw, 800px\" \/><\/figure>\n<\/figure>\n\n<p>Das <strong>Senjatrollet<\/strong>, ein Vergn\u00fcgungspark rund um Trolle, ist endg\u00fcltig geschlossen.<\/p>\n\n<h2 class=\"wp-block-heading\">Unsere Route auf unserer Karte<\/h2>\n\n<ul class=\"wp-block-list\">\n<li>Tag 1: Erkundung des nord\u00f6stlichen Teils der Insel: Hesten Wanderung + Ersfjord Strand<\/li>\n\n\n\n<li>Tag 2: Erkundung des nordwestlichen Teils der Insel: Aussichtspunkt <strong>Tungeneset<\/strong> + Wanderung <strong>Sukkertoppen<\/strong> nach Skaland + Dorf Bovaer<\/li>\n<\/ul>\n\n<iframe src=\"https:\/\/www.google.com\/maps\/d\/u\/2\/embed?mid=1-8BHnL4udAttdXlxB8QQlXOw39OAWU4&#038;ehbc=2E312F\" width=\"640\" height=\"480\"><\/iframe>\n\n<p>Wir empfehlen Ihnen stattdessen die St\u00e4dte <a href=\"https:\/\/www.pourquoi-pas-nous.com\/de\/que-faire-a-bergen\/\" data-type=\"post\" data-id=\"53527\">Bergen<\/a>, <a href=\"https:\/\/www.pourquoi-pas-nous.com\/de\/besuch-trondheim\/\" data-type=\"post\" data-id=\"55058\">Tromdheim<\/a> oder <a href=\"https:\/\/www.pourquoi-pas-nous.com\/de\/besuchen-stavanger\/\" data-type=\"post\" data-id=\"52931\">Stavanger<\/a> in S\u00fcdnorwegen.<\/p>\n\n<h2 class=\"wp-block-heading\">Besuchen Sie Senja im Winter, um die Nordlichter zu sehen.<\/h2>\n\n<p>Senja liegt am arktischen Polarkreis und ist daher ideal f\u00fcr die Beobachtung der Nordlichter. Die geringe Lichtverschmutzung tr\u00e4gt zur Klarheit und Intensit\u00e4t der Lichter bei. Unserer Meinung nach m\u00fcssen die Spots, an denen man sie bewundern kann, gro\u00dfartig sein:  <\/p>\n\n<ol class=\"wp-block-list\">\n<li><strong>Ersfjordstranda<\/strong>: Ein wundersch\u00f6ner Strand mit freiem Blick auf den Himmel, perfekt f\u00fcr die Beobachtung der Morgenr\u00f6te.<\/li>\n\n\n\n<li><strong>Tungeneset<\/strong>: Ein h\u00f6lzerner Steg mit Panoramablick auf das Meer und die Berge, ein idealer Ort f\u00fcr die Nordlichter.<\/li>\n<\/ol>\n\n<p>Nutzen Sie spezielle Anwendungen oder Webseiten, um die Aktivit\u00e4t der Nordlichter zu verfolgen (z.B. Aurora Forecast).<\/p>\n\n<figure class=\"wp-block-gallery has-nested-images columns-default is-cropped wp-block-gallery-20 is-layout-flex wp-block-gallery-is-layout-flex\">\n<figure class=\"wp-block-image size-large\"><img data-recalc-dims=\"1\" loading=\"lazy\" decoding=\"async\" width=\"800\" height=\"603\" data-id=\"60974\" src=\"https:\/\/i0.wp.com\/www.pourquoi-pas-nous.com\/wp-content\/uploads\/2024\/05\/PXL_20230710_143840112.jpg?resize=800%2C603&#038;ssl=1\" alt=\"Wanderung auf der Insel Senja\" class=\"wp-image-60974\" title=\"\" srcset=\"https:\/\/i0.wp.com\/www.pourquoi-pas-nous.com\/wp-content\/uploads\/2024\/05\/PXL_20230710_143840112-scaled.jpg?resize=1200%2C904&amp;ssl=1 1200w, https:\/\/i0.wp.com\/www.pourquoi-pas-nous.com\/wp-content\/uploads\/2024\/05\/PXL_20230710_143840112-scaled.jpg?resize=400%2C301&amp;ssl=1 400w, https:\/\/i0.wp.com\/www.pourquoi-pas-nous.com\/wp-content\/uploads\/2024\/05\/PXL_20230710_143840112-scaled.jpg?w=2048&amp;ssl=1 2048w, https:\/\/i0.wp.com\/www.pourquoi-pas-nous.com\/wp-content\/uploads\/2024\/05\/PXL_20230710_143840112-scaled.jpg?w=1600&amp;ssl=1 1600w\" sizes=\"(max-width: 800px) 100vw, 800px\" \/><\/figure>\n<\/figure>\n\n<h2 class=\"wp-block-heading\">Praktische Informationen<\/h2>\n\n<h3 class=\"wp-block-heading\">Wie komme ich auf die Insel Senja?<\/h3>\n\n<p class=\"has-medium-font-size\">Von den Lofoten aus<\/p>\n\n<p>Ideal ist es, wenn Sie w\u00e4hrend Ihres Aufenthalts in Norwegen einen <a href=\"https:\/\/www.pourquoi-pas-nous.com\/de\/besuchen-sie-iles-lofoten\/\" data-type=\"post\" data-id=\"57085\">Besuch der Lofoten<\/a> und der Insel Senja einplanen. Wenn Sie schon so weit weg von zu Hause sind, dann sollten Sie es auch genie\u00dfen!<\/p>\n\n<ul class=\"wp-block-list\">\n<li><strong>Stra\u00dfe<\/strong>: Wir haben diese Option gew\u00e4hlt, da sie die g\u00fcnstigste und schnellste ist. Sie m\u00fcssen mit ca. 6 Stunden rechnen, wenn Sie \u00fcber Narvik fahren. Wir empfehlen Ihnen, Fl\u00fcssiggas zu tanken, da es in Senja keine Tankstelle gibt.<\/li>\n<\/ul>\n\n<ul class=\"wp-block-list\">\n<li><strong>Stra\u00dfe + Schiff<\/strong> (im Sommer nur Mitte Mai bis August): Sie k\u00f6nnen auch von den Lofoten aus die Vester\u00e5len (n\u00f6rdlich der Lofoten) \u00fcberqueren und dann eine F\u00e4hre zwischen Andenes (Vester\u00e5len) und <strong>Gryllefjord<\/strong> (n\u00f6rdlich von Senja) nehmen. Wir hatten mit dieser Option gez\u00f6gert, da am Ende unseres Aufenthalts auf den Lofoten der Wetterbericht zwei Tage Regen vorhergesagt hatte.  <br\/><br\/>Wir zogen es vor, keinen Abstecher zu den Vester\u00e5len zu machen, da wir keine Lust hatten, sie bei Regen zu besuchen. Die F\u00e4hre ist ziemlich teuer (Dauer 1,5 Stunden) und kann nicht online gebucht werden. Informationen sind auf der <a href=\"https:\/\/www.torghatten.no\/en\" target=\"_blank\" rel=\"noopener\">offiziellen Website<\/a> verf\u00fcgbar.<\/li>\n<\/ul>\n\n<figure class=\"wp-block-gallery has-nested-images columns-default is-cropped wp-block-gallery-21 is-layout-flex wp-block-gallery-is-layout-flex\">\n<figure class=\"wp-block-image size-large\"><img data-recalc-dims=\"1\" loading=\"lazy\" decoding=\"async\" width=\"779\" height=\"1600\" data-id=\"60811\" src=\"https:\/\/i0.wp.com\/www.pourquoi-pas-nous.com\/wp-content\/uploads\/2024\/05\/ferry-norvege.png?resize=779%2C1600&#038;ssl=1\" alt=\"norwegische F&#xE4;hre senja\" class=\"wp-image-60811\" title=\"\" srcset=\"https:\/\/i0.wp.com\/www.pourquoi-pas-nous.com\/wp-content\/uploads\/2024\/05\/ferry-norvege.png?resize=779%2C1600&amp;ssl=1 779w, https:\/\/i0.wp.com\/www.pourquoi-pas-nous.com\/wp-content\/uploads\/2024\/05\/ferry-norvege.png?resize=292%2C600&amp;ssl=1 292w, https:\/\/i0.wp.com\/www.pourquoi-pas-nous.com\/wp-content\/uploads\/2024\/05\/ferry-norvege.png?w=1080&amp;ssl=1 1080w\" sizes=\"(max-width: 779px) 100vw, 779px\" \/><\/figure>\n\n\n\n<figure class=\"wp-block-image size-large\"><img data-recalc-dims=\"1\" loading=\"lazy\" decoding=\"async\" width=\"766\" height=\"1600\" data-id=\"60816\" src=\"https:\/\/i0.wp.com\/www.pourquoi-pas-nous.com\/wp-content\/uploads\/2024\/05\/ferry-senja.png?resize=766%2C1600&#038;ssl=1\" alt=\"norwegische F&#xE4;hre senja\" class=\"wp-image-60816\" title=\"\" srcset=\"https:\/\/i0.wp.com\/www.pourquoi-pas-nous.com\/wp-content\/uploads\/2024\/05\/ferry-senja.png?resize=766%2C1600&amp;ssl=1 766w, https:\/\/i0.wp.com\/www.pourquoi-pas-nous.com\/wp-content\/uploads\/2024\/05\/ferry-senja.png?resize=287%2C600&amp;ssl=1 287w, https:\/\/i0.wp.com\/www.pourquoi-pas-nous.com\/wp-content\/uploads\/2024\/05\/ferry-senja.png?w=1080&amp;ssl=1 1080w\" sizes=\"(max-width: 766px) 100vw, 766px\" \/><\/figure>\n<\/figure>\n\n<p class=\"has-medium-font-size\">Von Tromso<\/p>\n\n<ul class=\"wp-block-list\">\n<li><strong>Der Flughafen Tromso<\/strong> ist der n\u00e4chstgelegene Flughafen zu Senja. Sie k\u00f6nnen direkt am Flughafen ein Auto mieten und die Insel ist 2,5 Stunden \u00fcber die E8 und dann die E6 erreichbar.<br\/><\/li>\n\n\n\n<li><strong>Mit dem Schiff<\/strong>: Es gibt auch eine F\u00e4hre von Tromso nach Nord-Senja, Informationen und Buchung auf der offiziellen Website: <a href=\"https:\/\/www.torghatten-nord.no\/\" target=\"_blank\" rel=\"noopener\">Torghatten-nord<\/a><\/li>\n<\/ul>\n\n<figure class=\"wp-block-gallery has-nested-images columns-default is-cropped wp-block-gallery-22 is-layout-flex wp-block-gallery-is-layout-flex\">\n<figure class=\"wp-block-image size-large\"><img data-recalc-dims=\"1\" loading=\"lazy\" decoding=\"async\" width=\"800\" height=\"603\" data-id=\"60904\" src=\"https:\/\/i0.wp.com\/www.pourquoi-pas-nous.com\/wp-content\/uploads\/2024\/05\/PXL_20230710_070536220.jpg?resize=800%2C603&#038;ssl=1\" alt=\"Strand auf der Insel Senja\" class=\"wp-image-60904\" title=\"\" srcset=\"https:\/\/i0.wp.com\/www.pourquoi-pas-nous.com\/wp-content\/uploads\/2024\/05\/PXL_20230710_070536220-scaled.jpg?resize=1200%2C904&amp;ssl=1 1200w, https:\/\/i0.wp.com\/www.pourquoi-pas-nous.com\/wp-content\/uploads\/2024\/05\/PXL_20230710_070536220-scaled.jpg?resize=400%2C301&amp;ssl=1 400w, https:\/\/i0.wp.com\/www.pourquoi-pas-nous.com\/wp-content\/uploads\/2024\/05\/PXL_20230710_070536220-scaled.jpg?w=2048&amp;ssl=1 2048w, https:\/\/i0.wp.com\/www.pourquoi-pas-nous.com\/wp-content\/uploads\/2024\/05\/PXL_20230710_070536220-scaled.jpg?w=1600&amp;ssl=1 1600w\" sizes=\"(max-width: 800px) 100vw, 800px\" \/><\/figure>\n<\/figure>\n\n<h3 class=\"wp-block-heading\">Wo kann man in Senja \u00fcbernachten?<\/h3>\n\n<p>Hotel \/ Wohnung<\/p>\n\n<p>&#x2757; Wir empfehlen Ihnen, <strong>Ihre Unterk\u00fcnfte im Voraus zu buchen<\/strong>, insbesondere in der Hochsaison (Juni-August).<\/p>\n\n<p>W\u00e4hlen Sie eine Unterkunft im Norden der<strong> Insel in der N\u00e4he der wichtigsten Sehensw\u00fcrdigkeiten.<\/strong><\/p>\n\n<p><\/p>\n<div class=\"lazyblock-conseils-et-hebergements-zUHsW wp-block-lazyblock-conseils-et-hebergements\"><div class=\"conseils-hebergements\"><span class=\"titre-conseils\"><i class=\"fas fa-map-marked-alt\"><\/i>Unser Favorit &amp;#x2764;&amp;#xfe0f;<\/span>\n<p><p><a href=\"https:\/\/www.booking.com\/hotel\/no\/mefjord-brygge.en.html?aid=1529171&amp;no_rooms=1&amp;group_adults=2\" target=\"_blank\" rel=\"noopener\">Das Hotel Mefjord Brygge<\/a> liegt n\u00f6rdlich der Panoramastra\u00dfe im Herzen des Dorfes und ist ideal zwischen dem Strand von Ersfjord und dem Beginn der Wanderung nach Segla oder Hesten gelegen. Einige Zimmer bieten einen sch\u00f6nen Blick auf den Fjord und die Berge, die als Teufelszahn bekannt sind. Das Hotel bietet sowohl Zimmer als auch Apartments, was praktisch ist, um sich selbst zu verpflegen.<\/p><\/p><\/div><\/div>\n<figure class=\"wp-block-gallery has-nested-images columns-default is-cropped wp-block-gallery-23 is-layout-flex wp-block-gallery-is-layout-flex\">\n<figure class=\"wp-block-image size-large\"><img data-recalc-dims=\"1\" loading=\"lazy\" decoding=\"async\" width=\"800\" height=\"649\" data-id=\"60822\" src=\"https:\/\/i0.wp.com\/www.pourquoi-pas-nous.com\/wp-content\/uploads\/2024\/05\/259055448.jpg?resize=800%2C649&#038;ssl=1\" alt=\"hotel senja norwegen\" class=\"wp-image-60822\" title=\"\" srcset=\"https:\/\/i0.wp.com\/www.pourquoi-pas-nous.com\/wp-content\/uploads\/2024\/05\/259055448.jpg?w=1110&amp;ssl=1 1110w, https:\/\/i0.wp.com\/www.pourquoi-pas-nous.com\/wp-content\/uploads\/2024\/05\/259055448.jpg?resize=400%2C324&amp;ssl=1 400w\" sizes=\"(max-width: 800px) 100vw, 800px\" \/><\/figure>\n\n\n\n<figure class=\"wp-block-image size-large\"><img data-recalc-dims=\"1\" loading=\"lazy\" decoding=\"async\" width=\"800\" height=\"533\" data-id=\"60827\" src=\"https:\/\/i0.wp.com\/www.pourquoi-pas-nous.com\/wp-content\/uploads\/2024\/05\/271502518.jpg?resize=800%2C533&#038;ssl=1\" alt=\"hotel senja norwegen\" class=\"wp-image-60827\" title=\"\" srcset=\"https:\/\/i0.wp.com\/www.pourquoi-pas-nous.com\/wp-content\/uploads\/2024\/05\/271502518.jpg?resize=1200%2C799&amp;ssl=1 1200w, https:\/\/i0.wp.com\/www.pourquoi-pas-nous.com\/wp-content\/uploads\/2024\/05\/271502518.jpg?resize=400%2C266&amp;ssl=1 400w, https:\/\/i0.wp.com\/www.pourquoi-pas-nous.com\/wp-content\/uploads\/2024\/05\/271502518.jpg?w=1280&amp;ssl=1 1280w\" sizes=\"(max-width: 800px) 100vw, 800px\" \/><\/figure>\n<\/figure>\n\n<blockquote class=\"wp-block-quote has-text-align-center is-layout-flow wp-block-quote-is-layout-flow\">\n<p><a href=\"https:\/\/www.booking.com\/hotel\/no\/mefjord-brygge.en.html?aid=1529171&amp;no_rooms=1&amp;group_adults=2\" target=\"_blank\" rel=\"noreferrer noopener nofollow sponsored\">Sehen Sie Preise und Verf\u00fcgbarkeit f\u00fcr das Hotel Mefjord Brygge in Senja<\/a> (gutes Preis-\/Leistungsverh\u00e4ltnis)<\/p>\n<\/blockquote>\n\n<p class=\"has-medium-font-size\">Wildes Biwak<\/p>\n\n<ul class=\"wp-block-list\">\n<li>Der <strong>Strand von Ersfjord<\/strong>, wo Sie Ihr Zelt aufstellen k\u00f6nnen, ist ein wundersch\u00f6ner Ort, mit dem Fahrzeug kommen Sie fr\u00fch, da der Parkplatz klein ist.<br\/><\/li>\n\n\n\n<li><strong>Mefjordvaer Park4night 41106<\/strong> Parkplatz mit kostenlosem Service und sch\u00f6ner Aussicht auf den Teufelszahn!<\/li>\n<\/ul>\n\n<h3 class=\"wp-block-heading\">Welche Ausr\u00fcstung ben\u00f6tigen Sie, um die Insel zu besuchen?<\/h3>\n\n<p>Bringen Sie <strong>Kleidung mit, die f\u00fcr die sehr wechselhaften Bedingungen geeignet<\/strong> ist.<\/p>\n\n<p>Wie immer empfehlen wir Ihnen die <strong>ber\u00fchmte Zwiebeltechnik<\/strong>, bei der Sie <strong>mehrere Schichten Kleidung \u00fcbereinander<\/strong> tragen.<\/p>\n\n<p>Hier ist eine Liste von Kleidungsst\u00fccken, die Sie in Ihren Koffer packen k\u00f6nnen: ein warmer Unterziehpullover (Heattech oder Wolle), ein warmer Pullover, ein Fleece, eine wasserdichte Hose, Wanderschuhe und vor allem wasserfeste Schuhe.<\/p>\n\n<p>Gegen<strong> M\u00fccken und Vampirm\u00fccken<\/strong> empfehlen<strong> wir<\/strong> Ihnen, bei der Ankunft in Norwegen ein <strong>Repellent<\/strong> zu kaufen und es bei Wanderungen nicht zu vergessen. Gegen Bremsen gibt es unseres Wissens nach kein Repellent.<\/p>\n\n<figure class=\"wp-block-gallery has-nested-images columns-default is-cropped wp-block-gallery-24 is-layout-flex wp-block-gallery-is-layout-flex\">\n<figure class=\"wp-block-image size-large\"><img data-recalc-dims=\"1\" loading=\"lazy\" decoding=\"async\" width=\"800\" height=\"603\" data-id=\"60949\" src=\"https:\/\/i0.wp.com\/www.pourquoi-pas-nous.com\/wp-content\/uploads\/2024\/05\/PXL_20230710_142259604.jpg?resize=800%2C603&#038;ssl=1\" alt=\"Wanderung auf der Insel Senja\" class=\"wp-image-60949\" title=\"\" srcset=\"https:\/\/i0.wp.com\/www.pourquoi-pas-nous.com\/wp-content\/uploads\/2024\/05\/PXL_20230710_142259604-scaled.jpg?resize=1200%2C904&amp;ssl=1 1200w, https:\/\/i0.wp.com\/www.pourquoi-pas-nous.com\/wp-content\/uploads\/2024\/05\/PXL_20230710_142259604-scaled.jpg?resize=400%2C301&amp;ssl=1 400w, https:\/\/i0.wp.com\/www.pourquoi-pas-nous.com\/wp-content\/uploads\/2024\/05\/PXL_20230710_142259604-scaled.jpg?w=2048&amp;ssl=1 2048w, https:\/\/i0.wp.com\/www.pourquoi-pas-nous.com\/wp-content\/uploads\/2024\/05\/PXL_20230710_142259604-scaled.jpg?w=1600&amp;ssl=1 1600w\" sizes=\"(max-width: 800px) 100vw, 800px\" \/><\/figure>\n<\/figure>\n\n<h3 class=\"wp-block-heading\">Budget<\/h3>\n\n<p>Das Budget f\u00fcr die Insel Senja ist \u00e4hnlich wie das Budget f\u00fcr die Lofoten. Lesen Sie unseren ausf\u00fchrlichen Artikel zu diesem Thema und <a href=\"https:\/\/www.pourquoi-pas-nous.com\/de\/budget-iles-lofoten\/\" data-type=\"post\" data-id=\"56995\">unsere Tipps zum Sparen w\u00e4hrend Ihres Aufenthalts auf den Lofoten<\/a>.<\/p>\n\n<p>&#x27a1;&#xfe0f; Tagesausfl\u00fcge werden ebenfalls angeboten, Informationen und Preise finden Sie auf der Plattform <a href=\"https:\/\/www.getyourguide.fr\/tromso-l32375\/au-depart-de-tromso-visitez-le-joyau-cache-de-senja-avec-un-plateau-de-degustation-t462262\/?partner_id=0LXQSML&amp;utm_medium=online_publisher&amp;cmp=senja\" data-type=\"link\" data-id=\"https:\/\/www.getyourguide.fr\/tromso-l32375\/au-depart-de-tromso-visitez-le-joyau-cache-de-senja-avec-un-plateau-de-degustation-t462262\/?partner_id=0LXQSML&amp;utm_medium=online_publisher&amp;cmp=senja\" target=\"_blank\" rel=\"noopener\">Get Your Guide<\/a>.<\/p>\n\n<div data-gyg-href=\"https:\/\/widget.getyourguide.com\/default\/availability.frame\" data-gyg-tour-id=\"542394\" data-gyg-locale-code=\"fr-FR\" data-gyg-currency=\"EUR\" data-gyg-widget=\"availability\" data-gyg-variant=\"horizontal\" data-gyg-partner-id=\"0LXQSML\" data-gyg-cmp=\"senjawidget2\"><\/div>\n\n<figure class=\"wp-block-gallery has-nested-images columns-default is-cropped wp-block-gallery-25 is-layout-flex wp-block-gallery-is-layout-flex\">\n<figure class=\"wp-block-image size-large\"><img data-recalc-dims=\"1\" loading=\"lazy\" decoding=\"async\" width=\"800\" height=\"603\" data-id=\"60834\" src=\"https:\/\/i0.wp.com\/www.pourquoi-pas-nous.com\/wp-content\/uploads\/2024\/05\/PXL_20230706_151859437.jpg?resize=800%2C603&#038;ssl=1\" alt=\"Teufelszahn auf der Insel Senja\" class=\"wp-image-60834\" title=\"\" srcset=\"https:\/\/i0.wp.com\/www.pourquoi-pas-nous.com\/wp-content\/uploads\/2024\/05\/PXL_20230706_151859437-scaled.jpg?resize=1200%2C904&amp;ssl=1 1200w, https:\/\/i0.wp.com\/www.pourquoi-pas-nous.com\/wp-content\/uploads\/2024\/05\/PXL_20230706_151859437-scaled.jpg?resize=400%2C301&amp;ssl=1 400w, https:\/\/i0.wp.com\/www.pourquoi-pas-nous.com\/wp-content\/uploads\/2024\/05\/PXL_20230706_151859437-scaled.jpg?w=2048&amp;ssl=1 2048w, https:\/\/i0.wp.com\/www.pourquoi-pas-nous.com\/wp-content\/uploads\/2024\/05\/PXL_20230706_151859437-scaled.jpg?w=1600&amp;ssl=1 1600w\" sizes=\"(max-width: 800px) 100vw, 800px\" \/><\/figure>\n<\/figure>\n\n<p>Es hat uns <strong>viel Freude <\/strong>bereitet, diesen Artikel zu verfassen. Wenn Sie weitere Vorschl\u00e4ge f\u00fcr uns haben, hinterlassen Sie bitte unten einen Kommentar. Wir waren <a href=\"https:\/\/www.pourquoi-pas-nous.com\/de\/road-trip-scandinavien\/\" data-type=\"post\" data-id=\"27431\">2 Monate in Norwegen<\/a>, also lesen Sie bitte auch unsere anderen Artikel \u00fcber dieses unglaubliche Land.<\/p>\n\n<p>Wenn Sie die Lofoten zur gleichen Zeit besuchen, finden Sie unseren Artikel mit <a href=\"https:\/\/www.pourquoi-pas-nous.com\/de\/schoenste-schoensten-orte-im-lofoten\/\" data-type=\"post\" data-id=\"56775\">den sch\u00f6nsten Spots des Archipels hier<\/a>.<\/p>\n\n<p>Z\u00f6gern Sie nicht, uns eine <strong>kurze Nachricht<\/strong> oder <strong>5 Sterne<\/strong> unten zu hinterlassen, um uns mitzuteilen, ob Sie diese Reise planen, stellen Sie alle Ihre Fragen, unten werden wir Ihnen mit gro\u00dfem Vergn\u00fcgen antworten. Du kannst dir unsere <a href=\"https:\/\/www.instagram.com\/stories\/highlights\/17983079960141656\/\" target=\"_blank\" rel=\"noreferrer noopener\">Instagram-Stories von unserer Reise nach Norwegen<\/a> ansehen, um dir einen Vorgeschmack auf das zu geben, was dich erwartet!<\/p>\n<div style='text-align:right' class='yasr-auto-insert-visitor'><\/div>","protected":false},"excerpt":{"rendered":"<p>Sie fragen sich, was Sie auf der Insel Senja in Norwegen sehen und unternehmen k\u00f6nnen? Wie kommen Sie auf die Insel? Wo Sie mit Ihrem Fahrzeug \u00fcbernachten oder in welchem Hotel ? Hier sind Sie richtig! Wir besuchten diese Insel, die im Norden der Lofoten liegt und deren Landschaft einfach wundersch\u00f6n ist. Dies ist ein [&hellip;]<\/p>\n","protected":false},"author":2,"featured_media":60856,"comment_status":"open","ping_status":"closed","sticky":false,"template":"","format":"standard","meta":{"_acf_changed":false,"_wp_convertkit_post_meta":{"form":"-1","landing_page":"0","tag":"0","restrict_content":"0"},"jetpack_post_was_ever_published":false,"yasr_overall_rating":0,"yasr_post_is_review":"","yasr_auto_insert_disabled":"","yasr_review_type":"","_jetpack_newsletter_access":"","_jetpack_dont_email_post_to_subs":false,"_jetpack_newsletter_tier_id":0,"_jetpack_memberships_contains_paywalled_content":false,"_jetpack_memberships_contains_paid_content":false,"footnotes":""},"categories":[338,162],"tags":[],"class_list":["post-61007","post","type-post","status-publish","format-standard","has-post-thumbnail","hentry","category-norwegen","category-reisefuhrer"],"acf":[],"_wp_attached_file":null,"_wp_attachment_image_alt":null,"rank_math_primary_category":"337","rank_math_title":"Roadtrip zur Insel Senja in Norwegen: ein umfassender Reisef\u00fchrer","rank_math_description":"Machen Sie einen Roadtrip mit Ihrer Familie und besuchen Sie die Insel Senja in Norwegen. Ein perfektes Ziel f\u00fcr unvergessliche Abenteuer.  #visiter-ile-senja","rank_math_focus_keyword":"besuchen-ile-senja","yasr_visitor_votes":{"stars_attributes":{"read_only":false,"span_bottom":false},"number_of_votes":0,"sum_votes":0},"jetpack_featured_media_url":"https:\/\/i0.wp.com\/www.pourquoi-pas-nous.com\/wp-content\/uploads\/2024\/05\/PXL_20230707_092106942-scaled.jpg?fit=2048%2C1542&ssl=1","jetpack_sharing_enabled":true,"_links":{"self":[{"href":"https:\/\/www.pourquoi-pas-nous.com\/de\/wp-json\/wp\/v2\/posts\/61007","targetHints":{"allow":["GET"]}}],"collection":[{"href":"https:\/\/www.pourquoi-pas-nous.com\/de\/wp-json\/wp\/v2\/posts"}],"about":[{"href":"https:\/\/www.pourquoi-pas-nous.com\/de\/wp-json\/wp\/v2\/types\/post"}],"author":[{"embeddable":true,"href":"https:\/\/www.pourquoi-pas-nous.com\/de\/wp-json\/wp\/v2\/users\/2"}],"replies":[{"embeddable":true,"href":"https:\/\/www.pourquoi-pas-nous.com\/de\/wp-json\/wp\/v2\/comments?post=61007"}],"version-history":[{"count":57,"href":"https:\/\/www.pourquoi-pas-nous.com\/de\/wp-json\/wp\/v2\/posts\/61007\/revisions"}],"predecessor-version":[{"id":77550,"href":"https:\/\/www.pourquoi-pas-nous.com\/de\/wp-json\/wp\/v2\/posts\/61007\/revisions\/77550"}],"wp:featuredmedia":[{"embeddable":true,"href":"https:\/\/www.pourquoi-pas-nous.com\/de\/wp-json\/wp\/v2\/media\/60856"}],"wp:attachment":[{"href":"https:\/\/www.pourquoi-pas-nous.com\/de\/wp-json\/wp\/v2\/media?parent=61007"}],"wp:term":[{"taxonomy":"category","embeddable":true,"href":"https:\/\/www.pourquoi-pas-nous.com\/de\/wp-json\/wp\/v2\/categories?post=61007"},{"taxonomy":"post_tag","embeddable":true,"href":"https:\/\/www.pourquoi-pas-nous.com\/de\/wp-json\/wp\/v2\/tags?post=61007"}],"curies":[{"name":"wp","href":"https:\/\/api.w.org\/{rel}","templated":true}]}}