{"id":77043,"date":"2026-01-20T21:29:29","date_gmt":"2026-01-20T19:29:29","guid":{"rendered":"https:\/\/www.pourquoi-pas-nous.com\/was-kann-man-in-alvor-in-portugal-unternehmen-straende-und-unsere-meinung\/"},"modified":"2026-02-12T14:29:00","modified_gmt":"2026-02-12T12:29:00","slug":"was-kann-man-in-alvor-in-portugal-unternehmen-straende-und-unsere-meinung","status":"publish","type":"post","link":"https:\/\/www.pourquoi-pas-nous.com\/de\/was-kann-man-in-alvor-in-portugal-unternehmen-straende-und-unsere-meinung\/","title":{"rendered":"Was kann man in Alvor in Portugal unternehmen? Str\u00e4nde und unsere Meinung"},"content":{"rendered":"\n<p>Sie fragen sich, <strong>was Sie in Alvor in Portugal unternehmen<\/strong> k\u00f6nnen? Dann sind Sie hier richtig. W\u00e4hrend unseres Aufenthalts in der Algarve w\u00e4hlten wir Alvor, um die Str\u00e4nde und die Strandpromenade zu erkunden, die weniger betoniert ist als in anderen Teilen der Region.    <\/p>\n\n<figure class=\"wp-block-image size-large\"><img data-recalc-dims=\"1\" data-dominant-color=\"887961\" data-has-transparency=\"false\" style=\"--dominant-color: #887961;\" fetchpriority=\"high\" decoding=\"async\" width=\"800\" height=\"379\" src=\"https:\/\/i0.wp.com\/www.pourquoi-pas-nous.com\/wp-content\/uploads\/2026\/01\/20210823_181354.jpg?resize=800%2C379&#038;ssl=1\" alt=\"\" class=\"wp-image-76968 not-transparent\" title=\"\" srcset=\"https:\/\/i0.wp.com\/www.pourquoi-pas-nous.com\/wp-content\/uploads\/2026\/01\/20210823_181354-scaled.jpg?resize=1200%2C568&amp;ssl=1 1200w, https:\/\/i0.wp.com\/www.pourquoi-pas-nous.com\/wp-content\/uploads\/2026\/01\/20210823_181354-scaled.jpg?resize=400%2C189&amp;ssl=1 400w, https:\/\/i0.wp.com\/www.pourquoi-pas-nous.com\/wp-content\/uploads\/2026\/01\/20210823_181354-scaled.jpg?w=2048&amp;ssl=1 2048w, https:\/\/i0.wp.com\/www.pourquoi-pas-nous.com\/wp-content\/uploads\/2026\/01\/20210823_181354-scaled.jpg?w=1600&amp;ssl=1 1600w\" sizes=\"(max-width: 800px) 100vw, 800px\" \/><\/figure>\n\n<p>In diesem Artikel finden Sie alle <strong>unsere Tipps und Tricks<\/strong>, um Alvor in vollen <strong>Z\u00fcgen<\/strong> zu genie\u00dfen.<\/p>\n\n<div class=\"wp-block-group fiche-lieu has-background is-layout-constrained wp-block-group-is-layout-constrained\" style=\"background-color:#7ba0982e\">\n<p class=\"has-text-align-center is-style-default has-white-color has-text-color has-background has-link-color has-medium-font-size wp-elements-de5605decce31c0f4d8bc503b3de51f5\" style=\"background-color:#7ba098\"><strong><strong>Schl\u00fcsselnachweis: Alvor<\/strong><\/strong><\/p>\n\n\n\n<div class=\"wp-block-group has-custom-fond-background-color has-background is-vertical is-layout-flex wp-container-core-group-is-layout-73aff06f wp-block-group-is-layout-flex\" style=\"border-style:none;border-width:0px;margin-top:0px;margin-bottom:0px;padding-top:var(--wp--preset--spacing--10);padding-right:var(--wp--preset--spacing--10);padding-bottom:var(--wp--preset--spacing--10);padding-left:var(--wp--preset--spacing--10)\">\n<div class=\"wp-block-columns is-layout-flex wp-container-core-columns-is-layout-8d88fe0f wp-block-columns-is-layout-flex\" style=\"border-right-style:none;border-right-width:0px;border-bottom-style:none;border-bottom-width:0px;border-left-style:none;border-left-width:0px;padding-top:var(--wp--preset--spacing--20);padding-bottom:var(--wp--preset--spacing--20)\">\n<div class=\"wp-block-column is-layout-flow wp-block-column-is-layout-flow\" style=\"flex-basis:150px\">\n<p class=\"has-text-align-center has-medium-font-size\"><strong>Wo befindet sich Alvor<\/strong>?<\/p>\n<\/div>\n\n\n\n<div class=\"wp-block-column is-layout-flow wp-block-column-is-layout-flow\" style=\"flex-basis:100%\">\n<p>In der Algarve, im S\u00fcden Portugals, 1 Stunde von Faro entfernt.<\/p>\n<\/div>\n<\/div>\n\n\n\n<div class=\"wp-block-columns is-layout-flex wp-container-core-columns-is-layout-8d88fe0f wp-block-columns-is-layout-flex\" style=\"border-top-color:var(--wp--preset--color--custom-bleu-fonc);border-top-style:dotted;border-top-width:1px;padding-top:var(--wp--preset--spacing--20);padding-bottom:var(--wp--preset--spacing--20)\">\n<div class=\"wp-block-column is-layout-flow wp-block-column-is-layout-flow\" style=\"flex-basis:150px\">\n<p class=\"has-text-align-center has-medium-font-size\"><strong>Unumg\u00e4ngliche Informationen<\/strong><\/p>\n<\/div>\n\n\n\n<div class=\"wp-block-column is-layout-flow wp-block-column-is-layout-flow\" style=\"flex-basis:100%\">\n<p>&#x1f3d6;&#xfe0f; Der breite Strand von Alvor mit kristallklarem Wasser<br\/>&#x1faa8; Felsformationen bei <strong>Praia dos Tr\u00eas Irm\u00e3os<\/strong><br\/>&#x1f6a4; <a href=\"https:\/\/www.getyourguide.fr\/alvor-l2936\/alvor-exploration-des-grottes-en-bateau-et-en-kayak-t516436\/?partner_id=0LXQSML&amp;utm_medium=online_publisher&amp;cmp=alvor\" data-type=\"link\" data-id=\"https:\/\/www.getyourguide.fr\/alvor-l2936\/alvor-exploration-des-grottes-en-bateau-et-en-kayak-t516436\/?partner_id=0LXQSML&amp;utm_medium=online_publisher&amp;cmp=alvor\" target=\"_blank\" rel=\"noopener\">Erkunden Sie die K\u00fcste mit dem Boot und betreten Sie die Meeresh\u00f6hlen mit Wooden Boat Tours<br\/><\/a>&#x1f33f; Die nat\u00fcrliche Lagune der Ria de Alvor<br\/>Das historische Zentrum<\/p>\n\n\n\n<div data-gyg-href=\"https:\/\/widget.getyourguide.com\/default\/availability.frame\" data-gyg-tour-id=\"516436\" data-gyg-locale-code=\"fr-FR\" data-gyg-currency=\"EUR\" data-gyg-widget=\"availability\" data-gyg-variant=\"horizontal\" data-gyg-partner-id=\"0LXQSML\" data-gyg-cmp=\"alvor\"><\/div>\n<\/div>\n<\/div>\n\n\n\n<div class=\"wp-block-columns is-layout-flex wp-container-core-columns-is-layout-8d88fe0f wp-block-columns-is-layout-flex\" style=\"border-top-color:var(--wp--preset--color--custom-bleu-fonc);border-top-style:dotted;border-top-width:1px;padding-top:var(--wp--preset--spacing--20);padding-bottom:var(--wp--preset--spacing--20)\">\n<div class=\"wp-block-column is-layout-flow wp-block-column-is-layout-flow\" style=\"flex-basis:150px\">\n<p class=\"has-text-align-center has-medium-font-size\">Unser Hotel mit den F\u00fc\u00dfen im Wasser<\/p>\n<\/div>\n\n\n\n<div class=\"wp-block-column is-layout-flow wp-block-column-is-layout-flow\" style=\"flex-basis:100%\">\n<p><em><a href=\"https:\/\/www.booking.com\/hotel\/pt\/cidade-de-olhao.fr.html?aid=1529171&amp;no_rooms=1&amp;group_adults=2\" data-type=\"link\" data-id=\"https:\/\/www.booking.com\/hotel\/pt\/cidade-de-olhao.fr.html?aid=1529171&amp;no_rooms=1&amp;group_adults=2\" target=\"_blank\" rel=\"noopener\">&#x1f4a6;<\/a><\/em> <em><a href=\"https:\/\/www.booking.com\/hotel\/pt\/cidade-de-olhao.fr.html?aid=1529171&amp;no_rooms=1&amp;group_adults=2\" data-type=\"link\" data-id=\"https:\/\/www.booking.com\/hotel\/pt\/cidade-de-olhao.fr.html?aid=1529171&amp;no_rooms=1&amp;group_adults=2\" target=\"_blank\" rel=\"noopener\">I<\/a><a href=\"https:\/\/www.booking.com\/hotel\/pt\/pestana-alvor-south-beach-premium-suite.fr.html?aid=1529171&amp;no_rooms=1&amp;group_adults=2\" data-type=\"link\" data-id=\"https:\/\/www.booking.com\/hotel\/pt\/pestana-alvor-south-beach-premium-suite.fr.html?aid=1529171&amp;no_rooms=1&amp;group_adults=2\" target=\"_blank\" rel=\"noreferrer noopener nofollow\"><em>nfo und Buchung f\u00fcr das Hotel Pestana Alvor South Beach<\/em><\/a> pro Nacht mit 3 gro\u00dfartigen Pools und direktem Zugang zum Strand von Alvor und Fr\u00fchst\u00fcck. <\/em> <\/p>\n<\/div>\n<\/div>\n<\/div>\n<\/div>\n\n<h2 class=\"wp-block-heading\">Was kann man in Alvor in Portugal unternehmen?<\/h2>\n\n<h3 class=\"wp-block-heading\">Str\u00e4nde und Felsformationen in Alvor: sch\u00f6n, riesig und nat\u00fcrlich<\/h3>\n\n<p>Die <strong>Str\u00e4nde in Alvor<\/strong> geh\u00f6ren eindeutig zu den sch\u00f6nsten \u00dcberraschungen des Urlaubs. Wir hatten nicht erwartet, in dieser Region der Algarve so viel Sand und so sch\u00f6ne Str\u00e4nde zu finden.   <\/p>\n\n<blockquote class=\"wp-block-quote is-layout-flow wp-block-quote-is-layout-flow\">\n<p class=\"has-text-align-center\">Wir fanden auch, dass <strong>die Strandpromenade weniger betoniert<\/strong> war als in anderen D\u00f6rfern an der Algarve.<\/p>\n<\/blockquote>\n\n<p>Im Vergleich zu einigen der urbanisierteren Orte in der Region, wie z.B. Arma\u00e7\u00e3o de P\u00eara, wo die H\u00e4user direkt am Strand liegen.<\/p>\n\n<p><em>Ein kleiner sprachlicher Hinweis: Strand hei\u00dft auf Portugiesisch <strong>Praia<\/strong>.<\/em><\/p>\n\n<ul class=\"wp-block-list\">\n<li>&#x1f3d6;&#xfe0f; Der <strong>Praia de Alvor<\/strong> ist der Hauptstrand von Alvor. Er hat hellen Sand, durchsichtiges Wasser und erstreckt sich \u00fcber eine L\u00e4nge von etwa 3 km. Der <strong>Praia da Torralta<\/strong> ist ein Nebenstrand des Praia de Alvor. <br\/><\/li>\n<\/ul>\n\n<ul class=\"wp-block-list\">\n<li>&#x1faa8; Wir empfehlen Ihnen, am Strand entlang \u00fcber die <strong>Holzstege nach Osten<\/strong> zu gehen, um den <strong>Praia dos Tr\u00eas Irm\u00e3os<\/strong> mit seinen Felsformationen und dem f\u00fcr die Algarve typischen kristallklaren Wasser zu erreichen. <a href=\"https:\/\/www.chapkadirect.fr\/index.php?action=produit&amp;id=809&amp;app=pourquoipasnous\" target=\"_blank\" rel=\"noopener\"><\/a>Wir waren bei Ebbe dort und nutzten die Gelegenheit, um zwischen den Felsen zu wandern und einige wirklich coole kleine Buchten zu entdecken. <br\/><br\/>&#x1f305; Wir empfehlen Ihnen, bei <strong>Sonnenuntergang<\/strong> zu gehen, wenn die <strong>goldenen Lichter die Felsen beleuchten<\/strong>.<\/li>\n<\/ul>\n\n<p><em>&#x1f17f;&#xfe0f; Und das gro\u00dfe Plus: Sie ist mit einem gro\u00dfen kostenlosen Parkplatz ausgestattet (auf unserer Karte vermerkt).<\/em><\/p>\n\n<p>Wir waren angenehm \u00fcberrascht von der Sch\u00f6nheit der Str\u00e4nde in dieser Region, aber man muss sagen, dass <strong>das Wasser<\/strong> selbst im Sommer <strong>k\u00fchl ist<\/strong>. Es wird selten w\u00e4rmer als <strong>18 Grad<\/strong>. Es dauerte eine Weile, bis wir uns in den Strand hineinversetzen konnten. Der erste Schritt ist immer der schwierigste. Gl\u00fccklicherweise ist die Au\u00dfenluft sehr warm, so dass das Schwimmen im Wasser sehr angenehm ist.      <\/p>\n\n<p>&#x1f4a1; Dieser Kontrast ist ein wesentlicher Bestandteil des Charmes der Algarve, weshalb wir auch empfehlen, ein Hotel mit Pool zu mieten und wenn Sie einen haben, denken Sie daran, 2.2 Surfanz\u00fcge in Ihr Gep\u00e4ck zu packen, unsere waren bei uns in <a href=\"https:\/\/www.pourquoi-pas-nous.com\/de\/ile-oleron\/\" data-type=\"post\" data-id=\"5825\" target=\"_blank\" rel=\"noreferrer noopener\">Ol\u00e9ron<\/a> geblieben.<\/p>\n\n<figure class=\"wp-block-image size-large\"><img data-recalc-dims=\"1\" data-dominant-color=\"9da4ac\" data-has-transparency=\"false\" style=\"--dominant-color: #9da4ac;\" decoding=\"async\" width=\"800\" height=\"379\" src=\"https:\/\/i0.wp.com\/www.pourquoi-pas-nous.com\/wp-content\/uploads\/2026\/01\/20210825_144310.jpg?resize=800%2C379&#038;ssl=1\" alt=\"alvor portugal algarve\" class=\"wp-image-76992 not-transparent\" title=\"\" srcset=\"https:\/\/i0.wp.com\/www.pourquoi-pas-nous.com\/wp-content\/uploads\/2026\/01\/20210825_144310-scaled.jpg?resize=1200%2C569&amp;ssl=1 1200w, https:\/\/i0.wp.com\/www.pourquoi-pas-nous.com\/wp-content\/uploads\/2026\/01\/20210825_144310-scaled.jpg?resize=400%2C190&amp;ssl=1 400w, https:\/\/i0.wp.com\/www.pourquoi-pas-nous.com\/wp-content\/uploads\/2026\/01\/20210825_144310-scaled.jpg?w=2048&amp;ssl=1 2048w, https:\/\/i0.wp.com\/www.pourquoi-pas-nous.com\/wp-content\/uploads\/2026\/01\/20210825_144310-scaled.jpg?w=1600&amp;ssl=1 1600w\" sizes=\"(max-width: 800px) 100vw, 800px\" \/><\/figure>\n\n<figure class=\"wp-block-gallery has-nested-images columns-default is-cropped wp-block-gallery-2 is-layout-flex wp-block-gallery-is-layout-flex\">\n<figure class=\"wp-block-image size-large\"><img data-recalc-dims=\"1\" data-dominant-color=\"9f876a\" data-has-transparency=\"false\" style=\"--dominant-color: #9f876a;\" decoding=\"async\" width=\"757\" height=\"1600\" data-id=\"76988\" src=\"https:\/\/i0.wp.com\/www.pourquoi-pas-nous.com\/wp-content\/uploads\/2026\/01\/20210823_181402.jpg?resize=757%2C1600&#038;ssl=1\" alt=\"alvor portugal algarve\" class=\"wp-image-76988 not-transparent\" title=\"\" srcset=\"https:\/\/i0.wp.com\/www.pourquoi-pas-nous.com\/wp-content\/uploads\/2026\/01\/20210823_181402-scaled.jpg?resize=757%2C1600&amp;ssl=1 757w, https:\/\/i0.wp.com\/www.pourquoi-pas-nous.com\/wp-content\/uploads\/2026\/01\/20210823_181402-scaled.jpg?resize=284%2C600&amp;ssl=1 284w, https:\/\/i0.wp.com\/www.pourquoi-pas-nous.com\/wp-content\/uploads\/2026\/01\/20210823_181402-scaled.jpg?w=969&amp;ssl=1 969w\" sizes=\"(max-width: 757px) 100vw, 757px\" \/><\/figure>\n\n\n\n<figure class=\"wp-block-image size-large\"><img data-recalc-dims=\"1\" data-dominant-color=\"808a97\" data-has-transparency=\"false\" style=\"--dominant-color: #808a97;\" loading=\"lazy\" decoding=\"async\" width=\"800\" height=\"1067\" data-id=\"76976\" src=\"https:\/\/i0.wp.com\/www.pourquoi-pas-nous.com\/wp-content\/uploads\/2026\/01\/WhatsApp-Image-2026-01-20-at-18.10.31-2.jpeg?resize=800%2C1067&#038;ssl=1\" alt=\"alvor portugal algarve\" class=\"wp-image-76976 not-transparent\" title=\"\" srcset=\"https:\/\/i0.wp.com\/www.pourquoi-pas-nous.com\/wp-content\/uploads\/2026\/01\/WhatsApp-Image-2026-01-20-at-18.10.31-2.jpeg?w=1200&amp;ssl=1 1200w, https:\/\/i0.wp.com\/www.pourquoi-pas-nous.com\/wp-content\/uploads\/2026\/01\/WhatsApp-Image-2026-01-20-at-18.10.31-2.jpeg?resize=400%2C533&amp;ssl=1 400w\" sizes=\"(max-width: 800px) 100vw, 800px\" \/><\/figure>\n<\/figure>\n\n<figure class=\"wp-block-image size-large\"><img data-recalc-dims=\"1\" data-dominant-color=\"71869a\" data-has-transparency=\"false\" style=\"--dominant-color: #71869a;\" loading=\"lazy\" decoding=\"async\" width=\"800\" height=\"379\" src=\"https:\/\/i0.wp.com\/www.pourquoi-pas-nous.com\/wp-content\/uploads\/2026\/01\/WhatsApp-Image-2026-01-20-at-18.10.31-1.jpeg?resize=800%2C379&#038;ssl=1\" alt=\"\" class=\"wp-image-76977 not-transparent\" title=\"\" srcset=\"https:\/\/i0.wp.com\/www.pourquoi-pas-nous.com\/wp-content\/uploads\/2026\/01\/WhatsApp-Image-2026-01-20-at-18.10.31-1.jpeg?resize=1200%2C568&amp;ssl=1 1200w, https:\/\/i0.wp.com\/www.pourquoi-pas-nous.com\/wp-content\/uploads\/2026\/01\/WhatsApp-Image-2026-01-20-at-18.10.31-1.jpeg?resize=400%2C189&amp;ssl=1 400w, https:\/\/i0.wp.com\/www.pourquoi-pas-nous.com\/wp-content\/uploads\/2026\/01\/WhatsApp-Image-2026-01-20-at-18.10.31-1.jpeg?w=1600&amp;ssl=1 1600w\" sizes=\"(max-width: 800px) 100vw, 800px\" \/><\/figure>\n\n<figure class=\"wp-block-image size-large\"><img data-recalc-dims=\"1\" data-dominant-color=\"76736b\" data-has-transparency=\"false\" style=\"--dominant-color: #76736b;\" loading=\"lazy\" decoding=\"async\" width=\"800\" height=\"395\" src=\"https:\/\/i0.wp.com\/www.pourquoi-pas-nous.com\/wp-content\/uploads\/2026\/01\/20210823_181345.jpg?resize=800%2C395&#038;ssl=1\" alt=\"\" class=\"wp-image-76967 not-transparent\" title=\"\" srcset=\"https:\/\/i0.wp.com\/www.pourquoi-pas-nous.com\/wp-content\/uploads\/2026\/01\/20210823_181345-scaled.jpg?resize=1200%2C592&amp;ssl=1 1200w, https:\/\/i0.wp.com\/www.pourquoi-pas-nous.com\/wp-content\/uploads\/2026\/01\/20210823_181345-scaled.jpg?resize=400%2C197&amp;ssl=1 400w, https:\/\/i0.wp.com\/www.pourquoi-pas-nous.com\/wp-content\/uploads\/2026\/01\/20210823_181345-scaled.jpg?w=2048&amp;ssl=1 2048w, https:\/\/i0.wp.com\/www.pourquoi-pas-nous.com\/wp-content\/uploads\/2026\/01\/20210823_181345-scaled.jpg?w=1600&amp;ssl=1 1600w\" sizes=\"(max-width: 800px) 100vw, 800px\" \/><\/figure>\n\n<p><em>Beispiele f\u00fcr Kinderkombinationen, die auf einem Flohmarkt gefunden wurden.<\/em><\/p>\n\n<figure class=\"wp-block-gallery has-nested-images columns-default is-cropped wp-block-gallery-3 is-layout-flex wp-block-gallery-is-layout-flex\">\n<figure class=\"wp-block-image size-large\"><img data-recalc-dims=\"1\" data-dominant-color=\"96898f\" data-has-transparency=\"false\" style=\"--dominant-color: #96898f;\" loading=\"lazy\" decoding=\"async\" width=\"800\" height=\"1063\" data-id=\"79174\" src=\"https:\/\/i0.wp.com\/www.pourquoi-pas-nous.com\/wp-content\/uploads\/2026\/02\/PXL_20251001_134304497.jpg?resize=800%2C1063&#038;ssl=1\" alt=\"lison Kombination\" class=\"wp-image-79174 not-transparent\" title=\"\" srcset=\"https:\/\/i0.wp.com\/www.pourquoi-pas-nous.com\/wp-content\/uploads\/2026\/02\/PXL_20251001_134304497-scaled.jpg?resize=1200%2C1594&amp;ssl=1 1200w, https:\/\/i0.wp.com\/www.pourquoi-pas-nous.com\/wp-content\/uploads\/2026\/02\/PXL_20251001_134304497-scaled.jpg?resize=400%2C531&amp;ssl=1 400w, https:\/\/i0.wp.com\/www.pourquoi-pas-nous.com\/wp-content\/uploads\/2026\/02\/PXL_20251001_134304497-scaled.jpg?w=1542&amp;ssl=1 1542w\" sizes=\"(max-width: 800px) 100vw, 800px\" \/><\/figure>\n\n\n\n<figure class=\"wp-block-image size-large\"><img data-recalc-dims=\"1\" data-dominant-color=\"778188\" data-has-transparency=\"false\" style=\"--dominant-color: #778188;\" loading=\"lazy\" decoding=\"async\" width=\"800\" height=\"1063\" data-id=\"79173\" src=\"https:\/\/i0.wp.com\/www.pourquoi-pas-nous.com\/wp-content\/uploads\/2026\/02\/PXL_20241103_143727585.jpg?resize=800%2C1063&#038;ssl=1\" alt=\"lison Kombination\" class=\"wp-image-79173 not-transparent\" title=\"\" srcset=\"https:\/\/i0.wp.com\/www.pourquoi-pas-nous.com\/wp-content\/uploads\/2026\/02\/PXL_20241103_143727585-scaled.jpg?resize=1200%2C1594&amp;ssl=1 1200w, https:\/\/i0.wp.com\/www.pourquoi-pas-nous.com\/wp-content\/uploads\/2026\/02\/PXL_20241103_143727585-scaled.jpg?resize=400%2C531&amp;ssl=1 400w, https:\/\/i0.wp.com\/www.pourquoi-pas-nous.com\/wp-content\/uploads\/2026\/02\/PXL_20241103_143727585-scaled.jpg?w=1542&amp;ssl=1 1542w\" sizes=\"(max-width: 800px) 100vw, 800px\" \/><\/figure>\n<\/figure>\n\n<h3 class=\"wp-block-heading\">Erkunden Sie die K\u00fcste von Alvor mit dem Boot und Kajak<\/h3>\n\n<p>Bei einem Aufenthalt in Alvor ist es unm\u00f6glich, einen Ausflug aufs Meer zu verpassen. Die K\u00fcste der Algarve ist ber\u00fchmt f\u00fcr ihre H\u00f6hlen, nat\u00fcrlichen B\u00f6gen und Klippen, die vom Ozean geformt wurden, und nat\u00fcrlich \u00e4ndert sich die Perspektive, wenn man sie vom Wasser aus entdeckt. <\/p>\n\n<p>&#x2764;&#xfe0f; &#x26f5; Wir entschieden uns f\u00fcr eine dreist\u00fcndige Erkundung dieser Gegend per <strong>Boot <\/strong>und <strong>Kajak in einer kleinen Gruppe<\/strong> mit der Firma <a href=\"https:\/\/www.getyourguide.fr\/alvor-l2936\/alvor-exploration-des-grottes-en-bateau-et-en-kayak-t516436\/?partner_id=0LXQSML&amp;utm_medium=online_publisher&amp;cmp=alvor\" data-type=\"link\" data-id=\"https:\/\/www.getyourguide.fr\/alvor-l2936\/alvor-exploration-des-grottes-en-bateau-et-en-kayak-t516436\/?partner_id=0LXQSML&amp;utm_medium=online_publisher&amp;cmp=alvor\" target=\"_blank\" rel=\"noopener\">Wooden Boat Tours<\/a>. Das Erlebnis beginnt mit einer <strong>Bootsfahrt entlang der K\u00fcste<\/strong>, die Sie entlang der Klippen und in sonst unzug\u00e4ngliche Gebiete f\u00fchrt.  <\/p>\n\n<p>Dort angekommen, geht es mit dem Kajak (die Strecke ist kurz) direkt in die <strong>Meeresh\u00f6hlen<\/strong>. Die Szenerie wird durch das Lichtspiel, die Felsw\u00e4nde und die Stille im Inneren der H\u00f6hlen wirklich beeindruckend. Das Tempo ist gem\u00e4chlich, auch ohne besondere Erfahrung zug\u00e4nglich und die Betreuung erm\u00f6glicht es Ihnen, ohne Stress zu genie\u00dfen.  <\/p>\n\n<blockquote class=\"wp-block-quote has-text-align-center is-layout-flow wp-block-quote-is-layout-flow\">\n<p>&#x1f39f;&#xfe0f; <a href=\"https:\/\/www.getyourguide.fr\/alvor-l2936\/alvor-exploration-des-grottes-en-bateau-et-en-kayak-t516436\/?partner_id=0LXQSML&amp;utm_medium=online_publisher&amp;cmp=alvor\" data-type=\"link\" data-id=\"https:\/\/www.getyourguide.fr\/alvor-l2936\/alvor-exploration-des-grottes-en-bateau-et-en-kayak-t516436\/?partner_id=0LXQSML&amp;utm_medium=online_publisher&amp;cmp=alvor\" target=\"_blank\" rel=\"noopener\"><em>Info und Buchung einer 3-st\u00fcndigen Kreuzfahrt ab Alvor<\/em><\/a><\/p>\n<\/blockquote>\n\n<div data-gyg-href=\"https:\/\/widget.getyourguide.com\/default\/availability.frame\" data-gyg-tour-id=\"516436\" data-gyg-locale-code=\"fr-FR\" data-gyg-currency=\"EUR\" data-gyg-widget=\"availability\" data-gyg-variant=\"horizontal\" data-gyg-partner-id=\"0LXQSML\" data-gyg-cmp=\"alvor\"><\/div>\n\n<h3 class=\"wp-block-heading\">Ria de Alvor: eine Auszeit in der Natur<\/h3>\n\n<p>Die <strong>Ria de Alvor<\/strong> ist eine nat\u00fcrliche Lagune, die von langen Holzstegen durchzogen wird, die sich durch die S\u00fcmpfe schl\u00e4ngeln. Es ist ein perfekter Ort f\u00fcr einen Spaziergang. <\/p>\n\n<p>Es wurden V\u00f6gel, ruhende Boote und Landschaften, die sich je nach Lichteinfall ver\u00e4ndern, beobachtet. Am Ende des Tages ist die Atmosph\u00e4re besonders angenehm. <\/p>\n\n<p><em>&#x1f449; Gut markierte Wanderung <strong>&#8222;Ao Sabor da mar\u00e9&#8220;<\/strong> von 5 km auf Holzstegen, rechnen Sie mit ca. 2 Stunden f\u00fcr den Rundweg.<\/em><\/p>\n\n<figure class=\"wp-block-image size-large\"><img data-recalc-dims=\"1\" data-dominant-color=\"888d96\" data-has-transparency=\"false\" style=\"--dominant-color: #888d96;\" loading=\"lazy\" decoding=\"async\" width=\"800\" height=\"379\" src=\"https:\/\/i0.wp.com\/www.pourquoi-pas-nous.com\/wp-content\/uploads\/2026\/01\/20210825_144408.jpg?resize=800%2C379&#038;ssl=1\" alt=\"\" class=\"wp-image-76973 not-transparent\" title=\"\" srcset=\"https:\/\/i0.wp.com\/www.pourquoi-pas-nous.com\/wp-content\/uploads\/2026\/01\/20210825_144408-scaled.jpg?resize=1200%2C568&amp;ssl=1 1200w, https:\/\/i0.wp.com\/www.pourquoi-pas-nous.com\/wp-content\/uploads\/2026\/01\/20210825_144408-scaled.jpg?resize=400%2C189&amp;ssl=1 400w, https:\/\/i0.wp.com\/www.pourquoi-pas-nous.com\/wp-content\/uploads\/2026\/01\/20210825_144408-scaled.jpg?w=2048&amp;ssl=1 2048w, https:\/\/i0.wp.com\/www.pourquoi-pas-nous.com\/wp-content\/uploads\/2026\/01\/20210825_144408-scaled.jpg?w=1600&amp;ssl=1 1600w\" sizes=\"(max-width: 800px) 100vw, 800px\" \/><\/figure>\n\n<figure class=\"wp-block-image size-full\"><img data-recalc-dims=\"1\" data-dominant-color=\"b6b2ab\" data-has-transparency=\"true\" style=\"--dominant-color: #b6b2ab;\" loading=\"lazy\" decoding=\"async\" width=\"800\" height=\"462\" src=\"https:\/\/i0.wp.com\/www.pourquoi-pas-nous.com\/wp-content\/uploads\/2026\/01\/image-16.png?resize=800%2C462&#038;ssl=1\" alt=\"\" class=\"wp-image-76827 has-transparency\" title=\"\" srcset=\"https:\/\/i0.wp.com\/www.pourquoi-pas-nous.com\/wp-content\/uploads\/2026\/01\/image-16.png?w=859&amp;ssl=1 859w, https:\/\/i0.wp.com\/www.pourquoi-pas-nous.com\/wp-content\/uploads\/2026\/01\/image-16.png?resize=400%2C231&amp;ssl=1 400w\" sizes=\"(max-width: 800px) 100vw, 800px\" \/><\/figure>\n\n<h3 class=\"wp-block-heading\"><br\/>Erkunden Sie das Fischerdorf<\/h3>\n\n<p>Es ist ein <strong>ehemaliges Fischerdorf<\/strong>, das wir ehrlich gesagt weniger charmant fanden als Faro oder Olaho.  <\/p>\n\n<p>Das historische Zentrum kann man ohne genauen Plan einfach beim Bummeln erkunden. Verpassen Sie nicht die <strong>Ruinen des Schlosses<\/strong> mit einem kleinen Spielplatz, der unserer Tochter sehr gut gefallen hat. Es ist eine gute Option, um guten, frisch gefangenen Fisch zu essen und einen kurzen Spaziergang zu machen. <\/p>\n\n<figure class=\"wp-block-image size-large\"><img data-recalc-dims=\"1\" data-dominant-color=\"7b6c5b\" data-has-transparency=\"false\" style=\"--dominant-color: #7b6c5b;\" loading=\"lazy\" decoding=\"async\" width=\"800\" height=\"379\" src=\"https:\/\/i0.wp.com\/www.pourquoi-pas-nous.com\/wp-content\/uploads\/2026\/01\/20210823_122456.jpg?resize=800%2C379&#038;ssl=1\" alt=\"alvor portugal algarve\" class=\"wp-image-76987 not-transparent\" title=\"\" srcset=\"https:\/\/i0.wp.com\/www.pourquoi-pas-nous.com\/wp-content\/uploads\/2026\/01\/20210823_122456-scaled.jpg?resize=1200%2C568&amp;ssl=1 1200w, https:\/\/i0.wp.com\/www.pourquoi-pas-nous.com\/wp-content\/uploads\/2026\/01\/20210823_122456-scaled.jpg?resize=400%2C189&amp;ssl=1 400w, https:\/\/i0.wp.com\/www.pourquoi-pas-nous.com\/wp-content\/uploads\/2026\/01\/20210823_122456-scaled.jpg?w=2048&amp;ssl=1 2048w, https:\/\/i0.wp.com\/www.pourquoi-pas-nous.com\/wp-content\/uploads\/2026\/01\/20210823_122456-scaled.jpg?w=1600&amp;ssl=1 1600w\" sizes=\"(max-width: 800px) 100vw, 800px\" \/><\/figure>\n\n<h2 class=\"wp-block-heading\">Wie komme ich nach Alvor?<\/h2>\n\n<p>Um die<strong>Algarve<\/strong> zu besuchen, landen Sie am besten am Flughafen Faro und mieten sich dann einen Wagen, um die Fischerd\u00f6rfer, den <a href=\"https:\/\/www.pourquoi-pas-nous.com\/de\/was-kann-man-im-naturpark-ria-formosa-und-seinen-inseln-in-portugal-unternehmen-ein-versteckter-schatz-in-der-algarve\/\" data-type=\"post\" data-id=\"76230\" target=\"_blank\" rel=\"noreferrer noopener\">Naturpark Ria Formosa<\/a>, die Sandstr\u00e4nde und die Felsformationen zu erkunden. Faro liegt 1 Stunde von Alvor entfernt.<\/p>\n\n<p><em>&#x1f17f;&#xfe0f;<\/em> Nutzen Sie den gro\u00dfen kostenlosen Parkplatz &#8222;Estacionamento Praia de Alvor&#8220; neben dem Strand und 10 Minuten vom historischen Zentrum entfernt.<br\/><\/p>\n\n<p>Die Autovermietung in Faro ist <strong>einfach <\/strong>und oft <strong>sehr preiswert<\/strong>, besonders au\u00dferhalb der Sommermonate. Es ist eine ideale Option f\u00fcr einen Algarve-Roadtrip nach eigenem Zeitplan. <\/p>\n\n<p>&#x1f449; Um die Angebote zu vergleichen und das <strong>beste Preis-Leistungs-Verh\u00e4ltnis<\/strong> zu finden, nachdem wir heute mehrere getestet haben, nutzen wir den Preisvergleich. <strong><a href=\"https:\/\/www.discovercars.com\/fr\/portugal\/faro?a_aid=PourquoiPasNous\" target=\"_blank\" data-type=\"link\" data-id=\"https:\/\/www.discovercars.com\/fr\/portugal\/faro?a_aid=PourquoiPasNous\" rel=\"noreferrer noopener\">Discover Cars<\/a><\/strong>, zuverl\u00e4ssig und benutzerfreundlich f\u00fcr die Autovermietung.<\/p>\n\n<p>&#x1f4a1; Ein weiterer wichtiger Punkt ist, dass <strong>die \u00fcber DiscoverCars angebotene Vollkaskoversicherung<\/strong> oft viel billiger ist als die direkt am Schalter des Vermieters hinzugef\u00fcgte <strong>Versicherung<\/strong> und dabei einen breiteren Versicherungsschutz bietet. Das spart Zeit und vermeidet unangenehme \u00dcberraschungen bei der Abholung oder R\u00fcckgabe des Fahrzeugs. <\/p>\n\n<blockquote class=\"wp-block-quote has-text-align-center is-layout-flow wp-block-quote-is-layout-flow\">\n<p>&#x1f39f;&#xfe0f; <a href=\"https:\/\/www.discovercars.com\/fr\/portugal\/faro?a_aid=PourquoiPasNous\" data-type=\"link\" data-id=\"https:\/\/www.discovercars.com\/fr\/portugal\/faro?a_aid=PourquoiPasNous\" target=\"_blank\" rel=\"noreferrer noopener\">Vergleichen Sie die Angebote auf der Discover Cars Website.<\/a><br\/><\/p>\n<\/blockquote>\n\n<h2 class=\"wp-block-heading has-text-align-left\">Wo schlafen Sie in Alvor: Meerblick und Swimmingpools<\/h2>\n\n<blockquote class=\"wp-block-quote is-layout-flow wp-block-quote-is-layout-flow\">\n<p class=\"has-text-align-center\">W\u00e4hrend unseres Aufenthalts stie\u00df meine Schwester zu uns, die im <a href=\"https:\/\/www.booking.com\/hotel\/pt\/pestana-alvor-south-beach-premium-suite.fr.html?aid=1529171&amp;no_rooms=1&amp;group_adults=2\" data-type=\"link\" data-id=\"https:\/\/www.booking.com\/hotel\/pt\/pestana-alvor-south-beach-premium-suite.fr.html?aid=1529171&amp;no_rooms=1&amp;group_adults=2\" target=\"_blank\" rel=\"noreferrer noopener\">Pestana Alvor South Beach<\/a> wohnte.  <\/p>\n\n\n\n<p class=\"has-text-align-center\">&#x1f3ca; 3 gro\u00dfe, angenehme <strong>Pools<\/strong> (alle von unserer Tochter getestet)<br\/>&#x1f31f; Modern, hell und sehr angenehm<br\/>&#x1f4cd; <strong>Ausgezeichnete Lage<\/strong>: nicht weit von Alvor entfernt, Meerblick und direkter Strandzugang zum Strand von Alvor.<\/p>\n\n\n\n<p class=\"has-text-align-center\">&#x2764;&#xfe0f; Sehr gutes Preis-Leistungs-Verh\u00e4ltnis (Booking-Bewertung 8,5\/10)<\/p>\n\n\n\n<p class=\"has-text-align-center\">&#x1f3e8; <a href=\"https:\/\/www.booking.com\/hotel\/pt\/pestana-alvor-south-beach-premium-suite.fr.html?aid=1529171&amp;no_rooms=1&amp;group_adults=2\" data-type=\"link\" data-id=\"https:\/\/www.booking.com\/hotel\/pt\/pestana-alvor-south-beach-premium-suite.fr.html?aid=1529171&amp;no_rooms=1&amp;group_adults=2\" target=\"_blank\" rel=\"noreferrer noopener nofollow\"><em>Info und Buchung f\u00fcr das Hotel Pestana Alvor South Beach<\/em><\/a><\/p>\n<\/blockquote>\n\n<p>Die Wahl einer Unterkunft mit Pool ist unserer Meinung nach ein Muss, da das Wasser des Ozeans auch im Sommer sehr k\u00fchl ist, w\u00e4hrend wir es gewohnt sind, die <a href=\"https:\/\/www.pourquoi-pas-nous.com\/de\/ileoleron-plages\/\" data-type=\"link\" data-id=\"https:\/\/www.pourquoi-pas-nous.com\/ileoleron-plages\/\">Str\u00e4nde von Ol\u00e9ronnaises<\/a> zu besuchen und im Sommer zu baden.<\/p>\n\n<figure class=\"wp-block-image size-large\"><a href=\"https:\/\/www.booking.com\/hotel\/pt\/pestana-alvor-south-beach-premium-suite.fr.html?aid=1529171&amp;no_rooms=1&amp;group_adults=2\" target=\"_blank\" rel=\"noopener\"><img data-recalc-dims=\"1\" data-dominant-color=\"829ca2\" data-has-transparency=\"false\" style=\"--dominant-color: #829ca2;\" loading=\"lazy\" decoding=\"async\" width=\"800\" height=\"379\" src=\"https:\/\/i0.wp.com\/www.pourquoi-pas-nous.com\/wp-content\/uploads\/2026\/01\/20210825_143549.jpg?resize=800%2C379&#038;ssl=1\" alt=\"alvor portugal algarve\" class=\"wp-image-76972 not-transparent\" title=\"\" srcset=\"https:\/\/i0.wp.com\/www.pourquoi-pas-nous.com\/wp-content\/uploads\/2026\/01\/20210825_143549-scaled.jpg?resize=1200%2C569&amp;ssl=1 1200w, https:\/\/i0.wp.com\/www.pourquoi-pas-nous.com\/wp-content\/uploads\/2026\/01\/20210825_143549-scaled.jpg?resize=400%2C190&amp;ssl=1 400w, https:\/\/i0.wp.com\/www.pourquoi-pas-nous.com\/wp-content\/uploads\/2026\/01\/20210825_143549-scaled.jpg?w=2048&amp;ssl=1 2048w, https:\/\/i0.wp.com\/www.pourquoi-pas-nous.com\/wp-content\/uploads\/2026\/01\/20210825_143549-scaled.jpg?w=1600&amp;ssl=1 1600w\" sizes=\"(max-width: 800px) 100vw, 800px\" \/><\/a><\/figure>\n\n<figure class=\"wp-block-gallery has-nested-images columns-default is-cropped wp-block-gallery-4 is-layout-flex wp-block-gallery-is-layout-flex\">\n<figure class=\"wp-block-image size-large\"><img data-recalc-dims=\"1\" data-dominant-color=\"818787\" data-has-transparency=\"false\" style=\"--dominant-color: #818787;\" loading=\"lazy\" decoding=\"async\" width=\"758\" height=\"1600\" data-id=\"76969\" src=\"https:\/\/i0.wp.com\/www.pourquoi-pas-nous.com\/wp-content\/uploads\/2026\/01\/20210824_194026.jpg?resize=758%2C1600&#038;ssl=1\" alt=\"alvor portugal algarve\" class=\"wp-image-76969 not-transparent\" title=\"\" srcset=\"https:\/\/i0.wp.com\/www.pourquoi-pas-nous.com\/wp-content\/uploads\/2026\/01\/20210824_194026-scaled.jpg?resize=758%2C1600&amp;ssl=1 758w, https:\/\/i0.wp.com\/www.pourquoi-pas-nous.com\/wp-content\/uploads\/2026\/01\/20210824_194026-scaled.jpg?resize=284%2C600&amp;ssl=1 284w, https:\/\/i0.wp.com\/www.pourquoi-pas-nous.com\/wp-content\/uploads\/2026\/01\/20210824_194026-scaled.jpg?w=971&amp;ssl=1 971w\" sizes=\"(max-width: 758px) 100vw, 758px\" \/><\/figure>\n\n\n\n<figure class=\"wp-block-image size-large\"><img data-recalc-dims=\"1\" data-dominant-color=\"828b94\" data-has-transparency=\"false\" style=\"--dominant-color: #828b94;\" loading=\"lazy\" decoding=\"async\" width=\"758\" height=\"1600\" data-id=\"76970\" src=\"https:\/\/i0.wp.com\/www.pourquoi-pas-nous.com\/wp-content\/uploads\/2026\/01\/20210824_194434.jpg?resize=758%2C1600&#038;ssl=1\" alt=\"alvor portugal algarve\" class=\"wp-image-76970 not-transparent\" title=\"\" srcset=\"https:\/\/i0.wp.com\/www.pourquoi-pas-nous.com\/wp-content\/uploads\/2026\/01\/20210824_194434-scaled.jpg?resize=758%2C1600&amp;ssl=1 758w, https:\/\/i0.wp.com\/www.pourquoi-pas-nous.com\/wp-content\/uploads\/2026\/01\/20210824_194434-scaled.jpg?resize=284%2C600&amp;ssl=1 284w, https:\/\/i0.wp.com\/www.pourquoi-pas-nous.com\/wp-content\/uploads\/2026\/01\/20210824_194434-scaled.jpg?w=971&amp;ssl=1 971w\" sizes=\"(max-width: 758px) 100vw, 758px\" \/><\/figure>\n<\/figure>\n\n<figure class=\"wp-block-image size-large\"><img data-recalc-dims=\"1\" data-dominant-color=\"8b8e90\" data-has-transparency=\"false\" style=\"--dominant-color: #8b8e90;\" loading=\"lazy\" decoding=\"async\" width=\"800\" height=\"379\" src=\"https:\/\/i0.wp.com\/www.pourquoi-pas-nous.com\/wp-content\/uploads\/2026\/01\/20210825_144002.jpg?resize=800%2C379&#038;ssl=1\" alt=\"alvor portugal algarve\" class=\"wp-image-76990 not-transparent\" title=\"\" srcset=\"https:\/\/i0.wp.com\/www.pourquoi-pas-nous.com\/wp-content\/uploads\/2026\/01\/20210825_144002-scaled.jpg?resize=1200%2C569&amp;ssl=1 1200w, https:\/\/i0.wp.com\/www.pourquoi-pas-nous.com\/wp-content\/uploads\/2026\/01\/20210825_144002-scaled.jpg?resize=400%2C190&amp;ssl=1 400w, https:\/\/i0.wp.com\/www.pourquoi-pas-nous.com\/wp-content\/uploads\/2026\/01\/20210825_144002-scaled.jpg?w=2048&amp;ssl=1 2048w, https:\/\/i0.wp.com\/www.pourquoi-pas-nous.com\/wp-content\/uploads\/2026\/01\/20210825_144002-scaled.jpg?w=1600&amp;ssl=1 1600w\" sizes=\"(max-width: 800px) 100vw, 800px\" \/><\/figure>\n\n<h2 class=\"wp-block-heading\">Wo kann man in Alvor gut essen?<\/h2>\n\n<p>Es gibt mehrere Holzh\u00fctten mit Terrassen, die direkt auf dem Sand liegen.  <\/p>\n\n<p>Wir haben das <a href=\"https:\/\/windsurfrestaurante.eatbu.com\/?lang=fr\" data-type=\"link\" data-id=\"https:\/\/windsurfrestaurante.eatbu.com\/?lang=fr\" target=\"_blank\" rel=\"noopener\">Windsurf Snack Bar Restaurante<\/a> getestet und f\u00fcr gut befunden. Wir empfehlen Ihnen den absolut k\u00f6stlichen <strong>Polvo \u00e0 Lagareiro<\/strong>, einen zart gebratenen Tintenfisch, der gro\u00dfz\u00fcgig mit Oliven\u00f6l betr\u00e4ufelt wird, und <strong>Bacalhau \u00e0 Br\u00e1s<\/strong>, den ber\u00fchmten Kabeljau mit Kartoffeln, Eiern und Zwiebeln, einfach und unglaublich schmackhaft.<\/p>\n\n<p>Das Ganze wird von einem <strong>k\u00fchlen Sangria<\/strong> begleitet, der perfekt nach einem Tag in der Sonne schmeckt. Eine authentische Adresse ohne Chichi, wo man wirklich sehr gut essen kann, so wie man es mag. <br\/><\/p>\n\n<h2 class=\"wp-block-heading\">Unsere Meinung zu Alvor<\/h2>\n\n<p>Alvor ist auch ein guter Ausgangspunkt, um die Umgebung wie Portim\u00e3o oder Lagos zu erkunden. Wir waren begeistert von den Spazierg\u00e4ngen durch die S\u00fcmpfe und am Meer und den Felsformationen. Unserer Meinung nach ist es ein ausgezeichnetes Dorf f\u00fcr einen Zwischenstopp w\u00e4hrend Ihres <strong>Roadtrips an der Algarve<\/strong>.   <\/p>\n\n<p>Anschlie\u00dfend fuhren wir nach<strong>Olh\u00e3o<\/strong> (weiter \u00f6stlich), um den Naturpark Ria Formosa und <a href=\"https:\/\/www.pourquoi-pas-nous.com\/de\/was-kann-man-auf-der-insel-armona-in-portugal-unternehmen\/\" data-type=\"post\" data-id=\"76674\" target=\"_blank\" rel=\"noreferrer noopener\">die Insel Armona<\/a> zu erkunden und um unseren Roadtrip im Dorf<a href=\"https:\/\/www.pourquoi-pas-nous.com\/de\/was-kann-man-in-armacao-de-pera-in-portugal-unternehmen\/\" target=\"_blank\" data-type=\"post\" data-id=\"76818\" rel=\"noreferrer noopener\">Arma\u00e7ao de Pera<\/a> zu beenden.<\/p>\n\n<blockquote class=\"wp-block-quote has-text-align-center is-layout-flow wp-block-quote-is-layout-flow\">\n<p>Unser Artikel mit allen unseren Tipps f\u00fcr einen <a href=\"https:\/\/www.pourquoi-pas-nous.com\/de\/was-kann-man-im-naturpark-ria-formosa-und-seinen-inseln-in-portugal-unternehmen-ein-versteckter-schatz-in-der-algarve\/\" data-type=\"link\" data-id=\"https:\/\/www.pourquoi-pas-nous.com\/parc-naturel-ria-formosa-portugal\/\" target=\"_blank\" rel=\"noreferrer noopener\">Besuch des Naturparks Ria Formosa<\/a>.<\/p>\n<\/blockquote>\n\n<figure class=\"wp-block-image size-large\"><img data-recalc-dims=\"1\" data-dominant-color=\"858f90\" data-has-transparency=\"false\" style=\"--dominant-color: #858f90;\" loading=\"lazy\" decoding=\"async\" width=\"800\" height=\"368\" src=\"https:\/\/i0.wp.com\/www.pourquoi-pas-nous.com\/wp-content\/uploads\/2026\/01\/WhatsApp-Image-2026-01-20-at-18.10.31-3.jpeg?resize=800%2C368&#038;ssl=1\" alt=\"portugal algarve\" class=\"wp-image-76975 not-transparent\" title=\"\" srcset=\"https:\/\/i0.wp.com\/www.pourquoi-pas-nous.com\/wp-content\/uploads\/2026\/01\/WhatsApp-Image-2026-01-20-at-18.10.31-3.jpeg?resize=1200%2C552&amp;ssl=1 1200w, https:\/\/i0.wp.com\/www.pourquoi-pas-nous.com\/wp-content\/uploads\/2026\/01\/WhatsApp-Image-2026-01-20-at-18.10.31-3.jpeg?resize=400%2C184&amp;ssl=1 400w, https:\/\/i0.wp.com\/www.pourquoi-pas-nous.com\/wp-content\/uploads\/2026\/01\/WhatsApp-Image-2026-01-20-at-18.10.31-3.jpeg?w=1600&amp;ssl=1 1600w\" sizes=\"(max-width: 800px) 100vw, 800px\" \/><\/figure>\n\n<h2 class=\"wp-block-heading\">Unsere Karte<\/h2>\n\n<p>Alle oben genannten Orte finden Sie auf unserer interaktiven Karte.<\/p>\n\n<iframe src=\"https:\/\/www.google.com\/maps\/d\/u\/2\/embed?mid=14BwMNTtjFM9ao_0rrITY12srFOf5ONE&#038;ehbc=2E312F\" width=\"100%\" height=\"480\"><\/iframe>\n\n<p>Z\u00f6gern Sie nicht, uns unten eine <strong>kurze Nachricht<\/strong> zu hinterlassen und uns mitzuteilen, ob Sie diese Reise planen, <strong>stellen<\/strong> Sie alle Ihre Fragen oder <strong>teilen<\/strong> Sie sie in den sozialen Netzwerken<a href=\"https:\/\/www.instagram.com\/pourquoipasnous_voyage\/\" target=\"_blank\" rel=\"noreferrer noopener\">(unser Instagram<\/a>), wir werden Ihnen sehr gerne antworten!<\/p>\n\n<p>Bevor Sie abreisen, <strong>finden Sie alle unsere Artikel zur Reiseplanung :<\/strong><\/p>\n\n<p><\/p>\n\n<ul class=\"wp-block-list\">\n<li>&#x1f6cf;&#xfe0f;  <a href=\"https:\/\/www.pourquoi-pas-nous.com\/de\/?p=79025\" data-type=\"post\" data-id=\"78345\">Wo kann man in der Algarve schlafen? unsere besten Adressen<\/a><\/li>\n\n\n\n<li>&#x1f5fa;&#xfe0f; <a href=\"https:\/\/www.pourquoi-pas-nous.com\/de\/?p=78983\" target=\"_blank\" data-type=\"post\" data-id=\"78921\" rel=\"noreferrer noopener\">Route Ihres Algarve-Roadtrips?<\/a><\/li>\n\n\n\n<li>&#x1f697; <a href=\"https:\/\/www.pourquoi-pas-nous.com\/de\/?p=77728\" target=\"_blank\" data-type=\"post\" data-id=\"77133\" rel=\"noreferrer noopener\">Autovermietung in Faro an der Algarve: unsere Tipps und Tricks<\/a><\/li>\n\n\n\n<li>Besuchen Sie die D\u00f6rfer <a href=\"https:\/\/www.pourquoi-pas-nous.com\/de\/was-kann-man-in-lagos-in-portugal-unternehmen-unsere-meinung-und-unsere-empfehlungen\/\" data-type=\"post\" data-id=\"76752\">Lagos<\/a>, <a href=\"https:\/\/www.pourquoi-pas-nous.com\/de\/was-kann-man-in-armacao-de-pera-in-portugal-unternehmen\/\" data-type=\"post\" data-id=\"76818\">Arma\u00e7ao de P\u00eara<\/a>, Albufeira und Olaho.<\/li>\n\n\n\n<li>&#x1f30a; <a href=\"https:\/\/www.pourquoi-pas-nous.com\/de\/?p=77768\" data-type=\"post\" data-id=\"77163\">Besuchen Sie die unvermeidliche H\u00f6hle von Benagil<\/a><\/li>\n\n\n\n<li>&#x26f5; <a href=\"https:\/\/www.pourquoi-pas-nous.com\/de\/wie-kann-man-die-klippen-von-ponta-da-piedade-besuchen-mit-dem-boot-und-zu-fuss\/\" target=\"_blank\" data-type=\"post\" data-id=\"77127\" rel=\"noreferrer noopener\">Wie besuchen Sie die Klippen von Ponta da Piedade<\/a>? mit dem Boot und zu Fu\u00df<\/li>\n\n\n\n<li>&#x1f9a9; <a href=\"https:\/\/www.pourquoi-pas-nous.com\/de\/was-kann-man-im-naturpark-ria-formosa-und-seinen-inseln-in-portugal-unternehmen-ein-versteckter-schatz-in-der-algarve\/\" data-type=\"post\" data-id=\"76230\" target=\"_blank\" rel=\"noreferrer noopener\">Was kann man im Naturpark Ria Formosa<\/a> und seinen Inseln in Portugal unternehmen?  <\/li>\n<\/ul>\n<div style='text-align:right' class='yasr-auto-insert-visitor'><\/div>","protected":false},"excerpt":{"rendered":"<p>Sie fragen sich, was Sie in Alvor in Portugal unternehmen k\u00f6nnen? Dann sind Sie hier richtig. W\u00e4hrend unseres Aufenthalts in der Algarve w\u00e4hlten wir Alvor, um die Str\u00e4nde und die Strandpromenade zu erkunden, die weniger betoniert ist als in anderen Teilen der Region. In diesem Artikel finden Sie alle unsere Tipps und Tricks, um Alvor [&hellip;]<\/p>\n","protected":false},"author":2,"featured_media":77046,"comment_status":"open","ping_status":"closed","sticky":false,"template":"","format":"standard","meta":{"_acf_changed":false,"_wp_convertkit_post_meta":{"form":"-1","landing_page":"0","tag":"0","restrict_content":"0"},"jetpack_post_was_ever_published":true,"yasr_overall_rating":0,"yasr_post_is_review":"","yasr_auto_insert_disabled":"","yasr_review_type":"","_jetpack_newsletter_access":"","_jetpack_dont_email_post_to_subs":false,"_jetpack_newsletter_tier_id":0,"_jetpack_memberships_contains_paywalled_content":false,"_jetpack_memberships_contains_paid_content":false,"footnotes":""},"categories":[398,397,162],"tags":[],"class_list":["post-77043","post","type-post","status-publish","format-standard","has-post-thumbnail","hentry","category-algarve","category-portugal","category-reisefuhrer"],"acf":[],"_wp_attached_file":null,"_wp_attachment_image_alt":null,"rank_math_primary_category":"392","rank_math_title":"Was kann man in Alvor in Portugal unternehmen? Str\u00e4nde und unsere Meinung ","rank_math_description":null,"rank_math_focus_keyword":null,"yasr_visitor_votes":{"stars_attributes":{"read_only":false,"span_bottom":false},"number_of_votes":0,"sum_votes":0},"jetpack_featured_media_url":"https:\/\/i0.wp.com\/www.pourquoi-pas-nous.com\/wp-content\/uploads\/2026\/01\/20210823_181354-scaled.jpg?fit=2048%2C969&ssl=1","jetpack_sharing_enabled":true,"_links":{"self":[{"href":"https:\/\/www.pourquoi-pas-nous.com\/de\/wp-json\/wp\/v2\/posts\/77043","targetHints":{"allow":["GET"]}}],"collection":[{"href":"https:\/\/www.pourquoi-pas-nous.com\/de\/wp-json\/wp\/v2\/posts"}],"about":[{"href":"https:\/\/www.pourquoi-pas-nous.com\/de\/wp-json\/wp\/v2\/types\/post"}],"author":[{"embeddable":true,"href":"https:\/\/www.pourquoi-pas-nous.com\/de\/wp-json\/wp\/v2\/users\/2"}],"replies":[{"embeddable":true,"href":"https:\/\/www.pourquoi-pas-nous.com\/de\/wp-json\/wp\/v2\/comments?post=77043"}],"version-history":[{"count":12,"href":"https:\/\/www.pourquoi-pas-nous.com\/de\/wp-json\/wp\/v2\/posts\/77043\/revisions"}],"predecessor-version":[{"id":79228,"href":"https:\/\/www.pourquoi-pas-nous.com\/de\/wp-json\/wp\/v2\/posts\/77043\/revisions\/79228"}],"wp:featuredmedia":[{"embeddable":true,"href":"https:\/\/www.pourquoi-pas-nous.com\/de\/wp-json\/wp\/v2\/media\/77046"}],"wp:attachment":[{"href":"https:\/\/www.pourquoi-pas-nous.com\/de\/wp-json\/wp\/v2\/media?parent=77043"}],"wp:term":[{"taxonomy":"category","embeddable":true,"href":"https:\/\/www.pourquoi-pas-nous.com\/de\/wp-json\/wp\/v2\/categories?post=77043"},{"taxonomy":"post_tag","embeddable":true,"href":"https:\/\/www.pourquoi-pas-nous.com\/de\/wp-json\/wp\/v2\/tags?post=77043"}],"curies":[{"name":"wp","href":"https:\/\/api.w.org\/{rel}","templated":true}]}}