{"id":77768,"date":"2026-01-30T15:33:19","date_gmt":"2026-01-30T13:33:19","guid":{"rendered":"https:\/\/www.pourquoi-pas-nous.com\/besichtigung-der-hoehle-von-benagil-in-portugal-per-boot-zu-fuss-oder-mit-dem-kajak\/"},"modified":"2026-02-12T14:28:43","modified_gmt":"2026-02-12T12:28:43","slug":"besichtigung-der-hoehle-von-benagil-in-portugal-per-boot-zu-fuss-oder-mit-dem-kajak","status":"publish","type":"post","link":"https:\/\/www.pourquoi-pas-nous.com\/de\/besichtigung-der-hoehle-von-benagil-in-portugal-per-boot-zu-fuss-oder-mit-dem-kajak\/","title":{"rendered":"Besichtigung der H\u00f6hle von Benagil in Portugal: per Boot, zu Fu\u00df oder mit dem Kajak"},"content":{"rendered":"\n<p>Sie m\u00f6chten die ber\u00fchmte <strong>H\u00f6hle von Benagil<\/strong> besuchen und fragen sich sicher, wie Sie diese <strong>H\u00f6hle<\/strong> erreichen k\u00f6nnen:<\/p>\n\n<ul class=\"wp-block-list\">\n<li><strong>Wie besuchen Sie die Benagil-H\u00f6hle auf Ihrem Algarve-Roadtrip<\/strong>?<\/li>\n\n\n\n<li><strong>Welchen Ausflug w\u00e4hlen Sie<\/strong>?<\/li>\n\n\n\n<li>Oder <strong>ob man zu Fu\u00df oder schwimmend dorthin gelangen kann<\/strong>?<\/li>\n<\/ul>\n\n<p>Bonen nouvelle, Sie sind eindeutig an der richtigen Stelle. W\u00e4hrend unseres Roadtrips durch die Algarve war die <strong>Benagil-H\u00f6hle<\/strong> ein absolutes Muss. Wie viele andere Reisende stellten wir fest, dass diese beliebte Sehensw\u00fcrdigkeit <strong>viele Fragen<\/strong>aufwirft&#8230; und einige Missverst\u00e4ndnisse.  <\/p>\n\n<p>In diesem Artikel teilen wir mit Ihnen <strong>unsere Meinung<\/strong>, <strong>die verschiedenen M\u00f6glichkeiten, die H\u00f6hle zu besichtigen<\/strong>, <strong>was Sie unbedingt wissen sollten, bevor Sie dorthin gehen<\/strong>, und vor allem <strong>unsere Empfehlungen f\u00fcr Ausfl\u00fcge in deutscher Sprache<\/strong>, um b\u00f6se \u00dcberraschungen zu vermeiden.<\/p>\n\n<figure class=\"wp-block-image size-full\"><img data-recalc-dims=\"1\" data-dominant-color=\"8c7c6c\" data-has-transparency=\"true\" style=\"--dominant-color: #8c7c6c;\" fetchpriority=\"high\" decoding=\"async\" width=\"800\" height=\"456\" src=\"https:\/\/i0.wp.com\/www.pourquoi-pas-nous.com\/wp-content\/uploads\/2026\/01\/image-30.png?resize=800%2C456&#038;ssl=1\" alt=\"\" class=\"wp-image-77741 has-transparency\" title=\"\" srcset=\"https:\/\/i0.wp.com\/www.pourquoi-pas-nous.com\/wp-content\/uploads\/2026\/01\/image-30.png?w=928&amp;ssl=1 928w, https:\/\/i0.wp.com\/www.pourquoi-pas-nous.com\/wp-content\/uploads\/2026\/01\/image-30.png?resize=400%2C228&amp;ssl=1 400w\" sizes=\"(max-width: 800px) 100vw, 800px\" \/><\/figure>\n\n<div class=\"wp-block-group fiche-lieu has-background is-layout-constrained wp-block-group-is-layout-constrained\" style=\"background-color:#7ba0982e\">\n<p class=\"has-text-align-center is-style-default has-white-color has-text-color has-background has-link-color has-medium-font-size wp-elements-0738d7a4e5f74c45c8cb73e1eb40e8f5\" style=\"background-color:#7ba098\"><strong><strong><strong>Schl\u00fcsselnachweis: H\u00f6hle von Benagil<\/strong><\/strong><\/strong><\/p>\n\n\n\n<div class=\"wp-block-group has-custom-fond-background-color has-background is-vertical is-layout-flex wp-container-core-group-is-layout-73aff06f wp-block-group-is-layout-flex\" style=\"border-style:none;border-width:0px;margin-top:0px;margin-bottom:0px;padding-top:var(--wp--preset--spacing--10);padding-right:var(--wp--preset--spacing--10);padding-bottom:var(--wp--preset--spacing--10);padding-left:var(--wp--preset--spacing--10)\">\n<div class=\"wp-block-columns is-layout-flex wp-container-core-columns-is-layout-8d88fe0f wp-block-columns-is-layout-flex\" style=\"border-top-color:var(--wp--preset--color--custom-bleu-fonc);border-top-style:dotted;border-top-width:1px;padding-top:var(--wp--preset--spacing--20);padding-bottom:var(--wp--preset--spacing--20)\">\n<div class=\"wp-block-column is-layout-flow wp-block-column-is-layout-flow\" style=\"flex-basis:150px\">\n<p class=\"has-text-align-center has-medium-font-size\"><strong>Schl\u00fcsselinformationen<\/strong><\/p>\n<\/div>\n\n\n\n<div class=\"wp-block-column is-layout-flow wp-block-column-is-layout-flow\" style=\"flex-basis:100%\">\n<p>&#x1f6a4; <strong>Empfohlener Zugang<\/strong>: Kajak oder Boot<br\/>&#x1f6ab; <strong>Zugang zu Fu\u00df<\/strong>: nicht m\u00f6glich <br\/>&#x1f3ca; <strong>Zugang zum Schwimmen<\/strong>: verboten<br\/>&#x1f6b6;&#x200d;&#x2642;&#xfe0f;<strong>Wanderung durch die sieben h\u00e4ngenden T\u00e4ler<\/strong> <br\/>&#x2b50; <strong>Besucherzahlen<\/strong>: im Sommer sehr hoch<\/p>\n<\/div>\n<\/div>\n\n\n\n<div class=\"wp-block-columns is-layout-flex wp-container-core-columns-is-layout-8d88fe0f wp-block-columns-is-layout-flex\" style=\"border-top-color:var(--wp--preset--color--custom-bleu-fonc);border-top-style:dotted;border-top-width:1px;padding-top:var(--wp--preset--spacing--20);padding-bottom:var(--wp--preset--spacing--20)\">\n<div class=\"wp-block-column is-layout-flow wp-block-column-is-layout-flow\" style=\"flex-basis:150px\">\n<p class=\"has-text-align-center has-medium-font-size\"><strong>Unser Hotel in der N\u00e4he der H\u00f6hle<\/strong><\/p>\n<\/div>\n\n\n\n<div class=\"wp-block-column is-layout-flow wp-block-column-is-layout-flow\" style=\"flex-basis:100%\">\n<p><em><a href=\"https:\/\/www.booking.com\/hotel\/pt\/cidade-de-olhao.fr.html?aid=1529171&amp;no_rooms=1&amp;group_adults=2\" data-type=\"link\" data-id=\"https:\/\/www.booking.com\/hotel\/pt\/cidade-de-olhao.fr.html?aid=1529171&amp;no_rooms=1&amp;group_adults=2\" target=\"_blank\" rel=\"noopener\">&#x1f4a6;<\/a><\/em> &#x1f17f;&#xfe0f; <em><a href=\"https:\/\/www.booking.com\/hotel\/pt\/algarpapa-rooms.fr.html?aid=1529171&amp;no_rooms=1&amp;group_adults=2\" data-type=\"link\" data-id=\"https:\/\/www.booking.com\/hotel\/pt\/algarpapa-rooms.fr.html?aid=1529171&amp;no_rooms=1&amp;group_adults=2\" target=\"_blank\" rel=\"noopener\">Info und Buchung f\u00fcr das Hotel Algar Papa Rooms<\/a> <\/em>mit Pool und Parkplatz direkt am Ozean<\/p>\n<\/div>\n<\/div>\n<\/div>\n<\/div>\n\n<h2 class=\"wp-block-heading\">Wo befindet sich die H\u00f6hle von Benagil?<\/h2>\n\n<p>Die <strong>H\u00f6hle von Benagil<\/strong> liegt an der S\u00fcdk\u00fcste Portugals, in der Algarve, direkt vor dem <strong>Dorf Benagil<\/strong>, in der N\u00e4he der D\u00f6rfer<a href=\"https:\/\/www.pourquoi-pas-nous.com\/de\/was-kann-man-in-armacao-de-pera-in-portugal-unternehmen\/\" target=\"_blank\" data-type=\"post\" data-id=\"76818\" rel=\"noreferrer noopener\">Arma\u00e7\u00e3o de P\u00eara<\/a> und<strong> Carvoeiro<\/strong>.<\/p>\n\n<p>&#x1f449; Hier sind einige Ideen f\u00fcr Entfernungen von den wichtigsten D\u00f6rfern der Algarve:  <\/p>\n\n<ul class=\"wp-block-list\">\n<li><a href=\"https:\/\/www.getyourguide.fr\/algarve-l66\/armacao-de-pera-visite-guidee-privee-en-bateau-des-grottes-de-benagil-t390616\/?partner_id=0LXQSML&amp;utm_medium=online_publisher&amp;cmp=benagil\" data-type=\"link\" data-id=\"https:\/\/www.getyourguide.fr\/algarve-l66\/armacao-de-pera-visite-guidee-privee-en-bateau-des-grottes-de-benagil-t390616\/?partner_id=0LXQSML&amp;utm_medium=online_publisher&amp;cmp=benagil\" target=\"_blank\" rel=\"noreferrer noopener nofollow\">Besuchen Sie die Benagil-H\u00f6hle vom Dorf Arma\u00e7\u00e3o de P\u00eara aus<\/a>: ~10 km<br\/>&#x1f4a6; <em>Wir empfehlen Ihnen, im <a href=\"https:\/\/www.booking.com\/hotel\/pt\/algarpapa-rooms.fr.html?aid=1529171&amp;no_rooms=1&amp;group_adults=2\" data-type=\"link\" data-id=\"https:\/\/www.booking.com\/hotel\/pt\/algarpapa-rooms.fr.html?aid=1529171&amp;no_rooms=1&amp;group_adults=2\" target=\"_blank\" rel=\"noopener\">Hotel Algar Papa Rooms<\/a> mit Pool und Parkplatz am Ozean zu \u00fcbernachten<\/em>.<\/li>\n\n\n\n<li><a href=\"https:\/\/www.getyourguide.fr\/algarve-l66\/albufeira-excursion-en-bateau-grottes-et-observation-des-dauphins-t64461\/?partner_id=0LXQSML&amp;utm_medium=online_publisher&amp;cmp=albufeira\" data-type=\"link\" data-id=\"https:\/\/www.getyourguide.fr\/algarve-l66\/albufeira-excursion-en-bateau-grottes-et-observation-des-dauphins-t64461\/?partner_id=0LXQSML&amp;utm_medium=online_publisher&amp;cmp=albufeira\" target=\"_blank\" rel=\"noopener\">Buchen Sie einen Bootsausflug von 2,5 Stunden, um Delphine und geologische Formationen wie Benagil zu beobachten.<\/a>  von Albufeira ~28 km<\/li>\n\n\n\n<li><a href=\"https:\/\/www.getyourguide.fr\/faro-l1238\/au-depart-de-faro-grottes-de-benagil-marinha-et-carvoeiro-visite-d-une-jounee-t457596\/?partner_id=0LXQSML&amp;utm_medium=online_publisher&amp;cmp=benagil\" data-type=\"link\" data-id=\"https:\/\/www.getyourguide.fr\/faro-l1238\/au-depart-de-faro-grottes-de-benagil-marinha-et-carvoeiro-visite-d-une-jounee-t457596\/?partner_id=0LXQSML&amp;utm_medium=online_publisher&amp;cmp=benagil\" target=\"_blank\" rel=\"noopener\">Von Faro<\/a>: ~55 km<\/li>\n<\/ul>\n\n<iframe src=\"https:\/\/www.google.com\/maps\/d\/u\/2\/embed?mid=1XkMDMlgaNxEhJhXYQoi5MJEIL_BrbI4&#038;ehbc=2E312F\" width=\"100%\" height=\"480\"><\/iframe>\n\n<p><\/p>\n\n<h2 class=\"wp-block-heading\">Warum ist die H\u00f6hle von Benagil so bekannt?<\/h2>\n\n<p>Sie ist <strong>eine der ber\u00fchmtesten Meeresh\u00f6hlen Europas<\/strong>, erkennbar an ihrer riesigen Kuppel mit einem kreisf\u00f6rmigen Loch, das das Licht einl\u00e4sst. Die H\u00f6hle von Benagil wurde weltber\u00fchmt, weil sie als Hintergrundbild f\u00fcr Windows 10 verwendet wurde. <\/p>\n\n<p>Das Kalkgestein der K\u00fcste wurde <strong>im Laufe der Zeit vom Meer geformt<\/strong> und durch Erosion zu einer gro\u00dfen H\u00f6hle ausgeh\u00f6hlt.<\/p>\n\n<p>Die Decke st\u00fcrzte dann <strong>teilweise ein<\/strong> und gab den Blick auf ein <strong>gro\u00dfes kreisf\u00f6rmiges Loch<\/strong> frei, das <em>Algar<\/em> genannt wird und das Innere der H\u00f6hle beleuchtet.<br\/><br\/>&#x2b50; Das Ergebnis ist eine fast unwirkliche Szenerie mit etwas rosafarbenem Sand am Boden, goldenen W\u00e4nden und nat\u00fcrlichem Licht, das sich je nach Tageszeit \u00e4ndert.<\/p>\n\n<h2 class=\"wp-block-heading\">Kann man die H\u00f6hle von Benagil zu Fu\u00df oder schwimmend besuchen?<\/h2>\n\n<p>Dies ist <strong>eine der am h\u00e4ufigsten gestellten Fragen<\/strong>:<\/p>\n\n<h3 class=\"wp-block-heading\">&#x274c; Zugang zu Fu\u00df: NEIN<\/h3>\n\n<p>Es <strong>gibt keinen Zugang zu Fu\u00df<\/strong> in die H\u00f6hle.<br\/>Der K\u00fcstenpfad (einschlie\u00dflich der Wanderung durch die <strong>7 h\u00e4ngenden T\u00e4ler<\/strong>) erm\u00f6glicht es nur, <strong>das Loch von oben zu sehen<\/strong>, aber <strong>nicht, in die H\u00f6hle hinabzusteigen<\/strong>.<\/p>\n\n<h3 class=\"wp-block-heading\">&#x274c; Zugang zum Schwimmen: NEIN (und gef\u00e4hrlich)<\/h3>\n\n<p>Dies ist aus verschiedenen Gr\u00fcnden offiziell <strong>verboten<\/strong>:<\/p>\n\n<ul class=\"wp-block-list\">\n<li>starke Str\u00f6me<\/li>\n\n\n\n<li>starker Schiffsverkehr (wir geben Ihnen weiter unten einige Tipps, wie Sie den Menschenmassen entgehen k\u00f6nnen)<\/li>\n\n\n\n<li>Unvorhersehbare Wellen<\/li>\n<\/ul>\n\n<figure class=\"wp-block-image size-large\"><img data-recalc-dims=\"1\" data-dominant-color=\"887961\" data-has-transparency=\"false\" style=\"--dominant-color: #887961;\" decoding=\"async\" width=\"800\" height=\"379\" src=\"https:\/\/i0.wp.com\/www.pourquoi-pas-nous.com\/wp-content\/uploads\/2026\/01\/20210823_181354.jpg?resize=800%2C379&#038;ssl=1\" alt=\"alvor portugal algarve\" class=\"wp-image-76968 not-transparent\" title=\"\" srcset=\"https:\/\/i0.wp.com\/www.pourquoi-pas-nous.com\/wp-content\/uploads\/2026\/01\/20210823_181354-scaled.jpg?resize=1200%2C568&amp;ssl=1 1200w, https:\/\/i0.wp.com\/www.pourquoi-pas-nous.com\/wp-content\/uploads\/2026\/01\/20210823_181354-scaled.jpg?resize=400%2C189&amp;ssl=1 400w, https:\/\/i0.wp.com\/www.pourquoi-pas-nous.com\/wp-content\/uploads\/2026\/01\/20210823_181354-scaled.jpg?w=2048&amp;ssl=1 2048w, https:\/\/i0.wp.com\/www.pourquoi-pas-nous.com\/wp-content\/uploads\/2026\/01\/20210823_181354-scaled.jpg?w=1600&amp;ssl=1 1600w\" sizes=\"(max-width: 800px) 100vw, 800px\" \/><\/figure>\n\n<h2 class=\"wp-block-heading\">Besichtigung der H\u00f6hle von Benagil mit Boot oder Kajak<\/h2>\n\n<h3 class=\"wp-block-heading\">Kajakfahrt zur Benagil-H\u00f6hle (unsere bevorzugte Option &#x2764;&#xfe0f;)<\/h3>\n\n<p>F\u00fcr uns <strong>ist ein Kajak oder Paddelboot der beste Weg, um die H\u00f6hle von Benagil zu besuchen<\/strong>.<\/p>\n\n<p>Warum?<\/p>\n\n<ul class=\"wp-block-list\">\n<li>Die Entfernung zum Strand ist sehr kurz, mit der Bahn brauchen Sie 10 Minuten.<\/li>\n\n\n\n<li>Wir konnten<strong> direkt in die H\u00f6hle<\/strong> gehen, indem wir das Kajak auf dem Sand abstellten.<\/li>\n<\/ul>\n\n<p>&#x1f449; Wir empfehlen diesen <strong>1-st\u00fcndigen deutschsprachigen Kajakausflug<\/strong> mit <a href=\"https:\/\/www.getyourguide.fr\/algarve-l66\/benagil-excursion-en-kayak-vers-la-grotte-de-benagil-douche-gratuite-t216270\/?partner_id=0LXQSML&amp;utm_medium=online_publisher&amp;cmp=benagil\" data-type=\"link\" data-id=\"https:\/\/www.getyourguide.fr\/algarve-l66\/benagil-excursion-en-kayak-vers-la-grotte-de-benagil-douche-gratuite-t216270\/?partner_id=0LXQSML&amp;utm_medium=online_publisher&amp;cmp=benagil\" target=\"_blank\" rel=\"noopener\">Kayak Secret Algarve<\/a> von Benagil aus, der sehr gut organisiert ist (ca. 25 \u20ac). Wir konnten auch andere, weniger touristische H\u00f6hlen besuchen.<\/p>\n\n<p>In K\u00fcrze,<\/p>\n\n<ul class=\"wp-block-list\">\n<li>&#x1f4cd; <strong>Abfahrt direkt aus dem Dorf Benagil<\/strong><\/li>\n<\/ul>\n\n<ul class=\"wp-block-list\">\n<li>&#x1f6f6; <strong>Kleine Gruppe<\/strong> (maximal 10 Personen)<\/li>\n<\/ul>\n\n<ul class=\"wp-block-list\">\n<li>&#x1f1eb;&#x1f1f7; <strong>Deutschsprachiger Reisef\u00fchrer<\/strong><\/li>\n<\/ul>\n\n<p>Denken Sie daran, im Voraus zu buchen, insbesondere w\u00e4hrend der Schulferien.<\/p>\n\n<blockquote class=\"wp-block-quote has-text-align-center is-layout-flow wp-block-quote-is-layout-flow\">\n<p>&#x1f39f;&#xfe0f; <a href=\"https:\/\/www.getyourguide.fr\/algarve-l66\/benagil-excursion-en-kayak-vers-la-grotte-de-benagil-douche-gratuite-t216270\/?partner_id=0LXQSML&amp;utm_medium=online_publisher&amp;cmp=benagil\" target=\"_blank\" data-type=\"link\" data-id=\"https:\/\/www.getyourguide.fr\/algarve-l66\/benagil-excursion-en-kayak-vers-la-grotte-de-benagil-douche-gratuite-t216270\/?partner_id=0LXQSML&amp;utm_medium=online_publisher&amp;cmp=benagil\" rel=\"noreferrer noopener nofollow\">Kajakfahrt zur H\u00f6hle von Benagil buchen (Fremdenf\u00fchrer FR)  <br\/><\/a> <\/p>\n<\/blockquote>\n\n<p>&#x1f4a1; Wir empfehlen Ihnen, wenn verf\u00fcgbar, das Zeitfenster <a href=\"https:\/\/www.getyourguide.fr\/algarve-l66\/benagil-excursion-en-kayak-vers-la-grotte-de-benagil-douche-gratuite-t216270\/?partner_id=0LXQSML&amp;utm_medium=online_publisher&amp;cmp=benagil\" data-type=\"link\" data-id=\"https:\/\/www.getyourguide.fr\/algarve-l66\/benagil-excursion-en-kayak-vers-la-grotte-de-benagil-douche-gratuite-t216270\/?partner_id=0LXQSML&amp;utm_medium=online_publisher&amp;cmp=benagil\" target=\"_blank\" rel=\"noopener\">um 8 Uhr zu reservieren<\/a> (auch wenn uns bewusst ist, dass dies f\u00fcr ein Aufstehen im Urlaub fr\u00fch ist), damit Sie das Privileg einer ungest\u00f6rten Innenbesichtigung ohne jegliche Menschenmassen haben. Ab 10.00 Uhr findet eine Parade von Kanus und Booten statt, da es sich um einen der touristischsten Orte der Algarve handelt.<\/p>\n\n<p>Buchung \u00fcber <a href=\"https:\/\/www.getyourguide.fr\/algarve-l66\/benagil-excursion-en-kayak-vers-la-grotte-de-benagil-douche-gratuite-t216270\/?partner_id=0LXQSML&amp;utm_medium=online_publisher&amp;cmp=benagil\" data-type=\"link\" data-id=\"https:\/\/www.getyourguide.fr\/algarve-l66\/benagil-excursion-en-kayak-vers-la-grotte-de-benagil-douche-gratuite-t216270\/?partner_id=0LXQSML&amp;utm_medium=online_publisher&amp;cmp=benagil\" target=\"_blank\" rel=\"noreferrer noopener\">Get Your Guide<\/a>:<em>Unserer Meinung nach besteht der gro\u00dfe Vorteil darin, dass die Buchung <strong>bis zum Vortag<\/strong> mit einem einfachen Klick auf die Anwendung <strong>ge\u00e4ndert oder storniert<\/strong><\/em> werden kann,<em>was immer beruhigend ist<\/em>, wenn man seine Pl\u00e4ne je nach Wetter \u00e4ndern kann.<\/p>\n\n<div data-gyg-href=\"https:\/\/widget.getyourguide.com\/default\/availability.frame\" data-gyg-tour-id=\"216270\" data-gyg-locale-code=\"fr-FR\" data-gyg-currency=\"EUR\" data-gyg-widget=\"availability\" data-gyg-variant=\"horizontal\" data-gyg-partner-id=\"0LXQSML\" data-gyg-cmp=\"benagil\"><\/div>\n\n<figure class=\"wp-block-image size-full\"><img data-recalc-dims=\"1\" data-dominant-color=\"786d4f\" data-has-transparency=\"true\" style=\"--dominant-color: #786d4f;\" decoding=\"async\" width=\"502\" height=\"610\" src=\"https:\/\/i0.wp.com\/www.pourquoi-pas-nous.com\/wp-content\/uploads\/2026\/01\/image-32.png?resize=502%2C610&#038;ssl=1\" alt=\"\" class=\"wp-image-77743 has-transparency\" title=\"\" srcset=\"https:\/\/i0.wp.com\/www.pourquoi-pas-nous.com\/wp-content\/uploads\/2026\/01\/image-32.png?w=502&amp;ssl=1 502w, https:\/\/i0.wp.com\/www.pourquoi-pas-nous.com\/wp-content\/uploads\/2026\/01\/image-32.png?resize=400%2C486&amp;ssl=1 400w\" sizes=\"(max-width: 502px) 100vw, 502px\" \/><\/figure>\n\n<figure class=\"wp-block-image size-full\"><img data-recalc-dims=\"1\" data-dominant-color=\"737f81\" data-has-transparency=\"true\" style=\"--dominant-color: #737f81;\" loading=\"lazy\" decoding=\"async\" width=\"800\" height=\"402\" src=\"https:\/\/i0.wp.com\/www.pourquoi-pas-nous.com\/wp-content\/uploads\/2026\/01\/image-33.png?resize=800%2C402&#038;ssl=1\" alt=\"\" class=\"wp-image-77744 has-transparency\" title=\"\" srcset=\"https:\/\/i0.wp.com\/www.pourquoi-pas-nous.com\/wp-content\/uploads\/2026\/01\/image-33.png?w=921&amp;ssl=1 921w, https:\/\/i0.wp.com\/www.pourquoi-pas-nous.com\/wp-content\/uploads\/2026\/01\/image-33.png?resize=400%2C201&amp;ssl=1 400w\" sizes=\"(max-width: 800px) 100vw, 800px\" \/><\/figure>\n\n<h2 class=\"wp-block-heading\">Besuchen Sie die H\u00f6hle von Benagil mit dem Boot<\/h2>\n\n<p>Nat\u00fcrlich ist das Boot die <strong>einfachste<\/strong> Option, besonders wenn Sie nicht paddeln m\u00f6chten.<\/p>\n\n<p>&#x26a0;&#xfe0f; Wissenswertes:<br\/>Die meisten Boote <strong>d\u00fcrfen nicht<\/strong> in <strong>der H\u00f6hle anlanden<\/strong>.<br\/>Man kann die <strong>H\u00f6hle<\/strong> <strong>vom Wasser aus<\/strong> betrachten, was zwar immer noch beeindruckend ist, aber nicht so eindringlich wie ein Kajak.<\/p>\n\n<blockquote class=\"wp-block-quote has-text-align-center is-layout-flow wp-block-quote-is-layout-flow\">\n<p>&#x1f39f;&#xfe0f; <a href=\"https:\/\/www.getyourguide.fr\/benagil-l163460\/circuit-complet-des-grottes-de-benagil-avec-happy-hour-l-apres-midi-t1022816\/?partner_id=0LXQSML&amp;utm_medium=online_publisher&amp;cmp=benagil\" target=\"_blank\" data-type=\"link\" data-id=\"https:\/\/www.getyourguide.fr\/benagil-l163460\/circuit-complet-des-grottes-de-benagil-avec-happy-hour-l-apres-midi-t1022816\/?partner_id=0LXQSML&amp;utm_medium=online_publisher&amp;cmp=benagil\" rel=\"noreferrer noopener nofollow\">Sie k\u00f6nnen diese Bootsfahrt vom Dorf Benagil aus <strong>auf Deutsch<\/strong> sehen.<\/a><\/p>\n\n\n\n<div data-gyg-href=\"https:\/\/widget.getyourguide.com\/default\/availability.frame\" data-gyg-tour-id=\"1022816\" data-gyg-locale-code=\"fr-FR\" data-gyg-currency=\"EUR\" data-gyg-widget=\"availability\" data-gyg-variant=\"horizontal\" data-gyg-partner-id=\"0LXQSML\" data-gyg-cmp=\"benagil\"><\/div>\n\n\n\n<p><br\/><\/p>\n<\/blockquote>\n\n<figure class=\"wp-block-image size-full\"><img data-recalc-dims=\"1\" data-dominant-color=\"677273\" data-has-transparency=\"true\" style=\"--dominant-color: #677273;\" loading=\"lazy\" decoding=\"async\" width=\"800\" height=\"416\" src=\"https:\/\/i0.wp.com\/www.pourquoi-pas-nous.com\/wp-content\/uploads\/2026\/01\/image-28.png?resize=800%2C416&#038;ssl=1\" alt=\"\" class=\"wp-image-77734 has-transparency\" title=\"\" srcset=\"https:\/\/i0.wp.com\/www.pourquoi-pas-nous.com\/wp-content\/uploads\/2026\/01\/image-28.png?w=948&amp;ssl=1 948w, https:\/\/i0.wp.com\/www.pourquoi-pas-nous.com\/wp-content\/uploads\/2026\/01\/image-28.png?resize=400%2C208&amp;ssl=1 400w\" sizes=\"(max-width: 800px) 100vw, 800px\" \/><\/figure>\n\n<figure class=\"wp-block-image size-full\"><img data-recalc-dims=\"1\" data-dominant-color=\"6e6b59\" data-has-transparency=\"true\" style=\"--dominant-color: #6e6b59;\" loading=\"lazy\" decoding=\"async\" width=\"800\" height=\"392\" src=\"https:\/\/i0.wp.com\/www.pourquoi-pas-nous.com\/wp-content\/uploads\/2026\/01\/image-29.png?resize=800%2C392&#038;ssl=1\" alt=\"\" class=\"wp-image-77740 has-transparency\" title=\"\" srcset=\"https:\/\/i0.wp.com\/www.pourquoi-pas-nous.com\/wp-content\/uploads\/2026\/01\/image-29.png?w=970&amp;ssl=1 970w, https:\/\/i0.wp.com\/www.pourquoi-pas-nous.com\/wp-content\/uploads\/2026\/01\/image-29.png?resize=400%2C196&amp;ssl=1 400w\" sizes=\"(max-width: 800px) 100vw, 800px\" \/><\/figure>\n\n<figure class=\"wp-block-image size-large\"><img data-recalc-dims=\"1\" data-dominant-color=\"4e80a7\" data-has-transparency=\"false\" style=\"--dominant-color: #4e80a7;\" loading=\"lazy\" decoding=\"async\" width=\"800\" height=\"379\" src=\"https:\/\/i0.wp.com\/www.pourquoi-pas-nous.com\/wp-content\/uploads\/2026\/01\/20210828_143410.jpg?resize=800%2C379&#038;ssl=1\" alt=\"\" class=\"wp-image-76251 not-transparent\" title=\"\" srcset=\"https:\/\/i0.wp.com\/www.pourquoi-pas-nous.com\/wp-content\/uploads\/2026\/01\/20210828_143410-scaled.jpg?resize=1200%2C569&amp;ssl=1 1200w, https:\/\/i0.wp.com\/www.pourquoi-pas-nous.com\/wp-content\/uploads\/2026\/01\/20210828_143410-scaled.jpg?resize=400%2C190&amp;ssl=1 400w, https:\/\/i0.wp.com\/www.pourquoi-pas-nous.com\/wp-content\/uploads\/2026\/01\/20210828_143410-scaled.jpg?w=2048&amp;ssl=1 2048w, https:\/\/i0.wp.com\/www.pourquoi-pas-nous.com\/wp-content\/uploads\/2026\/01\/20210828_143410-scaled.jpg?w=1600&amp;ssl=1 1600w\" sizes=\"(max-width: 800px) 100vw, 800px\" \/><\/figure>\n\n<h3 class=\"wp-block-heading\">&#x1f42c; Kombination H\u00f6hle von Benagil + Delphinbeobachtung  <\/h3>\n\n<p>Dieser Ausflug verbindet <strong>zwei der wichtigsten Sehensw\u00fcrdigkeiten der Algarve in einer einzigen Aktivit\u00e4t<\/strong>: die Entdeckung der ber\u00fchmten Meeresh\u00f6hlen, darunter Benagil, <strong>und die Beobachtung von Delfinen im offenen Meer<\/strong>. Die K\u00fcste der Algarve ist besonders f\u00fcr die Anwesenheit von <strong>Delfinen<\/strong> bekannt, die oft in Gruppen beobachtet werden. <\/p>\n\n<p>Das ist die Art von Aktivit\u00e4t, die <strong>einen<\/strong> Aufenthalt pr\u00e4gt: Segeln entlang der Klippen, Eintritt in spektakul\u00e4re H\u00f6hlen und dann hinaus aufs Meer, um Delfine zu suchen.  <\/p>\n\n<blockquote class=\"wp-block-quote has-text-align-center is-layout-flow wp-block-quote-is-layout-flow\">\n<p>&#x1f39f;&#xfe0f; <strong><a href=\"https:\/\/www.getyourguide.com\/fr-fr\/algarve-l66\/portimao-croisiere-dans-les-grottes-de-benagil-avec-observation-des-dauphins-t420129\/\" data-type=\"link\" data-id=\"https:\/\/www.getyourguide.com\/fr-fr\/algarve-l66\/portimao-croisiere-dans-les-grottes-de-benagil-avec-observation-des-dauphins-t420129\/\" target=\"_blank\" rel=\"noreferrer noopener\">Benagil H\u00f6hlen + Delphin Kreuzfahrt (Reisef\u00fchrer FR)<\/a><\/strong> ideal f\u00fcr Familien<\/p>\n<\/blockquote>\n\n<figure class=\"wp-block-image size-full\"><img data-recalc-dims=\"1\" data-dominant-color=\"1d5d77\" data-has-transparency=\"false\" style=\"--dominant-color: #1d5d77;\" loading=\"lazy\" decoding=\"async\" width=\"800\" height=\"588\" src=\"https:\/\/i0.wp.com\/www.pourquoi-pas-nous.com\/wp-content\/uploads\/2026\/01\/gmzsct-vc0e.jpg?resize=800%2C588&#038;ssl=1\" alt=\"ein Delphin, der im Wasser schwimmt\" class=\"wp-image-76282 not-transparent\" title=\"\" srcset=\"https:\/\/i0.wp.com\/www.pourquoi-pas-nous.com\/wp-content\/uploads\/2026\/01\/gmzsct-vc0e.jpg?w=1632&amp;ssl=1 1632w, https:\/\/i0.wp.com\/www.pourquoi-pas-nous.com\/wp-content\/uploads\/2026\/01\/gmzsct-vc0e.jpg?resize=400%2C294&amp;ssl=1 400w, https:\/\/i0.wp.com\/www.pourquoi-pas-nous.com\/wp-content\/uploads\/2026\/01\/gmzsct-vc0e.jpg?resize=1200%2C882&amp;ssl=1 1200w\" sizes=\"(max-width: 800px) 100vw, 800px\" \/><\/figure>\n\n<figure class=\"wp-block-image size-full\"><img data-recalc-dims=\"1\" data-dominant-color=\"49678b\" data-has-transparency=\"true\" style=\"--dominant-color: #49678b;\" loading=\"lazy\" decoding=\"async\" width=\"800\" height=\"333\" src=\"https:\/\/i0.wp.com\/www.pourquoi-pas-nous.com\/wp-content\/uploads\/2026\/01\/image-36.png?resize=800%2C333&#038;ssl=1\" alt=\"\" class=\"wp-image-77748 has-transparency\" title=\"\" srcset=\"https:\/\/i0.wp.com\/www.pourquoi-pas-nous.com\/wp-content\/uploads\/2026\/01\/image-36.png?w=990&amp;ssl=1 990w, https:\/\/i0.wp.com\/www.pourquoi-pas-nous.com\/wp-content\/uploads\/2026\/01\/image-36.png?resize=400%2C166&amp;ssl=1 400w\" sizes=\"(max-width: 800px) 100vw, 800px\" \/><\/figure>\n\n<h2 class=\"wp-block-heading\">Wanderung durch die H\u00f6hle<\/h2>\n\n<p>Es ist auch m\u00f6glich, die H\u00f6hle von Benagil von <strong>den Klippen<\/strong> aus zu sehen, wenn Sie die ber\u00fchmte <strong>Wanderung der Sieben h\u00e4ngenden T\u00e4ler<\/strong> machen, die <strong>Praia da Marinha<\/strong> mit <strong>Praia de Vale de Centeanes<\/strong> verbindet und direkt <strong>\u00fcber die H\u00f6hle von Benagil<\/strong> f\u00fchrt, macht :<\/p>\n\n<p>&#x1f449; <strong>ca. 5,7 km (one way)<\/strong> &#8211; <a href=\"https:\/\/www.alltrails.com\/fr\/randonnee\/portugal\/faro\/percurso-dos-sete-vales-suspensos-gruta-de-benagil-arcos-naturais\" target=\"_blank\" data-type=\"link\" data-id=\"https:\/\/www.alltrails.com\/fr\/randonnee\/portugal\/faro\/percurso-dos-sete-vales-suspensos-gruta-de-benagil-arcos-naturais\" rel=\"noreferrer noopener\">vollst\u00e4ndige Route auf der All trails Website<\/a><\/p>\n\n<ul class=\"wp-block-list\">\n<li>&#x23f1;&#xfe0f; <strong>Gehzeit<\/strong>: 2,5 bis 3 Stunden ohne lange Pausen (eher 4 Stunden, wenn Sie sich die Zeit f\u00fcr die Aussichtspunkte nehmen)<\/li>\n\n\n\n<li>&#x1f501; <strong>Hin- und R\u00fcckweg<\/strong>: ~11 bis 12 km<\/li>\n\n\n\n<li>&#x1faa8; <strong>Niveau<\/strong>: leicht bis m\u00e4\u00dfig (gut ausgebauter Weg, aber einige Steigungen\/Gef\u00e4lle)<\/li>\n\n\n\n<li>&#x1f305; <strong>Hauptinteresse<\/strong>: Tiefblicke auf die Klippen, nat\u00fcrliche B\u00f6gen, Str\u00e4nde und die <strong>H\u00f6hle von Benagil von oben<\/strong>.<\/li>\n<\/ul>\n\n<p>&#x1f4a1; Wenn Sie nicht <strong>die gesamte Wanderung<\/strong> machen m\u00f6chten, k\u00f6nnen Sie auf einem Parkplatz 10 Minuten von der H\u00f6hle entfernt parken und dann einfach losgehen, um das Loch von oben und die umliegenden Klippen zu bewundern.<\/p>\n\n<blockquote class=\"wp-block-quote has-text-align-center is-layout-flow wp-block-quote-is-layout-flow\">\n<p>Unsere Empfehlung: Erkunden Sie die H\u00f6hle am Morgen vom Wasser aus und unternehmen Sie am sp\u00e4ten Nachmittag eine Wanderung.<\/p>\n<\/blockquote>\n\n<figure class=\"wp-block-image size-large\"><img data-recalc-dims=\"1\" data-dominant-color=\"85837d\" data-has-transparency=\"false\" style=\"--dominant-color: #85837d;\" loading=\"lazy\" decoding=\"async\" width=\"800\" height=\"379\" src=\"https:\/\/i0.wp.com\/www.pourquoi-pas-nous.com\/wp-content\/uploads\/2026\/01\/20210826_152401.jpg?resize=800%2C379&#038;ssl=1\" alt=\"armacao de pera portugal algarve\" class=\"wp-image-77174 not-transparent\" title=\"\" srcset=\"https:\/\/i0.wp.com\/www.pourquoi-pas-nous.com\/wp-content\/uploads\/2026\/01\/20210826_152401-scaled.jpg?resize=1200%2C569&amp;ssl=1 1200w, https:\/\/i0.wp.com\/www.pourquoi-pas-nous.com\/wp-content\/uploads\/2026\/01\/20210826_152401-scaled.jpg?resize=400%2C190&amp;ssl=1 400w, https:\/\/i0.wp.com\/www.pourquoi-pas-nous.com\/wp-content\/uploads\/2026\/01\/20210826_152401-scaled.jpg?w=2048&amp;ssl=1 2048w, https:\/\/i0.wp.com\/www.pourquoi-pas-nous.com\/wp-content\/uploads\/2026\/01\/20210826_152401-scaled.jpg?w=1600&amp;ssl=1 1600w\" sizes=\"(max-width: 800px) 100vw, 800px\" \/><\/figure>\n\n<figure class=\"wp-block-image size-full\"><img data-recalc-dims=\"1\" data-dominant-color=\"726e54\" data-has-transparency=\"true\" style=\"--dominant-color: #726e54;\" loading=\"lazy\" decoding=\"async\" width=\"800\" height=\"429\" src=\"https:\/\/i0.wp.com\/www.pourquoi-pas-nous.com\/wp-content\/uploads\/2026\/01\/image-31.png?resize=800%2C429&#038;ssl=1\" alt=\"\" class=\"wp-image-77742 has-transparency\" title=\"\" srcset=\"https:\/\/i0.wp.com\/www.pourquoi-pas-nous.com\/wp-content\/uploads\/2026\/01\/image-31.png?w=958&amp;ssl=1 958w, https:\/\/i0.wp.com\/www.pourquoi-pas-nous.com\/wp-content\/uploads\/2026\/01\/image-31.png?resize=400%2C215&amp;ssl=1 400w\" sizes=\"(max-width: 800px) 100vw, 800px\" \/><\/figure>\n\n<figure class=\"wp-block-image size-full\"><img data-recalc-dims=\"1\" data-dominant-color=\"ac9173\" data-has-transparency=\"true\" style=\"--dominant-color: #ac9173;\" loading=\"lazy\" decoding=\"async\" width=\"800\" height=\"425\" src=\"https:\/\/i0.wp.com\/www.pourquoi-pas-nous.com\/wp-content\/uploads\/2026\/01\/image-34.png?resize=800%2C425&#038;ssl=1\" alt=\"\" class=\"wp-image-77745 has-transparency\" title=\"\" srcset=\"https:\/\/i0.wp.com\/www.pourquoi-pas-nous.com\/wp-content\/uploads\/2026\/01\/image-34.png?w=946&amp;ssl=1 946w, https:\/\/i0.wp.com\/www.pourquoi-pas-nous.com\/wp-content\/uploads\/2026\/01\/image-34.png?resize=400%2C212&amp;ssl=1 400w\" sizes=\"(max-width: 800px) 100vw, 800px\" \/><\/figure>\n\n<h2 class=\"wp-block-heading\">Wie kommen Sie nach Benagil?<\/h2>\n\n<ul class=\"wp-block-list\">\n<li><strong>Mit dem Auto<\/strong>, wenn Sie <a href=\"https:\/\/www.discovercars.com\/fr\/portugal\/faro?a_aid=PourquoiPasNous\" data-type=\"link\" data-id=\"https:\/\/www.discovercars.com\/fr\/portugal\/faro?a_aid=PourquoiPasNous\" target=\"_blank\" rel=\"noopener\">ein Auto gemietet<\/a> haben, gibt es mehrere Parkpl\u00e4tze im Dorf Benagil und Sie k\u00f6nnen ein Kajak mieten.<\/li>\n\n\n\n<li><strong>Mit dem Boot<\/strong> von verschiedenen Orten der Algarve wie <a href=\"https:\/\/www.getyourguide.fr\/algarve-l66\/albufeira-excursion-en-bateau-grottes-et-observation-des-dauphins-t64461\/?partner_id=0LXQSML&amp;utm_medium=online_publisher&amp;cmp=benagil\" data-type=\"link\" data-id=\"https:\/\/www.getyourguide.fr\/algarve-l66\/albufeira-excursion-en-bateau-grottes-et-observation-des-dauphins-t64461\/?partner_id=0LXQSML&amp;utm_medium=online_publisher&amp;cmp=benagil\" target=\"_blank\" rel=\"noopener\">Albufeira<\/a>, <a href=\"https:\/\/www.getyourguide.fr\/algarve-l66\/portimao-croisiere-dans-les-grottes-de-benagil-avec-observation-des-dauphins-t420129\/?partner_id=0LXQSML&amp;utm_medium=online_publisher&amp;cmp=benagil\" data-type=\"link\" data-id=\"https:\/\/www.getyourguide.fr\/algarve-l66\/portimao-croisiere-dans-les-grottes-de-benagil-avec-observation-des-dauphins-t420129\/?partner_id=0LXQSML&amp;utm_medium=online_publisher&amp;cmp=benagil\" target=\"_blank\" rel=\"noreferrer noopener nofollow\">Portim\u00e3o<\/a>, <a href=\"https:\/\/www.getyourguide.fr\/algarve-l66\/armacao-de-pera-visite-guidee-privee-en-bateau-des-grottes-de-benagil-t390616\/?partner_id=0LXQSML&amp;utm_medium=online_publisher&amp;cmp=benagil\" data-type=\"link\" data-id=\"https:\/\/www.getyourguide.fr\/algarve-l66\/armacao-de-pera-visite-guidee-privee-en-bateau-des-grottes-de-benagil-t390616\/?partner_id=0LXQSML&amp;utm_medium=online_publisher&amp;cmp=benagil\" target=\"_blank\" rel=\"noreferrer noopener nofollow\">Arma\u00e7\u00e3o de P\u00eara<\/a>&#8230;<\/li>\n\n\n\n<li><strong>Zu Fu\u00df<\/strong> von <strong>Praia da Marinha<\/strong> oder <strong>Praia de Vale de Centeanes<\/strong> auf dem <strong>Wanderweg der Sieben h\u00e4ngenden T\u00e4ler<\/strong>, der <strong>direkt \u00fcber der H\u00f6hle<\/strong> verl\u00e4uft.<\/li>\n\n\n\n<li><strong>Mit \u00f6ffentlichen Verkehrsmitteln <\/strong>(weniger praktisch): Busse k\u00f6nnen bis Lagos oder Carvoeiro fahren, Infos und Reservierungen bei <a href=\"https:\/\/vamusalgarve.pt\" target=\"_blank\" rel=\"noreferrer noopener\">Vamus Algarve<\/a>. <\/li>\n<\/ul>\n\n<h2 class=\"wp-block-heading\">Unsere Meinung \u00fcber die H\u00f6hle von Benagil<\/h2>\n\n<p>Die H\u00f6hle von Benagil geh\u00f6rt eindeutig <strong>zu den Wahrzeichen der Algarve<\/strong>. Die H\u00f6hle ist sowohl von ihrer Gr\u00f6\u00dfe als auch vom Licht, das in ihr Inneres f\u00e4llt, beeindruckend und verdient es, w\u00e4hrend eines Aufenthalts in der Region besucht zu werden.   <\/p>\n\n<p>Die Erfahrung kann <strong>jedoch je nach Tageszeit, Jahreszeit und gew\u00e4hlter Art der Besichtigung variieren<\/strong>. <\/p>\n\n<blockquote class=\"wp-block-quote has-text-align-center is-layout-flow wp-block-quote-is-layout-flow\">\n<p>Wir empfehlen Ihnen, den Besuch im Voraus zu planen, da die Entdeckung der H\u00f6hle, wenn sie gut organisiert ist, ein sehr sch\u00f6nes Erlebnis ist, besonders wenn sie mit der Erkundung der umliegenden K\u00fcste kombiniert wird.<\/p>\n<\/blockquote>\n\n<figure class=\"wp-block-image size-large\"><img data-recalc-dims=\"1\" data-dominant-color=\"858f90\" data-has-transparency=\"false\" style=\"--dominant-color: #858f90;\" loading=\"lazy\" decoding=\"async\" width=\"800\" height=\"368\" src=\"https:\/\/i0.wp.com\/www.pourquoi-pas-nous.com\/wp-content\/uploads\/2026\/01\/WhatsApp-Image-2026-01-20-at-18.10.31-3.jpeg?resize=800%2C368&#038;ssl=1\" alt=\"portugal algarve\" class=\"wp-image-76975 not-transparent\" title=\"\" srcset=\"https:\/\/i0.wp.com\/www.pourquoi-pas-nous.com\/wp-content\/uploads\/2026\/01\/WhatsApp-Image-2026-01-20-at-18.10.31-3.jpeg?resize=1200%2C552&amp;ssl=1 1200w, https:\/\/i0.wp.com\/www.pourquoi-pas-nous.com\/wp-content\/uploads\/2026\/01\/WhatsApp-Image-2026-01-20-at-18.10.31-3.jpeg?resize=400%2C184&amp;ssl=1 400w, https:\/\/i0.wp.com\/www.pourquoi-pas-nous.com\/wp-content\/uploads\/2026\/01\/WhatsApp-Image-2026-01-20-at-18.10.31-3.jpeg?w=1600&amp;ssl=1 1600w\" sizes=\"(max-width: 800px) 100vw, 800px\" \/><\/figure>\n\n<p>Z\u00f6gern Sie nicht, uns eine <strong>kurze Nachricht<\/strong> oder <strong>5 Sterne<\/strong> unten zu hinterlassen, um uns mitzuteilen, ob Sie diese Reise planen, stellen Sie alle Ihre Fragen, unten werden wir Ihnen mit gro\u00dfem Vergn\u00fcgen antworten.<\/p>\n\n<p>Bevor Sie abreisen, <strong>finden Sie alle unsere Artikel zur Reiseplanung :<\/strong><\/p>\n\n<p><\/p>\n\n<ul class=\"wp-block-list\">\n<li>&#x1f6cf;&#xfe0f;  <a href=\"https:\/\/www.pourquoi-pas-nous.com\/de\/?p=79025\" data-type=\"post\" data-id=\"78345\">Wo kann man in der Algarve schlafen? unsere besten Adressen<\/a><\/li>\n\n\n\n<li>&#x1f5fa;&#xfe0f; <a href=\"https:\/\/www.pourquoi-pas-nous.com\/de\/?p=78983\" data-type=\"post\" data-id=\"78921\" target=\"_blank\" rel=\"noreferrer noopener\">Route Ihres Algarve-Roadtrips?<\/a><\/li>\n\n\n\n<li>&#x1f697; <a href=\"https:\/\/www.pourquoi-pas-nous.com\/de\/?p=77728\" target=\"_blank\" data-type=\"post\" data-id=\"77133\" rel=\"noreferrer noopener\">Autovermietung in Faro an der Algarve: unsere Tipps und Tricks<\/a><\/li>\n\n\n\n<li>Besuchen Sie die D\u00f6rfer <a href=\"https:\/\/www.pourquoi-pas-nous.com\/de\/was-kann-man-in-lagos-in-portugal-unternehmen-unsere-meinung-und-unsere-empfehlungen\/\" data-type=\"post\" data-id=\"76752\">Lagos<\/a>, <a href=\"https:\/\/www.pourquoi-pas-nous.com\/de\/was-kann-man-in-armacao-de-pera-in-portugal-unternehmen\/\" data-type=\"post\" data-id=\"76818\">Arma\u00e7ao de P\u00eara<\/a>, <a href=\"https:\/\/www.pourquoi-pas-nous.com\/de\/was-kann-man-in-alvor-in-portugal-unternehmen-straende-und-unsere-meinung\/\" data-type=\"post\" data-id=\"76816\">Alvor<\/a> und Olaho.<\/li>\n\n\n\n<li>&#x26f5; <a href=\"https:\/\/www.pourquoi-pas-nous.com\/de\/wie-kann-man-die-klippen-von-ponta-da-piedade-besuchen-mit-dem-boot-und-zu-fuss\/\" target=\"_blank\" data-type=\"post\" data-id=\"77127\" rel=\"noreferrer noopener\">Wie besuchen Sie die Klippen von Ponta da Piedade<\/a>? mit dem Boot und zu Fu\u00df<\/li>\n\n\n\n<li>&#x1f9a9; <a href=\"https:\/\/www.pourquoi-pas-nous.com\/de\/was-kann-man-im-naturpark-ria-formosa-und-seinen-inseln-in-portugal-unternehmen-ein-versteckter-schatz-in-der-algarve\/\" data-type=\"post\" data-id=\"76230\" target=\"_blank\" rel=\"noreferrer noopener\">Was kann man im Naturpark Ria Formosa<\/a> und seinen Inseln in Portugal unternehmen?  <\/li>\n<\/ul>\n<div style='text-align:right' class='yasr-auto-insert-visitor'><\/div>","protected":false},"excerpt":{"rendered":"<p>Sie m\u00f6chten die ber\u00fchmte H\u00f6hle von Benagil besuchen und fragen sich sicher, wie Sie diese H\u00f6hle erreichen k\u00f6nnen: Bonen nouvelle, Sie sind eindeutig an der richtigen Stelle. W\u00e4hrend unseres Roadtrips durch die Algarve war die Benagil-H\u00f6hle ein absolutes Muss. Wie viele andere Reisende stellten wir fest, dass diese beliebte Sehensw\u00fcrdigkeit viele Fragenaufwirft&#8230; und einige Missverst\u00e4ndnisse. [&hellip;]<\/p>\n","protected":false},"author":2,"featured_media":77769,"comment_status":"open","ping_status":"closed","sticky":false,"template":"","format":"standard","meta":{"_acf_changed":false,"_wp_convertkit_post_meta":{"form":"-1","landing_page":"","tag":"0","restrict_content":"0"},"jetpack_post_was_ever_published":true,"yasr_overall_rating":0,"yasr_post_is_review":"","yasr_auto_insert_disabled":"","yasr_review_type":"","_jetpack_newsletter_access":"","_jetpack_dont_email_post_to_subs":false,"_jetpack_newsletter_tier_id":0,"_jetpack_memberships_contains_paywalled_content":false,"_jetpack_memberships_contains_paid_content":false,"footnotes":""},"categories":[398,397,162],"tags":[],"class_list":["post-77768","post","type-post","status-publish","format-standard","has-post-thumbnail","hentry","category-algarve","category-portugal","category-reisefuhrer"],"acf":[],"_wp_attached_file":null,"_wp_attachment_image_alt":null,"rank_math_primary_category":"392","rank_math_title":"Besichtigung der H\u00f6hle von Benagil in Portugal: per Boot, Kajak oder zu Fu\u00df","rank_math_description":null,"rank_math_focus_keyword":"H\u00f6hle von Benagil","yasr_visitor_votes":{"stars_attributes":{"read_only":false,"span_bottom":false},"number_of_votes":0,"sum_votes":0},"jetpack_featured_media_url":"https:\/\/i0.wp.com\/www.pourquoi-pas-nous.com\/wp-content\/uploads\/2026\/01\/image-30.png?fit=928%2C529&ssl=1","jetpack_sharing_enabled":true,"_links":{"self":[{"href":"https:\/\/www.pourquoi-pas-nous.com\/de\/wp-json\/wp\/v2\/posts\/77768","targetHints":{"allow":["GET"]}}],"collection":[{"href":"https:\/\/www.pourquoi-pas-nous.com\/de\/wp-json\/wp\/v2\/posts"}],"about":[{"href":"https:\/\/www.pourquoi-pas-nous.com\/de\/wp-json\/wp\/v2\/types\/post"}],"author":[{"embeddable":true,"href":"https:\/\/www.pourquoi-pas-nous.com\/de\/wp-json\/wp\/v2\/users\/2"}],"replies":[{"embeddable":true,"href":"https:\/\/www.pourquoi-pas-nous.com\/de\/wp-json\/wp\/v2\/comments?post=77768"}],"version-history":[{"count":8,"href":"https:\/\/www.pourquoi-pas-nous.com\/de\/wp-json\/wp\/v2\/posts\/77768\/revisions"}],"predecessor-version":[{"id":79219,"href":"https:\/\/www.pourquoi-pas-nous.com\/de\/wp-json\/wp\/v2\/posts\/77768\/revisions\/79219"}],"wp:featuredmedia":[{"embeddable":true,"href":"https:\/\/www.pourquoi-pas-nous.com\/de\/wp-json\/wp\/v2\/media\/77769"}],"wp:attachment":[{"href":"https:\/\/www.pourquoi-pas-nous.com\/de\/wp-json\/wp\/v2\/media?parent=77768"}],"wp:term":[{"taxonomy":"category","embeddable":true,"href":"https:\/\/www.pourquoi-pas-nous.com\/de\/wp-json\/wp\/v2\/categories?post=77768"},{"taxonomy":"post_tag","embeddable":true,"href":"https:\/\/www.pourquoi-pas-nous.com\/de\/wp-json\/wp\/v2\/tags?post=77768"}],"curies":[{"name":"wp","href":"https:\/\/api.w.org\/{rel}","templated":true}]}}