{"id":78906,"date":"2026-02-10T18:26:15","date_gmt":"2026-02-10T16:26:15","guid":{"rendered":"https:\/\/www.pourquoi-pas-nous.com\/was-kann-man-in-albufeira-unternehmen-straende-und-bootsfahrten\/"},"modified":"2026-02-12T14:28:42","modified_gmt":"2026-02-12T12:28:42","slug":"was-kann-man-in-albufeira-unternehmen-straende-und-bootsfahrten","status":"publish","type":"post","link":"https:\/\/www.pourquoi-pas-nous.com\/de\/was-kann-man-in-albufeira-unternehmen-straende-und-bootsfahrten\/","title":{"rendered":"Was kann man in Albufeira unternehmen? Str\u00e4nde und Bootsfahrten"},"content":{"rendered":"\n<p>Sie fragen sich, <strong>was Sie in Albufeira<\/strong> w\u00e4hrend eines Roadtrips an der Algarve unternehmen k\u00f6nnen? Albufeira ist der Hauptbadeort der Algarve und hat <strong>viele Facetten<\/strong>, von einem historischen Zentrum, \u00fcber Str\u00e4nde, die zwischen den Klippen liegen, bis hin zu einem lebhaften Yachthafen. <\/p>\n\n<p>Vor allem <strong>ist Albufeira ein guter Ausgangspunkt f\u00fcr einen Bootsausflug zur Benagil-H\u00f6hle<\/strong>, einer der beeindruckendsten Natursch\u00f6nheiten im S\u00fcden Portugals. Dies ist auch der Grund, warum wir uns f\u00fcr einen Zwischenstopp entschieden haben. <\/p>\n\n<p>In diesem Artikel berichten wir <strong>\u00fcber unsere Erfahrungen in Albufeira<\/strong>, was uns gefallen hat (und was nicht), was man <strong>an einem Tag machen kann<\/strong>, unsere <strong>praktischen Tipps<\/strong> und warum diese Stadt sehr gut als Ausgangspunkt f\u00fcr die Erkundung <strong>der zentralen Algarve<\/strong> funktioniert.  <\/p>\n\n<figure class=\"wp-block-image size-large\"><img data-recalc-dims=\"1\" data-dominant-color=\"8e8672\" data-has-transparency=\"false\" style=\"--dominant-color: #8e8672;\" fetchpriority=\"high\" decoding=\"async\" width=\"800\" height=\"379\" src=\"https:\/\/i0.wp.com\/www.pourquoi-pas-nous.com\/wp-content\/uploads\/2026\/01\/20210826_144751-1.jpg?resize=800%2C379&#038;ssl=1\" alt=\"Str&#xE4;nde an der Algarve\" class=\"wp-image-77352 not-transparent\" title=\"\" srcset=\"https:\/\/i0.wp.com\/www.pourquoi-pas-nous.com\/wp-content\/uploads\/2026\/01\/20210826_144751-1-scaled.jpg?resize=1200%2C568&amp;ssl=1 1200w, https:\/\/i0.wp.com\/www.pourquoi-pas-nous.com\/wp-content\/uploads\/2026\/01\/20210826_144751-1-scaled.jpg?resize=400%2C189&amp;ssl=1 400w, https:\/\/i0.wp.com\/www.pourquoi-pas-nous.com\/wp-content\/uploads\/2026\/01\/20210826_144751-1-scaled.jpg?w=2048&amp;ssl=1 2048w, https:\/\/i0.wp.com\/www.pourquoi-pas-nous.com\/wp-content\/uploads\/2026\/01\/20210826_144751-1-scaled.jpg?w=1600&amp;ssl=1 1600w\" sizes=\"(max-width: 800px) 100vw, 800px\" \/><\/figure>\n\n<h2 class=\"wp-block-heading\">Wichtigste Informationen \u00fcber Albufeira<\/h2>\n\n<ul class=\"wp-block-list\">\n<li>&#x1f4cd; O <strong>rt<\/strong>: S\u00fcdk\u00fcste Portugals, im Herzen der Algarve<\/li>\n\n\n\n<li>&#x1f697; <strong>Zeit von Faro<\/strong>: ca. 40 Minuten<\/li>\n\n\n\n<li>&#x23f1;&#xfe0f; <strong>Empfohlene Aufenthaltsdauer<\/strong>: 1 Tag (oder 2 N\u00e4chte, wenn Sie die H\u00f6hlen erkunden)<\/li>\n\n\n\n<li>&#x2b50; <strong>Ideal f\u00fcr<\/strong>: Ausgehen, Str\u00e4nde, Bootsausfl\u00fcge, H\u00f6hle von Benagil<\/li>\n<\/ul>\n\n<h2 class=\"wp-block-heading\">Bootsausflug zur Benagil-H\u00f6hle + Delphine<\/h2>\n\n<p>Wenn es <strong>eine Aktivit\u00e4t gibt, die Sie in Albufeira unbedingt machen m\u00fcssen<\/strong>, dann ist es <strong>eine Bootsfahrt entlang der K\u00fcste<\/strong>, um <strong>Delphine<\/strong> zu finden und die ber\u00fchmte <strong>H\u00f6hle von Benagil<\/strong> zu besuchen.<\/p>\n\n<p>Wir empfehlen Ihnen diesen Ausflug, der vom Yachthafen von Albufeira aus startet und Sie auf das Meer hinausf\u00fchrt. Sobald Sie den Hafen verlassen haben, werden Sie verstehen, warum diese K\u00fcste so ber\u00fchmt ist: <\/p>\n\n<ul class=\"wp-block-list\">\n<li>Meeresh\u00f6hlen, die vom Ozean geformt wurden,<\/li>\n\n\n\n<li>nat\u00fcrlichen B\u00f6gen,<\/li>\n\n\n\n<li>steile, ockerfarbene Klippen.<\/li>\n<\/ul>\n\n<p>&#x2665;&#xfe0f; Das Beste an dieser Tour ist nat\u00fcrlich die Ankunft an der <strong>Grotte von Benagil<\/strong>. Vom Meer aus gesehen ist die kreisf\u00f6rmige \u00d6ffnung an der Spitze der H\u00f6hle noch beeindruckender. Das einfallende Licht, der Kontrast zwischen dem Felsen und dem t\u00fcrkisfarbenen Wasser&#8230; auch wenn der Ort sehr \u00fcberlaufen ist, bleibt es <strong>spektakul\u00e4r<\/strong>. Und die Beobachtung von Delfinen, die in dieser Gegend zahlreich sind (so dass Sie sie auch ohne andere Boote in der N\u00e4he sehen k\u00f6nnen), <strong>ist ein idealer Ausflug mit Kindern.<\/strong>   <\/p>\n\n<p>&#x1f4a1; Wir empfehlen Ihnen wirklich, im <strong>Voraus zu buchen<\/strong>, besonders in der Hochsaison:<\/p>\n\n<blockquote class=\"wp-block-quote has-text-align-center is-layout-flow wp-block-quote-is-layout-flow\">\n<p><a href=\"https:\/\/www.getyourguide.fr\/algarve-l66\/albufeira-excursion-en-bateau-grottes-et-observation-des-dauphins-t64461\/?partner_id=0LXQSML&amp;utm_medium=online_publisher&amp;cmp=albufeira\" data-type=\"link\" data-id=\"https:\/\/www.getyourguide.fr\/algarve-l66\/albufeira-excursion-en-bateau-grottes-et-observation-des-dauphins-t64461\/?partner_id=0LXQSML&amp;utm_medium=online_publisher&amp;cmp=albufeira\" target=\"_blank\" rel=\"noopener\">Buchen Sie eine Bootsfahrt von 2,5 Stunden, um Delphine und geologische Formationen zu beobachten.<\/a><\/p>\n<\/blockquote>\n\n<div data-gyg-href=\"https:\/\/widget.getyourguide.com\/default\/availability.frame\" data-gyg-tour-id=\"64461\" data-gyg-locale-code=\"fr-FR\" data-gyg-currency=\"EUR\" data-gyg-widget=\"availability\" data-gyg-variant=\"horizontal\" data-gyg-partner-id=\"0LXQSML\" data-gyg-cmp=\"albufeira\"><\/div>\n\n<figure class=\"wp-block-image size-large\"><img data-recalc-dims=\"1\" data-dominant-color=\"1d5d77\" data-has-transparency=\"false\" style=\"--dominant-color: #1d5d77;\" decoding=\"async\" width=\"800\" height=\"588\" src=\"https:\/\/i0.wp.com\/www.pourquoi-pas-nous.com\/wp-content\/uploads\/2026\/01\/gmzsct-vc0e.jpg?resize=800%2C588&#038;ssl=1\" alt=\"algarve\" class=\"wp-image-76282 not-transparent\" title=\"\" srcset=\"https:\/\/i0.wp.com\/www.pourquoi-pas-nous.com\/wp-content\/uploads\/2026\/01\/gmzsct-vc0e.jpg?resize=1200%2C882&amp;ssl=1 1200w, https:\/\/i0.wp.com\/www.pourquoi-pas-nous.com\/wp-content\/uploads\/2026\/01\/gmzsct-vc0e.jpg?resize=400%2C294&amp;ssl=1 400w, https:\/\/i0.wp.com\/www.pourquoi-pas-nous.com\/wp-content\/uploads\/2026\/01\/gmzsct-vc0e.jpg?w=1632&amp;ssl=1 1632w\" sizes=\"(max-width: 800px) 100vw, 800px\" \/><\/figure>\n\n<figure class=\"wp-block-image size-full\"><img data-recalc-dims=\"1\" data-dominant-color=\"8c7c6c\" data-has-transparency=\"true\" style=\"--dominant-color: #8c7c6c;\" decoding=\"async\" width=\"800\" height=\"456\" src=\"https:\/\/i0.wp.com\/www.pourquoi-pas-nous.com\/wp-content\/uploads\/2026\/01\/image-30.png?resize=800%2C456&#038;ssl=1\" alt=\"benagil algarve\" class=\"wp-image-77741 has-transparency\" title=\"\" srcset=\"https:\/\/i0.wp.com\/www.pourquoi-pas-nous.com\/wp-content\/uploads\/2026\/01\/image-30.png?w=928&amp;ssl=1 928w, https:\/\/i0.wp.com\/www.pourquoi-pas-nous.com\/wp-content\/uploads\/2026\/01\/image-30.png?resize=400%2C228&amp;ssl=1 400w\" sizes=\"(max-width: 800px) 100vw, 800px\" \/><\/figure>\n\n<h2 class=\"wp-block-heading\">Entdecken Sie das historische Zentrum von Albufeira<\/h2>\n\n<p>Wir empfehlen Ihnen, am Morgen mit der Erkundung <strong>des historischen Zentrums von Albufeira<\/strong> zu beginnen, das hoch \u00fcber dem Ozean liegt. Hier \u00e4ndert sich die Atmosph\u00e4re sofort im Vergleich zu den moderneren Vierteln: <strong>gepflasterte Gassen<\/strong>, <strong>wei\u00dfe H\u00e4user<\/strong>, <strong>enge Treppen<\/strong> und kleine Aussichtspunkte mit Blick auf das Meer. <\/p>\n\n<p>Wir machen einen Spaziergang ohne genaue Route und nehmen uns die Zeit, um :<\/p>\n\n<ul class=\"wp-block-list\">\n<li>Gehen Sie die steilen Gassen entlang,<\/li>\n\n\n\n<li>Halten Sie auf einem schattigen Platz f\u00fcr einen Kaffee an,<\/li>\n\n\n\n<li>Sie k\u00f6nnen die Aussicht auf die K\u00fcste genie\u00dfen.<\/li>\n<\/ul>\n\n<figure class=\"wp-block-gallery has-nested-images columns-default is-cropped wp-block-gallery-2 is-layout-flex wp-block-gallery-is-layout-flex\">\n<figure class=\"wp-block-image size-large\"><img data-recalc-dims=\"1\" data-dominant-color=\"6a6b6c\" data-has-transparency=\"false\" style=\"--dominant-color: #6a6b6c;\" loading=\"lazy\" decoding=\"async\" width=\"757\" height=\"1600\" data-id=\"76277\" src=\"https:\/\/i0.wp.com\/www.pourquoi-pas-nous.com\/wp-content\/uploads\/2026\/01\/20210827_194330.jpg?resize=757%2C1600&#038;ssl=1\" alt=\"olhao\" class=\"wp-image-76277 not-transparent\" title=\"\" srcset=\"https:\/\/i0.wp.com\/www.pourquoi-pas-nous.com\/wp-content\/uploads\/2026\/01\/20210827_194330-scaled.jpg?resize=757%2C1600&amp;ssl=1 757w, https:\/\/i0.wp.com\/www.pourquoi-pas-nous.com\/wp-content\/uploads\/2026\/01\/20210827_194330-scaled.jpg?resize=284%2C600&amp;ssl=1 284w, https:\/\/i0.wp.com\/www.pourquoi-pas-nous.com\/wp-content\/uploads\/2026\/01\/20210827_194330-scaled.jpg?w=969&amp;ssl=1 969w\" sizes=\"(max-width: 757px) 100vw, 757px\" \/><\/figure>\n\n\n\n<figure class=\"wp-block-image size-large\"><img data-recalc-dims=\"1\" data-dominant-color=\"9c9d9d\" data-has-transparency=\"false\" style=\"--dominant-color: #9c9d9d;\" loading=\"lazy\" decoding=\"async\" width=\"757\" height=\"1600\" data-id=\"76248\" src=\"https:\/\/i0.wp.com\/www.pourquoi-pas-nous.com\/wp-content\/uploads\/2026\/01\/20210827_194023.jpg?resize=757%2C1600&#038;ssl=1\" alt=\"olhao\" class=\"wp-image-76248 not-transparent\" title=\"\" srcset=\"https:\/\/i0.wp.com\/www.pourquoi-pas-nous.com\/wp-content\/uploads\/2026\/01\/20210827_194023-scaled.jpg?resize=757%2C1600&amp;ssl=1 757w, https:\/\/i0.wp.com\/www.pourquoi-pas-nous.com\/wp-content\/uploads\/2026\/01\/20210827_194023-scaled.jpg?resize=284%2C600&amp;ssl=1 284w, https:\/\/i0.wp.com\/www.pourquoi-pas-nous.com\/wp-content\/uploads\/2026\/01\/20210827_194023-scaled.jpg?w=969&amp;ssl=1 969w\" sizes=\"(max-width: 757px) 100vw, 757px\" \/><\/figure>\n<\/figure>\n\n<h2 class=\"wp-block-heading\">Genie\u00dfen Sie die Str\u00e4nde von Albufeira<\/h2>\n\n<p>Albufeira hat <strong>mehrere Str\u00e4nde<\/strong>, die vom Zentrum aus <strong>zu Fu\u00df erreichbar<\/strong> sind, was sehr praktisch ist, wenn Sie nur einen Tag Zeit haben. Die Str\u00e4nde sind gro\u00df und sch\u00f6n, aber das Wasser des Ozeans ist selbst im Hochsommer noch k\u00fchl. <\/p>\n\n<h3 class=\"wp-block-heading\">Praia dos Pescadores: praktisch und zentral gelegen<\/h3>\n\n<p>Dies ist der &#8222;einfachste&#8220; Strand: unten in der Altstadt, gro\u00df, belebt und sehr zug\u00e4nglich. Er ist perfekt f\u00fcr eine Pause, obwohl er nat\u00fcrlich der belebteste Strand ist. <\/p>\n\n<h3 class=\"wp-block-heading\">Praia do T\u00fanel (Praia do Peneco)  <\/h3>\n\n<p>Er ist nur durch einen Felsen getrennt und hat einen besonderen Charme: Sie k\u00f6nnen ihn durch <strong>einen Tunnel<\/strong> erreichen, der vom Zentrum Albufeiras aus <strong>in die Klippen getrieben<\/strong> wurde, was ihm einen Hauch von &#8222;verstecktem Strand&#8220; verleiht, auch wenn er sehr zentral gelegen ist. Es ist jedoch ein sehr belebter Strand, der f\u00fcr Familien oder Personen mit eingeschr\u00e4nkter Mobilit\u00e4t mit einem Aufzug erreichbar ist. <\/p>\n\n<figure class=\"wp-block-image size-large\"><img data-recalc-dims=\"1\" data-dominant-color=\"797f6d\" data-has-transparency=\"false\" style=\"--dominant-color: #797f6d;\" loading=\"lazy\" decoding=\"async\" width=\"800\" height=\"379\" src=\"https:\/\/i0.wp.com\/www.pourquoi-pas-nous.com\/wp-content\/uploads\/2026\/01\/20210826_152534.jpg?resize=800%2C379&#038;ssl=1\" alt=\"armacao de pera portugal algarve\" class=\"wp-image-77175 not-transparent\" title=\"\" srcset=\"https:\/\/i0.wp.com\/www.pourquoi-pas-nous.com\/wp-content\/uploads\/2026\/01\/20210826_152534-scaled.jpg?resize=1200%2C568&amp;ssl=1 1200w, https:\/\/i0.wp.com\/www.pourquoi-pas-nous.com\/wp-content\/uploads\/2026\/01\/20210826_152534-scaled.jpg?resize=400%2C189&amp;ssl=1 400w, https:\/\/i0.wp.com\/www.pourquoi-pas-nous.com\/wp-content\/uploads\/2026\/01\/20210826_152534-scaled.jpg?w=2048&amp;ssl=1 2048w, https:\/\/i0.wp.com\/www.pourquoi-pas-nous.com\/wp-content\/uploads\/2026\/01\/20210826_152534-scaled.jpg?w=1600&amp;ssl=1 1600w\" sizes=\"(max-width: 800px) 100vw, 800px\" \/><\/figure>\n\n<figure class=\"wp-block-image size-large\"><img data-recalc-dims=\"1\" data-dominant-color=\"808481\" data-has-transparency=\"false\" style=\"--dominant-color: #808481;\" loading=\"lazy\" decoding=\"async\" width=\"800\" height=\"379\" src=\"https:\/\/i0.wp.com\/www.pourquoi-pas-nous.com\/wp-content\/uploads\/2026\/01\/20210826_153545.jpg?resize=800%2C379&#038;ssl=1\" alt=\"armacao de pera portugal algarve\" class=\"wp-image-77156 not-transparent\" title=\"\" srcset=\"https:\/\/i0.wp.com\/www.pourquoi-pas-nous.com\/wp-content\/uploads\/2026\/01\/20210826_153545-scaled.jpg?resize=1200%2C568&amp;ssl=1 1200w, https:\/\/i0.wp.com\/www.pourquoi-pas-nous.com\/wp-content\/uploads\/2026\/01\/20210826_153545-scaled.jpg?resize=400%2C189&amp;ssl=1 400w, https:\/\/i0.wp.com\/www.pourquoi-pas-nous.com\/wp-content\/uploads\/2026\/01\/20210826_153545-scaled.jpg?w=2048&amp;ssl=1 2048w, https:\/\/i0.wp.com\/www.pourquoi-pas-nous.com\/wp-content\/uploads\/2026\/01\/20210826_153545-scaled.jpg?w=1600&amp;ssl=1 1600w\" sizes=\"(max-width: 800px) 100vw, 800px\" \/><\/figure>\n\n<h3 class=\"wp-block-heading\">Praia da Fal\u00e9sia: unser Favorit<\/h3>\n\n<p>Wenn Sie ein Auto gemietet haben, ist der <strong>Praia da Fal\u00e9sia<\/strong> einen Besuch wert. Er liegt in Richtung <strong>Olhos de \u00c1gua<\/strong>, ca. 20 Minuten mit dem Auto von Ihrem Ausgangspunkt entfernt. <\/p>\n\n<p>Es gibt einen <strong>Pfad auf den Klippen<\/strong>, von dem aus Sie eine unglaubliche Aussicht auf den Ozean und die K\u00fcste haben.<\/p>\n\n<p>&#x1f449; So <strong>nnenaufgang oder Sonnenuntergang<\/strong>. Die Klippen f\u00e4rben sich orange\/rot, das Licht ist verr\u00fcckt und der Ozean hat dieses tiefe Blau, das fast unwirklich wirkt. <\/p>\n\n<p>Hier ist eine <a href=\"https:\/\/www.alltrails.com\/trail\/portugal\/faro\/praia-da-falesia\" data-type=\"link\" data-id=\"https:\/\/www.alltrails.com\/trail\/portugal\/faro\/praia-da-falesia\" target=\"_blank\" rel=\"noreferrer noopener\">Wanderroute<\/a> von 6 km hin und zur\u00fcck, um die Klippen von oben zu bewundern.<\/p>\n\n<figure class=\"wp-block-image size-large\"><img data-recalc-dims=\"1\" data-dominant-color=\"b58c6b\" data-has-transparency=\"false\" style=\"--dominant-color: #b58c6b;\" loading=\"lazy\" decoding=\"async\" width=\"800\" height=\"600\" src=\"https:\/\/i0.wp.com\/www.pourquoi-pas-nous.com\/wp-content\/uploads\/2026\/02\/2148378.jpg?resize=800%2C600&#038;ssl=1\" alt=\"albufeira algarve\" class=\"wp-image-78888 not-transparent\" title=\"\" srcset=\"https:\/\/i0.wp.com\/www.pourquoi-pas-nous.com\/wp-content\/uploads\/2026\/02\/2148378.jpg?resize=1200%2C900&amp;ssl=1 1200w, https:\/\/i0.wp.com\/www.pourquoi-pas-nous.com\/wp-content\/uploads\/2026\/02\/2148378.jpg?resize=400%2C300&amp;ssl=1 400w, https:\/\/i0.wp.com\/www.pourquoi-pas-nous.com\/wp-content\/uploads\/2026\/02\/2148378.jpg?w=1280&amp;ssl=1 1280w\" sizes=\"(max-width: 800px) 100vw, 800px\" \/><\/figure>\n\n<h2 class=\"wp-block-heading\">Albufeira, Version &#8222;Las Vegas&#8220;: die Stra\u00dfe The Strip<\/h2>\n\n<p>Es ist unm\u00f6glich, \u00fcber Albufeira zu sprechen, ohne <strong>The Strip<\/strong> zu erw\u00e4hnen. Es ist die bekannteste Partystra\u00dfe\/-zone mit einer Atmosph\u00e4re, die deutlich an St\u00e4dte wie <strong>Las Vegas<\/strong> oder <strong>Canc\u00fan<\/strong> erinnert: Neonlichter, Bars, Nachtclubs, Spielverderber, XXL-Men\u00fcs und Musik, die von \u00fcberall her kommt. <\/p>\n\n<p>Wenn Sie abends ausgehen wollen, werden Sie hier f\u00fcndig. Wenn Sie eine ruhigere Atmosph\u00e4re suchen, sollten Sie diese Ecke meiden. <\/p>\n\n<figure class=\"wp-block-gallery has-nested-images columns-default is-cropped wp-block-gallery-3 is-layout-flex wp-block-gallery-is-layout-flex\">\n<figure class=\"wp-block-image size-large\"><img data-recalc-dims=\"1\" data-dominant-color=\"766155\" data-has-transparency=\"true\" style=\"--dominant-color: #766155;\" loading=\"lazy\" decoding=\"async\" width=\"742\" height=\"441\" data-id=\"78893\" src=\"https:\/\/i0.wp.com\/www.pourquoi-pas-nous.com\/wp-content\/uploads\/2026\/02\/image-13.png?resize=742%2C441&#038;ssl=1\" alt=\"albufeira algarve\" class=\"wp-image-78893 has-transparency\" title=\"\" srcset=\"https:\/\/i0.wp.com\/www.pourquoi-pas-nous.com\/wp-content\/uploads\/2026\/02\/image-13.png?w=742&amp;ssl=1 742w, https:\/\/i0.wp.com\/www.pourquoi-pas-nous.com\/wp-content\/uploads\/2026\/02\/image-13.png?resize=400%2C238&amp;ssl=1 400w\" sizes=\"(max-width: 742px) 100vw, 742px\" \/><\/figure>\n\n\n\n<figure class=\"wp-block-image size-large\"><img data-recalc-dims=\"1\" data-dominant-color=\"6b6b6a\" data-has-transparency=\"true\" style=\"--dominant-color: #6b6b6a;\" loading=\"lazy\" decoding=\"async\" width=\"739\" height=\"531\" data-id=\"78892\" src=\"https:\/\/i0.wp.com\/www.pourquoi-pas-nous.com\/wp-content\/uploads\/2026\/02\/image-12.png?resize=739%2C531&#038;ssl=1\" alt=\"albufeira algarve\" class=\"wp-image-78892 has-transparency\" title=\"\" srcset=\"https:\/\/i0.wp.com\/www.pourquoi-pas-nous.com\/wp-content\/uploads\/2026\/02\/image-12.png?w=739&amp;ssl=1 739w, https:\/\/i0.wp.com\/www.pourquoi-pas-nous.com\/wp-content\/uploads\/2026\/02\/image-12.png?resize=400%2C287&amp;ssl=1 400w\" sizes=\"(max-width: 739px) 100vw, 739px\" \/><\/figure>\n<\/figure>\n\n<h2 class=\"wp-block-heading\">Bummeln Sie um den Jachthafen von Albufeira.<\/h2>\n\n<p>Wenn Sie von Ihrem Ausflug zur\u00fcckkommen, empfehlen wir Ihnen, am Ende des Tages einen Drink am <strong>Jachthafen von Albufeira<\/strong> zu nehmen. Hier ist alles moderner, bunter, fast kalifornisch. <\/p>\n\n<figure class=\"wp-block-image size-large\"><img data-recalc-dims=\"1\" data-dominant-color=\"6486a5\" data-has-transparency=\"false\" style=\"--dominant-color: #6486a5;\" loading=\"lazy\" decoding=\"async\" width=\"800\" height=\"379\" src=\"https:\/\/i0.wp.com\/www.pourquoi-pas-nous.com\/wp-content\/uploads\/2026\/01\/20210823_121420.jpg?resize=800%2C379&#038;ssl=1\" alt=\"lagos\" class=\"wp-image-77460 not-transparent\" title=\"\" srcset=\"https:\/\/i0.wp.com\/www.pourquoi-pas-nous.com\/wp-content\/uploads\/2026\/01\/20210823_121420-scaled.jpg?resize=1200%2C569&amp;ssl=1 1200w, https:\/\/i0.wp.com\/www.pourquoi-pas-nous.com\/wp-content\/uploads\/2026\/01\/20210823_121420-scaled.jpg?resize=400%2C190&amp;ssl=1 400w, https:\/\/i0.wp.com\/www.pourquoi-pas-nous.com\/wp-content\/uploads\/2026\/01\/20210823_121420-scaled.jpg?w=2048&amp;ssl=1 2048w, https:\/\/i0.wp.com\/www.pourquoi-pas-nous.com\/wp-content\/uploads\/2026\/01\/20210823_121420-scaled.jpg?w=1600&amp;ssl=1 1600w\" sizes=\"(max-width: 800px) 100vw, 800px\" \/><\/figure>\n\n<h2 class=\"wp-block-heading\">Wie komme ich nach Albufeira?<\/h2>\n\n<ul class=\"wp-block-list\">\n<li>&#x1f697; <strong>Von Faro<\/strong>: ca. 40 Minuten Fahrt<\/li>\n\n\n\n<li>&#x1f697; <strong>Von Lagos<\/strong>: ca. 1 Stunde<\/li>\n<\/ul>\n\n<p><strong>Autovermietung in der Algarve<\/strong><\/p>\n\n<p>Das Auto ist eindeutig <strong>das beste Transportmittel<\/strong>, um die Algarve zu erkunden. Die Stra\u00dfen sind in gutem Zustand und Albufeira ist gut gelegen f\u00fcr Ausfl\u00fcge nach <strong>Benagil, Arma\u00e7\u00e3o de P\u00eara oder Lagos<\/strong>. <\/p>\n\n<p>Die Autovermietung am Flughafen Faro ist einfach und oft sehr erschwinglich, besonders au\u00dferhalb der Hochsaison. Dies ist eindeutig die ideale Option f\u00fcr einen Roadtrip an der Algarve, bei dem Sie Ihr Tempo selbst bestimmen k\u00f6nnen und nicht auf \u00f6ffentliche Verkehrsmittel angewiesen sind.   <\/p>\n\n<p>&#x1f449; Um die Angebote zu vergleichen und das beste Preis-Leistungs-Verh\u00e4ltnis zu finden, nachdem wir mehrere getestet haben, verwenden wir heute <a href=\"https:\/\/www.discovercars.com\/fr\/portugal\/faro?a_aid=PourquoiPasNous\" target=\"_blank\" data-type=\"link\" data-id=\"https:\/\/www.discovercars.com\/fr\/portugal\/faro?a_aid=PourquoiPasNous\" rel=\"noreferrer noopener nofollow\">den DiscoverCars-Vergleichsrechner<\/a>, der zuverl\u00e4ssig, \u00fcbersichtlich und einfach zu bedienen ist.  <\/p>\n\n<p>&#x1f4a1; Ein weiterer nicht zu vernachl\u00e4ssigender Punkt ist, dass die \u00fcber DiscoverCars angebotene Vollkaskoversicherung in der Regel viel billiger ist als die direkt am Schalter des Autovermieters angebotene Versicherung und dabei einen umfassenderen Versicherungsschutz bietet. Dies ist ein echter Gewinn an Gelassenheit und vor allem ein gutes Mittel, um unangenehme \u00dcberraschungen bei der Abholung oder R\u00fcckgabe des Fahrzeugs zu vermeiden.  <\/p>\n\n<blockquote class=\"wp-block-quote has-text-align-center is-layout-flow wp-block-quote-is-layout-flow\">\n<p><a href=\"https:\/\/www.discovercars.com\/fr\/portugal\/faro?a_aid=PourquoiPasNous\" target=\"_blank\" data-type=\"link\" data-id=\"https:\/\/www.discovercars.com\/fr\/portugal\/faro?a_aid=PourquoiPasNous\" rel=\"noreferrer noopener nofollow\">&#x1f39f;&#xfe0f; Vergleichen Sie die Angebote auf der DiscoverCars-Website.<\/a><\/p>\n<\/blockquote>\n\n<h2 class=\"wp-block-heading\">Wie lange bleiben Sie in Albufeira?  <\/h2>\n\n<p>Wie immer ist es nicht einfach, diese Frage zu beantworten.<\/p>\n\n<p>&#x1f449; Unserer Meinung nach <strong>reicht 1 Tag<\/strong> f\u00fcr :<\/p>\n\n<ul class=\"wp-block-list\">\n<li>Entdecken Sie das historische Zentrum,<\/li>\n\n\n\n<li>die Str\u00e4nde genie\u00dfen,<\/li>\n\n\n\n<li>Machen Sie einen Bootsausflug zur H\u00f6hle von Benagil.<\/li>\n<\/ul>\n\n<p><strong>Zum \u00dcbernachten<\/strong> bieten sich die typischen D\u00f6rfer <a href=\"https:\/\/www.pourquoi-pas-nous.com\/de\/was-kann-man-in-armacao-de-pera-in-portugal-unternehmen\/\" target=\"_blank\" data-type=\"post\" data-id=\"76818\" rel=\"noreferrer noopener\">Arma\u00e7ao de Pera<\/a> oder <a href=\"https:\/\/www.pourquoi-pas-nous.com\/de\/?p=78819\" target=\"_blank\" data-type=\"post\" data-id=\"78347\" rel=\"noreferrer noopener\">Olh\u00e3o<\/a> an:<\/p>\n\n<blockquote class=\"wp-block-quote has-text-align-center is-layout-flow wp-block-quote-is-layout-flow\">\n<p><strong>In Arma\u00e7ao de Pero<\/strong> empfehlen wir Ihnen <a href=\"https:\/\/www.booking.com\/hotel\/pt\/algarpapa-rooms.fr.html?aid=1529171&amp;no_rooms=1&amp;group_adults=2\" data-type=\"link\" data-id=\"https:\/\/www.booking.com\/hotel\/pt\/algarpapa-rooms.fr.html?aid=1529171&amp;no_rooms=1&amp;group_adults=2\" target=\"_blank\" rel=\"noopener\">Algar Papa Rooms<\/a>, ein kleines Juwel mit Pool + Parkplatz + Meerblick.<\/p>\n\n\n\n<p><strong>Olhao<\/strong>: unsere Reko <a href=\"https:\/\/www.booking.com\/hotel\/pt\/cidade-de-olhao.fr.html?aid=1529171&amp;no_rooms=1&amp;group_adults=2\" data-type=\"link\" data-id=\"https:\/\/www.booking.com\/hotel\/pt\/cidade-de-olhao.fr.html?aid=1529171&amp;no_rooms=1&amp;group_adults=2\" target=\"_blank\" rel=\"noopener\">Hotel Cidade de Olh\u00e3o<\/a> mit Pool + Fr\u00fchst\u00fcck + guter Lage<\/p>\n<\/blockquote>\n\n<p>&#x1f4a1; Wir empfehlen Ihnen, ein Hotel mit Pool zu mieten, da die Wassertemperatur auch im Sommer k\u00fchl ist, Sie k\u00f6nnen die Ozeantemperaturen in Echtzeit auf der <a href=\"https:\/\/www.ipma.pt\/en\/maritima\/sst\/\" data-type=\"link\" data-id=\"https:\/\/www.ipma.pt\/en\/maritima\/sst\/\" target=\"_blank\" rel=\"noreferrer noopener\">IPMA-Website<\/a> abrufen.<\/p>\n\n<figure class=\"wp-block-image size-large\"><img data-recalc-dims=\"1\" data-dominant-color=\"858f90\" data-has-transparency=\"false\" style=\"--dominant-color: #858f90;\" loading=\"lazy\" decoding=\"async\" width=\"800\" height=\"368\" src=\"https:\/\/i0.wp.com\/www.pourquoi-pas-nous.com\/wp-content\/uploads\/2026\/01\/WhatsApp-Image-2026-01-20-at-18.10.31-3.jpeg?resize=800%2C368&#038;ssl=1\" alt=\"portugal algarve\" class=\"wp-image-76975 not-transparent\" title=\"\" srcset=\"https:\/\/i0.wp.com\/www.pourquoi-pas-nous.com\/wp-content\/uploads\/2026\/01\/WhatsApp-Image-2026-01-20-at-18.10.31-3.jpeg?resize=1200%2C552&amp;ssl=1 1200w, https:\/\/i0.wp.com\/www.pourquoi-pas-nous.com\/wp-content\/uploads\/2026\/01\/WhatsApp-Image-2026-01-20-at-18.10.31-3.jpeg?resize=400%2C184&amp;ssl=1 400w, https:\/\/i0.wp.com\/www.pourquoi-pas-nous.com\/wp-content\/uploads\/2026\/01\/WhatsApp-Image-2026-01-20-at-18.10.31-3.jpeg?w=1600&amp;ssl=1 1600w\" sizes=\"(max-width: 800px) 100vw, 800px\" \/><\/figure>\n\n<h2 class=\"wp-block-heading\">Unsere Meinung \u00fcber Albufeira<\/h2>\n\n<p>Albufeira ist eindeutig nicht unser Lieblingsdorf an der Algarve, aber <strong>es erf\u00fcllt seine Rolle perfekt<\/strong>. Wir mochten : <\/p>\n\n<ul class=\"wp-block-list\">\n<li>Das <strong>historische Zentrum ist charmanter als erwartet<\/strong>,<\/li>\n\n\n\n<li>seine <strong>leicht zug\u00e4nglichen Str\u00e4nde<\/strong>,<\/li>\n\n\n\n<li>und vor allem seine <strong>ideale Lage f\u00fcr den Besuch der H\u00f6hle von Benagil<\/strong>.<\/li>\n<\/ul>\n\n<p>Es ist auch <strong>ein familienfreundliches Reiseziel<\/strong>, da die Str\u00e4nde in der N\u00e4he des historischen Zentrums liegen und der Hauptstrand \u00fcber einen Aufzug erreichbar ist, was mit einem Kinderwagen und einer gro\u00dfen Ladung praktisch ist.<\/p>\n\n<div data-gyg-href=\"https:\/\/widget.getyourguide.com\/default\/availability.frame\" data-gyg-tour-id=\"64461\" data-gyg-locale-code=\"fr-FR\" data-gyg-currency=\"EUR\" data-gyg-widget=\"availability\" data-gyg-variant=\"horizontal\" data-gyg-partner-id=\"0LXQSML\" data-gyg-cmp=\"albufeira\"><\/div>\n\n<p><br\/>Z\u00f6gern Sie nicht, uns unten eine <strong>kurze Nachricht<\/strong> zu hinterlassen und uns mitzuteilen, ob Sie diese Reise planen, <strong>stellen<\/strong> Sie alle Ihre Fragen oder <strong>teilen<\/strong> Sie sie in den sozialen Netzwerken<a href=\"https:\/\/www.instagram.com\/pourquoipasnous_voyage\/\" target=\"_blank\" rel=\"noreferrer noopener\">(unser Instagram<\/a>), wir werden Ihnen sehr gerne antworten!<\/p>\n\n<p>Bevor Sie abreisen, <strong>finden Sie alle unsere Artikel zur Reiseplanung :<\/strong><\/p>\n\n<p><\/p>\n\n<ul class=\"wp-block-list\">\n<li>&#x1f6cf;&#xfe0f;  <a href=\"https:\/\/www.pourquoi-pas-nous.com\/de\/?p=79025\" data-type=\"post\" data-id=\"78345\">Wo kann man in der Algarve schlafen? unsere besten Adressen<\/a><\/li>\n\n\n\n<li>&#x1f5fa;&#xfe0f; <a href=\"https:\/\/www.pourquoi-pas-nous.com\/de\/?p=78983\" target=\"_blank\" data-type=\"post\" data-id=\"78921\" rel=\"noreferrer noopener\">Route Ihres Algarve-Roadtrips?<\/a><\/li>\n\n\n\n<li>&#x1f697; <a href=\"https:\/\/www.pourquoi-pas-nous.com\/de\/?p=77728\" target=\"_blank\" data-type=\"post\" data-id=\"77133\" rel=\"noreferrer noopener\">Autovermietung in Faro an der Algarve: unsere Tipps und Tricks<\/a><\/li>\n\n\n\n<li>Besuchen Sie die D\u00f6rfer <a href=\"https:\/\/www.pourquoi-pas-nous.com\/de\/was-kann-man-in-lagos-in-portugal-unternehmen-unsere-meinung-und-unsere-empfehlungen\/\" data-type=\"post\" data-id=\"76752\">Lagos<\/a>, <a href=\"https:\/\/www.pourquoi-pas-nous.com\/de\/was-kann-man-in-armacao-de-pera-in-portugal-unternehmen\/\" data-type=\"post\" data-id=\"76818\">Arma\u00e7ao de P\u00eara<\/a>, <a href=\"https:\/\/www.pourquoi-pas-nous.com\/de\/was-kann-man-in-alvor-in-portugal-unternehmen-straende-und-unsere-meinung\/\" data-type=\"post\" data-id=\"76816\">Alvor<\/a>, Albufeira und <a href=\"https:\/\/www.pourquoi-pas-nous.com\/de\/?p=78819\" data-type=\"post\" data-id=\"78347\">Olh\u00e3o<\/a>.<\/li>\n\n\n\n<li>&#x1f30a; <a href=\"https:\/\/www.pourquoi-pas-nous.com\/de\/?p=77768\" data-type=\"post\" data-id=\"77163\">Besuchen Sie die unvermeidliche H\u00f6hle von Benagil<\/a><\/li>\n\n\n\n<li>&#x26f5; <a href=\"https:\/\/www.pourquoi-pas-nous.com\/de\/wie-kann-man-die-klippen-von-ponta-da-piedade-besuchen-mit-dem-boot-und-zu-fuss\/\" data-type=\"post\" data-id=\"77127\" target=\"_blank\" rel=\"noreferrer noopener\">Wie besuchen Sie die Klippen von Ponta da Piedade<\/a>? mit dem Boot und zu Fu\u00df<\/li>\n<\/ul>\n\n<p><\/p>\n<div style='text-align:right' class='yasr-auto-insert-visitor'><\/div>","protected":false},"excerpt":{"rendered":"<p>Sie fragen sich, was Sie in Albufeira w\u00e4hrend eines Roadtrips an der Algarve unternehmen k\u00f6nnen? Albufeira ist der Hauptbadeort der Algarve und hat viele Facetten, von einem historischen Zentrum, \u00fcber Str\u00e4nde, die zwischen den Klippen liegen, bis hin zu einem lebhaften Yachthafen. Vor allem ist Albufeira ein guter Ausgangspunkt f\u00fcr einen Bootsausflug zur Benagil-H\u00f6hle, einer [&hellip;]<\/p>\n","protected":false},"author":2,"featured_media":77355,"comment_status":"open","ping_status":"closed","sticky":false,"template":"","format":"standard","meta":{"_acf_changed":false,"_wp_convertkit_post_meta":{"form":"-1","landing_page":"0","tag":"0","restrict_content":"0"},"jetpack_post_was_ever_published":true,"yasr_overall_rating":0,"yasr_post_is_review":"","yasr_auto_insert_disabled":"","yasr_review_type":"","_jetpack_newsletter_access":"","_jetpack_dont_email_post_to_subs":false,"_jetpack_newsletter_tier_id":0,"_jetpack_memberships_contains_paywalled_content":false,"_jetpack_memberships_contains_paid_content":false,"footnotes":""},"categories":[398,397,162],"tags":[],"class_list":["post-78906","post","type-post","status-publish","format-standard","has-post-thumbnail","hentry","category-algarve","category-portugal","category-reisefuhrer"],"acf":[],"_wp_attached_file":null,"_wp_attachment_image_alt":null,"rank_math_primary_category":"392","rank_math_title":"Was kann man in Albufeira unternehmen? Str\u00e4nde und Bootsfahrten ","rank_math_description":"Was kann man in Albufeira an einem Tag unternehmen? Altstadt, Praia do T\u00fanel, Praia da Fal\u00e9sia und Bootsausflug mit Delfinen und der H\u00f6hle von Benagil. ","rank_math_focus_keyword":"albufeira-algarve","yasr_visitor_votes":{"stars_attributes":{"read_only":false,"span_bottom":false},"number_of_votes":0,"sum_votes":0},"jetpack_featured_media_url":"https:\/\/i0.wp.com\/www.pourquoi-pas-nous.com\/wp-content\/uploads\/2026\/01\/20210826_144751-1-scaled.jpg?fit=2048%2C969&ssl=1","jetpack_sharing_enabled":true,"_links":{"self":[{"href":"https:\/\/www.pourquoi-pas-nous.com\/de\/wp-json\/wp\/v2\/posts\/78906","targetHints":{"allow":["GET"]}}],"collection":[{"href":"https:\/\/www.pourquoi-pas-nous.com\/de\/wp-json\/wp\/v2\/posts"}],"about":[{"href":"https:\/\/www.pourquoi-pas-nous.com\/de\/wp-json\/wp\/v2\/types\/post"}],"author":[{"embeddable":true,"href":"https:\/\/www.pourquoi-pas-nous.com\/de\/wp-json\/wp\/v2\/users\/2"}],"replies":[{"embeddable":true,"href":"https:\/\/www.pourquoi-pas-nous.com\/de\/wp-json\/wp\/v2\/comments?post=78906"}],"version-history":[{"count":7,"href":"https:\/\/www.pourquoi-pas-nous.com\/de\/wp-json\/wp\/v2\/posts\/78906\/revisions"}],"predecessor-version":[{"id":79212,"href":"https:\/\/www.pourquoi-pas-nous.com\/de\/wp-json\/wp\/v2\/posts\/78906\/revisions\/79212"}],"wp:featuredmedia":[{"embeddable":true,"href":"https:\/\/www.pourquoi-pas-nous.com\/de\/wp-json\/wp\/v2\/media\/77355"}],"wp:attachment":[{"href":"https:\/\/www.pourquoi-pas-nous.com\/de\/wp-json\/wp\/v2\/media?parent=78906"}],"wp:term":[{"taxonomy":"category","embeddable":true,"href":"https:\/\/www.pourquoi-pas-nous.com\/de\/wp-json\/wp\/v2\/categories?post=78906"},{"taxonomy":"post_tag","embeddable":true,"href":"https:\/\/www.pourquoi-pas-nous.com\/de\/wp-json\/wp\/v2\/tags?post=78906"}],"curies":[{"name":"wp","href":"https:\/\/api.w.org\/{rel}","templated":true}]}}