{"id":83099,"date":"2026-08-24T10:43:38","date_gmt":"2026-08-24T08:43:38","guid":{"rendered":"https:\/\/www.pourquoi-pas-nous.com\/montenegro-7-erlebnisse-zwischen-meer-und-bergen\/"},"modified":"2026-08-25T14:16:17","modified_gmt":"2026-08-25T12:16:17","slug":"montenegro-7-erlebnisse-zwischen-meer-und-bergen","status":"publish","type":"post","link":"https:\/\/www.pourquoi-pas-nous.com\/de\/montenegro-7-erlebnisse-zwischen-meer-und-bergen\/","title":{"rendered":"Montenegro: 7 Erlebnisse zwischen Meer und Bergen"},"content":{"rendered":"\n<p class=\"wp-block-paragraph\">Montenegro geh\u00f6rt zu den Reisezielen, die uns wirklich \u00fcberrascht haben. Auf der Karte wirkt das Land winzig, und wir dachten, wir k\u00f6nnten es problemlos umrunden. Vor Ort entdeckten wir jedoch kilometerlange, sich schl\u00e4ngelnde Bergstra\u00dfen, Str\u00e4nde mit kristallklarem Wasser, befestigte St\u00e4dte und, wenige Stunden sp\u00e4ter, Berggipfel, auf denen die Temperatur um mehrere Grad sinkt.  <\/p>\n\n<p class=\"wp-block-paragraph\">W\u00e4hrend unseres <a href=\"https:\/\/www.pourquoi-pas-nous.com\/de\/montenegro\/\">Roadtrips durch Montenegro<\/a> haben wir in Podgorica ein Auto gemietet, um das Land in unserem eigenen Tempo erkunden zu k\u00f6nnen. Das w\u00fcrden wir heute ganz sicher wieder so machen: Hier ist die Fahrt ebenso Teil der Reise wie das Reiseziel. In diesem Artikel stellen wir Ihnen die <strong>7 Erlebnisse<\/strong> vor, <strong>die uns in Montenegro<\/strong> \u2013 zwischen Meer, See und Bergen \u2013 <strong>am meisten beeindruckt haben<\/strong>.  <\/p>\n\n<figure class=\"wp-block-image size-large\"><img loading=\"lazy\" decoding=\"async\" width=\"1200\" height=\"800\" src=\"https:\/\/www.pourquoi-pas-nous.com\/wp-content\/uploads\/2019\/07\/water-3187681_1920-jpg-webp-1200x800.webp\" alt=\"\" class=\"wp-image-2398\" title=\"\" srcset=\"https:\/\/www.pourquoi-pas-nous.com\/wp-content\/uploads\/2019\/07\/water-3187681_1920-jpg-webp-1200x800.webp 1200w, https:\/\/www.pourquoi-pas-nous.com\/wp-content\/uploads\/2019\/07\/water-3187681_1920-jpg-webp-400x267.webp 400w, https:\/\/www.pourquoi-pas-nous.com\/wp-content\/uploads\/2019\/07\/water-3187681_1920-jpg-webp-512x341.webp 512w, https:\/\/www.pourquoi-pas-nous.com\/wp-content\/uploads\/2019\/07\/water-3187681_1920-jpg-webp-768x512.webp 768w, https:\/\/www.pourquoi-pas-nous.com\/wp-content\/uploads\/2019\/07\/water-3187681_1920-jpg-webp.webp 1536w\" sizes=\"auto, (max-width: 1200px) 100vw, 1200px\" \/><\/figure>\n\n<h2 class=\"wp-block-heading\">Eine Reise nach Montenegro vorbereiten: Unsere praktischen Tipps<\/h2>\n\n<p class=\"wp-block-paragraph\">Hier finden Sie einige Informationen, die Sie vor der Abreise \u00fcberpr\u00fcfen sollten:<\/p>\n\n<figure class=\"wp-block-table\"><table class=\"has-fixed-layout\"><thead><tr><th>Bitte beachten Sie<\/th><th>Was Sie wissen sollten<\/th><\/tr><\/thead><tbody><tr><td>&#x1f4b6; <strong>W\u00e4hrung<\/strong><\/td><td>In Montenegro wird der Euro verwendet, obwohl das Land nicht zur Europ\u00e4ischen Union geh\u00f6rt.<\/td><\/tr><tr><td>&#x1f697; <strong>Auto<\/strong><\/td><td>Auf unserer Reise hat uns der <a href=\"https:\/\/www.discovercars.com\/fr\/montenegro\/podgorica\/tgd?a_aid=PourquoiPasNous\" data-type=\"link\" data-id=\"https:\/\/www.discovercars.com\/fr\/montenegro\/podgorica\/tgd?a_aid=PourquoiPasNous\" target=\"_blank\" rel=\"noopener\">Mietwagen<\/a> echte Freiheit verschafft, insbesondere rund um den Skadar-See und im Durmitor-Gebirge.<\/td><\/tr><tr><td>&#x1f4f1; <strong>Telefon<\/strong><\/td><td>Bitte pr\u00fcfen Sie vor Ihrer Abreise die Roaming-Bedingungen Ihres Mobilfunkanbieters oder sorgen Sie f\u00fcr eine L\u00f6sung f\u00fcr mobiles Internet.<\/td><\/tr><tr><td>&#x23f1;&#xfe0f; <strong>Fahrzeit<\/strong><\/td><td>Planen Sie stets einen Zeitpuffer ein: Bergstra\u00dfen k\u00f6nnen bestimmte Etappen erheblich verlangsamen.<\/td><\/tr><tr><td>&#x1f4b3; <strong>Zahlung<\/strong><\/td><td>Wir haben immer etwas Bargeld dabei, um kleinere Ausgaben wie Parkgeb\u00fchren oder Eink\u00e4ufe zu bezahlen.<\/td><\/tr><\/tbody><\/table><\/figure>\n\n<p class=\"wp-block-paragraph\">&#x1f4a1; Da Montenegro nicht zur Europ\u00e4ischen Union geh\u00f6rt, empfehlen wir Ihnen, vor Ihrer Abreise die Nutzungsbedingungen Ihres Mobilfunkvertrags zu \u00fcberpr\u00fcfen. Eine <a href=\"https:\/\/saily.com\/fr\/esim-montenegro\/\" target=\"_blank\" rel=\"noopener\">Montenegro-eSIM<\/a> kann eine praktische L\u00f6sung sein, um bereits bei Ihrer Ankunft \u00fcber mobiles Datenvolumen zu verf\u00fcgen, ohne nach einer lokalen SIM-Karte suchen zu m\u00fcssen. <\/p>\n\n<p class=\"wp-block-paragraph\">Vor allem erm\u00f6glicht dies, die Freiheit zu bewahren, die wir an einem Roadtrip so sch\u00e4tzen: die M\u00f6glichkeit, den Plan zu \u00e4ndern, wenn ein Strand, ein Aussichtspunkt oder eine kleine Stra\u00dfe uns dazu veranlasst, anzuhalten.<\/p>\n\n<h3 class=\"wp-block-heading\">Bitte \u00fcberpr\u00fcfen Sie die Formalit\u00e4ten vor der Abreise<\/h3>\n\n<p class=\"wp-block-paragraph\">Montenegro ist kein Mitglied der Europ\u00e4ischen Union.  <\/p>\n\n<p class=\"wp-block-paragraph\">Vor einer Reise informieren wir uns stets \u00fcber die aktuellen Empfehlungen von <a href=\"https:\/\/www.diplomatie.gouv.fr\/fr\/conseils-aux-voyageurs\/conseils-par-pays-destination\/montenegro\/\" target=\"_blank\" rel=\"noopener\">\u201eFrance Diplomatie\u201c<\/a>, insbesondere in Bezug auf:<\/p>\n\n<ul class=\"wp-block-list\">\n<li>die erforderlichen Ausweisdokumente;<\/li>\n\n\n\n<li>die genehmigte Aufenthaltsdauer;<\/li>\n\n\n\n<li>die f\u00fcr Fahrzeuge geltenden Vorschriften;<\/li>\n\n\n\n<li>etwaige Sicherheitshinweise;<\/li>\n\n\n\n<li>wichtige Gesundheitsinformationen.<\/li>\n<\/ul>\n\n<p class=\"wp-block-paragraph\">Ein paar Minuten zur \u00dcberpr\u00fcfung vor der Abfahrt helfen, viele unangenehme \u00dcberraschungen zu vermeiden.<\/p>\n\n<h2 class=\"wp-block-heading\">Unsere Reise nach Montenegro auf einen Blick<\/h2>\n\n<figure class=\"wp-block-table\"><table class=\"has-fixed-layout\"><thead><tr><th>Erfahrung<\/th><th>Wo?<\/th><th>Unser Rat<\/th><\/tr><\/thead><tbody><tr><td>&#x1f3de;&#xfe0f; An einem riesigen See gelegen<\/td><td>Skadar-See<\/td><td>Nehmen Sie die Nebenstra\u00dfen und planen Sie ein Picknick ein<\/td><\/tr><tr><td>&#x1f3d6;&#xfe0f; Lange Str\u00e4nde genie\u00dfen<\/td><td>Ulcinj<\/td><td>Sich von den belebtesten Gegenden entfernen<\/td><\/tr><tr><td>&#x1f3f0; Ein Spaziergang durch eine Festungsstadt<\/td><td>Budva<\/td><td>Am sp\u00e4ten Nachmittag kommen<\/td><\/tr><tr><td>&#x26f5; Entdecken Sie eine spektakul\u00e4re Bucht<\/td><td>Kotor<\/td><td>Planen Sie mindestens einen ganzen Tag ein<\/td><\/tr><tr><td>&#x1f697; Fahren Sie auf den Panoramastra\u00dfen<\/td><td>Kotor-M\u00fcndung<\/td><td>Verlassen Sie sich niemals ausschlie\u00dflich auf die Kilometerangabe<\/td><\/tr><tr><td>&#x1f3d4;&#xfe0f; \u00dcbernachten mitten in den Bergen<\/td><td>\u017dabljak<\/td><td>Planen Sie mehrere Tage f\u00fcr den Durmitor ein<\/td><\/tr><tr><td>&#x1f97e; Eine Rundwanderung um den Schwarzen See<\/td><td>Crno Jezero<\/td><td>Sorgen Sie f\u00fcr gutes Schuhwerk<\/td><\/tr><tr><td>&#x1f4f1; Einen Roadtrip spontan planen<\/td><td>\u00dcberall!<\/td><td>Das Internet f\u00fcr das Navigationsger\u00e4t und Last-Minute-Recherchen nutzen<\/td><\/tr><\/tbody><\/table><\/figure>\n\n<h2 class=\"wp-block-heading\">1. Auf kleinen Stra\u00dfen am Skadar-See entlangfahren  <\/h2>\n\n<p class=\"wp-block-paragraph\">Unser Abenteuer beginnt so richtig rund um den Skadar-See-Nationalpark in der N\u00e4he von Virpazar. Dieser riesige See, der sich \u00fcber Montenegro und Albanien erstreckt, ist einer der Orte, an denen wir sofort das Bed\u00fcrfnis versp\u00fcren, einen Gang herunterzuschalten. <\/p>\n\n<p class=\"wp-block-paragraph\">Anstatt auf dem schnellsten Weg direkt nach Ulcinj zu fahren, beschlie\u00dfen wir, es gem\u00e4chlich anzugehen und am See entlangzufahren.<\/p>\n\n<p class=\"wp-block-paragraph\">Und genau diese Art von Abstecher lieben wir auf Reisen.<\/p>\n\n<p class=\"wp-block-paragraph\">Wir geben <strong>\u201eMuri\u0107i\u201c<\/strong> in das Navigationsger\u00e4t ein und finden uns auf einer besonders schmalen Bergstra\u00dfe wieder. An manchen Stellen haben sogar zwei Autos Schwierigkeiten, aneinander vorbeizukommen. Man muss langsam fahren und manchmal etwas Geduld aufbringen, doch die Ausblicke entsch\u00e4digen reichlich f\u00fcr die wenigen schwei\u00dftreibenden Momente!  <\/p>\n\n<p class=\"wp-block-paragraph\">Schlie\u00dflich erreichen wir <strong>den Muri\u0107i Beach<\/strong>, einen sehr ruhigen Strand am Seeufer. Auf dem Programm stehen: ein Picknick, Baden und einfach nur das Vergn\u00fcgen, die Landschaft zu genie\u00dfen, bevor wir uns wieder auf den Weg nach Ulcinj machen. <\/p>\n\n<blockquote class=\"wp-block-quote is-layout-flow wp-block-quote-is-layout-flow\">\n<p class=\"wp-block-paragraph\">&#x1f697; <strong>Unser Tipp:<\/strong> W\u00e4hlen Sie nicht grunds\u00e4tzlich die schnellste Route, die Ihnen das Navigationsger\u00e4t vorschl\u00e4gt. Manche Nebenstra\u00dfen sind zwar zeitaufw\u00e4ndiger, bieten aber<strong> atemberaubende Ausblicke<\/strong>.   <\/p>\n<\/blockquote>\n\n<figure class=\"wp-block-image size-large\"><img loading=\"lazy\" decoding=\"async\" width=\"1200\" height=\"803\" src=\"https:\/\/www.pourquoi-pas-nous.com\/wp-content\/uploads\/2019\/07\/skadar-lake-469973_1920-1200x803.webp\" alt=\"\" class=\"wp-image-15988\" title=\"\" srcset=\"https:\/\/www.pourquoi-pas-nous.com\/wp-content\/uploads\/2019\/07\/skadar-lake-469973_1920-1200x803.webp 1200w, https:\/\/www.pourquoi-pas-nous.com\/wp-content\/uploads\/2019\/07\/skadar-lake-469973_1920-400x268.webp 400w, https:\/\/www.pourquoi-pas-nous.com\/wp-content\/uploads\/2019\/07\/skadar-lake-469973_1920-512x343.webp 512w, https:\/\/www.pourquoi-pas-nous.com\/wp-content\/uploads\/2019\/07\/skadar-lake-469973_1920-768x514.webp 768w, https:\/\/www.pourquoi-pas-nous.com\/wp-content\/uploads\/2019\/07\/skadar-lake-469973_1920.webp 1530w\" sizes=\"auto, (max-width: 1200px) 100vw, 1200px\" \/><\/figure>\n\n<h2 class=\"wp-block-heading\">2. An den weitl\u00e4ufigen Str\u00e4nden von Ulcinj baden  <\/h2>\n\n<p class=\"wp-block-paragraph\">Nach den Landschaften rund um den Skadar-See erwartet Sie ein v\u00f6lliger Stimmungswechsel: Es geht weiter an die Adria-K\u00fcste und nach <strong>Ulcinj<\/strong>, ganz im S\u00fcden des Landes.<\/p>\n\n<p class=\"wp-block-paragraph\">Dort entdecken wir unter anderem <strong>die Velika Pla\u017ea<\/strong>, auch Long Beach genannt. Und ihr Name ist durchaus treffend gew\u00e4hlt: Dieser riesige Sandstrand erstreckt sich \u00fcber mehrere Kilometer. <\/p>\n\n<p class=\"wp-block-paragraph\">Wie so oft ist unser erster Impuls, uns den ruhigsten Ort zu suchen. Wir entfernen uns also von den belebtesten Gegenden \u2026 bevor wir feststellen, dass bestimmte Bereiche eher den Kitesurfern vorbehalten sind! <\/p>\n\n<p class=\"wp-block-paragraph\">Auch das geh\u00f6rt zu Roadtrips dazu: Es l\u00e4uft nicht immer alles nach Plan.<\/p>\n\n<p class=\"wp-block-paragraph\">Ulcinj erm\u00f6glicht es uns vor allem, eine andere Seite Montenegros zu entdecken \u2013 mit einer eher s\u00fcdl\u00e4ndischen Atmosph\u00e4re und langen Str\u00e4nden, die in starkem Kontrast zu den kleinen Buchten stehen, die man weiter n\u00f6rdlich vorfindet.<\/p>\n\n<p class=\"wp-block-paragraph\">&#x1f449; Unsere vollst\u00e4ndige Auswahl finden Sie in unserem Artikel \u00fcber die <a href=\"https:\/\/www.pourquoi-pas-nous.com\/de\/die-8-schoensten-straende-des-montenegro\/\">sch\u00f6nsten Str\u00e4nde Montenegros<\/a>.<\/p>\n\n<h2 class=\"wp-block-heading\">3. Budva erkunden und zum Strand von Mogren gelangen  <\/h2>\n\n<p class=\"wp-block-paragraph\">Anschlie\u00dfend setzen wir unsere Reise in Richtung <strong>Budva<\/strong> fort.<\/p>\n\n<p class=\"wp-block-paragraph\">Unsere erste Feststellung bei der Ankunft: Die Wahl eines Hotels im Herzen der Altstadt ist nicht unbedingt die praktischste L\u00f6sung, wenn man mit dem Auto anreist! Wir m\u00fcssen unser Fahrzeug auf einem etwa einen Kilometer entfernten Parkplatz abstellen, bevor wir unsere Unterkunft zu Fu\u00df erreichen. <\/p>\n\n<p class=\"wp-block-paragraph\">Nachdem wir unser Gep\u00e4ck abgestellt hatten, verga\u00dfen wir diesen kleinen Zwischenfall schnell wieder.<\/p>\n\n<p class=\"wp-block-paragraph\">Die befestigte Altstadt l\u00e4sst sich besonders gut zu Fu\u00df erkunden. Wir empfehlen Ihnen, sich in den Gassen treiben zu lassen, anstatt einer festgelegten Route zu folgen. So erkunden wir solche St\u00e4dte am liebsten: ein paar Sehensw\u00fcrdigkeiten, die man sich im Voraus ausgesucht hat, und dann viel Zeit f\u00fcr spontane Entdeckungen.  <\/p>\n\n<p class=\"wp-block-paragraph\">Nur wenige Gehminuten entfernt befindet sich auch <strong>der Mogren Beach<\/strong>, eine h\u00fcbsche Bucht, in der wir das kristallklare Wasser genie\u00dfen, bevor wir zur Altstadt zur\u00fcckkehren, um den Sonnenuntergang zu bewundern und zu Abend zu essen.<\/p>\n\n<blockquote class=\"wp-block-quote is-layout-flow wp-block-quote-is-layout-flow\">\n<p class=\"wp-block-paragraph\">&#x1f305; <strong>Unser Tipp:<\/strong> Wir bevorzugen Budva am sp\u00e4ten Nachmittag. Das Licht wird sanfter, die Hitze l\u00e4sst nach, und es ist besonders angenehm, innerhalb der Stadtmauern zu Abend zu essen. <\/p>\n<\/blockquote>\n\n<p class=\"wp-block-paragraph\">Auch wenn Budva wundersch\u00f6n ist, empfinden wir es als touristischer als Kotor, das nach wie vor unser absoluter Favorit ist.<\/p>\n\n<p class=\"wp-block-paragraph\">&#x1f449; Lesen Sie auch unseren <a href=\"https:\/\/www.pourquoi-pas-nous.com\/de\/besuch-budva-auf-montenegro\/\">umfassenden Reisef\u00fchrer f\u00fcr einen Besuch in Budva<\/a>.<\/p>\n\n<h2 class=\"wp-block-heading\">4. Lassen Sie sich vom Charme der Bucht von Kotor verzaubern  <\/h2>\n\n<p class=\"wp-block-paragraph\">Es f\u00e4llt schwer, \u00fcber unsere Reise nach Montenegro zu sprechen, ohne auf <strong>Kotor und seine Bucht<\/strong> einzugehen.<\/p>\n\n<p class=\"wp-block-paragraph\">Dies ist wahrscheinlich der Ort, der uns auf diesem Roadtrip am meisten beeindruckt hat.<\/p>\n\n<p class=\"wp-block-paragraph\">Die Altstadt ist von Stadtmauern umgeben und liegt eingebettet zwischen den Bergen und dem Wasser. Die Natur- und Kulturlandschaft von Kotor geh\u00f6rt zum <a href=\"https:\/\/whc.unesco.org\/fr\/list\/125\/\" data-type=\"link\" data-id=\"https:\/\/whc.unesco.org\/fr\/list\/125\/\" target=\"_blank\" rel=\"noopener\">UNESCO-Weltkulturerbe<\/a>. Wenn man das Ensemble aus Bucht, Bergen und befestigten St\u00e4dten auf sich wirken l\u00e4sst, versteht man schnell, warum.  <\/p>\n\n<p class=\"wp-block-paragraph\">Wir lieben es einfach, uns in den Gassen zu verlieren, von einem kleinen Platz zum n\u00e4chsten zu schlendern und die Steinfassaden zu betrachten.<\/p>\n\n<p class=\"wp-block-paragraph\">Doch Kotor l\u00e4sst sich nicht nur vom Land aus erkunden.<\/p>\n\n<p class=\"wp-block-paragraph\">Bei einer Bootsfahrt k\u00f6nnen Sie etwas Abstand gewinnen und die Weite dieser riesigen, von Bergen umgebenen Bucht ermessen. Es ist zudem eine Gelegenheit, dem Trubel der Altstadt zu entfliehen und \u2013 je nach gew\u00e4hlter Tour \u2013 ein Bad zu genie\u00dfen. <\/p>\n\n<p class=\"wp-block-paragraph\">Sollten Sie im Sommer zu uns kommen, empfehlen wir Ihnen, die Altstadt <strong>m\u00f6glichst fr\u00fch am Morgen<\/strong> zu besuchen. Die Atmosph\u00e4re ist wesentlich angenehmer, bevor ein Gro\u00dfteil der Tagesbesucher eintrifft. <\/p>\n\n<p class=\"wp-block-paragraph\">&#x1f449; Wir haben alle Informationen zu <a href=\"https:\/\/www.pourquoi-pas-nous.com\/de\/besuch-kotor-montenegro\/\">einem Besuch in Kotor und der Bucht von Kotor<\/a> in unserem Artikel zusammengefasst.<\/p>\n\n<figure class=\"wp-block-image size-large\"><img loading=\"lazy\" decoding=\"async\" width=\"1200\" height=\"900\" src=\"https:\/\/www.pourquoi-pas-nous.com\/wp-content\/uploads\/2019\/07\/kotor-821058_1920-1200x900.webp\" alt=\"\" class=\"wp-image-15491\" title=\"\" srcset=\"https:\/\/www.pourquoi-pas-nous.com\/wp-content\/uploads\/2019\/07\/kotor-821058_1920-1200x900.webp 1200w, https:\/\/www.pourquoi-pas-nous.com\/wp-content\/uploads\/2019\/07\/kotor-821058_1920-400x300.webp 400w, https:\/\/www.pourquoi-pas-nous.com\/wp-content\/uploads\/2019\/07\/kotor-821058_1920-512x384.webp 512w, https:\/\/www.pourquoi-pas-nous.com\/wp-content\/uploads\/2019\/07\/kotor-821058_1920-768x576.webp 768w, https:\/\/www.pourquoi-pas-nous.com\/wp-content\/uploads\/2019\/07\/kotor-821058_1920.webp 1365w\" sizes=\"auto, (max-width: 1200px) 100vw, 1200px\" \/><\/figure>\n\n<h2 class=\"wp-block-heading\">5. Genie\u00dfen Sie den Ausblick auf die Stra\u00dfen rund um Kotor  <\/h2>\n\n<p class=\"wp-block-paragraph\">Kotor ist vom Meer aus betrachtet wundersch\u00f6n, doch die Landschaften werden noch beeindruckender, sobald man an H\u00f6he gewinnt.<\/p>\n\n<p class=\"wp-block-paragraph\">Die Stra\u00dfen, die hinter der Bucht den Berg hinauff\u00fchren, reihen eine Kurve an die andere und geben nach und nach atemberaubende Ausblicke auf die Bucht von Kotor frei.<\/p>\n\n<p class=\"wp-block-paragraph\">Das ist typischerweise die Art von Stra\u00dfe, auf der wir viel h\u00e4ufiger anhalten als geplant. Eine Kurve, ein neuer Aussichtspunkt \u2026 und schon suchen wir nach einem Platz, an dem wir parken k\u00f6nnen, um die Kamera herauszuholen. <\/p>\n\n<p class=\"wp-block-paragraph\">Diese Erfahrung fasst unsere Reise nach Montenegro recht gut zusammen: <strong>Auf der Karte sind die Entfernungen kurz, doch die Fahrten dauern lange<\/strong>.<\/p>\n\n<p class=\"wp-block-paragraph\">Und letztendlich ist das kein Problem. Der Weg ist Teil des Abenteuers. <\/p>\n\n<blockquote class=\"wp-block-quote is-layout-flow wp-block-quote-is-layout-flow\">\n<p class=\"wp-block-paragraph\">&#x1f4f7; <strong>Unser Tipp:<\/strong> Planen Sie stets etwas mehr Zeit ein, als das Navigationsger\u00e4t angibt. Zwischen kurvigen Stra\u00dfen und Fotostopps kann eine Etappe von einigen Dutzend Kilometern leicht einen Gro\u00dfteil des Vormittags in Anspruch nehmen. <\/p>\n<\/blockquote>\n\n<figure class=\"wp-block-image size-large\"><img loading=\"lazy\" decoding=\"async\" width=\"1200\" height=\"900\" src=\"https:\/\/www.pourquoi-pas-nous.com\/wp-content\/uploads\/2019\/07\/IMG_20180722_120951-1200x900.jpg\" alt=\"bucht von kotor montenegro\" class=\"wp-image-2463\" title=\"\" srcset=\"https:\/\/www.pourquoi-pas-nous.com\/wp-content\/uploads\/2019\/07\/IMG_20180722_120951-1200x900.jpg 1200w, https:\/\/www.pourquoi-pas-nous.com\/wp-content\/uploads\/2019\/07\/IMG_20180722_120951-400x300.jpg 400w, https:\/\/www.pourquoi-pas-nous.com\/wp-content\/uploads\/2019\/07\/IMG_20180722_120951-512x384.jpg 512w, https:\/\/www.pourquoi-pas-nous.com\/wp-content\/uploads\/2019\/07\/IMG_20180722_120951-768x576.jpg 768w, https:\/\/www.pourquoi-pas-nous.com\/wp-content\/uploads\/2019\/07\/IMG_20180722_120951-jpg-webp.webp 1365w\" sizes=\"auto, (max-width: 1200px) 100vw, 1200px\" \/><\/figure>\n\n<h2 class=\"wp-block-heading\">6. Vom Meer in die Durmitor-Berge  <\/h2>\n\n<p class=\"wp-block-paragraph\">Dies ist wahrscheinlich der eindrucksvollste Szenenwechsel unseres Roadtrips.<\/p>\n\n<p class=\"wp-block-paragraph\">Nach mehreren Tagen an der K\u00fcste verlassen wir Kotor, um nach <strong>\u017dabljak<\/strong> zu fahren, das am Rande des Nationalparks Durmitor liegt.<\/p>\n\n<p class=\"wp-block-paragraph\">Innerhalb weniger Stunden ver\u00e4ndert sich die Landschaft v\u00f6llig. Die Str\u00e4nde verschwinden, das Relief wird immer imposanter und die Temperatur sinkt deutlich. <\/p>\n\n<p class=\"wp-block-paragraph\">Wir \u00fcbernachten in kleinen <strong>Holzh\u00fctten mitten in der Natur<\/strong>, im Eco Camp Chalets Podgorom. Nach dem Trubel der K\u00fcstenst\u00e4dte sch\u00e4tzen wir diese wesentlich ruhigere Atmosph\u00e4re sehr. <\/p>\n\n<p class=\"wp-block-paragraph\">Der Durmitor-Nationalpark geh\u00f6rt zum UNESCO-Weltkulturerbe. Mit seinen Gipfeln, W\u00e4ldern, Gletscherseen und der Tara-Schlucht unterscheidet sich dieser Teil Montenegros v\u00f6llig von der K\u00fcste und ist ein wahres Paradies f\u00fcr alle, die das Wandern und die Weite der Natur lieben. <\/p>\n\n<blockquote class=\"wp-block-quote is-layout-flow wp-block-quote-is-layout-flow\">\n<p class=\"wp-block-paragraph\">&#x1f3d4;&#xfe0f; <strong>Wenn wir es noch einmal machen k\u00f6nnten:<\/strong> Wir w\u00fcrden mindestens einen zus\u00e4tzlichen Tag im Durmitor einplanen. Das ist der Abschnitt unserer Reiseroute, f\u00fcr den wir uns mehr Zeit gew\u00fcnscht h\u00e4tten. <\/p>\n<\/blockquote>\n\n<h2 class=\"wp-block-heading\">7. Eine Wanderung um den Lac Noir unternehmen, auch wenn das Wetter nicht perfekt ist  <\/h2>\n\n<p class=\"wp-block-paragraph\">Am n\u00e4chsten Tag ging es weiter zum <strong>Crno Jezero<\/strong>, w\u00f6rtlich \u00fcbersetzt der \u201eSchwarze See\u201c, der in der N\u00e4he von \u017dabljak liegt.<\/p>\n\n<p class=\"wp-block-paragraph\">Das Wetter ist, ehrlich gesagt, nicht gerade ideal, als wir ankommen. Doch anstatt aufzugeben, beschlie\u00dfen wir dennoch, eine Runde um den See zu wandern. <\/p>\n\n<p class=\"wp-block-paragraph\">Und das war eine gute Entscheidung.<\/p>\n\n<p class=\"wp-block-paragraph\">Der Wanderweg wechselt zwischen Waldabschnitten und Ausblicken auf das Wasser, mit den Bergen des Durmitor im Hintergrund. Selbst bei bew\u00f6lktem Himmel sind die Farben wundersch\u00f6n, insbesondere wenn das Wasser blaugr\u00fcne Schimmer annimmt. <\/p>\n\n<p class=\"wp-block-paragraph\">Unsere Wanderung um den See ist etwa <strong>7 Kilometer<\/strong> lang \u2013 eine perfekte Strecke, um die Landschaft zu genie\u00dfen, ohne einen langen Wandertag einplanen zu m\u00fcssen.<\/p>\n\n<p class=\"wp-block-paragraph\">Und wie so oft nach einem Spaziergang ist nun der Moment der Erholung gekommen: Wir lassen den Tag in einem Restaurant am See mit einer <strong>Forelle und einem lokalen Bier<\/strong> ausklingen.<\/p>\n\n<p class=\"wp-block-paragraph\">Einfach und effektiv!<\/p>\n\n<blockquote class=\"wp-block-quote is-layout-flow wp-block-quote-is-layout-flow\">\n<p class=\"wp-block-paragraph\">&#x1f97e; Selbst f\u00fcr eine relativ einfache Wanderung sollten Sie festes Schuhwerk und eine Jacke mitnehmen. Im Durmitor kann das Wetter ganz anders sein als an der K\u00fcste. <\/p>\n<\/blockquote>\n\n<h2 class=\"wp-block-heading\">Sollten wir noch einmal nach Montenegro zur\u00fcckkehren \u2026<\/h2>\n\n<p class=\"wp-block-paragraph\">Wir w\u00fcrden nicht unbedingt versuchen, weitere Schritte hinzuzuf\u00fcgen. Vielmehr w\u00fcrden wir das Gegenteil tun: <\/p>\n\n<ul class=\"wp-block-list\">\n<li>eine weitere Nacht in der Bucht von Kotor;<\/li>\n\n\n\n<li>mehrere Tage im Durmitor;<\/li>\n\n\n\n<li>weitere kleine Stra\u00dfen rund um den Skadar-See;<\/li>\n\n\n\n<li>gen\u00fcgend Zeit, um anzuhalten, wenn uns die Landschaft gef\u00e4llt;<\/li>\n\n\n\n<li>und immer wieder einige Tage ohne festes Programm.<\/li>\n<\/ul>\n\n<p class=\"wp-block-paragraph\">Montenegro wirkt auf der Karte klein, bietet jedoch eine beeindruckende Vielfalt an Landschaften. Gerade dieser Kontrast hat uns so gut gefallen: <strong>morgens ein Strand, nachmittags eine Festungsstadt und einige Tage sp\u00e4ter eine Wanderung inmitten der Berge<\/strong>. <\/p>\n\n<p class=\"wp-block-paragraph\">Es hat uns gro\u00dfe Freude bereitet, zum Verfassen dieses Artikels in unseren Erinnerungen zu schwelgen. Falls Sie eine Reise nach Montenegro planen oder weitere Orte kennen, die wir f\u00fcr einen n\u00e4chsten Aufenthalt auf unsere Liste aufnehmen sollten, z\u00f6gern Sie bitte nicht, uns einen Kommentar zu hinterlassen. <\/p>\n\n<p class=\"wp-block-paragraph\">Z\u00f6gern Sie auch nicht, uns unten eine kurze Nachricht oder 5 Sterne zu hinterlassen oder uns hier oder auf Instagram alle Ihre Fragen zu stellen. Wir antworten Ihnen sehr gerne! <\/p>\n\n\n<div style='text-align:right' class='yasr-auto-insert-visitor'><\/div>","protected":false},"excerpt":{"rendered":"<p>Montenegro geh\u00f6rt zu den Reisezielen, die uns wirklich \u00fcberrascht haben. Auf der Karte wirkt das Land winzig, und wir dachten, wir k\u00f6nnten es problemlos umrunden. Vor Ort entdeckten wir jedoch kilometerlange, sich schl\u00e4ngelnde Bergstra\u00dfen, Str\u00e4nde mit kristallklarem Wasser, befestigte St\u00e4dte und, wenige Stunden sp\u00e4ter, Berggipfel, auf denen die Temperatur um mehrere Grad sinkt. W\u00e4hrend unseres [&hellip;]<\/p>\n","protected":false},"author":2,"featured_media":29202,"comment_status":"open","ping_status":"closed","sticky":false,"template":"","format":"standard","meta":{"_acf_changed":false,"_wp_convertkit_post_meta":{"form":"-1","landing_page":"0","tag":"0","restrict_content":"0"},"yasr_overall_rating":0,"yasr_post_is_review":"","yasr_auto_insert_disabled":"","yasr_review_type":"","_jetpack_newsletter_access":"","_jetpack_dont_email_post_to_subs":false,"_jetpack_newsletter_tier_id":0,"_jetpack_memberships_contains_paywalled_content":false,"_ppn_cv_model":"","_ppn_cv_presentation":"","_ppn_cv_hero_caption":"","_ppn_cv_brief_title":"","_ppn_cv_brief_items":"","_ppn_cv_toc_levels":"","_ppn_cv_sidebar_modules":"","_ppn_cv_sidebar_author_text":"","_ppn_cv_sidebar_map_title":"","_ppn_cv_sidebar_map_url":"","_ppn_cv_sidebar_activities":"","_ppn_cv_sidebar_activities_cta_label":"","_ppn_cv_sidebar_activities_cta_url":"","_ppn_cv_sidebar_stays":"","_ppn_cv_sidebar_stays_cta_label":"","_ppn_cv_sidebar_stays_cta_url":"","_ppn_cv_sidebar_note":"","_ppn_cv_related_ids":"","_ppn_cv_author_text":"","_ppn_cv_sidebar_modules_explicit":false,"_jetpack_feature_clip_id":0,"_jetpack_memberships_contains_paid_content":false,"footnotes":"","jetpack_post_was_ever_published":false},"categories":[174,162],"tags":[],"class_list":["post-83099","post","type-post","status-publish","format-standard","has-post-thumbnail","hentry","category-montenegro","category-reisefuhrer"],"acf":[],"_wp_attached_file":null,"_wp_attachment_image_alt":null,"rank_math_primary_category":"59","rank_math_title":"Montenegro: 7 Erlebnisse zwischen Meer und Bergen","rank_math_description":"Was kann man in Montenegro unternehmen? Entdecken Sie unsere 7 unverzichtbaren Erlebnisse zwischen Kotor, Budva, dem Skadar-See, den Str\u00e4nden und den Bergen des Durmitor. ","rank_math_focus_keyword":null,"yasr_visitor_votes":{"stars_attributes":{"read_only":false,"span_bottom":false},"number_of_votes":0,"sum_votes":0},"jetpack_sharing_enabled":true,"jetpack_featured_media_url":"https:\/\/www.pourquoi-pas-nous.com\/wp-content\/uploads\/2019\/07\/water-3187681_1920-jpg-webp.webp","_links":{"self":[{"href":"https:\/\/www.pourquoi-pas-nous.com\/de\/wp-json\/wp\/v2\/posts\/83099","targetHints":{"allow":["GET"]}}],"collection":[{"href":"https:\/\/www.pourquoi-pas-nous.com\/de\/wp-json\/wp\/v2\/posts"}],"about":[{"href":"https:\/\/www.pourquoi-pas-nous.com\/de\/wp-json\/wp\/v2\/types\/post"}],"author":[{"embeddable":true,"href":"https:\/\/www.pourquoi-pas-nous.com\/de\/wp-json\/wp\/v2\/users\/2"}],"replies":[{"embeddable":true,"href":"https:\/\/www.pourquoi-pas-nous.com\/de\/wp-json\/wp\/v2\/comments?post=83099"}],"version-history":[{"count":1,"href":"https:\/\/www.pourquoi-pas-nous.com\/de\/wp-json\/wp\/v2\/posts\/83099\/revisions"}],"predecessor-version":[{"id":83100,"href":"https:\/\/www.pourquoi-pas-nous.com\/de\/wp-json\/wp\/v2\/posts\/83099\/revisions\/83100"}],"wp:featuredmedia":[{"embeddable":true,"href":"https:\/\/www.pourquoi-pas-nous.com\/de\/wp-json\/wp\/v2\/media\/29202"}],"wp:attachment":[{"href":"https:\/\/www.pourquoi-pas-nous.com\/de\/wp-json\/wp\/v2\/media?parent=83099"}],"wp:term":[{"taxonomy":"category","embeddable":true,"href":"https:\/\/www.pourquoi-pas-nous.com\/de\/wp-json\/wp\/v2\/categories?post=83099"},{"taxonomy":"post_tag","embeddable":true,"href":"https:\/\/www.pourquoi-pas-nous.com\/de\/wp-json\/wp\/v2\/tags?post=83099"}],"curies":[{"name":"wp","href":"https:\/\/api.w.org\/{rel}","templated":true}]}}