{"id":20751,"date":"2018-04-27T12:32:51","date_gmt":"2018-04-27T11:32:51","guid":{"rendered":"https:\/\/www.pourquoi-pas-nous.com\/el-tiempo-en-el-lago-de-como-cuando-ir\/"},"modified":"2026-02-09T12:19:17","modified_gmt":"2026-02-09T10:19:17","slug":"meteo-lac-come","status":"publish","type":"post","link":"https:\/\/www.pourquoi-pas-nous.com\/es\/meteo-lac-come\/","title":{"rendered":"El tiempo en el Lago de Como: \u00bfcu\u00e1ndo ir?"},"content":{"rendered":"<p>El tiempo en <a href=\"http:\/\/www.pourquoi-pas-nous.com\/sejour-lac-come-weekend-4-jours-que-faire-visiter\/\">el Lago de Como<\/a> es similar al de Lyon. Sin embargo, su proximidad a los <strong>Alpes hace que el clima sea m\u00e1s fresco y h\u00famedo<\/strong>. El <strong>verano<\/strong> es la mejor \u00e9poca para visitar el lago.<\/p>\n<p><!--more--><\/p>\n<p>La mejor \u00e9poca para visitar el lago de Como es, obviamente, <strong>el verano<\/strong>. Sin embargo, la afluencia de turistas puede hacer que tu estancia sea m\u00e1s complicada y tediosa.<\/p>\n<p>Por ello, le aconsejamos que aproveche el buen tiempo primaveral durante los puentes de mayo, por ejemplo, y el oto\u00f1al para sus pr\u00f3ximas vacaciones. Sin embargo, las temperaturas son agradables, por encima de <strong>los 20\u00b0C entre mayo y septiembre<\/strong>.<\/p>\n\n<p class=\"has-medium-font-size\">Qu\u00e9 hacer en la zona  <\/p>\n\n<ul class=\"wp-block-list\">\n<li><strong>Lago de Como<\/strong>: evidentemente, te recomendamos que alquiles un coche para poder explorar los pintorescos pueblos que rodean <a href=\"https:\/\/www.pourquoi-pas-nous.com\/sejour-lac-come-weekend-4-jours-que-faire-visiter\/\" data-type=\"post\" data-id=\"2492\">el lago de Como<\/a>, <a href=\"https:\/\/www.pourquoi-pas-nous.com\/es\/visite-bellagio-italy\/\" data-type=\"post\" data-id=\"1905\">Bellagio<\/a>, <a href=\"https:\/\/www.pourquoi-pas-nous.com\/es\/varenna-lac-come\/\" data-type=\"post\" data-id=\"5180\" target=\"_blank\" rel=\"noreferrer noopener\">Varenna<\/a>, Mennagio y <a href=\"https:\/\/www.pourquoi-pas-nous.com\/es\/italy-lecco-lac-come\/\" data-type=\"post\" data-id=\"5208\">Lecco<\/a>, y disfrutar de las hermosas <a href=\"https:\/\/www.pourquoi-pas-nous.com\/es\/plages-lac-come\/\" data-type=\"post\" data-id=\"1871\" target=\"_blank\" rel=\"noreferrer noopener\">playas<\/a> del lago.  <br\/><\/li>\n\n\n\n<li>Explora <strong><a href=\"https:\/\/www.samboat.fr\/location-bateau\/lac-de-come#ae851\" data-type=\"post\" data-id=\"10067\" target=\"_blank\" rel=\"noopener\">El lago de Como en barco<\/a><\/strong> \u00a1es una actividad imprescindible durante tu estancia!<br\/><\/li>\n\n\n\n<li>Tampoco puede perderse una <a href=\"https:\/\/www.pourquoi-pas-nous.com\/es\/milan\/\" data-type=\"post\" data-id=\"3839\">visita a la ciudad<\/a> de Mil\u00e1n, as\u00ed que hemos preparado para usted algunos consejos y un itinerario de fin de semana.<\/li>\n<\/ul>\n\n<figure class=\"wp-block-image size-full\"><img data-recalc-dims=\"1\" decoding=\"async\" src=\"https:\/\/i0.wp.com\/www.pourquoi-pas-nous.com\/wp-content\/uploads\/2022\/01\/houses-g2d6bfed09_1920-jpg-webp.webp?w=800&#038;ssl=1\" alt=\"\" class=\"wp-image-4354\" title=\"\"><\/figure>\n\n<p>\u00bfBusca un lugar donde alojarse durante su estancia en el Lago de Como? Para facilitarle la visita, hemos incluido <span style=\"font-weight: 400;\">un art\u00edculo en el que se detallan <\/span><strong>los pueblos m\u00e1s interesantes <\/strong>para alojarse <a href=\"https:\/\/www.pourquoi-pas-nous.com\/dormir-au-lac-de-come\/\" data-type=\"post\" data-id=\"43995\">en el Lago de Como<\/a>, as\u00ed como nuestras <strong>mejores direcciones de hoteles<\/strong>.   <\/p>\n\n<figure class=\"wp-block-image size-full\"><img data-recalc-dims=\"1\" data-dominant-color=\"666c61\" data-has-transparency=\"false\" style=\"--dominant-color: #666c61;\" decoding=\"async\" src=\"https:\/\/i0.wp.com\/www.pourquoi-pas-nous.com\/wp-content\/uploads\/2022\/03\/215489071.jpg?w=800&#038;ssl=1\" alt=\"\" class=\"wp-image-4416 not-transparent\" title=\"\"><figcaption class=\"wp-element-caption\"><p>Villa Vitali en <strong>Bellagio<\/strong><\/p><\/figcaption><\/figure>\n<div style='text-align:right' class='yasr-auto-insert-visitor'><\/div>","protected":false},"excerpt":{"rendered":"<p>El tiempo en el Lago de Como es similar al de Lyon. Sin embargo, su proximidad a los Alpes hace que el clima sea m\u00e1s fresco y h\u00famedo. El verano es la mejor \u00e9poca para visitar el lago.<\/p>\n","protected":false},"author":1,"featured_media":20752,"comment_status":"open","ping_status":"open","sticky":false,"template":"","format":"standard","meta":{"_acf_changed":false,"_wp_convertkit_post_meta":{"form":"-1","landing_page":"0","tag":"0","restrict_content":"0"},"jetpack_post_was_ever_published":false,"yasr_overall_rating":0,"yasr_post_is_review":"","yasr_auto_insert_disabled":"","yasr_review_type":"","_jetpack_newsletter_access":"","_jetpack_dont_email_post_to_subs":false,"_jetpack_newsletter_tier_id":0,"_jetpack_memberships_contains_paywalled_content":false,"_jetpack_memberships_contains_paid_content":false,"footnotes":""},"categories":[202,203],"tags":[],"class_list":["post-20751","post","type-post","status-publish","format-standard","has-post-thumbnail","hentry","category-italia","category-lago-de-como"],"acf":[],"_wp_attached_file":null,"_wp_attachment_image_alt":null,"rank_math_primary_category":"54","rank_math_title":"El tiempo en el Lago de Como: \u00bfcu\u00e1ndo ir?","rank_math_description":"El tiempo en el Lago de Como es similar al de Lyon. Sin embargo, su proximidad a los Alpes hace que el clima sea m\u00e1s fresco y h\u00famedo. El verano es la mejor \u00e9poca para visitar el lago.","rank_math_focus_keyword":null,"yasr_visitor_votes":{"stars_attributes":{"read_only":false,"span_bottom":false},"number_of_votes":0,"sum_votes":0},"jetpack_featured_media_url":"https:\/\/i0.wp.com\/www.pourquoi-pas-nous.com\/wp-content\/uploads\/2022\/01\/houses-g2d6bfed09_1920-jpg-webp.webp?fit=1365%2C1024&ssl=1","jetpack_sharing_enabled":true,"_links":{"self":[{"href":"https:\/\/www.pourquoi-pas-nous.com\/es\/wp-json\/wp\/v2\/posts\/20751","targetHints":{"allow":["GET"]}}],"collection":[{"href":"https:\/\/www.pourquoi-pas-nous.com\/es\/wp-json\/wp\/v2\/posts"}],"about":[{"href":"https:\/\/www.pourquoi-pas-nous.com\/es\/wp-json\/wp\/v2\/types\/post"}],"author":[{"embeddable":true,"href":"https:\/\/www.pourquoi-pas-nous.com\/es\/wp-json\/wp\/v2\/users\/1"}],"replies":[{"embeddable":true,"href":"https:\/\/www.pourquoi-pas-nous.com\/es\/wp-json\/wp\/v2\/comments?post=20751"}],"version-history":[{"count":11,"href":"https:\/\/www.pourquoi-pas-nous.com\/es\/wp-json\/wp\/v2\/posts\/20751\/revisions"}],"predecessor-version":[{"id":78769,"href":"https:\/\/www.pourquoi-pas-nous.com\/es\/wp-json\/wp\/v2\/posts\/20751\/revisions\/78769"}],"wp:featuredmedia":[{"embeddable":true,"href":"https:\/\/www.pourquoi-pas-nous.com\/es\/wp-json\/wp\/v2\/media\/20752"}],"wp:attachment":[{"href":"https:\/\/www.pourquoi-pas-nous.com\/es\/wp-json\/wp\/v2\/media?parent=20751"}],"wp:term":[{"taxonomy":"category","embeddable":true,"href":"https:\/\/www.pourquoi-pas-nous.com\/es\/wp-json\/wp\/v2\/categories?post=20751"},{"taxonomy":"post_tag","embeddable":true,"href":"https:\/\/www.pourquoi-pas-nous.com\/es\/wp-json\/wp\/v2\/tags?post=20751"}],"curies":[{"name":"wp","href":"https:\/\/api.w.org\/{rel}","templated":true}]}}