{"id":46314,"date":"2023-11-15T11:36:16","date_gmt":"2023-11-15T10:36:16","guid":{"rendered":"https:\/\/www.pourquoi-pas-nous.com\/ile-doleron-cycling-tracks\/"},"modified":"2026-04-21T16:10:39","modified_gmt":"2026-04-21T14:10:39","slug":"ile-doleron-cycling-tracks","status":"publish","type":"post","link":"https:\/\/www.pourquoi-pas-nous.com\/es\/ile-doleron-cycling-tracks\/","title":{"rendered":"Rutas ciclistas en \u00cele d&#8217;Ol\u00e9ron y nuestros mejores itinerarios"},"content":{"rendered":"\n<p>Explorar la isla de Oleron en bicicleta es una forma ideal de descubrir <strong>la diversidad de sus paisajes<\/strong>. La isla est\u00e1 surcada por carriles bici, que serpentean por pinares, salinas centelleantes y playas hasta donde alcanza la vista.<\/p>\n\n<p>Y eso no es todo: en verano, cuando las carreteras se llenan, la bicicleta es la mejor manera de evitar los atascos y desplazarse m\u00e1s r\u00e1pidamente.<\/p>\n\n<p>En este art\u00edculo, compartimos contigo nuestras rutas favoritas para desplazarte por la isla, y hemos escrito otro art\u00edculo para ayudarte a <a href=\"https:\/\/www.pourquoi-pas-nous.com\/es\/ile-oleron\/\">organizar tu estancia en Ol\u00e9ron<\/a>. Prep\u00e1rese para caer bajo el hechizo de estas carreteras que tanto nos gustan.<\/p>\n\n<figure class=\"wp-block-image size-large\"><img data-recalc-dims=\"1\" data-dominant-color=\"747678\" data-has-transparency=\"false\" style=\"--dominant-color: #747678;\" fetchpriority=\"high\" decoding=\"async\" width=\"800\" height=\"379\" src=\"https:\/\/i0.wp.com\/www.pourquoi-pas-nous.com\/wp-content\/uploads\/2023\/11\/20220904_155652-1200x568.webp?resize=800%2C379&#038;ssl=1\" alt=\"Carriles bici en Ol&#xE9;ron  \" class=\"wp-image-45410 not-transparent\" title=\"\" srcset=\"https:\/\/i0.wp.com\/www.pourquoi-pas-nous.com\/wp-content\/uploads\/2023\/11\/20220904_155652-scaled.webp?resize=1200%2C568&amp;ssl=1 1200w, https:\/\/i0.wp.com\/www.pourquoi-pas-nous.com\/wp-content\/uploads\/2023\/11\/20220904_155652-scaled.webp?resize=400%2C189&amp;ssl=1 400w, https:\/\/i0.wp.com\/www.pourquoi-pas-nous.com\/wp-content\/uploads\/2023\/11\/20220904_155652-scaled.webp?resize=512%2C242&amp;ssl=1 512w, https:\/\/i0.wp.com\/www.pourquoi-pas-nous.com\/wp-content\/uploads\/2023\/11\/20220904_155652-scaled.webp?resize=768%2C363&amp;ssl=1 768w, https:\/\/i0.wp.com\/www.pourquoi-pas-nous.com\/wp-content\/uploads\/2023\/11\/20220904_155652-scaled.webp?resize=1536%2C727&amp;ssl=1 1536w, https:\/\/i0.wp.com\/www.pourquoi-pas-nous.com\/wp-content\/uploads\/2023\/11\/20220904_155652-scaled.webp?w=2048&amp;ssl=1 2048w, https:\/\/i0.wp.com\/www.pourquoi-pas-nous.com\/wp-content\/uploads\/2023\/11\/20220904_155652-scaled.webp?w=1600&amp;ssl=1 1600w\" sizes=\"(max-width: 800px) 100vw, 800px\" \/><\/figure>\n\n<h2 class=\"wp-block-heading\">\u00bfPor qu\u00e9 pedalear por la isla de Ol\u00e9ron?<\/h2>\n\n<ul class=\"wp-block-list\">\n<li>Los <strong>carriles bici<\/strong> llevan a casi todas partes y son muy divertidos de recorrer, a trav\u00e9s de bosques y marismas, a lo largo de la costa&#8230;<\/li>\n\n\n\n<li>Hay muchos <strong>aparcamientos para bicicletas <\/strong>en los centros urbanos y a lo largo de las playas (consulta <a href=\"https:\/\/www.pourquoi-pas-nous.com\/es\/ileoleron-plages\/\" data-type=\"post\" data-id=\"5785\">nuestra selecci\u00f3n de las playas m\u00e1s bonitas de Ol\u00e9ron<\/a>).<\/li>\n\n\n\n<li>Ten en cuenta que en temporada alta, de mediados de julio a mediados de agosto, te aconsejamos que viajes en bicicleta. Para que te hagas una idea, la isla ha pasado de tener 20.000 habitantes todo el a\u00f1o a varios cientos de miles en la temporada de verano, y es evidente que la infraestructura viaria no est\u00e1 adaptada para acoger a tanta gente.<\/li>\n<\/ul>\n\n<figure class=\"wp-block-gallery has-nested-images columns-default is-cropped wp-block-gallery-2 is-layout-flex wp-block-gallery-is-layout-flex\">\n<figure class=\"wp-block-image size-large\"><img data-recalc-dims=\"1\" decoding=\"async\" width=\"800\" height=\"603\" data-id=\"60198\" src=\"https:\/\/i0.wp.com\/www.pourquoi-pas-nous.com\/wp-content\/uploads\/2023\/11\/PXL_20240424_153312869.jpg?resize=800%2C603&#038;ssl=1\" alt=\"carriles bici en ile oleron\" class=\"wp-image-60198\" title=\"\" srcset=\"https:\/\/i0.wp.com\/www.pourquoi-pas-nous.com\/wp-content\/uploads\/2023\/11\/PXL_20240424_153312869-scaled.jpg?resize=1200%2C904&amp;ssl=1 1200w, https:\/\/i0.wp.com\/www.pourquoi-pas-nous.com\/wp-content\/uploads\/2023\/11\/PXL_20240424_153312869-scaled.jpg?resize=400%2C301&amp;ssl=1 400w, https:\/\/i0.wp.com\/www.pourquoi-pas-nous.com\/wp-content\/uploads\/2023\/11\/PXL_20240424_153312869-scaled.jpg?w=2048&amp;ssl=1 2048w, https:\/\/i0.wp.com\/www.pourquoi-pas-nous.com\/wp-content\/uploads\/2023\/11\/PXL_20240424_153312869-scaled.jpg?w=1600&amp;ssl=1 1600w\" sizes=\"(max-width: 800px) 100vw, 800px\" \/><figcaption class=\"wp-element-caption\">Carril bici en las marismas<\/figcaption><\/figure>\n<\/figure>\n\n<figure class=\"wp-block-image size-large\"><img data-recalc-dims=\"1\" data-dominant-color=\"828e95\" data-has-transparency=\"false\" style=\"--dominant-color: #828e95;\" decoding=\"async\" width=\"800\" height=\"378\" src=\"https:\/\/i0.wp.com\/www.pourquoi-pas-nous.com\/wp-content\/uploads\/2023\/03\/20220910_163625-scaled.webp?resize=800%2C378&#038;ssl=1\" alt=\"Puerto San Troyano\" class=\"wp-image-15881 not-transparent\" title=\"\" srcset=\"https:\/\/i0.wp.com\/www.pourquoi-pas-nous.com\/wp-content\/uploads\/2023\/03\/20220910_163625-scaled.webp?resize=1024%2C484&amp;ssl=1 1024w, https:\/\/i0.wp.com\/www.pourquoi-pas-nous.com\/wp-content\/uploads\/2023\/03\/20220910_163625-scaled.webp?resize=400%2C189&amp;ssl=1 400w, https:\/\/i0.wp.com\/www.pourquoi-pas-nous.com\/wp-content\/uploads\/2023\/03\/20220910_163625-scaled.webp?resize=1200%2C568&amp;ssl=1 1200w, https:\/\/i0.wp.com\/www.pourquoi-pas-nous.com\/wp-content\/uploads\/2023\/03\/20220910_163625-scaled.webp?resize=512%2C242&amp;ssl=1 512w, https:\/\/i0.wp.com\/www.pourquoi-pas-nous.com\/wp-content\/uploads\/2023\/03\/20220910_163625-scaled.webp?resize=300%2C142&amp;ssl=1 300w, https:\/\/i0.wp.com\/www.pourquoi-pas-nous.com\/wp-content\/uploads\/2023\/03\/20220910_163625-scaled.webp?resize=768%2C363&amp;ssl=1 768w, https:\/\/i0.wp.com\/www.pourquoi-pas-nous.com\/wp-content\/uploads\/2023\/03\/20220910_163625-scaled.webp?resize=1536%2C727&amp;ssl=1 1536w, https:\/\/i0.wp.com\/www.pourquoi-pas-nous.com\/wp-content\/uploads\/2023\/03\/20220910_163625-scaled.webp?w=1600&amp;ssl=1 1600w\" sizes=\"(max-width: 800px) 100vw, 800px\" \/><\/figure>\n\n<h2 class=\"wp-block-heading\">Mapas de rutas ciclistas<\/h2>\n\n<p>Los <strong>carriles bici<\/strong> de la isla de Ol\u00e9ron <strong>tienen cada uno su propio color<\/strong>. Las se\u00f1ales son claramente visibles, as\u00ed que no puedes equivocarte.<\/p>\n\n<figure class=\"wp-block-image size-large\"><img data-recalc-dims=\"1\" data-dominant-color=\"a1c7ce\" data-has-transparency=\"false\" style=\"--dominant-color: #a1c7ce;\" loading=\"lazy\" decoding=\"async\" width=\"800\" height=\"1132\" src=\"https:\/\/i0.wp.com\/www.pourquoi-pas-nous.com\/wp-content\/uploads\/2023\/11\/Deplacement_Carte_Pistes_cyclables_sept_2020-pdf-848x1200.webp?resize=800%2C1132&#038;ssl=1\" alt=\"mapa de la red ciclista de la isla de ol&#xE9;ron\" class=\"wp-image-45963 not-transparent\" title=\"\" srcset=\"https:\/\/i0.wp.com\/www.pourquoi-pas-nous.com\/wp-content\/uploads\/2023\/11\/Deplacement_Carte_Pistes_cyclables_sept_2020-pdf-jpg-webp.webp?resize=848%2C1200&amp;ssl=1 848w, https:\/\/i0.wp.com\/www.pourquoi-pas-nous.com\/wp-content\/uploads\/2023\/11\/Deplacement_Carte_Pistes_cyclables_sept_2020-pdf-jpg-webp.webp?resize=400%2C566&amp;ssl=1 400w, https:\/\/i0.wp.com\/www.pourquoi-pas-nous.com\/wp-content\/uploads\/2023\/11\/Deplacement_Carte_Pistes_cyclables_sept_2020-pdf-jpg-webp.webp?resize=362%2C512&amp;ssl=1 362w, https:\/\/i0.wp.com\/www.pourquoi-pas-nous.com\/wp-content\/uploads\/2023\/11\/Deplacement_Carte_Pistes_cyclables_sept_2020-pdf-jpg-webp.webp?resize=768%2C1087&amp;ssl=1 768w, https:\/\/i0.wp.com\/www.pourquoi-pas-nous.com\/wp-content\/uploads\/2023\/11\/Deplacement_Carte_Pistes_cyclables_sept_2020-pdf-jpg-webp.webp?w=1058&amp;ssl=1 1058w\" sizes=\"(max-width: 800px) 100vw, 800px\" \/><\/figure>\n\n<h2 class=\"wp-block-heading\">Nuestros itinerarios favoritos<\/h2>\n\n<h3 class=\"wp-block-heading\">Desde el sur hasta el faro de Chassiron en el norte<\/h3>\n\n<p>Este sendero (el azul en el mapa) es imprescindible recorrerlo entero o en peque\u00f1os tramos. La salida est\u00e1 en la magn\u00edfica <strong>playa de Gatseau<\/strong>, bordeada de pinos. A continuaci\u00f3n, pasar\u00e1 por el encantador <strong>pueblo de Saint-Trojan<\/strong>, antes de tomar el carril bici a trav\u00e9s del magn\u00edfico bosque de Saint-Trojan, bordeando toda la costa oeste de la isla.  <\/p>\n\n<p>Recomendamos parar a hacer un picnic en la inmensa <strong>playa de arena de Vert Bois<\/strong>, una de nuestras favoritas. Tambi\u00e9n es la playa ideal para practicar surf o bodysurf, y con la marea baja es perfecta para las familias. Tras esta breve pausa, contin\u00faa hacia el norte, hacia los pueblos t\u00edpicos de Oleron de La Cotini\u00e8re (si quieres saber m\u00e1s, hemos escrito un <a href=\"https:\/\/www.pourquoi-pas-nous.com\/es\/que-faire-cotiniere-ile-oleron\/\" data-type=\"post\" data-id=\"44051\">art\u00edculo sobre La Cotini\u00e8re<\/a>), <strong>Domino <\/strong>y <strong>Chaucre<\/strong>. Antes de llegar al extremo norte de la isla, y por tanto al <strong>faro de Chassiron<\/strong>, el carril bici atraviesa las marismas llenas de aves que dan al oc\u00e9ano. Es una de nuestras raciones favoritas.<\/p>\n\n<ul class=\"wp-block-list\">\n<li><strong>Distancia:<\/strong> Aproximadamente 40 km (sendero azul)<\/li>\n\n\n\n<li><strong>Puntos de inter\u00e9s:<\/strong> Fuerte Boyard, playas de Gatseau, Cotini\u00e8re, luego Domino y Chaucre<\/li>\n\n\n\n<li><strong>Punto de salida\/llegada :<\/strong> Saint-Trojan-les-Bains \/ Faro de Chassiron<\/li>\n\n\n\n<li><strong>Tipo de ruta:<\/strong> principalmente carriles bici de bosques y pantanos, con algunos tramos de carretera.<\/li>\n<\/ul>\n\n<blockquote class=\"wp-block-quote is-layout-flow wp-block-quote-is-layout-flow\">\n<p class=\"has-text-align-center\"><em> <strong>Hotel con piscina<\/strong> <strong>+ acceso directo a la playa Vert<\/strong> <a href=\"https:\/\/www.stay22.com\/allez\/booking?aid=ppn&amp;campaign=pourquoipasnous-ileoleron&amp;product=lma&amp;habl=true&amp;isinc=false&amp;sid22=elrEjiHF2UKfTOaz&amp;conmeth=normal&amp;plng=fr-FR&amp;pageCategory=travel&amp;lmaID=69523c0830df42e10d3a1c28&amp;source=direct&amp;medium=deeplink&amp;address=Ol%C3%A9ron%2C+France&amp;link=https%3A%2F%2Fwww.booking.com%2Fhotel%2Ffr%2Fha-tel-de-vert-bois.fr.html%3Faid%3D1529171%26no_rooms%3D1%26group_adults%3D2&amp;ref22=https%3A%2F%2Fwww.pourquoi-pas-nous.com%2File-oleron\" target=\"_blank\" rel=\"noreferrer noopener\">Bois: ver precios del H\u00f4tel le Vert Bois<\/a> (habitaci\u00f3n doble y familiar)<\/em><\/p>\n<\/blockquote>\n\n<figure class=\"wp-block-gallery has-nested-images columns-default is-cropped wp-block-gallery-3 is-layout-flex wp-block-gallery-is-layout-flex\">\n<figure class=\"wp-block-image size-large\"><img data-recalc-dims=\"1\" data-dominant-color=\"6c7c80\" data-has-transparency=\"false\" style=\"--dominant-color: #6c7c80;\" loading=\"lazy\" decoding=\"async\" width=\"484\" height=\"1024\" data-id=\"15262\" src=\"https:\/\/i0.wp.com\/www.pourquoi-pas-nous.com\/wp-content\/uploads\/2023\/03\/20220904_150336-scaled.webp?resize=484%2C1024&#038;ssl=1\" alt=\"oleron chassiron\" class=\"wp-image-15262 not-transparent\" title=\"\" srcset=\"https:\/\/i0.wp.com\/www.pourquoi-pas-nous.com\/wp-content\/uploads\/2023\/03\/20220904_150336-scaled.webp?resize=484%2C1024&amp;ssl=1 484w, https:\/\/i0.wp.com\/www.pourquoi-pas-nous.com\/wp-content\/uploads\/2023\/03\/20220904_150336-scaled.webp?resize=284%2C600&amp;ssl=1 284w, https:\/\/i0.wp.com\/www.pourquoi-pas-nous.com\/wp-content\/uploads\/2023\/03\/20220904_150336-scaled.webp?resize=142%2C300&amp;ssl=1 142w, https:\/\/i0.wp.com\/www.pourquoi-pas-nous.com\/wp-content\/uploads\/2023\/03\/20220904_150336-scaled.webp?resize=727%2C1536&amp;ssl=1 727w, https:\/\/i0.wp.com\/www.pourquoi-pas-nous.com\/wp-content\/uploads\/2023\/03\/20220904_150336-scaled.webp?w=757&amp;ssl=1 757w\" sizes=\"(max-width: 484px) 100vw, 484px\" \/><\/figure>\n\n\n\n<figure class=\"wp-block-image size-large\"><img data-recalc-dims=\"1\" data-dominant-color=\"88895e\" data-has-transparency=\"false\" style=\"--dominant-color: #88895e;\" loading=\"lazy\" decoding=\"async\" width=\"568\" height=\"1200\" data-id=\"15233\" src=\"https:\/\/i0.wp.com\/www.pourquoi-pas-nous.com\/wp-content\/uploads\/2023\/03\/20220904_113222-scaled.webp?resize=568%2C1200&#038;ssl=1\" alt=\"Canal Baudissi&#xE8;re\" class=\"wp-image-15233 not-transparent\" title=\"\" srcset=\"https:\/\/i0.wp.com\/www.pourquoi-pas-nous.com\/wp-content\/uploads\/2023\/03\/20220904_113222-scaled.webp?resize=568%2C1200&amp;ssl=1 568w, https:\/\/i0.wp.com\/www.pourquoi-pas-nous.com\/wp-content\/uploads\/2023\/03\/20220904_113222-scaled.webp?resize=284%2C600&amp;ssl=1 284w, https:\/\/i0.wp.com\/www.pourquoi-pas-nous.com\/wp-content\/uploads\/2023\/03\/20220904_113222-scaled.webp?resize=242%2C512&amp;ssl=1 242w, https:\/\/i0.wp.com\/www.pourquoi-pas-nous.com\/wp-content\/uploads\/2023\/03\/20220904_113222-scaled.webp?resize=727%2C1536&amp;ssl=1 727w, https:\/\/i0.wp.com\/www.pourquoi-pas-nous.com\/wp-content\/uploads\/2023\/03\/20220904_113222-scaled.webp?w=757&amp;ssl=1 757w\" sizes=\"(max-width: 568px) 100vw, 568px\" \/><\/figure>\n\n\n\n<figure class=\"wp-block-image size-large\"><img data-recalc-dims=\"1\" data-dominant-color=\"7b898b\" data-has-transparency=\"false\" style=\"--dominant-color: #7b898b;\" loading=\"lazy\" decoding=\"async\" width=\"568\" height=\"1200\" data-id=\"10599\" src=\"https:\/\/i0.wp.com\/www.pourquoi-pas-nous.com\/wp-content\/uploads\/2022\/12\/20220908_185300-1-scaled.webp?resize=568%2C1200&#038;ssl=1\" alt=\"oleron plage ecussiere\" class=\"wp-image-10599 not-transparent\" title=\"\" srcset=\"https:\/\/i0.wp.com\/www.pourquoi-pas-nous.com\/wp-content\/uploads\/2022\/12\/20220908_185300-1-scaled.webp?resize=568%2C1200&amp;ssl=1 568w, https:\/\/i0.wp.com\/www.pourquoi-pas-nous.com\/wp-content\/uploads\/2022\/12\/20220908_185300-1-scaled.webp?resize=284%2C600&amp;ssl=1 284w, https:\/\/i0.wp.com\/www.pourquoi-pas-nous.com\/wp-content\/uploads\/2022\/12\/20220908_185300-1-scaled.webp?resize=757%2C1600&amp;ssl=1 757w, https:\/\/i0.wp.com\/www.pourquoi-pas-nous.com\/wp-content\/uploads\/2022\/12\/20220908_185300-1-scaled.webp?resize=242%2C512&amp;ssl=1 242w, https:\/\/i0.wp.com\/www.pourquoi-pas-nous.com\/wp-content\/uploads\/2022\/12\/20220908_185300-1-scaled.webp?resize=727%2C1536&amp;ssl=1 727w, https:\/\/i0.wp.com\/www.pourquoi-pas-nous.com\/wp-content\/uploads\/2022\/12\/20220908_185300-1-scaled.webp?w=969&amp;ssl=1 969w\" sizes=\"(max-width: 568px) 100vw, 568px\" \/><\/figure>\n<\/figure>\n\n<h3 class=\"wp-block-heading\">  Entre mar y bosque &#8211; De Boyardville a St Denis d&#8217;Ol\u00e9ron<\/h3>\n\n<p>Esta ruta se centra en el noreste de la isla, uniendo Boyardville con Saint Denis. La parte m\u00e1s agradable de esta ruta es la traves\u00eda del <strong>bosque nacional de Saumonards<\/strong>, justo despu\u00e9s de salir del puerto de Boyardville. Este es uno de nuestros temas favoritos. Por el camino, tendr\u00e1 la oportunidad de descubrir el animado puerto deportivo de Le <strong>Douhet <\/strong>y los pintorescos pueblos de La <strong>Br\u00e9e Les Bains<\/strong> y <strong>Saint-Denis<\/strong>. Por el camino, podr\u00e1s tomarte un merecido descanso en una de las magn\u00edficas playas de la costa este, con vistas a Fort Boyard, la isla de R\u00e9 y la ciudad de La Rochelle.<\/p>\n\n<ul class=\"wp-block-list\">\n<li><strong>Distancia:<\/strong> Aproximadamente 17 km (ruta verde)<\/li>\n\n\n\n<li><strong>Puntos de inter\u00e9s:<\/strong> Plage de la Boyardville, Plage de la Br\u00e9e les Bains et la Boirie, pueblo de La Br\u00e9e y Saint Denis d&#8217;Ol\u00e9ron. Port du Douet y Boyardville.<\/li>\n\n\n\n<li><strong>Salida\/Llegada :<\/strong> Puerto de Boyardville \/ Saint Denis<\/li>\n\n\n\n<li><strong>Tipo de ruta:<\/strong> Carril bici con acceso directo a playas y carretera<\/li>\n<\/ul>\n\n<blockquote class=\"wp-block-quote has-text-align-center is-layout-flow wp-block-quote-is-layout-flow\">\n<p>&#x1f6ce;&#xfe0f; <a href=\"https:\/\/www.stay22.com\/allez\/booking?aid=ppn&amp;campaign=pourquoipasnous-ileoleron&amp;product=lma&amp;habl=true&amp;isinc=false&amp;sid22=elrEjiHF2UKfTOaz&amp;conmeth=normal&amp;plng=fr-FR&amp;pageCategory=travel&amp;lmaID=69523c0830df42e10d3a1c28&amp;source=direct&amp;medium=deeplink&amp;address=Ol%C3%A9ron%2C+France&amp;link=https%3A%2F%2Fwww.booking.com%2Fhotel%2Ffr%2Fmotel-ile-de-lumiere.en.html%3Faid%3D1529171%26no_rooms%3D1%26group_adults%3D2&amp;ref22=https%3A%2F%2Fwww.pourquoi-pas-nous.com%2File-oleron\" target=\"_blank\" rel=\"noreferrer noopener\">Informaci\u00f3n y reserva para el Hotel \u00cele de Lumi\u00e8re junto al puerto de Cotini\u00e8re<\/a> con piscina y vistas al mar<\/p>\n<\/blockquote>\n\n<figure class=\"wp-block-gallery has-nested-images columns-default is-cropped wp-block-gallery-4 is-layout-flex wp-block-gallery-is-layout-flex\">\n<figure class=\"wp-block-image size-large\"><img data-recalc-dims=\"1\" data-dominant-color=\"77828a\" data-has-transparency=\"false\" style=\"--dominant-color: #77828a;\" loading=\"lazy\" decoding=\"async\" width=\"800\" height=\"379\" data-id=\"10487\" src=\"https:\/\/i0.wp.com\/www.pourquoi-pas-nous.com\/wp-content\/uploads\/2022\/12\/20220904_155459-1200x569.webp?resize=800%2C379&#038;ssl=1\" alt=\"oleron plage cabanes\" class=\"wp-image-10487 not-transparent\" title=\"\" srcset=\"https:\/\/i0.wp.com\/www.pourquoi-pas-nous.com\/wp-content\/uploads\/2022\/12\/20220904_155459-scaled.webp?resize=1200%2C569&amp;ssl=1 1200w, https:\/\/i0.wp.com\/www.pourquoi-pas-nous.com\/wp-content\/uploads\/2022\/12\/20220904_155459-scaled.webp?resize=400%2C190&amp;ssl=1 400w, https:\/\/i0.wp.com\/www.pourquoi-pas-nous.com\/wp-content\/uploads\/2022\/12\/20220904_155459-scaled.webp?resize=512%2C243&amp;ssl=1 512w, https:\/\/i0.wp.com\/www.pourquoi-pas-nous.com\/wp-content\/uploads\/2022\/12\/20220904_155459-scaled.webp?w=2048&amp;ssl=1 2048w, https:\/\/i0.wp.com\/www.pourquoi-pas-nous.com\/wp-content\/uploads\/2022\/12\/20220904_155459-scaled.webp?w=1600&amp;ssl=1 1600w\" sizes=\"(max-width: 800px) 100vw, 800px\" \/><\/figure>\n\n\n\n<figure class=\"wp-block-image size-large\"><img data-recalc-dims=\"1\" data-dominant-color=\"70808d\" data-has-transparency=\"false\" style=\"--dominant-color: #70808d;\" loading=\"lazy\" decoding=\"async\" width=\"800\" height=\"379\" data-id=\"45973\" src=\"https:\/\/i0.wp.com\/www.pourquoi-pas-nous.com\/wp-content\/uploads\/2023\/11\/20230226_110204-1200x568.webp?resize=800%2C379&#038;ssl=1\" alt=\"oleron fort boyard plage  \" class=\"wp-image-45973 not-transparent\" title=\"\" srcset=\"https:\/\/i0.wp.com\/www.pourquoi-pas-nous.com\/wp-content\/uploads\/2023\/11\/20230226_110204-scaled.webp?resize=1200%2C568&amp;ssl=1 1200w, https:\/\/i0.wp.com\/www.pourquoi-pas-nous.com\/wp-content\/uploads\/2023\/11\/20230226_110204-scaled.webp?resize=400%2C189&amp;ssl=1 400w, https:\/\/i0.wp.com\/www.pourquoi-pas-nous.com\/wp-content\/uploads\/2023\/11\/20230226_110204-scaled.webp?resize=512%2C242&amp;ssl=1 512w, https:\/\/i0.wp.com\/www.pourquoi-pas-nous.com\/wp-content\/uploads\/2023\/11\/20230226_110204-scaled.webp?resize=768%2C363&amp;ssl=1 768w, https:\/\/i0.wp.com\/www.pourquoi-pas-nous.com\/wp-content\/uploads\/2023\/11\/20230226_110204-scaled.webp?resize=1536%2C727&amp;ssl=1 1536w, https:\/\/i0.wp.com\/www.pourquoi-pas-nous.com\/wp-content\/uploads\/2023\/11\/20230226_110204-scaled.webp?w=2048&amp;ssl=1 2048w, https:\/\/i0.wp.com\/www.pourquoi-pas-nous.com\/wp-content\/uploads\/2023\/11\/20230226_110204-scaled.webp?w=1600&amp;ssl=1 1600w\" sizes=\"(max-width: 800px) 100vw, 800px\" \/><\/figure>\n<\/figure>\n\n<h3 class=\"wp-block-heading\">Por las marismas y la ruta de las ostras<\/h3>\n\n<p>Esta ruta le lleva a trav\u00e9s de las salinas, un cambio de escenario garantizado. En Ol\u00e9ron, estas marismas se convierten en criaderos de ostras para su maduraci\u00f3n. Saliendo de <strong>Dolus d&#8217;Ol\u00e9ron<\/strong>, suba en direcci\u00f3n a Arceau y despu\u00e9s a Les Allards, pasando por varios vi\u00f1edos -s\u00ed, tambi\u00e9n hay viticultores en la isla de Ol\u00e9ron-. A continuaci\u00f3n, toma el sendero costero (camino compartido) hasta el pintoresco pueblo de<strong> Ch\u00e2teau d&#8217;Ol\u00e9ron<\/strong>, explorando las marismas.<\/p>\n\n<p>Estas extensiones de agua salada son fascinantes desde el punto de vista ecol\u00f3gico, donde se pueden ver numerosas aves (cisnes, garcetas, garzas reales&#8230;), y tambi\u00e9n desempe\u00f1an un papel crucial en la econom\u00eda local. Cerca de las coloridas caba\u00f1as del canal de <strong>la Baudissi\u00e8re<\/strong>, le recomendamos detenerse en una de las caba\u00f1as ostr\u00edcolas para degustar las famosas ostras de Marennes d&#8217;Ol\u00e9ron directamente del productor.  <\/p>\n\n<p>En el castillo de Ol\u00e9ron, aparca la bici junto a la ciudadela y expl\u00f3rala a pie, terminando por el puerto y sus coloridas caba\u00f1as de artistas.<\/p>\n\n<ul class=\"wp-block-list\">\n<li><strong>Distancia:<\/strong> aprox. 20 km (senderos rojo, naranja y verde) &#8211; posibilidad de bucle aprox. 40 km<\/li>\n\n\n\n<li><strong>Puntos de inter\u00e9s:<\/strong> Marais aux Oiseaux, marismas, canal de la Bauddisi\u00e8re y Chateau d&#8217;Ol\u00e9ron<\/li>\n\n\n\n<li><strong>Inicio\/fin :<\/strong> Dolus &#8211; Le Chateau d&#8217;Ol\u00e9ron<\/li>\n\n\n\n<li><strong>Medio ambiente:<\/strong> marismas, espacios naturales protegidos<\/li>\n\n\n\n<li><strong>Tipo de ruta:<\/strong> Esta ruta cruza carreteras departamentales y consiste en carriles compartidos.  <\/li>\n<\/ul>\n\n<p>&#x1f6ce;&#xfe0f;  <em><a href=\"https:\/\/www.stay22.com\/allez\/booking?aid=ppn&amp;campaign=pourquoipasnous-ileoleron&amp;product=lma&amp;habl=true&amp;isinc=false&amp;sid22=elrEjiHF2UKfTOaz&amp;conmeth=normal&amp;plng=fr-FR&amp;pageCategory=travel&amp;lmaID=69523c0830df42e10d3a1c28&amp;source=direct&amp;medium=deeplink&amp;address=Ol%C3%A9ron%2C+France&amp;link=https%3A%2F%2Fwww.booking.com%2Fhotel%2Ffr%2Fcamping-ostrea.fr.html%3Faid%3D1529171%26no_rooms%3D1%26group_adults%3D2&amp;ref22=https%3A%2F%2Fwww.pourquoi-pas-nous.com%2File-oleron\" target=\"_blank\" rel=\"noreferrer noopener\">Camping Ostrea<\/a>: un <strong>camping familiar,<\/strong> situado en el sur de la isla, en <strong>la ruta de las ostras<\/strong> y junto a las <strong>coloridas caba\u00f1as de La Baudissi\u00e8re<\/strong> (donde compramos nuestras ostras en Chez Mamelou). Una ubicaci\u00f3n ideal para acceder f\u00e1cilmente entre <strong>el sur y el centro de Ol\u00e9ron<\/strong>, sin pasar demasiado tiempo en el coche. <\/em><\/p>\n\n<figure class=\"wp-block-gallery has-nested-images columns-default is-cropped wp-block-gallery-5 is-layout-flex wp-block-gallery-is-layout-flex\">\n<figure class=\"wp-block-image size-large\"><img data-recalc-dims=\"1\" loading=\"lazy\" decoding=\"async\" width=\"800\" height=\"603\" data-id=\"60193\" src=\"https:\/\/i0.wp.com\/www.pourquoi-pas-nous.com\/wp-content\/uploads\/2023\/11\/PXL_20240424_153114305.jpg?resize=800%2C603&#038;ssl=1\" alt=\"carriles bici en ile oleron\" class=\"wp-image-60193\" title=\"\" srcset=\"https:\/\/i0.wp.com\/www.pourquoi-pas-nous.com\/wp-content\/uploads\/2023\/11\/PXL_20240424_153114305-scaled.jpg?resize=1200%2C904&amp;ssl=1 1200w, https:\/\/i0.wp.com\/www.pourquoi-pas-nous.com\/wp-content\/uploads\/2023\/11\/PXL_20240424_153114305-scaled.jpg?resize=400%2C301&amp;ssl=1 400w, https:\/\/i0.wp.com\/www.pourquoi-pas-nous.com\/wp-content\/uploads\/2023\/11\/PXL_20240424_153114305-scaled.jpg?w=2048&amp;ssl=1 2048w, https:\/\/i0.wp.com\/www.pourquoi-pas-nous.com\/wp-content\/uploads\/2023\/11\/PXL_20240424_153114305-scaled.jpg?w=1600&amp;ssl=1 1600w\" sizes=\"(max-width: 800px) 100vw, 800px\" \/><figcaption class=\"wp-element-caption\">Matthieu en el sendero del pantano<\/figcaption><\/figure>\n<\/figure>\n\n<figure class=\"wp-block-image size-large\"><img data-recalc-dims=\"1\" data-dominant-color=\"737b80\" data-has-transparency=\"false\" style=\"--dominant-color: #737b80;\" loading=\"lazy\" decoding=\"async\" width=\"800\" height=\"378\" src=\"https:\/\/i0.wp.com\/www.pourquoi-pas-nous.com\/wp-content\/uploads\/2023\/03\/20220904_113108-scaled.webp?resize=800%2C378&#038;ssl=1\" alt=\"Chenal de la Baudissi&#xE8;re ile ol&#xE9;ron\" class=\"wp-image-15234 not-transparent\" title=\"\" srcset=\"https:\/\/i0.wp.com\/www.pourquoi-pas-nous.com\/wp-content\/uploads\/2023\/03\/20220904_113108-scaled.webp?resize=1024%2C484&amp;ssl=1 1024w, https:\/\/i0.wp.com\/www.pourquoi-pas-nous.com\/wp-content\/uploads\/2023\/03\/20220904_113108-scaled.webp?resize=400%2C189&amp;ssl=1 400w, https:\/\/i0.wp.com\/www.pourquoi-pas-nous.com\/wp-content\/uploads\/2023\/03\/20220904_113108-scaled.webp?resize=1200%2C568&amp;ssl=1 1200w, https:\/\/i0.wp.com\/www.pourquoi-pas-nous.com\/wp-content\/uploads\/2023\/03\/20220904_113108-scaled.webp?resize=300%2C142&amp;ssl=1 300w, https:\/\/i0.wp.com\/www.pourquoi-pas-nous.com\/wp-content\/uploads\/2023\/03\/20220904_113108-scaled.webp?resize=768%2C363&amp;ssl=1 768w, https:\/\/i0.wp.com\/www.pourquoi-pas-nous.com\/wp-content\/uploads\/2023\/03\/20220904_113108-scaled.webp?resize=1536%2C727&amp;ssl=1 1536w, https:\/\/i0.wp.com\/www.pourquoi-pas-nous.com\/wp-content\/uploads\/2023\/03\/20220904_113108-scaled.webp?w=1600&amp;ssl=1 1600w\" sizes=\"(max-width: 800px) 100vw, 800px\" \/><figcaption class=\"wp-element-caption\"><em>Coloridas caba\u00f1as en La Baudissi\u00e8re<\/em><\/figcaption><\/figure>\n\n<h3 class=\"wp-block-heading\">\u00bfSe puede dar la vuelta a la isla de Ol\u00e9ron en bicicleta?<\/h3>\n\n<p>Para los m\u00e1s aventureros, puedes recorrer toda la isla en bicicleta por los diversos carriles bici (unos 80 km). Este itinerario te permitir\u00e1 descubrir todas las facetas de Ol\u00e9ron, desde sus tranquilas playas y pintorescos pueblos hasta sus umbr\u00edos bosques.<\/p>\n\n<p>Le aconsejamos que tome esta ruta fuera de temporada, ya que algunos de los senderos de verano est\u00e1n muy transitados y no podr\u00e1 adelantar con facilidad.  <\/p>\n\n<h3 class=\"wp-block-heading\">Recursos y herramientas para ciclistas<\/h3>\n\n<ul class=\"wp-block-list\">\n<li>En las distintas oficinas de turismo de la isla encontrar\u00e1 un <strong>mapa de rutas ciclistas<\/strong>.<\/li>\n\n\n\n<li>La oficina de turismo ofrece <a href=\"https:\/\/ile-oleron-marennes.loopi-velo.%20fr\/\" target=\"_blank\" rel=\"noreferrer noopener\">itinerarios en l\u00ednea<\/a> en la aplicaci\u00f3n Loopi con mapas interactivos. Esta herramienta te ayudar\u00e1 a navegar por los carriles bici y a descubrir rutas adaptadas a tu nivel y a tus deseos.<\/li>\n\n\n\n<li>En cuanto a las empresas de alquiler, no podemos recomendarte ninguna, ya que vivimos en la isla de Ol\u00e9ron y, por tanto, tenemos nuestras propias bicicletas para desplazarnos a diario.<\/li>\n\n\n\n<li>Una \u00faltima advertencia: de mediados de julio a mediados de agosto los senderos est\u00e1n muy concurridos, por lo que te aconsejamos que te tomes tu tiempo y tengas cuidado, ya que muchas familias con ni\u00f1os peque\u00f1os van en bici en esta \u00e9poca del a\u00f1o.<\/li>\n<\/ul>\n\n<figure class=\"wp-block-image size-large\"><img data-recalc-dims=\"1\" data-dominant-color=\"6e7886\" data-has-transparency=\"false\" style=\"--dominant-color: #6e7886;\" loading=\"lazy\" decoding=\"async\" width=\"800\" height=\"379\" src=\"https:\/\/i0.wp.com\/www.pourquoi-pas-nous.com\/wp-content\/uploads\/2023\/03\/20220904_132140-scaled.webp?resize=800%2C379&#038;ssl=1\" alt=\"oleron cabanes\" class=\"wp-image-15249 not-transparent\" title=\"\" srcset=\"https:\/\/i0.wp.com\/www.pourquoi-pas-nous.com\/wp-content\/uploads\/2023\/03\/20220904_132140-scaled.webp?resize=1200%2C568&amp;ssl=1 1200w, https:\/\/i0.wp.com\/www.pourquoi-pas-nous.com\/wp-content\/uploads\/2023\/03\/20220904_132140-scaled.webp?resize=400%2C189&amp;ssl=1 400w, https:\/\/i0.wp.com\/www.pourquoi-pas-nous.com\/wp-content\/uploads\/2023\/03\/20220904_132140-scaled.webp?resize=512%2C242&amp;ssl=1 512w, https:\/\/i0.wp.com\/www.pourquoi-pas-nous.com\/wp-content\/uploads\/2023\/03\/20220904_132140-scaled.webp?resize=768%2C363&amp;ssl=1 768w, https:\/\/i0.wp.com\/www.pourquoi-pas-nous.com\/wp-content\/uploads\/2023\/03\/20220904_132140-scaled.webp?resize=1536%2C727&amp;ssl=1 1536w, https:\/\/i0.wp.com\/www.pourquoi-pas-nous.com\/wp-content\/uploads\/2023\/03\/20220904_132140-scaled.webp?w=1600&amp;ssl=1 1600w\" sizes=\"(max-width: 800px) 100vw, 800px\" \/><\/figure>\n\n<p><strong>Nuestras recomendaciones para dormir durante tu estancia en Ol\u00e9ron :<\/strong><\/p>\n\n<blockquote class=\"wp-block-quote is-layout-flow wp-block-quote-is-layout-flow\">\n<ul class=\"wp-block-list\">\n<li><strong>Con piscina y vistas al mar<\/strong>: <a href=\"https:\/\/www.stay22.com\/allez\/booking?aid=ppn&amp;campaign=pourquoipasnous-ileoleron&amp;product=lma&amp;habl=true&amp;isinc=false&amp;sid22=elrEjiHF2UKfTOaz&amp;conmeth=normal&amp;plng=fr-FR&amp;pageCategory=travel&amp;lmaID=69523c0830df42e10d3a1c28&amp;source=direct&amp;medium=deeplink&amp;address=Ol%C3%A9ron%2C+France&amp;link=https%3A%2F%2Fwww.booking.com%2Fhotel%2Ffr%2Fmotel-ile-de-lumiere.en.html%3Faid%3D1529171%26no_rooms%3D1%26group_adults%3D2&amp;ref22=https%3A%2F%2Fwww.pourquoi-pas-nous.com%2File-oleron\" target=\"_blank\" rel=\"noreferrer noopener\">informaci\u00f3n y reservas del hotel \u00cele de Lumi\u00e8re, junto al puerto de Cotini\u00e8re<\/a><\/li>\n\n\n\n<li><strong>Camping familiar<\/strong>: <a href=\"https:\/\/www.stay22.com\/allez\/booking?aid=ppn&amp;campaign=pourquoipasnous-ileoleron&amp;product=lma&amp;habl=true&amp;isinc=false&amp;sid22=elrEjiHF2UKfTOaz&amp;conmeth=normal&amp;plng=fr-FR&amp;pageCategory=travel&amp;lmaID=69523c0830df42e10d3a1c28&amp;source=direct&amp;medium=deeplink&amp;address=Ol%C3%A9ron%2C+France&amp;link=https%3A%2F%2Fwww.booking.com%2Fhotel%2Ffr%2Fcamping-ostrea.fr.html%3Faid%3D1529171%26no_rooms%3D1%26group_adults%3D2&amp;ref22=https%3A%2F%2Fwww.pourquoi-pas-nous.com%2File-oleron\" target=\"_blank\" rel=\"noreferrer noopener\">Camping Ostrea<\/a> en el sur de la isla, en la ruta de las ostras<\/li>\n\n\n\n<li><strong>Hotel familiar con piscina<\/strong> <strong>+ acceso a la playa <\/strong>: <a href=\"https:\/\/www.stay22.com\/allez\/booking?aid=ppn&amp;campaign=pourquoipasnous-ileoleron&amp;product=lma&amp;habl=true&amp;isinc=false&amp;sid22=elrEjiHF2UKfTOaz&amp;conmeth=normal&amp;plng=fr-FR&amp;pageCategory=travel&amp;lmaID=69523c0830df42e10d3a1c28&amp;source=direct&amp;medium=deeplink&amp;address=Ol%C3%A9ron%2C+France&amp;link=https%3A%2F%2Fwww.booking.com%2Fhotel%2Ffr%2Fha-tel-de-vert-bois.fr.html%3Faid%3D1529171%26no_rooms%3D1%26group_adults%3D2&amp;ref22=https%3A%2F%2Fwww.pourquoi-pas-nous.com%2File-oleron\" target=\"_blank\" rel=\"noreferrer noopener\">ver precios del H\u00f4tel le Vert Bois<\/a><\/li>\n<\/ul>\n<\/blockquote>\n\n<p>Esperamos que disfrute de su paseo y de su estancia en <strong>la isla de Ol\u00e9ron <\/strong>. Si este art\u00edculo te ha ayudado a encontrar tu ruta ciclista, d\u00e9janos <strong>5 estrellas<\/strong> abajo para animarnos.<\/p>\n\n<p>No dudes en <strong>escribirnos<\/strong> para contarnos si est\u00e1s planeando este viaje o para hacernos cualquier pregunta, aqu\u00ed o en <a href=\"https:\/\/www.instagram.com\/pourquoipasnous_voyage\/\" target=\"_blank\" rel=\"noreferrer noopener\">Instagram<\/a>, y estaremos encantados de responderte.  <\/p>\n<div style='text-align:right' class='yasr-auto-insert-visitor'><\/div>","protected":false},"excerpt":{"rendered":"<p>Explorar la isla de Oleron en bicicleta es una forma ideal de descubrir la diversidad de sus paisajes. La isla est\u00e1 surcada por carriles bici, que serpentean por pinares, salinas centelleantes y playas hasta donde alcanza la vista. Y eso no es todo: en verano, cuando las carreteras se llenan, la bicicleta es la mejor [&hellip;]<\/p>\n","protected":false},"author":2,"featured_media":45414,"comment_status":"open","ping_status":"closed","sticky":false,"template":"","format":"standard","meta":{"_acf_changed":false,"_wp_convertkit_post_meta":{"form":"-1","landing_page":"0","tag":"0","restrict_content":"0"},"jetpack_post_was_ever_published":true,"yasr_overall_rating":0,"yasr_post_is_review":"","yasr_auto_insert_disabled":"","yasr_review_type":"","_jetpack_newsletter_access":"","_jetpack_dont_email_post_to_subs":false,"_jetpack_newsletter_tier_id":0,"_jetpack_memberships_contains_paywalled_content":false,"_jetpack_memberships_contains_paid_content":false,"footnotes":""},"categories":[163,198],"tags":[],"class_list":["post-46314","post","type-post","status-publish","format-standard","has-post-thumbnail","hentry","category-guias-de-viaje","category-isla-de-oleron"],"acf":[],"_wp_attached_file":null,"_wp_attachment_image_alt":null,"rank_math_primary_category":"133","rank_math_title":"Carriles bici en la Isla de Ol\u00e9ron: las mejores rutas","rank_math_description":"Descubre los carriles bici de la isla de Ol\u00e9ron y nuestras mejores rutas para dar inolvidables paseos en bicicleta.","rank_math_focus_keyword":"carriles bici Ile d'Ol\u00e9ron","yasr_visitor_votes":{"stars_attributes":{"read_only":false,"span_bottom":false},"number_of_votes":2,"sum_votes":10},"jetpack_featured_media_url":"https:\/\/i0.wp.com\/www.pourquoi-pas-nous.com\/wp-content\/uploads\/2023\/11\/20220904_155652-scaled.webp?fit=2048%2C969&ssl=1","jetpack_sharing_enabled":true,"_links":{"self":[{"href":"https:\/\/www.pourquoi-pas-nous.com\/es\/wp-json\/wp\/v2\/posts\/46314","targetHints":{"allow":["GET"]}}],"collection":[{"href":"https:\/\/www.pourquoi-pas-nous.com\/es\/wp-json\/wp\/v2\/posts"}],"about":[{"href":"https:\/\/www.pourquoi-pas-nous.com\/es\/wp-json\/wp\/v2\/types\/post"}],"author":[{"embeddable":true,"href":"https:\/\/www.pourquoi-pas-nous.com\/es\/wp-json\/wp\/v2\/users\/2"}],"replies":[{"embeddable":true,"href":"https:\/\/www.pourquoi-pas-nous.com\/es\/wp-json\/wp\/v2\/comments?post=46314"}],"version-history":[{"count":15,"href":"https:\/\/www.pourquoi-pas-nous.com\/es\/wp-json\/wp\/v2\/posts\/46314\/revisions"}],"predecessor-version":[{"id":80493,"href":"https:\/\/www.pourquoi-pas-nous.com\/es\/wp-json\/wp\/v2\/posts\/46314\/revisions\/80493"}],"wp:featuredmedia":[{"embeddable":true,"href":"https:\/\/www.pourquoi-pas-nous.com\/es\/wp-json\/wp\/v2\/media\/45414"}],"wp:attachment":[{"href":"https:\/\/www.pourquoi-pas-nous.com\/es\/wp-json\/wp\/v2\/media?parent=46314"}],"wp:term":[{"taxonomy":"category","embeddable":true,"href":"https:\/\/www.pourquoi-pas-nous.com\/es\/wp-json\/wp\/v2\/categories?post=46314"},{"taxonomy":"post_tag","embeddable":true,"href":"https:\/\/www.pourquoi-pas-nous.com\/es\/wp-json\/wp\/v2\/tags?post=46314"}],"curies":[{"name":"wp","href":"https:\/\/api.w.org\/{rel}","templated":true}]}}