{"id":47024,"date":"2023-11-19T18:15:08","date_gmt":"2023-11-19T17:15:08","guid":{"rendered":"https:\/\/www.pourquoi-pas-nous.com\/visite-palais-royal-caserte\/"},"modified":"2025-12-13T03:37:35","modified_gmt":"2025-12-13T01:37:35","slug":"visitar-palacio-real-caserta","status":"publish","type":"post","link":"https:\/\/www.pourquoi-pas-nous.com\/es\/visitar-palacio-real-caserta\/","title":{"rendered":"Visitar el Palacio Real de Caserta (Reggia di Caserta): la gu\u00eda completa"},"content":{"rendered":"\n<p>El Palacio Real de Caserta, con su majestuosa arquitectura y sus exuberantes jardines, evoca la opulencia de las grandes cortes europeas. Recomendamos una visita a este lugar declarado Patrimonio de la Humanidad por la UNESCO, que no es s\u00f3lo un monumento hist\u00f3rico, sino una aut\u00e9ntica experiencia cultural. En esta gu\u00eda hemos reunido toda la informaci\u00f3n que necesita para planificar su visita al Palacio.<\/p>\n\n<p>Durante nuestra estancia en N\u00e1poles, que puede consultar en nuestro art\u00edculo sobre <a href=\"https:\/\/www.pourquoi-pas-nous.com\/es\/napoles-1dia\/\" data-type=\"post\" data-id=\"10299\">qu\u00e9 hacer en N\u00e1poles<\/a>, le recomendamos explorar la regi\u00f3n de N\u00e1poles. El <strong>Palacio Real de Caserta<\/strong> es una visita obligada para todos los amantes del arte y la historia. Situada al norte de N\u00e1poles, esta obra maestra de la arquitectura, que recuerda al Palacio de Versalles, bien merece una visita.<\/p>\n\n<h2 class=\"wp-block-heading\">Historia y arquitectura del Palacio Real de Caserta<\/h2>\n\n<p>El proyecto del Palacio Real de Caserta, iniciado en 1752, marc\u00f3 un hito en la historia de la arquitectura italiana. Dise\u00f1ado por <strong>Luigi Vanvitelli<\/strong> a petici\u00f3n del rey <strong>Carlos de Borb\u00f3n<\/strong>, el palacio pretend\u00eda simbolizar el poder y la modernidad del Reino de N\u00e1poles. La construcci\u00f3n dur\u00f3 varias d\u00e9cadas, m\u00e1s all\u00e1 de la vida del propio Vanvitelli, y se complet\u00f3 bajo la direcci\u00f3n de su hijo, Carlo Vanvitelli.<\/p>\n\n<figure class=\"wp-block-gallery has-nested-images columns-default is-cropped wp-block-gallery-2 is-layout-flex wp-block-gallery-is-layout-flex\">\n<figure class=\"wp-block-image size-large\"><img data-recalc-dims=\"1\" data-dominant-color=\"867762\" data-has-transparency=\"false\" style=\"--dominant-color: #867762;\" fetchpriority=\"high\" decoding=\"async\" width=\"800\" height=\"600\" data-id=\"45952\" src=\"https:\/\/i0.wp.com\/www.pourquoi-pas-nous.com\/wp-content\/uploads\/2023\/11\/7a06bf3c-ef67-4c2c-bb78-9837158681d1-jpg.webp?resize=800%2C600&#038;ssl=1\" alt=\"Reggia di Caserta naples\" class=\"wp-image-45952 not-transparent\" title=\"\" srcset=\"https:\/\/i0.wp.com\/www.pourquoi-pas-nous.com\/wp-content\/uploads\/2023\/11\/7a06bf3c-ef67-4c2c-bb78-9837158681d1-jpg.webp?w=1024&amp;ssl=1 1024w, https:\/\/i0.wp.com\/www.pourquoi-pas-nous.com\/wp-content\/uploads\/2023\/11\/7a06bf3c-ef67-4c2c-bb78-9837158681d1-jpg.webp?resize=400%2C300&amp;ssl=1 400w, https:\/\/i0.wp.com\/www.pourquoi-pas-nous.com\/wp-content\/uploads\/2023\/11\/7a06bf3c-ef67-4c2c-bb78-9837158681d1-jpg.webp?resize=512%2C384&amp;ssl=1 512w\" sizes=\"(max-width: 800px) 100vw, 800px\" \/><\/figure>\n\n\n\n<figure class=\"wp-block-image size-large\"><img data-recalc-dims=\"1\" data-dominant-color=\"605e51\" data-has-transparency=\"false\" style=\"--dominant-color: #605e51;\" decoding=\"async\" data-id=\"45917\" src=\"https:\/\/i0.wp.com\/www.pourquoi-pas-nous.com\/wp-content\/uploads\/2023\/11\/43a5a49f-89be-45b3-ae9c-db8a06e8586b-jpg.webp?w=800&#038;ssl=1\" alt=\"Palacio de Caserta\" class=\"wp-image-45917 not-transparent\" title=\"\"><\/figure>\n\n\n\n<figure class=\"wp-block-image size-large\"><img data-recalc-dims=\"1\" data-dominant-color=\"87897a\" data-has-transparency=\"false\" style=\"--dominant-color: #87897a;\" decoding=\"async\" data-id=\"45947\" src=\"https:\/\/i0.wp.com\/www.pourquoi-pas-nous.com\/wp-content\/uploads\/2023\/11\/2fc6460f-807c-4816-b1df-c56ff3ec3f29-jpg.webp?w=800&#038;ssl=1\" alt=\"Reggia di Caserta\" class=\"wp-image-45947 not-transparent\" title=\"\"><\/figure>\n<\/figure>\n\n<p>La arquitectura del Palacio de Caserta es una mezcla de estilos barroco y neocl\u00e1sico. Sus vastas dimensiones, con una fachada de m\u00e1s de 250 metros de largo y m\u00e1s de 1.200 habitaciones, lo convierten en uno de los mayores palacios construidos en Europa. El dise\u00f1o del palacio se inspir\u00f3 en obras maestras como el <strong>castillo de Versalles (Francia)<\/strong> y El Escorial (Espa\u00f1a), pero, por supuesto, con un toque italiano.<\/p>\n\n<p>Comparado con Versalles, el Palacio de Caserta destaca por su tama\u00f1o y su trazado m\u00e1s riguroso y geom\u00e9trico. Mientras que Versalles es un ejemplo paradigm\u00e1tico del Barroco franc\u00e9s, Caserta ilustra la transici\u00f3n del Barroco al Neoclasicismo, reflejando los cambios en el arte y la sociedad de la \u00e9poca.<\/p>\n\n<p>Luigi Vanvitelli fue un arquitecto visionario, y Caserta est\u00e1 considerada su obra maestra. Consigui\u00f3 crear un palacio que no s\u00f3lo impresiona por su tama\u00f1o y majestuosidad, sino tambi\u00e9n por su ingenio t\u00e9cnico. Desde los complejos sistemas de acueductos para abastecer las fuentes y jardines hasta las innovadoras soluciones arquitect\u00f3nicas para la estabilidad y est\u00e9tica del edificio, el palacio refleja el genio de Vanvitelli.<\/p>\n\n<figure class=\"wp-block-gallery has-nested-images columns-default is-cropped wp-block-gallery-3 is-layout-flex wp-block-gallery-is-layout-flex\">\n<figure class=\"wp-block-image size-large\"><img data-recalc-dims=\"1\" data-dominant-color=\"847c74\" data-has-transparency=\"false\" style=\"--dominant-color: #847c74;\" decoding=\"async\" width=\"800\" height=\"800\" data-id=\"45872\" src=\"https:\/\/i0.wp.com\/www.pourquoi-pas-nous.com\/wp-content\/uploads\/2023\/11\/7ta4aceug9q-jpg.webp?resize=800%2C800&#038;ssl=1\" alt=\"\" class=\"wp-image-45872 not-transparent\" title=\"\" srcset=\"https:\/\/i0.wp.com\/www.pourquoi-pas-nous.com\/wp-content\/uploads\/2023\/11\/7ta4aceug9q-jpg.webp?w=1200&amp;ssl=1 1200w, https:\/\/i0.wp.com\/www.pourquoi-pas-nous.com\/wp-content\/uploads\/2023\/11\/7ta4aceug9q-jpg.webp?resize=400%2C400&amp;ssl=1 400w, https:\/\/i0.wp.com\/www.pourquoi-pas-nous.com\/wp-content\/uploads\/2023\/11\/7ta4aceug9q-jpg.webp?resize=120%2C120&amp;ssl=1 120w, https:\/\/i0.wp.com\/www.pourquoi-pas-nous.com\/wp-content\/uploads\/2023\/11\/7ta4aceug9q-jpg.webp?resize=512%2C512&amp;ssl=1 512w, https:\/\/i0.wp.com\/www.pourquoi-pas-nous.com\/wp-content\/uploads\/2023\/11\/7ta4aceug9q-jpg.webp?resize=150%2C150&amp;ssl=1 150w\" sizes=\"(max-width: 800px) 100vw, 800px\" \/><\/figure>\n\n\n\n<figure class=\"wp-block-image size-large\"><img data-recalc-dims=\"1\" data-dominant-color=\"384f61\" data-has-transparency=\"false\" style=\"--dominant-color: #384f61;\" decoding=\"async\" data-id=\"45847\" src=\"https:\/\/i0.wp.com\/www.pourquoi-pas-nous.com\/wp-content\/uploads\/2023\/11\/whz5gggtxmu-jpg.webp?w=800&#038;ssl=1\" alt=\"\" class=\"wp-image-45847 not-transparent\" title=\"\"><\/figure>\n<\/figure>\n\n<p>A lo largo de los a\u00f1os, el Palacio Real de Caserta ha sufrido varias restauraciones y modificaciones, cada una de las cuales ha a\u00f1adido una capa a su rica historia. Estas intervenciones se llevaron a cabo con vistas a preservar la integridad de la visi\u00f3n original de Vanvitelli, adaptando al mismo tiempo el palacio a las necesidades y normas contempor\u00e1neas.<\/p>\n\n<p>En la actualidad, el Palacio Real de Caserta es Patrimonio Mundial de la UNESCO, reconocido por su valor art\u00edstico e hist\u00f3rico. Sigue atrayendo a visitantes de todo el mundo, fascinados por su arquitectura, sus jardines y su rica historia.<\/p>\n\n<div class=\"wp-block-group is-layout-constrained wp-block-group-is-layout-constrained\">\n<h2 class=\"wp-block-heading\">Visitas guiadas al Palacio Real de Caserta<\/h2>\n\n\n\n<p>No es mala idea reservar una visita guiada, ya que hay mucho que descubrir y aprender sobre el palacio. Puede contratar un gu\u00eda in situ, pero le aconsejamos que lo reserve con antelaci\u00f3n para asegurarse de que tiene sitio. Hemos seleccionado las mejores visitas guiadas disponibles en el sitio web de nuestro socio.<\/p>\n\n\n\n<div data-gyg-href=\"https:\/\/widget.getyourguide.com\/default\/activities.frame\" data-gyg-location-id=\"32692\" data-gyg-locale-code=\"fr-FR\" data-gyg-widget=\"activities\" data-gyg-number-of-items=\"4\" data-gyg-partner-id=\"0LXQSML\"><\/div>\n\n\n\n<p>Todas las visitas abarcar\u00e1n la historia del palacio, su arquitectura, los acontecimientos pol\u00edticos que llevaron a su construcci\u00f3n, la obra arquitect\u00f3nica que es el palacio y tambi\u00e9n los jardines y fuentes.<\/p>\n\n\n\n<p>Recomendamos la visita de 3 horas, que incluye el palacio y los jardines. En nuestra opini\u00f3n, uno no puede existir sin el otro.<\/p>\n<\/div>\n\n<h2 class=\"wp-block-heading\">Qu\u00e9 ver en el Palacio de Caserta<\/h2>\n\n<h3 class=\"wp-block-heading\">Apartamentos Royal<\/h3>\n\n<p>Los pisos reales del Palacio de Caserta son testimonio vivo de la opulencia y el refinamiento de la corte borb\u00f3nica. Cada habitaci\u00f3n, adornada con frescos, tapices preciosos y muebles de \u00e9poca, cuenta una historia de poder, arte y cultura. Desde salones ceremoniales hasta dormitorios privados y salas de estudio, estos espacios ofrecen una fascinante visi\u00f3n de la vida cotidiana de la realeza.<\/p>\n\n<h3 class=\"wp-block-heading\">Visite las Salas Ceremonial y Art\u00edstica<\/h3>\n\n<figure class=\"wp-block-gallery aligncenter has-nested-images columns-default is-cropped wp-block-gallery-4 is-layout-flex wp-block-gallery-is-layout-flex\">\n<figure class=\"wp-block-image size-full\"><img data-recalc-dims=\"1\" data-dominant-color=\"69594b\" data-has-transparency=\"false\" style=\"--dominant-color: #69594b;\" decoding=\"async\" width=\"800\" height=\"599\" data-id=\"45902\" src=\"https:\/\/i0.wp.com\/www.pourquoi-pas-nous.com\/wp-content\/uploads\/2023\/11\/4f34762e-78f1-466f-a247-4ce7a91cde6f-jpg.webp?resize=800%2C599&#038;ssl=1\" alt=\"Capilla Palatina Caserta\" class=\"wp-image-45902 not-transparent\" title=\"\" srcset=\"https:\/\/i0.wp.com\/www.pourquoi-pas-nous.com\/wp-content\/uploads\/2023\/11\/4f34762e-78f1-466f-a247-4ce7a91cde6f-jpg.webp?w=1024&amp;ssl=1 1024w, https:\/\/i0.wp.com\/www.pourquoi-pas-nous.com\/wp-content\/uploads\/2023\/11\/4f34762e-78f1-466f-a247-4ce7a91cde6f-jpg.webp?resize=400%2C300&amp;ssl=1 400w, https:\/\/i0.wp.com\/www.pourquoi-pas-nous.com\/wp-content\/uploads\/2023\/11\/4f34762e-78f1-466f-a247-4ce7a91cde6f-jpg.webp?resize=512%2C384&amp;ssl=1 512w\" sizes=\"(max-width: 800px) 100vw, 800px\" \/><\/figure>\n\n\n\n<figure class=\"wp-block-image size-full\"><img data-recalc-dims=\"1\" data-dominant-color=\"867762\" data-has-transparency=\"false\" style=\"--dominant-color: #867762;\" loading=\"lazy\" decoding=\"async\" width=\"800\" height=\"600\" data-id=\"45952\" src=\"https:\/\/i0.wp.com\/www.pourquoi-pas-nous.com\/wp-content\/uploads\/2023\/11\/7a06bf3c-ef67-4c2c-bb78-9837158681d1-jpg.webp?resize=800%2C600&#038;ssl=1\" alt=\"Caserta, Italia\" class=\"wp-image-45952 not-transparent\" title=\"\" srcset=\"https:\/\/i0.wp.com\/www.pourquoi-pas-nous.com\/wp-content\/uploads\/2023\/11\/7a06bf3c-ef67-4c2c-bb78-9837158681d1-jpg.webp?w=1024&amp;ssl=1 1024w, https:\/\/i0.wp.com\/www.pourquoi-pas-nous.com\/wp-content\/uploads\/2023\/11\/7a06bf3c-ef67-4c2c-bb78-9837158681d1-jpg.webp?resize=400%2C300&amp;ssl=1 400w, https:\/\/i0.wp.com\/www.pourquoi-pas-nous.com\/wp-content\/uploads\/2023\/11\/7a06bf3c-ef67-4c2c-bb78-9837158681d1-jpg.webp?resize=512%2C384&amp;ssl=1 512w\" sizes=\"(max-width: 800px) 100vw, 800px\" \/><\/figure>\n<\/figure>\n\n<ol class=\"wp-block-list\">\n<li><strong>El Sal\u00f3n<\/strong> del Trono: coraz\u00f3n del poder, el Sal\u00f3n del Trono impresiona por su tama\u00f1o, su decoraci\u00f3n dorada y su techo pintado. Aqu\u00ed se celebraban las grandes ceremonias y audiencias reales.<\/li>\n\n\n\n<li><strong>Biblioteca Palatina<\/strong>: esta biblioteca, que alberga miles de vol\u00famenes y manuscritos raros, es un tesoro para historiadores y amantes de la lectura.<\/li>\n\n\n\n<li><strong>El Th\u00e9\u00e2tre de la<\/strong> Cour: inspirado en los teatros barrocos, es un notable ejemplo de la arquitectura teatral de la \u00e9poca, y a\u00fan hoy se utiliza para espect\u00e1culos y conciertos.<\/li>\n<\/ol>\n\n<figure class=\"wp-block-image size-large\"><img data-recalc-dims=\"1\" height=\"533\" width=\"800\" data-dominant-color=\"8e592e\" data-has-transparency=\"false\" style=\"--dominant-color: #8e592e;\" decoding=\"async\" src=\"https:\/\/i0.wp.com\/www.pourquoi-pas-nous.com\/wp-content\/uploads\/2023\/11\/theatre-caserta-1200x800.webp?resize=800%2C533&#038;ssl=1\" alt=\"Teatro Caserta\" class=\"wp-image-46076 not-transparent\" title=\"\"><\/figure>\n\n<h3 class=\"wp-block-heading\">Obras de arte y elementos arquitect\u00f3nicos destacados<\/h3>\n\n<p>El palacio alberga una impresionante colecci\u00f3n de arte y artesan\u00eda. De la pintura a la escultura, de la marqueter\u00eda al dorado, todos los elementos art\u00edsticos del palacio fueron dise\u00f1ados para deslumbrar y reflejar el prestigio de la corte borb\u00f3nica.  <\/p>\n\n<ol class=\"wp-block-list\">\n<li><strong>Frescos y murales<\/strong>: los techos y paredes del palacio est\u00e1n adornados con frescos de artistas de renombre, que narran historias mitol\u00f3gicas e hist\u00f3ricas.<\/li>\n\n\n\n<li><strong>Esculturas y decoraciones<\/strong>: Las esculturas que salpican el palacio, ya sean de m\u00e1rmol, bronce u oro, son obras maestras del arte barroco y neocl\u00e1sico.<\/li>\n\n\n\n<li><strong>Artesan\u00eda y marqueter\u00eda<\/strong>: el mobiliario y la carpinter\u00eda del palacio dan testimonio de la excepcional habilidad de los artesanos de la \u00e9poca.<\/li>\n<\/ol>\n\n<figure class=\"wp-block-gallery has-nested-images columns-default is-cropped wp-block-gallery-5 is-layout-flex wp-block-gallery-is-layout-flex\">\n<figure class=\"wp-block-image size-large\"><img data-recalc-dims=\"1\" data-dominant-color=\"a49787\" data-has-transparency=\"false\" style=\"--dominant-color: #a49787;\" loading=\"lazy\" decoding=\"async\" width=\"800\" height=\"600\" data-id=\"45852\" src=\"https:\/\/i0.wp.com\/www.pourquoi-pas-nous.com\/wp-content\/uploads\/2023\/11\/u_-9lypktpo-jpg.webp?resize=800%2C600&#038;ssl=1\" alt=\"\" class=\"wp-image-45852 not-transparent\" title=\"\" srcset=\"https:\/\/i0.wp.com\/www.pourquoi-pas-nous.com\/wp-content\/uploads\/2023\/11\/u_-9lypktpo-jpg.webp?w=1200&amp;ssl=1 1200w, https:\/\/i0.wp.com\/www.pourquoi-pas-nous.com\/wp-content\/uploads\/2023\/11\/u_-9lypktpo-jpg.webp?resize=400%2C300&amp;ssl=1 400w, https:\/\/i0.wp.com\/www.pourquoi-pas-nous.com\/wp-content\/uploads\/2023\/11\/u_-9lypktpo-jpg.webp?resize=512%2C384&amp;ssl=1 512w\" sizes=\"(max-width: 800px) 100vw, 800px\" \/><\/figure>\n\n\n\n<figure class=\"wp-block-image size-large\"><img data-recalc-dims=\"1\" data-dominant-color=\"665b4d\" data-has-transparency=\"false\" style=\"--dominant-color: #665b4d;\" loading=\"lazy\" decoding=\"async\" width=\"661\" height=\"1024\" data-id=\"45957\" src=\"https:\/\/i0.wp.com\/www.pourquoi-pas-nous.com\/wp-content\/uploads\/2023\/11\/6054c122-910b-4c63-9c85-5afb6b4e9bef-jpg.webp?resize=661%2C1024&#038;ssl=1\" alt=\"\" class=\"wp-image-45957 not-transparent\" title=\"\" srcset=\"https:\/\/i0.wp.com\/www.pourquoi-pas-nous.com\/wp-content\/uploads\/2023\/11\/6054c122-910b-4c63-9c85-5afb6b4e9bef-jpg.webp?w=661&amp;ssl=1 661w, https:\/\/i0.wp.com\/www.pourquoi-pas-nous.com\/wp-content\/uploads\/2023\/11\/6054c122-910b-4c63-9c85-5afb6b4e9bef-jpg.webp?resize=387%2C600&amp;ssl=1 387w, https:\/\/i0.wp.com\/www.pourquoi-pas-nous.com\/wp-content\/uploads\/2023\/11\/6054c122-910b-4c63-9c85-5afb6b4e9bef-jpg.webp?resize=331%2C512&amp;ssl=1 331w\" sizes=\"(max-width: 661px) 100vw, 661px\" \/><\/figure>\n\n\n\n<figure class=\"wp-block-image size-large\"><img data-recalc-dims=\"1\" data-dominant-color=\"897d6e\" data-has-transparency=\"false\" style=\"--dominant-color: #897d6e;\" loading=\"lazy\" decoding=\"async\" width=\"800\" height=\"1185\" data-id=\"45877\" src=\"https:\/\/i0.wp.com\/www.pourquoi-pas-nous.com\/wp-content\/uploads\/2023\/11\/a1o5cvd4-vs-jpg.webp?resize=800%2C1185&#038;ssl=1\" alt=\"\" class=\"wp-image-45877 not-transparent\" title=\"\" srcset=\"https:\/\/i0.wp.com\/www.pourquoi-pas-nous.com\/wp-content\/uploads\/2023\/11\/a1o5cvd4-vs-jpg.webp?w=810&amp;ssl=1 810w, https:\/\/i0.wp.com\/www.pourquoi-pas-nous.com\/wp-content\/uploads\/2023\/11\/a1o5cvd4-vs-jpg.webp?resize=400%2C593&amp;ssl=1 400w, https:\/\/i0.wp.com\/www.pourquoi-pas-nous.com\/wp-content\/uploads\/2023\/11\/a1o5cvd4-vs-jpg.webp?resize=346%2C512&amp;ssl=1 346w\" sizes=\"(max-width: 800px) 100vw, 800px\" \/><\/figure>\n<\/figure>\n\n<h2 class=\"wp-block-heading\">Jardines y fuentes del Palacio de Caserta<\/h2>\n\n<p>Los jardines del Palacio Real de Caserta, de unas 120 hect\u00e1reas, son una verdadera obra de arte paisaj\u00edstica. Dise\u00f1ados por Luigi Vanvitelli como una prolongaci\u00f3n natural de la arquitectura del palacio, estos jardines combinan el rigor geom\u00e9trico del estilo franc\u00e9s con la exuberancia del barroco italiano. Cada sendero, cada arboleda, est\u00e1 dise\u00f1ado para ofrecer a los visitantes un agradable paseo.<\/p>\n\n<p>No dude en perderse durante su visita: as\u00ed descubrir\u00e1 peque\u00f1as pepitas y redescubrir\u00e1 su alma aventurera. Si tiene hijos, aproveche para organizar una b\u00fasqueda del tesoro: es una forma estupenda de animarles a descubrir la zona.<\/p>\n\n<figure class=\"wp-block-gallery has-nested-images columns-default is-cropped wp-block-gallery-6 is-layout-flex wp-block-gallery-is-layout-flex\">\n<figure class=\"wp-block-image size-large\"><img data-recalc-dims=\"1\" data-dominant-color=\"475732\" data-has-transparency=\"false\" style=\"--dominant-color: #475732;\" loading=\"lazy\" decoding=\"async\" width=\"800\" height=\"512\" data-id=\"45906\" src=\"https:\/\/i0.wp.com\/www.pourquoi-pas-nous.com\/wp-content\/uploads\/2023\/11\/c8416404-8600-4722-a4e2-1e99409e25c3-jpg.webp?resize=800%2C512&#038;ssl=1\" alt=\"La Reggia - Caserta\" class=\"wp-image-45906 not-transparent\" title=\"\" srcset=\"https:\/\/i0.wp.com\/www.pourquoi-pas-nous.com\/wp-content\/uploads\/2023\/11\/c8416404-8600-4722-a4e2-1e99409e25c3-jpg.webp?w=1024&amp;ssl=1 1024w, https:\/\/i0.wp.com\/www.pourquoi-pas-nous.com\/wp-content\/uploads\/2023\/11\/c8416404-8600-4722-a4e2-1e99409e25c3-jpg.webp?resize=400%2C256&amp;ssl=1 400w, https:\/\/i0.wp.com\/www.pourquoi-pas-nous.com\/wp-content\/uploads\/2023\/11\/c8416404-8600-4722-a4e2-1e99409e25c3-jpg.webp?resize=512%2C328&amp;ssl=1 512w\" sizes=\"(max-width: 800px) 100vw, 800px\" \/><\/figure>\n\n\n\n<figure class=\"wp-block-image size-large\"><img data-recalc-dims=\"1\" data-dominant-color=\"64716f\" data-has-transparency=\"false\" style=\"--dominant-color: #64716f;\" loading=\"lazy\" decoding=\"async\" width=\"800\" height=\"600\" data-id=\"45912\" src=\"https:\/\/i0.wp.com\/www.pourquoi-pas-nous.com\/wp-content\/uploads\/2023\/11\/dfad4613-8df9-4684-8c97-8d1ac2447954-jpg.webp?resize=800%2C600&#038;ssl=1\" alt=\"Jard&#xED;n de las Termas de Venus en Caserta - Escultor Tommaso Solari (1762)\" class=\"wp-image-45912 not-transparent\" title=\"\" srcset=\"https:\/\/i0.wp.com\/www.pourquoi-pas-nous.com\/wp-content\/uploads\/2023\/11\/dfad4613-8df9-4684-8c97-8d1ac2447954-jpg.webp?w=1024&amp;ssl=1 1024w, https:\/\/i0.wp.com\/www.pourquoi-pas-nous.com\/wp-content\/uploads\/2023\/11\/dfad4613-8df9-4684-8c97-8d1ac2447954-jpg.webp?resize=400%2C300&amp;ssl=1 400w, https:\/\/i0.wp.com\/www.pourquoi-pas-nous.com\/wp-content\/uploads\/2023\/11\/dfad4613-8df9-4684-8c97-8d1ac2447954-jpg.webp?resize=512%2C384&amp;ssl=1 512w\" sizes=\"(max-width: 800px) 100vw, 800px\" \/><\/figure>\n\n\n\n<figure class=\"wp-block-image size-large\"><img data-recalc-dims=\"1\" data-dominant-color=\"4f5047\" data-has-transparency=\"false\" style=\"--dominant-color: #4f5047;\" loading=\"lazy\" decoding=\"async\" width=\"800\" height=\"450\" data-id=\"45922\" src=\"https:\/\/i0.wp.com\/www.pourquoi-pas-nous.com\/wp-content\/uploads\/2023\/11\/d532b392-02f0-4ff8-9c1d-f64b211ce660-jpg.webp?resize=800%2C450&#038;ssl=1\" alt=\"Jard&#xED;n del Palacio Real de Caserta\" class=\"wp-image-45922 not-transparent\" title=\"\" srcset=\"https:\/\/i0.wp.com\/www.pourquoi-pas-nous.com\/wp-content\/uploads\/2023\/11\/d532b392-02f0-4ff8-9c1d-f64b211ce660-jpg.webp?w=1024&amp;ssl=1 1024w, https:\/\/i0.wp.com\/www.pourquoi-pas-nous.com\/wp-content\/uploads\/2023\/11\/d532b392-02f0-4ff8-9c1d-f64b211ce660-jpg.webp?resize=400%2C225&amp;ssl=1 400w, https:\/\/i0.wp.com\/www.pourquoi-pas-nous.com\/wp-content\/uploads\/2023\/11\/d532b392-02f0-4ff8-9c1d-f64b211ce660-jpg.webp?resize=512%2C288&amp;ssl=1 512w\" sizes=\"(max-width: 800px) 100vw, 800px\" \/><\/figure>\n<\/figure>\n\n<h3 class=\"wp-block-heading\">Fuentes y esculturas<\/h3>\n\n<p>Las fuentes de Caserta se encuentran entre las m\u00e1s espectaculares de Italia, y cada una de ellas cuenta una historia a trav\u00e9s de sus esculturas y juegos de agua. Hemos enumerado las que no puede dejar de ver:<\/p>\n\n<ol class=\"wp-block-list\">\n<li><strong>Fuente de Diana y Acte\u00f3n<\/strong>: Esta fuente, inspirada en la mitolog\u00eda griega, es un notable ejemplo de armon\u00eda entre escultura, arquitectura y naturaleza. Las figuras de Diana y Acte\u00f3n, rodeadas de animales y ninfas, crean un espect\u00e1culo fascinante.<\/li>\n\n\n\n<li><strong>Otras fuentes<\/strong> importantes: Otras fuentes, como la Fuente de Venus y Adonis o la Fuente de Eolo, son tambi\u00e9n importantes puntos de inter\u00e9s, cada una con su propio car\u00e1cter e historia.<\/li>\n\n\n\n<li><strong>Cascadas y estanques<\/strong>: Las cascadas a\u00f1aden una dimensi\u00f3n din\u00e1mica a los jardines, con el agua fluyendo desde distintos niveles, creando un efecto visual y auditivo relajante.<\/li>\n<\/ol>\n\n<p>Los jardines de Caserta son tambi\u00e9n un refugio para una gran variedad de plantas y animales. La mezcla de flora local y ex\u00f3tica crea un paisaje diverso, con \u00e1rboles centenarios, plantas arom\u00e1ticas y flores de colores.<\/p>\n<div class=\"lazyblock-conseils-et-hebergements-Z8Iv2w wp-block-lazyblock-conseils-et-hebergements\"><div class=\"conseils-hebergements\"><span class=\"titre-conseils\"><i class=\"fas fa-map-marked-alt\"><\/i>Nuestros consejos para disfrutar de los jardines<\/span>\n<p><p>Para aprovechar al m\u00e1ximo la exploraci\u00f3n de los jardines, recomendamos llevar calzado c\u00f3modo y disponer de tiempo suficiente, ya que la zona es extensa. Tambi\u00e9n se ofrecen visitas guiadas espec\u00edficas a los jardines, que ofrecen explicaciones detalladas sobre la historia y la bot\u00e1nica del lugar.<\/p>\n<p>Tome el autob\u00fas lanzadera desde el Palacio hasta las fuentes situadas en la parte trasera de los jardines, ya que son casi 3 km a pie en l\u00ednea recta. Es muy impresionante, pero pronto te cansas de caminar.<\/p><\/p><\/div><\/div>\n<h2 class=\"wp-block-heading\">Informaci\u00f3n pr\u00e1ctica<\/h2>\n\n<h3 class=\"wp-block-heading\">Horarios de apertura<\/h3>\n\n<blockquote class=\"wp-block-quote is-layout-flow wp-block-quote-is-layout-flow\">\n<p><strong>Abierto todo el a\u00f1o de 9.30 a 19.30 h.<\/strong><br \/>Cerrado todos los martes.<\/p>\n<\/blockquote>\n\n<h3 class=\"wp-block-heading\">Horarios de apertura de parques y jardines<\/h3>\n\n<figure class=\"wp-block-table aligncenter is-style-stripes\"><table><thead><tr><th>Mes<\/th><th>Apertura<\/th><th>\u00daltima entrada<\/th><th>Cerrar<\/th><\/tr><\/thead><tbody><tr><td><strong>Enero<\/strong><\/td><td>8h30<\/td><td>15h00<\/td><td>16h00<\/td><\/tr><tr><td><strong>Febrero<\/strong><\/td><td>8h30<\/td><td>15h30<\/td><td>16h30<\/td><\/tr><tr><td><strong>Marzo<\/strong><\/td><td>8h30<\/td><td>16h00<\/td><td>17h00<\/td><\/tr><tr><td><strong>Abril-sept.<\/strong><\/td><td>8h30<\/td><td>18h00<\/td><td>19h00<\/td><\/tr><tr><td><strong>Octubre<\/strong><\/td><td>8h30<\/td><td>16h30<\/td><td>17h30<\/td><\/tr><tr><td><strong>Nov-Dic<\/strong><\/td><td>8h30<\/td><td>14h30<\/td><td>15h30<\/td><\/tr><\/tbody><\/table><figcaption class=\"wp-element-caption\">Horarios de apertura de los jardines y del parque del Palacio Real de Caserta<\/figcaption><\/figure>\n\n<h3 class=\"wp-block-heading\">Horarios del jard\u00edn ingl\u00e9s<\/h3>\n\n<figure class=\"wp-block-table aligncenter is-style-stripes\"><table><thead><tr><th>Mes<\/th><th>Apertura<\/th><th>\u00daltima entrada<\/th><th>Cerrar<\/th><\/tr><\/thead><tbody><tr><td><strong>Enero<\/strong><\/td><td>8h30<\/td><td>14h00<\/td><td>15h00<\/td><\/tr><tr><td><strong>Febrero<\/strong><\/td><td>8h30<\/td><td>14h30<\/td><td>15h30<\/td><\/tr><tr><td><strong>Marzo<\/strong><\/td><td>8h30<\/td><td>15h00<\/td><td>16h00<\/td><\/tr><tr><td><strong>Abril-sept.<\/strong><\/td><td>8h30<\/td><td>17h00<\/td><td>18h00<\/td><\/tr><tr><td><strong>Octubre<\/strong><\/td><td>8h30<\/td><td>16h00<\/td><td>17h00<\/td><\/tr><tr><td><strong>Noviembre<\/strong><\/td><td>8h30<\/td><td>14h00<\/td><td>15h00<\/td><\/tr><tr><td><strong>Diciembre<\/strong><\/td><td>8h30<\/td><td>13h30<\/td><td>14h30<\/td><\/tr><\/tbody><\/table><figcaption class=\"wp-element-caption\">Horarios del jard\u00edn ingl\u00e9s de Caserta<\/figcaption><\/figure>\n\n<h2 class=\"wp-block-heading\">C\u00f3mo llegar a Caserta desde N\u00e1poles<\/h2>\n\n<ol class=\"wp-block-list\">\n<li><strong>En coche<\/strong>: Para los que prefieran la flexibilidad del coche, el trayecto en coche de N\u00e1poles a Caserta dura aproximadamente una hora, dependiendo del tr\u00e1fico. Tambi\u00e9n le permite explorar los alrededores a su propio ritmo. Sin embargo, conducir en N\u00e1poles es un infierno (a menudo no se respetan las se\u00f1ales de tr\u00e1fico), as\u00ed que t\u00f3matelo con calma y presta mucha atenci\u00f3n (evitamos varios accidentes en cada viaje).<\/li>\n\n\n\n<li><strong>En tren<\/strong>: Viajar de N\u00e1poles a Caserta en tren es una de las opciones m\u00e1s r\u00e1pidas y c\u00f3modas. Las dos ciudades est\u00e1n conectadas por trenes frecuentes, con trayectos de entre 30 y 40 minutos. Es una opci\u00f3n ideal para quienes buscan comodidad y eficiencia. Adem\u00e1s, la estaci\u00f3n est\u00e1 literalmente enfrente del palacio, as\u00ed que <strong>preferimos esta soluci\u00f3n<\/strong>.<\/li>\n<\/ol>\n\n<h3 class=\"wp-block-heading\">Excursi\u00f3n de un d\u00eda<\/h3>\n\n<p>Varias agencias de viajes ofrecen excursiones de un d\u00eda al Palacio Real de Caserta desde N\u00e1poles. Estas visitas suelen incluir el transporte de ida y vuelta (bastante pr\u00e1ctico), la entrada al palacio y un gu\u00eda local. Le aconsejamos que reserve estas visitas con antelaci\u00f3n, sobre todo en temporada alta. Las reservas pueden hacerse por Internet o a trav\u00e9s de agencias de viajes locales.<\/p>\n\n<div data-gyg-href=\"https:\/\/widget.getyourguide.com\/default\/activities.frame\" data-gyg-location-id=\"32692\" data-gyg-locale-code=\"fr-FR\" data-gyg-widget=\"activities\" data-gyg-number-of-items=\"4\" data-gyg-partner-id=\"0LXQSML\"><\/div>\n\n<h2 class=\"wp-block-heading\">Nuestros consejos para visitar el Palacio Real de Caserta<\/h2>\n\n<h3 class=\"wp-block-heading\">\u00bfCu\u00e1l es la mejor \u00e9poca para visitarlo?<\/h3>\n\n<ol class=\"wp-block-list\">\n<li><strong>\u00c9pocas recomendadas<\/strong>: El final de la primavera y el principio del oto\u00f1o son ideales para visitar el Palacio Real de Caserta. Durante estos periodos, el clima es agradable y los jardines est\u00e1n especialmente bonitos y abiertos hasta tarde.<\/li>\n\n\n\n<li><strong>Evite las multitudes<\/strong>: para disfrutar de una experiencia m\u00e1s tranquila, opte por los d\u00edas laborables y evite los festivos nacionales y los fines de semana, especialmente durante la temporada alta tur\u00edstica.<\/li>\n\n\n\n<li><strong>Llegar temprano<\/strong>: Llegar en cuanto abra el palacio puede permitirle explorar el palacio y los jardines antes de que llegue la mayor\u00eda de los visitantes.<\/li>\n<\/ol>\n\n<h3 class=\"wp-block-heading\">\u00bfC\u00f3mo prepara su visita a Caserta?<\/h3>\n\n<ol class=\"wp-block-list\">\n<li><strong>Ropa y calzado c\u00f3modos<\/strong>: Lleve ropa adecuada para el tiempo y calzado c\u00f3modo, ya que la excursi\u00f3n implica caminar mucho.<\/li>\n\n\n\n<li><strong>Agua y comida<\/strong>: Lleve su propia agua y comida, sobre todo si piensa pasar todo el d\u00eda en el lugar. Puede disfrutar de un picnic en los jardines.<\/li>\n<\/ol>\n\n<p>Si le gustan los palacios y los jardines, le recomendamos encarecidamente que visite el Palacio Real. Es un monumento de gran valor hist\u00f3rico. No es Versalles, pero merece la pena divertirse.<\/p>\n\n<p>No dudes en dejarnos una <strong>nota<\/strong> o <strong>5 estrellas<\/strong> abajo, para hacernos saber si est\u00e1s planeando este viaje, o para hacernos cualquier pregunta que puedas tener, aqu\u00ed o en <a href=\"https:\/\/www.instagram.com\/pourquoipasnous_voyage\/\" target=\"_blank\" rel=\"noreferrer noopener\">Instagram<\/a>, y estaremos encantados de responderte.  <\/p>\n<div style='text-align:right' class='yasr-auto-insert-visitor'><\/div>","protected":false},"excerpt":{"rendered":"<p>El Palacio Real de Caserta, con su majestuosa arquitectura y sus exuberantes jardines, evoca la opulencia de las grandes cortes europeas. Recomendamos una visita a este lugar declarado Patrimonio de la Humanidad por la UNESCO, que no es s\u00f3lo un monumento hist\u00f3rico, sino una aut\u00e9ntica experiencia cultural. En esta gu\u00eda hemos reunido toda la informaci\u00f3n [&hellip;]<\/p>\n","protected":false},"author":1,"featured_media":45939,"comment_status":"open","ping_status":"closed","sticky":false,"template":"","format":"standard","meta":{"_acf_changed":false,"_wp_convertkit_post_meta":{"form":"-1","landing_page":"0","tag":"0","restrict_content":"0"},"jetpack_post_was_ever_published":true,"yasr_overall_rating":0,"yasr_post_is_review":"","yasr_auto_insert_disabled":"","yasr_review_type":"","_jetpack_newsletter_access":"","_jetpack_dont_email_post_to_subs":false,"_jetpack_newsletter_tier_id":0,"_jetpack_memberships_contains_paywalled_content":false,"_jetpack_memberships_contains_paid_content":false,"footnotes":""},"categories":[67,55,53],"tags":[],"class_list":["post-47024","post","type-post","status-publish","format-standard","has-post-thumbnail","hentry","category-naples","category-guides-voyage","category-italie"],"acf":[],"_wp_attached_file":null,"_wp_attachment_image_alt":null,"rank_math_primary_category":"67","rank_math_title":"Visitar el Palacio Real de Caserta: la gu\u00eda completa","rank_math_description":"Descubre nuestra gu\u00eda completa para visitar el Palacio Real de Caserta (Reggia di Caserta). Sum\u00e9rgete en la historia de esta maravillosa residencia.","rank_math_focus_keyword":"visita al palacio real de caserta,palacio real,caserta,caserta","yasr_visitor_votes":{"stars_attributes":{"read_only":false,"span_bottom":false},"number_of_votes":0,"sum_votes":0},"jetpack_featured_media_url":"https:\/\/i0.wp.com\/www.pourquoi-pas-nous.com\/wp-content\/uploads\/2023\/11\/6cc6de24-3421-4cc8-9823-75e346225eaa-jpg-e1699881066676-webp.webp?fit=1024%2C319&ssl=1","jetpack_sharing_enabled":true,"_links":{"self":[{"href":"https:\/\/www.pourquoi-pas-nous.com\/es\/wp-json\/wp\/v2\/posts\/47024","targetHints":{"allow":["GET"]}}],"collection":[{"href":"https:\/\/www.pourquoi-pas-nous.com\/es\/wp-json\/wp\/v2\/posts"}],"about":[{"href":"https:\/\/www.pourquoi-pas-nous.com\/es\/wp-json\/wp\/v2\/types\/post"}],"author":[{"embeddable":true,"href":"https:\/\/www.pourquoi-pas-nous.com\/es\/wp-json\/wp\/v2\/users\/1"}],"replies":[{"embeddable":true,"href":"https:\/\/www.pourquoi-pas-nous.com\/es\/wp-json\/wp\/v2\/comments?post=47024"}],"version-history":[{"count":8,"href":"https:\/\/www.pourquoi-pas-nous.com\/es\/wp-json\/wp\/v2\/posts\/47024\/revisions"}],"predecessor-version":[{"id":66014,"href":"https:\/\/www.pourquoi-pas-nous.com\/es\/wp-json\/wp\/v2\/posts\/47024\/revisions\/66014"}],"wp:featuredmedia":[{"embeddable":true,"href":"https:\/\/www.pourquoi-pas-nous.com\/es\/wp-json\/wp\/v2\/media\/45939"}],"wp:attachment":[{"href":"https:\/\/www.pourquoi-pas-nous.com\/es\/wp-json\/wp\/v2\/media?parent=47024"}],"wp:term":[{"taxonomy":"category","embeddable":true,"href":"https:\/\/www.pourquoi-pas-nous.com\/es\/wp-json\/wp\/v2\/categories?post=47024"},{"taxonomy":"post_tag","embeddable":true,"href":"https:\/\/www.pourquoi-pas-nous.com\/es\/wp-json\/wp\/v2\/tags?post=47024"}],"curies":[{"name":"wp","href":"https:\/\/api.w.org\/{rel}","templated":true}]}}