{"id":48650,"date":"2023-12-02T15:46:16","date_gmt":"2023-12-02T14:46:16","guid":{"rendered":"https:\/\/www.pourquoi-pas-nous.com\/fundacion-prada-milan\/"},"modified":"2025-12-13T15:56:44","modified_gmt":"2025-12-13T13:56:44","slug":"fundacion-prada-milan","status":"publish","type":"post","link":"https:\/\/www.pourquoi-pas-nous.com\/es\/fundacion-prada-milan\/","title":{"rendered":"Visita la Fundaci\u00f3n Prada en Mil\u00e1n"},"content":{"rendered":"\n<p>Mil\u00e1n, ciudad de la moda y la innovaci\u00f3n, alberga una joya del mundo del arte contempor\u00e1neo: la <strong>Fundaci\u00f3n Prada<\/strong>. Esto es m\u00e1s que un museo. Aqu\u00ed, la Fundaci\u00f3n Prada rompe las fronteras convencionales del arte para abrir un espacio de di\u00e1logo entre la <strong>historia y la innovaci\u00f3n<\/strong>.<\/p>\n\n<p>Nous vous conseillons d&#8217;ajouter ce mus\u00e9e sur votre liste des choses \u00e0 faire \u00e0 Milan, pour admirer l&#8217;incroyable transformation de cette ancienne distillerie, r\u00e9alis\u00e9e par l&#8217;architecte <strong>Rem Koolhaas<\/strong>.<\/p>\n\n<p>Cada visita a la Fundaci\u00f3n Prada es una nueva aventura. Las exposiciones cambian continuamente, con obras de artistas famosos e instalaciones vanguardistas. Tanto si le gusta la pintura, la escultura, el cine o la fotograf\u00eda, siempre hay algo de inter\u00e9s. Cada visita es una oportunidad de ver el mundo desde un \u00e1ngulo diferente, a trav\u00e9s de los ojos del<strong>arte contempor\u00e1neo<\/strong>.<\/p>\n\n<h2 class=\"wp-block-heading\">Historia y arquitectura de la Fundaci\u00f3n Prada<\/h2>\n\n<p>La Fundaci\u00f3n Prada es la historia de c\u00f3mo una <strong>antigua destiler\u00eda de principios<\/strong> del siglo XX se convirti\u00f3 en un buque insignia del<strong>arte contempor\u00e1neo<\/strong> en Mil\u00e1n. Es un proyecto que combina el respeto por la historia con el deseo de avanzar. Con el tiempo, la Fondation ha crecido y cambiado, remodel\u00e1ndose para seguir el ritmo de las tendencias del arte<strong>contempor\u00e1neo<\/strong> y las <strong>expectativas de sus visitantes<\/strong>.  <\/p>\n\n<figure class=\"wp-block-gallery has-nested-images columns-default is-cropped wp-block-gallery-2 is-layout-flex wp-block-gallery-is-layout-flex\">\n<figure class=\"wp-block-image size-large\"><img data-recalc-dims=\"1\" data-dominant-color=\"3d464c\" data-has-transparency=\"false\" style=\"--dominant-color: #3d464c;\" fetchpriority=\"high\" decoding=\"async\" width=\"800\" height=\"533\" data-id=\"47800\" src=\"https:\/\/i0.wp.com\/www.pourquoi-pas-nous.com\/wp-content\/uploads\/2023\/11\/ll1ahatliec-jpg.webp?resize=800%2C533&#038;ssl=1\" alt=\"\" class=\"wp-image-47800 not-transparent\" title=\"\" srcset=\"https:\/\/i0.wp.com\/www.pourquoi-pas-nous.com\/wp-content\/uploads\/2023\/11\/ll1ahatliec-jpg.webp?w=1200&amp;ssl=1 1200w, https:\/\/i0.wp.com\/www.pourquoi-pas-nous.com\/wp-content\/uploads\/2023\/11\/ll1ahatliec-jpg.webp?resize=400%2C267&amp;ssl=1 400w, https:\/\/i0.wp.com\/www.pourquoi-pas-nous.com\/wp-content\/uploads\/2023\/11\/ll1ahatliec-jpg.webp?resize=512%2C341&amp;ssl=1 512w\" sizes=\"(max-width: 800px) 100vw, 800px\" \/><\/figure>\n\n\n\n<figure class=\"wp-block-image size-full\"><img data-recalc-dims=\"1\" data-dominant-color=\"455a80\" data-has-transparency=\"false\" style=\"--dominant-color: #455a80;\" decoding=\"async\" data-id=\"47775\" src=\"https:\/\/i0.wp.com\/www.pourquoi-pas-nous.com\/wp-content\/uploads\/2023\/11\/mmpafh0im5i-jpg.webp?w=800&#038;ssl=1\" alt=\"\" class=\"wp-image-47775 not-transparent\" title=\"\"><\/figure>\n<\/figure>\n\n<h3 class=\"wp-block-heading\">Una mezcla de antiguo y moderno<\/h3>\n\n<p>Cuando hablamos de la <strong>Fundaci\u00f3n Prada<\/strong>, no podemos pasar por alto su arquitectura, obra de <strong>Rem Koolhaas<\/strong> y su <strong>estudio OMA<\/strong>. Su creaci\u00f3n es una mezcla perfecta de los <strong>viejos ladrillos<\/strong> de la<strong>antigua destiler\u00eda <\/strong>y atrevidos toques modernos.  <\/p>\n\n<p>Cada edificio tiene su propia personalidad, pero juntos forman un conjunto armonioso. El uso de materiales como el hormig\u00f3n en bruto y el pan de oro crea un llamativo contraste visual. Aqu\u00ed, la arquitectura no es s\u00f3lo un escenario para el arte, sino una parte esencial de la experiencia en la Fundaci\u00f3n.<\/p>\n\n<h3 class=\"wp-block-heading\">Un lugar lleno de historia e innovaci\u00f3n<\/h3>\n\n<p>La Fundaci\u00f3n Prada es algo m\u00e1s que un espacio de exposici\u00f3n. Es un lugar donde el arte cobra vida. Cada rinc\u00f3n, ya sea el edificio principal, el cine o incluso el bar dise\u00f1ado por <strong>Wes<\/strong> Anderson, tiene una historia que contar. Es un lugar de encuentro entre el pasado industrial de Mil\u00e1n y su futuro creativo, donde cada visitante puede sentir el di\u00e1logo constante entre arte, arquitectura y creatividad.<\/p>\n\n<figure class=\"wp-block-gallery has-nested-images columns-default is-cropped wp-block-gallery-3 is-layout-flex wp-block-gallery-is-layout-flex\">\n<figure class=\"wp-block-image size-large\"><img data-recalc-dims=\"1\" data-dominant-color=\"a7986f\" data-has-transparency=\"false\" style=\"--dominant-color: #a7986f;\" decoding=\"async\" width=\"800\" height=\"544\" data-id=\"47785\" src=\"https:\/\/i0.wp.com\/www.pourquoi-pas-nous.com\/wp-content\/uploads\/2023\/11\/oakcraygmdo-jpg.webp?resize=800%2C544&#038;ssl=1\" alt=\"Visita la Fundaci&#xF3;n Prada en Mil&#xE1;n\" class=\"wp-image-47785 not-transparent\" title=\"\" srcset=\"https:\/\/i0.wp.com\/www.pourquoi-pas-nous.com\/wp-content\/uploads\/2023\/11\/oakcraygmdo-jpg.webp?w=1200&amp;ssl=1 1200w, https:\/\/i0.wp.com\/www.pourquoi-pas-nous.com\/wp-content\/uploads\/2023\/11\/oakcraygmdo-jpg.webp?resize=400%2C272&amp;ssl=1 400w, https:\/\/i0.wp.com\/www.pourquoi-pas-nous.com\/wp-content\/uploads\/2023\/11\/oakcraygmdo-jpg.webp?resize=512%2C348&amp;ssl=1 512w\" sizes=\"(max-width: 800px) 100vw, 800px\" \/><\/figure>\n\n\n\n<figure class=\"wp-block-image size-large\"><img data-recalc-dims=\"1\" data-dominant-color=\"89786c\" data-has-transparency=\"false\" style=\"--dominant-color: #89786c;\" decoding=\"async\" data-id=\"47805\" src=\"https:\/\/i0.wp.com\/www.pourquoi-pas-nous.com\/wp-content\/uploads\/2023\/11\/mxza0qn9oem-jpg.webp?w=800&#038;ssl=1\" alt=\"Coche de &#xE9;poca Fundaci&#xF3;n Prada\" class=\"wp-image-47805 not-transparent\" title=\"\"><\/figure>\n\n\n\n<figure class=\"wp-block-image size-large\"><img data-recalc-dims=\"1\" data-dominant-color=\"97a3af\" data-has-transparency=\"false\" style=\"--dominant-color: #97a3af;\" decoding=\"async\" data-id=\"47795\" src=\"https:\/\/i0.wp.com\/www.pourquoi-pas-nous.com\/wp-content\/uploads\/2023\/11\/qqq_buz5tqm-jpg.webp?w=800&#038;ssl=1\" alt=\"\" class=\"wp-image-47795 not-transparent\" title=\"\"><\/figure>\n<\/figure>\n\n<h2 class=\"wp-block-heading\">Imprescindibles en la Fundaci\u00f3n Prada de Mil\u00e1n<\/h2>\n\n<p>La Fundaci\u00f3n Prada, en el coraz\u00f3n de Mil\u00e1n, es una aut\u00e9ntica encrucijada para el arte contempor\u00e1neo. Acoge una amplia gama de <strong>exposiciones temporales<\/strong>, desde pintores y escultores famosos hasta los artistas multimedia m\u00e1s innovadores. Es el lugar perfecto para descubrir nuevos talentos y redescubrir a los grandes maestros.<\/p>\n\n<h3 class=\"wp-block-heading\">Un mosaico de exposiciones memorables<\/h3>\n\n<p>Las exposiciones est\u00e1n dise\u00f1adas para despertar la curiosidad y el asombro, explorando temas tan variados como <strong>la sociedad, la<\/strong> <strong>pol\u00edtica<\/strong> y la <strong>naturaleza humana<\/strong>. Ya sea a trav\u00e9s de instalaciones interactivas o retrospectivas, cada exposici\u00f3n abre una nueva ventana al mundo de la creaci\u00f3n contempor\u00e1nea.<\/p>\n\n<figure class=\"wp-block-gallery has-nested-images columns-default is-cropped wp-block-gallery-4 is-layout-flex wp-block-gallery-is-layout-flex\">\n<figure class=\"wp-block-image size-large\"><img data-recalc-dims=\"1\" data-dominant-color=\"b09797\" data-has-transparency=\"false\" style=\"--dominant-color: #b09797;\" decoding=\"async\" width=\"680\" height=\"453\" data-id=\"47946\" src=\"https:\/\/i0.wp.com\/www.pourquoi-pas-nous.com\/wp-content\/uploads\/2023\/11\/champignon-fondation-prada-milan-jpg.webp?resize=680%2C453&#038;ssl=1\" alt=\"\" class=\"wp-image-47946 not-transparent\" title=\"\" srcset=\"https:\/\/i0.wp.com\/www.pourquoi-pas-nous.com\/wp-content\/uploads\/2023\/11\/champignon-fondation-prada-milan-jpg.webp?w=680&amp;ssl=1 680w, https:\/\/i0.wp.com\/www.pourquoi-pas-nous.com\/wp-content\/uploads\/2023\/11\/champignon-fondation-prada-milan-jpg.webp?resize=400%2C266&amp;ssl=1 400w, https:\/\/i0.wp.com\/www.pourquoi-pas-nous.com\/wp-content\/uploads\/2023\/11\/champignon-fondation-prada-milan-jpg.webp?resize=512%2C341&amp;ssl=1 512w\" sizes=\"(max-width: 680px) 100vw, 680px\" \/><\/figure>\n\n\n\n<figure class=\"wp-block-image size-large\"><img data-recalc-dims=\"1\" data-dominant-color=\"a7a197\" data-has-transparency=\"false\" style=\"--dominant-color: #a7a197;\" decoding=\"async\" data-id=\"47940\" src=\"https:\/\/i0.wp.com\/www.pourquoi-pas-nous.com\/wp-content\/uploads\/2023\/11\/ballon-musee-prada-milan-jpg.webp?w=800&#038;ssl=1\" alt=\"\" class=\"wp-image-47940 not-transparent\" title=\"\"><\/figure>\n\n\n\n<figure class=\"wp-block-image size-full\"><img data-recalc-dims=\"1\" data-dominant-color=\"6b6762\" data-has-transparency=\"false\" style=\"--dominant-color: #6b6762;\" decoding=\"async\" data-id=\"47941\" src=\"https:\/\/i0.wp.com\/www.pourquoi-pas-nous.com\/wp-content\/uploads\/2023\/11\/expo-musee-prada-milan-jpg.webp?w=800&#038;ssl=1\" alt=\"\" class=\"wp-image-47941 not-transparent\" title=\"\"><\/figure>\n\n\n\n<figure class=\"wp-block-image size-large\"><img data-recalc-dims=\"1\" data-dominant-color=\"201f1d\" data-has-transparency=\"false\" style=\"--dominant-color: #201f1d;\" loading=\"lazy\" decoding=\"async\" width=\"800\" height=\"534\" data-id=\"47948\" src=\"https:\/\/i0.wp.com\/www.pourquoi-pas-nous.com\/wp-content\/uploads\/2023\/11\/exposition-fondation-prada-jpg.webp?resize=800%2C534&#038;ssl=1\" alt=\"\" class=\"wp-image-47948 not-transparent\" title=\"\" srcset=\"https:\/\/i0.wp.com\/www.pourquoi-pas-nous.com\/wp-content\/uploads\/2023\/11\/exposition-fondation-prada-jpg.webp?w=850&amp;ssl=1 850w, https:\/\/i0.wp.com\/www.pourquoi-pas-nous.com\/wp-content\/uploads\/2023\/11\/exposition-fondation-prada-jpg.webp?resize=400%2C267&amp;ssl=1 400w, https:\/\/i0.wp.com\/www.pourquoi-pas-nous.com\/wp-content\/uploads\/2023\/11\/exposition-fondation-prada-jpg.webp?resize=512%2C342&amp;ssl=1 512w\" sizes=\"(max-width: 800px) 100vw, 800px\" \/><\/figure>\n<\/figure>\n\n<h3 class=\"wp-block-heading\">Obras y artistas clave<\/h3>\n\n<p>Numerosos artistas y exposiciones han dejado su huella en la Fundaci\u00f3n Prada. Desde la profundidad humana hasta la belleza est\u00e9tica, las obras aqu\u00ed presentadas est\u00e1n siempre en el centro de las conversaciones art\u00edsticas. Artistas de renombre como <strong>Damien Hirst<\/strong> y<strong> Jeff Koons<\/strong> han expuesto aqu\u00ed, haciendo de cada visita a la Fundaci\u00f3n una experiencia inolvidable.<\/p>\n\n<h2 class=\"wp-block-heading\">Una inmersi\u00f3n en el arte y el cine<\/h2>\n\n<h3 class=\"wp-block-heading\">El cine de la Fundaci\u00f3n Prada<\/h3>\n\n<p>La Fundaci\u00f3n Prada tambi\u00e9n destaca por su cine. Un lugar dedicado a la proyecci\u00f3n de <strong>pel\u00edculas de arte y<\/strong><strong>ensayo<\/strong>,<strong>documentales<\/strong> y<strong>obras cinematogr\u00e1ficas<\/strong> at\u00edpicas. Aqu\u00ed, el cine no es s\u00f3lo entretenimiento, sino un lugar donde el s\u00e9ptimo arte se encuentra con el arte contempor\u00e1neo, ofreciendo una experiencia envolvente y enriquecedora.<\/p>\n\n<p><\/p>\n\n<figure class=\"wp-block-image size-full\"><img data-recalc-dims=\"1\" data-dominant-color=\"211f1d\" data-has-transparency=\"false\" style=\"--dominant-color: #211f1d;\" loading=\"lazy\" decoding=\"async\" width=\"800\" height=\"534\" src=\"https:\/\/i0.wp.com\/www.pourquoi-pas-nous.com\/wp-content\/uploads\/2023\/11\/cinema-fondation-prada-jpg.webp?resize=800%2C534&#038;ssl=1\" alt=\"\" class=\"wp-image-47935 not-transparent\" title=\"\" srcset=\"https:\/\/i0.wp.com\/www.pourquoi-pas-nous.com\/wp-content\/uploads\/2023\/11\/cinema-fondation-prada-jpg.webp?w=899&amp;ssl=1 899w, https:\/\/i0.wp.com\/www.pourquoi-pas-nous.com\/wp-content\/uploads\/2023\/11\/cinema-fondation-prada-jpg.webp?resize=400%2C267&amp;ssl=1 400w, https:\/\/i0.wp.com\/www.pourquoi-pas-nous.com\/wp-content\/uploads\/2023\/11\/cinema-fondation-prada-jpg.webp?resize=512%2C342&amp;ssl=1 512w\" sizes=\"(max-width: 800px) 100vw, 800px\" \/><\/figure>\n\n<h3 class=\"wp-block-heading\">Un caleidoscopio de actividades culturales<\/h3>\n\n<p>La Fundaci\u00f3n Prada no se limita a las artes visuales y el cine. Ofrece talleres, conferencias, actuaciones y actos especiales. Estas actividades proporcionan una plataforma din\u00e1mica para el intercambio de ideas y el descubrimiento cultural, creando un v\u00ednculo entre artistas y visitantes.<\/p>\n\n<h3 class=\"wp-block-heading\">Una encrucijada para los amantes del arte<\/h3>\n\n<p>La Fundaci\u00f3n Prada es m\u00e1s que un museo, es un punto de encuentro para amantes del arte de todo el mundo. Los visitantes acuden no s\u00f3lo por las obras, sino tambi\u00e9n para formar parte de una comunidad apasionada y diversa, todos unidos por el amor al arte y la cultura.<\/p>\n\n<h2 class=\"wp-block-heading\">Consejos esenciales para explorar la Fundaci\u00f3n Prada de Mil\u00e1n<\/h2>\n\n<h3 class=\"wp-block-heading\">Horarios y tarifas<\/h3>\n\n<p>La Fundaci\u00f3n Prada est\u00e1 abierta casi todo el a\u00f1o. Para evitar sorpresas, conviene echar un vistazo a <a href=\"https:\/\/www.fondazioneprada.org\/\" target=\"_blank\" data-type=\"link\" data-id=\"https:\/\/www.fondazioneprada.org\/\" rel=\"noreferrer noopener\">su web oficial<\/a> para comprobar horarios y d\u00edas de apertura. Los precios var\u00edan seg\u00fan las exposiciones y eventos, y comprar las entradas por Internet con antelaci\u00f3n puede ser una verdadera ventaja, sobre todo cuando Mil\u00e1n est\u00e1 inundada de turistas.<\/p>\n\n<h3 class=\"wp-block-heading\">\u00bfC\u00f3mo se llega hasta all\u00ed?<\/h3>\n\n<p>La fundaci\u00f3n se encuentra cerca de la parada<strong>\u00abPorta Romana<\/strong>\u00bb de la l\u00ednea amarilla de metro, a s\u00f3lo 4 paradas de la estaci\u00f3n<a href=\"https:\/\/www.pourquoi-pas-nous.com\/es\/duomo-catedral-milan\/\" data-type=\"post\" data-id=\"5025\">\u00abDuomo<\/a>\u00ab.  <\/p>\n\n<h3 class=\"wp-block-heading\">Organice su visita<\/h3>\n\n<p>Para sacar el m\u00e1ximo partido a la Fundaci\u00f3n Prada, aqu\u00ed tienes algunos consejos:<\/p>\n\n<ul class=\"wp-block-list\">\n<li><strong>Evite las aglomeraciones<\/strong>: visitar la ciudad entre semana o a primera hora de la ma\u00f1ana puede ser m\u00e1s tranquilo.<\/li>\n\n\n\n<li><strong>Prepare su visita<\/strong>: Eche un vistazo a las exposiciones actuales en su sitio web para planificar su itinerario.<\/li>\n\n\n\n<li><strong>T\u00f3mese su tiempo<\/strong>: la Fundaci\u00f3n Prada tiene mucho que ofrecer, as\u00ed que dedique unas horas a recorrerla.<\/li>\n<\/ul>\n\n<p>La Fundaci\u00f3n Prada piensa en todos. Los detalles de accesibilidad para personas con movilidad reducida est\u00e1n disponibles en l\u00ednea. Y para que su visita sea a\u00fan m\u00e1s agradable, encontrar\u00e1 servicios in situ como consigna, librer\u00eda y cafeter\u00eda.<\/p>\n\n<h3 class=\"wp-block-heading\">El bar Luce de Wes Anderson<\/h3>\n\n<p>Una pausa en el Bar Luce, dise\u00f1ado por <strong>Wes<\/strong> Anderson, es imprescindible. Este bar, que recuerda a los tradicionales caf\u00e9s milaneses, parece sacado de una pel\u00edcula. Con una mezcla de especialidades locales y sabores internacionales, es el lugar perfecto para un momento de relajaci\u00f3n gastron\u00f3mica entre dos exposiciones.<\/p>\n\n<p><\/p>\n\n<figure class=\"wp-block-image size-full\"><img data-recalc-dims=\"1\" data-dominant-color=\"81715a\" data-has-transparency=\"false\" style=\"--dominant-color: #81715a;\" loading=\"lazy\" decoding=\"async\" width=\"800\" height=\"586\" src=\"https:\/\/i0.wp.com\/www.pourquoi-pas-nous.com\/wp-content\/uploads\/2023\/11\/bar-luce-fondation-prada-jpg.webp?resize=800%2C586&#038;ssl=1\" alt=\"\" class=\"wp-image-47930 not-transparent\" title=\"\" srcset=\"https:\/\/i0.wp.com\/www.pourquoi-pas-nous.com\/wp-content\/uploads\/2023\/11\/bar-luce-fondation-prada-jpg.webp?w=873&amp;ssl=1 873w, https:\/\/i0.wp.com\/www.pourquoi-pas-nous.com\/wp-content\/uploads\/2023\/11\/bar-luce-fondation-prada-jpg.webp?resize=400%2C293&amp;ssl=1 400w, https:\/\/i0.wp.com\/www.pourquoi-pas-nous.com\/wp-content\/uploads\/2023\/11\/bar-luce-fondation-prada-jpg.webp?resize=512%2C375&amp;ssl=1 512w\" sizes=\"(max-width: 800px) 100vw, 800px\" \/><\/figure>\n\n<h2 class=\"wp-block-heading\">\u00bfPor qu\u00e9 visitar la Fundaci\u00f3n Prada de Mil\u00e1n?<\/h2>\n\n<p>Visitar la Fundaci\u00f3n Prada de Mil\u00e1n es mucho m\u00e1s que visitar un museo de arte contempor\u00e1neo. Significa entrar en un mundo donde el arte y la arquitectura se dan la mano de forma espectacular. Gracias a la visi\u00f3n de Rem Koolhaas, cada rinc\u00f3n de la Fundaci\u00f3n ofrece un escenario \u00fanico para exposiciones que ampl\u00edan los l\u00edmites del arte contempor\u00e1neo. Con su variado programa de arte visual, cine y actos culturales, la Fundaci\u00f3n ofrece constantemente nuevas y emocionantes experiencias.<\/p>\n\n<div data-gyg-href=\"https:\/\/widget.getyourguide.com\/default\/activities.frame\" data-gyg-locale-code=\"fr-FR\" data-gyg-widget=\"activities\" data-gyg-number-of-items=\"4\" data-gyg-cmp=\"milan-prada\" data-gyg-partner-id=\"0LXQSML\" data-gyg-q=\"city%20card%20milano\"><\/div>\n\n<p>Lo que hace tan especial a la Fundaci\u00f3n Prada es su compromiso de presentar obras que provoquen la reflexi\u00f3n, el debate y la creatividad. Tanto si es un aficionado al arte como un simple visitante curioso, la Fundaci\u00f3n le abre las puertas a un mundo art\u00edstico din\u00e1mico y en constante evoluci\u00f3n.<\/p>\n\n<p>Voil\u00e0 pourquoi la Fondation Prada est une \u00e9tape incontournable pour tous ceux qui mettent<a href=\"https:\/\/www.pourquoi-pas-nous.com\/es\/milan\/\" data-type=\"post\" data-id=\"3839\"> les pieds \u00e0 Milan<\/a>.<\/p>\n\n<p>Le deseamos un <strong>excelente viaje<\/strong>. No dudes en dejarnos una <strong>nota<\/strong> o <strong>5 estrellas<\/strong> abajo, para hacernos saber si est\u00e1s planeando este viaje, o para hacernos cualquier pregunta que puedas tener, aqu\u00ed o en <a href=\"https:\/\/www.instagram.com\/pourquoipasnous_voyage\/\" target=\"_blank\" rel=\"noreferrer noopener\">Instagram<\/a>, y estaremos encantados de responderte.  <\/p>\n<div style='text-align:right' class='yasr-auto-insert-visitor'><\/div>","protected":false},"excerpt":{"rendered":"<p>Mil\u00e1n, ciudad de la moda y la innovaci\u00f3n, alberga una joya del mundo del arte contempor\u00e1neo: la Fundaci\u00f3n Prada. Esto es m\u00e1s que un museo. Aqu\u00ed, la Fundaci\u00f3n Prada rompe las fronteras convencionales del arte para abrir un espacio de di\u00e1logo entre la historia y la innovaci\u00f3n. Nous vous conseillons d&#8217;ajouter ce mus\u00e9e sur votre [&hellip;]<\/p>\n","protected":false},"author":1,"featured_media":47804,"comment_status":"open","ping_status":"closed","sticky":false,"template":"","format":"standard","meta":{"_acf_changed":false,"_wp_convertkit_post_meta":{"form":"-1","landing_page":"0","tag":"0","restrict_content":"0"},"jetpack_post_was_ever_published":true,"yasr_overall_rating":0,"yasr_post_is_review":"","yasr_auto_insert_disabled":"","yasr_review_type":"","_jetpack_newsletter_access":"","_jetpack_dont_email_post_to_subs":false,"_jetpack_newsletter_tier_id":0,"_jetpack_memberships_contains_paywalled_content":false,"_jetpack_memberships_contains_paid_content":false,"footnotes":""},"categories":[68,55,53],"tags":[],"class_list":["post-48650","post","type-post","status-publish","format-standard","has-post-thumbnail","hentry","category-milan","category-guides-voyage","category-italie"],"acf":[],"_wp_attached_file":null,"_wp_attachment_image_alt":null,"rank_math_primary_category":"68","rank_math_title":"Visita obligada a la Fundaci\u00f3n Prada en Mil\u00e1n","rank_math_description":"No te pierdas la visita obligada a la Fundaci\u00f3n Prada en Mil\u00e1n y descubre su mundo art\u00edstico \u00fanico.","rank_math_focus_keyword":"fondation prada milan,visita la fundacion prada en milan","yasr_visitor_votes":{"stars_attributes":{"read_only":false,"span_bottom":false},"number_of_votes":0,"sum_votes":0},"jetpack_featured_media_url":"https:\/\/i0.wp.com\/www.pourquoi-pas-nous.com\/wp-content\/uploads\/2023\/11\/ll1ahatliec-jpg.webp?fit=1200%2C800&ssl=1","jetpack_sharing_enabled":true,"_links":{"self":[{"href":"https:\/\/www.pourquoi-pas-nous.com\/es\/wp-json\/wp\/v2\/posts\/48650","targetHints":{"allow":["GET"]}}],"collection":[{"href":"https:\/\/www.pourquoi-pas-nous.com\/es\/wp-json\/wp\/v2\/posts"}],"about":[{"href":"https:\/\/www.pourquoi-pas-nous.com\/es\/wp-json\/wp\/v2\/types\/post"}],"author":[{"embeddable":true,"href":"https:\/\/www.pourquoi-pas-nous.com\/es\/wp-json\/wp\/v2\/users\/1"}],"replies":[{"embeddable":true,"href":"https:\/\/www.pourquoi-pas-nous.com\/es\/wp-json\/wp\/v2\/comments?post=48650"}],"version-history":[{"count":4,"href":"https:\/\/www.pourquoi-pas-nous.com\/es\/wp-json\/wp\/v2\/posts\/48650\/revisions"}],"predecessor-version":[{"id":69030,"href":"https:\/\/www.pourquoi-pas-nous.com\/es\/wp-json\/wp\/v2\/posts\/48650\/revisions\/69030"}],"wp:featuredmedia":[{"embeddable":true,"href":"https:\/\/www.pourquoi-pas-nous.com\/es\/wp-json\/wp\/v2\/media\/47804"}],"wp:attachment":[{"href":"https:\/\/www.pourquoi-pas-nous.com\/es\/wp-json\/wp\/v2\/media?parent=48650"}],"wp:term":[{"taxonomy":"category","embeddable":true,"href":"https:\/\/www.pourquoi-pas-nous.com\/es\/wp-json\/wp\/v2\/categories?post=48650"},{"taxonomy":"post_tag","embeddable":true,"href":"https:\/\/www.pourquoi-pas-nous.com\/es\/wp-json\/wp\/v2\/tags?post=48650"}],"curies":[{"name":"wp","href":"https:\/\/api.w.org\/{rel}","templated":true}]}}