{"id":49530,"date":"2023-12-19T17:33:24","date_gmt":"2023-12-19T16:33:24","guid":{"rendered":"https:\/\/www.pourquoi-pas-nous.com\/lac-de-come-hiver\/"},"modified":"2026-02-12T11:08:08","modified_gmt":"2026-02-12T09:08:08","slug":"lac-de-come-hiver","status":"publish","type":"post","link":"https:\/\/www.pourquoi-pas-nous.com\/es\/lac-de-come-hiver\/","title":{"rendered":"Qu\u00e9 hacer en el Lago de Como en invierno: informaci\u00f3n y consejos"},"content":{"rendered":"\n<p>Fuera de temporada, el lago se revela sin las multitudes: pueblos tranquilos, <strong>luz invernal<\/strong> sobre las monta\u00f1as, bruma matinal flotando baja sobre el agua&#8230; Disfruta de los tranquilos panoramas, de los precios a menudo m\u00e1s bajos y del ambiente acogedor que lo cambia todo.<\/p>\n\n<blockquote class=\"wp-block-quote has-text-align-center is-layout-flow wp-block-quote-is-layout-flow\">\n<p>\u00bfDeber\u00edas ir al Lago de Como en invierno?<\/p>\n\n\n\n<p><strong>S\u00ed, claramente.<\/strong> <\/p>\n<\/blockquote>\n\n<p>En concreto, <strong>los transbordadores funcionan<\/strong> (con frecuencia reducida pero con un servicio garantizado), <strong>algunas villas abren ciertos d\u00edas<\/strong>, y <strong>Como se ilumina en Navidad<\/strong>.  <\/p>\n\n<p>En cuanto al tiempo, se mantiene entre <strong>2 y 8\u00b0C<\/strong> seg\u00fan la hora del d\u00eda: con la ropa adecuada y un sombrero, puedes salir a pasear, subir a Brunate para contemplar las vistas, y dirigirte a <strong>Varenna<\/strong> y <strong>Bellagio<\/strong> para disfrutar de las callejuelas casi para ti solo.<\/p>\n\n<figure class=\"wp-block-gallery has-nested-images columns-default is-cropped wp-block-gallery-2 is-layout-flex wp-block-gallery-is-layout-flex\">\n<figure class=\"wp-block-image size-large\"><img data-recalc-dims=\"1\" data-dominant-color=\"75839d\" data-has-transparency=\"false\" style=\"--dominant-color: #75839d;\" fetchpriority=\"high\" decoding=\"async\" width=\"800\" height=\"600\" data-id=\"49879\" src=\"https:\/\/i0.wp.com\/www.pourquoi-pas-nous.com\/wp-content\/uploads\/2023\/12\/P1050088-1200x900.webp?resize=800%2C600&#038;ssl=1\" alt=\"visite lac de come en invierno, el lago y las monta&#xF1;as nevadas\" class=\"wp-image-49879 not-transparent\" title=\"\" srcset=\"https:\/\/i0.wp.com\/www.pourquoi-pas-nous.com\/wp-content\/uploads\/2023\/12\/P1050088-scaled.webp?resize=1200%2C900&amp;ssl=1 1200w, https:\/\/i0.wp.com\/www.pourquoi-pas-nous.com\/wp-content\/uploads\/2023\/12\/P1050088-scaled.webp?resize=400%2C300&amp;ssl=1 400w, https:\/\/i0.wp.com\/www.pourquoi-pas-nous.com\/wp-content\/uploads\/2023\/12\/P1050088-scaled.webp?resize=512%2C384&amp;ssl=1 512w, https:\/\/i0.wp.com\/www.pourquoi-pas-nous.com\/wp-content\/uploads\/2023\/12\/P1050088-scaled.webp?resize=768%2C576&amp;ssl=1 768w, https:\/\/i0.wp.com\/www.pourquoi-pas-nous.com\/wp-content\/uploads\/2023\/12\/P1050088-scaled.webp?resize=1536%2C1152&amp;ssl=1 1536w, https:\/\/i0.wp.com\/www.pourquoi-pas-nous.com\/wp-content\/uploads\/2023\/12\/P1050088-scaled.webp?w=2048&amp;ssl=1 2048w, https:\/\/i0.wp.com\/www.pourquoi-pas-nous.com\/wp-content\/uploads\/2023\/12\/P1050088-scaled.webp?w=1600&amp;ssl=1 1600w\" sizes=\"(max-width: 800px) 100vw, 800px\" \/><\/figure>\n<\/figure>\n\n<p>En resumen, si buscas <strong>tranquilidad, paisajes invernales y buenas ofertas<\/strong>, <strong>visitar el lago de Como en invierno<\/strong> es una excelente idea.<\/p>\n\n<h2 class=\"wp-block-heading\">\u00bfQu\u00e9 ver y hacer en el Lago de Como en invierno?<\/h2>\n\n<p>Si quieres saber todo lo que se puede hacer en los alrededores del lago, hemos elaborado un <a href=\"https:\/\/www.pourquoi-pas-nous.com\/es\/visite-lac-come\/\" data-type=\"post\" data-id=\"2492\">art\u00edculo detallado para ayudarte a planificar tu visita al lago de Como<\/a>.<\/p>\n\n<p>A continuaci\u00f3n hemos enumerado las mejores cosas que hacer en <strong>invierno en el Lago Como.<\/strong> <\/p>\n\n<figure class=\"wp-block-gallery has-nested-images columns-default is-cropped wp-block-gallery-3 is-layout-flex wp-block-gallery-is-layout-flex\">\n<figure class=\"wp-block-image size-large\"><img data-recalc-dims=\"1\" data-dominant-color=\"57655b\" data-has-transparency=\"false\" style=\"--dominant-color: #57655b;\" decoding=\"async\" width=\"800\" height=\"600\" data-id=\"50064\" src=\"https:\/\/i0.wp.com\/www.pourquoi-pas-nous.com\/wp-content\/uploads\/2023\/12\/P1050400-1200x900.webp?resize=800%2C600&#038;ssl=1\" alt=\"lago come varenna\" class=\"wp-image-50064 not-transparent\" title=\"\" srcset=\"https:\/\/i0.wp.com\/www.pourquoi-pas-nous.com\/wp-content\/uploads\/2023\/12\/P1050400-scaled.webp?resize=1200%2C900&amp;ssl=1 1200w, https:\/\/i0.wp.com\/www.pourquoi-pas-nous.com\/wp-content\/uploads\/2023\/12\/P1050400-scaled.webp?resize=400%2C300&amp;ssl=1 400w, https:\/\/i0.wp.com\/www.pourquoi-pas-nous.com\/wp-content\/uploads\/2023\/12\/P1050400-scaled.webp?resize=512%2C384&amp;ssl=1 512w, https:\/\/i0.wp.com\/www.pourquoi-pas-nous.com\/wp-content\/uploads\/2023\/12\/P1050400-scaled.webp?resize=768%2C576&amp;ssl=1 768w, https:\/\/i0.wp.com\/www.pourquoi-pas-nous.com\/wp-content\/uploads\/2023\/12\/P1050400-scaled.webp?resize=1536%2C1152&amp;ssl=1 1536w, https:\/\/i0.wp.com\/www.pourquoi-pas-nous.com\/wp-content\/uploads\/2023\/12\/P1050400-scaled.webp?w=2048&amp;ssl=1 2048w, https:\/\/i0.wp.com\/www.pourquoi-pas-nous.com\/wp-content\/uploads\/2023\/12\/P1050400-scaled.webp?w=1600&amp;ssl=1 1600w\" sizes=\"(max-width: 800px) 100vw, 800px\" \/><\/figure>\n\n\n\n<figure class=\"wp-block-image size-large\"><img data-recalc-dims=\"1\" data-dominant-color=\"646f7b\" data-has-transparency=\"false\" style=\"--dominant-color: #646f7b;\" decoding=\"async\" width=\"800\" height=\"600\" data-id=\"50117\" src=\"https:\/\/i0.wp.com\/www.pourquoi-pas-nous.com\/wp-content\/uploads\/2023\/12\/P1050520-1200x900.webp?resize=800%2C600&#038;ssl=1\" alt=\"lago come bellagio\" class=\"wp-image-50117 not-transparent\" title=\"\" srcset=\"https:\/\/i0.wp.com\/www.pourquoi-pas-nous.com\/wp-content\/uploads\/2023\/12\/P1050520-scaled.webp?resize=1200%2C900&amp;ssl=1 1200w, https:\/\/i0.wp.com\/www.pourquoi-pas-nous.com\/wp-content\/uploads\/2023\/12\/P1050520-scaled.webp?resize=400%2C300&amp;ssl=1 400w, https:\/\/i0.wp.com\/www.pourquoi-pas-nous.com\/wp-content\/uploads\/2023\/12\/P1050520-scaled.webp?resize=512%2C384&amp;ssl=1 512w, https:\/\/i0.wp.com\/www.pourquoi-pas-nous.com\/wp-content\/uploads\/2023\/12\/P1050520-scaled.webp?resize=768%2C576&amp;ssl=1 768w, https:\/\/i0.wp.com\/www.pourquoi-pas-nous.com\/wp-content\/uploads\/2023\/12\/P1050520-scaled.webp?resize=1536%2C1152&amp;ssl=1 1536w, https:\/\/i0.wp.com\/www.pourquoi-pas-nous.com\/wp-content\/uploads\/2023\/12\/P1050520-scaled.webp?w=2048&amp;ssl=1 2048w, https:\/\/i0.wp.com\/www.pourquoi-pas-nous.com\/wp-content\/uploads\/2023\/12\/P1050520-scaled.webp?w=1600&amp;ssl=1 1600w\" sizes=\"(max-width: 800px) 100vw, 800px\" \/><\/figure>\n<\/figure>\n\n<h3 class=\"wp-block-heading\">1. <strong>Disfruta del panorama invernal <\/strong> <\/h3>\n\n<p>Como ya se ha mencionado, aunque la nieve es poco frecuente en las ciudades y pueblos que bordean el lago, puede caer y acumularse en las cumbres circundantes.  <\/p>\n\n<p>Para disfrutar al m\u00e1ximo de estos <strong>bellos paisajes<\/strong>, hay varios miradores entre los que elegir. Uno de los m\u00e1s impresionantes es sin duda el mirador de Brunate, accesible a trav\u00e9s del hist\u00f3rico funicular de <strong>Como<\/strong>. Desde aqu\u00ed arriba, el panorama del lago y los Alpes circundantes es impresionante, sobre todo con los picos nevados de fondo.<\/p>\n\n<p>Puedes llegar en coche desde Como o en funicular, que funciona de <strong>6.00 a 22.30 en invierno<\/strong> y cuesta unos 7,20 euros por trayecto.<\/p>\n\n<p>Por supuesto, podr\u00e1 disfrutar de las hermosas vistas directamente desde las orillas del lago de Como.<\/p>\n\n<figure class=\"wp-block-gallery has-nested-images columns-default is-cropped wp-block-gallery-4 is-layout-flex wp-block-gallery-is-layout-flex\">\n<figure class=\"wp-block-image size-full\"><img data-recalc-dims=\"1\" data-dominant-color=\"8b93a6\" data-has-transparency=\"false\" style=\"--dominant-color: #8b93a6;\" loading=\"lazy\" decoding=\"async\" width=\"800\" height=\"600\" data-id=\"49905\" src=\"https:\/\/i0.wp.com\/www.pourquoi-pas-nous.com\/wp-content\/uploads\/2023\/12\/P1050124-scaled.webp?resize=800%2C600&#038;ssl=1\" alt=\"fin de semana en lac de come hiver\" class=\"wp-image-49905 not-transparent\" title=\"\" srcset=\"https:\/\/i0.wp.com\/www.pourquoi-pas-nous.com\/wp-content\/uploads\/2023\/12\/P1050124-scaled.webp?w=2048&amp;ssl=1 2048w, https:\/\/i0.wp.com\/www.pourquoi-pas-nous.com\/wp-content\/uploads\/2023\/12\/P1050124-scaled.webp?resize=400%2C300&amp;ssl=1 400w, https:\/\/i0.wp.com\/www.pourquoi-pas-nous.com\/wp-content\/uploads\/2023\/12\/P1050124-scaled.webp?resize=1200%2C900&amp;ssl=1 1200w, https:\/\/i0.wp.com\/www.pourquoi-pas-nous.com\/wp-content\/uploads\/2023\/12\/P1050124-scaled.webp?resize=512%2C384&amp;ssl=1 512w, https:\/\/i0.wp.com\/www.pourquoi-pas-nous.com\/wp-content\/uploads\/2023\/12\/P1050124-scaled.webp?resize=768%2C576&amp;ssl=1 768w, https:\/\/i0.wp.com\/www.pourquoi-pas-nous.com\/wp-content\/uploads\/2023\/12\/P1050124-scaled.webp?resize=1536%2C1152&amp;ssl=1 1536w, https:\/\/i0.wp.com\/www.pourquoi-pas-nous.com\/wp-content\/uploads\/2023\/12\/P1050124-scaled.webp?w=1600&amp;ssl=1 1600w\" sizes=\"(max-width: 800px) 100vw, 800px\" \/><\/figure>\n<\/figure>\n\n<h3 class=\"wp-block-heading\">2. <strong>Disfruta de la tranquilidad invernal de los pueblos de Como, Varenna y Bellagio<\/strong><\/h3>\n\n<p>Le aconsejamos que se concentre en los pueblos m\u00e1s tur\u00edsticos, que permanecen animados incluso en pleno invierno.  <\/p>\n\n<p><a href=\"https:\/\/www.pourquoi-pas-nous.com\/es\/visita-come-italia\/\" data-type=\"post\" data-id=\"8071\">Como<\/a>: en invierno, la ciudad de Como, situada en la orilla sur del lago, es una encantadora mezcla de vida moderna y patrimonio antiguo, envuelta en un ambiente apacible. Es la ciudad m\u00e1s grande en torno al lago, y algunos restaurantes permanecen abiertos todo el a\u00f1o. En diciembre, las calles y plazas hist\u00f3ricas se iluminan con decoraciones festivas.  <\/p>\n\n<p><strong>\n  <a href=\"https:\/\/www.pourquoi-pas-nous.com\/es\/varenna-lac-come\/\" data-type=\"post\" data-id=\"5180\">Varenna<\/a>\n<\/strong> Varenna: Pintoresco pueblecito, y en nuestra opini\u00f3n el m\u00e1s bello de los alrededores del lago Como, Varenna es una joya en invierno. Sus coloridas casas, que caen en cascada a lo largo del lago, contrastan con las monta\u00f1as nevadas del fondo. Las callejuelas y los paseos mar\u00edtimos invitan a pasear.<\/p>\n\n<figure class=\"wp-block-gallery has-nested-images columns-default is-cropped wp-block-gallery-5 is-layout-flex wp-block-gallery-is-layout-flex\">\n<figure class=\"wp-block-image size-large\"><img data-recalc-dims=\"1\" data-dominant-color=\"5b575e\" data-has-transparency=\"false\" style=\"--dominant-color: #5b575e;\" loading=\"lazy\" decoding=\"async\" width=\"800\" height=\"600\" data-id=\"50044\" src=\"https:\/\/i0.wp.com\/www.pourquoi-pas-nous.com\/wp-content\/uploads\/2023\/12\/P1050376-1200x900.webp?resize=800%2C600&#038;ssl=1\" alt=\"lago come varenna\" class=\"wp-image-50044 not-transparent\" title=\"\" srcset=\"https:\/\/i0.wp.com\/www.pourquoi-pas-nous.com\/wp-content\/uploads\/2023\/12\/P1050376-scaled.webp?resize=1200%2C900&amp;ssl=1 1200w, https:\/\/i0.wp.com\/www.pourquoi-pas-nous.com\/wp-content\/uploads\/2023\/12\/P1050376-scaled.webp?resize=400%2C300&amp;ssl=1 400w, https:\/\/i0.wp.com\/www.pourquoi-pas-nous.com\/wp-content\/uploads\/2023\/12\/P1050376-scaled.webp?resize=512%2C384&amp;ssl=1 512w, https:\/\/i0.wp.com\/www.pourquoi-pas-nous.com\/wp-content\/uploads\/2023\/12\/P1050376-scaled.webp?resize=768%2C576&amp;ssl=1 768w, https:\/\/i0.wp.com\/www.pourquoi-pas-nous.com\/wp-content\/uploads\/2023\/12\/P1050376-scaled.webp?resize=1536%2C1152&amp;ssl=1 1536w, https:\/\/i0.wp.com\/www.pourquoi-pas-nous.com\/wp-content\/uploads\/2023\/12\/P1050376-scaled.webp?w=2048&amp;ssl=1 2048w, https:\/\/i0.wp.com\/www.pourquoi-pas-nous.com\/wp-content\/uploads\/2023\/12\/P1050376-scaled.webp?w=1600&amp;ssl=1 1600w\" sizes=\"(max-width: 800px) 100vw, 800px\" \/><\/figure>\n\n\n\n<figure class=\"wp-block-image size-large\"><img data-recalc-dims=\"1\" data-dominant-color=\"72889d\" data-has-transparency=\"false\" style=\"--dominant-color: #72889d;\" loading=\"lazy\" decoding=\"async\" width=\"800\" height=\"600\" data-id=\"50054\" src=\"https:\/\/i0.wp.com\/www.pourquoi-pas-nous.com\/wp-content\/uploads\/2023\/12\/P1050387-1200x900.webp?resize=800%2C600&#038;ssl=1\" alt=\"lago come varenna\" class=\"wp-image-50054 not-transparent\" title=\"\" srcset=\"https:\/\/i0.wp.com\/www.pourquoi-pas-nous.com\/wp-content\/uploads\/2023\/12\/P1050387-scaled.webp?resize=1200%2C900&amp;ssl=1 1200w, https:\/\/i0.wp.com\/www.pourquoi-pas-nous.com\/wp-content\/uploads\/2023\/12\/P1050387-scaled.webp?resize=400%2C300&amp;ssl=1 400w, https:\/\/i0.wp.com\/www.pourquoi-pas-nous.com\/wp-content\/uploads\/2023\/12\/P1050387-scaled.webp?resize=512%2C384&amp;ssl=1 512w, https:\/\/i0.wp.com\/www.pourquoi-pas-nous.com\/wp-content\/uploads\/2023\/12\/P1050387-scaled.webp?resize=768%2C576&amp;ssl=1 768w, https:\/\/i0.wp.com\/www.pourquoi-pas-nous.com\/wp-content\/uploads\/2023\/12\/P1050387-scaled.webp?resize=1536%2C1152&amp;ssl=1 1536w, https:\/\/i0.wp.com\/www.pourquoi-pas-nous.com\/wp-content\/uploads\/2023\/12\/P1050387-scaled.webp?w=2048&amp;ssl=1 2048w, https:\/\/i0.wp.com\/www.pourquoi-pas-nous.com\/wp-content\/uploads\/2023\/12\/P1050387-scaled.webp?w=1600&amp;ssl=1 1600w\" sizes=\"(max-width: 800px) 100vw, 800px\" \/><\/figure>\n<\/figure>\n\n<figure class=\"wp-block-gallery has-nested-images columns-default is-cropped wp-block-gallery-6 is-layout-flex wp-block-gallery-is-layout-flex\">\n<figure class=\"wp-block-image size-large\"><img data-recalc-dims=\"1\" data-dominant-color=\"5b6277\" data-has-transparency=\"false\" style=\"--dominant-color: #5b6277;\" loading=\"lazy\" decoding=\"async\" width=\"800\" height=\"600\" data-id=\"49991\" src=\"https:\/\/i0.wp.com\/www.pourquoi-pas-nous.com\/wp-content\/uploads\/2023\/12\/P1050287-1200x900.webp?resize=800%2C600&#038;ssl=1\" alt=\"lac de come\" class=\"wp-image-49991 not-transparent\" title=\"\" srcset=\"https:\/\/i0.wp.com\/www.pourquoi-pas-nous.com\/wp-content\/uploads\/2023\/12\/P1050287-scaled.webp?resize=1200%2C900&amp;ssl=1 1200w, https:\/\/i0.wp.com\/www.pourquoi-pas-nous.com\/wp-content\/uploads\/2023\/12\/P1050287-scaled.webp?resize=400%2C300&amp;ssl=1 400w, https:\/\/i0.wp.com\/www.pourquoi-pas-nous.com\/wp-content\/uploads\/2023\/12\/P1050287-scaled.webp?resize=512%2C384&amp;ssl=1 512w, https:\/\/i0.wp.com\/www.pourquoi-pas-nous.com\/wp-content\/uploads\/2023\/12\/P1050287-scaled.webp?resize=768%2C576&amp;ssl=1 768w, https:\/\/i0.wp.com\/www.pourquoi-pas-nous.com\/wp-content\/uploads\/2023\/12\/P1050287-scaled.webp?resize=1536%2C1152&amp;ssl=1 1536w, https:\/\/i0.wp.com\/www.pourquoi-pas-nous.com\/wp-content\/uploads\/2023\/12\/P1050287-scaled.webp?w=2048&amp;ssl=1 2048w, https:\/\/i0.wp.com\/www.pourquoi-pas-nous.com\/wp-content\/uploads\/2023\/12\/P1050287-scaled.webp?w=1600&amp;ssl=1 1600w\" sizes=\"(max-width: 800px) 100vw, 800px\" \/><\/figure>\n<\/figure>\n\n<p><a href=\"https:\/\/www.pourquoi-pas-nous.com\/es\/visite-bellagio-italy\/\" data-type=\"post\" data-id=\"1905\">Bellagio<\/a>: Conocida como la \u00abPerla del Lago Como\u00bb, Bellagio es el pueblo que hay que visitar en invierno. Los jardines de las villas, aunque no tan ostentosos como en verano, desprenden una serena belleza. Los paseos junto al lago, repletos de tiendas y caf\u00e9s, ofrecen una experiencia tranquila lejos del ajetreo del turismo estival, lo que permite apreciar plenamente el esplendor natural y arquitect\u00f3nico de Bellagio.<\/p>\n\n<figure class=\"wp-block-gallery has-nested-images columns-default is-cropped wp-block-gallery-7 is-layout-flex wp-block-gallery-is-layout-flex\">\n<figure class=\"wp-block-image size-large\"><img data-recalc-dims=\"1\" data-dominant-color=\"9a9a95\" data-has-transparency=\"false\" style=\"--dominant-color: #9a9a95;\" loading=\"lazy\" decoding=\"async\" width=\"800\" height=\"593\" data-id=\"8426\" src=\"https:\/\/i0.wp.com\/www.pourquoi-pas-nous.com\/wp-content\/uploads\/2022\/11\/cathedral-come.webp?resize=800%2C593&#038;ssl=1\" alt=\"lac de come ville de come\" class=\"wp-image-8426 not-transparent\" title=\"\" srcset=\"https:\/\/i0.wp.com\/www.pourquoi-pas-nous.com\/wp-content\/uploads\/2022\/11\/cathedral-come.webp?resize=1200%2C890&amp;ssl=1 1200w, https:\/\/i0.wp.com\/www.pourquoi-pas-nous.com\/wp-content\/uploads\/2022\/11\/cathedral-come.webp?resize=400%2C297&amp;ssl=1 400w, https:\/\/i0.wp.com\/www.pourquoi-pas-nous.com\/wp-content\/uploads\/2022\/11\/cathedral-come.webp?resize=512%2C380&amp;ssl=1 512w, https:\/\/i0.wp.com\/www.pourquoi-pas-nous.com\/wp-content\/uploads\/2022\/11\/cathedral-come.webp?resize=768%2C569&amp;ssl=1 768w, https:\/\/i0.wp.com\/www.pourquoi-pas-nous.com\/wp-content\/uploads\/2022\/11\/cathedral-come.webp?w=1381&amp;ssl=1 1381w\" sizes=\"(max-width: 800px) 100vw, 800px\" \/><\/figure>\n\n\n\n<figure class=\"wp-block-image size-large\"><img data-recalc-dims=\"1\" data-dominant-color=\"5f6067\" data-has-transparency=\"false\" style=\"--dominant-color: #5f6067;\" loading=\"lazy\" decoding=\"async\" width=\"800\" height=\"1067\" data-id=\"50029\" src=\"https:\/\/i0.wp.com\/www.pourquoi-pas-nous.com\/wp-content\/uploads\/2023\/12\/P1050363-900x1200.webp?resize=800%2C1067&#038;ssl=1\" alt=\"lago come varenna\" class=\"wp-image-50029 not-transparent\" title=\"\" srcset=\"https:\/\/i0.wp.com\/www.pourquoi-pas-nous.com\/wp-content\/uploads\/2023\/12\/P1050363-scaled.webp?resize=900%2C1200&amp;ssl=1 900w, https:\/\/i0.wp.com\/www.pourquoi-pas-nous.com\/wp-content\/uploads\/2023\/12\/P1050363-scaled.webp?resize=400%2C533&amp;ssl=1 400w, https:\/\/i0.wp.com\/www.pourquoi-pas-nous.com\/wp-content\/uploads\/2023\/12\/P1050363-scaled.webp?resize=1200%2C1600&amp;ssl=1 1200w, https:\/\/i0.wp.com\/www.pourquoi-pas-nous.com\/wp-content\/uploads\/2023\/12\/P1050363-scaled.webp?resize=384%2C512&amp;ssl=1 384w, https:\/\/i0.wp.com\/www.pourquoi-pas-nous.com\/wp-content\/uploads\/2023\/12\/P1050363-scaled.webp?resize=768%2C1024&amp;ssl=1 768w, https:\/\/i0.wp.com\/www.pourquoi-pas-nous.com\/wp-content\/uploads\/2023\/12\/P1050363-scaled.webp?resize=1152%2C1536&amp;ssl=1 1152w, https:\/\/i0.wp.com\/www.pourquoi-pas-nous.com\/wp-content\/uploads\/2023\/12\/P1050363-scaled.webp?w=1536&amp;ssl=1 1536w\" sizes=\"(max-width: 800px) 100vw, 800px\" \/><\/figure>\n\n\n\n<figure class=\"wp-block-image size-large\"><img data-recalc-dims=\"1\" data-dominant-color=\"577295\" data-has-transparency=\"false\" style=\"--dominant-color: #577295;\" loading=\"lazy\" decoding=\"async\" width=\"768\" height=\"1024\" data-id=\"4349\" src=\"https:\/\/i0.wp.com\/www.pourquoi-pas-nous.com\/wp-content\/uploads\/2022\/01\/bellagio-g1ebb32d9b_1920-jpg-webp.webp?resize=768%2C1024&#038;ssl=1\" alt=\"\" class=\"wp-image-4349 not-transparent\" title=\"\" srcset=\"https:\/\/i0.wp.com\/www.pourquoi-pas-nous.com\/wp-content\/uploads\/2022\/01\/bellagio-g1ebb32d9b_1920-jpg-webp.webp?w=768&amp;ssl=1 768w, https:\/\/i0.wp.com\/www.pourquoi-pas-nous.com\/wp-content\/uploads\/2022\/01\/bellagio-g1ebb32d9b_1920-jpg-webp.webp?resize=400%2C533&amp;ssl=1 400w, https:\/\/i0.wp.com\/www.pourquoi-pas-nous.com\/wp-content\/uploads\/2022\/01\/bellagio-g1ebb32d9b_1920-jpg-webp.webp?resize=384%2C512&amp;ssl=1 384w\" sizes=\"(max-width: 768px) 100vw, 768px\" \/><\/figure>\n<\/figure>\n\n<h3 class=\"wp-block-heading\">3. Paseo en barco en invierno<\/h3>\n\n<p>Una excelente opci\u00f3n para explorar el lago de Como es tomar un ferry o alquilar un barco, y la buena noticia es que el lago es navegable todo el a\u00f1o desde Como.<\/p>\n\n<h4 class=\"wp-block-heading\">Crucero aperitivo desde Como<\/h4>\n\n<ul class=\"wp-block-list\">\n<li><strong> &#x2764;&#xfe0f;Favorito<\/strong>: Saliendo del <strong> <strong>puerto de Como<\/strong>, embarcamos<strong> en un peque\u00f1o barco<\/strong> (con capacidad para un m\u00e1ximo de 15 personas), donde disfrutamos de una preciosa vista de la ciudad de Como desde el agua, antes de partir para descubrir las otras joyas del lago, como las Fontanelle y Villa d&#8217;Este en Cernobbio.<\/strong><\/li>\n<\/ul>\n\n<p>Durante <strong>hora y media navegamos <\/strong>por las tranquilas aguas del lago,<strong> rodeados de <\/strong> <strong>un paisaje impresionante<\/strong>. Tuvimos una visi\u00f3n condensada del lago y de los principales lugares que ver, mientras disfrut\u00e1bamos de una copa de Prosecco (tambi\u00e9n hay bebidas sin alcohol). <\/p>\n\n<p>La empresa  <a href=\"https:\/\/www.getyourguide.fr\/come-l101235\/lac-de-come-visite-en-petit-groupe-et-aperitif-au-prosecco-t810677\/?partner_id=0LXQSML&amp;utm_medium=online_publisher&amp;cmp=come\" data-type=\"link\" data-id=\"https:\/\/www.getyourguide.fr\/come-l101235\/lac-de-come-visite-en-petit-groupe-et-aperitif-au-prosecco-t810677\/?partner_id=0LXQSML&amp;utm_medium=online_publisher&amp;cmp=come\" target=\"_blank\" rel=\"noreferrer noopener nofollow\"><\/a><a href=\"https:\/\/www.getyourguide.fr\/come-l101235\/lac-de-come-visite-en-petit-groupe-et-aperitif-au-prosecco-t810677\/?partner_id=0LXQSML&amp;utm_medium=online_publisher&amp;cmp=hiver\" target=\"_blank\" rel=\"noreferrer noopener nofollow\">Salimar Boat Tour<\/a>, que opera el crucero, tiene una excelente reputaci\u00f3n. Nuestro gu\u00eda nos cont\u00f3 muchas an\u00e9cdotas sobre los lugares que visitamos.<\/p>\n\n<p>&#x27a1;&#xfe0f; Te aconsejamos que reserves <a href=\"https:\/\/www.getyourguide.fr\/come-l101235\/lac-de-come-visite-en-petit-groupe-et-aperitif-au-prosecco-t810677\/?partner_id=0LXQSML&amp;utm_medium=online_publisher&amp;cmp=hiver\" target=\"_blank\" data-type=\"link\" data-id=\"https:\/\/www.getyourguide.fr\/come-l101235\/lac-de-come-visite-en-petit-groupe-et-aperitif-au-prosecco-t810677\/?partner_id=0LXQSML&amp;utm_medium=online_publisher&amp;cmp=come\" rel=\"noreferrer noopener nofollow sponsored\">por Internet con antelaci\u00f3n tus billetes para un crucero con aperitivo por el lago de Como<\/a> (unos 59 euros por persona), sobre todo durante la temporada tur\u00edstica, ya que estas excursiones son muy populares y el n\u00famero de plazas es limitado.<\/p>\n\n<div data-gyg-href=\"https:\/\/widget.getyourguide.com\/default\/availability.frame\" data-gyg-tour-id=\"810677\" data-gyg-locale-code=\"fr-FR\" data-gyg-currency=\"EUR\" data-gyg-widget=\"availability\" data-gyg-variant=\"horizontal\" data-gyg-partner-id=\"0LXQSML\" data-gyg-cmp=\"hiver\"><\/div>\n\n<p><br\/><\/p>\n\n<ul class=\"wp-block-list\">\n<li><strong>Ferries <\/strong>: Desde la ciudad de Como <strong>salen ferries a diario desde el embarcadero<\/strong>. Puedes comprar <strong>un billete de un d\u00eda<\/strong> para subir y bajar cuando quieras y hacer paradas para descubrir los incre\u00edbles pueblos que rodean el lago de Como (el billete de un d\u00eda cuesta 25,90 \u20ac).  <\/li>\n<\/ul>\n\n<p>Encuentre toda la informaci\u00f3n necesaria sobre horarios y precios de los barcos en la p\u00e1gina web <a href=\"https:\/\/www.navigazionelaghi.it\/risultati-di-ricerca\/\" target=\"_blank\" rel=\"noreferrer noopener\">de Navigazion Lago Como<\/a>.<\/p>\n\n<figure class=\"wp-block-gallery has-nested-images columns-default is-cropped wp-block-gallery-8 is-layout-flex wp-block-gallery-is-layout-flex\">\n<figure class=\"wp-block-image size-large\"><img data-recalc-dims=\"1\" data-dominant-color=\"737a7f\" data-has-transparency=\"false\" style=\"--dominant-color: #737a7f;\" loading=\"lazy\" decoding=\"async\" width=\"800\" height=\"600\" data-id=\"4007\" src=\"https:\/\/i0.wp.com\/www.pourquoi-pas-nous.com\/wp-content\/uploads\/2021\/11\/italy-gda82e4d11_1920-jpg-webp.webp?resize=800%2C600&#038;ssl=1\" alt=\"barco lac de come\" class=\"wp-image-4007 not-transparent\" title=\"\" srcset=\"https:\/\/i0.wp.com\/www.pourquoi-pas-nous.com\/wp-content\/uploads\/2021\/11\/italy-gda82e4d11_1920-jpg-webp.webp?resize=1200%2C900&amp;ssl=1 1200w, https:\/\/i0.wp.com\/www.pourquoi-pas-nous.com\/wp-content\/uploads\/2021\/11\/italy-gda82e4d11_1920-jpg-webp.webp?resize=400%2C300&amp;ssl=1 400w, https:\/\/i0.wp.com\/www.pourquoi-pas-nous.com\/wp-content\/uploads\/2021\/11\/italy-gda82e4d11_1920-jpg-webp.webp?resize=512%2C384&amp;ssl=1 512w, https:\/\/i0.wp.com\/www.pourquoi-pas-nous.com\/wp-content\/uploads\/2021\/11\/italy-gda82e4d11_1920-jpg-webp.webp?resize=768%2C576&amp;ssl=1 768w, https:\/\/i0.wp.com\/www.pourquoi-pas-nous.com\/wp-content\/uploads\/2021\/11\/italy-gda82e4d11_1920-jpg-webp.webp?w=1365&amp;ssl=1 1365w\" sizes=\"(max-width: 800px) 100vw, 800px\" \/><\/figure>\n\n\n\n<figure class=\"wp-block-image size-large\"><img data-recalc-dims=\"1\" height=\"600\" width=\"800\" data-dominant-color=\"596569\" data-has-transparency=\"false\" style=\"--dominant-color: #596569;\" decoding=\"async\" data-id=\"15980\" src=\"https:\/\/i0.wp.com\/www.pourquoi-pas-nous.com\/wp-content\/uploads\/2018\/05\/plage-lac-de-come-italie.webp?resize=800%2C600&#038;ssl=1\" alt=\"\" class=\"wp-image-15980 not-transparent\" title=\"\"><\/figure>\n<\/figure>\n\n<figure class=\"wp-block-gallery has-nested-images columns-default is-cropped wp-block-gallery-9 is-layout-flex wp-block-gallery-is-layout-flex\">\n<figure class=\"wp-block-image size-large\"><img data-recalc-dims=\"1\" data-dominant-color=\"6a7180\" data-has-transparency=\"false\" style=\"--dominant-color: #6a7180;\" loading=\"lazy\" decoding=\"async\" width=\"800\" height=\"600\" data-id=\"50104\" src=\"https:\/\/i0.wp.com\/www.pourquoi-pas-nous.com\/wp-content\/uploads\/2023\/12\/P1050468-1200x900.webp?resize=800%2C600&#038;ssl=1\" alt=\"lago come varenna\" class=\"wp-image-50104 not-transparent\" title=\"\" srcset=\"https:\/\/i0.wp.com\/www.pourquoi-pas-nous.com\/wp-content\/uploads\/2023\/12\/P1050468-scaled.webp?resize=1200%2C900&amp;ssl=1 1200w, https:\/\/i0.wp.com\/www.pourquoi-pas-nous.com\/wp-content\/uploads\/2023\/12\/P1050468-scaled.webp?resize=400%2C300&amp;ssl=1 400w, https:\/\/i0.wp.com\/www.pourquoi-pas-nous.com\/wp-content\/uploads\/2023\/12\/P1050468-scaled.webp?resize=512%2C384&amp;ssl=1 512w, https:\/\/i0.wp.com\/www.pourquoi-pas-nous.com\/wp-content\/uploads\/2023\/12\/P1050468-scaled.webp?resize=768%2C576&amp;ssl=1 768w, https:\/\/i0.wp.com\/www.pourquoi-pas-nous.com\/wp-content\/uploads\/2023\/12\/P1050468-scaled.webp?resize=1536%2C1152&amp;ssl=1 1536w, https:\/\/i0.wp.com\/www.pourquoi-pas-nous.com\/wp-content\/uploads\/2023\/12\/P1050468-scaled.webp?w=2048&amp;ssl=1 2048w, https:\/\/i0.wp.com\/www.pourquoi-pas-nous.com\/wp-content\/uploads\/2023\/12\/P1050468-scaled.webp?w=1600&amp;ssl=1 1600w\" sizes=\"(max-width: 800px) 100vw, 800px\" \/><\/figure>\n<\/figure>\n\n<h3 class=\"wp-block-heading\">4. Visita las villas alrededor del Lago de Como<\/h3>\n\n<p>Durante su estancia en el Lago Como, le recomendamos que visite algunas de las <strong>villas <\/strong>. Estas residencias de<strong> <\/strong>son aut\u00e9nticas joyas arquitect\u00f3nicas, enclavadas en exuberantes jardines y con espectaculares vistas del lago y las monta\u00f1as circundantes.  <\/p>\n\n<p>Las opciones para visitar las villas alrededor del Lago Como pueden ser m\u00e1s limitadas en invierno, ya que algunas granjas cierran en invierno. Estas son algunas de las villas que suelen estar abiertas en invierno:<\/p>\n\n<p><a href=\"https:\/\/www.pourquoi-pas-nous.com\/es\/villa-balbianello\/\" target=\"_blank\" data-type=\"post\" data-id=\"69110\" rel=\"noreferrer noopener\">Villa Balbianello<\/a>: situada en Lenno, a 30 minutos al norte de Como, esta villa es famosa por su pintoresca ubicaci\u00f3n y su elegante arquitectura. En invierno, aunque los jardines no est\u00e9n en plena floraci\u00f3n, la estructura de la villa y sus impresionantes vistas sobre el lago ofrecen una experiencia memorable. Esta <strong>Villa <\/strong>seguro que le suena, ya que fue el lugar de rodaje de \u00abStar Wars: Episodio II &#8211; El ataque de los clones\u00bb y \u00abJames Bond: Casino Royale\u00bb. En invierno, la casa s\u00f3lo abre algunos d\u00edas durante las vacaciones escolares.  <\/p>\n\n<p>Villa <strong>Carlotta<\/strong>: Situada en Tremezzo, Villa Carlotta es famosa por su museo de arte y sus jardines bot\u00e1nicos. Aunque los jardines son menos frondosos en invierno, la villa en s\u00ed, con sus colecciones de arte y exposiciones, sigue siendo una visita fascinante. La villa abre sus puertas al p\u00fablico a finales de abril. En invierno, se siguen organizando visitas algunos d\u00edas. Puede ponerse en contacto directamente con la secretar\u00eda para m\u00e1s detalles: segreteria@villacarlotta.it  <\/p>\n\n<div data-gyg-href=\"https:\/\/widget.getyourguide.com\/default\/availability.frame\" data-gyg-tour-id=\"921553\" data-gyg-locale-code=\"fr-FR\" data-gyg-currency=\"EUR\" data-gyg-widget=\"availability\" data-gyg-variant=\"horizontal\" data-gyg-partner-id=\"0LXQSML\" data-gyg-cmp=\"laccomehiver\"><\/div>\n\n<figure class=\"wp-block-gallery has-nested-images columns-default is-cropped wp-block-gallery-10 is-layout-flex wp-block-gallery-is-layout-flex\">\n<figure class=\"wp-block-image size-large\"><img data-recalc-dims=\"1\" data-dominant-color=\"878d8c\" data-has-transparency=\"false\" style=\"--dominant-color: #878d8c;\" loading=\"lazy\" decoding=\"async\" width=\"800\" height=\"533\" data-id=\"48886\" src=\"https:\/\/i0.wp.com\/www.pourquoi-pas-nous.com\/wp-content\/uploads\/2023\/12\/e2snbbioeko-jpg.webp?resize=800%2C533&#038;ssl=1\" alt=\"Villa Balbianello lago de come\" class=\"wp-image-48886 not-transparent\" title=\"\" srcset=\"https:\/\/i0.wp.com\/www.pourquoi-pas-nous.com\/wp-content\/uploads\/2023\/12\/e2snbbioeko-jpg.webp?w=1200&amp;ssl=1 1200w, https:\/\/i0.wp.com\/www.pourquoi-pas-nous.com\/wp-content\/uploads\/2023\/12\/e2snbbioeko-jpg.webp?resize=400%2C267&amp;ssl=1 400w, https:\/\/i0.wp.com\/www.pourquoi-pas-nous.com\/wp-content\/uploads\/2023\/12\/e2snbbioeko-jpg.webp?resize=512%2C341&amp;ssl=1 512w\" sizes=\"(max-width: 800px) 100vw, 800px\" \/><\/figure>\n\n\n\n<figure class=\"wp-block-image size-large\"><img data-recalc-dims=\"1\" data-dominant-color=\"747957\" data-has-transparency=\"false\" style=\"--dominant-color: #747957;\" loading=\"lazy\" decoding=\"async\" width=\"800\" height=\"533\" data-id=\"48896\" src=\"https:\/\/i0.wp.com\/www.pourquoi-pas-nous.com\/wp-content\/uploads\/2023\/12\/o046uiqakc8-jpg.webp?resize=800%2C533&#038;ssl=1\" alt=\"\" class=\"wp-image-48896 not-transparent\" title=\"\" srcset=\"https:\/\/i0.wp.com\/www.pourquoi-pas-nous.com\/wp-content\/uploads\/2023\/12\/o046uiqakc8-jpg.webp?w=1200&amp;ssl=1 1200w, https:\/\/i0.wp.com\/www.pourquoi-pas-nous.com\/wp-content\/uploads\/2023\/12\/o046uiqakc8-jpg.webp?resize=400%2C267&amp;ssl=1 400w, https:\/\/i0.wp.com\/www.pourquoi-pas-nous.com\/wp-content\/uploads\/2023\/12\/o046uiqakc8-jpg.webp?resize=512%2C341&amp;ssl=1 512w\" sizes=\"(max-width: 800px) 100vw, 800px\" \/><\/figure>\n\n\n\n<figure class=\"wp-block-image size-large\"><img data-recalc-dims=\"1\" data-dominant-color=\"8c7559\" data-has-transparency=\"false\" style=\"--dominant-color: #8c7559;\" loading=\"lazy\" decoding=\"async\" width=\"800\" height=\"534\" data-id=\"48911\" src=\"https:\/\/i0.wp.com\/www.pourquoi-pas-nous.com\/wp-content\/uploads\/2023\/12\/4ac5a726-bfed-4201-82b5-8772954879f7-jpg.webp?resize=800%2C534&#038;ssl=1\" alt=\"Villa Balbianello lago de come\" class=\"wp-image-48911 not-transparent\" title=\"\" srcset=\"https:\/\/i0.wp.com\/www.pourquoi-pas-nous.com\/wp-content\/uploads\/2023\/12\/4ac5a726-bfed-4201-82b5-8772954879f7-jpg.webp?w=1024&amp;ssl=1 1024w, https:\/\/i0.wp.com\/www.pourquoi-pas-nous.com\/wp-content\/uploads\/2023\/12\/4ac5a726-bfed-4201-82b5-8772954879f7-jpg.webp?resize=400%2C267&amp;ssl=1 400w, https:\/\/i0.wp.com\/www.pourquoi-pas-nous.com\/wp-content\/uploads\/2023\/12\/4ac5a726-bfed-4201-82b5-8772954879f7-jpg.webp?resize=512%2C342&amp;ssl=1 512w\" sizes=\"(max-width: 800px) 100vw, 800px\" \/><\/figure>\n<\/figure>\n\n<h3 class=\"wp-block-heading\">5. <strong>Mercado de Navidad en el Lago Como <\/strong> <\/h3>\n\n<p>S\u00ed, durante los meses de invierno, el Lago de Como tambi\u00e9n cobra vida con encantadores y festivos mercados navide\u00f1os. El mejor mercado navide\u00f1o del lago de Como es el de la ciudad de Como. Durante un mes, los principales monumentos de la ciudad se iluminan, el mercado navide\u00f1o cobra vida en Piazza Cavour y Via Plinio, y la tradicional pista de hielo se instala en la ciudad.  <\/p>\n\n<figure class=\"wp-block-gallery has-nested-images columns-default is-cropped wp-block-gallery-11 is-layout-flex wp-block-gallery-is-layout-flex\">\n<figure class=\"wp-block-image size-large\"><img data-recalc-dims=\"1\" data-dominant-color=\"5f6b7f\" data-has-transparency=\"false\" style=\"--dominant-color: #5f6b7f;\" loading=\"lazy\" decoding=\"async\" width=\"800\" height=\"600\" data-id=\"50008\" src=\"https:\/\/i0.wp.com\/www.pourquoi-pas-nous.com\/wp-content\/uploads\/2023\/12\/P1050321-1200x900.webp?resize=800%2C600&#038;ssl=1\" alt=\"lago come varenna\" class=\"wp-image-50008 not-transparent\" title=\"\" srcset=\"https:\/\/i0.wp.com\/www.pourquoi-pas-nous.com\/wp-content\/uploads\/2023\/12\/P1050321-scaled.webp?resize=1200%2C900&amp;ssl=1 1200w, https:\/\/i0.wp.com\/www.pourquoi-pas-nous.com\/wp-content\/uploads\/2023\/12\/P1050321-scaled.webp?resize=400%2C300&amp;ssl=1 400w, https:\/\/i0.wp.com\/www.pourquoi-pas-nous.com\/wp-content\/uploads\/2023\/12\/P1050321-scaled.webp?resize=512%2C384&amp;ssl=1 512w, https:\/\/i0.wp.com\/www.pourquoi-pas-nous.com\/wp-content\/uploads\/2023\/12\/P1050321-scaled.webp?resize=768%2C576&amp;ssl=1 768w, https:\/\/i0.wp.com\/www.pourquoi-pas-nous.com\/wp-content\/uploads\/2023\/12\/P1050321-scaled.webp?resize=1536%2C1152&amp;ssl=1 1536w, https:\/\/i0.wp.com\/www.pourquoi-pas-nous.com\/wp-content\/uploads\/2023\/12\/P1050321-scaled.webp?w=2048&amp;ssl=1 2048w, https:\/\/i0.wp.com\/www.pourquoi-pas-nous.com\/wp-content\/uploads\/2023\/12\/P1050321-scaled.webp?w=1600&amp;ssl=1 1600w\" sizes=\"(max-width: 800px) 100vw, 800px\" \/><\/figure>\n<\/figure>\n\n<div class=\"wp-block-group is-layout-constrained wp-block-group-is-layout-constrained\">\n<h2 class=\"wp-block-heading\">Lago de Como en invierno: \u00bfmerece la pena?<\/h2>\n\n\n\n<p>No vamos a desconcertarte m\u00e1s, hemos validado totalmente el Lago Como en invierno. Se ha transformado en un remanso de paz, lejos del ajetreo del verano, que ofrece un ambiente \u00edntimo y silencioso. En nuestra opini\u00f3n, \u00e9sta es la estaci\u00f3n ideal para quienes deseen descubrir el lago lejos de las multitudes.<\/p>\n\n\n\n<ul class=\"wp-block-list\">\n<li>La primera ventaja es que el <strong>precio de los billetes de avi\u00f3n<\/strong> es bastante asequible, y en febrero encontramos un vuelo muy barato con una compa\u00f1\u00eda de bajo coste. Quer\u00eda tomarme un descanso antes de escribir los ex\u00e1menes de profesor, as\u00ed que aprovechamos la oportunidad.<br\/><\/li>\n\n\n\n<li>El ambiente<strong>invernal<\/strong> de fr\u00edo, niebla y picos nevados confiere al lago una atm\u00f3sfera m\u00edstica.<br\/><\/li>\n\n\n\n<li>Por \u00faltimo, pero no por ello menos importante, hay <strong>mucha menos gente,<\/strong> as\u00ed que podr\u00e1 disfrutar de los pintorescos pueblecitos para usted solo.<\/li>\n<\/ul>\n\n\n<div class=\"lazyblock-bouton-1ITRQ6 wp-block-lazyblock-bouton\"><a href=\"https:\/\/www.booking.com\/searchresults.en.html?city=-116052&amp;aid=1529171&amp;no_rooms=1&amp;group_adults=2\" target=\"_blank\" rel=\"sponsored noopener\"><button>Los mejores alojamientos del Lago de Como<\/button><\/a><\/div>\n\n\n<figure class=\"wp-block-gallery has-nested-images columns-default is-cropped wp-block-gallery-12 is-layout-flex wp-block-gallery-is-layout-flex\">\n<figure class=\"wp-block-image size-large\"><img data-recalc-dims=\"1\" data-dominant-color=\"5a6669\" data-has-transparency=\"false\" style=\"--dominant-color: #5a6669;\" loading=\"lazy\" decoding=\"async\" width=\"800\" height=\"600\" data-id=\"8316\" src=\"https:\/\/i0.wp.com\/www.pourquoi-pas-nous.com\/wp-content\/uploads\/2022\/11\/P1050206-1200x900.webp?resize=800%2C600&#038;ssl=1\" alt=\"\" class=\"wp-image-8316 not-transparent\" title=\"\" srcset=\"https:\/\/i0.wp.com\/www.pourquoi-pas-nous.com\/wp-content\/uploads\/2022\/11\/P1050206-scaled.webp?resize=1200%2C900&amp;ssl=1 1200w, https:\/\/i0.wp.com\/www.pourquoi-pas-nous.com\/wp-content\/uploads\/2022\/11\/P1050206-scaled.webp?resize=400%2C300&amp;ssl=1 400w, https:\/\/i0.wp.com\/www.pourquoi-pas-nous.com\/wp-content\/uploads\/2022\/11\/P1050206-scaled.webp?resize=512%2C384&amp;ssl=1 512w, https:\/\/i0.wp.com\/www.pourquoi-pas-nous.com\/wp-content\/uploads\/2022\/11\/P1050206-scaled.webp?w=2048&amp;ssl=1 2048w, https:\/\/i0.wp.com\/www.pourquoi-pas-nous.com\/wp-content\/uploads\/2022\/11\/P1050206-scaled.webp?w=1600&amp;ssl=1 1600w\" sizes=\"(max-width: 800px) 100vw, 800px\" \/><\/figure>\n\n\n\n<figure class=\"wp-block-image size-large\"><img data-recalc-dims=\"1\" height=\"600\" width=\"800\" decoding=\"async\" data-id=\"4354\" src=\"https:\/\/i0.wp.com\/www.pourquoi-pas-nous.com\/wp-content\/uploads\/2022\/01\/houses-g2d6bfed09_1920-jpg-webp.webp?resize=800%2C600&#038;ssl=1\" alt=\"\" class=\"wp-image-4354\" title=\"\"><\/figure>\n<\/figure>\n\n\n\n<h3 class=\"wp-block-heading\">\u00bfA qu\u00e9 temperatura en invierno?<\/h3>\n\n\n\n<p>En invierno, el tiempo alrededor del Lago Como suele ser fresco y h\u00famedo, con temperaturas que pueden variar.  <\/p>\n\n\n\n<p>Las temperaturas invernales en el lago de Como suelen ser moderadas, pero pueden llegar a ser bastante fr\u00edas. Las temperaturas diurnas oscilan entre los <strong>4 \u00b0C y los 8 \u00b0C<\/strong>, por lo que, si va bien abrigado, podr\u00e1 disfrutar del aire libre.  <\/p>\n\n\n\n<p>No obstante, hay que tener en cuenta que puede haber periodos de lluvia, sobre todo en noviembre y diciembre. La nieve es poco frecuente en las ciudades y pueblos ribere\u00f1os, pero puede caer y acumularse en las zonas de gran altitud circundantes. Tambi\u00e9n suele haber niebla, lo que a\u00f1ade un toque m\u00edstico.<\/p>\n\n\n\n<figure class=\"wp-block-gallery has-nested-images columns-default is-cropped wp-block-gallery-13 is-layout-flex wp-block-gallery-is-layout-flex\">\n<figure class=\"wp-block-image size-large\"><img data-recalc-dims=\"1\" data-dominant-color=\"8c8984\" data-has-transparency=\"false\" style=\"--dominant-color: #8c8984;\" loading=\"lazy\" decoding=\"async\" width=\"800\" height=\"600\" data-id=\"48876\" src=\"https:\/\/i0.wp.com\/www.pourquoi-pas-nous.com\/wp-content\/uploads\/2019\/08\/IMG_20180413_161118-1200x900.webp?resize=800%2C600&#038;ssl=1\" alt=\"lac de c&#xF4;me\" class=\"wp-image-48876 not-transparent\" title=\"\" srcset=\"https:\/\/i0.wp.com\/www.pourquoi-pas-nous.com\/wp-content\/uploads\/2019\/08\/IMG_20180413_161118-scaled.webp?resize=1200%2C900&amp;ssl=1 1200w, https:\/\/i0.wp.com\/www.pourquoi-pas-nous.com\/wp-content\/uploads\/2019\/08\/IMG_20180413_161118-scaled.webp?resize=400%2C300&amp;ssl=1 400w, https:\/\/i0.wp.com\/www.pourquoi-pas-nous.com\/wp-content\/uploads\/2019\/08\/IMG_20180413_161118-scaled.webp?resize=512%2C384&amp;ssl=1 512w, https:\/\/i0.wp.com\/www.pourquoi-pas-nous.com\/wp-content\/uploads\/2019\/08\/IMG_20180413_161118-scaled.webp?resize=768%2C576&amp;ssl=1 768w, https:\/\/i0.wp.com\/www.pourquoi-pas-nous.com\/wp-content\/uploads\/2019\/08\/IMG_20180413_161118-scaled.webp?resize=1536%2C1152&amp;ssl=1 1536w, https:\/\/i0.wp.com\/www.pourquoi-pas-nous.com\/wp-content\/uploads\/2019\/08\/IMG_20180413_161118-scaled.webp?w=2048&amp;ssl=1 2048w, https:\/\/i0.wp.com\/www.pourquoi-pas-nous.com\/wp-content\/uploads\/2019\/08\/IMG_20180413_161118-scaled.webp?w=1600&amp;ssl=1 1600w\" sizes=\"(max-width: 800px) 100vw, 800px\" \/><\/figure>\n<\/figure>\n\n\n\n<h3 class=\"wp-block-heading\">\u00bfQu\u00e9 ropa llevar en invierno en el Lago de Como?<\/h3>\n\n\n\n<p>En nuestra opini\u00f3n, no se trata de mal tiempo, sino de <strong>ropa inadecuada<\/strong>. As\u00ed que si eliges los pa\u00edses escandinavos en invierno, no escatimes en equipamiento para aprovecharlo al m\u00e1ximo.<\/p>\n\n\n\n<p>En diciembre, enero y febrero, le aconsejamos que opte por la famosa <strong>t\u00e9cnica de la cebolla<\/strong>, que consiste en superponer <strong>varias prendas de<\/strong> ropa.<\/p>\n\n\n\n<p>He aqu\u00ed una lista de prendas que puedes meter en la maleta: un jersey interior c\u00e1lido (heattech o lana), un jersey de abrigo, un forro polar, mallas, botines o botas de monta\u00f1a con forro y, sobre todo, calzado impermeable, sin olvidar el tr\u00edo de guantes, gorros y bufandas.<\/p>\n\n\n\n<p><\/p>\n<\/div>\n\n<h2 class=\"wp-block-heading\">Hoteles en el Lago de Como: \u00bfd\u00f3nde alojarse en invierno?<\/h2>\n\n<p>\u00bfBusca un lugar donde alojarse durante su estancia en el Lago de Como? Para facilitarle la visita, hemos incluido <span style=\"font-weight: 400;\">un art\u00edculo en el que se detallan <\/span><strong>los pueblos m\u00e1s interesantes <\/strong>para alojarse <a href=\"https:\/\/www.pourquoi-pas-nous.com\/dormir-au-lac-de-come\/\" data-type=\"post\" data-id=\"43995\">en el Lago de Como<\/a>, as\u00ed como nuestras <strong>mejores direcciones de hoteles<\/strong>.   <\/p>\n\n<p>En invierno, te recomendamos alojarte en uno de los siguientes pueblos, que permanecen animados en todas las estaciones: <strong>Como, Varenna y Bellagio<\/strong>.<\/p>\n\n<p><strong>\u00bfD\u00f3nde alojarse en Como?<\/strong><\/p>\n\n<p><strong>Precio reducido<\/strong> <strong>\u20ac<\/strong>: <a href=\"https:\/\/www.booking.com\/hotel\/it\/albergo-firenze-como.fr.html?aid=1529171&amp;no_rooms=1&amp;group_adults=2\" target=\"_blank\" rel=\"noopener\">Albergo Frirenze<\/a>, <strong>junto al puerto de Como<\/strong>, ideal para pasear en barco por el lago, en pleno centro de la ciudad, con aparcamiento cercano. Excelente relaci\u00f3n <strong>calidad-precio<\/strong> en Como.<\/p>\n\n<p>&#x1f6ce;&#xfe0f; <a href=\"https:\/\/www.booking.com\/hotel\/it\/albergo-firenze-como.fr.html?aid=1529171&amp;no_rooms=1&amp;group_adults=2\" target=\"_blank\" data-type=\"link\" data-id=\"https:\/\/www.booking.com\/hotel\/it\/albergo-firenze-como.fr.html?aid=1529171&amp;no_rooms=1&amp;group_adults=2\" rel=\"noreferrer noopener nofollow\"><em>Informaci\u00f3n y reservas del hotel Albergo Frirenze<\/em><\/a><\/p>\n\n<p><strong>\u00bfD\u00f3nde alojarse en Varenna?<\/strong><\/p>\n\n<p><strong>Favorito<\/strong>: <a href=\"https:\/\/www.booking.com\/hotel\/it\/albergo-del-sole-varenna.en.html?aid=1529171&amp;no_rooms=1&amp;group_adults=2\" target=\"_blank\" rel=\"noreferrer noopener nofollow\">Albergo Del<\/a> Sole, el hotel est\u00e1 situado<strong> justo en el centro de Var<\/strong> enna, en una encantadora <strong>placita<\/strong>, \u00a1no podr\u00edas ser m\u00e1s aut\u00e9ntico! Estar\u00e1s a tiro de piedra del lago y de Villa Monastero. El restaurante tambi\u00e9n es muy bueno. En resumen, \u00a1tendr\u00e1s una estancia agradable aqu\u00ed!<\/p>\n\n<p>&#x1f6ce;&#xfe0f; <em><a href=\"https:\/\/www.booking.com\/hotel\/it\/albergo-del-sole-varenna.en.html?aid=1529171&amp;no_rooms=1&amp;group_adults=2\" target=\"_blank\" data-type=\"link\" data-id=\"https:\/\/www.booking.com\/hotel\/it\/albergo-del-sole-varenna.en.html?aid=1529171&amp;no_rooms=1&amp;group_adults=2\" rel=\"noreferrer noopener nofollow\">Informaci\u00f3n y reservas del hotel Albergo Del Sole<\/a><\/em><\/p>\n\n<p><strong>\u00bfD\u00f3nde alojarse en Bellagio?<\/strong><\/p>\n\n<p><strong>Con vistas<\/strong>: <a href=\"https:\/\/www.booking.com\/hotel\/it\/albergo-firenze-como.fr.html?aid=1529171&amp;no_rooms=1&amp;group_adults=2\" target=\"_blank\" rel=\"noreferrer noopener nofollow\">el Hotel Bellagio, <\/a><strong>en pleno centro de Bellagio<\/strong>, un confortable hotel con un excelente y generoso desayuno, servido bajo un encantador cenador con vistas a lo lejos de la orilla de enfrente con Villa Carlotta.<\/p>\n\n<p>&#x1f6ce;&#xfe0f; <em><a href=\"https:\/\/www.booking.com\/hotel\/it\/albergo-firenze-como.fr.html?aid=1529171&amp;no_rooms=1&amp;group_adults=2\" target=\"_blank\" data-type=\"link\" data-id=\"https:\/\/www.booking.com\/hotel\/it\/albergo-firenze-como.fr.html?aid=1529171&amp;no_rooms=1&amp;group_adults=2\" rel=\"noreferrer noopener nofollow\">Informaci\u00f3n y reservas del hotel <\/a><a href=\"https:\/\/www.booking.com\/hotel\/it\/albergo-firenze-como.fr.html?aid=1529171&amp;no_rooms=1&amp;group_adults=2\" target=\"_blank\" rel=\"noreferrer noopener\">Hotel Bellagio<\/a><\/em><\/p>\n<div class=\"lazyblock-conseils-et-hebergements-Z2bApbB wp-block-lazyblock-conseils-et-hebergements\"><div class=\"conseils-hebergements\"><span class=\"titre-conseils\"><i class=\"fas fa-map-marked-alt\"><\/i>\u2605 Nuestra recomendaci\u00f3n para Lago Como \u2605<\/span>\n<p><p>1. <a href=\"https:\/\/www.booking.com\/hotel\/it\/albergo-firenze-como.fr.html?aid=1529171&amp;no_rooms=1&amp;group_adults=2\" data-type=\"URL\" data-id=\"https:\/\/www.pourquoi-pas-nous.com\/go\/hotel\/come\/\" target=\"_blank\" rel=\"noopener\">Albergo Frirenze<\/a>, <strong>junto al puerto de Como<\/strong><\/p>\n<p>2. <a href=\"https:\/\/www.booking.com\/hotel\/it\/albergo-del-sole-varenna.en.html?aid=1529171&amp;no_rooms=1&amp;group_adults=2\" target=\"_blank\" rel=\"noreferrer noopener nofollow\">Albergo Del Sole<\/a>, el hotel est\u00e1 situado<strong> en el centro de<\/strong> Varenna.  <\/p>\n<p>3. <a href=\"https:\/\/www.booking.com\/hotel\/it\/albergo-firenze-como.fr.html?aid=1529171&amp;no_rooms=1&amp;group_adults=2\" target=\"_blank\" rel=\"noreferrer noopener\">Hotel Bellagio, <\/a><strong>en pleno centro de Bellagio<\/strong><\/p><\/p><\/div><\/div>\n<p><\/p>\n\n<figure class=\"wp-block-gallery has-nested-images columns-default is-cropped wp-block-gallery-14 is-layout-flex wp-block-gallery-is-layout-flex\">\n<figure class=\"wp-block-image size-large\"><a href=\"https:\/\/www.booking.com\/hotel\/it\/albergo-firenze-como.fr.html?aid=1529171&amp;no_rooms=1&amp;group_adults=2\" target=\"_blank\" rel=\"noopener\"><img data-recalc-dims=\"1\" data-dominant-color=\"74736f\" data-has-transparency=\"false\" style=\"--dominant-color: #74736f;\" loading=\"lazy\" decoding=\"async\" width=\"800\" height=\"531\" data-id=\"49360\" src=\"https:\/\/i0.wp.com\/www.pourquoi-pas-nous.com\/wp-content\/uploads\/2023\/12\/9294611-1200x797.webp?resize=800%2C531&#038;ssl=1\" alt=\"\" class=\"wp-image-49360 not-transparent\" title=\"\" srcset=\"https:\/\/i0.wp.com\/www.pourquoi-pas-nous.com\/wp-content\/uploads\/2023\/12\/9294611-jpg-webp.webp?resize=1200%2C797&amp;ssl=1 1200w, https:\/\/i0.wp.com\/www.pourquoi-pas-nous.com\/wp-content\/uploads\/2023\/12\/9294611-jpg-webp.webp?resize=400%2C266&amp;ssl=1 400w, https:\/\/i0.wp.com\/www.pourquoi-pas-nous.com\/wp-content\/uploads\/2023\/12\/9294611-jpg-webp.webp?resize=512%2C340&amp;ssl=1 512w, https:\/\/i0.wp.com\/www.pourquoi-pas-nous.com\/wp-content\/uploads\/2023\/12\/9294611-jpg-webp.webp?resize=768%2C510&amp;ssl=1 768w, https:\/\/i0.wp.com\/www.pourquoi-pas-nous.com\/wp-content\/uploads\/2023\/12\/9294611-jpg-webp.webp?w=1280&amp;ssl=1 1280w\" sizes=\"(max-width: 800px) 100vw, 800px\" \/><\/a><\/figure>\n\n\n\n<figure class=\"wp-block-image size-full\"><a href=\"https:\/\/www.booking.com\/hotel\/it\/albergo-firenze-como.fr.html?aid=1529171&amp;no_rooms=1&amp;group_adults=2\" target=\"_blank\" rel=\"noopener\"><img data-recalc-dims=\"1\" data-dominant-color=\"b7a596\" data-has-transparency=\"false\" style=\"--dominant-color: #b7a596;\" loading=\"lazy\" decoding=\"async\" width=\"800\" height=\"534\" data-id=\"77409\" src=\"https:\/\/i0.wp.com\/www.pourquoi-pas-nous.com\/wp-content\/uploads\/2022\/11\/image-2.png?resize=800%2C534&#038;ssl=1\" alt=\"\" class=\"wp-image-77409 not-transparent\" title=\"\" srcset=\"https:\/\/i0.wp.com\/www.pourquoi-pas-nous.com\/wp-content\/uploads\/2022\/11\/image-2.png?w=1024&amp;ssl=1 1024w, https:\/\/i0.wp.com\/www.pourquoi-pas-nous.com\/wp-content\/uploads\/2022\/11\/image-2.png?resize=400%2C267&amp;ssl=1 400w\" sizes=\"(max-width: 800px) 100vw, 800px\" \/><\/a><\/figure>\n<\/figure>\n<div class=\"lazyblock-bouton-DWD5r wp-block-lazyblock-bouton\"><a href=\"https:\/\/www.booking.com\/searchresults.en.html?city=-116052&amp;aid=1529171&amp;no_rooms=1&amp;group_adults=2\" target=\"_blank\" rel=\"sponsored noopener\"><button>Alojamiento mejor valorado en el Lago de Como<\/button><\/a><\/div>\n<h2 class=\"wp-block-heading\">\u00bfC\u00f3mo llegar a Lago Como desde Mil\u00e1n?<\/h2>\n\n<h3 class=\"wp-block-heading has-medium-font-size\">Coche<\/h3>\n\n<p>&#x27a1;&#xfe0f; Puedes alquilar un coche en <strong>el aeropuerto de Mil\u00e1n<\/strong>.<\/p>\n\n<p>Le aconsejamos que est\u00e9 atento en los centros urbanos de los pueblos (como Como, Bellagion, Varenna&#8230;), ya que en toda Italia, algunas zonas se encuentran en ZLT (zona traffico limitato).<\/p>\n\n<p>&#x2757; Esta <strong>zona de tr\u00e1fico limitado est\u00e1 reservada a los residentes locales<\/strong> (controlada por una c\u00e1mara). Si entras en ella sin autorizaci\u00f3n, ser\u00e1s multado. En general, te recomendamos que <strong>aparques fuera de los centros hist\u00f3ricos para no encontrarte en una ZTL<\/strong> y evitar tener que maniobrar en las callejuelas estrechas.<\/p>\n\n<p>Viajamos <strong>varios meses por Italia sin tener que pagar nunca una multa<\/strong>. Nos parece que siempre est\u00e1n bien indicados. No dudes en pedir consejo en tu alojamiento.<\/p>\n<div class=\"lazyblock-conseils-et-hebergements-3lgh0 wp-block-lazyblock-conseils-et-hebergements\"><div class=\"conseils-hebergements\"><span class=\"titre-conseils\"><i class=\"fas fa-map-marked-alt\"><\/i>\u00bfC\u00f3mo se alquila un coche?<\/span>\n<p><p><strong>&#x1f698; Alquiler de coches :<\/strong><\/p>\n<p data-start=\"184\" data-end=\"535\">Despu\u00e9s de probar varios comparadores, <strong data-start=\"228\" data-end=\"284\">Discover Car se ha convertido claramente en nuestro sitio favorito<\/strong> para comparar precios de alquiler de coches. El sitio agrega ofertas de cientos de empresas de alquiler de coches, para que puedas identificar r\u00e1pidamente la <strong>mejor tarifa seg\u00fan tus criterios<\/strong>.<\/p>\n<p data-start=\"537\" data-end=\"918\">Este filtro te permite comprobar de un vistazo :<\/p>\n<ul data-start=\"920\" data-end=\"1101\">\n<li data-start=\"920\" data-end=\"955\">\n<p data-start=\"922\" data-end=\"955\">el importe de la fianza<\/p>\n<\/li>\n<li data-start=\"956\" data-end=\"1011\">\n<p data-start=\"958\" data-end=\"1011\">el tipo de tarjeta bancaria aceptada (d\u00e9bito o cr\u00e9dito)<\/p>\n<\/li>\n<li data-start=\"1012\" data-end=\"1061\">\n<p data-start=\"1014\" data-end=\"1061\">qu\u00e9 incluye realmente el seguro<\/p>\n<\/li>\n<li data-start=\"1062\" data-end=\"1101\">\n<p data-start=\"1064\" data-end=\"1101\">opiniones de clientes de cada empresa de alquiler<\/p>\n<\/li>\n<\/ul>\n<p>&#x1f449; Por ejemplo, encontramos un coche por <strong>50 \u20ac durante 4 d\u00edas a trav\u00e9s de Hertz (sin incluir el seguro)<\/strong>.<\/p>\n<p>Marcamos la opci\u00f3n <strong>\u00abtarjeta de d\u00e9bito<\/strong>\u00ab, ya que hab\u00edamos le\u00eddo que algunas empresas de alquiler no aceptan tarjetas de cr\u00e9dito. En Francia, una tarjeta bancaria suele llamarse tarjeta de cr\u00e9dito, pero si miras tu tarjeta, dir\u00e1 <strong>\u00abcarte de d\u00e9bit\u00bb (tarjeta<\/strong> de d\u00e9bito). <\/p>\n<p>&#x1f39f;&#xfe0f; Compara f\u00e1cilmente <a href=\"https:\/\/www.discovercars.com\/fr\/italy-mainland\/milan?a_aid=PourquoiPasNous\" target=\"_blank\" rel=\"noopener\">ofertas de alquiler de coches en Mil\u00e1n en DiscoverCars<\/a><\/p><\/p><\/div><\/div>\n<figure class=\"wp-block-gallery has-nested-images columns-default is-cropped wp-block-gallery-15 is-layout-flex wp-block-gallery-is-layout-flex\">\n<figure class=\"wp-block-image size-large\"><img data-recalc-dims=\"1\" data-dominant-color=\"5b75a1\" data-has-transparency=\"false\" style=\"--dominant-color: #5b75a1;\" loading=\"lazy\" decoding=\"async\" width=\"800\" height=\"600\" data-id=\"50079\" src=\"https:\/\/i0.wp.com\/www.pourquoi-pas-nous.com\/wp-content\/uploads\/2023\/12\/P1050446-1200x900.webp?resize=800%2C600&#038;ssl=1\" alt=\"\" class=\"wp-image-50079 not-transparent\" title=\"\" srcset=\"https:\/\/i0.wp.com\/www.pourquoi-pas-nous.com\/wp-content\/uploads\/2023\/12\/P1050446-scaled.webp?resize=1200%2C900&amp;ssl=1 1200w, https:\/\/i0.wp.com\/www.pourquoi-pas-nous.com\/wp-content\/uploads\/2023\/12\/P1050446-scaled.webp?resize=400%2C300&amp;ssl=1 400w, https:\/\/i0.wp.com\/www.pourquoi-pas-nous.com\/wp-content\/uploads\/2023\/12\/P1050446-scaled.webp?resize=512%2C384&amp;ssl=1 512w, https:\/\/i0.wp.com\/www.pourquoi-pas-nous.com\/wp-content\/uploads\/2023\/12\/P1050446-scaled.webp?resize=768%2C576&amp;ssl=1 768w, https:\/\/i0.wp.com\/www.pourquoi-pas-nous.com\/wp-content\/uploads\/2023\/12\/P1050446-scaled.webp?resize=1536%2C1152&amp;ssl=1 1536w, https:\/\/i0.wp.com\/www.pourquoi-pas-nous.com\/wp-content\/uploads\/2023\/12\/P1050446-scaled.webp?w=2048&amp;ssl=1 2048w, https:\/\/i0.wp.com\/www.pourquoi-pas-nous.com\/wp-content\/uploads\/2023\/12\/P1050446-scaled.webp?w=1600&amp;ssl=1 1600w\" sizes=\"(max-width: 800px) 100vw, 800px\" \/><\/figure>\n<\/figure>\n\n<h3 class=\"wp-block-heading has-medium-font-size\">Autob\u00fas + Crucero<\/h3>\n\n<p>&#x27a1;&#xfe0f; Si no quieres alquilar un coche, puedes reservar <a href=\"https:\/\/www.getyourguide.fr\/milan-l139\/depuis-milan-lac-de-come-bellagio-et-varenna-t146676\/?partner_id=0LXQSML&amp;utm_medium=online_publisher&amp;placement=content-middle&amp;cmp=Milan-journee-come-bellagio-varenna-distancelacdecome&amp;deeplink_id=2fe5fb0c-7c7a-5baa-b97f-bab52bf0b5fd\" target=\"_blank\" rel=\"noreferrer noopener\">una excursi\u00f3n de un d\u00eda al lago de Como y a sus pueblos m\u00e1s bonitos<\/a> desde Mil\u00e1n. Su ch\u00f3fer le dejar\u00e1 en <strong>Como<\/strong>, <strong>Bellagio<\/strong> y <strong>Varenna<\/strong>, antes de llevarle en un paseo en barco de 1 hora para explorar el lago y disfrutar de las hermosas vistas panor\u00e1micas.<\/p>\n<div class=\"lazyblock-bouton-Z1I4Pht wp-block-lazyblock-bouton\"><a href=\"https:\/\/www.getyourguide.fr\/milan-l139\/depuis-milan-lac-de-come-bellagio-et-varenna-t146676\/?partner_id=0LXQSML&amp;utm_medium=online_publisher&amp;placement=content-middle&amp;cmp=Milan-journee-come-bellagio-varenna-distancelacdecome&amp;deeplink_id=2fe5fb0c-7c7a-5baa-b97f-bab52bf0b5fd\" target=\"_blank\" rel=\"sponsored noopener\"><button>M\u00e1s informaci\u00f3n sobre esta excursi\u00f3n<\/button><\/a><\/div>\n<figure class=\"wp-block-gallery has-nested-images columns-default is-cropped wp-block-gallery-16 is-layout-flex wp-block-gallery-is-layout-flex\">\n<figure class=\"wp-block-image size-large\"><img data-recalc-dims=\"1\" data-dominant-color=\"66728f\" data-has-transparency=\"false\" style=\"--dominant-color: #66728f;\" loading=\"lazy\" decoding=\"async\" width=\"800\" height=\"600\" data-id=\"50099\" src=\"https:\/\/i0.wp.com\/www.pourquoi-pas-nous.com\/wp-content\/uploads\/2023\/12\/P1050466-1200x900.webp?resize=800%2C600&#038;ssl=1\" alt=\"lago come varenna\" class=\"wp-image-50099 not-transparent\" title=\"\" srcset=\"https:\/\/i0.wp.com\/www.pourquoi-pas-nous.com\/wp-content\/uploads\/2023\/12\/P1050466-scaled.webp?resize=1200%2C900&amp;ssl=1 1200w, https:\/\/i0.wp.com\/www.pourquoi-pas-nous.com\/wp-content\/uploads\/2023\/12\/P1050466-scaled.webp?resize=400%2C300&amp;ssl=1 400w, https:\/\/i0.wp.com\/www.pourquoi-pas-nous.com\/wp-content\/uploads\/2023\/12\/P1050466-scaled.webp?resize=512%2C384&amp;ssl=1 512w, https:\/\/i0.wp.com\/www.pourquoi-pas-nous.com\/wp-content\/uploads\/2023\/12\/P1050466-scaled.webp?resize=768%2C576&amp;ssl=1 768w, https:\/\/i0.wp.com\/www.pourquoi-pas-nous.com\/wp-content\/uploads\/2023\/12\/P1050466-scaled.webp?resize=1536%2C1152&amp;ssl=1 1536w, https:\/\/i0.wp.com\/www.pourquoi-pas-nous.com\/wp-content\/uploads\/2023\/12\/P1050466-scaled.webp?w=2048&amp;ssl=1 2048w, https:\/\/i0.wp.com\/www.pourquoi-pas-nous.com\/wp-content\/uploads\/2023\/12\/P1050466-scaled.webp?w=1600&amp;ssl=1 1600w\" sizes=\"(max-width: 800px) 100vw, 800px\" \/><\/figure>\n<\/figure>\n\n<h3 class=\"wp-block-heading has-medium-font-size\">Tren<\/h3>\n\n<p>Los trenes salen de la Estaci\u00f3n Central de <strong>Mil\u00e1n<\/strong> con Trenitalia. Puede llegar a la estaci\u00f3n de <strong>S. Giovanni<\/strong> de Como en unos 40 minutos. Las entradas cuestan unos 20 euros. Una vez all\u00ed, el centro de Como est\u00e1 a s\u00f3lo diez minutos.<\/p>\n\n<p>Tambi\u00e9n puede aprovechar su estancia en la regi\u00f3n para disfrutar de las hermosas playas del Lago Como y <a href=\"https:\/\/www.pourquoi-pas-nous.com\/es\/milan\/\" data-type=\"post\" data-id=\"3839\">visitar la ciudad de Mil\u00e1n<\/a>, incluido el <a href=\"https:\/\/www.pourquoi-pas-nous.com\/es\/duomo-catedral-milan\/\" data-type=\"post\" data-id=\"5025\">Duomo, la Catedral de Mil\u00e1n<\/a> y sus incre\u00edbles <a href=\"https:\/\/www.pourquoi-pas-nous.com\/es\/duomo-catedral-milan\/\" data-type=\"post\" data-id=\"5025\">museos<\/a>.<\/p>\n\n<p><\/p>\n\n<figure class=\"wp-block-gallery has-nested-images columns-default is-cropped wp-block-gallery-17 is-layout-flex wp-block-gallery-is-layout-flex\">\n<figure class=\"wp-block-image size-large\"><img data-recalc-dims=\"1\" data-dominant-color=\"585c61\" data-has-transparency=\"false\" style=\"--dominant-color: #585c61;\" loading=\"lazy\" decoding=\"async\" width=\"800\" height=\"600\" data-id=\"50024\" src=\"https:\/\/i0.wp.com\/www.pourquoi-pas-nous.com\/wp-content\/uploads\/2023\/12\/P1050359-1200x900.webp?resize=800%2C600&#038;ssl=1\" alt=\"lago come varenna\" class=\"wp-image-50024 not-transparent\" title=\"\" srcset=\"https:\/\/i0.wp.com\/www.pourquoi-pas-nous.com\/wp-content\/uploads\/2023\/12\/P1050359-scaled.webp?resize=1200%2C900&amp;ssl=1 1200w, https:\/\/i0.wp.com\/www.pourquoi-pas-nous.com\/wp-content\/uploads\/2023\/12\/P1050359-scaled.webp?resize=400%2C300&amp;ssl=1 400w, https:\/\/i0.wp.com\/www.pourquoi-pas-nous.com\/wp-content\/uploads\/2023\/12\/P1050359-scaled.webp?resize=512%2C384&amp;ssl=1 512w, https:\/\/i0.wp.com\/www.pourquoi-pas-nous.com\/wp-content\/uploads\/2023\/12\/P1050359-scaled.webp?resize=768%2C576&amp;ssl=1 768w, https:\/\/i0.wp.com\/www.pourquoi-pas-nous.com\/wp-content\/uploads\/2023\/12\/P1050359-scaled.webp?resize=1536%2C1152&amp;ssl=1 1536w, https:\/\/i0.wp.com\/www.pourquoi-pas-nous.com\/wp-content\/uploads\/2023\/12\/P1050359-scaled.webp?w=2048&amp;ssl=1 2048w, https:\/\/i0.wp.com\/www.pourquoi-pas-nous.com\/wp-content\/uploads\/2023\/12\/P1050359-scaled.webp?w=1600&amp;ssl=1 1600w\" sizes=\"(max-width: 800px) 100vw, 800px\" \/><\/figure>\n<\/figure>\n\n<h2 class=\"wp-block-heading\">Nuestro mapa interactivo con las mejores direcciones del Lago de Como<\/h2>\n\n<p>Para ayudarte a orientarte en el Lago de Como, hemos elaborado un <strong>mapa resumen de todos nuestros puntos de parada y las mejores direcciones<\/strong>. Es pr\u00e1ctico para consultarlo durante tu visita, y tambi\u00e9n puedes guardarlo para acceder a \u00e9l sin conexi\u00f3n. <\/p>\n\n<iframe src=\"https:\/\/www.google.com\/maps\/d\/u\/2\/embed?mid=1MAhIVwy2reztUcHUy5C5aFY-EbwY-xU&#038;ehbc=2E312F\" width=\"100%\" height=\"480\"><\/iframe>\n\n<p>Tambi\u00e9n te recomendamos explorar el lago de Garda y la magn\u00edfica <a href=\"https:\/\/www.pourquoi-pas-nous.com\/es\/verona-1-dia\/\" target=\"_blank\" data-type=\"post\" data-id=\"71058\" rel=\"noreferrer noopener\">ciudad de Verona<\/a>, para prolongar el ambiente de los grandes lagos de Italia despu\u00e9s de tu visita al lago de Como.<\/p>\n\n<p>Esta gu\u00eda es<strong> totalmente independiente<\/strong>, basada en nuestra propia experiencia. Visitamos la regi\u00f3n creando nuestro propio <strong>itinerario<\/strong> (tras leer numerosas fuentes) y seleccionando <strong>nuestras propias actividades<\/strong>. <\/p>\n\n<p>\u00a1Esperamos que tengas un <strong>gran viaje<\/strong>! No dudes en dejarnos una <strong>nota<\/strong> o <strong>5 estrellas<\/strong> abajo, para hacernos saber si est\u00e1s planeando este viaje, o para hacernos cualquier pregunta que puedas tener, aqu\u00ed o en <a href=\"https:\/\/www.instagram.com\/pourquoipasnous_voyage\/\" target=\"_blank\" rel=\"noreferrer noopener\">Instagram<\/a>. Estaremos encantados de responderte.  <\/p>\n<div style='text-align:right' class='yasr-auto-insert-visitor'><\/div>","protected":false},"excerpt":{"rendered":"<p>Fuera de temporada, el lago se revela sin las multitudes: pueblos tranquilos, luz invernal sobre las monta\u00f1as, bruma matinal flotando baja sobre el agua&#8230; Disfruta de los tranquilos panoramas, de los precios a menudo m\u00e1s bajos y del ambiente acogedor que lo cambia todo. \u00bfDeber\u00edas ir al Lago de Como en invierno? S\u00ed, claramente. En [&hellip;]<\/p>\n","protected":false},"author":2,"featured_media":49502,"comment_status":"open","ping_status":"closed","sticky":false,"template":"","format":"standard","meta":{"_acf_changed":false,"_wp_convertkit_post_meta":{"form":"-1","landing_page":"","tag":"0","restrict_content":"0"},"jetpack_post_was_ever_published":true,"yasr_overall_rating":0,"yasr_post_is_review":"","yasr_auto_insert_disabled":"","yasr_review_type":"","_jetpack_newsletter_access":"","_jetpack_dont_email_post_to_subs":false,"_jetpack_newsletter_tier_id":0,"_jetpack_memberships_contains_paywalled_content":false,"_jetpack_memberships_contains_paid_content":false,"footnotes":""},"categories":[163,202,203],"tags":[],"class_list":["post-49530","post","type-post","status-publish","format-standard","has-post-thumbnail","hentry","category-guias-de-viaje","category-italia","category-lago-de-como"],"acf":[],"_wp_attached_file":null,"_wp_attachment_image_alt":null,"rank_math_primary_category":"54","rank_math_title":"Qu\u00e9 hacer en el Lago de Como en invierno Consejos e informaci\u00f3n ","rank_math_description":"\u00bfSe pregunta si merece la pena visitar el Lago de Como en invierno? Averig\u00fce qu\u00e9 puede hacer y disfrute de este encantador paisaje. ","rank_math_focus_keyword":"lac-de-come-hiver","yasr_visitor_votes":{"stars_attributes":{"read_only":false,"span_bottom":false},"number_of_votes":6,"sum_votes":30},"jetpack_featured_media_url":"https:\/\/i0.wp.com\/www.pourquoi-pas-nous.com\/wp-content\/uploads\/2023\/12\/81544154_2769888636571868_7610686313414524928_n-jpg.webp?fit=960%2C720&ssl=1","jetpack_sharing_enabled":true,"_links":{"self":[{"href":"https:\/\/www.pourquoi-pas-nous.com\/es\/wp-json\/wp\/v2\/posts\/49530","targetHints":{"allow":["GET"]}}],"collection":[{"href":"https:\/\/www.pourquoi-pas-nous.com\/es\/wp-json\/wp\/v2\/posts"}],"about":[{"href":"https:\/\/www.pourquoi-pas-nous.com\/es\/wp-json\/wp\/v2\/types\/post"}],"author":[{"embeddable":true,"href":"https:\/\/www.pourquoi-pas-nous.com\/es\/wp-json\/wp\/v2\/users\/2"}],"replies":[{"embeddable":true,"href":"https:\/\/www.pourquoi-pas-nous.com\/es\/wp-json\/wp\/v2\/comments?post=49530"}],"version-history":[{"count":36,"href":"https:\/\/www.pourquoi-pas-nous.com\/es\/wp-json\/wp\/v2\/posts\/49530\/revisions"}],"predecessor-version":[{"id":79145,"href":"https:\/\/www.pourquoi-pas-nous.com\/es\/wp-json\/wp\/v2\/posts\/49530\/revisions\/79145"}],"wp:featuredmedia":[{"embeddable":true,"href":"https:\/\/www.pourquoi-pas-nous.com\/es\/wp-json\/wp\/v2\/media\/49502"}],"wp:attachment":[{"href":"https:\/\/www.pourquoi-pas-nous.com\/es\/wp-json\/wp\/v2\/media?parent=49530"}],"wp:term":[{"taxonomy":"category","embeddable":true,"href":"https:\/\/www.pourquoi-pas-nous.com\/es\/wp-json\/wp\/v2\/categories?post=49530"},{"taxonomy":"post_tag","embeddable":true,"href":"https:\/\/www.pourquoi-pas-nous.com\/es\/wp-json\/wp\/v2\/tags?post=49530"}],"curies":[{"name":"wp","href":"https:\/\/api.w.org\/{rel}","templated":true}]}}