{"id":70713,"date":"2025-11-19T20:41:14","date_gmt":"2025-11-19T18:41:14","guid":{"rendered":"https:\/\/www.pourquoi-pas-nous.com\/transport-palma-majorque-france\/"},"modified":"2026-01-19T16:46:11","modified_gmt":"2026-01-19T14:46:11","slug":"transport-palma-majorque-france","status":"publish","type":"post","link":"https:\/\/www.pourquoi-pas-nous.com\/es\/transport-palma-majorque-france\/","title":{"rendered":"C\u00f3mo llegar a Palma de Mallorca desde Francia: todas las opciones para preparar tu viaje"},"content":{"rendered":"\n<p>Estamos preparando las <strong>vacaciones de abril y los numerosos puentes de mayo<\/strong> y, como muchos de vosotros, buscamos un destino de f\u00e1cil acceso, soleado y perfecto para pasar unos d\u00edas de descanso.  <\/p>\n\n<figure class=\"wp-block-image size-large\"><img data-recalc-dims=\"1\" data-dominant-color=\"5a8888\" data-has-transparency=\"false\" style=\"--dominant-color: #5a8888;\" fetchpriority=\"high\" decoding=\"async\" width=\"800\" height=\"533\" src=\"https:\/\/i0.wp.com\/www.pourquoi-pas-nous.com\/wp-content\/uploads\/2025\/11\/p_nm4hiex8y.jpg?resize=800%2C533&#038;ssl=1\" alt=\"Palma de Mallorca\" class=\"wp-image-70693 not-transparent\" title=\"\" srcset=\"https:\/\/i0.wp.com\/www.pourquoi-pas-nous.com\/wp-content\/uploads\/2025\/11\/p_nm4hiex8y.jpg?resize=1200%2C800&amp;ssl=1 1200w, https:\/\/i0.wp.com\/www.pourquoi-pas-nous.com\/wp-content\/uploads\/2025\/11\/p_nm4hiex8y.jpg?resize=400%2C267&amp;ssl=1 400w, https:\/\/i0.wp.com\/www.pourquoi-pas-nous.com\/wp-content\/uploads\/2025\/11\/p_nm4hiex8y.jpg?w=1800&amp;ssl=1 1800w, https:\/\/i0.wp.com\/www.pourquoi-pas-nous.com\/wp-content\/uploads\/2025\/11\/p_nm4hiex8y.jpg?w=1600&amp;ssl=1 1600w\" sizes=\"(max-width: 800px) 100vw, 800px\" \/><\/figure>\n\n<p>Y <strong>Palma de Mallorca<\/strong> aparece inevitablemente muy r\u00e1pido en la lista. Es una de las islas m\u00e1s accesibles desde Francia, ya sea para un fin de semana largo, un viaje por carretera o incluso un primer descubrimiento de las Baleares. <\/p>\n\n<p>Como hemos pasado bastante tiempo mirando las distintas opciones, hemos tomado nota de todo y hemos elaborado una <strong>gu\u00eda completa<\/strong> sobre c\u00f3mo llegar a <strong>Palma de Mallorca<\/strong> desde Francia <strong>en avi\u00f3n y sin \u00e9l<\/strong>, con las ventajas, horarios y peque\u00f1os consejos.<\/p>\n\n<h2 class=\"wp-block-heading\">En avi\u00f3n: con vuelos directos<\/h2>\n\n<p>Como era de esperar, volar sigue siendo <strong>la forma m\u00e1s r\u00e1pida<\/strong> de llegar a Palma. Desde varias de las principales ciudades francesas, como Par\u00eds, Lyon, Marsella, Nantes, Niza, Toulouse y Montpellier, hay <strong>vuelos directos<\/strong> <strong>al aeropuerto de Palma de Mallorca (PMI<\/strong>). Se trata del \u00fanico aeropuerto internacional de la isla, situado a 9 km al este de Palma.  <\/p>\n\n<ul class=\"wp-block-list\">\n<li><strong>Desde Par\u00eds<\/strong>: aproximadamente de 2h a 2h20 de vuelo<\/li>\n\n\n\n<li><strong>Desde Lyon, Nantes, Marsella, Toulouse<\/strong>: a menudo entre 1h45 y 2h30<\/li>\n\n\n\n<li><strong>Desde Niza<\/strong>: alrededor de 1h30<\/li>\n<\/ul>\n\n<p>Los precios var\u00edan enormemente seg\u00fan la temporada, pero si reservas con antelaci\u00f3n, puedes encontrar regularmente billetes por unos 40-60 \u20ac por trayecto en <strong>compa\u00f1\u00edas de bajo coste<\/strong>, con una <strong>pieza de equipaje de cabina<\/strong>.  <\/p>\n\n<p>&#x27a1;&#xfe0f; He aqu\u00ed un peque\u00f1o consejo para ahorrar dinero en billetes durante los periodos vacacionales o los d\u00edas festivos: <strong>salir un d\u00eda antes o volver un d\u00eda despu\u00e9s<\/strong> suele dar lugar a impresionantes reducciones en las tarifas&#8230; aunque a veces suponga tomarse un d\u00eda m\u00e1s libre en el trabajo.<br\/><\/p>\n\n<figure class=\"wp-block-table\"><table class=\"has-fixed-layout\"><tbody><tr><td class=\"has-text-align-center\" data-align=\"center\"><strong>Beneficios  <\/strong><\/td><td class=\"has-text-align-center\" data-align=\"center\"><strong>Desventajas<\/strong><\/td><\/tr><tr><td class=\"has-text-align-center\" data-align=\"center\">R\u00e1pido, sencillo, perfecto para una estancia corta.<\/td><td class=\"has-text-align-center\" data-align=\"center\"><strong> <\/strong>Los precios pueden subir durante los d\u00edas festivos de mayo.<br\/>Los vuelos del viernes por la noche suelen ser los m\u00e1s caros.  <\/td><\/tr><\/tbody><\/table><\/figure>\n\n<figure class=\"wp-block-image size-full\"><img data-recalc-dims=\"1\" data-dominant-color=\"645f5a\" data-has-transparency=\"false\" style=\"--dominant-color: #645f5a;\" decoding=\"async\" width=\"800\" height=\"534\" src=\"https:\/\/i0.wp.com\/www.pourquoi-pas-nous.com\/wp-content\/uploads\/2025\/11\/f756a36e-599d-494f-aea4-020f4b9c3cc4.jpg?resize=800%2C534&#038;ssl=1\" alt=\"Palma de Mallorca\" class=\"wp-image-70695 not-transparent\" title=\"\" srcset=\"https:\/\/i0.wp.com\/www.pourquoi-pas-nous.com\/wp-content\/uploads\/2025\/11\/f756a36e-599d-494f-aea4-020f4b9c3cc4.jpg?w=1024&amp;ssl=1 1024w, https:\/\/i0.wp.com\/www.pourquoi-pas-nous.com\/wp-content\/uploads\/2025\/11\/f756a36e-599d-494f-aea4-020f4b9c3cc4.jpg?resize=400%2C267&amp;ssl=1 400w\" sizes=\"(max-width: 800px) 100vw, 800px\" \/><\/figure>\n\n<h2 class=\"wp-block-heading\">Coche + ferry: llegar a Palma de Mallorca sin volar<\/h2>\n\n<p>Tambi\u00e9n estamos considerando la opci\u00f3n de llevar nuestro <strong>coche equipado con una tienda de campa\u00f1a en el techo<\/strong>, as\u00ed que estamos estudiando seriamente la forma de viajar de esta manera.  <\/p>\n\n<p>Si, como nosotros, prefieres llevar tu propio veh\u00edculo o convertir el viaje en una excursi\u00f3n por carretera, la opci\u00f3n del ferry desde el sur de Francia funciona muy bien.  <\/p>\n\n<p>Nos encant\u00f3 coger transbordadores con nuestra autocaravana durante nuestro <a href=\"https:\/\/www.pourquoi-pas-nous.com\/es\/europa-camping-coche\/\" data-type=\"post\" data-id=\"10931\">recorrido por el sur de Europa<\/a> y nuestro <a href=\"https:\/\/www.pourquoi-pas-nous.com\/es\/road-trip-escandinavia\/\" data-type=\"post\" data-id=\"27431\">viaje por carretera en Escandinavia<\/a>. Es una forma de viajar que ofrece una enorme libertad, es muy f\u00e1cil con ni\u00f1os y, a veces, incluso puede ser m\u00e1s econ\u00f3mica que otras opciones.<br\/><br\/><\/p>\n\n<p><strong>Posibles puertos de salida (los precios son similares):<\/strong><\/p>\n\n<ul class=\"wp-block-list\">\n<li><strong>Tol\u00f3n \u2192 Alc\u00fadia<\/strong> (norte de Mallorca)<\/li>\n\n\n\n<li><strong>S\u00e8te \u2192 Palma o Alc\u00fadia<\/strong><\/li>\n<\/ul>\n\n<p>Las traves\u00edas duran entre <strong>10 y 20 horas<\/strong>, seg\u00fan la compa\u00f1\u00eda y el horario.<br\/><\/p>\n\n<p>Perfecto si te gusta la idea de viajar \u00abdespacio\u00bb, con una noche corta en el camarote y la sensaci\u00f3n de despertarte con un verdadero cambio de aires al llegar a <a href=\"https:\/\/www.portsdebalears.com\/es\/palma\" target=\"_blank\" data-type=\"link\" data-id=\"https:\/\/www.portsdebalears.com\/es\/palma\" rel=\"noreferrer noopener\">puerto<\/a>.<\/p>\n\n<p>&#x27a1;&#xfe0f; Para 2 adultos, 2 ni\u00f1os + 1 coche: unos 200 euros por trayecto. Tambi\u00e9n tienes que a\u00f1adir el coste del viaje a Sete o Toulon, por ejemplo para nosotros desde <a href=\"https:\/\/www.pourquoi-pas-nous.com\/es\/ile-oleron\/\" data-type=\"link\" data-id=\"https:\/\/www.pourquoi-pas-nous.com\/ile-oleron\/\">la isla de Ol\u00e9ron<\/a> son unos 100 \u20ac por trayecto (gasolina + peaje).   <\/p>\n\n<figure class=\"wp-block-table\"><table class=\"has-fixed-layout\"><tbody><tr><td class=\"has-text-align-center\" data-align=\"center\"><strong>Beneficios  <\/strong><\/td><td class=\"has-text-align-center\" data-align=\"center\"><strong>Desventajas  <\/strong><\/td><\/tr><tr><td class=\"has-text-align-center\" data-align=\"center\">Ideal para familias<br\/>sin l\u00edmite de equipaje<br\/>libertad total una vez en la isla<\/td><td class=\"has-text-align-center\" data-align=\"center\">m\u00e1s largo<br\/>a veces m\u00e1s caro si coges un camarote<br\/><\/td><\/tr><\/tbody><\/table><\/figure>\n\n<figure class=\"wp-block-image size-full\"><img data-recalc-dims=\"1\" data-dominant-color=\"706b58\" data-has-transparency=\"false\" style=\"--dominant-color: #706b58;\" decoding=\"async\" width=\"800\" height=\"534\" src=\"https:\/\/i0.wp.com\/www.pourquoi-pas-nous.com\/wp-content\/uploads\/2025\/11\/88ffb857-b5f0-403d-9cef-371669138f25.jpg?resize=800%2C534&#038;ssl=1\" alt=\"Palma de Mallorca\" class=\"wp-image-70694 not-transparent\" title=\"\" srcset=\"https:\/\/i0.wp.com\/www.pourquoi-pas-nous.com\/wp-content\/uploads\/2025\/11\/88ffb857-b5f0-403d-9cef-371669138f25.jpg?w=1023&amp;ssl=1 1023w, https:\/\/i0.wp.com\/www.pourquoi-pas-nous.com\/wp-content\/uploads\/2025\/11\/88ffb857-b5f0-403d-9cef-371669138f25.jpg?resize=400%2C267&amp;ssl=1 400w\" sizes=\"(max-width: 800px) 100vw, 800px\" \/><\/figure>\n\n<h2 class=\"wp-block-heading\">Un crucero: una forma original de llegar a Palma<\/h2>\n\n<p>Puede que no pienses en ello, pero muchos cruceros por el Mediterr\u00e1neo incluyen Palma en su itinerario, y puede ser una forma estupenda de <strong>mezclar viaje + descubrimiento + relajaci\u00f3n<\/strong>. Como extra, llegar\u00e1s directamente al puerto de Palma, con una incre\u00edble vista de la catedral sobre la bah\u00eda. <\/p>\n\n<p>Y para los que quieren mantener su presupuesto bajo control mientras disfrutan de la comodidad de un gran barco, debes saber que <strong><a href=\"https:\/\/www.croisieres.com\/compagnie\/costa-croisieres\" target=\"_blank\" rel=\"noreferrer noopener\">costa croisi\u00e8res ofrece una amplia gama de precios<\/a><\/strong>especialmente en primavera. Es una opci\u00f3n interesante para combinar varios puertos de escala mediterr\u00e1neos, mientras disfrutas de unos hermosos d\u00edas en Palma.<\/p>\n\n<figure class=\"wp-block-table\"><table class=\"has-fixed-layout\"><tbody><tr><td class=\"has-text-align-center\" data-align=\"center\"><strong>Beneficios  <\/strong><\/td><td class=\"has-text-align-center\" data-align=\"center\"><strong>Desventajas  <\/strong><\/td><\/tr><tr><td class=\"has-text-align-center\" data-align=\"center\">haz la maleta una vez<br\/>puestas de sol sobre el Mediterr\u00e1neo<br\/>actividades para todos<\/td><td class=\"has-text-align-center\" data-align=\"center\">menos libertad que en unas vacaciones tradicionales<br\/>escalas a veces cortas<\/td><\/tr><\/tbody><\/table><\/figure>\n\n<figure class=\"wp-block-image size-large\"><img data-recalc-dims=\"1\" data-dominant-color=\"6995a8\" data-has-transparency=\"false\" style=\"--dominant-color: #6995a8;\" loading=\"lazy\" decoding=\"async\" width=\"800\" height=\"533\" src=\"https:\/\/i0.wp.com\/www.pourquoi-pas-nous.com\/wp-content\/uploads\/2025\/05\/4607185.jpg?resize=800%2C533&#038;ssl=1\" alt=\"barco de crucero\" class=\"wp-image-66942 not-transparent\" title=\"\" srcset=\"https:\/\/i0.wp.com\/www.pourquoi-pas-nous.com\/wp-content\/uploads\/2025\/05\/4607185.jpg?resize=1200%2C800&amp;ssl=1 1200w, https:\/\/i0.wp.com\/www.pourquoi-pas-nous.com\/wp-content\/uploads\/2025\/05\/4607185.jpg?resize=400%2C267&amp;ssl=1 400w, https:\/\/i0.wp.com\/www.pourquoi-pas-nous.com\/wp-content\/uploads\/2025\/05\/4607185.jpg?w=1280&amp;ssl=1 1280w\" sizes=\"(max-width: 800px) 100vw, 800px\" \/><\/figure>\n\n<h2 class=\"wp-block-heading\">Consejos pr\u00e1cticos antes de salir hacia Palma<\/h2>\n\n<p>Tanto si vas en avi\u00f3n, ferry o crucero, aqu\u00ed tienes algunas cosas que debes tener en cuenta:<\/p>\n\n<ul class=\"wp-block-list\">\n<li><strong>Documentos<\/strong>: documento de identidad v\u00e1lido = suficiente<\/li>\n\n\n\n<li><strong>Transporte local<\/strong>: autobuses y taxis f\u00e1ciles desde el puerto y el aeropuerto<\/li>\n\n\n\n<li><strong>Presupuesto<\/strong>: Palma puede ser m\u00e1s cara en temporada alta, especialmente el alojamiento<\/li>\n\n\n\n<li><strong>Actividades<\/strong>: algunas de ellas se agotan muy r\u00e1pidamente en temporada alta, por lo que es mejor reservarlas con antelaci\u00f3n en plataformas como <a href=\"https:\/\/gyg.me\/5y8aujaJ\" data-type=\"link\" data-id=\"https:\/\/gyg.me\/5y8aujaJ\" target=\"_blank\" rel=\"noreferrer noopener\">GetYourGuide<\/a>, sobre todo las visitas a catedrales, para no tener que preocuparte una vez all\u00ed.<\/li>\n<\/ul>\n\n<p>Nos encanta visitar islas, por supuesto, nosotros mismos vivimos en una todo el a\u00f1o, as\u00ed que en cuanto podemos cruzar en ferry, vamos a por ello. As\u00ed descubrimos lugares incre\u00edbles como la isla Senja y las <a href=\"https:\/\/www.pourquoi-pas-nous.com\/es\/?p=58392\" data-type=\"link\" data-id=\"https:\/\/www.pourquoi-pas-nous.com\/visiter-iles-lofoten\/\" target=\"_blank\" rel=\"noreferrer noopener\">islas Lofoten<\/a>, dos de nuestras favoritas durante nuestro road trip escandinavo. <br\/><br\/><\/p>\n\n<p><\/p>\n<div style='text-align:right' class='yasr-auto-insert-visitor'><\/div>","protected":false},"excerpt":{"rendered":"<p>Estamos preparando las vacaciones de abril y los numerosos puentes de mayo y, como muchos de vosotros, buscamos un destino de f\u00e1cil acceso, soleado y perfecto para pasar unos d\u00edas de descanso. Y Palma de Mallorca aparece inevitablemente muy r\u00e1pido en la lista. Es una de las islas m\u00e1s accesibles desde Francia, ya sea para [&hellip;]<\/p>\n","protected":false},"author":2,"featured_media":70714,"comment_status":"open","ping_status":"closed","sticky":false,"template":"","format":"standard","meta":{"_acf_changed":false,"_wp_convertkit_post_meta":{"form":"-1","landing_page":"","tag":"0","restrict_content":"0"},"jetpack_post_was_ever_published":true,"yasr_overall_rating":0,"yasr_post_is_review":"","yasr_auto_insert_disabled":"","yasr_review_type":"","_jetpack_newsletter_access":"","_jetpack_dont_email_post_to_subs":false,"_jetpack_newsletter_tier_id":0,"_jetpack_memberships_contains_paywalled_content":false,"_jetpack_memberships_contains_paid_content":false,"footnotes":""},"categories":[193,163],"tags":[],"class_list":["post-70713","post","type-post","status-publish","format-standard","has-post-thumbnail","hentry","category-espana","category-guias-de-viaje"],"acf":[],"_wp_attached_file":null,"_wp_attachment_image_alt":null,"rank_math_primary_category":"118","rank_math_title":"\u00bfC\u00f3mo llegar a Palma de Mallorca desde Francia?","rank_math_description":null,"rank_math_focus_keyword":null,"yasr_visitor_votes":{"stars_attributes":{"read_only":false,"span_bottom":false},"number_of_votes":0,"sum_votes":0},"jetpack_featured_media_url":"https:\/\/i0.wp.com\/www.pourquoi-pas-nous.com\/wp-content\/uploads\/2025\/11\/p_nm4hiex8y.jpg?fit=1800%2C1200&ssl=1","jetpack_sharing_enabled":true,"_links":{"self":[{"href":"https:\/\/www.pourquoi-pas-nous.com\/es\/wp-json\/wp\/v2\/posts\/70713","targetHints":{"allow":["GET"]}}],"collection":[{"href":"https:\/\/www.pourquoi-pas-nous.com\/es\/wp-json\/wp\/v2\/posts"}],"about":[{"href":"https:\/\/www.pourquoi-pas-nous.com\/es\/wp-json\/wp\/v2\/types\/post"}],"author":[{"embeddable":true,"href":"https:\/\/www.pourquoi-pas-nous.com\/es\/wp-json\/wp\/v2\/users\/2"}],"replies":[{"embeddable":true,"href":"https:\/\/www.pourquoi-pas-nous.com\/es\/wp-json\/wp\/v2\/comments?post=70713"}],"version-history":[{"count":5,"href":"https:\/\/www.pourquoi-pas-nous.com\/es\/wp-json\/wp\/v2\/posts\/70713\/revisions"}],"predecessor-version":[{"id":76821,"href":"https:\/\/www.pourquoi-pas-nous.com\/es\/wp-json\/wp\/v2\/posts\/70713\/revisions\/76821"}],"wp:featuredmedia":[{"embeddable":true,"href":"https:\/\/www.pourquoi-pas-nous.com\/es\/wp-json\/wp\/v2\/media\/70714"}],"wp:attachment":[{"href":"https:\/\/www.pourquoi-pas-nous.com\/es\/wp-json\/wp\/v2\/media?parent=70713"}],"wp:term":[{"taxonomy":"category","embeddable":true,"href":"https:\/\/www.pourquoi-pas-nous.com\/es\/wp-json\/wp\/v2\/categories?post=70713"},{"taxonomy":"post_tag","embeddable":true,"href":"https:\/\/www.pourquoi-pas-nous.com\/es\/wp-json\/wp\/v2\/tags?post=70713"}],"curies":[{"name":"wp","href":"https:\/\/api.w.org\/{rel}","templated":true}]}}