{"id":73296,"date":"2025-12-09T12:31:45","date_gmt":"2025-12-09T10:31:45","guid":{"rendered":"https:\/\/www.pourquoi-pas-nous.com\/verone-1-jour\/"},"modified":"2026-01-09T12:18:34","modified_gmt":"2026-01-09T10:18:34","slug":"verona-1-dia","status":"publish","type":"post","link":"https:\/\/www.pourquoi-pas-nous.com\/es\/verona-1-dia\/","title":{"rendered":"Visita Verona en 1 d\u00eda: nuestra gu\u00eda completa"},"content":{"rendered":"\n<p>Como sabes, nos encanta esta parte de Italia, as\u00ed que despu\u00e9s <a href=\"https:\/\/www.pourquoi-pas-nous.com\/es\/visite-lac-come\/\" target=\"_blank\" data-type=\"post\" data-id=\"2492\" rel=\"noreferrer noopener\">del lago Como<\/a>, decidimos explorar el lago Garda y a\u00f1adir <strong>Verona<\/strong>, la famosa ciudad de los enamorados, a nuestro itinerario.<\/p>\n\n<figure class=\"wp-block-image size-large\"><img data-recalc-dims=\"1\" data-dominant-color=\"8c7d6f\" data-has-transparency=\"false\" style=\"--dominant-color: #8c7d6f;\" fetchpriority=\"high\" decoding=\"async\" width=\"800\" height=\"533\" src=\"https:\/\/i0.wp.com\/www.pourquoi-pas-nous.com\/wp-content\/uploads\/2025\/12\/xthji7-tfws.jpg?resize=800%2C533&#038;ssl=1\" alt=\"Verone\" class=\"wp-image-73282 not-transparent\" title=\"\" srcset=\"https:\/\/i0.wp.com\/www.pourquoi-pas-nous.com\/wp-content\/uploads\/2025\/12\/xthji7-tfws.jpg?resize=1200%2C800&amp;ssl=1 1200w, https:\/\/i0.wp.com\/www.pourquoi-pas-nous.com\/wp-content\/uploads\/2025\/12\/xthji7-tfws.jpg?resize=400%2C267&amp;ssl=1 400w, https:\/\/i0.wp.com\/www.pourquoi-pas-nous.com\/wp-content\/uploads\/2025\/12\/xthji7-tfws.jpg?w=1800&amp;ssl=1 1800w, https:\/\/i0.wp.com\/www.pourquoi-pas-nous.com\/wp-content\/uploads\/2025\/12\/xthji7-tfws.jpg?w=1600&amp;ssl=1 1600w\" sizes=\"(max-width: 800px) 100vw, 800px\" \/><\/figure>\n\n<p>Este intenso y ajetreado d\u00eda nos sumergi\u00f3 en una ciudad donde<strong>la historia romana<\/strong> se mezcla con las tradiciones <strong>venecianas<\/strong>.  <\/p>\n\n<p>Si t\u00fa tambi\u00e9n est\u00e1s planeando un <strong>viaje urbano a Verona<\/strong>, este itinerario te ayudar\u00e1 a planificar tu d\u00eda.<\/p>\n\n<h2 class=\"wp-block-heading\">Itinerario para visitar Verona a pie en 1 d\u00eda<br\/><\/h2>\n\n<div class=\"wp-block-group fiche-lieu has-background is-layout-constrained wp-block-group-is-layout-constrained\" style=\"background-color:#7ba0982e\">\n<p class=\"has-text-align-center is-style-default has-white-color has-text-color has-background has-link-color has-medium-font-size wp-elements-65854ec2bddf77c7c4c3e3f91f982dfd\" style=\"background-color:#7ba098\"><strong>Lista de cosas que hacer<\/strong><\/p>\n\n\n\n<div class=\"wp-block-group has-custom-fond-background-color has-background is-vertical is-layout-flex wp-container-core-group-is-layout-73aff06f wp-block-group-is-layout-flex\" style=\"border-style:none;border-width:0px;margin-top:0px;margin-bottom:0px;padding-top:var(--wp--preset--spacing--10);padding-right:var(--wp--preset--spacing--10);padding-bottom:var(--wp--preset--spacing--10);padding-left:var(--wp--preset--spacing--10)\">\n<div class=\"wp-block-columns is-layout-flex wp-container-core-columns-is-layout-8d88fe0f wp-block-columns-is-layout-flex\" style=\"border-right-style:none;border-right-width:0px;border-bottom-style:none;border-bottom-width:0px;border-left-style:none;border-left-width:0px;padding-top:var(--wp--preset--spacing--20);padding-bottom:var(--wp--preset--spacing--20)\">\n<div class=\"wp-block-column is-layout-flow wp-block-column-is-layout-flow\" style=\"flex-basis:150px\">\n<p class=\"has-text-align-center has-medium-font-size\"><strong>No te lo pierdas<\/strong><\/p>\n<\/div>\n\n\n\n<div class=\"wp-block-column is-layout-flow wp-block-column-is-layout-flow\" style=\"flex-basis:100%\">\n<ul class=\"wp-block-list\">\n<li>Arena de Verona<\/li>\n\n\n\n<li>Casa de Juliette + balc\u00f3n<\/li>\n\n\n\n<li>Duomo de Verona<\/li>\n\n\n\n<li>Torre dei Lamberti<\/li>\n\n\n\n<li>Ponte Pietra<\/li>\n\n\n\n<li>Castillo de San Pedro<\/li>\n<\/ul>\n<\/div>\n<\/div>\n\n\n\n<div class=\"wp-block-columns is-layout-flex wp-container-core-columns-is-layout-8d88fe0f wp-block-columns-is-layout-flex\" style=\"border-top-color:var(--wp--preset--color--custom-bleu-fonc);border-top-style:dotted;border-top-width:1px;padding-top:var(--wp--preset--spacing--20);padding-bottom:var(--wp--preset--spacing--20)\">\n<div class=\"wp-block-column is-layout-flow wp-block-column-is-layout-flow\" style=\"flex-basis:150px\">\n<p class=\"has-text-align-center has-medium-font-size\"><strong>Buen plan<\/strong><\/p>\n<\/div>\n\n\n\n<div class=\"wp-block-column is-layout-flow wp-block-column-is-layout-flow\" style=\"flex-basis:100%\">\n<p>El pase de la ciudad <strong>incluye<\/strong> los principales lugares de inter\u00e9s de forma gratuita + transporte p\u00fablico.<\/p>\n\n\n\n<p><strong>&#x1f39f;&#xfe0f;<\/strong> <a href=\"https:\/\/www.getyourguide.fr\/verone-l389\/verone-city-card-avec-entree-prioritaire-aux-arenes-t67200\/?partner_id=0LXQSML&amp;utm_medium=online_publisher&amp;cmp=verone\" target=\"_blank\" data-type=\"link\" data-id=\"https:\/\/www.getyourguide.fr\/verone-l389\/verone-city-card-avec-entree-prioritaire-aux-arenes-t67200\/?partner_id=0LXQSML&amp;utm_medium=online_publisher&amp;cmp=verone\" rel=\"noreferrer noopener\"><em>Enlace de reserva del City pass<\/em><\/a><\/p>\n\n\n\n<div data-gyg-href=\"https:\/\/widget.getyourguide.com\/default\/availability.frame\" data-gyg-tour-id=\"67200\" data-gyg-locale-code=\"fr-FR\" data-gyg-currency=\"EUR\" data-gyg-widget=\"availability\" data-gyg-variant=\"horizontal\" data-gyg-partner-id=\"0LXQSML\" data-gyg-cmp=\"verone\"><\/div>\n\n\n\n<p><\/p>\n<\/div>\n<\/div>\n\n\n\n<div class=\"wp-block-columns is-layout-flex wp-container-core-columns-is-layout-8d88fe0f wp-block-columns-is-layout-flex\" style=\"border-top-color:var(--wp--preset--color--custom-bleu-fonc);border-top-style:dotted;border-top-width:1px;padding-top:var(--wp--preset--spacing--20);padding-bottom:var(--wp--preset--spacing--20)\">\n<div class=\"wp-block-column is-layout-flow wp-block-column-is-layout-flow\" style=\"flex-basis:150px\">\n<p class=\"has-text-align-center has-medium-font-size\"><strong>Hotel<\/strong><\/p>\n<\/div>\n\n\n\n<div class=\"wp-block-column is-layout-flow wp-block-column-is-layout-flow\" style=\"flex-basis:100%\">\n<p>Buena relaci\u00f3n calidad-precio en pleno centro: <em> <a href=\"https:\/\/www.booking.com\/hotel\/it\/giuliettaeromeoverona.fr.html?aid=1529171&amp;no_rooms=1&amp;group_adults=2\" target=\"_blank\" rel=\"noopener\">info y reservas Hotel Giulietta e Romeo<\/a><\/em><\/p>\n<\/div>\n<\/div>\n<\/div>\n<\/div>\n\n<h3 class=\"wp-block-heading\"><strong>Ma\u00f1ana: Plaza Bra, Arena de Verona y casa de Julieta<\/strong><\/h3>\n\n<p>&#x1f4cd; Llega pronto a <strong>la Plaza Bra<\/strong> para disfrutar de la luz de la ma\u00f1ana y de la tranquilidad, ya que obviamente es una plaza muy tur\u00edstica. La plaza es amplia, colorida, animada y, sobre todo, al final tendr\u00e1s frente a ti el anfiteatro romano. Construido en el siglo I d.C., es uno de los anfiteatros romanos mejor conservados del mundo y forma parte <a href=\"https:\/\/whc.unesco.org\/fr\/list\/797\/\" target=\"_blank\" data-type=\"link\" data-id=\"https:\/\/whc.unesco.org\/fr\/list\/797\/\" rel=\"noreferrer noopener\">del centro hist\u00f3rico de Verona<\/a>, declarado<strong> Patrimonio de la Humanidad <\/strong>por la UNESCO.<\/p>\n\n<p><em>Si te fascinan este tipo de reliquias, tambi\u00e9n puedes descubrir <a href=\"https:\/\/www.pourquoi-pas-nous.com\/es\/visite-pompei\/\" data-type=\"post\" data-id=\"4107\" target=\"_blank\" rel=\"noreferrer noopener\">Pompeya<\/a>, cerca de <a href=\"https:\/\/www.pourquoi-pas-nous.com\/es\/napoles-1dia\/\" target=\"_blank\" data-type=\"post\" data-id=\"10299\" rel=\"noreferrer noopener\">N\u00e1poles<\/a>, y explorar uno de los yacimientos antiguos m\u00e1s impresionantes de Italia.<\/em><\/p>\n\n<p><strong>Las Arenas <\/strong>: obviamente, \u00e9ste es el lugar de visita obligada. Las gradas ofrecen una magn\u00edfica vista de la ciudad y de la estructura de este anfiteatro de casi 2.000 a\u00f1os de antig\u00fcedad.   <em>(precio completo 10 \u20ac &#8211; visita de 1 hora)<\/em><\/p>\n\n<p><strong>&#x1f39f;&#xfe0f; Consejo: con la Tarjeta Ciudad de Verona, puedes entrar en la ciudad por la cola prioritaria<\/strong>.<\/p>\n\n<figure class=\"wp-block-image size-large\"><img data-recalc-dims=\"1\" data-dominant-color=\"636563\" data-has-transparency=\"false\" style=\"--dominant-color: #636563;\" decoding=\"async\" width=\"800\" height=\"450\" src=\"https:\/\/i0.wp.com\/www.pourquoi-pas-nous.com\/wp-content\/uploads\/2025\/12\/l1duljx8rc.jpg?resize=800%2C450&#038;ssl=1\" alt=\"Verone\" class=\"wp-image-73290 not-transparent\" title=\"\" srcset=\"https:\/\/i0.wp.com\/www.pourquoi-pas-nous.com\/wp-content\/uploads\/2025\/12\/l1duljx8rc.jpg?resize=1200%2C675&amp;ssl=1 1200w, https:\/\/i0.wp.com\/www.pourquoi-pas-nous.com\/wp-content\/uploads\/2025\/12\/l1duljx8rc.jpg?resize=400%2C225&amp;ssl=1 400w, https:\/\/i0.wp.com\/www.pourquoi-pas-nous.com\/wp-content\/uploads\/2025\/12\/l1duljx8rc.jpg?w=2000&amp;ssl=1 2000w, https:\/\/i0.wp.com\/www.pourquoi-pas-nous.com\/wp-content\/uploads\/2025\/12\/l1duljx8rc.jpg?w=1600&amp;ssl=1 1600w\" sizes=\"(max-width: 800px) 100vw, 800px\" \/><\/figure>\n\n<p>&#x1f6b6;&#x200d;&#x2640;&#xfe0f; <strong>Explora las calles medievales<\/strong> a las afueras de la Arena. Las coloridas fachadas y las peque\u00f1as tiendas crean un ambiente t\u00edpicamente italiano. Luego dir\u00edgete a Via Mazzini, la calle comercial m\u00e1s conocida.  <\/p>\n\n<p>Para <strong>tomar un caf\u00e9<\/strong>, evita las terrazas de la Plaza Bra, donde los precios suben r\u00e1pidamente, y ve en su lugar al <strong>Bar San Nicol\u00f2<\/strong>: sencillo, aut\u00e9ntico y frecuentado casi exclusivamente por lugare\u00f1os.<\/p>\n\n<p>&#x2764;&#xfe0f; <strong>Casa de<\/strong> <strong>Julieta<\/strong>: para llegar, cruza un estrecho pasadizo y entra en el famoso patio de <strong>la Casa de Julieta<\/strong>, famoso por el balc\u00f3n asociado a la escena de <a href=\"https:\/\/fr.wikisource.org\/wiki\/Rom%C3%A9o_et_Juliette_(trad._Hugo)\" target=\"_blank\" data-type=\"link\" data-id=\"https:\/\/fr.wikisource.org\/wiki\/Rom%C3%A9o_et_Juliette_(trad._Hugo)\" rel=\"noreferrer noopener\">Romeo y Julieta de Shakespeare<\/a>. Es tur\u00edstico, s\u00ed&#8230; pero es una de las visitas obligadas de la ciudad.  <em>(entrada gratuita al patio)<\/em><\/p>\n\n<p>Por supuesto<strong>, puedes visitar el balc\u00f3n <\/strong>: aunque su historia sea m\u00e1s simb\u00f3lica que aut\u00e9ntica, sigue siendo un lugar impregnado de romanticismo.<em> (incluido en la tarjeta de la ciudad de Verona &#8211; precio completo 12 euros &#8211; visita de 45 minutos al balc\u00f3n + museo)<\/em><\/p>\n\n<p><strong>&#x1f4a1; Consejo<\/strong>: visita el interior de <strong>la Casa de Juliette<\/strong> y accede al balc\u00f3n durante la pausa para comer, suele haber menos gente entonces.<\/p>\n\n<blockquote class=\"wp-block-quote has-text-align-center is-layout-flow wp-block-quote-is-layout-flow\">\n<p>&#x1f6b6;&#x200d;&#x2642;&#xfe0f; Para ahorrar tiempo, te recomendamos esta <a href=\"https:\/\/www.getyourguide.fr\/verone-l389\/verone-visite-a-pied-privee-des-points-forts-et-des-joyaux-caches-t623182\/?partner_id=0LXQSML&amp;utm_medium=online_publisher&amp;cmp=verone\" data-type=\"link\" data-id=\"https:\/\/www.getyourguide.fr\/verone-l389\/verone-visite-a-pied-privee-des-points-forts-et-des-joyaux-caches-t623182\/?partner_id=0LXQSML&amp;utm_medium=online_publisher&amp;cmp=verone\" target=\"_blank\" rel=\"noreferrer noopener\">visita guiada en franc\u00e9s info y reserva aqu\u00ed<\/a><\/p>\n<\/blockquote>\n\n<div data-gyg-href=\"https:\/\/widget.getyourguide.com\/default\/availability.frame\" data-gyg-tour-id=\"623182\" data-gyg-locale-code=\"fr-FR\" data-gyg-currency=\"EUR\" data-gyg-widget=\"availability\" data-gyg-variant=\"horizontal\" data-gyg-partner-id=\"0LXQSML\" data-gyg-cmp=\"verone\"><\/div>\n\n<p><strong>Comida en el centro<\/strong><\/p>\n\n<p>Dir\u00edgete a <a href=\"https:\/\/www.tavernadiviastella.com\/\" target=\"_blank\" data-type=\"link\" data-id=\"https:\/\/www.tavernadiviastella.com\/\" rel=\"noreferrer noopener\">La Taverna di Via Stella<\/a>, justo al lado, una direcci\u00f3n estupenda con sabrosa cocina local (pasta casera), productos frescos y un ambiente t\u00edpicamente italiano.<\/p>\n\n<figure class=\"wp-block-image size-full\"><img data-recalc-dims=\"1\" data-dominant-color=\"7f7c70\" data-has-transparency=\"false\" style=\"--dominant-color: #7f7c70;\" decoding=\"async\" width=\"800\" height=\"600\" src=\"https:\/\/i0.wp.com\/www.pourquoi-pas-nous.com\/wp-content\/uploads\/2025\/12\/1ef30be2-13ec-4f07-9f8c-992675584a38.jpg?resize=800%2C600&#038;ssl=1\" alt=\"Verone\" class=\"wp-image-73289 not-transparent\" title=\"\" srcset=\"https:\/\/i0.wp.com\/www.pourquoi-pas-nous.com\/wp-content\/uploads\/2025\/12\/1ef30be2-13ec-4f07-9f8c-992675584a38.jpg?w=1024&amp;ssl=1 1024w, https:\/\/i0.wp.com\/www.pourquoi-pas-nous.com\/wp-content\/uploads\/2025\/12\/1ef30be2-13ec-4f07-9f8c-992675584a38.jpg?resize=400%2C300&amp;ssl=1 400w\" sizes=\"(max-width: 800px) 100vw, 800px\" \/><\/figure>\n\n<h3 class=\"wp-block-heading\">Tarde: Piazza delle Erbe y Torre dei Lamberti<\/h3>\n\n<p>Otra visita obligada es <strong>la Piazza delle Erbe<\/strong>, rodeada de magn\u00edficos palacios medievales y renacentistas, como <strong>la Casa Mazzanti<\/strong>, con sus coloridos frescos, y la <strong>Torre del Gardello<\/strong>, que domina la plaza. En el centro, encontrar\u00e1s la <strong>fuente de la Madonna Verona<\/strong>, uno de los s\u00edmbolos de la ciudad. <\/p>\n\n<p>&#x1f3f0; <strong>Torre dei Lamberti <\/strong>: sube las escaleras o coge el ascensor. La vista de 360\u00b0 es espl\u00e9ndida: tejados rojos, calles estrechas, catedrales, curvas del Adigio&#8230; un momento culminante del d\u00eda<em>(incluido en la tarjeta de la ciudad de Verona &#8211; precio completo 6 \u20ac)<\/em> <\/p>\n\n<p>&#x26ea; Llega hasta <strong>el Duomo de Verona<\/strong> (Catedral de Santa Mar\u00eda Matricolare de Verona) el interior es magn\u00edfico, entre m\u00e1rmol policromado, grandes arcos y ambiente tranquilo. <em>(incluido en la tarjeta de la ciudad de Verona &#8211; precio completo 5 \u20ac &#8211; de 20 a 30 minutos)<\/em><\/p>\n\n<p>Luego cruza el <strong>Ponte Pietra<\/strong>, <strong>el puente m\u00e1s antiguo de Verona<\/strong>. La vista sobre el r\u00edo es magn\u00edfica, sobre todo cuando la luz se refleja en las fachadas de colores pastel. <\/p>\n\n<figure class=\"wp-block-image size-large\"><img data-recalc-dims=\"1\" data-dominant-color=\"918876\" data-has-transparency=\"false\" style=\"--dominant-color: #918876;\" loading=\"lazy\" decoding=\"async\" width=\"800\" height=\"511\" src=\"https:\/\/i0.wp.com\/www.pourquoi-pas-nous.com\/wp-content\/uploads\/2025\/12\/q6edieb1gby.jpg?resize=800%2C511&#038;ssl=1\" alt=\"Verone\" class=\"wp-image-73291 not-transparent\" title=\"\" srcset=\"https:\/\/i0.wp.com\/www.pourquoi-pas-nous.com\/wp-content\/uploads\/2025\/12\/q6edieb1gby.jpg?resize=1200%2C766&amp;ssl=1 1200w, https:\/\/i0.wp.com\/www.pourquoi-pas-nous.com\/wp-content\/uploads\/2025\/12\/q6edieb1gby.jpg?resize=400%2C255&amp;ssl=1 400w, https:\/\/i0.wp.com\/www.pourquoi-pas-nous.com\/wp-content\/uploads\/2025\/12\/q6edieb1gby.jpg?w=1879&amp;ssl=1 1879w, https:\/\/i0.wp.com\/www.pourquoi-pas-nous.com\/wp-content\/uploads\/2025\/12\/q6edieb1gby.jpg?w=1600&amp;ssl=1 1600w\" sizes=\"(max-width: 800px) 100vw, 800px\" \/><\/figure>\n\n<p>&#x1f6a1; Sube <strong>al Castillo de San Pietro<\/strong> Coge el funicular o sube a pie si te gustan las escaleras deportivas.<\/p>\n\n<p>Desde lo alto, tendr\u00e1s una vista incre\u00edble de la ciudad.<\/p>\n\n<p>Por \u00faltimo, baja al <strong>Teatro Romano<\/strong>, un lugar m\u00e1s \u00edntimo que la Arena, que resulta muy agradable de visitar.<br\/>El peque\u00f1o museo que hay justo encima contiene varios objetos arqueol\u00f3gicos interesantes. <em>(incluido en la tarjeta Verona &#8211; precio completo 5 \u20ac &#8211; 30 minutos)<\/em><\/p>\n\n<figure class=\"wp-block-image size-full\"><img data-recalc-dims=\"1\" data-dominant-color=\"6a5646\" data-has-transparency=\"false\" style=\"--dominant-color: #6a5646;\" loading=\"lazy\" decoding=\"async\" width=\"800\" height=\"534\" src=\"https:\/\/i0.wp.com\/www.pourquoi-pas-nous.com\/wp-content\/uploads\/2025\/12\/c7c64555-1cf0-426e-851e-17d60ef4aae7.jpg?resize=800%2C534&#038;ssl=1\" alt=\"Verone\" class=\"wp-image-73288 not-transparent\" title=\"\" srcset=\"https:\/\/i0.wp.com\/www.pourquoi-pas-nous.com\/wp-content\/uploads\/2025\/12\/c7c64555-1cf0-426e-851e-17d60ef4aae7.jpg?w=1024&amp;ssl=1 1024w, https:\/\/i0.wp.com\/www.pourquoi-pas-nous.com\/wp-content\/uploads\/2025\/12\/c7c64555-1cf0-426e-851e-17d60ef4aae7.jpg?resize=400%2C267&amp;ssl=1 400w\" sizes=\"(max-width: 800px) 100vw, 800px\" \/><\/figure>\n\n<h2 class=\"wp-block-heading\">Informaci\u00f3n pr\u00e1ctica para organizar una jornada en Verona  <\/h2>\n\n<p>Verona est\u00e1 a tiro de piedra <strong>del lago de Garda<\/strong>, lo que la convierte en la excursi\u00f3n de un d\u00eda perfecta.<\/p>\n\n<h3 class=\"wp-block-heading\">\u00bfC\u00f3mo llego a Verona?<\/h3>\n\n<ul class=\"wp-block-list\">\n<li><strong>Coche<\/strong>: acceso directo por la<strong>A4<\/strong> (ruta Mil\u00e1n-Venecia).<\/li>\n\n\n\n<li><strong>Avi\u00f3n<\/strong>:<strong>El aeropuerto de Verona-Villafranca<\/strong> est\u00e1 a unos <strong>12 km del centro de la ciudad<\/strong>, con conexiones de autob\u00fas y taxi.<\/li>\n<\/ul>\n\n<p>Para llegar al lago de Garda en <strong>tren<\/strong>: <strong>entre 15 y 20 minutos desde Peschiera del Garda o Desenzano del Garda<\/strong>, dos ciudades a orillas <strong>del lago de Garda<\/strong>.<\/p>\n\n<h3 class=\"wp-block-heading\">\u00bfD\u00f3nde puedo aparcar?<\/h3>\n\n<ul class=\"wp-block-list\">\n<li><strong>Parcheggio Cittadella<\/strong>: aparcamiento cubierto <strong>de<\/strong> pago, idealmente situado a 5 minutos a pie de la Plaza Bra para acceder r\u00e1pidamente al centro hist\u00f3rico.<\/li>\n\n\n\n<li><strong>Parcheggio Arena<\/strong>: aparcamiento subterr\u00e1neo <strong>de pago<\/strong>, muy c\u00e9ntrico y perfecto para visitar la Arena y el casco antiguo sin dar un largo paseo.<\/li>\n<\/ul>\n\n<p>&#x26a0;&#xfe0f; La mayor parte del casco antiguo de Verona est\u00e1 clasificada como <strong>ZTL<\/strong>, una<strong> zona de tr\u00e1fico restringido<\/strong> accesible s\u00f3lo a determinadas horas y \u00fanicamente a veh\u00edculos autorizados, lo que significa que tienes que aparcar en los aparcamientos de las afueras del centro para evitar multas.<\/p>\n\n<p>Abarca todo el centro hist\u00f3rico en torno a la plaza Bra, la plaza de las Erbas y el Duomo, y es f\u00e1cil de localizar gracias a las <strong>se\u00f1ales luminosas \u00abZTL<\/strong> \u00bb en las entradas de las calles afectadas, que indican si el acceso est\u00e1 <strong>prohibido o autorizado seg\u00fan la hora del d\u00eda<\/strong>.<br\/><\/p>\n\n<h3 class=\"wp-block-heading\">Un buen negocio en Verona<\/h3>\n\n<p>Esta es claramente la opci\u00f3n m\u00e1s econ\u00f3mica. El pase<strong> incluye gratuitamente todos los monumentos imprescindibles<\/strong>: Duomo de Verona, Museo Arqueol\u00f3gico del Teatro Romano, Arena de Verona (con entrada prioritaria), Torre dei Lamberti, Casa di Giulietta&#8230; <\/p>\n\n<p>Y, sobre todo, <strong>ahorra tiempo<\/strong> gracias al acceso sin entradas, <strong>especialmente a la Arena.<\/strong><\/p>\n\n<p><strong>\u00bfPor qu\u00e9 es tan rentable el pase?<\/strong><\/p>\n\n<p>Si sumas las visitas del d\u00eda, puedes llegar f\u00e1cilmente a unos <strong>40 euros<\/strong>:<\/p>\n\n<ul class=\"wp-block-list\">\n<li>Arena: 10<\/li>\n\n\n\n<li>Casa de Juliette + balc\u00f3n: 12<\/li>\n\n\n\n<li>Torre dei Lamberti: 6<\/li>\n\n\n\n<li>Duomo + otras iglesias: 10<\/li>\n\n\n\n<li>Museo Arqueol\u00f3gico: 5<\/li>\n<\/ul>\n\n<p>&#x1f449; <strong>Verona City Card 24h: ~30 \u20ac<\/strong><br\/>Esto representa un ahorro de unos <strong>10 \u20ac<\/strong>, adem\u00e1s de una visita realmente c\u00f3moda.<\/p>\n\n<p><a href=\"https:\/\/www.getyourguide.fr\/verone-l389\/verone-city-card-avec-entree-prioritaire-aux-arenes-t67200\/?partner_id=0LXQSML&amp;utm_medium=online_publisher&amp;cmp=verone\" target=\"_blank\" data-type=\"link\" data-id=\"https:\/\/www.getyourguide.fr\/verone-l389\/verone-city-card-avec-entree-prioritaire-aux-arenes-t67200\/?partner_id=0LXQSML&amp;utm_medium=online_publisher&amp;cmp=verone\" rel=\"noreferrer noopener\"><em>Enlace de reserva del pase urbano<\/em><\/a><\/p>\n\n<div data-gyg-href=\"https:\/\/widget.getyourguide.com\/default\/availability.frame\" data-gyg-tour-id=\"67200\" data-gyg-locale-code=\"fr-FR\" data-gyg-currency=\"EUR\" data-gyg-widget=\"availability\" data-gyg-variant=\"horizontal\" data-gyg-partner-id=\"0LXQSML\" data-gyg-cmp=\"verone\"><\/div>\n\n<h2 class=\"wp-block-heading\">\u00bfD\u00f3nde alojarse en Verona?<\/h2>\n\n<p>Si tu estancia va a ser larga, te recomendamos el Hotel Giulietta e Romeo, en pleno centro <strong>hist\u00f3rico<\/strong>, donde podr\u00e1s hacerlo todo a pie.<\/p>\n\n<p>&#x2764;&#xfe0f; <em> <a href=\"https:\/\/www.booking.com\/hotel\/it\/giuliettaeromeoverona.fr.html?aid=1529171&amp;no_rooms=1&amp;group_adults=2\" data-type=\"link\" data-id=\"https:\/\/www.booking.com\/hotel\/it\/giuliettaeromeoverona.fr.html?\" target=\"_blank\" rel=\"noreferrer noopener nofollow\">Hotel Giulietta e Romeo<\/a> informaci\u00f3n y disponibilidad valoradas 9\/10 en Booking<\/em><\/p>\n\n<figure class=\"wp-block-image size-full\"><img data-recalc-dims=\"1\" data-dominant-color=\"b2a798\" data-has-transparency=\"false\" style=\"--dominant-color: #b2a798;\" loading=\"lazy\" decoding=\"async\" width=\"800\" height=\"534\" src=\"https:\/\/i0.wp.com\/www.pourquoi-pas-nous.com\/wp-content\/uploads\/2025\/12\/image.png?resize=800%2C534&#038;ssl=1\" alt=\"\" class=\"wp-image-73274 not-transparent\" title=\"\" srcset=\"https:\/\/i0.wp.com\/www.pourquoi-pas-nous.com\/wp-content\/uploads\/2025\/12\/image.png?w=1024&amp;ssl=1 1024w, https:\/\/i0.wp.com\/www.pourquoi-pas-nous.com\/wp-content\/uploads\/2025\/12\/image.png?resize=400%2C267&amp;ssl=1 400w\" sizes=\"(max-width: 800px) 100vw, 800px\" \/><\/figure>\n\n<h2 class=\"wp-block-heading\">Resumen expr\u00e9s<\/h2>\n\n<figure class=\"wp-block-table\"><table class=\"has-fixed-layout\"><thead><tr><th>&#x1f3db;&#xfe0f; <em>Visita obligada<\/em><\/th><th><em>&#x1f3ab; Con \/ sin City Pass<\/em><\/th><th>&#x23f1;&#xfe0f; <em>Tiempo recomendado<\/em><\/th><\/tr><\/thead><tbody><tr><td>Arena de Verona<\/td><td>10 (incluido en el pase)<\/td><td>30 min &#8211; 1 h<\/td><\/tr><tr><td>Casa de Juliette + balc\u00f3n<\/td><td>12 \u20ac (incluido)<\/td><td>40-60 min<\/td><\/tr><tr><td>Duomo de Verona<\/td><td>5 \u20ac (incluido)<\/td><td>20-30 min<\/td><\/tr><tr><td>Torre dei Lamberti<\/td><td>6 \u20ac (incluido)<\/td><td>30-45 min<\/td><\/tr><tr><td>Ponte Pietra<\/td><td>Gratis<\/td><td>10 min<\/td><\/tr><tr><td>Castillo de San Pedro<\/td><td>Gratis (funicular de pago)<\/td><td>30 minutos<\/td><\/tr><tr><td>Museo Arqueol\u00f3gico del Teatro Romano<\/td><td>5 \u20ac (incluido)<\/td><td>20-30 min<\/td><\/tr><\/tbody><\/table><\/figure>\n\n<h2 class=\"wp-block-heading\">Nuestro men\u00fa<\/h2>\n\n<p>Puedes encontrar todos los lugares mencionados en nuestro mapa interactivo.<\/p>\n\n<iframe src=\"https:\/\/www.google.com\/maps\/d\/u\/2\/embed?mid=1uJzItHUP8pClDHtO3FRCf2t0x3CUuFg&#038;ehbc=2E312F\" width=\"100%\" height=\"480\"><\/iframe>\n\n<p>No dude en <strong>escribirnos<\/strong> a continuaci\u00f3n para contarnos si est\u00e1 planeando este viaje, para <strong>hacernos<\/strong> cualquier pregunta o para <strong>compartir<\/strong> sus opiniones en las redes sociales<a href=\"https:\/\/www.instagram.com\/pourquoipasnous_voyage\/\" target=\"_blank\" rel=\"noreferrer noopener\">(nuestro Instagram<\/a>): \u00a1estaremos encantados de responderle!<\/p>\n<div style='text-align:right' class='yasr-auto-insert-visitor'><\/div>","protected":false},"excerpt":{"rendered":"<p>Como sabes, nos encanta esta parte de Italia, as\u00ed que despu\u00e9s del lago Como, decidimos explorar el lago Garda y a\u00f1adir Verona, la famosa ciudad de los enamorados, a nuestro itinerario. Este intenso y ajetreado d\u00eda nos sumergi\u00f3 en una ciudad dondela historia romana se mezcla con las tradiciones venecianas. Si t\u00fa tambi\u00e9n est\u00e1s planeando [&hellip;]<\/p>\n","protected":false},"author":2,"featured_media":73299,"comment_status":"open","ping_status":"closed","sticky":false,"template":"","format":"standard","meta":{"_acf_changed":false,"_wp_convertkit_post_meta":{"form":"-1","landing_page":"0","tag":"0","restrict_content":"0"},"jetpack_post_was_ever_published":true,"yasr_overall_rating":0,"yasr_post_is_review":"","yasr_auto_insert_disabled":"","yasr_review_type":"","_jetpack_newsletter_access":"","_jetpack_dont_email_post_to_subs":false,"_jetpack_newsletter_tier_id":0,"_jetpack_memberships_contains_paywalled_content":false,"_jetpack_memberships_contains_paid_content":false,"footnotes":""},"categories":[163,202,382],"tags":[],"class_list":["post-73296","post","type-post","status-publish","format-standard","has-post-thumbnail","hentry","category-guias-de-viaje","category-italia","category-verone"],"acf":[],"_wp_attached_file":null,"_wp_attachment_image_alt":null,"rank_math_primary_category":"53","rank_math_title":"Visita Verona en 1 d\u00eda: nuestra gu\u00eda completa","rank_math_description":null,"rank_math_focus_keyword":null,"yasr_visitor_votes":{"stars_attributes":{"read_only":false,"span_bottom":false},"number_of_votes":0,"sum_votes":0},"jetpack_featured_media_url":"https:\/\/i0.wp.com\/www.pourquoi-pas-nous.com\/wp-content\/uploads\/2025\/12\/xthji7-tfws.jpg?fit=1800%2C1200&ssl=1","jetpack_sharing_enabled":true,"_links":{"self":[{"href":"https:\/\/www.pourquoi-pas-nous.com\/es\/wp-json\/wp\/v2\/posts\/73296","targetHints":{"allow":["GET"]}}],"collection":[{"href":"https:\/\/www.pourquoi-pas-nous.com\/es\/wp-json\/wp\/v2\/posts"}],"about":[{"href":"https:\/\/www.pourquoi-pas-nous.com\/es\/wp-json\/wp\/v2\/types\/post"}],"author":[{"embeddable":true,"href":"https:\/\/www.pourquoi-pas-nous.com\/es\/wp-json\/wp\/v2\/users\/2"}],"replies":[{"embeddable":true,"href":"https:\/\/www.pourquoi-pas-nous.com\/es\/wp-json\/wp\/v2\/comments?post=73296"}],"version-history":[{"count":16,"href":"https:\/\/www.pourquoi-pas-nous.com\/es\/wp-json\/wp\/v2\/posts\/73296\/revisions"}],"predecessor-version":[{"id":76397,"href":"https:\/\/www.pourquoi-pas-nous.com\/es\/wp-json\/wp\/v2\/posts\/73296\/revisions\/76397"}],"wp:featuredmedia":[{"embeddable":true,"href":"https:\/\/www.pourquoi-pas-nous.com\/es\/wp-json\/wp\/v2\/media\/73299"}],"wp:attachment":[{"href":"https:\/\/www.pourquoi-pas-nous.com\/es\/wp-json\/wp\/v2\/media?parent=73296"}],"wp:term":[{"taxonomy":"category","embeddable":true,"href":"https:\/\/www.pourquoi-pas-nous.com\/es\/wp-json\/wp\/v2\/categories?post=73296"},{"taxonomy":"post_tag","embeddable":true,"href":"https:\/\/www.pourquoi-pas-nous.com\/es\/wp-json\/wp\/v2\/tags?post=73296"}],"curies":[{"name":"wp","href":"https:\/\/api.w.org\/{rel}","templated":true}]}}