{"id":83103,"date":"2026-08-24T10:43:43","date_gmt":"2026-08-24T08:43:43","guid":{"rendered":"https:\/\/www.pourquoi-pas-nous.com\/montenegro-7-experiencias-que-no-te-puedes-perder-entre-el-mar-y-la-montana\/"},"modified":"2026-08-25T14:16:19","modified_gmt":"2026-08-25T12:16:19","slug":"montenegro-7-experiencias-que-no-te-puedes-perder-entre-el-mar-y-la-montana","status":"publish","type":"post","link":"https:\/\/www.pourquoi-pas-nous.com\/es\/montenegro-7-experiencias-que-no-te-puedes-perder-entre-el-mar-y-la-montana\/","title":{"rendered":"Montenegro: 7 experiencias que no te puedes perder entre el mar y la monta\u00f1a"},"content":{"rendered":"\n<p class=\"wp-block-paragraph\">Montenegro es uno de esos destinos que realmente nos han sorprendido. En el mapa, el pa\u00eds parece min\u00fasculo y pens\u00e1bamos que podr\u00edamos recorrerlo f\u00e1cilmente. Una vez all\u00ed, descubrimos carreteras de monta\u00f1a que serpentean durante kil\u00f3metros, playas de aguas cristalinas, ciudades amuralladas y, unas horas m\u00e1s tarde, cumbres donde la temperatura baja varios grados.  <\/p>\n\n<p class=\"wp-block-paragraph\">Durante nuestro <a href=\"https:\/\/www.pourquoi-pas-nous.com\/es\/montenegro\/\">viaje por carretera por Montenegro<\/a>, alquilamos un coche en Podgorica para poder descubrir el pa\u00eds a nuestro ritmo. Sin duda, es lo que volver\u00edamos a hacer hoy: aqu\u00ed, el trayecto forma parte del viaje tanto como el destino. En este art\u00edculo te contamos las <strong>7 experiencias que m\u00e1s nos han marcado en Montenegro<\/strong>, entre el mar, los lagos y la monta\u00f1a.  <\/p>\n\n<figure class=\"wp-block-image size-large\"><img loading=\"lazy\" decoding=\"async\" width=\"1200\" height=\"800\" src=\"https:\/\/www.pourquoi-pas-nous.com\/wp-content\/uploads\/2019\/07\/water-3187681_1920-jpg-webp-1200x800.webp\" alt=\"\" class=\"wp-image-2398\" title=\"\" srcset=\"https:\/\/www.pourquoi-pas-nous.com\/wp-content\/uploads\/2019\/07\/water-3187681_1920-jpg-webp-1200x800.webp 1200w, https:\/\/www.pourquoi-pas-nous.com\/wp-content\/uploads\/2019\/07\/water-3187681_1920-jpg-webp-400x267.webp 400w, https:\/\/www.pourquoi-pas-nous.com\/wp-content\/uploads\/2019\/07\/water-3187681_1920-jpg-webp-512x341.webp 512w, https:\/\/www.pourquoi-pas-nous.com\/wp-content\/uploads\/2019\/07\/water-3187681_1920-jpg-webp-768x512.webp 768w, https:\/\/www.pourquoi-pas-nous.com\/wp-content\/uploads\/2019\/07\/water-3187681_1920-jpg-webp.webp 1536w\" sizes=\"auto, (max-width: 1200px) 100vw, 1200px\" \/><\/figure>\n\n<h2 class=\"wp-block-heading\">C\u00f3mo preparar un viaje a Montenegro: nuestros consejos pr\u00e1cticos<\/h2>\n\n<p class=\"wp-block-paragraph\">Aqu\u00ed tienes algunos datos que debes comprobar antes de salir:<\/p>\n\n<figure class=\"wp-block-table\"><table class=\"has-fixed-layout\"><thead><tr><th>Lo que hay que tener en cuenta<\/th><th>Lo que tienes que saber<\/th><\/tr><\/thead><tbody><tr><td>&#x1f4b6; <strong>Moneda<\/strong><\/td><td>Montenegro usa el euro, aunque no forme parte de la Uni\u00f3n Europea.<\/td><\/tr><tr><td>&#x1f697; <strong>Coche<\/strong><\/td><td>En nuestro itinerario, <a href=\"https:\/\/www.discovercars.com\/fr\/montenegro\/podgorica\/tgd?a_aid=PourquoiPasNous\" data-type=\"link\" data-id=\"https:\/\/www.discovercars.com\/fr\/montenegro\/podgorica\/tgd?a_aid=PourquoiPasNous\" target=\"_blank\" rel=\"noopener\">alquilar un coche<\/a> nos dio mucha libertad, sobre todo por los alrededores del lago Skadar y en el Durmitor.<\/td><\/tr><tr><td>&#x1f4f1; <strong>Tel\u00e9fono<\/strong><\/td><td>Comprueba las condiciones de itinerancia de tu operador antes de salir de viaje o busca una soluci\u00f3n para tener datos m\u00f3viles.<\/td><\/tr><tr><td>&#x23f1;&#xfe0f; <strong>Tiempo de trayecto<\/strong><\/td><td>Deja siempre un margen: las carreteras de monta\u00f1a pueden ralentizar bastante algunas etapas.<\/td><\/tr><tr><td>&#x1f4b3; <strong>Pago<\/strong><\/td><td>Siempre llevamos un poco de dinero en efectivo para los peque\u00f1os gastos, como aparcamientos o tiendas.<\/td><\/tr><\/tbody><\/table><\/figure>\n\n<p class=\"wp-block-paragraph\">&#x1f4a1; Como Montenegro no forma parte de la Uni\u00f3n Europea, te recomendamos que compruebes las condiciones de uso de tu tarifa m\u00f3vil antes de salir de viaje. Una <a href=\"https:\/\/saily.com\/fr\/esim-montenegro\/\" target=\"_blank\" rel=\"noopener\">eSIM de Montenegro<\/a> puede ser una soluci\u00f3n pr\u00e1ctica para tener datos m\u00f3viles nada m\u00e1s llegar, sin tener que buscar una tarjeta SIM local. <\/p>\n\n<p class=\"wp-block-paragraph\">Sobre todo, esto nos permite conservar esa libertad que tanto nos gusta en un viaje por carretera: poder cambiar los planes cuando una playa, un mirador o una carretilla nos dan ganas de parar.<\/p>\n\n<h3 class=\"wp-block-heading\">Comprueba los tr\u00e1mites antes de salir<\/h3>\n\n<p class=\"wp-block-paragraph\">Montenegro no es miembro de la Uni\u00f3n Europea.  <\/p>\n\n<p class=\"wp-block-paragraph\">Antes de un viaje, siempre miramos las recomendaciones actualizadas de <a href=\"https:\/\/www.diplomatie.gouv.fr\/fr\/conseils-aux-voyageurs\/conseils-par-pays-destination\/montenegro\/\" target=\"_blank\" rel=\"noopener\">France Diplomatie<\/a>, sobre todo en lo que se refiere a:<\/p>\n\n<ul class=\"wp-block-list\">\n<li>los documentos de identidad necesarios;<\/li>\n\n\n\n<li>la duraci\u00f3n de la estancia autorizada;<\/li>\n\n\n\n<li>las normas que se aplican a los veh\u00edculos;<\/li>\n\n\n\n<li>las posibles recomendaciones de seguridad;<\/li>\n\n\n\n<li>la informaci\u00f3n sanitaria importante.<\/li>\n<\/ul>\n\n<p class=\"wp-block-paragraph\">Unos minutos de comprobaci\u00f3n antes de salir te ayudan a evitar muchas sorpresas desagradables.<\/p>\n\n<h2 class=\"wp-block-heading\">Nuestro viaje a Montenegro de un vistazo<\/h2>\n\n<figure class=\"wp-block-table\"><table class=\"has-fixed-layout\"><thead><tr><th>Experiencia<\/th><th>\u00bfD\u00f3nde?<\/th><th>Nuestros consejos<\/th><\/tr><\/thead><tbody><tr><td>&#x1f3de;&#xfe0f; A orillas de un lago enorme<\/td><td>Lago de Skadar<\/td><td>Toma las carreteras secundarias y prep\u00e1rate un picnic<\/td><\/tr><tr><td>&#x1f3d6;&#xfe0f; Disfrutar de largas playas<\/td><td>Ulcinj<\/td><td>Alejarse de las zonas m\u00e1s concurridas<\/td><\/tr><tr><td>&#x1f3f0; Dar un paseo por una ciudad amurallada<\/td><td>Budva<\/td><td>Ven al final del d\u00eda<\/td><\/tr><tr><td>&#x26f5; Descubre una bah\u00eda espectacular<\/td><td>Kotor<\/td><td>Reserva al menos un d\u00eda completo<\/td><\/tr><tr><td>&#x1f697; Recorre las carreteras panor\u00e1micas<\/td><td>Las bocas de Kotor<\/td><td>Nunca te f\u00edes solo de los kil\u00f3metros<\/td><\/tr><tr><td>&#x1f3d4;&#xfe0f; Dormir en plena monta\u00f1a<\/td><td>\u017dabljak<\/td><td>Reserva varios d\u00edas para el Durmitor<\/td><\/tr><tr><td>&#x1f97e; Dar una vuelta por el Lago Negro<\/td><td>Crno Jezero<\/td><td>Ll\u00e9vate un buen calzado<\/td><\/tr><tr><td>&#x1f4f1; Improvisar un viaje por carretera<\/td><td>\u00a1Por todas partes!<\/td><td>Deja Internet para el GPS y las b\u00fasquedas de \u00faltima hora<\/td><\/tr><\/tbody><\/table><\/figure>\n\n<h2 class=\"wp-block-heading\">1. Recorrer el lago de Skadar por las carreteras secundarias  <\/h2>\n\n<p class=\"wp-block-paragraph\">Nuestra aventura empieza de verdad en los alrededores del Parque Nacional del lago de Skadar, cerca de Virpazar. Este lago inmenso, que se extiende entre Montenegro y Albania, es uno de esos sitios en los que nos entran ganas de tom\u00e1rnoslo con calma desde el primer momento. <\/p>\n\n<p class=\"wp-block-paragraph\">En lugar de ir directamente a Ulcinj por la carretera m\u00e1s r\u00e1pida, decidimos tom\u00e1rnoslo con calma y rodear el lago.<\/p>\n\n<p class=\"wp-block-paragraph\">Y ese es justo el tipo de desv\u00edo que nos encanta cuando viajamos.<\/p>\n\n<p class=\"wp-block-paragraph\">Introducimos <strong>\u00abMuri\u0107i\u00bb<\/strong> en el GPS y nos encontramos en una carretera de monta\u00f1a muy estrecha. En algunos tramos, a dos coches les cuesta incluso cruzarse. Hay que ir despacio y, a veces, esperar un poco, \u00a1pero las vistas compensan con creces los momentos de tensi\u00f3n!  <\/p>\n\n<p class=\"wp-block-paragraph\">Al final llegamos a <strong>la playa de Muri\u0107i<\/strong>, una playa muy tranquila a orillas del lago. El plan: un picnic, un ba\u00f1o y, simplemente, disfrutar del paisaje antes de volver a ponernos en marcha hacia Ulcinj. <\/p>\n\n<blockquote class=\"wp-block-quote is-layout-flow wp-block-quote-is-layout-flow\">\n<p class=\"wp-block-paragraph\">&#x1f697; <strong>Nuestro consejo:<\/strong> no elijas siempre la ruta m\u00e1s r\u00e1pida que te propone el GPS. Algunas carreteras secundarias tardan m\u00e1s, pero ofrecen unas<strong> vistas incre\u00edbles<\/strong>.   <\/p>\n<\/blockquote>\n\n<figure class=\"wp-block-image size-large\"><img loading=\"lazy\" decoding=\"async\" width=\"1200\" height=\"803\" src=\"https:\/\/www.pourquoi-pas-nous.com\/wp-content\/uploads\/2019\/07\/skadar-lake-469973_1920-1200x803.webp\" alt=\"\" class=\"wp-image-15988\" title=\"\" srcset=\"https:\/\/www.pourquoi-pas-nous.com\/wp-content\/uploads\/2019\/07\/skadar-lake-469973_1920-1200x803.webp 1200w, https:\/\/www.pourquoi-pas-nous.com\/wp-content\/uploads\/2019\/07\/skadar-lake-469973_1920-400x268.webp 400w, https:\/\/www.pourquoi-pas-nous.com\/wp-content\/uploads\/2019\/07\/skadar-lake-469973_1920-512x343.webp 512w, https:\/\/www.pourquoi-pas-nous.com\/wp-content\/uploads\/2019\/07\/skadar-lake-469973_1920-768x514.webp 768w, https:\/\/www.pourquoi-pas-nous.com\/wp-content\/uploads\/2019\/07\/skadar-lake-469973_1920.webp 1530w\" sizes=\"auto, (max-width: 1200px) 100vw, 1200px\" \/><\/figure>\n\n<h2 class=\"wp-block-heading\">2. Darte un ba\u00f1o en las inmensas playas de Ulcinj  <\/h2>\n\n<p class=\"wp-block-paragraph\">Despu\u00e9s de los paisajes del lago de Skadar, cambio total de ambiente: nos dirigimos a la costa adri\u00e1tica y a <strong>Ulcinj<\/strong>, en el extremo sur del pa\u00eds.<\/p>\n\n<p class=\"wp-block-paragraph\">All\u00ed descubrimos, entre otras cosas, <strong>Velika Pla\u017ea<\/strong>, tambi\u00e9n conocida como Long Beach. Y el nombre le viene como anillo al dedo: esta inmensa playa de arena se extiende a lo largo de varios kil\u00f3metros. <\/p>\n\n<p class=\"wp-block-paragraph\">Como suele pasar, lo primero que se nos ocurre es buscar el rinc\u00f3n m\u00e1s tranquilo posible. As\u00ed que nos alejamos de las zonas m\u00e1s concurridas\u2026 \u00a1hasta que nos damos cuenta de que algunas zonas est\u00e1n m\u00e1s bien reservadas para los aficionados al kitesurf! <\/p>\n\n<p class=\"wp-block-paragraph\">Eso tambi\u00e9n forma parte de los viajes por carretera: no todo sale siempre como uno se lo hab\u00eda planeado.<\/p>\n\n<p class=\"wp-block-paragraph\">Ulcinj nos permite, sobre todo, descubrir una faceta diferente de Montenegro, con un ambiente m\u00e1s sure\u00f1o y largas playas que contrastan totalmente con las peque\u00f1as calas que hay m\u00e1s al norte.<\/p>\n\n<p class=\"wp-block-paragraph\">&#x1f449; Puedes ver nuestra selecci\u00f3n completa en nuestro art\u00edculo dedicado a <a href=\"https:\/\/www.pourquoi-pas-nous.com\/es\/las-8-playas-mas-bonitas-de-montenegro\/\">las playas m\u00e1s bonitas de Montenegro<\/a>.<\/p>\n\n<h2 class=\"wp-block-heading\">3. Descubrir Budva e ir a la playa de Mogren  <\/h2>\n\n<p class=\"wp-block-paragraph\">Despu\u00e9s seguimos nuestro camino hacia <strong>Budva<\/strong>.<\/p>\n\n<p class=\"wp-block-paragraph\">Lo primero que nos damos cuenta al llegar: \u00a1elegir un hotel en pleno centro hist\u00f3rico no es necesariamente la opci\u00f3n m\u00e1s pr\u00e1ctica cuando viajas en coche! Tenemos que dejar el coche en un aparcamiento que est\u00e1 a m\u00e1s o menos un kil\u00f3metro y luego ir andando hasta el hotel. <\/p>\n\n<p class=\"wp-block-paragraph\">Una vez que dejamos el equipaje, nos olvidamos enseguida de ese peque\u00f1o contratiempo.<\/p>\n\n<p class=\"wp-block-paragraph\">Es muy agradable recorrer a pie el casco antiguo amurallado. Te recomendamos que te pierdas por las callejuelas en lugar de seguir un itinerario concreto. As\u00ed es como nos gusta visitar este tipo de ciudades: unos cuantos monumentos marcados de antemano y luego mucho tiempo para improvisar.  <\/p>\n\n<p class=\"wp-block-paragraph\">A solo unos minutos a pie tambi\u00e9n est\u00e1 <strong>la playa de Mogren<\/strong>, una bonita cala donde disfrutamos de sus aguas cristalinas antes de volver al casco antiguo para ver la puesta de sol y cenar.<\/p>\n\n<blockquote class=\"wp-block-quote is-layout-flow wp-block-quote-is-layout-flow\">\n<p class=\"wp-block-paragraph\">&#x1f305; <strong>Nuestro consejo:<\/strong> nos gusta m\u00e1s Budva al atardecer. La luz se vuelve m\u00e1s suave, el calor remite y es especialmente agradable cenar dentro de las murallas. <\/p>\n<\/blockquote>\n\n<p class=\"wp-block-paragraph\">Aunque Budva es preciosa, nos parece m\u00e1s tur\u00edstica que Kotor, que sigue siendo nuestra favorita.<\/p>\n\n<p class=\"wp-block-paragraph\">&#x1f449; Echa tambi\u00e9n un vistazo a nuestra <a href=\"https:\/\/www.pourquoi-pas-nous.com\/es\/visita-budva-en-montenegro\/\">gu\u00eda completa para visitar Budva<\/a>.<\/p>\n\n<h2 class=\"wp-block-heading\">4. D\u00e9jate seducir por las ensenadas de Kotor  <\/h2>\n\n<p class=\"wp-block-paragraph\">Es dif\u00edcil hablar de nuestro viaje a Montenegro sin mencionar <strong>Kotor y su bah\u00eda<\/strong>.<\/p>\n\n<p class=\"wp-block-paragraph\">Probablemente sea el lugar que m\u00e1s nos ha marcado durante este viaje por carretera.<\/p>\n\n<p class=\"wp-block-paragraph\">El casco antiguo est\u00e1 rodeado de murallas y encajonado entre las monta\u00f1as y el mar. La regi\u00f3n natural y cultural-hist\u00f3rica de Kotor forma parte del <a href=\"https:\/\/whc.unesco.org\/fr\/list\/125\/\" data-type=\"link\" data-id=\"https:\/\/whc.unesco.org\/fr\/list\/125\/\" target=\"_blank\" rel=\"noopener\">Patrimonio Mundial de la UNESCO<\/a>. Cuando ves el conjunto que forman la bah\u00eda, las monta\u00f1as y las ciudades fortificadas, enseguida entiendes por qu\u00e9.  <\/p>\n\n<p class=\"wp-block-paragraph\">Simplemente nos encanta perdernos por sus callejuelas, ir de una placita a otra y contemplar las fachadas de piedra.<\/p>\n\n<p class=\"wp-block-paragraph\">Pero Kotor no solo se descubre desde tierra firme.<\/p>\n\n<p class=\"wp-block-paragraph\">Un paseo en barco te permite tomar distancia y apreciar la magnitud de esta inmensa bah\u00eda rodeada de monta\u00f1as. Tambi\u00e9n es una oportunidad para alejarte del ajetreo del casco antiguo y, seg\u00fan la excursi\u00f3n que elijas, darte un chapuz\u00f3n. <\/p>\n\n<p class=\"wp-block-paragraph\">Si vienes en verano, te recomendamos que visites el casco antiguo <strong>a primera hora de la ma\u00f1ana<\/strong>. El ambiente es mucho m\u00e1s agradable antes de que lleguen la mayor\u00eda de los visitantes del d\u00eda. <\/p>\n\n<p class=\"wp-block-paragraph\">&#x1f449; Hemos recopilado toda la informaci\u00f3n en nuestro art\u00edculo sobre <a href=\"https:\/\/www.pourquoi-pas-nous.com\/es\/visita-kotor-montenegro\/\">c\u00f3mo visitar Kotor y las ensenadas de Kotor<\/a>.<\/p>\n\n<figure class=\"wp-block-image size-large\"><img loading=\"lazy\" decoding=\"async\" width=\"1200\" height=\"900\" src=\"https:\/\/www.pourquoi-pas-nous.com\/wp-content\/uploads\/2019\/07\/kotor-821058_1920-1200x900.webp\" alt=\"\" class=\"wp-image-15491\" title=\"\" srcset=\"https:\/\/www.pourquoi-pas-nous.com\/wp-content\/uploads\/2019\/07\/kotor-821058_1920-1200x900.webp 1200w, https:\/\/www.pourquoi-pas-nous.com\/wp-content\/uploads\/2019\/07\/kotor-821058_1920-400x300.webp 400w, https:\/\/www.pourquoi-pas-nous.com\/wp-content\/uploads\/2019\/07\/kotor-821058_1920-512x384.webp 512w, https:\/\/www.pourquoi-pas-nous.com\/wp-content\/uploads\/2019\/07\/kotor-821058_1920-768x576.webp 768w, https:\/\/www.pourquoi-pas-nous.com\/wp-content\/uploads\/2019\/07\/kotor-821058_1920.webp 1365w\" sizes=\"auto, (max-width: 1200px) 100vw, 1200px\" \/><\/figure>\n\n<h2 class=\"wp-block-heading\">5. Disfrutar de las vistas desde las carreteras que rodean Kotor  <\/h2>\n\n<p class=\"wp-block-paragraph\">Kotor es precioso desde el nivel del mar, pero los paisajes se vuelven a\u00fan m\u00e1s impresionantes cuando empiezas a subir.<\/p>\n\n<p class=\"wp-block-paragraph\">Las carreteras que suben por detr\u00e1s de la bah\u00eda se suceden con una sucesi\u00f3n de curvas y van desvelando poco a poco unas vistas incre\u00edbles de la ensenada de Kotor.<\/p>\n\n<p class=\"wp-block-paragraph\">Es el t\u00edpico tipo de carretera en la que paramos mucho m\u00e1s a menudo de lo previsto. Una curva, un nuevo mirador\u2026 y ya estamos buscando un sitio donde aparcar para sacar la c\u00e1mara. <\/p>\n\n<p class=\"wp-block-paragraph\">Esta experiencia resume bastante bien nuestro viaje a Montenegro: <strong>las distancias son cortas en el mapa, pero los trayectos llevan bastante tiempo<\/strong>.<\/p>\n\n<p class=\"wp-block-paragraph\">Y, al fin y al cabo, no es ning\u00fan problema. El camino forma parte de la aventura. <\/p>\n\n<blockquote class=\"wp-block-quote is-layout-flow wp-block-quote-is-layout-flow\">\n<p class=\"wp-block-paragraph\">&#x1f4f7; <strong>Nuestro consejo:<\/strong> calcula siempre un poco m\u00e1s de tiempo del que indica el GPS. Entre las carreteras sinuosas y las paradas para hacer fotos, un tramo de unas cuantas decenas de kil\u00f3metros puede llevarte f\u00e1cilmente buena parte de la ma\u00f1ana. <\/p>\n<\/blockquote>\n\n<figure class=\"wp-block-image size-large\"><img loading=\"lazy\" decoding=\"async\" width=\"1200\" height=\"900\" src=\"https:\/\/www.pourquoi-pas-nous.com\/wp-content\/uploads\/2019\/07\/IMG_20180722_120951-1200x900.jpg\" alt=\"bah&#xED;a de kotor montenegro\" class=\"wp-image-2463\" title=\"\" srcset=\"https:\/\/www.pourquoi-pas-nous.com\/wp-content\/uploads\/2019\/07\/IMG_20180722_120951-1200x900.jpg 1200w, https:\/\/www.pourquoi-pas-nous.com\/wp-content\/uploads\/2019\/07\/IMG_20180722_120951-400x300.jpg 400w, https:\/\/www.pourquoi-pas-nous.com\/wp-content\/uploads\/2019\/07\/IMG_20180722_120951-512x384.jpg 512w, https:\/\/www.pourquoi-pas-nous.com\/wp-content\/uploads\/2019\/07\/IMG_20180722_120951-768x576.jpg 768w, https:\/\/www.pourquoi-pas-nous.com\/wp-content\/uploads\/2019\/07\/IMG_20180722_120951-jpg-webp.webp 1365w\" sizes=\"auto, (max-width: 1200px) 100vw, 1200px\" \/><\/figure>\n\n<h2 class=\"wp-block-heading\">6. De la costa a las monta\u00f1as del Durmitor  <\/h2>\n\n<p class=\"wp-block-paragraph\">Probablemente sea el cambio de paisaje m\u00e1s impresionante de nuestro viaje por carretera.<\/p>\n\n<p class=\"wp-block-paragraph\">Despu\u00e9s de pasar varios d\u00edas en la costa, salimos de Kotor para ir a <strong>\u017dabljak<\/strong>, a las puertas del Parque Nacional de Durmitor.<\/p>\n\n<p class=\"wp-block-paragraph\">En unas horas, los paisajes cambian por completo. Las playas desaparecen, los relieves se vuelven cada vez m\u00e1s imponentes y la temperatura baja notablemente. <\/p>\n\n<p class=\"wp-block-paragraph\">Dormimos en peque\u00f1as <strong>caba\u00f1as de madera en plena naturaleza<\/strong>, en el Eco Camp Chalets Podgorom. Despu\u00e9s del bullicio de las ciudades costeras, nos encanta este ambiente mucho m\u00e1s tranquilo. <\/p>\n\n<p class=\"wp-block-paragraph\">El Parque Nacional de Durmitor est\u00e1 declarado Patrimonio de la Humanidad por la UNESCO. Entre cumbres, bosques, lagos glaciares y el ca\u00f1\u00f3n del Tara, esta zona de Montenegro es totalmente diferente a la costa y es un aut\u00e9ntico para\u00edso para los amantes del senderismo y los grandes espacios naturales. <\/p>\n\n<blockquote class=\"wp-block-quote is-layout-flow wp-block-quote-is-layout-flow\">\n<p class=\"wp-block-paragraph\">&#x1f3d4;&#xfe0f; <strong>Si pudi\u00e9ramos volver a hacerlo:<\/strong> nos quedar\u00edamos al menos un d\u00eda m\u00e1s en el Durmitor. Es la parte de nuestro itinerario en la que nos hubiera gustado tener m\u00e1s tiempo. <\/p>\n<\/blockquote>\n\n<h2 class=\"wp-block-heading\">7. Dar una vuelta por el Lago Negro, incluso cuando el tiempo no sea perfecto  <\/h2>\n\n<p class=\"wp-block-paragraph\">Al d\u00eda siguiente, nos fuimos a <strong>Crno Jezero<\/strong>, que literalmente significa \u00abLago Negro\u00bb, cerca de \u017dabljak.<\/p>\n\n<p class=\"wp-block-paragraph\">La verdad es que el tiempo no acompa\u00f1a nada cuando llegamos. Pero en lugar de rendirnos, decidimos salir a dar un paseo por el lago de todos modos. <\/p>\n\n<p class=\"wp-block-paragraph\">Y hicimos bien.<\/p>\n\n<p class=\"wp-block-paragraph\">El sendero alterna tramos por el bosque con vistas al agua, con las monta\u00f1as del Durmitor al fondo. Incluso bajo las nubes, los colores son preciosos, sobre todo cuando el agua adquiere reflejos azul verdosos. <\/p>\n\n<p class=\"wp-block-paragraph\">Nuestro paseo alrededor del lago es de unos <strong>7 kil\u00f3metros<\/strong>, una distancia perfecta para disfrutar del paisaje sin tener que planificar una jornada larga de senderismo.<\/p>\n\n<p class=\"wp-block-paragraph\">Y, como suele pasar despu\u00e9s de caminar, llega el momento de darse un capricho: terminamos con una <strong>trucha acompa\u00f1ada de una cerveza local<\/strong> en el restaurante que hay junto al lago.<\/p>\n\n<p class=\"wp-block-paragraph\">\u00a1Sencillo y eficaz!<\/p>\n\n<blockquote class=\"wp-block-quote is-layout-flow wp-block-quote-is-layout-flow\">\n<p class=\"wp-block-paragraph\">&#x1f97e; Aunque sea una ruta de senderismo relativamente f\u00e1cil, ll\u00e9vate un buen calzado y una chaqueta. En el Durmitor, el tiempo puede ser muy diferente al de la costa. <\/p>\n<\/blockquote>\n\n<h2 class=\"wp-block-heading\">Si volvi\u00e9ramos a Montenegro\u2026<\/h2>\n\n<p class=\"wp-block-paragraph\">No buscar\u00edamos necesariamente a\u00f1adir m\u00e1s pasos. M\u00e1s bien har\u00edamos lo contrario: <\/p>\n\n<ul class=\"wp-block-list\">\n<li>una noche m\u00e1s en las bocas de Kotor;<\/li>\n\n\n\n<li>varios d\u00edas en el Durmitor;<\/li>\n\n\n\n<li>m\u00e1s carreteras secundarias alrededor del lago de Skadar;<\/li>\n\n\n\n<li>tiempo libre para parar cuando nos guste el paisaje;<\/li>\n\n\n\n<li>y siempre hay algunos d\u00edas sin planes concretos.<\/li>\n<\/ul>\n\n<p class=\"wp-block-paragraph\">Montenegro parece peque\u00f1o en el mapa, pero cuenta con una impresionante variedad de paisajes. Es precisamente ese contraste lo que m\u00e1s nos ha gustado: <strong>una playa por la ma\u00f1ana, una ciudad amurallada por la tarde y, unos d\u00edas despu\u00e9s, una ruta de senderismo en plena monta\u00f1a<\/strong>. <\/p>\n\n<p class=\"wp-block-paragraph\">Nos ha encantado revivir nuestros recuerdos para escribir este art\u00edculo. Si est\u00e1s preparando un viaje a Montenegro o conoces otros sitios que podamos a\u00f1adir a nuestra lista para una pr\u00f3xima visita, no dudes en dejarnos un comentario. <\/p>\n\n<p class=\"wp-block-paragraph\">Tampoco dudes en dejarnos un comentario o 5 estrellas aqu\u00ed abajo, o en hacernos cualquier pregunta aqu\u00ed o en Instagram. \u00a1Te responderemos con mucho gusto! <\/p>\n\n\n<div style='text-align:right' class='yasr-auto-insert-visitor'><\/div>","protected":false},"excerpt":{"rendered":"<p>Montenegro es uno de esos destinos que realmente nos han sorprendido. En el mapa, el pa\u00eds parece min\u00fasculo y pens\u00e1bamos que podr\u00edamos recorrerlo f\u00e1cilmente. Una vez all\u00ed, descubrimos carreteras de monta\u00f1a que serpentean durante kil\u00f3metros, playas de aguas cristalinas, ciudades amuralladas y, unas horas m\u00e1s tarde, cumbres donde la temperatura baja varios grados. Durante nuestro [&hellip;]<\/p>\n","protected":false},"author":2,"featured_media":29204,"comment_status":"open","ping_status":"closed","sticky":false,"template":"","format":"standard","meta":{"_acf_changed":false,"_wp_convertkit_post_meta":{"form":"-1","landing_page":"0","tag":"0","restrict_content":"0"},"yasr_overall_rating":0,"yasr_post_is_review":"","yasr_auto_insert_disabled":"","yasr_review_type":"","_jetpack_newsletter_access":"","_jetpack_dont_email_post_to_subs":false,"_jetpack_newsletter_tier_id":0,"_jetpack_memberships_contains_paywalled_content":false,"_ppn_cv_model":"","_ppn_cv_presentation":"","_ppn_cv_hero_caption":"","_ppn_cv_brief_title":"","_ppn_cv_brief_items":"","_ppn_cv_toc_levels":"","_ppn_cv_sidebar_modules":"","_ppn_cv_sidebar_author_text":"","_ppn_cv_sidebar_map_title":"","_ppn_cv_sidebar_map_url":"","_ppn_cv_sidebar_activities":"","_ppn_cv_sidebar_activities_cta_label":"","_ppn_cv_sidebar_activities_cta_url":"","_ppn_cv_sidebar_stays":"","_ppn_cv_sidebar_stays_cta_label":"","_ppn_cv_sidebar_stays_cta_url":"","_ppn_cv_sidebar_note":"","_ppn_cv_related_ids":"","_ppn_cv_author_text":"","_ppn_cv_sidebar_modules_explicit":false,"_jetpack_feature_clip_id":0,"_jetpack_memberships_contains_paid_content":false,"footnotes":"","jetpack_post_was_ever_published":false},"categories":[163,208],"tags":[],"class_list":["post-83103","post","type-post","status-publish","format-standard","has-post-thumbnail","hentry","category-guias-de-viaje","category-montenegro"],"acf":[],"_wp_attached_file":null,"_wp_attachment_image_alt":null,"rank_math_primary_category":"59","rank_math_title":"Montenegro: 7 experiencias que no te puedes perder entre el mar y la monta\u00f1a","rank_math_description":"\u00bfQu\u00e9 hacer en Montenegro? Descubre nuestras 7 experiencias imprescindibles entre Kotor, Budva, el lago de Skadar, las playas y las monta\u00f1as del Durmitor. ","rank_math_focus_keyword":null,"yasr_visitor_votes":{"stars_attributes":{"read_only":false,"span_bottom":false},"number_of_votes":0,"sum_votes":0},"jetpack_sharing_enabled":true,"jetpack_featured_media_url":"https:\/\/www.pourquoi-pas-nous.com\/wp-content\/uploads\/2019\/07\/water-3187681_1920-jpg-webp.webp","_links":{"self":[{"href":"https:\/\/www.pourquoi-pas-nous.com\/es\/wp-json\/wp\/v2\/posts\/83103","targetHints":{"allow":["GET"]}}],"collection":[{"href":"https:\/\/www.pourquoi-pas-nous.com\/es\/wp-json\/wp\/v2\/posts"}],"about":[{"href":"https:\/\/www.pourquoi-pas-nous.com\/es\/wp-json\/wp\/v2\/types\/post"}],"author":[{"embeddable":true,"href":"https:\/\/www.pourquoi-pas-nous.com\/es\/wp-json\/wp\/v2\/users\/2"}],"replies":[{"embeddable":true,"href":"https:\/\/www.pourquoi-pas-nous.com\/es\/wp-json\/wp\/v2\/comments?post=83103"}],"version-history":[{"count":1,"href":"https:\/\/www.pourquoi-pas-nous.com\/es\/wp-json\/wp\/v2\/posts\/83103\/revisions"}],"predecessor-version":[{"id":83104,"href":"https:\/\/www.pourquoi-pas-nous.com\/es\/wp-json\/wp\/v2\/posts\/83103\/revisions\/83104"}],"wp:featuredmedia":[{"embeddable":true,"href":"https:\/\/www.pourquoi-pas-nous.com\/es\/wp-json\/wp\/v2\/media\/29204"}],"wp:attachment":[{"href":"https:\/\/www.pourquoi-pas-nous.com\/es\/wp-json\/wp\/v2\/media?parent=83103"}],"wp:term":[{"taxonomy":"category","embeddable":true,"href":"https:\/\/www.pourquoi-pas-nous.com\/es\/wp-json\/wp\/v2\/categories?post=83103"},{"taxonomy":"post_tag","embeddable":true,"href":"https:\/\/www.pourquoi-pas-nous.com\/es\/wp-json\/wp\/v2\/tags?post=83103"}],"curies":[{"name":"wp","href":"https:\/\/api.w.org\/{rel}","templated":true}]}}