{"id":23970,"date":"2019-08-09T15:50:41","date_gmt":"2019-08-09T14:50:41","guid":{"rendered":"https:\/\/www.pourquoi-pas-nous.com\/visitare-petra-in-giordania-cosa-vedere-e-fare-in-questa-citta-misteriosa\/"},"modified":"2026-01-02T22:00:30","modified_gmt":"2026-01-02T20:00:30","slug":"petra-giordania","status":"publish","type":"post","link":"https:\/\/www.pourquoi-pas-nous.com\/it\/petra-giordania\/","title":{"rendered":"Visitare Petra in Giordania: cosa vedere e fare in questa citt\u00e0 misteriosa"},"content":{"rendered":"\n<p>La citt\u00e0 di<strong> Petra <\/strong>\u00e8 uno dei luoghi pi\u00f9 belli che abbiamo visitato al mondo.<\/p>\n\n<p>\u00c8 un luogo <strong>protetto dal turismo<\/strong>, e quando aprir\u00e0 avrete la possibilit\u00e0 di aggirarvi in un sito quasi deserto. Siamo rimasti totalmente incantati da questo luogo.<\/p>\n\n<p>Vi illustreremo il <strong>nostro itinerario di visita a Petra<\/strong>, per non perdervi nulla, e i nostri buoni indirizzi. Come sempre, il nostro obiettivo \u00e8 quello di aiutare i nostri lettori a organizzare facilmente il loro viaggio.<\/p>\n\n<p><\/p>\n\n<figure class=\"wp-block-image size-large\"><img data-recalc-dims=\"1\" height=\"600\" width=\"800\" data-dominant-color=\"977065\" data-has-transparency=\"false\" style=\"--dominant-color: #977065;\" decoding=\"async\" src=\"https:\/\/i0.wp.com\/www.pourquoi-pas-nous.com\/wp-content\/uploads\/2019\/08\/P1010206.webp?resize=800%2C600&#038;ssl=1\" alt=\"\" class=\"wp-image-2608 not-transparent\" title=\"\"><\/figure>\n\n<h2 class=\"wp-block-heading\">Visitare Petra \u00e8 pericoloso?<\/h2>\n\n<p>Possiamo rassicurarvi subito che visitare Petra \u00e8 assolutamente sicuro. Come spiegato nell&#8217;articolo sul nostro viaggio in Giordania, prima di partire abbiamo consultato il sito <strong>diplomatie.gouv. <\/strong>Per la Giordania non abbiamo fatto uno strappo alla regola: il sito del governo ci ha consigliato di evitare le zone di confine<strong>(con Siria e Iraq)<\/strong>.<\/p>\n\n<p>Petra \u00e8 il sito pi\u00f9 visitato della Giordania e si trova nel centro del Paese, quindi vi sentirete <strong>completamente al sicuro<\/strong>. Naturalmente, come per ogni viaggio, vi consigliamo di usare il buon senso e di fare attenzione ai vostri effetti personali.<\/p>\n\n<p>Non ci siamo mai sentiti al sicuro durante le nostre <a href=\"https:\/\/www.pourquoi-pas-nous.com\/it\/turismo-in-giordania\/\" data-type=\"post\" data-id=\"2607\">vacanze in Giordania<\/a>.<\/p>\n\n<div class=\"wp-block-jetpack-tiled-gallery aligncenter is-style-rectangular\"><div class=\"\"><div class=\"tiled-gallery__gallery\"><div class=\"tiled-gallery__row\"><div class=\"tiled-gallery__col\" style=\"flex-basis:50.00000%\"><figure class=\"tiled-gallery__item\"><img decoding=\"async\" srcset=\"https:\/\/i2.wp.com\/www.pourquoi-pas-nous.com\/wp-content\/uploads\/2023\/05\/P1010135-1024x768.jpg?strip=info&#038;w=600&#038;ssl=1 600w,https:\/\/i2.wp.com\/www.pourquoi-pas-nous.com\/wp-content\/uploads\/2023\/05\/P1010135-1024x768.jpg?strip=info&#038;w=900&#038;ssl=1 900w,https:\/\/i2.wp.com\/www.pourquoi-pas-nous.com\/wp-content\/uploads\/2023\/05\/P1010135-1024x768.jpg?strip=info&#038;w=1200&#038;ssl=1 1200w,https:\/\/i2.wp.com\/www.pourquoi-pas-nous.com\/wp-content\/uploads\/2023\/05\/P1010135-1024x768.jpg?strip=info&#038;w=1500&#038;ssl=1 1500w,https:\/\/i2.wp.com\/www.pourquoi-pas-nous.com\/wp-content\/uploads\/2023\/05\/P1010135-1024x768.jpg?strip=info&#038;w=1600&#038;ssl=1 1600w\" alt=\"\" data-height=\"1200\" data-id=\"18462\" data-link=\"https:\/\/www.pourquoi-pas-nous.com\/petra-jordanie\/p1010135-4\/\" data-url=\"https:\/\/www.pourquoi-pas-nous.com\/wp-content\/uploads\/2023\/05\/P1010135-1024x768.jpg\" data-width=\"1600\" src=\"https:\/\/i2.wp.com\/www.pourquoi-pas-nous.com\/wp-content\/uploads\/2023\/05\/P1010135-1024x768.jpg?ssl=1\" data-amp-layout=\"responsive\" title=\"\"><\/figure><\/div><div class=\"tiled-gallery__col\" style=\"flex-basis:50.00000%\"><figure class=\"tiled-gallery__item\"><img decoding=\"async\" srcset=\"https:\/\/i2.wp.com\/www.pourquoi-pas-nous.com\/wp-content\/uploads\/2023\/05\/P1010274-1024x768.jpg?strip=info&#038;w=600&#038;ssl=1 600w,https:\/\/i2.wp.com\/www.pourquoi-pas-nous.com\/wp-content\/uploads\/2023\/05\/P1010274-1024x768.jpg?strip=info&#038;w=900&#038;ssl=1 900w,https:\/\/i2.wp.com\/www.pourquoi-pas-nous.com\/wp-content\/uploads\/2023\/05\/P1010274-1024x768.jpg?strip=info&#038;w=1200&#038;ssl=1 1200w,https:\/\/i2.wp.com\/www.pourquoi-pas-nous.com\/wp-content\/uploads\/2023\/05\/P1010274-1024x768.jpg?strip=info&#038;w=1500&#038;ssl=1 1500w,https:\/\/i2.wp.com\/www.pourquoi-pas-nous.com\/wp-content\/uploads\/2023\/05\/P1010274-1024x768.jpg?strip=info&#038;w=1600&#038;ssl=1 1600w\" alt=\"\" data-height=\"1200\" data-id=\"18464\" data-link=\"https:\/\/www.pourquoi-pas-nous.com\/petra-jordanie\/p1010274-4\/\" data-url=\"https:\/\/www.pourquoi-pas-nous.com\/wp-content\/uploads\/2023\/05\/P1010274-1024x768.jpg\" data-width=\"1600\" src=\"https:\/\/i2.wp.com\/www.pourquoi-pas-nous.com\/wp-content\/uploads\/2023\/05\/P1010274-1024x768.jpg?ssl=1\" data-amp-layout=\"responsive\" title=\"\"><\/figure><\/div><\/div><\/div><\/div><\/div>\n\n<h2 class=\"wp-block-heading\" id=\"histoire\">Storia di Petra: quando \u00e8 stata fondata la citt\u00e0?<\/h2>\n\n<p><strong>Petra<\/strong> \u00e8 una citt\u00e0 scavata nelle rocce di arenaria rosa. Il sito fu costruito verso la fine dell&#8217;<strong>VIII secolo a.C.<\/strong> e i <strong>Nabatei <\/strong>vi si stabilirono nel <strong>VI<\/strong> secolo. Numerose rotte commerciali conducevano alla citt\u00e0, permettendo a Petra di diventare una citt\u00e0 prospera.<\/p>\n\n<p>Al suo apice, la citt\u00e0 di Petra contava circa <strong>25.000 abitanti<\/strong>. Vi renderete conto che solo pochi edifici sono sopravvissuti alla prova del tempo!<\/p>\n\n<figure class=\"wp-block-image size-full\"><img data-recalc-dims=\"1\" data-dominant-color=\"986d5c\" data-has-transparency=\"false\" style=\"--dominant-color: #986d5c;\" fetchpriority=\"high\" decoding=\"async\" width=\"800\" height=\"600\" src=\"https:\/\/i0.wp.com\/www.pourquoi-pas-nous.com\/wp-content\/uploads\/2019\/08\/P1010234.webp?resize=800%2C600&#038;ssl=1\" alt=\"\" class=\"wp-image-14850 not-transparent\" title=\"\" srcset=\"https:\/\/i0.wp.com\/www.pourquoi-pas-nous.com\/wp-content\/uploads\/2019\/08\/P1010234.webp?w=1365&amp;ssl=1 1365w, https:\/\/i0.wp.com\/www.pourquoi-pas-nous.com\/wp-content\/uploads\/2019\/08\/P1010234.webp?resize=400%2C300&amp;ssl=1 400w, https:\/\/i0.wp.com\/www.pourquoi-pas-nous.com\/wp-content\/uploads\/2019\/08\/P1010234.webp?resize=1200%2C900&amp;ssl=1 1200w, https:\/\/i0.wp.com\/www.pourquoi-pas-nous.com\/wp-content\/uploads\/2019\/08\/P1010234.webp?resize=512%2C384&amp;ssl=1 512w, https:\/\/i0.wp.com\/www.pourquoi-pas-nous.com\/wp-content\/uploads\/2019\/08\/P1010234.webp?resize=768%2C576&amp;ssl=1 768w\" sizes=\"(max-width: 800px) 100vw, 800px\" \/><\/figure>\n\n<p>La citt\u00e0 fu <strong>abbandonata<\/strong> verso la fine dell&#8217;VIII secolo in seguito a diverse catastrofi naturali e le rotte commerciali che attraversavano <strong>Petra<\/strong> furono gradualmente abbandonate.<\/p>\n\n<p>Il sito \u00e8 oggi Patrimonio dell&#8217;Umanit\u00e0 <strong>dell&#8217;UNESCO<\/strong> e una delle <strong>Nuove 7 Meraviglie del Mondo<\/strong>. Un titolo meritato!<\/p>\n\n<p>Se avete tempo prima della vostra visita, vi consigliamo di guardare il documentario<a href=\"https:\/\/www.youtube.com\/watch?v=7IlsGHpRtvg\" target=\"_blank\" rel=\"noopener\">&#8220;C&#8217;est pas sorcier P\u00e9tra<\/a>&#8220;, come sempre <strong>molto esauriente e facile da capire<\/strong>, grazie Jamie \ud83d\ude42 Un&#8217;attivit\u00e0 ideale per la famiglia!<\/p>\n\n<iframe width=\"560\" height=\"315\" src=\"https:\/\/www.youtube.com\/embed\/7IlsGHpRtvg?si=gm3wsc5odDY4dCSC&#038;start=1\" title=\"Lettore video di YouTube\" frameborder=\"0\" allow=\"accelerometer; autoplay; clipboard-write; encrypted-media; gyroscope; picture-in-picture; web-share\" referrerpolicy=\"strict-origin-when-cross-origin\" allowfullscreen=\"\"><\/iframe>\n\n<h2 class=\"wp-block-heading\" id=\"petra\">Dove si trova il sito di Petra? [mappa]<\/h2>\n\n<p>L&#8217;incredibile citt\u00e0 di <strong>Petra<\/strong> dista solo 3 ore dalla capitale della Giordania, Amman. Avete due opzioni per arrivarci:  <\/p>\n\n<iframe src=\"https:\/\/www.google.com\/maps\/d\/u\/0\/embed?mid=12Y7Ctpodo7xPsmFdB_Pp4EYZqGOlPqpn\" width=\"640\" height=\"480\"><\/iframe>\n\n<h2 class=\"wp-block-heading\">Come si arriva da Amman a Petra (quanto dista)?<\/h2>\n\n<p>La distanza tra <strong>Amman e Petra \u00e8 di circa 250 km<\/strong>, quindi ci vogliono circa 3 ore per guidare tra le due citt\u00e0, gran parte delle quali su strada a doppia corsia.<\/p>\n\n<ul class=\"wp-block-list\">\n<li><strong>In auto:<\/strong> puoi prenotare facilmente un&#8217;auto in Giordania confrontando i prezzi delle diverse compagnie di noleggio<strong>.<\/strong> Il prezzo \u00e8 di circa 35\u20ac al giorno, a seconda della stagione. C&#8217;\u00e8 un parcheggio all&#8217;ingresso del sito e gli hotel di solito mettono a disposizione dei bus navetta per accompagnarvi all&#8217;ingresso del sito.<\/li>\n<\/ul>\n\n<ul class=\"wp-block-list\">\n<li><strong>In autobus<\/strong>: da <strong>Amman <\/strong>, la compagnia giordana <strong>Jett bus<\/strong> offre un servizio giornaliero con partenza alle 6.30 del mattino al prezzo di circa 11 JOD (14 euro). Gli autobus sono confortevoli (informazione data da mia sorella), quindi non vi accorgerete nemmeno delle 3 ore di viaggio. Potrete finire di dormire durante il viaggio \ud83d\ude09  <\/li>\n<\/ul>\n\n<p>\u00c8 possibile prenotare il biglietto online, direttamente sul sito web della compagnia aerea o presso la biglietteria di Amman. Poi potete prenotare un <strong>Careem <\/strong>(Uber locale) per portarci alla stazione degli autobus la mattina della partenza.  <\/p>\n\n<div data-gyg-href=\"https:\/\/widget.getyourguide.com\/default\/availability.frame\" data-gyg-tour-id=\"467764\" data-gyg-locale-code=\"fr-FR\" data-gyg-currency=\"EUR\" data-gyg-widget=\"availability\" data-gyg-variant=\"horizontal\" data-gyg-partner-id=\"GCH95UJ\" data-gyg-cmp=\"petra\"><span>Prodotto da <a target=\"_blank\" rel=\"sponsored noopener\" href=\"https:\/\/www.getyourguide.com\/amman-l1035\/\">GetYourGuide<\/a><\/span><\/div>\n<div class=\"lazyblock-conseils-et-hebergements-Z1xyXGO wp-block-lazyblock-conseils-et-hebergements\"><div class=\"conseils-hebergements\"><span class=\"titre-conseils\"><i class=\"fas fa-map-marked-alt\"><\/i>I nostri consigli per il trasporto<\/span>\n<p><p><a href=\"https:\/\/www.getyourguide.fr\/amman-l1035\/au-depart-d-amman-excursion-privee-ou-en-groupe-d-une-journee-a-petra-et-wadi-rum-t467764\/?partner_id=GCH95UJ&amp;utm_medium=online_publisher&amp;cmp=petra\" target=\"_blank\" rel=\"noopener\"><strong>&#x27a1;&#xfe0f; Informazioni e prenotazione di un&#8217;escursione all-inclusive da Amman<\/strong><\/a><\/p>\n<p><strong>Compagnia di autobus:<\/strong> <a href=\"https:\/\/www.jett.com.jo\/en\" target=\"_blank\" rel=\"noopener\">https:\/\/www.jett.com.jo\/en<\/a><\/p>\n<p><strong>Auto<\/strong>: per confrontare i prezzi di noleggio, ti consigliamo il sito web RentalCars. In pieno agosto abbiamo trovato un&#8217;auto a <strong>35 euro al giorno<\/strong>.<\/p><\/p><\/div><\/div>\n<h2 class=\"wp-block-heading\" id=\"siq\">I siti principali: S\u00eeq, Khazneh e Deir<\/h2>\n\n<ul class=\"wp-block-list\">\n<li><strong>Siq<\/strong>: questo <strong>magnifico canyon<\/strong>, lungo 1,2 chilometri e incredibilmente colorato, \u00e8 la via d&#8217;accesso alla citt\u00e0 di Petra, quindi lo percorrerete due volte al giorno.  <\/li>\n<\/ul>\n\n<p>Vi sentirete sicuramente molto piccoli circondati da queste alte mura, alte circa 10 metri.  <\/p>\n\n<p>All&#8217;ingresso della citt\u00e0, il <strong>Siq<\/strong> \u00e8 a volte largo solo 3 metri. Non vedrete l&#8217;ora di scoprire le meraviglie che si nascondono alla fine della strada!  <\/p>\n\n<figure class=\"wp-block-image size-large\"><img data-recalc-dims=\"1\" data-dominant-color=\"784d3b\" data-has-transparency=\"false\" style=\"--dominant-color: #784d3b;\" decoding=\"async\" width=\"800\" height=\"1067\" src=\"https:\/\/i0.wp.com\/www.pourquoi-pas-nous.com\/wp-content\/uploads\/2019\/08\/P1010241-e1565381313377-jpg-webp.webp?resize=800%2C1067&#038;ssl=1\" alt=\"\" class=\"wp-image-2610 not-transparent\" title=\"\" srcset=\"https:\/\/i0.wp.com\/www.pourquoi-pas-nous.com\/wp-content\/uploads\/2019\/08\/P1010241-e1565381313377-jpg-webp.webp?resize=900%2C1200&amp;ssl=1 900w, https:\/\/i0.wp.com\/www.pourquoi-pas-nous.com\/wp-content\/uploads\/2019\/08\/P1010241-e1565381313377-jpg-webp.webp?resize=400%2C533&amp;ssl=1 400w, https:\/\/i0.wp.com\/www.pourquoi-pas-nous.com\/wp-content\/uploads\/2019\/08\/P1010241-e1565381313377-jpg-webp.webp?resize=384%2C512&amp;ssl=1 384w, https:\/\/i0.wp.com\/www.pourquoi-pas-nous.com\/wp-content\/uploads\/2019\/08\/P1010241-e1565381313377-jpg-webp.webp?resize=768%2C1024&amp;ssl=1 768w, https:\/\/i0.wp.com\/www.pourquoi-pas-nous.com\/wp-content\/uploads\/2019\/08\/P1010241-e1565381313377-jpg-webp.webp?w=1024&amp;ssl=1 1024w\" sizes=\"(max-width: 800px) 100vw, 800px\" \/><\/figure>\n\n<ul class=\"wp-block-list\">\n<li><strong>Khazneh<\/strong> (il tesoro): questa <strong>tomba nabatea <\/strong>\u00e8 il primo edificio che si incontra uscendo dal canyon! Sarete sopraffatti dalla sua grandezza e bellezza.  <\/li>\n<\/ul>\n\n<p>\u00c8 il sito turistico pi\u00f9 popolare della citt\u00e0. Se partite appena il sito apre, avrete la possibilit\u00e0 di contemplare la sua facciata quasi da soli nel mondo.  <\/p>\n\n<figure class=\"wp-block-image size-large\"><img data-recalc-dims=\"1\" height=\"600\" width=\"800\" data-dominant-color=\"886a5b\" data-has-transparency=\"false\" style=\"--dominant-color: #886a5b;\" decoding=\"async\" src=\"https:\/\/i0.wp.com\/www.pourquoi-pas-nous.com\/wp-content\/uploads\/2019\/08\/P1010161.webp?resize=800%2C600&#038;ssl=1\" alt=\"Porta di Petra\" class=\"wp-image-2606 not-transparent\" title=\"\"><\/figure>\n\n<ul class=\"wp-block-list\">\n<li><strong>Deir<\/strong>: questo <strong>monastero <\/strong>va guadagnato e si raggiunge dopo aver salito non meno di <strong>800 gradini<\/strong> scavati nella roccia. Una volta in cima, si pu\u00f2 godere di un&#8217;incredibile vista sulle valli circostanti.  <\/li>\n<\/ul>\n\n<figure class=\"wp-block-image size-large\"><img data-recalc-dims=\"1\" height=\"600\" width=\"800\" data-dominant-color=\"91827d\" data-has-transparency=\"false\" style=\"--dominant-color: #91827d;\" decoding=\"async\" src=\"https:\/\/i0.wp.com\/www.pourquoi-pas-nous.com\/wp-content\/uploads\/2019\/08\/P1010521.webp?resize=800%2C600&#038;ssl=1\" alt=\"\" class=\"wp-image-2612 not-transparent\" title=\"\"><\/figure>\n\n<h2 class=\"wp-block-heading\" id=\"petra2\">Visitare Petra in 2 o 3 giorni:<\/h2>\n\n<p>Per evitare la folla e il caldo, vi consigliamo di arrivare non appena <strong>il sito apre, intorno alle 6.00\/18.30<\/strong>.  <\/p>\n\n<p>Non potrete pi\u00f9 dormire durante i vostri pochi giorni a <strong>Petra<\/strong>, ma vi sar\u00e0 comunque permesso di fare un pisolino ogni pomeriggio in piscina o nella vostra camera d&#8217;albergo.<\/p>\n\n<p>Cos\u00ec potrete godervi l&#8217;intera mattinata sul sito. La colazione, preparata il giorno prima, l&#8217;abbiamo consumata al nostro arrivo al <strong>Siq<\/strong>. Si trattava di banane, mustabal, hummus, semi e pane pita. Avevamo bisogno di forza per affrontare la mattinata. Dato che saremmo tornati in albergo verso le 12.00.  <\/p>\n\n<p>Portate con voi anche una bottiglia d&#8217;acqua da un litro e mezzo, perch\u00e9 i prezzi sono esorbitanti.<\/p>\n\n<figure class=\"wp-block-image size-large\"><img data-recalc-dims=\"1\" data-dominant-color=\"91755e\" data-has-transparency=\"false\" style=\"--dominant-color: #91755e;\" decoding=\"async\" width=\"800\" height=\"600\" src=\"https:\/\/i0.wp.com\/www.pourquoi-pas-nous.com\/wp-content\/uploads\/2019\/08\/P1010369-jpg-webp.webp?resize=800%2C600&#038;ssl=1\" alt=\"\" class=\"wp-image-2611 not-transparent\" title=\"\" srcset=\"https:\/\/i0.wp.com\/www.pourquoi-pas-nous.com\/wp-content\/uploads\/2019\/08\/P1010369-jpg-webp.webp?resize=1200%2C900&amp;ssl=1 1200w, https:\/\/i0.wp.com\/www.pourquoi-pas-nous.com\/wp-content\/uploads\/2019\/08\/P1010369-jpg-webp.webp?resize=400%2C300&amp;ssl=1 400w, https:\/\/i0.wp.com\/www.pourquoi-pas-nous.com\/wp-content\/uploads\/2019\/08\/P1010369-jpg-webp.webp?resize=512%2C384&amp;ssl=1 512w, https:\/\/i0.wp.com\/www.pourquoi-pas-nous.com\/wp-content\/uploads\/2019\/08\/P1010369-jpg-webp.webp?resize=768%2C576&amp;ssl=1 768w, https:\/\/i0.wp.com\/www.pourquoi-pas-nous.com\/wp-content\/uploads\/2019\/08\/P1010369-jpg-webp.webp?w=1365&amp;ssl=1 1365w\" sizes=\"(max-width: 800px) 100vw, 800px\" \/><\/figure>\n\n<p>Per raggiungere il sito bisogna percorrere 1,2 chilometri, quindi non abbiamo potuto dividere la nostra visita in due parti.  <\/p>\n\n<p>Nei siti turistici come <strong>Bagan<\/strong> o <strong>Angkor<\/strong>, di solito ci organizziamo come segue. Abbiamo visitato la prima parte non appena il sito <strong>\u00e8 stato aperto<\/strong> per evitare la folla di turisti, poi siamo tornati in albergo per fare colazione e dormire qualche ora. Una volta rinfrescati, siamo ripartiti per una seconda <strong>esplorazione alla fine della giornata<\/strong>.  <\/p>\n\n<p>Cos\u00ec siamo rimasti sul sito per quasi <strong>4 ore<\/strong> di fila, facendo diverse lunghe e meritate pause!<\/p>\n\n<p>Siamo tornati a casa esausti dal <strong>nostro primo giorno di esplorazione<\/strong>. Cos\u00ec per i due giorni successivi abbiamo alleggerito l&#8217;itinerario.  <\/p>\n\n<p>Se avete solo <strong>due giorni a disposizione, potete combinare il secondo e il terzo giorno!<\/strong><\/p>\n\n<p>La vostra visita inizier\u00e0 ogni giorno al <strong>Centro visitatori (1)<\/strong>, poi camminerete lungo il <strong>Siq (2 <\/strong>) e infine raggiungerete<strong> il Khazneh (3<\/strong> ). I numeri corrispondono ai punti della mappa sottostante.<\/p>\n\n<ul class=\"wp-block-list\">\n<li><strong>Giorno 1<\/strong>: <strong>Il Khazneh (3)<\/strong> dal basso, poi verso l&#8217;alto per una vista a volo d&#8217;uccello, prendendo un sentiero dietro <strong>le tombe (5),<\/strong> la <strong>citt\u00e0 bassa<\/strong> <strong>(4)<\/strong> (teatro romano, vicolo a colonne&#8230;), <strong>la chiesa bizantina, la Cappella Blu (6)<\/strong> e le <strong>tombe reali<\/strong> <strong>(5 <\/strong>).  <\/li>\n<\/ul>\n\n<ul class=\"wp-block-list\">\n<li><strong>2\u00b0 giorno <\/strong>: Le <strong>Deir<\/strong> <strong>(a nord-est della mappa)<\/strong> e <strong>passeggiata in collina<\/strong> per ammirare un panorama mozzafiato!<\/li>\n<\/ul>\n\n<ul class=\"wp-block-list\">\n<li><strong>Giorno 3 <\/strong>: <strong>Alto Luogo del Sacrificio (7<\/strong>), magnifico punto di vista su tutta Petra!<\/li>\n<\/ul>\n\n<iframe src=\"https:\/\/www.google.com\/maps\/d\/embed?mid=1Q_ZKc28VUncbvnlsONOGO_uw1T__sQU7&#038;hl=fr\" width=\"640\" height=\"480\"><\/iframe>\n\n<h2 class=\"wp-block-heading\">Petra di notte: organizzazione della visita  <\/h2>\n\n<p>Vi consigliamo di non perdere lo spettacolo <strong>Petra by Night<\/strong> su<strong> <\/strong>. Lungo il Sik e presso il Tesoro vengono accese circa 2.000 candele.  <\/p>\n\n<p>L&#8217;atmosfera \u00e8 magica quando si arriva davanti al <strong>tesoro<\/strong>, illuminato solo dalla luce di centinaia di candele<strong>.<\/strong> Sedetevi in silenzio e godetevi appieno lo spettacolo.<\/p>\n\n<p>Questa <strong>esperienza notturna<\/strong> inizia alle 20.30 dal centro visitatori e dura circa 2 ore. Il prezzo \u00e8 di<strong> 17JD<\/strong> (circa 21 euro), quindi controllate il sito ufficiale per i giorni e gli orari.  <\/p>\n\n<p><\/p>\n\n<figure class=\"wp-block-gallery has-nested-images columns-default is-cropped wp-block-gallery-2 is-layout-flex wp-block-gallery-is-layout-flex\">\n<figure class=\"wp-block-image size-large\"><img data-recalc-dims=\"1\" data-dominant-color=\"6d483f\" data-has-transparency=\"false\" style=\"--dominant-color: #6d483f;\" loading=\"lazy\" decoding=\"async\" width=\"800\" height=\"1000\" data-id=\"18454\" src=\"https:\/\/i0.wp.com\/www.pourquoi-pas-nous.com\/wp-content\/uploads\/2023\/05\/c8f1hj_utrk.jpg?resize=800%2C1000&#038;ssl=1\" alt=\"Petra di notte\" class=\"wp-image-18454 not-transparent\" title=\"\" srcset=\"https:\/\/i0.wp.com\/www.pourquoi-pas-nous.com\/wp-content\/uploads\/2023\/05\/c8f1hj_utrk-jpg.webp?resize=819%2C1024&amp;ssl=1 819w, https:\/\/i0.wp.com\/www.pourquoi-pas-nous.com\/wp-content\/uploads\/2023\/05\/c8f1hj_utrk-jpg.webp?resize=400%2C500&amp;ssl=1 400w, https:\/\/i0.wp.com\/www.pourquoi-pas-nous.com\/wp-content\/uploads\/2023\/05\/c8f1hj_utrk-jpg.webp?resize=240%2C300&amp;ssl=1 240w, https:\/\/i0.wp.com\/www.pourquoi-pas-nous.com\/wp-content\/uploads\/2023\/05\/c8f1hj_utrk-jpg.webp?resize=768%2C960&amp;ssl=1 768w, https:\/\/i0.wp.com\/www.pourquoi-pas-nous.com\/wp-content\/uploads\/2023\/05\/c8f1hj_utrk-jpg.webp?w=960&amp;ssl=1 960w\" sizes=\"(max-width: 800px) 100vw, 800px\" \/><\/figure>\n\n\n\n<figure class=\"wp-block-image size-large\"><img data-recalc-dims=\"1\" height=\"534\" width=\"800\" data-dominant-color=\"331505\" data-has-transparency=\"false\" style=\"--dominant-color: #331505;\" decoding=\"async\" data-id=\"18497\" src=\"https:\/\/i0.wp.com\/www.pourquoi-pas-nous.com\/wp-content\/uploads\/2023\/05\/xqdxuovb82a-1.webp?resize=800%2C534&#038;ssl=1\" alt=\"Petra di notte\" class=\"wp-image-18497 not-transparent\" title=\"\"><\/figure>\n<\/figure>\n\n<h2 class=\"wp-block-heading\">Petra \u00e8 una delle 7 meraviglie del mondo?<\/h2>\n\n<p>Petra non fa parte dell&#8217;elenco delle 7 meraviglie del mondo, ma pu\u00f2 essere considerata l&#8217;ottava, poich\u00e9 \u00e8 stata designata come una delle 7 meraviglie del mondo dalla New Seven Wonders Foundation nel 2007.<em>\n  <strong> <\/strong>\n<\/em>7 Meraviglie del Mondo dalla New Seven Wonders Foundation nel 2007.  <\/p>\n\n<p>Comprendiamo perfettamente il motivo per cui \u00e8 stato inserito nella lista, poich\u00e9 \u00e8 uno dei siti pi\u00f9 belli che abbiamo avuto modo di visitare.<\/p>\n\n<h2 class=\"wp-block-heading\" id=\"petrapratique\">Informazioni pratiche<\/h2>\n\n<h3 class=\"wp-block-heading\">Biglietto d&#8217;ingresso: Jordan pass<\/h3>\n\n<p>Avete due opzioni:  <\/p>\n\n<ul class=\"wp-block-list\">\n<li>1\/ <strong>Opzione consigliata<\/strong>: <strong>acquista il Jordan Pass<\/strong> prima di partire, che include il visto e l&#8217;ingresso al sito di Petra, oltre all&#8217;ingresso a diversi siti giordani. Scopri di pi\u00f9 su questo pass nel <a href=\"http:\/\/www.pourquoi-pas-nous.com\/tourisme-en-jordanie-les-6-incontournables-de-votre-voyage\/\" target=\"_blank\" rel=\"noreferrer noopener\" aria-label=\"notre article voyage en Jordanie (s&#x2019;ouvre dans un nouvel onglet)\">nostro articolo sul viaggio in Giordania<\/a>.  <\/li>\n<\/ul>\n\n<ul class=\"wp-block-list\">\n<li>2\/ <strong>Altra opzione<\/strong>: <strong>acquistare il biglietto solo per Petra<\/strong>, il prezzo varia in base alla durata del viaggio (uno, due o tre giorni). I prezzi sono rispettivamente di 50 JOD (63 euro), 55 JOD (70 euro) e 60 JOD (75 euro).<\/li>\n<\/ul>\n\n<figure class=\"wp-block-image size-large\"><img data-recalc-dims=\"1\" data-dominant-color=\"866659\" data-has-transparency=\"false\" style=\"--dominant-color: #866659;\" loading=\"lazy\" decoding=\"async\" width=\"800\" height=\"600\" src=\"https:\/\/i0.wp.com\/www.pourquoi-pas-nous.com\/wp-content\/uploads\/2023\/05\/P1010165.jpg?resize=800%2C600&#038;ssl=1\" alt=\"\" class=\"wp-image-18468 not-transparent\" title=\"\" srcset=\"https:\/\/i0.wp.com\/www.pourquoi-pas-nous.com\/wp-content\/uploads\/2023\/05\/P1010165-scaled.webp?resize=1024%2C768&amp;ssl=1 1024w, https:\/\/i0.wp.com\/www.pourquoi-pas-nous.com\/wp-content\/uploads\/2023\/05\/P1010165-scaled.webp?resize=400%2C300&amp;ssl=1 400w, https:\/\/i0.wp.com\/www.pourquoi-pas-nous.com\/wp-content\/uploads\/2023\/05\/P1010165-scaled.webp?resize=1200%2C900&amp;ssl=1 1200w, https:\/\/i0.wp.com\/www.pourquoi-pas-nous.com\/wp-content\/uploads\/2023\/05\/P1010165-scaled.webp?resize=300%2C225&amp;ssl=1 300w, https:\/\/i0.wp.com\/www.pourquoi-pas-nous.com\/wp-content\/uploads\/2023\/05\/P1010165-scaled.webp?resize=768%2C576&amp;ssl=1 768w, https:\/\/i0.wp.com\/www.pourquoi-pas-nous.com\/wp-content\/uploads\/2023\/05\/P1010165-scaled.webp?resize=1536%2C1152&amp;ssl=1 1536w, https:\/\/i0.wp.com\/www.pourquoi-pas-nous.com\/wp-content\/uploads\/2023\/05\/P1010165-scaled.webp?w=2048&amp;ssl=1 2048w, https:\/\/i0.wp.com\/www.pourquoi-pas-nous.com\/wp-content\/uploads\/2023\/05\/P1010165-scaled.webp?w=1600&amp;ssl=1 1600w\" sizes=\"(max-width: 800px) 100vw, 800px\" \/><figcaption class=\"wp-element-caption\"><em>I nostri grandi sorrisi davanti al tesoro<\/em><\/figcaption><\/figure>\n\n<h3 class=\"wp-block-heading\">Passaporto<\/h3>\n\n<p>Il passaporto sar\u00e0 richiesto ogni giorno all&#8217;ingresso del sito. Non lasciatela in albergo.<\/p>\n\n<h3 class=\"wp-block-heading\">Dove alloggiare, quale hotel?<\/h3>\n\n<p>Se non avete un&#8217;auto, vi consigliamo di dormire vicino all&#8217;ingresso. Potrete dormire il pi\u00f9 a lungo possibile! In estate, si consiglia di scegliere un hotel con piscina. Al ritorno dalla mattinata vi state godendo la vostra nuotata.<\/p>\n<div class=\"lazyblock-conseils-et-hebergements-218ui1 wp-block-lazyblock-conseils-et-hebergements\"><div class=\"conseils-hebergements\"><span class=\"titre-conseils\"><i class=\"fas fa-map-marked-alt\"><\/i>Nos conseils et h\u00e9bergements<\/span>\n<p><p><strong>&#x27a1;&#xfe0f;Coup<\/strong> <strong>con piscina<\/strong>: l&#8217;<a class=\"rank-math-link\" href=\"https:\/\/www.booking.com\/hotel\/jo\/petra-moon.en.html?aid=1529171&amp;no_rooms=1&amp;group_adults=1364\" target=\"_blank\" rel=\"noopener\">hotel Petra Moon <\/a>\u00e8 un&#8217;ottima opzione, situato a soli <strong>5 minuti dall&#8217;ingresso<\/strong> e dotato di una <strong>piscina <\/strong>per rilassarsi dopo una lunga mattinata di visite turistiche. Le camere sono piacevoli e pulite.  <\/p><p>&#x27a1;&#xfe0f;Si \u00e8 al completo, quindi consigliamo il <a href=\"https:\/\/www.booking.com\/hotel\/jo\/petra-corner-petra-district.en.html?aid=1529171&amp;no_rooms=1&amp;group_adults=2\" target=\"_blank\" rel=\"noreferrer noopener\">Petra Corner Hotel<\/a>, anch&#8217;esso a 5 minuti dall&#8217;ingresso di Petra, con camere molto confortevoli.<\/p><p><strong>&#x27a1;&#xfe0f;Restaurant a Petra (citt\u00e0 di Gaia): il<\/strong> <strong>ristorante My Mom&#8217;s Recipe<\/strong>, situato proprio accanto al nostro hotel, dove andavamo ogni giorno di ritorno dalla visita mattutina.  <\/p><p>I prezzi sono molto pi\u00f9 alti che nel resto del Paese. Questo accade spesso nelle zone turistiche. Pranzo a buffet 12 JOD o piatti \u00e0 la carte. La terrazza all&#8217;ultimo piano \u00e8 molto piacevole.  <\/p><p>Abbiamo preso l&#8217;hummus o il moutabal da portare via per la colazione.<br><br> Ci sono diversi <strong>mini-market <\/strong>dove \u00e8 possibile acquistare cibo per la colazione.<br><br> <\/p><\/p><\/div><\/div><div class=\"lazyblock-bouton-Z1gXn2E wp-block-lazyblock-bouton\"><a href=\"https:\/\/www.booking.com\/searchresults.en.html?region=3470&amp;aid=1529171&amp;no_rooms=1&amp;group_adults=1\" target=\"_blank\" rel=\"sponsored noopener\"><button>Hotel pi\u00f9 votati di Petra<\/button><\/a><\/div>\n<figure class=\"wp-block-image size-large\"><img data-recalc-dims=\"1\" data-dominant-color=\"8d7d75\" data-has-transparency=\"false\" style=\"--dominant-color: #8d7d75;\" loading=\"lazy\" decoding=\"async\" width=\"800\" height=\"600\" src=\"https:\/\/i0.wp.com\/www.pourquoi-pas-nous.com\/wp-content\/uploads\/2019\/08\/P1010137.webp?resize=800%2C600&#038;ssl=1\" alt=\"\" class=\"wp-image-3209 not-transparent\" title=\"\" srcset=\"https:\/\/i0.wp.com\/www.pourquoi-pas-nous.com\/wp-content\/uploads\/2019\/08\/P1010137.jpg?resize=1200%2C900&amp;ssl=1 1200w, https:\/\/i0.wp.com\/www.pourquoi-pas-nous.com\/wp-content\/uploads\/2019\/08\/P1010137.jpg?resize=400%2C300&amp;ssl=1 400w, https:\/\/i0.wp.com\/www.pourquoi-pas-nous.com\/wp-content\/uploads\/2019\/08\/P1010137.jpg?resize=512%2C384&amp;ssl=1 512w, https:\/\/i0.wp.com\/www.pourquoi-pas-nous.com\/wp-content\/uploads\/2019\/08\/P1010137.jpg?resize=768%2C576&amp;ssl=1 768w, https:\/\/i0.wp.com\/www.pourquoi-pas-nous.com\/wp-content\/uploads\/2019\/08\/P1010137.jpg?w=1365&amp;ssl=1 1365w\" sizes=\"(max-width: 800px) 100vw, 800px\" \/><\/figure>\n\n<p>Siamo stati molto contenti del nostro soggiorno a <strong>Petra<\/strong>. Ci \u00e8 piaciuto molto esplorare questa incantevole citt\u00e0 da cima a fondo. Dovrete camminare molto ogni giorno, ma ne vale la pena perch\u00e9 \u00e8 un luogo unico al mondo!<\/p>\n\n<p>&#x27a1;&#xfe0f; Dopo Petra, vi consigliamo di <a href=\"http:\/\/www.pourquoi-pas-nous.com\/aqaba-la-pause-snorkeling-et-plongee-de-votre-voyage-en-jordanie\/\" data-type=\"URL\" data-id=\"http:\/\/www.pourquoi-pas-nous.com\/aqaba-la-pause-snorkeling-et-plongee-de-votre-voyage-en-jordanie\/\">visitare Aqaba<\/a> per qualche giorno, per una meritata pausa di spiaggia, immersioni e\/o snorkeling!<\/p>\n\n<p>Vi auguriamo un buon soggiorno a Petra! Non esitate a lasciarci un <strong>commento<\/strong> o <strong>5 stelle<\/strong> qui sotto, per farci sapere se state organizzando questo viaggio o per farci domande, qui o su <a href=\"https:\/\/www.instagram.com\/pourquoipasnous_voyage\/\" target=\"_blank\" rel=\"noreferrer noopener\">Instagram<\/a>, e saremo lieti di rispondervi.  <\/p>\n<div style='text-align:right' class='yasr-auto-insert-visitor'><\/div>","protected":false},"excerpt":{"rendered":"<p>La citt\u00e0 di Petra \u00e8 uno dei luoghi pi\u00f9 belli che abbiamo visitato al mondo. \u00c8 un luogo protetto dal turismo, e quando aprir\u00e0 avrete la possibilit\u00e0 di aggirarvi in un sito quasi deserto. Siamo rimasti totalmente incantati da questo luogo. Vi illustreremo il nostro itinerario di visita a Petra, per non perdervi nulla, e [&hellip;]<\/p>\n","protected":false},"author":2,"featured_media":23986,"comment_status":"open","ping_status":"open","sticky":false,"template":"","format":"standard","meta":{"_acf_changed":false,"_wp_convertkit_post_meta":{"form":"-1","landing_page":"0","tag":"0","restrict_content":"0"},"jetpack_post_was_ever_published":true,"yasr_overall_rating":0,"yasr_post_is_review":"","yasr_auto_insert_disabled":"","yasr_review_type":"","_jetpack_newsletter_access":"","_jetpack_dont_email_post_to_subs":false,"_jetpack_newsletter_tier_id":0,"_jetpack_memberships_contains_paywalled_content":false,"_jetpack_memberships_contains_paid_content":false,"footnotes":""},"categories":[284,270],"tags":[],"class_list":["post-23970","post","type-post","status-publish","format-standard","has-post-thumbnail","hentry","category-giordania","category-guida-di-viaggio"],"acf":[],"_wp_attached_file":null,"_wp_attachment_image_alt":null,"rank_math_primary_category":"55","rank_math_title":"Visitare Petra in Giordania nell'anno in corso? Da non perdere","rank_math_description":"Visitate Petra in Giordania e immergetevi nell'affascinante storia di questa misteriosa citt\u00e0. Scoprite i nostri consigli per una visita arricchente.","rank_math_focus_keyword":"visita di petra, petra jordan","yasr_visitor_votes":{"stars_attributes":{"read_only":false,"span_bottom":false},"number_of_votes":0,"sum_votes":0},"jetpack_featured_media_url":"https:\/\/i0.wp.com\/www.pourquoi-pas-nous.com\/wp-content\/uploads\/2019\/08\/P1010161.webp?fit=1365%2C1024&ssl=1","jetpack_sharing_enabled":true,"_links":{"self":[{"href":"https:\/\/www.pourquoi-pas-nous.com\/it\/wp-json\/wp\/v2\/posts\/23970","targetHints":{"allow":["GET"]}}],"collection":[{"href":"https:\/\/www.pourquoi-pas-nous.com\/it\/wp-json\/wp\/v2\/posts"}],"about":[{"href":"https:\/\/www.pourquoi-pas-nous.com\/it\/wp-json\/wp\/v2\/types\/post"}],"author":[{"embeddable":true,"href":"https:\/\/www.pourquoi-pas-nous.com\/it\/wp-json\/wp\/v2\/users\/2"}],"replies":[{"embeddable":true,"href":"https:\/\/www.pourquoi-pas-nous.com\/it\/wp-json\/wp\/v2\/comments?post=23970"}],"version-history":[{"count":22,"href":"https:\/\/www.pourquoi-pas-nous.com\/it\/wp-json\/wp\/v2\/posts\/23970\/revisions"}],"predecessor-version":[{"id":75832,"href":"https:\/\/www.pourquoi-pas-nous.com\/it\/wp-json\/wp\/v2\/posts\/23970\/revisions\/75832"}],"wp:featuredmedia":[{"embeddable":true,"href":"https:\/\/www.pourquoi-pas-nous.com\/it\/wp-json\/wp\/v2\/media\/23986"}],"wp:attachment":[{"href":"https:\/\/www.pourquoi-pas-nous.com\/it\/wp-json\/wp\/v2\/media?parent=23970"}],"wp:term":[{"taxonomy":"category","embeddable":true,"href":"https:\/\/www.pourquoi-pas-nous.com\/it\/wp-json\/wp\/v2\/categories?post=23970"},{"taxonomy":"post_tag","embeddable":true,"href":"https:\/\/www.pourquoi-pas-nous.com\/it\/wp-json\/wp\/v2\/tags?post=23970"}],"curies":[{"name":"wp","href":"https:\/\/api.w.org\/{rel}","templated":true}]}}