{"id":24000,"date":"2022-06-07T14:38:00","date_gmt":"2022-06-07T13:38:00","guid":{"rendered":"https:\/\/www.pourquoi-pas-nous.com\/turismo-lecco-sul-lago-di-como-italia\/"},"modified":"2026-02-27T17:54:48","modified_gmt":"2026-02-27T15:54:48","slug":"italia-lecco-lac-come","status":"publish","type":"post","link":"https:\/\/www.pourquoi-pas-nous.com\/it\/italia-lecco-lac-come\/","title":{"rendered":"Cosa fare a Lecco sul Lago di Como: consigli e informazioni pratiche per organizzare la tua visita"},"content":{"rendered":"\n<p>Lecco \u00e8 una delle <strong>citt\u00e0<\/strong> pi\u00f9 meridionali del <a href=\"https:\/\/www.pourquoi-pas-nous.com\/it\/visiter-lac-come\/\" data-type=\"post\" data-id=\"2492\">Lago di Como<\/a>. Ci piace perch\u00e9 \u00e8 una <strong>graziosa cittadina sul lago<\/strong> ed \u00e8 molto meno turistica delle sue vicine Varenna, Bellagio&#8230;  <\/p>\n\n<p>In breve, \u00e8 una buona idea andarci!<\/p>\n\n<figure class=\"wp-block-image size-large\"><img data-recalc-dims=\"1\" data-dominant-color=\"62726d\" data-has-transparency=\"false\" style=\"--dominant-color: #62726d;\" fetchpriority=\"high\" decoding=\"async\" width=\"800\" height=\"531\" src=\"https:\/\/i0.wp.com\/www.pourquoi-pas-nous.com\/wp-content\/uploads\/2022\/05\/lecco-gba8c06bc8_1920-1-scaled-jpg-webp.webp?resize=800%2C531&#038;ssl=1\" alt=\"\" class=\"wp-image-5229 not-transparent\" title=\"\" srcset=\"https:\/\/i0.wp.com\/www.pourquoi-pas-nous.com\/wp-content\/uploads\/2022\/05\/lecco-gba8c06bc8_1920-1-scaled-jpg-webp.webp?resize=1200%2C797&amp;ssl=1 1200w, https:\/\/i0.wp.com\/www.pourquoi-pas-nous.com\/wp-content\/uploads\/2022\/05\/lecco-gba8c06bc8_1920-1-scaled-jpg-webp.webp?resize=400%2C266&amp;ssl=1 400w, https:\/\/i0.wp.com\/www.pourquoi-pas-nous.com\/wp-content\/uploads\/2022\/05\/lecco-gba8c06bc8_1920-1-scaled-jpg-webp.webp?resize=512%2C340&amp;ssl=1 512w, https:\/\/i0.wp.com\/www.pourquoi-pas-nous.com\/wp-content\/uploads\/2022\/05\/lecco-gba8c06bc8_1920-1-scaled-jpg-webp.webp?resize=768%2C510&amp;ssl=1 768w, https:\/\/i0.wp.com\/www.pourquoi-pas-nous.com\/wp-content\/uploads\/2022\/05\/lecco-gba8c06bc8_1920-1-scaled-jpg-webp.webp?resize=1536%2C1021&amp;ssl=1 1536w, https:\/\/i0.wp.com\/www.pourquoi-pas-nous.com\/wp-content\/uploads\/2022\/05\/lecco-gba8c06bc8_1920-1-scaled-jpg-webp.webp?w=1541&amp;ssl=1 1541w\" sizes=\"(max-width: 800px) 100vw, 800px\" \/><\/figure>\n\n<h2 class=\"wp-block-heading\">Cosa fare e vedere a Lecco<\/h2>\n\n<div class=\"wp-block-group fiche-lieu has-background is-layout-constrained wp-block-group-is-layout-constrained\" style=\"background-color:#7ba0982e\">\n<p class=\"has-text-align-center is-style-default has-white-color has-text-color has-background has-link-color has-medium-font-size wp-elements-656780112e599518e275e29082fe8e48\" style=\"background-color:#7ba098\"><strong><strong><strong>Fatti salienti : Lecco<\/strong><\/strong><\/strong><\/p>\n\n\n\n<div class=\"wp-block-group has-custom-fond-background-color has-background is-vertical is-layout-flex wp-container-core-group-is-layout-73aff06f wp-block-group-is-layout-flex\" style=\"border-style:none;border-width:0px;margin-top:0px;margin-bottom:0px;padding-top:var(--wp--preset--spacing--10);padding-right:var(--wp--preset--spacing--10);padding-bottom:var(--wp--preset--spacing--10);padding-left:var(--wp--preset--spacing--10)\">\n<div class=\"wp-block-columns is-layout-flex wp-container-core-columns-is-layout-8d88fe0f wp-block-columns-is-layout-flex\" style=\"border-right-style:none;border-right-width:0px;border-bottom-style:none;border-bottom-width:0px;border-left-style:none;border-left-width:0px;padding-top:var(--wp--preset--spacing--20);padding-bottom:var(--wp--preset--spacing--20)\">\n<div class=\"wp-block-column is-layout-flow wp-block-column-is-layout-flow\" style=\"flex-basis:150px\">\n<p class=\"has-text-align-center has-medium-font-size\"><strong>Dove si trova Lecco?<\/strong><\/p>\n<\/div>\n\n\n\n<div class=\"wp-block-column is-layout-flow wp-block-column-is-layout-flow\" style=\"flex-basis:100%\">\n<p>Sulle rive del Lago di Como, la punta sud-orientale della Lombardia.<br\/><\/p>\n<\/div>\n<\/div>\n\n\n\n<div class=\"wp-block-columns is-layout-flex wp-container-core-columns-is-layout-8d88fe0f wp-block-columns-is-layout-flex\" style=\"border-top-color:var(--wp--preset--color--custom-bleu-fonc);border-top-style:dotted;border-top-width:1px;padding-top:var(--wp--preset--spacing--20);padding-bottom:var(--wp--preset--spacing--20)\">\n<div class=\"wp-block-column is-layout-flow wp-block-column-is-layout-flow\" style=\"flex-basis:150px\">\n<p class=\"has-text-align-center has-medium-font-size\"><strong>Da non perdere<\/strong><\/p>\n<\/div>\n\n\n\n<div class=\"wp-block-column is-layout-flow wp-block-column-is-layout-flow\" style=\"flex-basis:100%\">\n<ul class=\"wp-block-list\">\n<li>Passeggiata<strong> sul lago<\/strong> + <strong>gelato<\/strong><\/li>\n\n\n\n<li><strong>Funivia <\/strong>dei Piani d&#8217;Erna + punto panoramico<\/li>\n\n\n\n<li><strong>Basilica di San Nicola<\/strong><br\/><\/li>\n<\/ul>\n<\/div>\n<\/div>\n\n\n\n<div class=\"wp-block-columns is-layout-flex wp-container-core-columns-is-layout-8d88fe0f wp-block-columns-is-layout-flex\" style=\"border-top-color:var(--wp--preset--color--custom-bleu-fonc);border-top-style:dotted;border-top-width:1px;padding-top:var(--wp--preset--spacing--20);padding-bottom:var(--wp--preset--spacing--20)\">\n<div class=\"wp-block-column is-layout-flow wp-block-column-is-layout-flow\" style=\"flex-basis:150px\">\n<p class=\"has-text-align-center has-medium-font-size\"><strong>Hotel  <\/strong><\/p>\n<\/div>\n\n\n\n<div class=\"wp-block-column is-layout-flow wp-block-column-is-layout-flow\" style=\"flex-basis:100%\">\n<p>&#x1f3e8; <a data-ghostlink=\"link_default\" href=\"https:\/\/www.booking.com\/hotel\/it\/agriturismo-deviscio.en.html?aid=1529171&amp;no_rooms=1&amp;group_adults=2\" target=\"_blank\" rel=\"noopener\">Agriturismo Deviscio<\/a> nelle colline sopra Lecco, con vista<\/p>\n<\/div>\n<\/div>\n<\/div>\n<\/div>\n\n<h3 class=\"wp-block-heading\">1. Passeggiata sul lago: Lungolago di Lecco<\/h3>\n\n<p>Come in tutti i villaggi lacustri, la <strong>passeggiata<\/strong> sul lungolago \u00e8 l&#8217;attivit\u00e0 principale.  <\/p>\n\n<p>Abbiamo colto l&#8217;occasione per ammirare la splendida <strong>vista<\/strong> del lago e delle montagne circostanti gustando un delizioso <strong>gelato<\/strong> alla <strong>Gelateria Toldo<\/strong>. S\u00ec, un altro!<\/p>\n\n<figure class=\"wp-block-gallery has-nested-images columns-default is-cropped wp-block-gallery-2 is-layout-flex wp-block-gallery-is-layout-flex\">\n<figure class=\"wp-block-image size-large\"><img data-recalc-dims=\"1\" data-dominant-color=\"6e8da4\" data-has-transparency=\"false\" style=\"--dominant-color: #6e8da4;\" decoding=\"async\" width=\"800\" height=\"539\" data-id=\"5231\" src=\"https:\/\/i0.wp.com\/www.pourquoi-pas-nous.com\/wp-content\/uploads\/2022\/05\/the-needle-g7c31942bb_1920-scaled-jpg-webp.webp?resize=800%2C539&#038;ssl=1\" alt=\"\" class=\"wp-image-5231 not-transparent\" title=\"\" srcset=\"https:\/\/i0.wp.com\/www.pourquoi-pas-nous.com\/wp-content\/uploads\/2022\/05\/the-needle-g7c31942bb_1920-scaled-jpg-webp.webp?resize=1200%2C809&amp;ssl=1 1200w, https:\/\/i0.wp.com\/www.pourquoi-pas-nous.com\/wp-content\/uploads\/2022\/05\/the-needle-g7c31942bb_1920-scaled-jpg-webp.webp?resize=400%2C270&amp;ssl=1 400w, https:\/\/i0.wp.com\/www.pourquoi-pas-nous.com\/wp-content\/uploads\/2022\/05\/the-needle-g7c31942bb_1920-scaled-jpg-webp.webp?resize=512%2C345&amp;ssl=1 512w, https:\/\/i0.wp.com\/www.pourquoi-pas-nous.com\/wp-content\/uploads\/2022\/05\/the-needle-g7c31942bb_1920-scaled-jpg-webp.webp?resize=768%2C518&amp;ssl=1 768w, https:\/\/i0.wp.com\/www.pourquoi-pas-nous.com\/wp-content\/uploads\/2022\/05\/the-needle-g7c31942bb_1920-scaled-jpg-webp.webp?w=1519&amp;ssl=1 1519w\" sizes=\"(max-width: 800px) 100vw, 800px\" \/><\/figure>\n<\/figure>\n\n<h3 class=\"wp-block-heading\">2. Funivia dei Piani d&#8217;Erna<\/h3>\n\n<p>Questa \u00e8 la <strong>seconda attivit\u00e0<\/strong> da fare durante il tuo soggiorno ed \u00e8 ideale per i bambini.  <\/p>\n\n<p>In inverno, la localit\u00e0 dei <strong>Piani di Bobbio-Valtorta<\/strong> offre circa 35 km di piste, perfette per tutti i livelli di sciatori. Il punto di partenza della funivia si trova a soli dieci minuti di auto da <strong>Lecco<\/strong>, rendendo l&#8217;accesso davvero facile. <\/p>\n\n<p>Ma la buona notizia \u00e8 che <strong>il resort rimane aperto tutto l&#8217;anno<\/strong>. Al di fuori della stagione sciistica, ti consigliamo di prendere la funivia per arrivare fin lass\u00f9. <\/p>\n\n<p><strong>Praticit\u00e0:  <\/strong><\/p>\n\n<ul class=\"wp-block-list\">\n<li>Il parcheggio \u00e8 disponibile accanto alla struttura al costo di 3\u20ac al giorno,  <\/li>\n\n\n\n<li>Linea di autobus 5 da Lecco  <\/li>\n\n\n\n<li>Il <a href=\"https:\/\/pianidibobbio.com\/it\/piani-d-erna\" target=\"_blank\" data-type=\"link\" data-id=\"https:\/\/pianidibobbio.com\/it\/piani-d-erna\" rel=\"noreferrer noopener\">biglietto della funivia<\/a><strong> costa 15\u20ac per adulto andata e ritorno<\/strong>, da acquistare direttamente alla stazione <em>(gratis per i bambini sotto i 3 anni). <\/em> <\/li>\n<\/ul>\n\n<blockquote class=\"wp-block-quote has-text-align-center is-layout-flow wp-block-quote-is-layout-flow\">\n<p>Abbiamo preso la funivia fino a <strong>1.375 metri di altitudine<\/strong> e, una volta in cima, si gode di una vista spettacolare su Lecco, il lago e le montagne; poi si pu\u00f2 continuare a esplorare la zona facendo un&#8217;<strong>escursione<\/strong>.<\/p>\n<\/blockquote>\n\n<p>Dal <strong>rifugio Marchett<\/strong>, situato proprio accanto alla funivia, partono numerosi sentieri ben segnalati, cos\u00ec come <strong>la via ferrata del Pizzo d&#8217;Erna<\/strong>.<\/p>\n\n<figure class=\"wp-block-image size-full\"><img data-recalc-dims=\"1\" data-dominant-color=\"616760\" data-has-transparency=\"true\" style=\"--dominant-color: #616760;\" decoding=\"async\" width=\"800\" height=\"524\" src=\"https:\/\/i0.wp.com\/www.pourquoi-pas-nous.com\/wp-content\/uploads\/2022\/06\/image.png?resize=800%2C524&#038;ssl=1\" alt=\"\" class=\"wp-image-77912 has-transparency\" title=\"\" srcset=\"https:\/\/i0.wp.com\/www.pourquoi-pas-nous.com\/wp-content\/uploads\/2022\/06\/image.png?w=808&amp;ssl=1 808w, https:\/\/i0.wp.com\/www.pourquoi-pas-nous.com\/wp-content\/uploads\/2022\/06\/image.png?resize=400%2C262&amp;ssl=1 400w\" sizes=\"(max-width: 800px) 100vw, 800px\" \/><\/figure>\n\n<figure class=\"wp-block-image size-large\"><img data-recalc-dims=\"1\" data-dominant-color=\"4d6165\" data-has-transparency=\"false\" style=\"--dominant-color: #4d6165;\" loading=\"lazy\" decoding=\"async\" width=\"800\" height=\"450\" class=\"wp-image-5232 not-transparent\" src=\"https:\/\/i0.wp.com\/www.pourquoi-pas-nous.com\/wp-content\/uploads\/2022\/05\/panorama-gcbda2d97c_1920-scaled-jpg-webp.webp?resize=800%2C450&#038;ssl=1\" alt=\"\" title=\"\" srcset=\"https:\/\/i0.wp.com\/www.pourquoi-pas-nous.com\/wp-content\/uploads\/2022\/05\/panorama-gcbda2d97c_1920-scaled-jpg-webp.webp?resize=1200%2C675&amp;ssl=1 1200w, https:\/\/i0.wp.com\/www.pourquoi-pas-nous.com\/wp-content\/uploads\/2022\/05\/panorama-gcbda2d97c_1920-scaled-jpg-webp.webp?resize=400%2C225&amp;ssl=1 400w, https:\/\/i0.wp.com\/www.pourquoi-pas-nous.com\/wp-content\/uploads\/2022\/05\/panorama-gcbda2d97c_1920-scaled-jpg-webp.webp?resize=512%2C288&amp;ssl=1 512w, https:\/\/i0.wp.com\/www.pourquoi-pas-nous.com\/wp-content\/uploads\/2022\/05\/panorama-gcbda2d97c_1920-scaled-jpg-webp.webp?resize=768%2C432&amp;ssl=1 768w, https:\/\/i0.wp.com\/www.pourquoi-pas-nous.com\/wp-content\/uploads\/2022\/05\/panorama-gcbda2d97c_1920-scaled-jpg-webp.webp?resize=1536%2C864&amp;ssl=1 1536w, https:\/\/i0.wp.com\/www.pourquoi-pas-nous.com\/wp-content\/uploads\/2022\/05\/panorama-gcbda2d97c_1920-scaled-jpg-webp.webp?w=1600&amp;ssl=1 1600w\" sizes=\"(max-width: 800px) 100vw, 800px\" \/><\/figure>\n\n<figure class=\"wp-block-image size-full\"><img data-recalc-dims=\"1\" data-dominant-color=\"748682\" data-has-transparency=\"true\" style=\"--dominant-color: #748682;\" loading=\"lazy\" decoding=\"async\" width=\"757\" height=\"492\" src=\"https:\/\/i0.wp.com\/www.pourquoi-pas-nous.com\/wp-content\/uploads\/2022\/06\/image-1.png?resize=757%2C492&#038;ssl=1\" alt=\"\" class=\"wp-image-77913 has-transparency\" title=\"\" srcset=\"https:\/\/i0.wp.com\/www.pourquoi-pas-nous.com\/wp-content\/uploads\/2022\/06\/image-1.png?w=757&amp;ssl=1 757w, https:\/\/i0.wp.com\/www.pourquoi-pas-nous.com\/wp-content\/uploads\/2022\/06\/image-1.png?resize=400%2C260&amp;ssl=1 400w\" sizes=\"(max-width: 757px) 100vw, 757px\" \/><\/figure>\n\n<h3 class=\"wp-block-heading\">3. Esplora il centro storico di Lecco<\/h3>\n\n<p>Naturalmente, un&#8217;altra cosa bella da fare a Lecco \u00e8 passeggiare tranquillamente tra le sue stradine, le chiese e le piazzette. Da non perdere la <strong>Basilica di San Nicola<\/strong> con il suo campanile e il <strong>Palazzo delle Paure<\/strong> (situato accanto all&#8217;ufficio turistico). Ospita un museo di arte moderna e mostre temporanee.<\/p>\n\n<figure class=\"wp-block-image size-large\"><img data-recalc-dims=\"1\" data-dominant-color=\"a3a19f\" data-has-transparency=\"false\" style=\"--dominant-color: #a3a19f;\" loading=\"lazy\" decoding=\"async\" width=\"800\" height=\"533\" src=\"https:\/\/i0.wp.com\/www.pourquoi-pas-nous.com\/wp-content\/uploads\/2022\/05\/the-needle-gefa4a2de9_1920-scaled-jpg-webp.webp?resize=800%2C533&#038;ssl=1\" alt=\"\" class=\"wp-image-5233 not-transparent\" title=\"\" srcset=\"https:\/\/i0.wp.com\/www.pourquoi-pas-nous.com\/wp-content\/uploads\/2022\/05\/the-needle-gefa4a2de9_1920-scaled-jpg-webp.webp?resize=1200%2C800&amp;ssl=1 1200w, https:\/\/i0.wp.com\/www.pourquoi-pas-nous.com\/wp-content\/uploads\/2022\/05\/the-needle-gefa4a2de9_1920-scaled-jpg-webp.webp?resize=400%2C267&amp;ssl=1 400w, https:\/\/i0.wp.com\/www.pourquoi-pas-nous.com\/wp-content\/uploads\/2022\/05\/the-needle-gefa4a2de9_1920-scaled-jpg-webp.webp?resize=512%2C341&amp;ssl=1 512w, https:\/\/i0.wp.com\/www.pourquoi-pas-nous.com\/wp-content\/uploads\/2022\/05\/the-needle-gefa4a2de9_1920-scaled-jpg-webp.webp?resize=768%2C512&amp;ssl=1 768w, https:\/\/i0.wp.com\/www.pourquoi-pas-nous.com\/wp-content\/uploads\/2022\/05\/the-needle-gefa4a2de9_1920-scaled-jpg-webp.webp?w=1536&amp;ssl=1 1536w\" sizes=\"(max-width: 800px) 100vw, 800px\" \/><\/figure>\n\n<h3 class=\"wp-block-heading\">4. Mercato di Lecco<\/h3>\n\n<p>Il mercato si svolge il <strong>mercoled\u00ec<\/strong> e il <strong>sabato<\/strong>, dove troverai praticamente di tutto, dai buoni prodotti locali (frutta e verdura, formaggi) alle bancarelle di abbigliamento e articoli per la casa. Anche solo per godere della grande atmosfera, \u00e8 una passeggiata da fare!<\/p>\n\n<h3 class=\"wp-block-heading\">5. Parapendio<\/h3>\n\n<p>Ecco un&#8217;idea per un&#8217;attivit\u00e0 originale: <strong>sorvola il Lago di Como in parapendio tandem<\/strong> da Lecco per scoprire il paesaggio alpino come non l&#8217;hai mai visto prima. Avrai <strong>una vista esclusiva del Lago di Como e delle Alpi<\/strong> sullo sfondo. <\/p>\n\n<p>Dopo un breve briefing con un istruttore certificato, si decolla dolcemente dall&#8217;alto della citt\u00e0 per un volo panoramico della durata di circa 15-20 minuti.<\/p>\n\n<p>Per raggiungere il punto di incontro a Lecco, basta prendere l&#8217;autobus (circa 30 minuti di viaggio) o arrivare in auto attraverso la SS36, quindi seguire le indicazioni fornite dagli organizzatori per raggiungere l&#8217;area di decollo sopra la citt\u00e0.<\/p>\n\n<p>&#x1fa82; <a href=\"https:\/\/www.manawa.com\/fr-FR\/activite\/italie\/lac-de-come\/parapente\/tandem-paragliding-flight-over-lake-como-from-lecco\/17334\" data-type=\"link\" data-id=\"https:\/\/www.manawa.com\/fr-FR\/activite\/italie\/lac-de-come\/parapente\/tandem-paragliding-flight-over-lake-como-from-lecco\/17334\" target=\"_blank\" rel=\"noopener\">Info e prenotazioni per un volo in parapendio tandem sul Lago di Como da Lecco<\/a> a partire da \u20ac100 adatto ai principianti<\/p>\n\n<figure class=\"wp-block-image size-large\"><img data-recalc-dims=\"1\" data-dominant-color=\"3e78c3\" data-has-transparency=\"false\" style=\"--dominant-color: #3e78c3;\" loading=\"lazy\" decoding=\"async\" width=\"800\" height=\"451\" src=\"https:\/\/i0.wp.com\/www.pourquoi-pas-nous.com\/wp-content\/uploads\/2026\/02\/ptnz24-yxdu.jpg?resize=800%2C451&#038;ssl=1\" alt=\"lecco\" class=\"wp-image-79597 not-transparent\" title=\"\" srcset=\"https:\/\/i0.wp.com\/www.pourquoi-pas-nous.com\/wp-content\/uploads\/2026\/02\/ptnz24-yxdu.jpg?resize=1200%2C677&amp;ssl=1 1200w, https:\/\/i0.wp.com\/www.pourquoi-pas-nous.com\/wp-content\/uploads\/2026\/02\/ptnz24-yxdu.jpg?resize=400%2C226&amp;ssl=1 400w, https:\/\/i0.wp.com\/www.pourquoi-pas-nous.com\/wp-content\/uploads\/2026\/02\/ptnz24-yxdu.jpg?w=2000&amp;ssl=1 2000w, https:\/\/i0.wp.com\/www.pourquoi-pas-nous.com\/wp-content\/uploads\/2026\/02\/ptnz24-yxdu.jpg?w=1600&amp;ssl=1 1600w\" sizes=\"(max-width: 800px) 100vw, 800px\" \/><\/figure>\n\n<div class=\"wp-block-group is-layout-constrained wp-block-group-is-layout-constrained\">\n<h3 class=\"wp-block-heading\">Un agriturismo a soli 5 minuti di auto da Lecco<\/h3>\n\n\n\n<p>Gli agriturismi sono l&#8217;equivalente delle nostre <a href=\"https:\/\/www.booking.com\/hotel\/it\/agriturismo-deviscio.en.html?aid=1529171&amp;no_rooms=1&amp;group_adults=2\" target=\"_blank\" data-type=\"link\" data-id=\"https:\/\/www.booking.com\/hotel\/it\/agriturismo-deviscio.en.html?aid=1529171&amp;no_rooms=1&amp;group_adults=2\" rel=\"noreferrer noopener nofollow\">chambres d&#8217;hotes<\/a>, in genere antiche case coloniche magnificamente ristrutturate, che uniscono <strong>i comfort<\/strong> moderni al <strong>fascino<\/strong> del mondo antico.<\/p>\n\n\n\n<p>Ti consigliamo di soggiornare all&#8217;<a data-ghostlink=\"link_default\" href=\"https:\/\/www.booking.com\/hotel\/it\/agriturismo-deviscio.en.html?aid=1529171&amp;no_rooms=1&amp;group_adults=2\" target=\"_blank\" rel=\"noopener\">Agriturismo Deviscio<\/a>, a soli 5 minuti di salita da Lecco, dove potrai godere di incredibili <strong>viste sulle<\/strong> montagne e di un&#8217;assoluta <strong>tranquillit\u00e0<\/strong>, perfetta per rilassarti.<\/p>\n\n\n\n<p>Le camere sono <strong>ampie, confortevoli e ben ristrutturate<\/strong>. La colazione \u00e8 a base di prodotti <strong>locali<\/strong> e potrete anche cenare in loco.<\/p>\n\n\n\n<blockquote class=\"wp-block-quote has-text-align-center is-layout-flow wp-block-quote-is-layout-flow\">\n<p>&#x1f39f;&#xfe0f; Info e prenotazioni per <a data-ghostlink=\"link_default\" href=\"https:\/\/www.booking.com\/hotel\/it\/agriturismo-deviscio.en.html?aid=1529171&amp;no_rooms=1&amp;group_adults=2\" target=\"_blank\" rel=\"noopener\">Agriturismo Deviscio<\/a> ( da \u20ac105 colazione inclusa &#8211; valutato 9.5\/10 su Booking)<\/p>\n<\/blockquote>\n\n\n\n<figure class=\"wp-block-gallery has-nested-images columns-default is-cropped wp-block-gallery-3 is-layout-flex wp-block-gallery-is-layout-flex\">\n<figure class=\"wp-block-image size-large\"><a href=\"https:\/\/www.booking.com\/hotel\/it\/agriturismo-deviscio.en.html?aid=1529171&amp;no_rooms=1&amp;group_adults=2\" target=\"_blank\" rel=\"noopener\"><img data-recalc-dims=\"1\" data-dominant-color=\"a18966\" data-has-transparency=\"false\" style=\"--dominant-color: #a18966;\" loading=\"lazy\" decoding=\"async\" width=\"800\" height=\"408\" data-id=\"77921\" src=\"https:\/\/i0.wp.com\/www.pourquoi-pas-nous.com\/wp-content\/uploads\/2022\/06\/image-3.png?resize=800%2C408&#038;ssl=1\" alt=\"lecco\" class=\"wp-image-77921 not-transparent\" title=\"\" srcset=\"https:\/\/i0.wp.com\/www.pourquoi-pas-nous.com\/wp-content\/uploads\/2022\/06\/image-3.png?w=1024&amp;ssl=1 1024w, https:\/\/i0.wp.com\/www.pourquoi-pas-nous.com\/wp-content\/uploads\/2022\/06\/image-3.png?resize=400%2C204&amp;ssl=1 400w\" sizes=\"(max-width: 800px) 100vw, 800px\" \/><\/a><\/figure>\n\n\n\n<figure class=\"wp-block-image size-large\"><a href=\"https:\/\/www.booking.com\/hotel\/it\/agriturismo-deviscio.en.html?aid=1529171&amp;no_rooms=1&amp;group_adults=2\" target=\"_blank\" rel=\"noopener\"><img data-recalc-dims=\"1\" data-dominant-color=\"7b766e\" data-has-transparency=\"false\" style=\"--dominant-color: #7b766e;\" loading=\"lazy\" decoding=\"async\" width=\"800\" height=\"534\" data-id=\"77920\" src=\"https:\/\/i0.wp.com\/www.pourquoi-pas-nous.com\/wp-content\/uploads\/2022\/06\/image-2.png?resize=800%2C534&#038;ssl=1\" alt=\"lecco\" class=\"wp-image-77920 not-transparent\" title=\"\" srcset=\"https:\/\/i0.wp.com\/www.pourquoi-pas-nous.com\/wp-content\/uploads\/2022\/06\/image-2.png?w=1024&amp;ssl=1 1024w, https:\/\/i0.wp.com\/www.pourquoi-pas-nous.com\/wp-content\/uploads\/2022\/06\/image-2.png?resize=400%2C267&amp;ssl=1 400w\" sizes=\"(max-width: 800px) 100vw, 800px\" \/><\/a><\/figure>\n<\/figure>\n\n\n\n<h3 class=\"wp-block-heading\">Un hotel ideale a due passi dal centro citt\u00e0<\/h3>\n\n\n\n<ul class=\"wp-block-list\">\n<li>Se stai cercando un&#8217;opzione a Lecco, ti consigliamo l&#8217;<a data-ghostlink=\"link_default\" href=\"https:\/\/www.booking.com\/hotel\/it\/nh-lecco-pontevecchio.en.html?aid=1529171&amp;no_rooms=1&amp;group_adults=2\" target=\"_blank\" rel=\"noopener\">NH Lecco Pontevecchio<\/a>: l&#8217;hotel \u00e8 molto piacevole e offre una bellissima vista sul lago. Si trova a soli 5 minuti a piedi da Lecco. \u00c8 il <strong>miglior rapporto qualit\u00e0-prezzo<\/strong> di Lecco (a partire da 170\u20ac a notte).<\/li>\n<\/ul>\n\n\n\n<blockquote class=\"wp-block-quote has-text-align-center is-layout-flow wp-block-quote-is-layout-flow\">\n<p>&#x1f39f;&#xfe0f; Vedi prezzi e disponibilit\u00e0 <a data-ghostlink=\"link_default\" href=\"https:\/\/www.booking.com\/hotel\/it\/nh-lecco-pontevecchio.en.html?aid=1529171&amp;no_rooms=1&amp;group_adults=2\" target=\"_blank\" rel=\"noopener\">NH Lecco Pontevecchio<\/a><\/p>\n<\/blockquote>\n\n\n\n<figure class=\"wp-block-gallery has-nested-images columns-default is-cropped wp-block-gallery-4 is-layout-flex wp-block-gallery-is-layout-flex\">\n<figure class=\"wp-block-image size-large\"><a href=\"https:\/\/www.booking.com\/hotel\/it\/nh-lecco-pontevecchio.en.html?aid=1529171&amp;no_rooms=1&amp;group_adults=2\" target=\"_blank\" rel=\"noopener\"><img data-recalc-dims=\"1\" data-dominant-color=\"9c8e7b\" data-has-transparency=\"true\" style=\"--dominant-color: #9c8e7b;\" loading=\"lazy\" decoding=\"async\" width=\"501\" height=\"598\" data-id=\"77929\" src=\"https:\/\/i0.wp.com\/www.pourquoi-pas-nous.com\/wp-content\/uploads\/2022\/06\/image-4.png?resize=501%2C598&#038;ssl=1\" alt=\"hotel lecco\" class=\"wp-image-77929 has-transparency\" title=\"\" srcset=\"https:\/\/i0.wp.com\/www.pourquoi-pas-nous.com\/wp-content\/uploads\/2022\/06\/image-4.png?w=501&amp;ssl=1 501w, https:\/\/i0.wp.com\/www.pourquoi-pas-nous.com\/wp-content\/uploads\/2022\/06\/image-4.png?resize=400%2C477&amp;ssl=1 400w\" sizes=\"(max-width: 501px) 100vw, 501px\" \/><\/a><\/figure>\n\n\n\n<figure class=\"wp-block-image size-large\"><a href=\"https:\/\/www.booking.com\/hotel\/it\/nh-lecco-pontevecchio.en.html?aid=1529171&amp;no_rooms=1&amp;group_adults=2\" target=\"_blank\" rel=\"noopener\"><img data-recalc-dims=\"1\" data-dominant-color=\"6c7475\" data-has-transparency=\"true\" style=\"--dominant-color: #6c7475;\" loading=\"lazy\" decoding=\"async\" width=\"784\" height=\"597\" data-id=\"77930\" src=\"https:\/\/i0.wp.com\/www.pourquoi-pas-nous.com\/wp-content\/uploads\/2022\/06\/image-5.png?resize=784%2C597&#038;ssl=1\" alt=\"hotel lecco\" class=\"wp-image-77930 has-transparency\" title=\"\" srcset=\"https:\/\/i0.wp.com\/www.pourquoi-pas-nous.com\/wp-content\/uploads\/2022\/06\/image-5.png?w=784&amp;ssl=1 784w, https:\/\/i0.wp.com\/www.pourquoi-pas-nous.com\/wp-content\/uploads\/2022\/06\/image-5.png?resize=400%2C305&amp;ssl=1 400w\" sizes=\"(max-width: 784px) 100vw, 784px\" \/><\/a><\/figure>\n<\/figure>\n\n\n\n<p>Stai cercando una sistemazione per il tuo soggiorno sul Lago di Como?  <\/p>\n\n\n\n<blockquote class=\"wp-block-quote has-text-align-center is-layout-flow wp-block-quote-is-layout-flow\">\n<p>Per facilitare la tua visita, abbiamo <span style=\"font-weight: 400;\">incluso un articolo che illustra <\/span><strong>i villaggi pi\u00f9 interessanti <\/strong>in cui <a href=\"https:\/\/www.pourquoi-pas-nous.com\/dormir-au-lac-de-come\/\" data-type=\"post\" data-id=\"43995\">soggiornare sul Lago di Como<\/a>, oltre ai nostri <strong>migliori indirizzi di hotel<\/strong>.<\/p>\n<\/blockquote>\n\n\n\n<h2 class=\"wp-block-heading\">Come si arriva a Lecco?<\/h2>\n\n\n\n<h3 class=\"wp-block-heading\">In auto<\/h3>\n\n\n\n<p>Se avete <a href=\"https:\/\/www.discovercars.com\/fr\/italy-mainland\/milan?a_aid=PourquoiPasNous\" data-type=\"link\" data-id=\"https:\/\/www.discovercars.com\/fr\/italy-mainland\/milan?a_aid=PourquoiPasNous\" target=\"_blank\" rel=\"noopener\">noleggiato un&#8217;auto<\/a>, potete facilmente raggiungere Lecco da <a href=\"http:\/\/www.pourquoi-pas-nous.com\/tourisme-milan-que-faire-visiter-weekend\/\">Milano<\/a>, con un viaggio di circa 1 ora.<\/p>\n\n\n\n<h3 class=\"wp-block-heading\">Per traghetto<\/h3>\n\n\n\n<p>\u00c8 anche possibile prendere un traghetto da <strong>Como<\/strong> a <strong>Lecco<\/strong>. Potrete godere di una magnifica vista panoramica in mezzo al lago e non avrete problemi di parcheggio!  <\/p>\n\n\n\n<p><strong>Traghetti <\/strong>: Trovate tutte le informazioni necessarie su orari e prezzi dei traghetti sul sito della<a href=\"http:\/\/www.navigazionelaghi.it\/lago-como.aspx\" target=\"_blank\" rel=\"noreferrer noopener\"> Navigazion Lago Como<\/a>.<\/p>\n\n\n\n<p><\/p>\n\n\n\n<figure class=\"wp-block-image size-large\"><img data-recalc-dims=\"1\" data-dominant-color=\"617c9c\" data-has-transparency=\"false\" style=\"--dominant-color: #617c9c;\" loading=\"lazy\" decoding=\"async\" width=\"800\" height=\"533\" class=\"wp-image-5230 not-transparent\" src=\"https:\/\/i0.wp.com\/www.pourquoi-pas-nous.com\/wp-content\/uploads\/2022\/05\/panorama-of-lecco-g5c38ee877_1920-scaled-jpg-webp.webp?resize=800%2C533&#038;ssl=1\" alt=\"\" title=\"\" srcset=\"https:\/\/i0.wp.com\/www.pourquoi-pas-nous.com\/wp-content\/uploads\/2022\/05\/panorama-of-lecco-g5c38ee877_1920-scaled-jpg-webp.webp?resize=1200%2C800&amp;ssl=1 1200w, https:\/\/i0.wp.com\/www.pourquoi-pas-nous.com\/wp-content\/uploads\/2022\/05\/panorama-of-lecco-g5c38ee877_1920-scaled-jpg-webp.webp?resize=400%2C267&amp;ssl=1 400w, https:\/\/i0.wp.com\/www.pourquoi-pas-nous.com\/wp-content\/uploads\/2022\/05\/panorama-of-lecco-g5c38ee877_1920-scaled-jpg-webp.webp?resize=512%2C341&amp;ssl=1 512w, https:\/\/i0.wp.com\/www.pourquoi-pas-nous.com\/wp-content\/uploads\/2022\/05\/panorama-of-lecco-g5c38ee877_1920-scaled-jpg-webp.webp?resize=768%2C512&amp;ssl=1 768w, https:\/\/i0.wp.com\/www.pourquoi-pas-nous.com\/wp-content\/uploads\/2022\/05\/panorama-of-lecco-g5c38ee877_1920-scaled-jpg-webp.webp?w=1536&amp;ssl=1 1536w\" sizes=\"(max-width: 800px) 100vw, 800px\" \/><\/figure>\n<\/div>\n\n<h2 class=\"wp-block-heading\">La nostra mappa di Lecco<\/h2>\n\n<iframe src=\"https:\/\/www.google.com\/maps\/d\/u\/2\/embed?mid=1YaUBQAfMLMWIGEa1ReyTipFS01MFrEOf&#038;ehbc=2E312F\" width=\"100%\" height=\"480\"><\/iframe>\n\n<h2 class=\"wp-block-heading\">Come posso esplorare gli altri paesi intorno a Lecco?<\/h2>\n\n<ul class=\"wp-block-list\">\n<li>In auto: un&#8217;altra localit\u00e0 da non perdere, <a href=\"http:\/\/www.pourquoi-pas-nous.com\/varenna-lac-come\/\">Varenna<\/a>, \u00e8 raggiungibile in auto in 20 minuti lungo la costa e le sue <a href=\"http:\/\/www.pourquoi-pas-nous.com\/plages-baignade-lac-come\/\">spiagge<\/a>.  <\/li>\n<\/ul>\n\n<blockquote class=\"wp-block-quote is-layout-flow wp-block-quote-is-layout-flow\">\n<p><\/p>\n<\/blockquote>\n\n<blockquote class=\"wp-block-quote has-text-align-center is-layout-flow wp-block-quote-is-layout-flow\">\n<p><em>&#x1f39f;&#xfe0f; Confronta facilmente le <a href=\"https:\/\/www.discovercars.com\/fr\/italy-mainland\/milan?a_aid=PourquoiPasNous\" target=\"_blank\" rel=\"noreferrer noopener nofollow\">offerte di noleggio auto a Milano su DiscoverCars<\/a><\/em>, il nostro sito di comparazione di auto a noleggio preferito dopo numerosi test.<\/p>\n<\/blockquote>\n\n<p>Scoprire il <a href=\"https:\/\/www.pourquoi-pas-nous.com\/it\/lac-de-come-bateau\/\" data-type=\"link\" data-id=\"https:\/\/www.pourquoi-pas-nous.com\/lac-de-come-bateau\/\" target=\"_blank\" rel=\"noreferrer noopener\">Lago di Como in barca<\/a> \u00e8 una parte essenziale della tua vacanza. Ti permette di raggiungere villaggi incantevoli come <a href=\"https:\/\/www.pourquoi-pas-nous.com\/it\/visita-bellagio-italy\/\" data-type=\"post\" data-id=\"1905\" target=\"_blank\" rel=\"noreferrer noopener\">Bellagio<\/a>, <a href=\"https:\/\/www.pourquoi-pas-nous.com\/it\/visitare-como-italia\/\" data-type=\"post\" data-id=\"8071\" target=\"_blank\" rel=\"noreferrer noopener\">Como<\/a> e Varenna godendo di viste spettacolari dall&#8217;acqua. Sono disponibili diverse crociere dalle principali citt\u00e0 del lago.  <\/p>\n\n<div data-gyg-href=\"https:\/\/widget.getyourguide.com\/default\/availability.frame\" data-gyg-tour-id=\"810677\" data-gyg-locale-code=\"fr-FR\" data-gyg-currency=\"EUR\" data-gyg-widget=\"availability\" data-gyg-variant=\"horizontal\" data-gyg-partner-id=\"0LXQSML\" data-gyg-cmp=\"lecco\"><\/div>\n\n<figure class=\"wp-block-image size-large\"><img data-recalc-dims=\"1\" data-dominant-color=\"5f6a6c\" data-has-transparency=\"false\" style=\"--dominant-color: #5f6a6c;\" loading=\"lazy\" decoding=\"async\" width=\"800\" height=\"490\" src=\"https:\/\/i0.wp.com\/www.pourquoi-pas-nous.com\/wp-content\/uploads\/2022\/05\/italy-gb12c85e1e_1920-scaled-jpg-webp.webp?resize=800%2C490&#038;ssl=1\" alt=\"\" class=\"wp-image-5234 not-transparent\" title=\"\" srcset=\"https:\/\/i0.wp.com\/www.pourquoi-pas-nous.com\/wp-content\/uploads\/2022\/05\/italy-gb12c85e1e_1920-scaled-jpg-webp.webp?resize=1200%2C735&amp;ssl=1 1200w, https:\/\/i0.wp.com\/www.pourquoi-pas-nous.com\/wp-content\/uploads\/2022\/05\/italy-gb12c85e1e_1920-scaled-jpg-webp.webp?resize=400%2C245&amp;ssl=1 400w, https:\/\/i0.wp.com\/www.pourquoi-pas-nous.com\/wp-content\/uploads\/2022\/05\/italy-gb12c85e1e_1920-scaled-jpg-webp.webp?resize=512%2C314&amp;ssl=1 512w, https:\/\/i0.wp.com\/www.pourquoi-pas-nous.com\/wp-content\/uploads\/2022\/05\/italy-gb12c85e1e_1920-scaled-jpg-webp.webp?resize=768%2C470&amp;ssl=1 768w, https:\/\/i0.wp.com\/www.pourquoi-pas-nous.com\/wp-content\/uploads\/2022\/05\/italy-gb12c85e1e_1920-scaled-jpg-webp.webp?resize=1536%2C941&amp;ssl=1 1536w, https:\/\/i0.wp.com\/www.pourquoi-pas-nous.com\/wp-content\/uploads\/2022\/05\/italy-gb12c85e1e_1920-scaled-jpg-webp.webp?w=1600&amp;ssl=1 1600w\" sizes=\"(max-width: 800px) 100vw, 800px\" \/><\/figure>\n\n<p>Vi auguriamo un <strong>viaggio fantastico<\/strong>! Non esitate a <strong>scriverci<\/strong> qui sotto per farci sapere se state programmando questo viaggio o per farci domande qui o su <a href=\"https:\/\/www.instagram.com\/pourquoipasnous_voyage\/\" target=\"_blank\" rel=\"noreferrer noopener\">Instagram<\/a>: saremo lieti di rispondervi.  <\/p>\n<div style='text-align:right' class='yasr-auto-insert-visitor'><\/div>","protected":false},"excerpt":{"rendered":"<p>Lecco \u00e8 una delle citt\u00e0 pi\u00f9 meridionali del Lago di Como. Ci piace perch\u00e9 \u00e8 una graziosa cittadina sul lago ed \u00e8 molto meno turistica delle sue vicine Varenna, Bellagio&#8230; In breve, \u00e8 una buona idea andarci! Cosa fare e vedere a Lecco Fatti salienti : Lecco Dove si trova Lecco? Sulle rive del Lago [&hellip;]<\/p>\n","protected":false},"author":2,"featured_media":24009,"comment_status":"open","ping_status":"open","sticky":false,"template":"","format":"standard","meta":{"_acf_changed":false,"_wp_convertkit_post_meta":{"form":"-1","landing_page":"","tag":"0","restrict_content":"0"},"jetpack_post_was_ever_published":true,"yasr_overall_rating":0,"yasr_post_is_review":"","yasr_auto_insert_disabled":"","yasr_review_type":"","_jetpack_newsletter_access":"","_jetpack_dont_email_post_to_subs":false,"_jetpack_newsletter_tier_id":0,"_jetpack_memberships_contains_paywalled_content":false,"_jetpack_memberships_contains_paid_content":false,"footnotes":""},"categories":[270,275,278],"tags":[],"class_list":["post-24000","post","type-post","status-publish","format-standard","has-post-thumbnail","hentry","category-guida-di-viaggio","category-italia-it","category-lago-di-como"],"acf":[],"_wp_attached_file":null,"_wp_attachment_image_alt":null,"rank_math_primary_category":"55","rank_math_title":"Visitare Lecco sul Lago di Como: cosa fare? Informazioni e consigli ","rank_math_description":"Esplorate la citt\u00e0 di Lecco, sul Lago di Como, in Italia. Scoprite il suo fascino e godetevi uno scenario mozzafiato. ","rank_math_focus_keyword":"Lecco","yasr_visitor_votes":{"stars_attributes":{"read_only":false,"span_bottom":false},"number_of_votes":0,"sum_votes":0},"jetpack_featured_media_url":"https:\/\/i0.wp.com\/www.pourquoi-pas-nous.com\/wp-content\/uploads\/2022\/05\/lecco-gba8c06bc8_1920-scaled-jpg-webp-webp.webp?fit=1541%2C1024&ssl=1","jetpack_sharing_enabled":true,"_links":{"self":[{"href":"https:\/\/www.pourquoi-pas-nous.com\/it\/wp-json\/wp\/v2\/posts\/24000","targetHints":{"allow":["GET"]}}],"collection":[{"href":"https:\/\/www.pourquoi-pas-nous.com\/it\/wp-json\/wp\/v2\/posts"}],"about":[{"href":"https:\/\/www.pourquoi-pas-nous.com\/it\/wp-json\/wp\/v2\/types\/post"}],"author":[{"embeddable":true,"href":"https:\/\/www.pourquoi-pas-nous.com\/it\/wp-json\/wp\/v2\/users\/2"}],"replies":[{"embeddable":true,"href":"https:\/\/www.pourquoi-pas-nous.com\/it\/wp-json\/wp\/v2\/comments?post=24000"}],"version-history":[{"count":29,"href":"https:\/\/www.pourquoi-pas-nous.com\/it\/wp-json\/wp\/v2\/posts\/24000\/revisions"}],"predecessor-version":[{"id":79643,"href":"https:\/\/www.pourquoi-pas-nous.com\/it\/wp-json\/wp\/v2\/posts\/24000\/revisions\/79643"}],"wp:featuredmedia":[{"embeddable":true,"href":"https:\/\/www.pourquoi-pas-nous.com\/it\/wp-json\/wp\/v2\/media\/24009"}],"wp:attachment":[{"href":"https:\/\/www.pourquoi-pas-nous.com\/it\/wp-json\/wp\/v2\/media?parent=24000"}],"wp:term":[{"taxonomy":"category","embeddable":true,"href":"https:\/\/www.pourquoi-pas-nous.com\/it\/wp-json\/wp\/v2\/categories?post=24000"},{"taxonomy":"post_tag","embeddable":true,"href":"https:\/\/www.pourquoi-pas-nous.com\/it\/wp-json\/wp\/v2\/tags?post=24000"}],"curies":[{"name":"wp","href":"https:\/\/api.w.org\/{rel}","templated":true}]}}