{"id":24017,"date":"2021-11-01T15:29:05","date_gmt":"2021-11-01T14:29:05","guid":{"rendered":"https:\/\/www.pourquoi-pas-nous.com\/visitare-milano-luoghi-da-vedere-e-da-non-perdere\/"},"modified":"2025-12-15T15:38:12","modified_gmt":"2025-12-15T13:38:12","slug":"milano","status":"publish","type":"post","link":"https:\/\/www.pourquoi-pas-nous.com\/it\/milano\/","title":{"rendered":"Visitare Milano: cosa fare? I nostri consigli e i nostri must"},"content":{"rendered":"\n<p>Cosa vedere a Milano Se ve lo state chiedendo, siete nel posto giusto. La metropoli italiana, situata nella regione <strong>Lombardia<\/strong> dell&#8217;Italia <strong>settentrionale<\/strong>, \u00e8 la seconda citt\u00e0 pi\u00f9 grande del paese.<\/p>\n\n<p>Milano pu\u00f2 essere conosciuta come la capitale della moda (al pari di Parigi, Londra e New York), ma ha anche molti punti di interesse da scoprire. Durante la vostra visita a Milano, potrete esplorare il famoso <strong>Duomo<\/strong> di Milano, la <strong>Galleria Vittorio Emanuele<\/strong>, il Convento di <strong>Santa Maria delle Grazie<\/strong>, il&#8230;<\/p>\n\n<p>Vi state chiedendo <strong>cosa fare a Milano durante il vostro soggiorno <\/strong>? Nel resto dell&#8217;articolo vi forniremo il <strong>nostro itinerario<\/strong> e <strong>tutti i nostri consigli <\/strong>.<\/p>\n\n<p>Se visitate Milano, \u00e8 anche la porta d&#8217;accesso al magnifico <strong>Lago di Como<\/strong>, quindi se avete tempo non perdetevi questo piccolo paradiso.<\/p>\n\n\n\n<figure class=\"wp-block-image size-full is-resized\"><img data-recalc-dims=\"1\" data-dominant-color=\"7a6f5b\" data-has-transparency=\"false\" fetchpriority=\"high\" decoding=\"async\" width=\"800\" height=\"533\" src=\"https:\/\/i0.wp.com\/www.pourquoi-pas-nous.com\/wp-content\/uploads\/2021\/11\/milan-g59fea1d05_1920-scaled-jpg-webp.webp?resize=800%2C533&#038;ssl=1\" alt=\"\" class=\"wp-image-3878 not-transparent\" style=\"--dominant-color: #7a6f5b; aspect-ratio:1;width:840px;height:auto\" title=\"\" srcset=\"https:\/\/i0.wp.com\/www.pourquoi-pas-nous.com\/wp-content\/uploads\/2021\/11\/milan-g59fea1d05_1920-scaled-jpg-webp.webp?w=1536&amp;ssl=1 1536w, https:\/\/i0.wp.com\/www.pourquoi-pas-nous.com\/wp-content\/uploads\/2021\/11\/milan-g59fea1d05_1920-scaled-jpg-webp.webp?resize=400%2C267&amp;ssl=1 400w, https:\/\/i0.wp.com\/www.pourquoi-pas-nous.com\/wp-content\/uploads\/2021\/11\/milan-g59fea1d05_1920-scaled-jpg-webp.webp?resize=1200%2C800&amp;ssl=1 1200w, https:\/\/i0.wp.com\/www.pourquoi-pas-nous.com\/wp-content\/uploads\/2021\/11\/milan-g59fea1d05_1920-scaled-jpg-webp.webp?resize=512%2C341&amp;ssl=1 512w, https:\/\/i0.wp.com\/www.pourquoi-pas-nous.com\/wp-content\/uploads\/2021\/11\/milan-g59fea1d05_1920-scaled-jpg-webp.webp?resize=768%2C512&amp;ssl=1 768w\" sizes=\"(max-width: 800px) 100vw, 800px\" \/><\/figure>\n\n<h2 class=\"wp-block-heading\"><strong>Visitare Milano: la nostra top 10 delle cose da fare<\/strong><\/h2>\n\n<p>Milano \u00e8 una citt\u00e0 dalle mille sfaccettature, quindi qualsiasi cosa vogliate fare, una volta qui vi <strong>divertirete<\/strong> un mondo. Ci \u00e8 piaciuto molto visitare Milano per le sue <strong>attrazioni culturali<\/strong>, i suoi numerosi musei, la sua <strong>gastronomia<\/strong> e la sua <strong>piacevole atmosfera <\/strong>.  <\/p>\n\n<ol class=\"wp-block-list\">\n<li>Visita al Duomo: la magnifica cattedrale di Milano<\/li>\n\n\n\n<li>Castello Sforzesco: una visita imperdibile<\/li>\n\n\n\n<li>Galleria Vittorio Emanuele II: una galleria imperdibile<\/li>\n\n\n\n<li>Scala di Milano: il teatro<\/li>\n\n\n\n<li>Piazza del Duomo: il centro di Milano<\/li>\n\n\n\n<li>Provate l&#8217;incredibile cucina italiana<\/li>\n\n\n\n<li>Il quartiere di Brera: da esplorare a piedi<\/li>\n\n\n\n<li>Santa Maria delle Grazie: dove \u00e8 possibile ammirare l&#8217;Ultima Cena<\/li>\n\n\n\n<li>Colonne di San Lorenzo<\/li>\n\n\n\n<li>Flan nel quartiere dei Navigli: la Piccola Venezia<\/li>\n<\/ol>\n\n<h3 class=\"wp-block-heading\">Attivit\u00e0 da prenotare a Milano<\/h3>\n\n<p><br \/>Prima di partire, potete prenotare le vostre escursioni in modo da non dover perdere tempo una volta arrivati a destinazione:<\/p>\n\n<ul class=\"wp-block-list\">\n<li>Il vostro <a href=\"https:\/\/www.getyourguide.com\/milan-l139\/duomo-and-terraces-ticket-with-audioguide-t153354\/?partner_id=0LXQSML&amp;utm_medium=online_publisher&amp;placement=content-middle\" target=\"_blank\" rel=\"noreferrer noopener nofollow\">biglietto<\/a> per il Duomo e la terrazza panoramica (scala o ascensore), un must di Milano.<\/li>\n\n\n\n<li>Il vostro <a href=\"https:\/\/www.getyourguide.fr\/milan-cathedral-terraces-l167029\/milan-billet-pour-les-terrasses-du-dome-t157473\/?partner_id=0LXQSML&amp;utm_medium=online_publisher&amp;placement=content-middle\" target=\"_blank\" rel=\"noreferrer noopener nofollow\">biglietto d&#8217;ingresso<\/a>, solo per la terrazza panoramica (scala o ascensore), se volete approfittare appieno di questo luogo incredibile.<\/li>\n\n\n\n<li><a href=\"https:\/\/www.getyourguide.com\/milan-cathedral-l3580\/milan-fast-track-milan-cathedral-and-terraces-guided-tour-t219516\/?partner_id=0LXQSML&amp;utm_medium=online_publisher&amp;placement=content-middle\" target=\"_blank\" rel=\"noreferrer noopener nofollow\">Visita guidata<\/a> al Duomo di Milano, una visita di un&#8217;ora con accesso al Duomo e alla terrazza panoramica, a un prezzo molto interessante, poich\u00e9 i biglietti d&#8217;ingresso sono inclusi.<\/li>\n\n\n\n<li><a href=\"https:\/\/www.getyourguide.fr\/milan-l139\/depuis-milan-lac-de-come-bellagio-et-varenna-t146676\/?partner_id=0LXQSML&amp;utm_medium=online_publisher&amp;placement=content-middle&amp;cmp=Milan-journee-come-bellagio-varenna-pageMilan\" target=\"_blank\" rel=\"noreferrer noopener nofollow\">1 giorno sul Lago di Como e i suoi borghi pi\u00f9 belli<\/a> (Como, Bellagio e Varenna) da Milano<\/li>\n<\/ul>\n\n<p><\/p>\n\n<div data-gyg-href=\"https:\/\/widget.getyourguide.com\/default\/activities.frame\" data-gyg-locale-code=\"fr-FR\" data-gyg-widget=\"activities\" data-gyg-number-of-items=\"1\" data-gyg-cmp=\"musee\" data-gyg-partner-id=\"0LXQSML\" data-gyg-q=\"c%C3%A8ne\"><\/div>\n\n<figure class=\"wp-block-gallery has-nested-images columns-default is-cropped wp-block-gallery-2 is-layout-flex wp-block-gallery-is-layout-flex\">\n<figure class=\"wp-block-image size-full\"><img data-recalc-dims=\"1\" data-dominant-color=\"6e7982\" data-has-transparency=\"false\" style=\"--dominant-color: #6e7982;\" decoding=\"async\" width=\"800\" height=\"532\" data-id=\"3858\" src=\"https:\/\/i0.wp.com\/www.pourquoi-pas-nous.com\/wp-content\/uploads\/2021\/11\/milan-g420aa4c27_1920-scaled-jpg-webp.webp?resize=800%2C532&#038;ssl=1\" alt=\"\" class=\"wp-image-3858 not-transparent\" title=\"\" srcset=\"https:\/\/i0.wp.com\/www.pourquoi-pas-nous.com\/wp-content\/uploads\/2021\/11\/milan-g420aa4c27_1920-scaled-jpg-webp.webp?w=1540&amp;ssl=1 1540w, https:\/\/i0.wp.com\/www.pourquoi-pas-nous.com\/wp-content\/uploads\/2021\/11\/milan-g420aa4c27_1920-scaled-jpg-webp.webp?resize=400%2C266&amp;ssl=1 400w, https:\/\/i0.wp.com\/www.pourquoi-pas-nous.com\/wp-content\/uploads\/2021\/11\/milan-g420aa4c27_1920-scaled-jpg-webp.webp?resize=1200%2C798&amp;ssl=1 1200w, https:\/\/i0.wp.com\/www.pourquoi-pas-nous.com\/wp-content\/uploads\/2021\/11\/milan-g420aa4c27_1920-scaled-jpg-webp.webp?resize=512%2C340&amp;ssl=1 512w, https:\/\/i0.wp.com\/www.pourquoi-pas-nous.com\/wp-content\/uploads\/2021\/11\/milan-g420aa4c27_1920-scaled-jpg-webp.webp?resize=768%2C511&amp;ssl=1 768w, https:\/\/i0.wp.com\/www.pourquoi-pas-nous.com\/wp-content\/uploads\/2021\/11\/milan-g420aa4c27_1920-scaled-jpg-webp.webp?resize=1536%2C1021&amp;ssl=1 1536w\" sizes=\"(max-width: 800px) 100vw, 800px\" \/><\/figure>\n<\/figure>\n\n<h2 class=\"wp-block-heading\"><strong>Milano ne vale la pena?<\/strong><\/h2>\n\n<p>Milano \u00e8 una delle citt\u00e0 pi\u00f9 visitate d&#8217;Italia e una delle principali citt\u00e0 italiane pi\u00f9 vicine alla Francia, quindi s\u00ec, Milano vale la pena di essere visitata, e qui di seguito vi daremo tutti i motivi per farlo:<\/p>\n\n<p>1 &#8211; \u00c8 molto facile trovare biglietti aerei<strong> economici<\/strong> dalla Francia e la citt\u00e0 \u00e8 servita tutto l&#8217;anno, quindi \u00e8 un buon inizio!<br \/><\/p>\n\n<p>2 &#8211; Milano non \u00e8 solo moda: la citt\u00e0 \u00e8 sede di pi\u00f9 di un&#8217;azienda di moda.  <strong>60 <\/strong><a href=\"https:\/\/www.pourquoi-pas-nous.com\/it\/milano-migliori-musei\/\" data-type=\"post\" data-id=\"4918\">\n  <strong>musei<\/strong>\n<\/a> e <strong> gallerie d&#8217;arte<\/strong> (tra cui un convento che ospita il &#8220;L&#8217;<strong>ultima cena<\/strong>&#8221; di Leonardo da Vinci) e  <strong>edifici sublimi<\/strong>, tra cui il famoso Duomo di Milano&#8221;.<strong>il Duomo<\/strong>&#8220;, non saprete pi\u00f9 dove girarvi durante la vostra visita alla citt\u00e0 \ud83d\ude42<br \/><\/p>\n\n<p>3 &#8211; E infine, come spesso accade in Italia, vi <strong>godrete <\/strong>(e forse metterete su qualche chilo&#8230;) la pasta, la pizza e i dolci italiani, freschi e deliziosi!<\/p>\n\n<figure class=\"wp-block-image size-full\"><img data-recalc-dims=\"1\" data-dominant-color=\"494b4b\" data-has-transparency=\"false\" style=\"--dominant-color: #494b4b;\" decoding=\"async\" width=\"800\" height=\"534\" src=\"https:\/\/i0.wp.com\/www.pourquoi-pas-nous.com\/wp-content\/uploads\/2022\/04\/milan-683879_1280.webp?resize=800%2C534&#038;ssl=1\" alt=\"\" class=\"wp-image-9456 not-transparent\" title=\"\" srcset=\"https:\/\/i0.wp.com\/www.pourquoi-pas-nous.com\/wp-content\/uploads\/2022\/04\/milan-683879_1280.webp?w=1280&amp;ssl=1 1280w, https:\/\/i0.wp.com\/www.pourquoi-pas-nous.com\/wp-content\/uploads\/2022\/04\/milan-683879_1280.webp?resize=400%2C267&amp;ssl=1 400w, https:\/\/i0.wp.com\/www.pourquoi-pas-nous.com\/wp-content\/uploads\/2022\/04\/milan-683879_1280.webp?resize=1200%2C802&amp;ssl=1 1200w, https:\/\/i0.wp.com\/www.pourquoi-pas-nous.com\/wp-content\/uploads\/2022\/04\/milan-683879_1280.webp?resize=512%2C342&amp;ssl=1 512w, https:\/\/i0.wp.com\/www.pourquoi-pas-nous.com\/wp-content\/uploads\/2022\/04\/milan-683879_1280.webp?resize=768%2C513&amp;ssl=1 768w\" sizes=\"(max-width: 800px) 100vw, 800px\" \/><\/figure>\n\n<h2 class=\"wp-block-heading\"><strong>Come si arriva a Milano?<\/strong><\/h2>\n\n<p class=\"has-medium-font-size\">In aereo<\/p>\n\n<p>La citt\u00e0 \u00e8 circondata da 3 aeroporti:<\/p>\n\n<ul class=\"wp-block-list\">\n<li>Aeroporto di <strong>Malpensa<\/strong>: \u00e8 possibile raggiungere il centro citt\u00e0 prendendo un treno per Cadorna (costo del biglietto 11 euro). Si pu\u00f2 poi tornare in albergo con i mezzi pubblici (biglietto di 1,50 euro valido per 90 minuti).<br \/><\/li>\n\n\n\n<li>Aeroporto di <strong>Bergamo<\/strong> (Orio al Serio): \u00e8 il pi\u00f9 lontano da Milano, e si pu\u00f2 prendere un autobus per la magnifica Stazione Centrale di Milano (costo del biglietto 10 euro), situata in centro, da cui si pu\u00f2 viaggiare con i mezzi pubblici.  <br \/><br \/>\u00c8 inoltre possibile <a href=\"https:\/\/www.getyourguide.fr\/aeroport-de-bergame-orio-al-serio-l96151\/transfert-en-bus-de-l-aeroport-de-bergame-a-milan-t393387\/?partner_id=0LXQSML&amp;utm_medium=online_publisher\" data-type=\"link\" data-id=\"https:\/\/www.getyourguide.fr\/aeroport-de-bergame-orio-al-serio-l96151\/transfert-en-bus-de-l-aeroport-de-bergame-a-milan-t393387\/?partner_id=0LXQSML&amp;utm_medium=online_publisher\" target=\"_blank\" rel=\"noopener\">prenotare in anticipo il biglietto<\/a> dell&#8217;autobus (con aria condizionata e bagagli inclusi) tra il centro di Milano e l&#8217;aeroporto di Bergamo Orio al Serio.  <\/li>\n<\/ul>\n\n<p><\/p>\n<div class=\"lazyblock-bouton-O3MS4 wp-block-lazyblock-bouton\"><a href=\"https:\/\/www.getyourguide.fr\/aeroport-de-bergame-orio-al-serio-l96151\/transfert-en-bus-de-l-aeroport-de-bergame-a-milan-t393387\/?partner_id=0LXQSML&amp;amp;utm_medium=online_publisher\" target=\"_blank\" rel=\"sponsored noopener\"><button>Prenotate il vostro trasferimento in anticipo<\/button><\/a><\/div>\n<ul class=\"wp-block-list\">\n<li>Dall&#8217;aeroporto di <strong>Linate<\/strong>, \u00e8 possibile raggiungere la stazione della metropolitana di San Babila con gli autobus delle linee 73 e X73 (prezzo del biglietto del trasporto pubblico 1,5 euro).<\/li>\n<\/ul>\n\n<p>Ti consigliamo di utilizzare un aggregatore di voli per confrontare i prezzi di diverse compagnie aeree e trovare il tuo volo al miglior prezzo. Per darvi un&#8217;idea, abbiamo pagato 40 euro al ritorno!<\/p>\n\n<p class=\"has-medium-font-size\">In treno<\/p>\n\n<p>Per i viaggiatori che hanno tempo o che cercano un&#8217;alternativa all&#8217;aereo, ecco alcune informazioni su come raggiungere Milano in treno. Il viaggio da <strong>Parigi a Milano<\/strong> dura circa 7 ore con il <strong>TGV INOUI<\/strong>, con partenza dalla <strong>Gare de Lyon<\/strong> e arrivo alla stazione di Milano-Porta Garibaldi, nel <strong>centro della citt\u00e0<\/strong>.  <\/p>\n\n<p>Il viaggio passa velocemente e Matthieu ne approfitta per fare una corsa in bicicletta a Milano. Questa \u00e8 stata l&#8217;opzione pi\u00f9 conveniente per il trasporto delle biciclette. Da <strong>Lione<\/strong>, si prevedono circa 5 ore. \u00c8 possibile osservare il paesaggio o lavorare utilizzando il WIFI.<\/p>\n\n<h2 class=\"wp-block-heading\"><strong>Quando andare a Milano, previsioni meteo<\/strong>:<\/h2>\n\n<p>Le temperature medie oscillano tra i <strong>6 gradi di gennaio e i 31 di luglio e agosto<\/strong>. Si consiglia quindi di visitare Milano in <strong>primavera, quando le temperature sono miti<\/strong>, e durante la <strong>bassa stagione estiva<\/strong>. Anche i mesi di luglio e agosto sono ottimi per una visita, se vi piace il caldo, perch\u00e9 molti appartamenti di Milano sono dotati di aria condizionata.  <\/p>\n\n<p>Siamo partiti a maggio e abbiamo avuto 3 giorni di sole e temperature miti.<\/p>\n\n<figure class=\"wp-block-image size-full\"><img data-recalc-dims=\"1\" data-dominant-color=\"5e524b\" data-has-transparency=\"false\" style=\"--dominant-color: #5e524b;\" loading=\"lazy\" decoding=\"async\" width=\"800\" height=\"533\" src=\"https:\/\/i0.wp.com\/www.pourquoi-pas-nous.com\/wp-content\/uploads\/2021\/11\/basilica-of-st-g74400b8f3_1920-scaled-jpg-webp.webp?resize=800%2C533&#038;ssl=1\" alt=\"\" class=\"wp-image-3859 not-transparent\" title=\"\" srcset=\"https:\/\/i0.wp.com\/www.pourquoi-pas-nous.com\/wp-content\/uploads\/2021\/11\/basilica-of-st-g74400b8f3_1920-scaled-jpg-webp.webp?w=1536&amp;ssl=1 1536w, https:\/\/i0.wp.com\/www.pourquoi-pas-nous.com\/wp-content\/uploads\/2021\/11\/basilica-of-st-g74400b8f3_1920-scaled-jpg-webp.webp?resize=400%2C267&amp;ssl=1 400w, https:\/\/i0.wp.com\/www.pourquoi-pas-nous.com\/wp-content\/uploads\/2021\/11\/basilica-of-st-g74400b8f3_1920-scaled-jpg-webp.webp?resize=1200%2C800&amp;ssl=1 1200w, https:\/\/i0.wp.com\/www.pourquoi-pas-nous.com\/wp-content\/uploads\/2021\/11\/basilica-of-st-g74400b8f3_1920-scaled-jpg-webp.webp?resize=512%2C341&amp;ssl=1 512w, https:\/\/i0.wp.com\/www.pourquoi-pas-nous.com\/wp-content\/uploads\/2021\/11\/basilica-of-st-g74400b8f3_1920-scaled-jpg-webp.webp?resize=768%2C512&amp;ssl=1 768w\" sizes=\"(max-width: 800px) 100vw, 800px\" \/><\/figure>\n\n<h2 class=\"wp-block-heading\"><strong>Il nostro itinerario per il fine settimana  <\/strong><\/h2>\n\n<h3 class=\"wp-block-heading\"><strong>Visitare Milano in 1 giorno: Iniziare con i luoghi imperdibili, visitare il Duomo di Milano e la Galleria Vittorio Emanuele<\/strong><\/h3>\n\n<p>Il Duomo di Milano significa letteralmente &#8220;chiesa del Duomo&#8221;. Si tratta infatti di una <strong>cattedrale gotica<\/strong> che non ha rivali in Italia! Costruita nel X secolo e completamente distrutta da un incendio nel 1095, fu ricostruita durante il Rinascimento e poi ristrutturata tra il XX e il XXI secolo. Si tratta di un <strong>edificio maestoso<\/strong> che merita una visita e che, date le sue dimensioni imponenti e la sua posizione nel cuore della citt\u00e0, non potrete perdervi.<\/p>\n\n<p>Vi <strong>consigliamo di arrivare presto, non appena apre alle 9.00<\/strong> (controllate nuovamente gli orari di apertura durante il vostro soggiorno), per evitare la folla di turisti. Ci sono diverse opzioni per visitare il <a href=\"https:\/\/www.pourquoi-pas-nous.com\/it\/duomo-cattedrale-milano\/\" data-type=\"post\" data-id=\"5025\">Duomo, la cattedrale di Milano<\/a>.  <\/p>\n\n<p>Vi consigliamo di fare il <strong>giro delle terrazze<\/strong>, che sono assolutamente magnifiche e vi permettono di vedere da vicino la cattedrale e una <strong>vista panoramica della citt\u00e0<\/strong>.  <\/p>\n\n<p>Le terrazze sono accessibili tramite scale o ascensore, con <a href=\"https:\/\/www.getyourguide.fr\/milan-cathedral-terraces-l167029\/milan-billet-pour-les-terrasses-du-dome-t157473\/?partner_id=0LXQSML&amp;utm_medium=online_publisher&amp;placement=content-middle\" target=\"_blank\" rel=\"noreferrer noopener\">biglietti d&#8217;ingresso<\/a> (scale o ascensore) a partire da 13 euro.  <\/p>\n\n<p>Per pochi euro in pi\u00f9, abbiamo optato per un biglietto<a href=\"https:\/\/www.getyourguide.com\/milan-l139\/duomo-and-terraces-ticket-with-audioguide-t153354\/?partner_id=0LXQSML&amp;utm_medium=online_publisher&amp;placement=content-middle\" target=\"_blank\" rel=\"noreferrer noopener\"> d&#8217;ingresso<\/a>, raggruppato, che d\u00e0 accesso alla <strong>cattedrale<\/strong>, alle <strong>terrazze<\/strong> (a piedi o in ascensore, a seconda delle esigenze), al <strong>Museo<\/strong> del Duomo, all&#8217;area archeologica e alla chiesa di San Gottardo<strong>,<\/strong> al prezzo di 16,5 euro.  <\/p>\n\n<figure class=\"wp-block-image size-large\"><img data-recalc-dims=\"1\" data-dominant-color=\"736d68\" data-has-transparency=\"false\" style=\"--dominant-color: #736d68;\" loading=\"lazy\" decoding=\"async\" width=\"800\" height=\"533\" src=\"https:\/\/i0.wp.com\/www.pourquoi-pas-nous.com\/wp-content\/uploads\/2021\/11\/architecture-g8ed6eef95_1920-scaled-jpg.webp?resize=800%2C533&#038;ssl=1\" alt=\"\" class=\"wp-image-3874 not-transparent\" title=\"\" srcset=\"https:\/\/i0.wp.com\/www.pourquoi-pas-nous.com\/wp-content\/uploads\/2021\/11\/architecture-g8ed6eef95_1920-scaled-jpg.webp?resize=1200%2C800&amp;ssl=1 1200w, https:\/\/i0.wp.com\/www.pourquoi-pas-nous.com\/wp-content\/uploads\/2021\/11\/architecture-g8ed6eef95_1920-scaled-jpg.webp?resize=400%2C267&amp;ssl=1 400w, https:\/\/i0.wp.com\/www.pourquoi-pas-nous.com\/wp-content\/uploads\/2021\/11\/architecture-g8ed6eef95_1920-scaled-jpg.webp?resize=512%2C341&amp;ssl=1 512w, https:\/\/i0.wp.com\/www.pourquoi-pas-nous.com\/wp-content\/uploads\/2021\/11\/architecture-g8ed6eef95_1920-scaled-jpg.webp?resize=768%2C512&amp;ssl=1 768w, https:\/\/i0.wp.com\/www.pourquoi-pas-nous.com\/wp-content\/uploads\/2021\/11\/architecture-g8ed6eef95_1920-scaled-jpg.webp?w=1536&amp;ssl=1 1536w\" sizes=\"(max-width: 800px) 100vw, 800px\" \/><\/figure>\n\n<p>Anche l&#8217;interno \u00e8 molto interessante, con una sontuosa facciata dominata da vetrate rosa e assolutamente sublimi.<\/p>\n\n<p>In seguito, potrete esplorare il <strong>Museo del Duomo di Milano<\/strong>, un&#8217;istituzione culturale inaugurata nel 2003. Si trova sotto la chiesa del Duomo e ospita molti dei manufatti della cattedrale, oltre a opere di artisti contemporanei.  <\/p>\n\n<p>Come si vede, questa cattedrale \u00e8 una tappa obbligata quando si visita Milano.<br \/><\/p>\n<div class=\"lazyblock-conseils-et-hebergements-Zj1e7m wp-block-lazyblock-conseils-et-hebergements\"><div class=\"conseils-hebergements\"><span class=\"titre-conseils\"><i class=\"fas fa-map-marked-alt\"><\/i>Le diverse opzioni di visita della cattedrale:<\/span>\n<p><p><\/p><p>1-<strong>Raccomandazione &#x27a1;&#xfe0f;Notre<\/strong>: si consiglia di acquistare il proprio <a href=\"https:\/\/www.getyourguide.com\/milan-l139\/duomo-and-terraces-ticket-with-audioguide-t153354\/?partner_id=0LXQSML&amp;utm_medium=online_publisher&amp;placement=content-middle\" target=\"_blank\" rel=\"noreferrer noopener\">biglietto d&#8217;ingresso<\/a> per l&#8217;interno della <strong>cattedrale<\/strong>, il suo <strong>museo<\/strong> e le sue <strong>terrazze panoramiche<\/strong> (accesso tramite scale o ascensore), con audioguida opzionale.<\/p><p>2- <strong>Se volete concentrarvi su un unico spazio<\/strong>, vi consigliamo :<\/p><p>&#x27a1;&#xfe0f;Soit per acquistare il <a href=\"https:\/\/www.getyourguide.fr\/milan-l139\/cathedrale-de-milan-billet-coupe-file-t404164\/?partner_id=0LXQSML&amp;utm_medium=online_publisher&amp;placement=content-middle&amp;cmp=milan_cathedrale_interieur\" target=\"_blank\" rel=\"noreferrer noopener\">biglietto<\/a> solo per l&#8217;<strong>interno della cattedrale<\/strong> e del <strong>museo<\/strong>.<\/p><p>&#x27a1;&#xfe0f; Oppure acquistate il <a href=\"https:\/\/www.getyourguide.fr\/milan-cathedral-terraces-l167029\/milan-billet-pour-les-terrasses-du-dome-t157473\/?partner_id=0LXQSML&amp;utm_medium=online_publisher&amp;placement=content-middle\" target=\"_blank\" rel=\"noreferrer noopener\">biglietto d&#8217;ingresso<\/a> solo per le <strong>terrazze panoramiche<\/strong> (accesso tramite scale o ascensore), se volete godere al massimo di questo luogo incredibile.<\/p><p>3- Se volete approfittare di questa visita per<strong> conoscere meglio<\/strong> la <strong>storia<\/strong> della cattedrale e ascoltare tutti gli<strong> aneddoti<\/strong> ad essa legati, vi consigliamo di :<\/p><p>&#x27a1;&#xfe0f; Prenotate la vostra <a href=\"https:\/\/www.getyourguide.com\/milan-cathedral-l3580\/milan-fast-track-milan-cathedral-and-terraces-guided-tour-t219516\/?partner_id=0LXQSML&amp;utm_medium=online_publisher&amp;placement=content-middle\" target=\"_blank\" rel=\"noreferrer noopener\">visita guidata<\/a> al Duomo di Milano, una visita guidata di 1 ora in lingua francese, con <strong>accesso all&#8217;interno <\/strong>della cattedrale e alle <strong>terrazze panoramiche<\/strong>, a un prezzo molto interessante, considerando che i biglietti d&#8217;ingresso sono inclusi.<\/p><\/p><\/div><\/div>\n<p>Dopo una mattinata intensa, \u00e8 il momento di mangiare un boccone e di assaggiare la cucina locale. (i nostri migliori indirizzi alla fine dell&#8217;articolo)<\/p>\n\n<figure class=\"wp-block-image size-full\"><img data-recalc-dims=\"1\" data-dominant-color=\"5c636c\" data-has-transparency=\"false\" style=\"--dominant-color: #5c636c;\" loading=\"lazy\" decoding=\"async\" width=\"800\" height=\"535\" src=\"https:\/\/i0.wp.com\/www.pourquoi-pas-nous.com\/wp-content\/uploads\/2021\/11\/milan-gb4af906cb_1920-scaled-jpg-webp.webp?resize=800%2C535&#038;ssl=1\" alt=\"Visitare Milano\" class=\"wp-image-3860 not-transparent\" title=\"\" srcset=\"https:\/\/i0.wp.com\/www.pourquoi-pas-nous.com\/wp-content\/uploads\/2021\/11\/milan-gb4af906cb_1920-scaled-jpg-webp.webp?w=1530&amp;ssl=1 1530w, https:\/\/i0.wp.com\/www.pourquoi-pas-nous.com\/wp-content\/uploads\/2021\/11\/milan-gb4af906cb_1920-scaled-jpg-webp.webp?resize=400%2C268&amp;ssl=1 400w, https:\/\/i0.wp.com\/www.pourquoi-pas-nous.com\/wp-content\/uploads\/2021\/11\/milan-gb4af906cb_1920-scaled-jpg-webp.webp?resize=1200%2C803&amp;ssl=1 1200w, https:\/\/i0.wp.com\/www.pourquoi-pas-nous.com\/wp-content\/uploads\/2021\/11\/milan-gb4af906cb_1920-scaled-jpg-webp.webp?resize=512%2C343&amp;ssl=1 512w, https:\/\/i0.wp.com\/www.pourquoi-pas-nous.com\/wp-content\/uploads\/2021\/11\/milan-gb4af906cb_1920-scaled-jpg-webp.webp?resize=768%2C514&amp;ssl=1 768w\" sizes=\"(max-width: 800px) 100vw, 800px\" \/><\/figure>\n\n<p><\/p>\n\n<p>Potrete poi continuare il vostro tour del quartiere con una visita alla <strong>Galleria Vittorio Emanuele II<\/strong>. \u00c8 un luogo sublime, assolutamente da visitare se si vuole ammirare questa prodezza architettonica <sup>del XIX secolo<\/sup>.  <\/p>\n\n<p>Abbiamo ammirato l&#8217;<strong>immenso tetto di vetro<\/strong> e la <strong>magnifica cupola<\/strong>, nonch\u00e9 <strong>i mosaici sul pavimento<\/strong>. La galleria ospita molti <strong>ristoranti<\/strong> e <strong>negozi di lusso<\/strong> (Armani, Prada&#8230;), ma ovviamente non abbiamo comprato nulla. Abbiamo appena attraversato questo passaggio coperto, da Piazza del Duomo al Teatro alla <a href=\"https:\/\/www.pourquoi-pas-nous.com\/it\/la-scala-milano\/\" data-type=\"post\" data-id=\"5096\">Scala<\/a>.<\/p>\n\n<p><strong>Il nostro consiglio<\/strong>: siamo tornati <strong>molto presto<\/strong> la <strong>mattina successiva per goderci la galleria prima dell&#8217;apertura dei negozi e dell&#8217;arrivo della folla<\/strong>.<\/p>\n\n<p><\/p>\n\n<figure class=\"wp-block-image size-full\"><img data-recalc-dims=\"1\" data-dominant-color=\"6f6658\" data-has-transparency=\"false\" style=\"--dominant-color: #6f6658;\" loading=\"lazy\" decoding=\"async\" width=\"800\" height=\"600\" src=\"https:\/\/i0.wp.com\/www.pourquoi-pas-nous.com\/wp-content\/uploads\/2021\/11\/architecture-g359e731c7_1920-scaled-jpg-webp.webp?resize=800%2C600&#038;ssl=1\" alt=\"\" class=\"wp-image-3861 not-transparent\" title=\"\" srcset=\"https:\/\/i0.wp.com\/www.pourquoi-pas-nous.com\/wp-content\/uploads\/2021\/11\/architecture-g359e731c7_1920-scaled-jpg-webp.webp?w=1366&amp;ssl=1 1366w, https:\/\/i0.wp.com\/www.pourquoi-pas-nous.com\/wp-content\/uploads\/2021\/11\/architecture-g359e731c7_1920-scaled-jpg-webp.webp?resize=400%2C300&amp;ssl=1 400w, https:\/\/i0.wp.com\/www.pourquoi-pas-nous.com\/wp-content\/uploads\/2021\/11\/architecture-g359e731c7_1920-scaled-jpg-webp.webp?resize=1200%2C900&amp;ssl=1 1200w, https:\/\/i0.wp.com\/www.pourquoi-pas-nous.com\/wp-content\/uploads\/2021\/11\/architecture-g359e731c7_1920-scaled-jpg-webp.webp?resize=512%2C384&amp;ssl=1 512w, https:\/\/i0.wp.com\/www.pourquoi-pas-nous.com\/wp-content\/uploads\/2021\/11\/architecture-g359e731c7_1920-scaled-jpg-webp.webp?resize=768%2C576&amp;ssl=1 768w\" sizes=\"(max-width: 800px) 100vw, 800px\" \/><\/figure>\n\n<h3 class=\"wp-block-heading\"><strong>Visitare Milano in 2 giorni: proseguire con un tour gratuito a piedi e il quartiere di Brera<\/strong><\/h3>\n\n<p>Quando non sappiamo assolutamente nulla di una citt\u00e0, come sicuramente saprete, partiamo alla sua scoperta con un<a href=\"https:\/\/www.pourquoi-pas-nous.com\/go\/activite\/milan-free-walking-tour\/\" target=\"_blank\" rel=\"noreferrer noopener\">&#8220;free walking tour<\/a>&#8220;. Abbiamo scoperto questo tipo di tour durante il nostro <a href=\"https:\/\/www.pourquoi-pas-nous.com\/it\/pianificare-litinerario-intorno-al-mondo-la-nostra-tecnica\/\" data-type=\"post\" data-id=\"2885\">giro del mondo<\/a> e non siamo mai rimasti delusi.  <\/p>\n\n<p>Ci piace imparare <strong>la storia, la cultura e l&#8217;architettura<\/strong>da una guida locale, che di solito ci indica molti posti dove mangiare e bere. In breve, amiamo questo tipo di tour.  <\/p>\n\n<p>Poi si \u00e8 partiti per 2 ore di girovagare per la citt\u00e0 e raccogliere informazioni. Riassumiamo le principali sentenze:<\/p>\n\n<ul class=\"wp-block-list\">\n<li>RDV Piazza del Duomo<\/li>\n\n\n\n<li>Basilica di San Nazaro a Brolo<\/li>\n\n\n\n<li>Universit\u00e0 Statale<\/li>\n\n\n\n<li>Piazza del Duomo,  <\/li>\n\n\n\n<li>Galleria Vittorio Emanuele II<\/li>\n\n\n\n<li>Piazza Scala<\/li>\n\n\n\n<li>Piazza Mercanti  <\/li>\n<\/ul>\n\n<p>&#x27a1;&#xfe0f;Nous vi consiglia di <a href=\"https:\/\/www.pourquoi-pas-nous.com\/go\/activite\/milan-free-walking-tour\/\" target=\"_blank\" rel=\"noreferrer noopener\">prenotare gratuitamente i vostri posti<\/a> scegliendo il giorno e l&#8217;ora dell&#8217;incontro in <strong>\n  <strong>Piazza del Duomo<\/strong>\n<\/strong>.<\/p>\n\n<figure class=\"wp-block-image size-full\"><img data-recalc-dims=\"1\" data-dominant-color=\"837873\" data-has-transparency=\"false\" style=\"--dominant-color: #837873;\" loading=\"lazy\" decoding=\"async\" width=\"800\" height=\"600\" src=\"https:\/\/i0.wp.com\/www.pourquoi-pas-nous.com\/wp-content\/uploads\/2022\/10\/milan-free.jpg?resize=800%2C600&#038;ssl=1\" alt=\"\" class=\"wp-image-7890 not-transparent\" title=\"\" srcset=\"https:\/\/i0.wp.com\/www.pourquoi-pas-nous.com\/wp-content\/uploads\/2022\/10\/milan-free.jpg?w=1000&amp;ssl=1 1000w, https:\/\/i0.wp.com\/www.pourquoi-pas-nous.com\/wp-content\/uploads\/2022\/10\/milan-free.jpg?resize=400%2C300&amp;ssl=1 400w, https:\/\/i0.wp.com\/www.pourquoi-pas-nous.com\/wp-content\/uploads\/2022\/10\/milan-free.jpg?resize=512%2C384&amp;ssl=1 512w, https:\/\/i0.wp.com\/www.pourquoi-pas-nous.com\/wp-content\/uploads\/2022\/10\/milan-free.jpg?resize=768%2C576&amp;ssl=1 768w\" sizes=\"(max-width: 800px) 100vw, 800px\" \/><\/figure>\n\n<p>Dopo un pasto delizioso, come sempre in Italia, abbiamo passeggiato nel quartiere di <strong>Brera,<\/strong> le strette vie del quartiere pi\u00f9 antico di Milano. Abbiamo ammirato le <strong>facciate colorate delle case milanesi<\/strong>.<\/p>\n\n<p>Si pu\u00f2 anche passeggiare lungo via <strong>Montenapoleone<\/strong>, la via dello shopping. Se venite a Milano per comprare nuovi vestiti, troverete quello che cercate in questa strada pedonale.<\/p>\n\n<figure class=\"wp-block-image size-full\"><img data-recalc-dims=\"1\" data-dominant-color=\"887862\" data-has-transparency=\"false\" style=\"--dominant-color: #887862;\" loading=\"lazy\" decoding=\"async\" width=\"800\" height=\"533\" src=\"https:\/\/i0.wp.com\/www.pourquoi-pas-nous.com\/wp-content\/uploads\/2021\/11\/pizza-g4205ef0c3_1920-scaled-jpg.webp?resize=800%2C533&#038;ssl=1\" alt=\"\" class=\"wp-image-3862 not-transparent\" title=\"\" srcset=\"https:\/\/i0.wp.com\/www.pourquoi-pas-nous.com\/wp-content\/uploads\/2021\/11\/pizza-g4205ef0c3_1920-scaled-jpg.webp?w=1536&amp;ssl=1 1536w, https:\/\/i0.wp.com\/www.pourquoi-pas-nous.com\/wp-content\/uploads\/2021\/11\/pizza-g4205ef0c3_1920-scaled-jpg.webp?resize=400%2C267&amp;ssl=1 400w, https:\/\/i0.wp.com\/www.pourquoi-pas-nous.com\/wp-content\/uploads\/2021\/11\/pizza-g4205ef0c3_1920-scaled-jpg.webp?resize=1200%2C800&amp;ssl=1 1200w, https:\/\/i0.wp.com\/www.pourquoi-pas-nous.com\/wp-content\/uploads\/2021\/11\/pizza-g4205ef0c3_1920-scaled-jpg.webp?resize=512%2C341&amp;ssl=1 512w, https:\/\/i0.wp.com\/www.pourquoi-pas-nous.com\/wp-content\/uploads\/2021\/11\/pizza-g4205ef0c3_1920-scaled-jpg.webp?resize=768%2C512&amp;ssl=1 768w\" sizes=\"(max-width: 800px) 100vw, 800px\" \/><\/figure>\n\n<p><\/p>\n\n<h3 class=\"wp-block-heading\">Visitare Milano in 3 giorni: terminare con un tour in bicicletta della citt\u00e0, del Castello Sforzesco<strong>(Sforza<\/strong>), di Santa Maria delle Grazie &#8220;Il Cenacolo&#8221;, delle colonne di San Lorenzo e del quartiere dei Navigli.<\/h3>\n\n<p>Per quest&#8217;ultimo giorno abbiamo <strong>noleggiato delle biciclette<\/strong> per raggiungere i <strong>punti pi\u00f9 remoti<\/strong> della nostra lista di cose da fare. La citt\u00e0 di Milano \u00e8 <strong>perfettamente adatta<\/strong> alla bicicletta. \u00c8 completamente fiancheggiata da piste ciclabili che permettono di attraversare la citt\u00e0 da un capo all&#8217;altro.  <\/p>\n\n<figure class=\"wp-block-image size-full\"><img data-recalc-dims=\"1\" data-dominant-color=\"78797d\" data-has-transparency=\"false\" style=\"--dominant-color: #78797d;\" loading=\"lazy\" decoding=\"async\" width=\"800\" height=\"600\" src=\"https:\/\/i0.wp.com\/www.pourquoi-pas-nous.com\/wp-content\/uploads\/2021\/11\/bike-g28611e541_1920-scaled-jpg.webp?resize=800%2C600&#038;ssl=1\" alt=\"\" class=\"wp-image-3884 not-transparent\" title=\"\" srcset=\"https:\/\/i0.wp.com\/www.pourquoi-pas-nous.com\/wp-content\/uploads\/2021\/11\/bike-g28611e541_1920-scaled-jpg.webp?w=1600&amp;ssl=1 1600w, https:\/\/i0.wp.com\/www.pourquoi-pas-nous.com\/wp-content\/uploads\/2021\/11\/bike-g28611e541_1920-scaled-jpg.webp?resize=400%2C300&amp;ssl=1 400w, https:\/\/i0.wp.com\/www.pourquoi-pas-nous.com\/wp-content\/uploads\/2021\/11\/bike-g28611e541_1920-scaled-jpg.webp?resize=1200%2C900&amp;ssl=1 1200w, https:\/\/i0.wp.com\/www.pourquoi-pas-nous.com\/wp-content\/uploads\/2021\/11\/bike-g28611e541_1920-scaled-jpg.webp?resize=512%2C384&amp;ssl=1 512w, https:\/\/i0.wp.com\/www.pourquoi-pas-nous.com\/wp-content\/uploads\/2021\/11\/bike-g28611e541_1920-scaled-jpg.webp?resize=768%2C576&amp;ssl=1 768w, https:\/\/i0.wp.com\/www.pourquoi-pas-nous.com\/wp-content\/uploads\/2021\/11\/bike-g28611e541_1920-scaled-jpg.webp?resize=1536%2C1152&amp;ssl=1 1536w\" sizes=\"(max-width: 800px) 100vw, 800px\" \/><\/figure>\n\n<p>Abbiamo usato <a href=\"https:\/\/bikemi.com\/\" target=\"_blank\" rel=\"noopener\">\n  <strong>Bici mi<\/strong>\n<\/a>le biciclette della citt\u00e0, cugine dei nostri<strong> V\u00e9cub Bordelais e V\u00e9lib Parisien<\/strong>, \u00e8 un modo economico di muoversi a Milano. Come sempre, l&#8217;abbonamento giornaliero costa 4,5 euro (settimanale 9 euro), mentre il biglietto della metropolitana costa 2 euro per 90 minuti.  <\/p>\n\n<p>Una volta pagato l&#8217;abbonamento, riceverete immediatamente un&#8217;e-mail contenente il vostro codice utente e la vostra password, che potrete inserire <strong>in<\/strong> qualsiasi stazione per ritirare la vostra bicicletta. In seguito, la prima mezz&#8217;ora \u00e8 gratuita, poi si paga 0,50 euro ogni 30 minuti.<\/p>\n\n<figure class=\"wp-block-image size-full\"><img data-recalc-dims=\"1\" data-dominant-color=\"908e85\" data-has-transparency=\"false\" style=\"--dominant-color: #908e85;\" loading=\"lazy\" decoding=\"async\" width=\"800\" height=\"533\" src=\"https:\/\/i0.wp.com\/www.pourquoi-pas-nous.com\/wp-content\/uploads\/2021\/11\/milan-g641c09b09_1920-scaled.webp?resize=800%2C533&#038;ssl=1\" alt=\"Visitare Milano\" class=\"wp-image-13438 not-transparent\" title=\"\" srcset=\"https:\/\/i0.wp.com\/www.pourquoi-pas-nous.com\/wp-content\/uploads\/2021\/11\/milan-g641c09b09_1920-scaled.webp?w=1536&amp;ssl=1 1536w, https:\/\/i0.wp.com\/www.pourquoi-pas-nous.com\/wp-content\/uploads\/2021\/11\/milan-g641c09b09_1920-scaled.webp?resize=400%2C267&amp;ssl=1 400w, https:\/\/i0.wp.com\/www.pourquoi-pas-nous.com\/wp-content\/uploads\/2021\/11\/milan-g641c09b09_1920-scaled.webp?resize=1200%2C800&amp;ssl=1 1200w, https:\/\/i0.wp.com\/www.pourquoi-pas-nous.com\/wp-content\/uploads\/2021\/11\/milan-g641c09b09_1920-scaled.webp?resize=512%2C341&amp;ssl=1 512w, https:\/\/i0.wp.com\/www.pourquoi-pas-nous.com\/wp-content\/uploads\/2021\/11\/milan-g641c09b09_1920-scaled.webp?resize=768%2C512&amp;ssl=1 768w\" sizes=\"(max-width: 800px) 100vw, 800px\" \/><\/figure>\n\n<p>Ecco l&#8217;itinerario che abbiamo seguito:<\/p>\n\n<ul class=\"wp-block-list\">\n<li><strong>1 &#8211;<\/strong> <strong>Castello Sforzesco<\/strong>, alla fine di Via Dante, la principale via dello shopping che parte dal Duomo. Questo immenso castello contrasta con la modernit\u00e0 di Milano. \u00c8 stato distrutto e ricostruito pi\u00f9 volte. Alla sua ricostruzione parteciparono artisti di fama come <strong>Leonardo da Vinci e Michelangelo<\/strong>. Oggi ospita diversi musei.<br \/><br \/>&#x27a1;&#xfe0f;R\u00e9servez, in anticipo, <a href=\"https:\/\/www.getyourguide.fr\/milan-l139\/milan-billet-d-entree-au-chateau-des-sforza-et-visite-audio-autoguidee-t414400\/?partner_id=0LXQSML&amp;utm_medium=online_publisher&amp;placement=content-middle\" target=\"_blank\" rel=\"noopener\">\n  <strong>biglietto d&#8217;ingresso al Castello Sforzesco con audioguida digitale<\/strong>\n<\/a><\/li>\n<\/ul>\n\n<figure class=\"wp-block-image size-full\"><img data-recalc-dims=\"1\" data-dominant-color=\"7f999b\" data-has-transparency=\"false\" style=\"--dominant-color: #7f999b;\" loading=\"lazy\" decoding=\"async\" width=\"800\" height=\"533\" src=\"https:\/\/i0.wp.com\/www.pourquoi-pas-nous.com\/wp-content\/uploads\/2021\/11\/castello-sforzesco-g4f368ffc6_1920-scaled-jpg-webp.webp?resize=800%2C533&#038;ssl=1\" alt=\"\" class=\"wp-image-3866 not-transparent\" title=\"\" srcset=\"https:\/\/i0.wp.com\/www.pourquoi-pas-nous.com\/wp-content\/uploads\/2021\/11\/castello-sforzesco-g4f368ffc6_1920-scaled-jpg-webp.webp?w=1536&amp;ssl=1 1536w, https:\/\/i0.wp.com\/www.pourquoi-pas-nous.com\/wp-content\/uploads\/2021\/11\/castello-sforzesco-g4f368ffc6_1920-scaled-jpg-webp.webp?resize=400%2C267&amp;ssl=1 400w, https:\/\/i0.wp.com\/www.pourquoi-pas-nous.com\/wp-content\/uploads\/2021\/11\/castello-sforzesco-g4f368ffc6_1920-scaled-jpg-webp.webp?resize=1200%2C800&amp;ssl=1 1200w, https:\/\/i0.wp.com\/www.pourquoi-pas-nous.com\/wp-content\/uploads\/2021\/11\/castello-sforzesco-g4f368ffc6_1920-scaled-jpg-webp.webp?resize=512%2C341&amp;ssl=1 512w, https:\/\/i0.wp.com\/www.pourquoi-pas-nous.com\/wp-content\/uploads\/2021\/11\/castello-sforzesco-g4f368ffc6_1920-scaled-jpg-webp.webp?resize=768%2C512&amp;ssl=1 768w\" sizes=\"(max-width: 800px) 100vw, 800px\" \/><\/figure>\n\n<ul class=\"wp-block-list\">\n<li><strong>2.<\/strong> Il Convento di <strong>Santa Maria delle Grazie<\/strong>, che ospita il famosissimo affresco de<strong>&#8220;L&#8217;Ultima Cena<\/strong>&#8220;, realizzato da Leonardo da Vinci in persona. Il costo per vedere questa famosa e imperdibile opera \u00e8 di 15 euro per una visita di 15 minuti (per preservare l&#8217;opera), ed \u00e8 indispensabile prenotare in anticipo (tranne che nei periodi di bassissima stagione di dicembre e gennaio).<br \/><br \/>&#x27a1;&#xfe0f;Notre consiglio: prenotate una <a href=\"https:\/\/www.getyourguide.fr\/milan-l139\/milan-visite-guidee-a-la-decouverte-de-la-cene-de-de-vinci-t179522\/?partner_id=0LXQSML&amp;utm_medium=online_publisher&amp;placement=content-middle\" target=\"_blank\" rel=\"noreferrer noopener nofollow\">visita guidata<\/a> all&#8217;Ultima Cena di Leonardo da Vinci<strong>: <\/strong>\u00e8 il modo ideale per conoscere<strong> tutti i dettagli e gli aneddoti<\/strong> che circondano questo capolavoro, e ha un ottimo rapporto qualit\u00e0-prezzo considerando che i <strong>biglietti d&#8217;ingresso <\/strong>sono inclusi, quindi non dovrete preoccuparvi.<br \/><\/li>\n<\/ul>\n<div class=\"lazyblock-bouton-2rIOk4 wp-block-lazyblock-bouton\"><a href=\"https:\/\/www.getyourguide.fr\/milan-l139\/milan-visite-guidee-a-la-decouverte-de-la-cene-de-de-vinci-t179522\/?partner_id=0LXQSML&amp;amp;utm_medium=online_publisher&amp;amp;placement=content-middle\" target=\"_blank\" rel=\"sponsored noopener\"><button>Visita guidata all&#8217;Ultima Cena: per saperne di pi\u00f9<\/button><\/a><\/div>\n<p><\/p>\n\n<figure class=\"wp-block-image size-full\"><img data-recalc-dims=\"1\" data-dominant-color=\"7f7765\" data-has-transparency=\"false\" style=\"--dominant-color: #7f7765;\" loading=\"lazy\" decoding=\"async\" width=\"800\" height=\"407\" src=\"https:\/\/i0.wp.com\/www.pourquoi-pas-nous.com\/wp-content\/uploads\/2021\/11\/painting-gafc584027_1920-scaled-jpg-webp.webp?resize=800%2C407&#038;ssl=1\" alt=\"\" class=\"wp-image-3867 not-transparent\" title=\"\" srcset=\"https:\/\/i0.wp.com\/www.pourquoi-pas-nous.com\/wp-content\/uploads\/2021\/11\/painting-gafc584027_1920-scaled-jpg-webp.webp?w=1600&amp;ssl=1 1600w, https:\/\/i0.wp.com\/www.pourquoi-pas-nous.com\/wp-content\/uploads\/2021\/11\/painting-gafc584027_1920-scaled-jpg-webp.webp?resize=400%2C204&amp;ssl=1 400w, https:\/\/i0.wp.com\/www.pourquoi-pas-nous.com\/wp-content\/uploads\/2021\/11\/painting-gafc584027_1920-scaled-jpg-webp.webp?resize=1200%2C611&amp;ssl=1 1200w, https:\/\/i0.wp.com\/www.pourquoi-pas-nous.com\/wp-content\/uploads\/2021\/11\/painting-gafc584027_1920-scaled-jpg-webp.webp?resize=512%2C260&amp;ssl=1 512w, https:\/\/i0.wp.com\/www.pourquoi-pas-nous.com\/wp-content\/uploads\/2021\/11\/painting-gafc584027_1920-scaled-jpg-webp.webp?resize=768%2C391&amp;ssl=1 768w, https:\/\/i0.wp.com\/www.pourquoi-pas-nous.com\/wp-content\/uploads\/2021\/11\/painting-gafc584027_1920-scaled-jpg-webp.webp?resize=1536%2C781&amp;ssl=1 1536w\" sizes=\"(max-width: 800px) 100vw, 800px\" \/><\/figure>\n\n<ul class=\"wp-block-list\">\n<li><strong>3.<\/strong> La <strong>Chiesa di San Lorenzo Maggiore<\/strong> risale al IV secolo ed \u00e8 la <strong>pi\u00f9 antica di Milano<\/strong>. Dedicata al martire cristiano San Lorenzo, la chiesa fu costruita utilizzando i resti di altri siti romani. L&#8217;interno della chiesa \u00e8 ornato da splendidi mosaici e marmi. Di fronte alla chiesa si trovano le sedici colonne di <strong>San Lorenzo<\/strong>.  <\/li>\n<\/ul>\n\n<figure class=\"wp-block-image size-full\"><img data-recalc-dims=\"1\" data-dominant-color=\"5d5a55\" data-has-transparency=\"false\" style=\"--dominant-color: #5d5a55;\" loading=\"lazy\" decoding=\"async\" width=\"800\" height=\"532\" src=\"https:\/\/i0.wp.com\/www.pourquoi-pas-nous.com\/wp-content\/uploads\/2021\/11\/architecture-ga4e675191_1920-scaled-jpg-webp.webp?resize=800%2C532&#038;ssl=1\" alt=\"\" class=\"wp-image-3868 not-transparent\" title=\"\" srcset=\"https:\/\/i0.wp.com\/www.pourquoi-pas-nous.com\/wp-content\/uploads\/2021\/11\/architecture-ga4e675191_1920-scaled-jpg-webp.webp?w=1541&amp;ssl=1 1541w, https:\/\/i0.wp.com\/www.pourquoi-pas-nous.com\/wp-content\/uploads\/2021\/11\/architecture-ga4e675191_1920-scaled-jpg-webp.webp?resize=400%2C266&amp;ssl=1 400w, https:\/\/i0.wp.com\/www.pourquoi-pas-nous.com\/wp-content\/uploads\/2021\/11\/architecture-ga4e675191_1920-scaled-jpg-webp.webp?resize=1200%2C797&amp;ssl=1 1200w, https:\/\/i0.wp.com\/www.pourquoi-pas-nous.com\/wp-content\/uploads\/2021\/11\/architecture-ga4e675191_1920-scaled-jpg-webp.webp?resize=512%2C340&amp;ssl=1 512w, https:\/\/i0.wp.com\/www.pourquoi-pas-nous.com\/wp-content\/uploads\/2021\/11\/architecture-ga4e675191_1920-scaled-jpg-webp.webp?resize=768%2C510&amp;ssl=1 768w, https:\/\/i0.wp.com\/www.pourquoi-pas-nous.com\/wp-content\/uploads\/2021\/11\/architecture-ga4e675191_1920-scaled-jpg-webp.webp?resize=1536%2C1021&amp;ssl=1 1536w\" sizes=\"(max-width: 800px) 100vw, 800px\" \/><\/figure>\n\n<ul class=\"wp-block-list\">\n<li><strong>4.<\/strong> <strong>Quartiere dei Navigli:<\/strong> non potrete che rimanere incantati da questo pittoresco quartiere, attraversato da canali artificiali noti come Navigli. Vi consigliamo di seguire i canali e di ammirare i numerosi ristoranti e negozi.<\/li>\n<\/ul>\n\n<figure class=\"wp-block-image size-full\"><img data-recalc-dims=\"1\" data-dominant-color=\"705f5a\" data-has-transparency=\"false\" style=\"--dominant-color: #705f5a;\" loading=\"lazy\" decoding=\"async\" width=\"800\" height=\"524\" src=\"https:\/\/i0.wp.com\/www.pourquoi-pas-nous.com\/wp-content\/uploads\/2021\/11\/milan-g20122bd21_1920-scaled-jpg-webp.webp?resize=800%2C524&#038;ssl=1\" alt=\"\" class=\"wp-image-3869 not-transparent\" title=\"\" srcset=\"https:\/\/i0.wp.com\/www.pourquoi-pas-nous.com\/wp-content\/uploads\/2021\/11\/milan-g20122bd21_1920-scaled-jpg-webp.webp?w=1562&amp;ssl=1 1562w, https:\/\/i0.wp.com\/www.pourquoi-pas-nous.com\/wp-content\/uploads\/2021\/11\/milan-g20122bd21_1920-scaled-jpg-webp.webp?resize=400%2C262&amp;ssl=1 400w, https:\/\/i0.wp.com\/www.pourquoi-pas-nous.com\/wp-content\/uploads\/2021\/11\/milan-g20122bd21_1920-scaled-jpg-webp.webp?resize=1200%2C787&amp;ssl=1 1200w, https:\/\/i0.wp.com\/www.pourquoi-pas-nous.com\/wp-content\/uploads\/2021\/11\/milan-g20122bd21_1920-scaled-jpg-webp.webp?resize=512%2C336&amp;ssl=1 512w, https:\/\/i0.wp.com\/www.pourquoi-pas-nous.com\/wp-content\/uploads\/2021\/11\/milan-g20122bd21_1920-scaled-jpg-webp.webp?resize=768%2C503&amp;ssl=1 768w, https:\/\/i0.wp.com\/www.pourquoi-pas-nous.com\/wp-content\/uploads\/2021\/11\/milan-g20122bd21_1920-scaled-jpg-webp.webp?resize=1536%2C1007&amp;ssl=1 1536w\" sizes=\"(max-width: 800px) 100vw, 800px\" \/><\/figure>\n\n<h2 class=\"wp-block-heading\">I nostri migliori ristoranti a Milano :<\/h2>\n\n<p><strong>Non a caso, abbiamo mangiato molto bene a Milano<\/strong>! Consigliamo :<\/p>\n\n<ul class=\"wp-block-list\">\n<li><strong>Pasto &#8211; Laboratorio di pasta con cucina<\/strong> \u00e8 un piccolo ristorante che serve una pasta deliziosa vicino al Duomo.<\/li>\n\n\n\n<li><strong>Pizzium &#8211; Via Vigevano<\/strong>: questa \u00e8 una delle migliori pizze, gli ingredienti sono freschi e tutto \u00e8 preparato a mano! Una tappa obbligata quando si visita il quartiere dei Navigli.<\/li>\n\n\n\n<li><strong>Flower Burgeur nel quartiere di Breda<\/strong>, sono semplicemente eccellenti e ci siamo trovati benissimo, come spesso accade in Italia!<\/li>\n\n\n\n<li><strong>OGGI Gelato Milano<\/strong>: ottimi gelati e gusti originali! Una tappa obbligata del vostro soggiorno a Milano.<\/li>\n<\/ul>\n\n<div data-gyg-href=\"https:\/\/widget.getyourguide.com\/default\/activities.frame\" data-gyg-locale-code=\"fr-FR\" data-gyg-widget=\"activities\" data-gyg-number-of-items=\"3\" data-gyg-cmp=\"milan\" data-gyg-partner-id=\"0LXQSML\" data-gyg-tour-ids=\"153354,179522,146676\"><\/div>\n\n<figure class=\"wp-block-image size-full\"><img data-recalc-dims=\"1\" data-dominant-color=\"6c615b\" data-has-transparency=\"false\" style=\"--dominant-color: #6c615b;\" loading=\"lazy\" decoding=\"async\" width=\"800\" height=\"533\" src=\"https:\/\/i0.wp.com\/www.pourquoi-pas-nous.com\/wp-content\/uploads\/2021\/11\/ice-cream-g2c61d156e_1920-scaled-jpg-webp.webp?resize=800%2C533&#038;ssl=1\" alt=\"\" class=\"wp-image-3872 not-transparent\" title=\"\" srcset=\"https:\/\/i0.wp.com\/www.pourquoi-pas-nous.com\/wp-content\/uploads\/2021\/11\/ice-cream-g2c61d156e_1920-scaled-jpg-webp.webp?w=1537&amp;ssl=1 1537w, https:\/\/i0.wp.com\/www.pourquoi-pas-nous.com\/wp-content\/uploads\/2021\/11\/ice-cream-g2c61d156e_1920-scaled-jpg-webp.webp?resize=400%2C266&amp;ssl=1 400w, https:\/\/i0.wp.com\/www.pourquoi-pas-nous.com\/wp-content\/uploads\/2021\/11\/ice-cream-g2c61d156e_1920-scaled-jpg-webp.webp?resize=1200%2C799&amp;ssl=1 1200w, https:\/\/i0.wp.com\/www.pourquoi-pas-nous.com\/wp-content\/uploads\/2021\/11\/ice-cream-g2c61d156e_1920-scaled-jpg-webp.webp?resize=512%2C341&amp;ssl=1 512w, https:\/\/i0.wp.com\/www.pourquoi-pas-nous.com\/wp-content\/uploads\/2021\/11\/ice-cream-g2c61d156e_1920-scaled-jpg-webp.webp?resize=768%2C512&amp;ssl=1 768w\" sizes=\"(max-width: 800px) 100vw, 800px\" \/><\/figure>\n\n<h2 class=\"wp-block-heading\">I nostri migliori hotel a Milano<\/h2>\n\n<p>Non esitate a <strong>\n  <a href=\"https:\/\/www.pourquoi-pas-nous.com\/it\/ou-dormir-milano\/\">alloggio a Milano<\/a>\n<\/strong>Scegliete un alloggio vicino al <strong>centro storico<\/strong>, vicino al Duomo! Questo permette di visitare gran parte della citt\u00e0 a piedi. La citt\u00e0 \u00e8 piena di hotel sublimi.<\/p>\n<div class=\"lazyblock-conseils-et-hebergements-Z25vYbF wp-block-lazyblock-conseils-et-hebergements\"><div class=\"conseils-hebergements\"><span class=\"titre-conseils\"><i class=\"fas fa-map-marked-alt\"><\/i>Il nostro alloggio in posizione perfetta<\/span>\n<p><p>1.<strong> Il nostro<\/strong> preferito: <a href=\"https:\/\/www.booking.com\/hotel\/it\/into-the-heart-of-milan-aparthotel.en.html?aid=1529171&amp;no_rooms=1&amp;group_adults=2\" target=\"_blank\" rel=\"noopener\">INTOMILAN Aparthotel Galleria Duomo<\/a>, situato a <strong>pochi minuti a piedi dal Duomo<\/strong>. La posizione dell&#8217;hotel \u00e8 perfetta per visitare Milano. La nostra camera era spaziosa, pulita e ben arredata. Il nostro soggiorno \u00e8 stato eccellente.<\/p><p>2. <strong>Appartamento<\/strong>: <a href=\"https:\/\/www.booking.com\/hotel\/it\/brera-apartments-alla-scala.en.html?aid=1529171&amp;no_rooms=1&amp;group_adults=2\" data-type=\"URL\" data-id=\"https:\/\/www.booking.com\/hotel\/it\/brera-apartments-alla-scala.en.html?aid=1529171&amp;no_rooms=1&amp;group_adults=2\" target=\"_blank\" rel=\"noopener\">Appartamenti Brera Alla Scala<\/a> Abbiamo esitato a lungo con questo alloggio, che \u00e8 anche molto ben posizionato. \u00c8 un appartamento, quindi \u00e8 pi\u00f9 facile cucinare rispetto a un hotel.<\/p><\/p><\/div><\/div><div class=\"lazyblock-bouton-Z1m8eKC wp-block-lazyblock-bouton\"><a href=\"https:\/\/www.booking.com\/searchresults.en.html?city=-116052&amp;amp;aid=1529171&amp;amp;no_rooms=1&amp;amp;group_adults=2\" target=\"_blank\" rel=\"sponsored noopener\"><button>Gli alloggi pi\u00f9 votati a Milano<\/button><\/a><\/div>\n<h2 class=\"wp-block-heading\">Come muoversi a Milano<\/h2>\n\n<p>Milano \u00e8 ben servita dai <strong>mezzi pubblici<\/strong>, quindi vi consigliamo di prendere la <strong>metropolitana<\/strong>, che ha 4 linee che attraversano la citt\u00e0 ed \u00e8 molto facile da capire, o di <strong>andare in bicicletta<\/strong> con la rete <strong>Bike Mi<\/strong>, dove troverete molte piste ciclabili.  <\/p>\n\n<p>Naturalmente la citt\u00e0 \u00e8 dotata anche di <strong>autobus<\/strong> e <strong>tram<\/strong>, ma noi utilizziamo meno questi mezzi di trasporto quando viaggiamo.<\/p>\n\n<h2 class=\"wp-block-heading\">Prolungate il vostro weekend esplorando l&#8217;incredibile Lago di Como<\/h2>\n\n<p><\/p>\n\n<p>Se volete continuare il vostro soggiorno in Italia, vi consigliamo vivamente di <a href=\"https:\/\/www.pourquoi-pas-nous.com\/sejour-lac-come-weekend-4-jours-que-faire-visiter\/\" target=\"_blank\" data-type=\"post\" data-id=\"2492\" rel=\"noreferrer noopener nofollow\">visitare il Lago di Como<\/a>. A meno di 1 ora da Milano. Siamo rimasti affascinati dalla <strong>bellezza di questo luogo<\/strong>.<\/p>\n\n<p>Come raggiungere il Lago di Como da Milano:<\/p>\n\n<p><strong>&#x27a1;&#xfe0f;Vous pu\u00f2 noleggiare un&#8217;auto. <\/strong>Per confrontare i prezzi di noleggio, ti consigliamo il sito RentalCars. Per darvi un&#8217;idea dei prezzi, abbiamo trovato un&#8217;auto a 50 \u20ac per 4 giorni tramite <strong>Hertz<\/strong> (in aprile).<\/p>\n\n<p><strong>&#x27a1;&#xfe0f;Vous<\/strong>pu\u00f2 prenotare <a href=\"https:\/\/www.getyourguide.fr\/milan-l139\/depuis-milan-lac-de-come-bellagio-et-varenna-t146676\/?partner_id=0LXQSML&amp;utm_medium=online_publisher&amp;placement=content-middle&amp;cmp=Milan-journee-come-bellagio-varenna-pageMilan\" target=\"_blank\" rel=\"noreferrer noopener\">1 giorno al Lago di Como e ai suoi borghi pi\u00f9 belli<\/a> (Como, Bellagio e Varenna) organizzato da Milano.<\/p>\n\n<p><\/p>\n\n<p>Godetevi il vostro viaggio nella <strong>capitale europea della moda <\/strong>! Ci auguriamo che il vostro viaggio sia <strong>fantastico<\/strong>! Non esitate a lasciarci un <strong>commento<\/strong> o <strong>5 stelle<\/strong> qui sotto, per farci sapere se state programmando questo viaggio o per farci domande, qui o su <a href=\"https:\/\/www.instagram.com\/pourquoipasnous_voyage\/\" target=\"_blank\" rel=\"noreferrer noopener\">Instagram<\/a>. Saremo lieti di rispondervi.  <\/p>\n<div style='text-align:right' class='yasr-auto-insert-visitor'><\/div>","protected":false},"excerpt":{"rendered":"<p>Cosa vedere a Milano Se ve lo state chiedendo, siete nel posto giusto. La metropoli italiana, situata nella regione Lombardia dell&#8217;Italia settentrionale, \u00e8 la seconda citt\u00e0 pi\u00f9 grande del paese. Milano pu\u00f2 essere conosciuta come la capitale della moda (al pari di Parigi, Londra e New York), ma ha anche molti punti di interesse da [&hellip;]<\/p>\n","protected":false},"author":1,"featured_media":24033,"comment_status":"open","ping_status":"open","sticky":false,"template":"","format":"standard","meta":{"_acf_changed":false,"_wp_convertkit_post_meta":{"form":"-1","landing_page":"0","tag":"0","restrict_content":"0"},"jetpack_post_was_ever_published":true,"yasr_overall_rating":0,"yasr_post_is_review":"","yasr_auto_insert_disabled":"","yasr_review_type":"","_jetpack_newsletter_access":"","_jetpack_dont_email_post_to_subs":false,"_jetpack_newsletter_tier_id":0,"_jetpack_memberships_contains_paywalled_content":false,"_jetpack_memberships_contains_paid_content":false,"footnotes":""},"categories":[68,55,53],"tags":[319],"class_list":["post-24017","post","type-post","status-publish","format-standard","has-post-thumbnail","hentry","category-milan","category-guides-voyage","category-italie","tag-lato-superiore"],"acf":[],"_wp_attached_file":null,"_wp_attachment_image_alt":null,"rank_math_primary_category":"68","rank_math_title":"Visitare Milano: cosa fare nell'anno in corso? I nostri must per il vostro soggiorno","rank_math_description":"Scoprite Milano e i suoi luoghi imperdibili. Cosa fare a Milano Scoprite i nostri consigli ed esplorate questa affascinante citt\u00e0. Pianificate subito la vostra visita!","rank_math_focus_keyword":"visitare Milano, cosa fare a Milano, cosa vedere a Milano","yasr_visitor_votes":{"stars_attributes":{"read_only":false,"span_bottom":false},"number_of_votes":0,"sum_votes":0},"jetpack_featured_media_url":"https:\/\/i0.wp.com\/www.pourquoi-pas-nous.com\/wp-content\/uploads\/2021\/11\/milan-gb4af906cb_1920-scaled.webp?fit=1530%2C1024&ssl=1","jetpack_sharing_enabled":true,"_links":{"self":[{"href":"https:\/\/www.pourquoi-pas-nous.com\/it\/wp-json\/wp\/v2\/posts\/24017","targetHints":{"allow":["GET"]}}],"collection":[{"href":"https:\/\/www.pourquoi-pas-nous.com\/it\/wp-json\/wp\/v2\/posts"}],"about":[{"href":"https:\/\/www.pourquoi-pas-nous.com\/it\/wp-json\/wp\/v2\/types\/post"}],"author":[{"embeddable":true,"href":"https:\/\/www.pourquoi-pas-nous.com\/it\/wp-json\/wp\/v2\/users\/1"}],"replies":[{"embeddable":true,"href":"https:\/\/www.pourquoi-pas-nous.com\/it\/wp-json\/wp\/v2\/comments?post=24017"}],"version-history":[{"count":25,"href":"https:\/\/www.pourquoi-pas-nous.com\/it\/wp-json\/wp\/v2\/posts\/24017\/revisions"}],"predecessor-version":[{"id":75167,"href":"https:\/\/www.pourquoi-pas-nous.com\/it\/wp-json\/wp\/v2\/posts\/24017\/revisions\/75167"}],"wp:featuredmedia":[{"embeddable":true,"href":"https:\/\/www.pourquoi-pas-nous.com\/it\/wp-json\/wp\/v2\/media\/24033"}],"wp:attachment":[{"href":"https:\/\/www.pourquoi-pas-nous.com\/it\/wp-json\/wp\/v2\/media?parent=24017"}],"wp:term":[{"taxonomy":"category","embeddable":true,"href":"https:\/\/www.pourquoi-pas-nous.com\/it\/wp-json\/wp\/v2\/categories?post=24017"},{"taxonomy":"post_tag","embeddable":true,"href":"https:\/\/www.pourquoi-pas-nous.com\/it\/wp-json\/wp\/v2\/tags?post=24017"}],"curies":[{"name":"wp","href":"https:\/\/api.w.org\/{rel}","templated":true}]}}