{"id":24041,"date":"2019-07-19T21:07:36","date_gmt":"2019-07-19T20:07:36","guid":{"rendered":"https:\/\/www.pourquoi-pas-nous.com\/le-8-spiagge-piu-belle-del-montenegro\/"},"modified":"2026-03-02T10:09:35","modified_gmt":"2026-03-02T08:09:35","slug":"le-8-spiagge-piu-belle-del-montenegro","status":"publish","type":"post","link":"https:\/\/www.pourquoi-pas-nous.com\/it\/le-8-spiagge-piu-belle-del-montenegro\/","title":{"rendered":"Le 8 spiagge pi\u00f9 belle del Montenegro sulla nostra mappa"},"content":{"rendered":"\n<p>Il Montenegro \u00e8 un paese <strong>balcanico<\/strong> assolutamente da visitare. Questo paese \u00e8 famoso per le sue bellissime <strong>montagne<\/strong>, le sontuose <strong>insenature di Cattaro<\/strong>, i suoi <strong>villaggi pittoreschi <\/strong>e, soprattutto, le sue bellissime <strong>spiagge dalle acque cristalline<\/strong>!<\/p>\n\n<p>Abbiamo scritto un articolo per aiutarvi a pianificare la vostra <a href=\"https:\/\/www.pourquoi-pas-nous.com\/it\/montenegro\/\" data-type=\"post\" data-id=\"2413\">visita in Montenegro<\/a>, con il nostro itinerario dettagliato e tutti i nostri consigli su ristoranti, hotel&#8230; per godere al meglio di questo incredibile Paese.<\/p>\n\n<p>Qui vi sveliamo le <strong>8 spiagge pi\u00f9 belle<\/strong> del Montenegro durante il nostro soggiorno.<\/p>\n\n\n\n<h2 class=\"wp-block-heading\"><strong>Dove nuotare in Montenegro<\/strong> + <strong>mappa<\/strong><\/h2>\n\n<p>Il <strong>Montenegro<\/strong> ha una costa lunga e bellissima, che alterna <strong>spiagge di sabbia bianca o cinerea<\/strong> a spiagge di <strong>ghiaia<\/strong>. La maggior parte delle spiagge \u00e8 attrezzata con lettini a basso costo. Altre spiagge pi\u00f9 isolate e pittoresche sono meno frequentate, anche in piena stagione turistica. Troverete sicuramente quello che state cercando!<\/p>\n\n<p><iframe src=\"https:\/\/www.google.com\/maps\/d\/u\/0\/embed?mid=1aQt2CoSfRWjlhniQF8-YA79CXRxmcAgo\" width=\"640\" height=\"480\"><\/iframe><\/p>\n<div class=\"lazyblock-bouton-Cs8KH wp-block-lazyblock-bouton\"><a href=\"\thttps:\/\/www.booking.com\/searchresults.en.html?region=6070&amp;aid=1529171&amp;no_rooms=1&amp;group_adults=1\" target=\"_blank\" rel=\"nofollow\" rel=\"sponsored\"><button>I migliori alloggi in Montenegro<\/button><\/a><\/div>\n<h3 class=\"wp-block-heading\" id=\"kotor\"><strong>Spiaggia di Kotor\n, Kotor<\/strong><\/h3>\n\n<p>La <strong>\n  <a href=\"https:\/\/www.pourquoi-pas-nous.com\/it\/visita-kotor-montenegro\/\">Baia di Kotor<\/a>\n<\/strong> \u00e8 situata in un magnifico contesto naturale, che offre paesaggi davvero da cartolina. La buona notizia \u00e8 che alcune calette sono dotate di <strong>sedie a sdraio<\/strong> e l&#8217;<strong>acqua \u00e8 traslucida<\/strong>.  <\/p>\n\n<p>Quello vicino alla citt\u00e0 vecchia \u00e8 perfetto per un tuffo rinfrescante in paradiso. Questa \u00e8 la nostra spiaggia preferita del viaggio.  <\/p>\n\n<p><em>Spiagge di ghiaia, sedia a sdraio + ombrellone ca. \u20ac5<\/em><\/p>\n<div class=\"lazyblock-conseils-et-hebergements-1DYoBe wp-block-lazyblock-conseils-et-hebergements\"><div class=\"conseils-hebergements\"><span class=\"titre-conseils\"><i class=\"fas fa-map-marked-alt\"><\/i>Esplorare la baia di Kotor e le sue grotte in barca<\/span>\n<p><p>Se desiderate una <strong>visione diversa della baia e delle sue scogliere<\/strong>, non esitate a prenotare un&#8217;<a href=\"https:\/\/www.getyourguide.fr\/kotor-l32202\/kotor-visite-de-notre-dame-du-rocher-mamula-grotte-bleue-t126542\/?partner_id=0LXQSML&amp;utm_medium=online_publisher&amp;placement=content-middle&amp;cmp=kotorbateau\" target=\"_blank\" rel=\"noopener\">escursione in barca<\/a>, della durata di circa 3 ore, che vi permetter\u00e0 di scoprire <strong>diverse grotte nelle vicinanze<\/strong> e poi di <strong>nuotare lontano dalla folla<\/strong> nelle acque traslucide. Insomma, un must del nostro viaggio!<\/p><\/p><\/div><\/div><div class=\"lazyblock-bouton-1TBaGU wp-block-lazyblock-bouton\"><a href=\"https:\/\/www.getyourguide.fr\/kotor-l32202\/kotor-visite-de-notre-dame-du-rocher-mamula-grotte-bleue-t126542\/?partner_id=0LXQSML&amp;utm_medium=online_publisher&amp;placement=content-middle&amp;cmp=kotorbateau\" target=\"_blank\" rel=\"sponsored noopener\"><button>Per saperne di pi\u00f9 sul tour in barca<\/button><\/a><\/div>\n<p><\/p>\n\n<figure class=\"wp-block-gallery has-nested-images columns-default is-cropped wp-block-gallery-2 is-layout-flex wp-block-gallery-is-layout-flex\">\n<figure class=\"wp-block-image size-large\"><img data-recalc-dims=\"1\" data-dominant-color=\"5c6f81\" data-has-transparency=\"false\" style=\"--dominant-color: #5c6f81;\" fetchpriority=\"high\" decoding=\"async\" width=\"800\" height=\"539\" data-id=\"2392\" src=\"https:\/\/i0.wp.com\/www.pourquoi-pas-nous.com\/wp-content\/uploads\/2019\/07\/IMG_20180721_144425.jpg?resize=800%2C539&#038;ssl=1\" alt=\"baia di kotor montenegro\" class=\"wp-image-2392 not-transparent\" title=\"\" srcset=\"https:\/\/i0.wp.com\/www.pourquoi-pas-nous.com\/wp-content\/uploads\/2019\/07\/IMG_20180721_144425-jpg-webp.webp?resize=1200%2C809&amp;ssl=1 1200w, https:\/\/i0.wp.com\/www.pourquoi-pas-nous.com\/wp-content\/uploads\/2019\/07\/IMG_20180721_144425-jpg-webp.webp?resize=400%2C270&amp;ssl=1 400w, https:\/\/i0.wp.com\/www.pourquoi-pas-nous.com\/wp-content\/uploads\/2019\/07\/IMG_20180721_144425-jpg-webp.webp?resize=512%2C345&amp;ssl=1 512w, https:\/\/i0.wp.com\/www.pourquoi-pas-nous.com\/wp-content\/uploads\/2019\/07\/IMG_20180721_144425-jpg-webp.webp?resize=768%2C518&amp;ssl=1 768w, https:\/\/i0.wp.com\/www.pourquoi-pas-nous.com\/wp-content\/uploads\/2019\/07\/IMG_20180721_144425-jpg-webp.webp?w=1519&amp;ssl=1 1519w\" sizes=\"(max-width: 800px) 100vw, 800px\" \/><\/figure>\n<\/figure>\n\n<h3 class=\"wp-block-heading\" id=\"murici\"><strong>Spiaggia di Murici\n, Lago di Scutari<\/strong><\/h3>\n\n<p><strong>Una piccola spiaggia appartata<\/strong> con acqua <strong>traslucida<\/strong>, affacciata sul bellissimo lago di Scutari. La strada per arrivarci \u00e8 stretta, quindi vi consigliamo di avere pazienza, perch\u00e9 si tratta di un luogo paradisiaco che merita davvero un po&#8217; di impegno.<\/p>\n\n<p><em>Spiagge di ghiaia<\/em><\/p>\n\n<figure class=\"wp-block-gallery has-nested-images columns-default is-cropped wp-block-gallery-3 is-layout-flex wp-block-gallery-is-layout-flex\">\n<figure class=\"wp-block-image size-large\"><img data-recalc-dims=\"1\" data-dominant-color=\"839fbc\" data-has-transparency=\"false\" style=\"--dominant-color: #839fbc;\" decoding=\"async\" width=\"800\" height=\"435\" data-id=\"2395\" src=\"https:\/\/i0.wp.com\/www.pourquoi-pas-nous.com\/wp-content\/uploads\/2019\/07\/IMG_20180718_155837.jpg?resize=800%2C435&#038;ssl=1\" alt=\"Spiaggia di Murici Montenegro\" class=\"wp-image-2395 not-transparent\" title=\"\" srcset=\"https:\/\/i0.wp.com\/www.pourquoi-pas-nous.com\/wp-content\/uploads\/2019\/07\/IMG_20180718_155837-jpg-webp.webp?resize=1200%2C652&amp;ssl=1 1200w, https:\/\/i0.wp.com\/www.pourquoi-pas-nous.com\/wp-content\/uploads\/2019\/07\/IMG_20180718_155837-jpg-webp.webp?resize=400%2C217&amp;ssl=1 400w, https:\/\/i0.wp.com\/www.pourquoi-pas-nous.com\/wp-content\/uploads\/2019\/07\/IMG_20180718_155837-jpg-webp.webp?resize=512%2C278&amp;ssl=1 512w, https:\/\/i0.wp.com\/www.pourquoi-pas-nous.com\/wp-content\/uploads\/2019\/07\/IMG_20180718_155837-jpg-webp.webp?resize=1536%2C834&amp;ssl=1 1536w, https:\/\/i0.wp.com\/www.pourquoi-pas-nous.com\/wp-content\/uploads\/2019\/07\/IMG_20180718_155837-jpg-webp.webp?resize=768%2C417&amp;ssl=1 768w, https:\/\/i0.wp.com\/www.pourquoi-pas-nous.com\/wp-content\/uploads\/2019\/07\/IMG_20180718_155837-jpg-webp.webp?w=1600&amp;ssl=1 1600w\" sizes=\"(max-width: 800px) 100vw, 800px\" \/><\/figure>\n<\/figure>\n\n<h3 class=\"wp-block-heading\" id=\"long\"><strong>Spiaggia lunga &#8211; <\/strong>Piazza Velika <strong>, Ulcinj<\/strong><\/h3>\n\n<p>A pochi chilometri dall&#8217;<a href=\"https:\/\/www.pourquoi-pas-nous.com\/it\/?p=79702\" target=\"_blank\" data-type=\"post\" data-id=\"79594\" rel=\"noreferrer noopener\">Albania<\/a>, questa spiaggia \u00e8 lunga 2 km e se ti allontani il pi\u00f9 possibile dal centro abitato, arriverai a un tratto meno frequentato. In lontananza, vedrai molti <strong>kit di surfisti<\/strong> che si godono le bellissime onde.<\/p>\n\n<p><em>Spiagge di sabbia fine, sedia a sdraio + ombrellone circa 5 \u20ac.<\/em><\/p>\n\n<p><\/p>\n\n<figure class=\"wp-block-gallery has-nested-images columns-default is-cropped wp-block-gallery-4 is-layout-flex wp-block-gallery-is-layout-flex\">\n<figure class=\"wp-block-image size-large\"><img data-recalc-dims=\"1\" data-dominant-color=\"93aabc\" data-has-transparency=\"false\" style=\"--dominant-color: #93aabc;\" decoding=\"async\" width=\"800\" height=\"600\" data-id=\"2396\" src=\"https:\/\/i0.wp.com\/www.pourquoi-pas-nous.com\/wp-content\/uploads\/2019\/07\/IMG_20180719_180416-jpg-webp.webp?resize=800%2C600&#038;ssl=1\" alt=\"long beach montenegro\" class=\"wp-image-2396 not-transparent\" title=\"\" srcset=\"https:\/\/i0.wp.com\/www.pourquoi-pas-nous.com\/wp-content\/uploads\/2019\/07\/IMG_20180719_180416-jpg-webp.webp?resize=1200%2C900&amp;ssl=1 1200w, https:\/\/i0.wp.com\/www.pourquoi-pas-nous.com\/wp-content\/uploads\/2019\/07\/IMG_20180719_180416-jpg-webp.webp?resize=400%2C300&amp;ssl=1 400w, https:\/\/i0.wp.com\/www.pourquoi-pas-nous.com\/wp-content\/uploads\/2019\/07\/IMG_20180719_180416-jpg-webp.webp?resize=512%2C384&amp;ssl=1 512w, https:\/\/i0.wp.com\/www.pourquoi-pas-nous.com\/wp-content\/uploads\/2019\/07\/IMG_20180719_180416-jpg-webp.webp?resize=768%2C576&amp;ssl=1 768w, https:\/\/i0.wp.com\/www.pourquoi-pas-nous.com\/wp-content\/uploads\/2019\/07\/IMG_20180719_180416-jpg-webp.webp?w=1365&amp;ssl=1 1365w\" sizes=\"(max-width: 800px) 100vw, 800px\" \/><\/figure>\n<\/figure>\n\n<p class=\"has-small-font-size\"><\/p>\n\n<h3 class=\"wp-block-heading\" id=\"jaz\"><strong>Spiaggia Jaz\n, Budva<\/strong><\/h3>\n\n<p><strong>Una grande spiaggia<\/strong> con <strong>acqua traslucida<\/strong>, vicina alla <a href=\"https:\/\/www.pourquoi-pas-nous.com\/it\/visita-budva-au-montenegro\/\" data-type=\"post\" data-id=\"52613\">citt\u00e0 di <strong>Budva<\/strong><\/a> e quindi molto frequentata durante la stagione turistica. A sinistra, di fronte alla spiaggia, si trovano le aree non private.<\/p>\n\n<p><em>Spiagge di ghiaia, sdraio + ombrellone ca. 10 \u20ac, parcheggio 2 \u20ac<\/em><\/p>\n\n<p><\/p>\n\n<figure class=\"wp-block-gallery has-nested-images columns-default is-cropped wp-block-gallery-5 is-layout-flex wp-block-gallery-is-layout-flex\">\n<figure class=\"wp-block-image size-large\"><img data-recalc-dims=\"1\" data-dominant-color=\"a28d7c\" data-has-transparency=\"false\" style=\"--dominant-color: #a28d7c;\" loading=\"lazy\" decoding=\"async\" width=\"800\" height=\"533\" data-id=\"2399\" src=\"https:\/\/i0.wp.com\/www.pourquoi-pas-nous.com\/wp-content\/uploads\/2019\/07\/sea-833509_1920.jpg?resize=800%2C533&#038;ssl=1\" alt=\"Spiaggia di Jaz, Budva\" class=\"wp-image-2399 not-transparent\" title=\"\" srcset=\"https:\/\/i0.wp.com\/www.pourquoi-pas-nous.com\/wp-content\/uploads\/2019\/07\/sea-833509_1920-jpg-webp.webp?resize=1200%2C799&amp;ssl=1 1200w, https:\/\/i0.wp.com\/www.pourquoi-pas-nous.com\/wp-content\/uploads\/2019\/07\/sea-833509_1920-jpg-webp.webp?resize=400%2C266&amp;ssl=1 400w, https:\/\/i0.wp.com\/www.pourquoi-pas-nous.com\/wp-content\/uploads\/2019\/07\/sea-833509_1920-jpg-webp.webp?resize=512%2C341&amp;ssl=1 512w, https:\/\/i0.wp.com\/www.pourquoi-pas-nous.com\/wp-content\/uploads\/2019\/07\/sea-833509_1920-jpg-webp.webp?resize=768%2C512&amp;ssl=1 768w, https:\/\/i0.wp.com\/www.pourquoi-pas-nous.com\/wp-content\/uploads\/2019\/07\/sea-833509_1920-jpg-webp.webp?w=1537&amp;ssl=1 1537w\" sizes=\"(max-width: 800px) 100vw, 800px\" \/><\/figure>\n<\/figure>\n\n<p><\/p>\n\n<h3 class=\"wp-block-heading\" id=\"valdanos\"><strong>Spiaggia di Valdanos\n, Ulcinj<\/strong><\/h3>\n\n<p><strong>Graziosa insenatura<\/strong> fiancheggiata da ulivi, acqua <strong>cristallina<\/strong>. Le scogliere in lontananza offrono uno scenario incantevole. Alcune aree della spiaggia non sono private.  <\/p>\n\n<p><em>Spiagge di ciottoli, sedia a sdraio + ombrellone circa \u20ac6<\/em><\/p>\n\n<p><\/p>\n\n<figure class=\"wp-block-gallery has-nested-images columns-default is-cropped wp-block-gallery-6 is-layout-flex wp-block-gallery-is-layout-flex\">\n<figure class=\"wp-block-image size-large\"><img data-recalc-dims=\"1\" data-dominant-color=\"627079\" data-has-transparency=\"false\" style=\"--dominant-color: #627079;\" loading=\"lazy\" decoding=\"async\" width=\"800\" height=\"600\" data-id=\"2400\" src=\"https:\/\/i0.wp.com\/www.pourquoi-pas-nous.com\/wp-content\/uploads\/2019\/07\/sea-852860_1920.jpg?resize=800%2C600&#038;ssl=1\" alt=\"\" class=\"wp-image-2400 not-transparent\" title=\"\" srcset=\"https:\/\/i0.wp.com\/www.pourquoi-pas-nous.com\/wp-content\/uploads\/2019\/07\/sea-852860_1920-jpg-webp.webp?resize=1200%2C900&amp;ssl=1 1200w, https:\/\/i0.wp.com\/www.pourquoi-pas-nous.com\/wp-content\/uploads\/2019\/07\/sea-852860_1920-jpg-webp.webp?resize=400%2C300&amp;ssl=1 400w, https:\/\/i0.wp.com\/www.pourquoi-pas-nous.com\/wp-content\/uploads\/2019\/07\/sea-852860_1920-jpg-webp.webp?resize=512%2C384&amp;ssl=1 512w, https:\/\/i0.wp.com\/www.pourquoi-pas-nous.com\/wp-content\/uploads\/2019\/07\/sea-852860_1920-jpg-webp.webp?resize=768%2C576&amp;ssl=1 768w, https:\/\/i0.wp.com\/www.pourquoi-pas-nous.com\/wp-content\/uploads\/2019\/07\/sea-852860_1920-jpg-webp.webp?w=1365&amp;ssl=1 1365w\" sizes=\"(max-width: 800px) 100vw, 800px\" \/><\/figure>\n<\/figure>\n\n<p><\/p>\n\n<h3 class=\"wp-block-heading\" id=\"mogren\"><strong>Spiaggia di Mogren\n, Budva<\/strong><\/h3>\n\n<p>Questa <strong>graziosa baia con le sue acque cristalline<\/strong> \u00e8 raggiungibile <strong>a piedi<\/strong> da <strong>Budva<\/strong> in pochi minuti.  <\/p>\n\n<p>\u00c8 anche molto frequentato. In alta stagione, vi consigliamo di andare alla fine della giornata, quando la folla sar\u00e0 minore e potrete godervi il <strong>tramonto<\/strong> sulla citt\u00e0 di Budva.<\/p>\n\n<p><em>Spiagge di ghiaia, sedia a sdraio + ombrellone ca. \u20ac10<\/em><\/p>\n\n<p><\/p>\n\n<figure class=\"wp-block-gallery has-nested-images columns-default is-cropped wp-block-gallery-7 is-layout-flex wp-block-gallery-is-layout-flex\">\n<figure class=\"wp-block-image size-large\"><img data-recalc-dims=\"1\" data-dominant-color=\"919193\" data-has-transparency=\"false\" style=\"--dominant-color: #919193;\" loading=\"lazy\" decoding=\"async\" width=\"800\" height=\"533\" data-id=\"2398\" src=\"https:\/\/i0.wp.com\/www.pourquoi-pas-nous.com\/wp-content\/uploads\/2019\/07\/water-3187681_1920-jpg-webp.webp?resize=800%2C533&#038;ssl=1\" alt=\"Spiaggia di Mogren, Budva\" class=\"wp-image-2398 not-transparent\" title=\"\" srcset=\"https:\/\/i0.wp.com\/www.pourquoi-pas-nous.com\/wp-content\/uploads\/2019\/07\/water-3187681_1920-jpg-webp.webp?resize=1200%2C800&amp;ssl=1 1200w, https:\/\/i0.wp.com\/www.pourquoi-pas-nous.com\/wp-content\/uploads\/2019\/07\/water-3187681_1920-jpg-webp.webp?resize=400%2C267&amp;ssl=1 400w, https:\/\/i0.wp.com\/www.pourquoi-pas-nous.com\/wp-content\/uploads\/2019\/07\/water-3187681_1920-jpg-webp.webp?resize=512%2C341&amp;ssl=1 512w, https:\/\/i0.wp.com\/www.pourquoi-pas-nous.com\/wp-content\/uploads\/2019\/07\/water-3187681_1920-jpg-webp.webp?resize=768%2C512&amp;ssl=1 768w, https:\/\/i0.wp.com\/www.pourquoi-pas-nous.com\/wp-content\/uploads\/2019\/07\/water-3187681_1920-jpg-webp.webp?w=1536&amp;ssl=1 1536w\" sizes=\"(max-width: 800px) 100vw, 800px\" \/><\/figure>\n<\/figure>\n\n<p><\/p>\n\n<h3 class=\"wp-block-heading\" id=\"svetistefan\">  Sveti Stefan, Budva<\/h3>\n\n<p>Questa<strong> quasi-isola<\/strong> \u00e8 assolutamente da vedere per il suo incredibile panorama. Va notato, tuttavia, che gran parte dell&#8217;isola \u00e8 <strong>privatizzata <\/strong>dagli hotel. Prendetevi il tempo necessario per scattare qualche foto e poi fate un tuffo nell&#8217;acqua limpida.  <\/p>\n\n<p>&#x27a1;&#xfe0f; Ti consigliamo di visitare la<a href=\"https:\/\/maps.app.goo.gl\/UHJ4ogtaeNNSrvcu7\" target=\"_blank\" rel=\"noopener\">chiesa di <strong>San Sava<\/strong><\/a> (a circa 5 km di distanza) per godere di una splendida vista sulla baia e sulla spiaggia di Sveti Stefan. Un momento molto speciale del nostro soggiorno.<\/p>\n\n<p><em>Spiagge sabbiose, sdraio + ombrellone \u20ac100 (\u00e8 possibile prendere il sole anche nella parte libera della spiaggia)<\/em><\/p>\n\n<figure class=\"wp-block-gallery has-nested-images columns-default is-cropped wp-block-gallery-8 is-layout-flex wp-block-gallery-is-layout-flex\">\n<figure class=\"wp-block-image size-full\"><img data-recalc-dims=\"1\" data-dominant-color=\"869195\" data-has-transparency=\"false\" style=\"--dominant-color: #869195;\" loading=\"lazy\" decoding=\"async\" width=\"800\" height=\"450\" data-id=\"2896\" src=\"https:\/\/i0.wp.com\/www.pourquoi-pas-nous.com\/wp-content\/uploads\/2019\/07\/montenegro-3577827_1920-jpg-webp.webp?resize=800%2C450&#038;ssl=1\" alt=\"  Sveti Stefan, Budva\" class=\"wp-image-2896 not-transparent\" title=\"\" srcset=\"https:\/\/i0.wp.com\/www.pourquoi-pas-nous.com\/wp-content\/uploads\/2019\/07\/montenegro-3577827_1920-jpg-webp.webp?w=1600&amp;ssl=1 1600w, https:\/\/i0.wp.com\/www.pourquoi-pas-nous.com\/wp-content\/uploads\/2019\/07\/montenegro-3577827_1920-jpg-webp.webp?resize=400%2C225&amp;ssl=1 400w, https:\/\/i0.wp.com\/www.pourquoi-pas-nous.com\/wp-content\/uploads\/2019\/07\/montenegro-3577827_1920-jpg-webp.webp?resize=1200%2C675&amp;ssl=1 1200w, https:\/\/i0.wp.com\/www.pourquoi-pas-nous.com\/wp-content\/uploads\/2019\/07\/montenegro-3577827_1920-jpg-webp.webp?resize=512%2C288&amp;ssl=1 512w, https:\/\/i0.wp.com\/www.pourquoi-pas-nous.com\/wp-content\/uploads\/2019\/07\/montenegro-3577827_1920-jpg-webp.webp?resize=768%2C432&amp;ssl=1 768w, https:\/\/i0.wp.com\/www.pourquoi-pas-nous.com\/wp-content\/uploads\/2019\/07\/montenegro-3577827_1920-jpg-webp.webp?resize=1536%2C864&amp;ssl=1 1536w\" sizes=\"(max-width: 800px) 100vw, 800px\" \/><\/figure>\n<\/figure>\n\n<h3 class=\"wp-block-heading\" id=\"kamenovo\">Spiaggia di Kamenovo (Budva)<\/h3>\n\n<p>Questa spiaggia, vicina a Budva, offre un <strong>bellissimo panorama<\/strong>. L&#8217;acqua \u00e8 molto limpida e pulita. Ci sono piacevoli <strong>ristoranti<\/strong> al tramonto e un campo <strong>da beach volley<\/strong>. In alta stagione la spiaggia \u00e8 molto frequentata.<\/p>\n\n<p><em>Spiagge di ghiaia, sedia a sdraio + ombrellone ca. \u20ac10<\/em><\/p>\n\n<h2 class=\"wp-block-heading\"><strong>I mesi migliori per nuotare su\n<\/strong><\/h2>\n\n<p>Ovviamente i mesi pi\u00f9 interessanti sono quelli tra <strong>luglio e settembre<\/strong>, con una temperatura media dell&#8217;acqua tra i <strong>25 e i 26 gradi<\/strong>. Anche la bassa stagione offre temperature gradevoli, con una media di <strong>24 gradi<\/strong> a <strong>giugno<\/strong> e <strong>21 gradi<\/strong> a <strong>ottobre<\/strong>.<\/p>\n\n<p class=\"has-medium-font-size\">Dove alloggiare durante il vostro soggiorno in Montenegro?<\/p>\n\n<p>Cogliamo l&#8217;occasione per condividere con te i nostri migliori alloggi in Montenegro!<\/p>\n<div class=\"lazyblock-conseils-et-hebergements-ZkIvGS wp-block-lazyblock-conseils-et-hebergements\"><div class=\"conseils-hebergements\"><span class=\"titre-conseils\"><i class=\"fas fa-map-marked-alt\"><\/i>I nostri alloggi preferiti in Montenegro<\/span>\n<p><p>1. <strong>Il preferito con <\/strong>piscina: <a href=\"https:\/\/www.booking.com\/hotel\/me\/olive-tree-glamping-montenegro.en.html?aid=1529171&amp;no_rooms=1&amp;group_adults=1\" target=\"_blank\" rel=\"noreferrer noopener\" data-wplink-edit=\"true\">i bungalow dell&#8217;Holiday Park Olive Tree<\/a> a Ulcinj (circa 70 \u20ac).<\/p>\n<p>2. <strong>In pieno centro storico<\/strong>: <a href=\"https:\/\/www.booking.com\/hotel\/me\/stari-grad.en.html?aid=1529171&amp;no_rooms=1&amp;group_adults=2\" target=\"_blank\" rel=\"noopener\">Appartamenti Wine House Old Town<\/a> a Kotor (ca. 100 \u20ac)<\/p>\n<p>3. <strong>Case della natura<\/strong>: <a href=\"https:\/\/www.booking.com\/hotel\/me\/chalets-podgorom.en.html?aid=1529171&amp;no_rooms=1&amp;group_adults=1\" target=\"_blank\" rel=\"noreferrer noopener\">eco-campo Podgorom<\/a> a Durmitor \/ Zabljak (ca. 30 \u20ac)<\/p><\/p><\/div><\/div><div class=\"lazyblock-bouton-Z4KEl2 wp-block-lazyblock-bouton\"><a href=\"https:\/\/www.booking.com\/searchresults.en.html?region=5825&amp;aid=1529171&amp;no_rooms=1&amp;group_adults=2\" target=\"_blank\" rel=\"sponsored noopener\"><button>Gli alloggi pi\u00f9 votati in Montenegro<\/button><\/a><\/div>\n<figure class=\"wp-block-image size-full\"><a href=\"https:\/\/www.booking.com\/hotel\/me\/olive-tree-glamping-montenegro.en.html?aid=1529171&amp;no_rooms=1&amp;group_adults=1\" target=\"_blank\" rel=\"noopener\"><img data-recalc-dims=\"1\" data-dominant-color=\"717463\" data-has-transparency=\"false\" style=\"--dominant-color: #717463;\" loading=\"lazy\" decoding=\"async\" width=\"800\" height=\"534\" src=\"https:\/\/i0.wp.com\/www.pourquoi-pas-nous.com\/wp-content\/uploads\/2022\/01\/157793448.jpg?resize=800%2C534&#038;ssl=1\" alt=\"\" class=\"wp-image-4373 not-transparent\" title=\"\" srcset=\"https:\/\/i0.wp.com\/www.pourquoi-pas-nous.com\/wp-content\/uploads\/2022\/01\/157793448.jpg?w=1280&amp;ssl=1 1280w, https:\/\/i0.wp.com\/www.pourquoi-pas-nous.com\/wp-content\/uploads\/2022\/01\/157793448.jpg?resize=400%2C267&amp;ssl=1 400w, https:\/\/i0.wp.com\/www.pourquoi-pas-nous.com\/wp-content\/uploads\/2022\/01\/157793448.jpg?resize=1200%2C801&amp;ssl=1 1200w, https:\/\/i0.wp.com\/www.pourquoi-pas-nous.com\/wp-content\/uploads\/2022\/01\/157793448.jpg?resize=512%2C342&amp;ssl=1 512w, https:\/\/i0.wp.com\/www.pourquoi-pas-nous.com\/wp-content\/uploads\/2022\/01\/157793448.jpg?resize=768%2C512&amp;ssl=1 768w\" sizes=\"(max-width: 800px) 100vw, 800px\" \/><\/a><\/figure>\n\n<figure class=\"wp-block-image size-large\"><a href=\"https:\/\/www.booking.com\/hotel\/me\/olive-tree-glamping-montenegro.en.html?aid=1529171&amp;no_rooms=1&amp;group_adults=1\" target=\"_blank\" rel=\"noopener\"><img data-recalc-dims=\"1\" data-dominant-color=\"7192a4\" data-has-transparency=\"false\" style=\"--dominant-color: #7192a4;\" loading=\"lazy\" decoding=\"async\" width=\"800\" height=\"600\" src=\"https:\/\/i0.wp.com\/www.pourquoi-pas-nous.com\/wp-content\/uploads\/2022\/01\/255478187-1024x768.jpg?resize=800%2C600\" alt=\"\" class=\"wp-image-4374 not-transparent\" title=\"\" srcset=\"https:\/\/i0.wp.com\/www.pourquoi-pas-nous.com\/wp-content\/uploads\/2022\/01\/255478187-jpg-webp.webp?resize=1024%2C768&amp;ssl=1 1024w, https:\/\/i0.wp.com\/www.pourquoi-pas-nous.com\/wp-content\/uploads\/2022\/01\/255478187-jpg-webp.webp?resize=400%2C300&amp;ssl=1 400w, https:\/\/i0.wp.com\/www.pourquoi-pas-nous.com\/wp-content\/uploads\/2022\/01\/255478187-jpg-webp.webp?resize=512%2C384&amp;ssl=1 512w, https:\/\/i0.wp.com\/www.pourquoi-pas-nous.com\/wp-content\/uploads\/2022\/01\/255478187-jpg-webp.webp?resize=768%2C576&amp;ssl=1 768w, https:\/\/i0.wp.com\/www.pourquoi-pas-nous.com\/wp-content\/uploads\/2022\/01\/255478187-jpg-webp.webp?w=1200&amp;ssl=1 1200w\" sizes=\"(max-width: 800px) 100vw, 800px\" \/><\/a><figcaption class=\"wp-element-caption\"> <\/figcaption><\/figure>\n\n<p>Buon viaggio nei Balcani! Non esitate a lasciarci un <strong>commento<\/strong> o <strong>5 stelle<\/strong> qui sotto, per farci sapere se state organizzando questo viaggio o per farci domande, qui o su <a href=\"https:\/\/www.instagram.com\/pourquoipasnous_voyage\/\" target=\"_blank\" rel=\"noreferrer noopener\">Instagram<\/a>, e saremo lieti di rispondervi.  <\/p>\n<div style='text-align:right' class='yasr-auto-insert-visitor'><\/div>","protected":false},"excerpt":{"rendered":"<p>Il Montenegro \u00e8 un paese balcanico assolutamente da visitare. Questo paese \u00e8 famoso per le sue bellissime montagne, le sontuose insenature di Cattaro, i suoi villaggi pittoreschi e, soprattutto, le sue bellissime spiagge dalle acque cristalline! Abbiamo scritto un articolo per aiutarvi a pianificare la vostra visita in Montenegro, con il nostro itinerario dettagliato e [&hellip;]<\/p>\n","protected":false},"author":2,"featured_media":24052,"comment_status":"open","ping_status":"open","sticky":false,"template":"","format":"image","meta":{"_acf_changed":false,"_wp_convertkit_post_meta":{"form":"-1","landing_page":"0","tag":"0","restrict_content":"0"},"jetpack_post_was_ever_published":true,"yasr_overall_rating":0,"yasr_post_is_review":"","yasr_auto_insert_disabled":"","yasr_review_type":"","_jetpack_newsletter_access":"","_jetpack_dont_email_post_to_subs":false,"_jetpack_newsletter_tier_id":0,"_jetpack_memberships_contains_paywalled_content":false,"_jetpack_memberships_contains_paid_content":false,"footnotes":""},"categories":[270,286],"tags":[282],"class_list":["post-24041","post","type-post","status-publish","format-image","has-post-thumbnail","hentry","category-guida-di-viaggio","category-montenegro-it","tag-spiagge","post_format-post-format-image"],"acf":[],"_wp_attached_file":null,"_wp_attachment_image_alt":null,"rank_math_primary_category":"55","rank_math_title":"\u26f1 Le 8 spiagge pi\u00f9 belle del Montenegro [Mappa %currentyear%] - PPN","rank_math_description":"Scoprite le spiagge pi\u00f9 belle del Montenegro e preparatevi a un'indimenticabile vacanza al mare sulle rive dell'Adriatico.","rank_math_focus_keyword":"spiagge del montenegro, spiaggia del montenegro","yasr_visitor_votes":{"stars_attributes":{"read_only":false,"span_bottom":false},"number_of_votes":0,"sum_votes":0},"jetpack_featured_media_url":"https:\/\/i0.wp.com\/www.pourquoi-pas-nous.com\/wp-content\/uploads\/2019\/07\/seashore-3227520_1920-jpg-webp.webp?fit=1541%2C1024&ssl=1","jetpack_sharing_enabled":true,"_links":{"self":[{"href":"https:\/\/www.pourquoi-pas-nous.com\/it\/wp-json\/wp\/v2\/posts\/24041","targetHints":{"allow":["GET"]}}],"collection":[{"href":"https:\/\/www.pourquoi-pas-nous.com\/it\/wp-json\/wp\/v2\/posts"}],"about":[{"href":"https:\/\/www.pourquoi-pas-nous.com\/it\/wp-json\/wp\/v2\/types\/post"}],"author":[{"embeddable":true,"href":"https:\/\/www.pourquoi-pas-nous.com\/it\/wp-json\/wp\/v2\/users\/2"}],"replies":[{"embeddable":true,"href":"https:\/\/www.pourquoi-pas-nous.com\/it\/wp-json\/wp\/v2\/comments?post=24041"}],"version-history":[{"count":16,"href":"https:\/\/www.pourquoi-pas-nous.com\/it\/wp-json\/wp\/v2\/posts\/24041\/revisions"}],"predecessor-version":[{"id":79717,"href":"https:\/\/www.pourquoi-pas-nous.com\/it\/wp-json\/wp\/v2\/posts\/24041\/revisions\/79717"}],"wp:featuredmedia":[{"embeddable":true,"href":"https:\/\/www.pourquoi-pas-nous.com\/it\/wp-json\/wp\/v2\/media\/24052"}],"wp:attachment":[{"href":"https:\/\/www.pourquoi-pas-nous.com\/it\/wp-json\/wp\/v2\/media?parent=24041"}],"wp:term":[{"taxonomy":"category","embeddable":true,"href":"https:\/\/www.pourquoi-pas-nous.com\/it\/wp-json\/wp\/v2\/categories?post=24041"},{"taxonomy":"post_tag","embeddable":true,"href":"https:\/\/www.pourquoi-pas-nous.com\/it\/wp-json\/wp\/v2\/tags?post=24041"}],"curies":[{"name":"wp","href":"https:\/\/api.w.org\/{rel}","templated":true}]}}