{"id":24096,"date":"2021-11-24T09:17:35","date_gmt":"2021-11-24T08:17:35","guid":{"rendered":"https:\/\/www.pourquoi-pas-nous.com\/visitare-matera-e-i-suoi-sassi-una-citta-troglodita-da-non-perdere-in-puglia\/"},"modified":"2026-02-05T22:02:48","modified_gmt":"2026-02-05T20:02:48","slug":"visita-matera","status":"publish","type":"post","link":"https:\/\/www.pourquoi-pas-nous.com\/it\/visita-matera\/","title":{"rendered":"Visitare Matera e i suoi Sassi: una citt\u00e0 troglodita da non perdere in Puglia"},"content":{"rendered":"\n<p><strong>Matera<\/strong> \u00e8 una <strong>straordinaria citt\u00e0 troglodita<\/strong>, unica al mondo. \u00c8 una tappa obbligata del tuo <a href=\"https:\/\/www.pourquoi-pas-nous.com\/it\/pouilles-italia\/\" target=\"_blank\" rel=\"noreferrer noopener\">viaggio in Puglia<\/a>. La sua storia e la sua architettura la distinguono dalle altre citt\u00e0 italiane.  <\/p>\n\n<p><strong>Patrimonio dell&#8217;Umanit\u00e0 dell&#8217;UNESCO<\/strong>, Matera \u00e8 anche una delle <strong>citt\u00e0 abitate pi\u00f9 antiche del mondo<\/strong>. Le persone vivevano qui gi\u00e0 pi\u00f9 di 7000 anni fa e alcune famiglie occupavano ancora le grotte fino al 1952. <\/p>\n\n<p>Oggi, alcuni dei migliori hotel sono ancora affiancati da grotte lasciate nel loro stato naturale. La citt\u00e0 \u00e8 un labirinto di stradine, scalinate e <strong>viste mozzafiato<\/strong> sulle abitazioni troglodite e sulle chiese rupestri. \u00c8 impossibile rimanere indifferenti all&#8217;atmosfera unica che si respira.  <\/p>\n\n<p>Se stai programmando un <strong>viaggio in Puglia<\/strong>, non perderti Matera. Alla fine di questo articolo, troverai la nostra <strong>mappa interattiva<\/strong> con gli indirizzi utili per organizzare il tuo soggiorno. <\/p>\n\n<figure class=\"wp-block-image size-full\"><img data-recalc-dims=\"1\" data-dominant-color=\"7d7d7b\" data-has-transparency=\"false\" style=\"--dominant-color: #7d7d7b;\" fetchpriority=\"high\" decoding=\"async\" width=\"800\" height=\"379\" src=\"https:\/\/i0.wp.com\/www.pourquoi-pas-nous.com\/wp-content\/uploads\/2021\/11\/20211103_163701-2-scaled-jpg-webp.webp?resize=800%2C379&#038;ssl=1\" alt=\"Vista panoramica di Matera e dei Sassi\" class=\"wp-image-4019 not-transparent\" title=\"\" srcset=\"https:\/\/i0.wp.com\/www.pourquoi-pas-nous.com\/wp-content\/uploads\/2021\/11\/20211103_163701-2-scaled-jpg-webp.webp?w=1600&amp;ssl=1 1600w, https:\/\/i0.wp.com\/www.pourquoi-pas-nous.com\/wp-content\/uploads\/2021\/11\/20211103_163701-2-scaled-jpg-webp.webp?resize=400%2C189&amp;ssl=1 400w, https:\/\/i0.wp.com\/www.pourquoi-pas-nous.com\/wp-content\/uploads\/2021\/11\/20211103_163701-2-scaled-jpg-webp.webp?resize=1200%2C568&amp;ssl=1 1200w, https:\/\/i0.wp.com\/www.pourquoi-pas-nous.com\/wp-content\/uploads\/2021\/11\/20211103_163701-2-scaled-jpg-webp.webp?resize=512%2C242&amp;ssl=1 512w, https:\/\/i0.wp.com\/www.pourquoi-pas-nous.com\/wp-content\/uploads\/2021\/11\/20211103_163701-2-scaled-jpg-webp.webp?resize=768%2C363&amp;ssl=1 768w, https:\/\/i0.wp.com\/www.pourquoi-pas-nous.com\/wp-content\/uploads\/2021\/11\/20211103_163701-2-scaled-jpg-webp.webp?resize=1536%2C727&amp;ssl=1 1536w\" sizes=\"(max-width: 800px) 100vw, 800px\" \/><\/figure>\n\n<h2 class=\"wp-block-heading\">Matera, un must da aggiungere al tuo itinerario<\/h2>\n\n<p>Molti si chiedono se Matera faccia parte della Puglia. In realt\u00e0, <strong>Matera<\/strong> non lo \u00e8: \u00e8 <strong>il capoluogo della<\/strong> vicina <strong>Basilicata<\/strong>. Ma \u00e8 cos\u00ec vicina (solo <strong>1 ora da Bari<\/strong>) che \u00e8 naturale inserirla in un itinerario in Puglia.  <\/p>\n\n<p>Se il tuo soggiorno \u00e8 breve, ti consigliamo di <strong>scegliere Matera piuttosto che Bari<\/strong>. \u00c8 una citt\u00e0 incomparabile, allo stesso tempo autentica, commovente e spettacolare. <\/p>\n\n<blockquote class=\"wp-block-quote has-text-align-center is-layout-flow wp-block-quote-is-layout-flow\">\n<p><em>Hotel troglodita a Matera: <a href=\"https:\/\/www.booking.com\/hotel\/it\/il-belvedere-matera.en.html?aid=1529171&amp;no_rooms=1&amp;group_adults=2\" target=\"_blank\" data-type=\"link\" data-id=\"https:\/\/www.booking.com\/hotel\/it\/il-belvedere-matera.en.html?aid=1529171&amp;no_rooms=1&amp;group_adults=2\" rel=\"noreferrer noopener nofollow\">informazioni e prenotazioni Il Belvedere Matera<\/a><\/em><\/p>\n\n\n\n<p><a href=\"https:\/\/www.getyourguide.fr\/sassi-di-matera-l89408\/matera-visite-guidee-de-2-h-des-sassi-t261282\/?partner_id=0LXQSML&amp;utm_medium=online_publisher&amp;cmp=matera\" target=\"_blank\" data-type=\"link\" data-id=\"https:\/\/www.getyourguide.fr\/sassi-di-matera-l89408\/matera-visite-guidee-de-2-h-des-sassi-t261282\/?partner_id=0LXQSML&amp;utm_medium=online_publisher&amp;cmp=matera\" rel=\"noreferrer noopener nofollow\">Informazioni e prenotazioni per una visita guidata in francese<\/a><\/p>\n<\/blockquote>\n\n<figure class=\"wp-block-image size-full\"><img data-recalc-dims=\"1\" data-dominant-color=\"c0ab91\" data-has-transparency=\"false\" style=\"--dominant-color: #c0ab91;\" decoding=\"async\" width=\"800\" height=\"633\" src=\"https:\/\/i0.wp.com\/www.pourquoi-pas-nous.com\/wp-content\/uploads\/2021\/11\/20211104_104342-2-jpg-webp.webp?resize=800%2C633&#038;ssl=1\" alt=\"Le strade troglodite di Matera\" class=\"wp-image-4032 not-transparent\" title=\"\" srcset=\"https:\/\/i0.wp.com\/www.pourquoi-pas-nous.com\/wp-content\/uploads\/2021\/11\/20211104_104342-2-jpg-webp.webp?w=1294&amp;ssl=1 1294w, https:\/\/i0.wp.com\/www.pourquoi-pas-nous.com\/wp-content\/uploads\/2021\/11\/20211104_104342-2-jpg-webp.webp?resize=400%2C317&amp;ssl=1 400w, https:\/\/i0.wp.com\/www.pourquoi-pas-nous.com\/wp-content\/uploads\/2021\/11\/20211104_104342-2-jpg-webp.webp?resize=1200%2C950&amp;ssl=1 1200w, https:\/\/i0.wp.com\/www.pourquoi-pas-nous.com\/wp-content\/uploads\/2021\/11\/20211104_104342-2-jpg-webp.webp?resize=512%2C405&amp;ssl=1 512w, https:\/\/i0.wp.com\/www.pourquoi-pas-nous.com\/wp-content\/uploads\/2021\/11\/20211104_104342-2-jpg-webp.webp?resize=768%2C608&amp;ssl=1 768w\" sizes=\"(max-width: 800px) 100vw, 800px\" \/><\/figure>\n\n<h2 class=\"wp-block-heading\">Cosa vedere a Matera: i nostri must e il nostro itinerario<\/h2>\n\n<p>Matera domina un canyon scavato dal fiume Gravina. Il suo fascino risiede nelle sue <strong>abitazioni trogloditiche<\/strong> (i famosi <em>sassi<\/em>) e nelle sue <strong>numerose chiese rupestri<\/strong>. Ce ne sono pi\u00f9 di 150 in citt\u00e0 e nei dintorni.  <\/p>\n\n<p>Oggi la citt\u00e0 sta vivendo un <strong>rinascimento culturale<\/strong>. Le grotte abbandonate vengono gradualmente trasformate in musei, <a href=\"https:\/\/www.booking.com\/hotel\/it\/il-belvedere-matera.en.html?aid=1529171&amp;no_rooms=1&amp;group_adults=2\" data-type=\"link\" data-id=\"https:\/\/www.booking.com\/hotel\/it\/il-belvedere-matera.en.html?aid=1529171&amp;no_rooms=1&amp;group_adults=2\" target=\"_blank\" rel=\"noopener\">hotel<\/a> e ristoranti, pur mantenendo la loro autenticit\u00e0. <\/p>\n<div class=\"lazyblock-conseils-et-hebergements-Z1KHyEd wp-block-lazyblock-conseils-et-hebergements\"><div class=\"conseils-hebergements\"><span class=\"titre-conseils\"><i class=\"fas fa-map-marked-alt\"><\/i>Il miglior tour guidato<\/span>\n<p><p>Per apprezzare appieno Matera, prenota una <a href=\"https:\/\/www.getyourguide.fr\/sassi-di-matera-l89408\/matera-visite-guidee-de-2-h-des-sassi-t261282\/?partner_id=0LXQSML&amp;utm_medium=online_publisher&amp;cmp=matera\" target=\"_blank\" rel=\"nofollow noopener\">visita guidata in francese<\/a>. Scoprirai una serie di siti emblematici con una guida locale appassionata. Un&#8217;esperienza completa che consigliamo senza esitazione.<\/p><\/p><\/div><\/div>\n<div data-gyg-href=\"https:\/\/widget.getyourguide.com\/default\/availability.frame\" data-gyg-tour-id=\"261282\" data-gyg-locale-code=\"fr-FR\" data-gyg-currency=\"EUR\" data-gyg-widget=\"availability\" data-gyg-variant=\"horizontal\" data-gyg-partner-id=\"0LXQSML\" data-gyg-cmp=\"materawidget\"><\/div>\n\n<figure class=\"wp-block-image size-large\"><img data-recalc-dims=\"1\" data-dominant-color=\"87898a\" data-has-transparency=\"false\" style=\"--dominant-color: #87898a;\" decoding=\"async\" width=\"800\" height=\"379\" src=\"https:\/\/i0.wp.com\/www.pourquoi-pas-nous.com\/wp-content\/uploads\/2021\/11\/20211103_164652-2-scaled-jpg-webp.webp?resize=800%2C379&#038;ssl=1\" alt=\"Tramonto sui Sassi di Matera\" class=\"wp-image-4046 not-transparent\" title=\"\" srcset=\"https:\/\/i0.wp.com\/www.pourquoi-pas-nous.com\/wp-content\/uploads\/2021\/11\/20211103_164652-2-scaled-jpg-webp.webp?resize=1200%2C568&amp;ssl=1 1200w, https:\/\/i0.wp.com\/www.pourquoi-pas-nous.com\/wp-content\/uploads\/2021\/11\/20211103_164652-2-scaled-jpg-webp.webp?resize=400%2C189&amp;ssl=1 400w, https:\/\/i0.wp.com\/www.pourquoi-pas-nous.com\/wp-content\/uploads\/2021\/11\/20211103_164652-2-scaled-jpg-webp.webp?resize=512%2C242&amp;ssl=1 512w, https:\/\/i0.wp.com\/www.pourquoi-pas-nous.com\/wp-content\/uploads\/2021\/11\/20211103_164652-2-scaled-jpg-webp.webp?resize=768%2C363&amp;ssl=1 768w, https:\/\/i0.wp.com\/www.pourquoi-pas-nous.com\/wp-content\/uploads\/2021\/11\/20211103_164652-2-scaled-jpg-webp.webp?resize=1536%2C727&amp;ssl=1 1536w, https:\/\/i0.wp.com\/www.pourquoi-pas-nous.com\/wp-content\/uploads\/2021\/11\/20211103_164652-2-scaled-jpg-webp.webp?w=1600&amp;ssl=1 1600w\" sizes=\"(max-width: 800px) 100vw, 800px\" \/><\/figure>\n\n<p>Puoi esplorare Matera a piedi. Circa <strong>3 ore<\/strong> sono sufficienti per vedere i principali punti di interesse, ma la citt\u00e0 merita due giorni interi per immergersi nella sua atmosfera. <\/p>\n\n<h3 class=\"wp-block-heading\">Il nostro itinerario a piedi<\/h3>\n\n<ol class=\"wp-block-list\">\n<li><strong>Sasso Barisano<\/strong>: un labirinto di grotte naturali e artificiali estremamente fotogeniche.<\/li>\n\n\n\n<li><strong>Chiesa di Sant&#8217;Agostino<\/strong>: superba architettura barocca e vista eccezionale sul canyon.<\/li>\n\n\n\n<li><strong>Madonna delle Virt\u00f9<\/strong>: chiesa rupestre con antichi affreschi.<\/li>\n\n\n\n<li><strong>Duomo di Matera<\/strong>: la cattedrale romanica pi\u00f9 importante della citt\u00e0, che domina l&#8217;intero sito.<\/li>\n\n\n\n<li><strong>Casa Noha<\/strong>: museo immersivo che ripercorre la storia di Matera (filmato di 30 minuti, molto istruttivo).<\/li>\n\n\n\n<li><strong>MUSMA<\/strong>: un originalissimo museo di arte contemporanea ospitato in un ex convento troglodita.<\/li>\n\n\n\n<li><strong>Sasso Caveoso<\/strong>: un quartiere pi\u00f9 autentico e meno turistico.<\/li>\n\n\n\n<li><strong>San Pietro Caveoso<\/strong>: una chiesa costruita sul fianco di una scogliera, emblematica del sito.<\/li>\n\n\n\n<li><strong>Santa Lucia alle Malve<\/strong>: una delle pi\u00f9 belle chiese rupestri (ingresso 3,50\u20ac).<\/li>\n\n\n\n<li><strong>Piazza San Pietro<\/strong>: superbo punto di osservazione sulla citt\u00e0 e sul parco naturale antistante.<\/li>\n\n\n\n<li><strong>Gelateria I Vizi degli Angeli<\/strong>: per un ottimo gelato artigianale.<\/li>\n\n\n\n<li><strong>Osteria Malatesta<\/strong>: cucina locale semplice e gustosa a pranzo.<\/li>\n\n\n\n<li><strong>Radino Wine Bar<\/strong>: un locale raffinato che offre un ottimo rapporto qualit\u00e0-prezzo.<\/li>\n\n\n\n<li><strong>Passeggiata notturna<\/strong>: le luci della sera rendono Matera ancora pi\u00f9 magica.<\/li>\n<\/ol>\n\n<figure class=\"wp-block-image size-large\"><img data-recalc-dims=\"1\" data-dominant-color=\"8c8d88\" data-has-transparency=\"false\" style=\"--dominant-color: #8c8d88;\" loading=\"lazy\" decoding=\"async\" width=\"800\" height=\"345\" src=\"https:\/\/i0.wp.com\/www.pourquoi-pas-nous.com\/wp-content\/uploads\/2021\/11\/20211104_095506-2-scaled-jpg-webp.webp?resize=800%2C345&#038;ssl=1\" alt=\"Il Duomo di Matera di notte\" class=\"wp-image-4023 not-transparent\" title=\"\" srcset=\"https:\/\/i0.wp.com\/www.pourquoi-pas-nous.com\/wp-content\/uploads\/2021\/11\/20211104_095506-2-scaled-jpg-webp.webp?resize=1200%2C518&amp;ssl=1 1200w, https:\/\/i0.wp.com\/www.pourquoi-pas-nous.com\/wp-content\/uploads\/2021\/11\/20211104_095506-2-scaled-jpg-webp.webp?resize=400%2C173&amp;ssl=1 400w, https:\/\/i0.wp.com\/www.pourquoi-pas-nous.com\/wp-content\/uploads\/2021\/11\/20211104_095506-2-scaled-jpg-webp.webp?resize=512%2C221&amp;ssl=1 512w, https:\/\/i0.wp.com\/www.pourquoi-pas-nous.com\/wp-content\/uploads\/2021\/11\/20211104_095506-2-scaled-jpg-webp.webp?resize=768%2C332&amp;ssl=1 768w, https:\/\/i0.wp.com\/www.pourquoi-pas-nous.com\/wp-content\/uploads\/2021\/11\/20211104_095506-2-scaled-jpg-webp.webp?resize=1536%2C663&amp;ssl=1 1536w, https:\/\/i0.wp.com\/www.pourquoi-pas-nous.com\/wp-content\/uploads\/2021\/11\/20211104_095506-2-scaled-jpg-webp.webp?w=1600&amp;ssl=1 1600w\" sizes=\"(max-width: 800px) 100vw, 800px\" \/><\/figure>\n\n<h2 class=\"wp-block-heading\">Matera, un cinema all&#8217;aperto<\/h2>\n\n<p>Le stradine di Matera hanno fatto da sfondo a molti film internazionali, tra cui <em>La Passione di Cristo<\/em> di Mel Gibson, <em>Wonder Woman<\/em> e, pi\u00f9 di recente, <strong>James Bond &#8211; La morte pu\u00f2 attendere<\/strong> (2021). Il fascino crudo e senza tempo della citt\u00e0 ispira i registi di tutto il mondo. <\/p>\n\n<figure class=\"wp-block-image size-large\"><img data-recalc-dims=\"1\" data-dominant-color=\"9da09b\" data-has-transparency=\"false\" style=\"--dominant-color: #9da09b;\" loading=\"lazy\" decoding=\"async\" width=\"800\" height=\"581\" src=\"https:\/\/i0.wp.com\/www.pourquoi-pas-nous.com\/wp-content\/uploads\/2021\/11\/20211104_114706-4-jpg.webp?resize=800%2C581&#038;ssl=1\" alt=\"Film ambientato a Matera\" class=\"wp-image-4041 not-transparent\" title=\"\" srcset=\"https:\/\/i0.wp.com\/www.pourquoi-pas-nous.com\/wp-content\/uploads\/2021\/11\/20211104_114706-4-jpg-webp.webp?resize=1200%2C871&amp;ssl=1 1200w, https:\/\/i0.wp.com\/www.pourquoi-pas-nous.com\/wp-content\/uploads\/2021\/11\/20211104_114706-4-jpg-webp.webp?resize=400%2C290&amp;ssl=1 400w, https:\/\/i0.wp.com\/www.pourquoi-pas-nous.com\/wp-content\/uploads\/2021\/11\/20211104_114706-4-jpg-webp.webp?resize=512%2C372&amp;ssl=1 512w, https:\/\/i0.wp.com\/www.pourquoi-pas-nous.com\/wp-content\/uploads\/2021\/11\/20211104_114706-4-jpg-webp.webp?resize=768%2C557&amp;ssl=1 768w, https:\/\/i0.wp.com\/www.pourquoi-pas-nous.com\/wp-content\/uploads\/2021\/11\/20211104_114706-4-jpg-webp.webp?resize=1536%2C1115&amp;ssl=1 1536w, https:\/\/i0.wp.com\/www.pourquoi-pas-nous.com\/wp-content\/uploads\/2021\/11\/20211104_114706-4-jpg-webp.webp?w=1411&amp;ssl=1 1411w\" sizes=\"(max-width: 800px) 100vw, 800px\" \/><\/figure>\n\n<h2 class=\"wp-block-heading\">Dove dormire a Matera: i nostri preferiti<\/h2>\n\n<blockquote class=\"wp-block-quote is-layout-flow wp-block-quote-is-layout-flow\">\n<p>Trascorrere una notte in un <strong>sassi<\/strong> \u00e8 un&#8217;esperienza unica. Questi alloggi trogloditi combinano il fascino antico con i comfort moderni. Prenota in anticipo, i posti sono limitati.  <\/p>\n<\/blockquote>\n<div class=\"lazyblock-conseils-et-hebergements-Z12ePg6 wp-block-lazyblock-conseils-et-hebergements\"><div class=\"conseils-hebergements\"><span class=\"titre-conseils\"><i class=\"fas fa-map-marked-alt\"><\/i>La nostra raccomandazione<\/span>\n<p><p>Ci \u00e8 piaciuto molto <a href=\"https:\/\/www.booking.com\/hotel\/it\/il-belvedere-matera.en.html?aid=1529171&amp;no_rooms=1&amp;group_adults=2\" target=\"_blank\" rel=\"nofollow noopener\">Il Belvedere Matera<\/a>. Situato in posizione ideale nel Sasso Caveoso, offre viste spettacolari sulla citt\u00e0 e la colazione sulla terrazza panoramica. Un indirizzo che offre un imbattibile rapporto qualit\u00e0-prezzo.<\/p><\/p><\/div><\/div>\n<figure class=\"wp-block-image size-large\"><img data-recalc-dims=\"1\" height=\"533\" width=\"800\" data-dominant-color=\"a9a092\" data-has-transparency=\"false\" style=\"--dominant-color: #a9a092;\" decoding=\"async\" src=\"https:\/\/i0.wp.com\/www.pourquoi-pas-nous.com\/wp-content\/uploads\/2021\/11\/136752880.webp?resize=800%2C533&#038;ssl=1\" alt=\"Camera troglodita Il Belvedere Matera\" class=\"wp-image-4035 not-transparent\" title=\"\"><\/figure>\n\n<p><strong>Opzione low budget a Matera<\/strong><\/p>\n\n<blockquote class=\"wp-block-quote is-layout-flow wp-block-quote-is-layout-flow\">\n<p class=\"has-text-align-center\"><strong>Opzione economica a Matera<\/strong>: camere confortevoli a 5 minuti a piedi dal centro storico<br\/><a href=\"https:\/\/www.booking.com\/hotel\/it\/vicolo-fiore-affittacamere-ii.fr.html?aid=1529171&amp;no_rooms=1&amp;group_adults=2\" target=\"_blank\" rel=\"noreferrer noopener\"><em>Info e prenotazioni<\/em> Vicolo Fiore Affittacamere II da \u20ac75, valutato 9.3\/10 su Booking<\/a><\/p>\n<\/blockquote>\n\n<blockquote class=\"wp-block-quote is-layout-flow wp-block-quote-is-layout-flow\">\n<p class=\"has-text-align-center\"><strong>Opzione ostello a Matera<\/strong> a partire da 23\u20ac per un letto in un dormitorio nel centro della citt\u00e0<br\/><em><a href=\"https:\/\/www.booking.com\/hotel\/it\/the-rock-hostel.fr.html?aid=1529171&amp;no_rooms=1&amp;group_adults=2\" target=\"_blank\" rel=\"noreferrer noopener\">Prenotazione e informazioni su The Rock Hostel<\/a><\/em><\/p>\n<\/blockquote>\n\n<h2 class=\"wp-block-heading\">Come arrivare a Matera<\/h2>\n\n<ul class=\"wp-block-list\">\n<li><strong>In auto<\/strong>: 1 ora da <a href=\"https:\/\/www.pourquoi-pas-nous.com\/it\/bari-pouilles-italia\/\" target=\"_blank\" rel=\"noreferrer noopener\">Bari<\/a>. <a href=\"https:\/\/www.discovercars.com\/fr\/italy-mainland\/bari\/bri?a_aid=PourquoiPasNous\" data-type=\"link\" data-id=\"https:\/\/www.discovercars.com\/fr\/italy-mainland\/bari\/bri?a_aid=PourquoiPasNous\" target=\"_blank\" rel=\"noopener\">Noleggiare un&#8217;auto dall&#8217;aeroporto di Bari<\/a> \u00e8 il modo pi\u00f9 pratico per esplorare la Puglia.<\/li>\n\n\n\n<li><strong>In treno<\/strong>: con le <a href=\"https:\/\/ferrovieappulolucane.it\/\" target=\"_blank\" rel=\"noreferrer noopener\">Ferrovie Appulo Lucane<\/a> da Bari Centrale (circa 1h45 di viaggio).<\/li>\n\n\n\n<li><strong>In autobus<\/strong>: le compagnie <a href=\"https:\/\/www.omio.it\/\" target=\"_blank\" rel=\"noreferrer noopener\">Cotral<\/a> o <a href=\"https:\/\/www.miccolis.it\/\" target=\"_blank\" rel=\"noreferrer noopener\">Miccolis<\/a> offrono un servizio diretto dall&#8217;aeroporto di Bari (1 ora, a partire da 4\u20ac).<\/li>\n<\/ul>\n\n<p>&#x26a0;&#xfe0f; Il centro storico e i <strong>sassi<\/strong> si trovano in una <strong>ZTL<\/strong> (zona a traffico limitato). Evita di guidarci, perch\u00e9 le multe sono automatiche. Parcheggia in periferia o chiedi consiglio al tuo albergatore.  <\/p>\n\n<p>Scopri la nostra guida completa e tutti i nostri consigli per aiutarti a <a href=\"https:\/\/www.pourquoi-pas-nous.com\/it\/?p=78483\" data-type=\"post\" data-id=\"78419\" target=\"_blank\" rel=\"noreferrer noopener\">noleggiare un&#8217;auto all&#8217;aeroporto di Bari.<\/a><\/p>\n\n<figure class=\"wp-block-image size-large\"><img data-recalc-dims=\"1\" data-dominant-color=\"525848\" data-has-transparency=\"false\" style=\"--dominant-color: #525848;\" loading=\"lazy\" decoding=\"async\" width=\"800\" height=\"613\" src=\"https:\/\/i0.wp.com\/www.pourquoi-pas-nous.com\/wp-content\/uploads\/2021\/11\/20211104_104814-3-jpg-webp.webp?resize=800%2C613&#038;ssl=1\" alt=\"Parcheggio e vicoli di Matera\" class=\"wp-image-4042 not-transparent\" title=\"\" srcset=\"https:\/\/i0.wp.com\/www.pourquoi-pas-nous.com\/wp-content\/uploads\/2021\/11\/20211104_104814-3-jpg-webp.webp?resize=1200%2C920&amp;ssl=1 1200w, https:\/\/i0.wp.com\/www.pourquoi-pas-nous.com\/wp-content\/uploads\/2021\/11\/20211104_104814-3-jpg-webp.webp?resize=400%2C307&amp;ssl=1 400w, https:\/\/i0.wp.com\/www.pourquoi-pas-nous.com\/wp-content\/uploads\/2021\/11\/20211104_104814-3-jpg-webp.webp?resize=512%2C393&amp;ssl=1 512w, https:\/\/i0.wp.com\/www.pourquoi-pas-nous.com\/wp-content\/uploads\/2021\/11\/20211104_104814-3-jpg-webp.webp?resize=768%2C589&amp;ssl=1 768w, https:\/\/i0.wp.com\/www.pourquoi-pas-nous.com\/wp-content\/uploads\/2021\/11\/20211104_104814-3-jpg-webp.webp?w=1335&amp;ssl=1 1335w\" sizes=\"(max-width: 800px) 100vw, 800px\" \/><\/figure>\n\n<h2 class=\"wp-block-heading\">I punti panoramici pi\u00f9 belli intorno a Matera<\/h2>\n\n<ul class=\"wp-block-list\">\n<li><strong>Belvedere Murgia Timone<\/strong>: situato sulla collina di fronte alla citt\u00e0, offre una vista spettacolare di Matera e dei sassi. \u00c8 raggiungibile in auto o a piedi attraverso un ponte sospeso. Da fare al meglio al tramonto.  <\/li>\n<\/ul>\n\n<ul class=\"wp-block-list\">\n<li><strong>Belvedere Luigi Guerricchio: <\/strong>situato all&#8217;estremit\u00e0 settentrionale del centro storico, questo belvedere offre una vista ininterrotta sul <strong>Sasso Barisano<\/strong> e sulla Gravina. Meno frequentato di Murgia Timone, ti permette di vedere Matera da un&#8217;angolazione pi\u00f9 urbana, con una chiara visione dei volumi, delle terrazze e dell&#8217;organizzazione dei Sassi. <\/li>\n<\/ul>\n\n<ul class=\"wp-block-list\">\n<li><strong>Belvedere San Pietro Caveoso: <\/strong>situato vicino alla chiesa di San Pietro Caveoso, questo belvedere si affaccia sul <strong>Sasso Caveoso<\/strong>, la parte pi\u00f9 minerale e grezza della citt\u00e0. La vista \u00e8 pi\u00f9 ravvicinata e coinvolgente, con un marcato senso di profondit\u00e0 sulle abitazioni troglodite. <\/li>\n<\/ul>\n\n<figure class=\"wp-block-image size-large\"><img data-recalc-dims=\"1\" data-dominant-color=\"707672\" data-has-transparency=\"false\" style=\"--dominant-color: #707672;\" loading=\"lazy\" decoding=\"async\" width=\"800\" height=\"379\" src=\"https:\/\/i0.wp.com\/www.pourquoi-pas-nous.com\/wp-content\/uploads\/2021\/11\/20211103_161849-2-scaled-jpg-webp.webp?resize=800%2C379&#038;ssl=1\" alt=\"Vista dal Belvedere Murgia Timone\" class=\"wp-image-4030 not-transparent\" title=\"\" srcset=\"https:\/\/i0.wp.com\/www.pourquoi-pas-nous.com\/wp-content\/uploads\/2021\/11\/20211103_161849-2-scaled-jpg-webp.webp?resize=1200%2C568&amp;ssl=1 1200w, https:\/\/i0.wp.com\/www.pourquoi-pas-nous.com\/wp-content\/uploads\/2021\/11\/20211103_161849-2-scaled-jpg-webp.webp?resize=400%2C189&amp;ssl=1 400w, https:\/\/i0.wp.com\/www.pourquoi-pas-nous.com\/wp-content\/uploads\/2021\/11\/20211103_161849-2-scaled-jpg-webp.webp?resize=512%2C242&amp;ssl=1 512w, https:\/\/i0.wp.com\/www.pourquoi-pas-nous.com\/wp-content\/uploads\/2021\/11\/20211103_161849-2-scaled-jpg-webp.webp?resize=768%2C363&amp;ssl=1 768w, https:\/\/i0.wp.com\/www.pourquoi-pas-nous.com\/wp-content\/uploads\/2021\/11\/20211103_161849-2-scaled-jpg-webp.webp?resize=1536%2C727&amp;ssl=1 1536w, https:\/\/i0.wp.com\/www.pourquoi-pas-nous.com\/wp-content\/uploads\/2021\/11\/20211103_161849-2-scaled-jpg-webp.webp?w=1600&amp;ssl=1 1600w\" sizes=\"(max-width: 800px) 100vw, 800px\" \/><\/figure>\n\n<h2 class=\"wp-block-heading\">La nostra mappa degli indirizzi utili a Matera<\/h2>\n\n<p>Per facilitare le tue visite, elenchiamo sempre i nostri <strong>buoni consigli<\/strong> e i punti di interesse su una mappa interattiva. Puoi utilizzarla direttamente qui sotto. <\/p>\n\n<iframe src=\"https:\/\/www.google.com\/maps\/d\/u\/0\/embed?mid=1TMkAjLzADoqdVcpJt9zMfyVPbk-tukZ5\" width=\"100%\" height=\"480\" title=\"Matera mappa Italia\"><\/iframe>\n\n<h2 class=\"wp-block-heading\">La nostra opinione su Matera<\/h2>\n\n<p>Abbiamo soggiornato a Matera per <strong>2 giorni e 2 notti<\/strong> e i nostri ricordi sono indimenticabili. Questa antica e vivace citt\u00e0 \u00e8 la nostra <strong>preferita in Puglia<\/strong>. In ottobre, fuori stagione, l&#8217;atmosfera era tranquilla e magica.  <\/p>\n\n<p>La prossima volta pensiamo di tornare per una visita pi\u00f9 approfondita, prima di proseguire verso <a href=\"https:\/\/www.pourquoi-pas-nous.com\/it\/alberobello-trulli\/\" target=\"_blank\" rel=\"noreferrer noopener\">Alberobello<\/a> e i suoi iconici trulli.<\/p>\n\n<p>Ti auguriamo un <strong>viaggio fantastico<\/strong>! Se stai pianificando il tuo itinerario in Puglia, scrivici qui o su <a href=\"https:\/\/www.instagram.com\/pourquoipasnous_voyage\/\" target=\"_blank\" rel=\"noreferrer noopener\">Instagram<\/a>.<\/p>\n\n<p>Prima di partire e per aiutarti a <strong>pianificare il tuo itinerario<\/strong>, dai un&#8217;occhiata ai nostri articoli:<\/p>\n\n<ul class=\"wp-block-list\">\n<li><a href=\"https:\/\/www.pourquoi-pas-nous.com\/it\/?p=78483\" target=\"_blank\" data-type=\"post\" data-id=\"78419\" rel=\"noreferrer noopener\">I nostri consigli per noleggiare un&#8217;auto per esplorare la Puglia<\/a><\/li>\n\n\n\n<li><a href=\"https:\/\/www.pourquoi-pas-nous.com\/it\/ou-dormir-pouilles-italie\/\">I nostri migliori hotel in Puglia<\/a><\/li>\n\n\n\n<li><a href=\"https:\/\/www.pourquoi-pas-nous.com\/it\/pouilles-italia\/\" data-type=\"post\" data-id=\"4462\" target=\"_blank\" rel=\"noreferrer noopener\">L&#8217;itinerario del nostro viaggio in Puglia<\/a><\/li>\n\n\n\n<li><a href=\"https:\/\/www.pourquoi-pas-nous.com\/it\/visita-lecce\/\" target=\"_blank\" data-type=\"post\" data-id=\"4275\" rel=\"noreferrer noopener\">Cosa fare a Lecce<\/a><\/li>\n\n\n\n<li><a href=\"https:\/\/www.pourquoi-pas-nous.com\/it\/visita-monopoli\/\" target=\"_blank\" data-type=\"link\" data-id=\"https:\/\/www.pourquoi-pas-nous.com\/visiter-monopoli\/\" rel=\"noreferrer noopener\">Cosa vedere a Monopoli<\/a><\/li>\n\n\n\n<li><a href=\"https:\/\/www.pourquoi-pas-nous.com\/it\/polignano-a-mare\/\" data-type=\"post\" data-id=\"4152\">Visitare Polignano a Mare<\/a><\/li>\n\n\n\n<li><a href=\"https:\/\/www.pourquoi-pas-nous.com\/it\/alberobello-trulli\/\" target=\"_blank\" data-type=\"post\" data-id=\"4218\" rel=\"noreferrer noopener\">Visita Alberobello<\/a><\/li>\n\n\n\n<li><a href=\"https:\/\/www.pourquoi-pas-nous.com\/it\/le-piu-belle-spiagge-dellitalia\/\" target=\"_blank\" data-type=\"post\" data-id=\"4519\" rel=\"noreferrer noopener\">Le spiagge pi\u00f9 belle della Puglia<\/a><\/li>\n<\/ul>\n<div style='text-align:right' class='yasr-auto-insert-visitor'><\/div>","protected":false},"excerpt":{"rendered":"<p>Matera \u00e8 una straordinaria citt\u00e0 troglodita, unica al mondo. \u00c8 una tappa obbligata del tuo viaggio in Puglia. La sua storia e la sua architettura la distinguono dalle altre citt\u00e0 italiane. Patrimonio dell&#8217;Umanit\u00e0 dell&#8217;UNESCO, Matera \u00e8 anche una delle citt\u00e0 abitate pi\u00f9 antiche del mondo. Le persone vivevano qui gi\u00e0 pi\u00f9 di 7000 anni fa [&hellip;]<\/p>\n","protected":false},"author":1,"featured_media":24104,"comment_status":"open","ping_status":"open","sticky":false,"template":"","format":"standard","meta":{"_acf_changed":false,"_wp_convertkit_post_meta":{"form":"-1","landing_page":"0","tag":"0","restrict_content":"0"},"jetpack_post_was_ever_published":true,"yasr_overall_rating":0,"yasr_post_is_review":"","yasr_auto_insert_disabled":"","yasr_review_type":"","_jetpack_newsletter_access":"","_jetpack_dont_email_post_to_subs":false,"_jetpack_newsletter_tier_id":0,"_jetpack_memberships_contains_paywalled_content":false,"_jetpack_memberships_contains_paid_content":false,"footnotes":""},"categories":[270,275,277],"tags":[],"class_list":["post-24096","post","type-post","status-publish","format-standard","has-post-thumbnail","hentry","category-guida-di-viaggio","category-italia-it","category-puglia-it"],"acf":[],"_wp_attached_file":null,"_wp_attachment_image_alt":null,"rank_math_primary_category":"66","rank_math_title":"Visitare Matera e i suoi Sassi: una citt\u00e0 troglodita in Puglia","rank_math_description":"Esplorate Matera e i suoi Sassi, l'imperdibile citt\u00e0 troglodita della Puglia. Scoprite il suo fascino unico e programmate subito la vostra visita! ","rank_math_focus_keyword":"visita matera,sassi matera","yasr_visitor_votes":{"stars_attributes":{"read_only":false,"span_bottom":false},"number_of_votes":0,"sum_votes":0},"jetpack_featured_media_url":"https:\/\/i0.wp.com\/www.pourquoi-pas-nous.com\/wp-content\/uploads\/2021\/11\/20211104_114706-4-jpg-webp.webp?fit=1411%2C1024&ssl=1","jetpack_sharing_enabled":true,"_links":{"self":[{"href":"https:\/\/www.pourquoi-pas-nous.com\/it\/wp-json\/wp\/v2\/posts\/24096","targetHints":{"allow":["GET"]}}],"collection":[{"href":"https:\/\/www.pourquoi-pas-nous.com\/it\/wp-json\/wp\/v2\/posts"}],"about":[{"href":"https:\/\/www.pourquoi-pas-nous.com\/it\/wp-json\/wp\/v2\/types\/post"}],"author":[{"embeddable":true,"href":"https:\/\/www.pourquoi-pas-nous.com\/it\/wp-json\/wp\/v2\/users\/1"}],"replies":[{"embeddable":true,"href":"https:\/\/www.pourquoi-pas-nous.com\/it\/wp-json\/wp\/v2\/comments?post=24096"}],"version-history":[{"count":21,"href":"https:\/\/www.pourquoi-pas-nous.com\/it\/wp-json\/wp\/v2\/posts\/24096\/revisions"}],"predecessor-version":[{"id":78635,"href":"https:\/\/www.pourquoi-pas-nous.com\/it\/wp-json\/wp\/v2\/posts\/24096\/revisions\/78635"}],"wp:featuredmedia":[{"embeddable":true,"href":"https:\/\/www.pourquoi-pas-nous.com\/it\/wp-json\/wp\/v2\/media\/24104"}],"wp:attachment":[{"href":"https:\/\/www.pourquoi-pas-nous.com\/it\/wp-json\/wp\/v2\/media?parent=24096"}],"wp:term":[{"taxonomy":"category","embeddable":true,"href":"https:\/\/www.pourquoi-pas-nous.com\/it\/wp-json\/wp\/v2\/categories?post=24096"},{"taxonomy":"post_tag","embeddable":true,"href":"https:\/\/www.pourquoi-pas-nous.com\/it\/wp-json\/wp\/v2\/tags?post=24096"}],"curies":[{"name":"wp","href":"https:\/\/api.w.org\/{rel}","templated":true}]}}