{"id":46343,"date":"2023-11-16T17:37:16","date_gmt":"2023-11-16T16:37:16","guid":{"rendered":"https:\/\/www.pourquoi-pas-nous.com\/?p=46343"},"modified":"2025-12-13T18:15:31","modified_gmt":"2025-12-13T16:15:31","slug":"visita-marche-central-de-valence-i-nostri-consigli","status":"publish","type":"post","link":"https:\/\/www.pourquoi-pas-nous.com\/it\/visita-marche-central-de-valence-i-nostri-consigli\/","title":{"rendered":"I nostri consigli per visitare il Mercato Centrale di Valencia"},"content":{"rendered":"\n<p>Se vi trovate a Valencia, una parte essenziale del vostro soggiorno deve essere una <strong>visita al Mercato Centrale<\/strong>, o &#8220;Mercado Central&#8221; in spagnolo. Cuore della citt\u00e0, questo luogo emblematico \u00e8 molto pi\u00f9 di un semplice mercato alimentare. \u00c8 qui che batte il polso della citt\u00e0, un luogo dove cultura, tradizione e vita moderna si fondono armoniosamente.  <\/p>\n\n<p>Lors de <a href=\"https:\/\/www.pourquoi-pas-nous.com\/it\/visitare-valence-spain\/\" data-type=\"post\" data-id=\"7494\">notre visite de Valence<\/a>, nous avons \u00e9t\u00e9 captiv\u00e9s par l&#8217;atmosph\u00e8re unique du march\u00e9, un m\u00e9lange vibrant de couleurs, de saveurs et d&#8217;histoire. Nous vous donnons tout nos conseils pour visiter ce lieu incroyable \u00e0 Valence et d\u00e9guster quelques sp\u00e9cialit\u00e9s locales.<\/p>\n\n<h2 class=\"wp-block-heading\">Monument historique et architectural<\/h2>\n\n<p>Le <strong>Mercado Central<\/strong> est un v\u00e9ritable chef-d&#8217;\u0153uvre architectural. \u00c9rig\u00e9 au d\u00e9but du 20e si\u00e8cle, pr\u00e9cis\u00e9ment en 1914, ce b\u00e2timent est un symbole de l&#8217;<strong>Art Nouveau<\/strong>, avec ses fa\u00e7ades richement orn\u00e9es et son int\u00e9rieur lumineux qui \u00e9voquent une \u00e9poque de grandeur et d&#8217;innovation.<\/p>\n\n<p>Le vetrate colorate, i mosaici dettagliati e le strutture metalliche, elementi distintivi di questo stile artistico, conferiscono al mercato un&#8217;atmosfera al tempo stesso storica e moderna.<\/p>\n\n<p>La struttura del mercato, progettata dagli architetti <strong>Francisco Gu\u00e0rdia Vial<\/strong> e <strong>Alexandre Soler<\/strong>, \u00e8 un omaggio alla tradizione e al progresso. Sono riusciti a creare uno spazio che, pur rispettando il patrimonio valenciano, incorpora elementi di design all&#8217;avanguardia. Con una superficie di oltre 8.000 metri quadrati, il Mercado Central \u00e8 uno dei mercati pi\u00f9 grandi d&#8217;Europa e offre uno spazio ampio e arioso per le bancarelle dei venditori e le corsie dei clienti. Ci \u00e8 piaciuto molto passeggiare qui.<\/p>\n\n<figure class=\"wp-block-image size-full\"><img data-recalc-dims=\"1\" data-dominant-color=\"483935\" data-has-transparency=\"false\" style=\"--dominant-color: #483935;\" fetchpriority=\"high\" decoding=\"async\" width=\"800\" height=\"532\" src=\"https:\/\/i0.wp.com\/www.pourquoi-pas-nous.com\/wp-content\/uploads\/2023\/11\/jkgyr3ddxhi-jpg.webp?resize=800%2C532&#038;ssl=1\" alt=\"Mercado Central Valencia\" class=\"wp-image-45745 not-transparent\" title=\"\" srcset=\"https:\/\/i0.wp.com\/www.pourquoi-pas-nous.com\/wp-content\/uploads\/2023\/11\/jkgyr3ddxhi-jpg.webp?w=1200&amp;ssl=1 1200w, https:\/\/i0.wp.com\/www.pourquoi-pas-nous.com\/wp-content\/uploads\/2023\/11\/jkgyr3ddxhi-jpg.webp?resize=400%2C266&amp;ssl=1 400w, https:\/\/i0.wp.com\/www.pourquoi-pas-nous.com\/wp-content\/uploads\/2023\/11\/jkgyr3ddxhi-jpg.webp?resize=512%2C340&amp;ssl=1 512w\" sizes=\"(max-width: 800px) 100vw, 800px\" \/><\/figure>\n\n<p>Si on le compare aux autres march\u00e9s europ\u00e9ens que nous avons explor\u00e9s, ce march\u00e9 se distingue par son \u00e9l\u00e9gance et son atmosph\u00e8re vivante. Que ce soit le march\u00e9 de La Boqueria \u00e0 Barcelone ou les halles de Budapest, chacun a son charme, mais celui de Valence offre une exp\u00e9rience particuli\u00e8re. Les vo\u00fbtes et les colonnes en fer forg\u00e9 du march\u00e9 s&#8217;\u00e9l\u00e8vent au dessus de nos t\u00eates, offrant non seulement un spectacle, mais servant aussi de t\u00e9moignage de l&#8217;\u00e8re industrielle et de l&#8217;artisanat espagnol.<\/p>\n\n<h2 class=\"wp-block-heading\">La gastronomiques de Valence<\/h2>\n\n<p>D\u00e8s que nous sommes entr\u00e9s dans le march\u00e9, nous avons \u00e9t\u00e9 accueillis par un kal\u00e9idoscope de couleurs et un m\u00e9lange enivrant de parfums. Des fruits et l\u00e9gumes frais aux \u00e9tals de fromages, en passant par les charcuteries espagnoles. On peut dire que j&#8217;\u00e9tait comme un fou, j&#8217;adore manger et d\u00e9couvrir de nouvelles sp\u00e9cialit\u00e9s<\/p>\n\n<figure class=\"wp-block-gallery has-nested-images columns-default is-cropped wp-block-gallery-2 is-layout-flex wp-block-gallery-is-layout-flex\">\n<figure class=\"wp-block-image size-full\"><img data-recalc-dims=\"1\" data-dominant-color=\"7f5d3a\" data-has-transparency=\"false\" style=\"--dominant-color: #7f5d3a;\" decoding=\"async\" data-id=\"45740\" src=\"https:\/\/i0.wp.com\/www.pourquoi-pas-nous.com\/wp-content\/uploads\/2023\/11\/ydx1yfjumjg-jpg.webp?w=800&#038;ssl=1\" alt=\"\" class=\"wp-image-45740 not-transparent\" title=\"\"><\/figure>\n\n\n\n<figure class=\"wp-block-image size-full\"><img data-recalc-dims=\"1\" data-dominant-color=\"8d5d64\" data-has-transparency=\"false\" style=\"--dominant-color: #8d5d64;\" decoding=\"async\" width=\"800\" height=\"379\" data-id=\"45790\" src=\"https:\/\/i0.wp.com\/www.pourquoi-pas-nous.com\/wp-content\/uploads\/2023\/11\/20211001_115144-scaled.webp?resize=800%2C379&#038;ssl=1\" alt=\"\" class=\"wp-image-45790 not-transparent\" title=\"\" srcset=\"https:\/\/i0.wp.com\/www.pourquoi-pas-nous.com\/wp-content\/uploads\/2023\/11\/20211001_115144-scaled.webp?w=2048&amp;ssl=1 2048w, https:\/\/i0.wp.com\/www.pourquoi-pas-nous.com\/wp-content\/uploads\/2023\/11\/20211001_115144-scaled.webp?resize=400%2C189&amp;ssl=1 400w, https:\/\/i0.wp.com\/www.pourquoi-pas-nous.com\/wp-content\/uploads\/2023\/11\/20211001_115144-scaled.webp?resize=1200%2C568&amp;ssl=1 1200w, https:\/\/i0.wp.com\/www.pourquoi-pas-nous.com\/wp-content\/uploads\/2023\/11\/20211001_115144-scaled.webp?resize=512%2C242&amp;ssl=1 512w, https:\/\/i0.wp.com\/www.pourquoi-pas-nous.com\/wp-content\/uploads\/2023\/11\/20211001_115144-scaled.webp?resize=768%2C363&amp;ssl=1 768w, https:\/\/i0.wp.com\/www.pourquoi-pas-nous.com\/wp-content\/uploads\/2023\/11\/20211001_115144-scaled.webp?resize=1536%2C727&amp;ssl=1 1536w, https:\/\/i0.wp.com\/www.pourquoi-pas-nous.com\/wp-content\/uploads\/2023\/11\/20211001_115144-scaled.webp?w=1600&amp;ssl=1 1600w\" sizes=\"(max-width: 800px) 100vw, 800px\" \/><\/figure>\n<\/figure>\n\n<p>C&#8217;est le lieu id\u00e9al pour d\u00e9couvrir les produits locaux. Ne manquez surtout pas de go\u00fbter au <strong>jambon ib\u00e9rique<\/strong> (miam), aux <strong>olives<\/strong> de la r\u00e9gion, et bien s\u00fbr, aux <strong>oranges juteuses<\/strong> de Valence. Nous en avons profiter pour acheter notre d\u00e9jeun\u00e9 sur le pouce accompagn\u00e9 d&#8217;un petit smoothie pour prendre des forces (nous aurions d\u00fb en prendre deux).<\/p>\n\n<h2 class=\"wp-block-heading\">Scambio con la gente del posto<\/h2>\n\n<p>Ce qui rend le <strong>mercado central<\/strong> vraiment sp\u00e9cial, c&#8217;est cette ambiance particuli\u00e8re qui y r\u00e8gne. Les vendeurs, sont toujours pr\u00eats \u00e0 partager un conseil de cuisine ou l&#8217;histoire derri\u00e8re leurs produits, il suffit de leur demander. C&#8217;est le moment de sortir votre plus bel espagnol.<\/p>\n\n<p>Queste interazioni autentiche aggiungono una dimensione umana al mercato, cosa che apprezziamo particolarmente nei nostri viaggi. In effetti, \u00e8 soprattutto per questi momenti che viaggiamo e andiamo avanti.<\/p>\n\n<h2 class=\"wp-block-heading\">I nostri consigli per una visita memorabile<\/h2>\n\n<p>Pour profiter pleinement de votre visite, nous vous conseillons d&#8217;arriver le matin entre 10h et midi. Non seulement, vous \u00e9viterez la foule, mais vous aurez \u00e9galement l&#8217;occasion de voir le march\u00e9 entre deux moments, apr\u00e8s la fin des courses des locaux et juste avant la pr\u00e9paration du repas. N&#8217;oubliez pas de pr\u00e9voir suffisamment de temps pour explorer, vous impr\u00e9gner des lieux et surtout pour go\u00fbter aux sp\u00e9cialit\u00e9s. Visiter Valence \u00e7a creuse alors on peut y rester une bonne heure si, comme moi, on aime go\u00fbter \u00e0 tout.<\/p>\n\n<figure class=\"wp-block-gallery has-nested-images columns-default is-cropped wp-block-gallery-3 is-layout-flex wp-block-gallery-is-layout-flex\">\n<figure class=\"wp-block-image size-full\"><img data-recalc-dims=\"1\" data-dominant-color=\"817867\" data-has-transparency=\"false\" style=\"--dominant-color: #817867;\" decoding=\"async\" width=\"800\" height=\"1691\" data-id=\"45775\" src=\"https:\/\/i0.wp.com\/www.pourquoi-pas-nous.com\/wp-content\/uploads\/2023\/11\/20211001_115551-scaled.webp?resize=800%2C1691&#038;ssl=1\" alt=\"\" class=\"wp-image-45775 not-transparent\" title=\"\" srcset=\"https:\/\/i0.wp.com\/www.pourquoi-pas-nous.com\/wp-content\/uploads\/2023\/11\/20211001_115551-scaled.webp?w=969&amp;ssl=1 969w, https:\/\/i0.wp.com\/www.pourquoi-pas-nous.com\/wp-content\/uploads\/2023\/11\/20211001_115551-scaled.webp?resize=284%2C600&amp;ssl=1 284w, https:\/\/i0.wp.com\/www.pourquoi-pas-nous.com\/wp-content\/uploads\/2023\/11\/20211001_115551-scaled.webp?resize=757%2C1600&amp;ssl=1 757w, https:\/\/i0.wp.com\/www.pourquoi-pas-nous.com\/wp-content\/uploads\/2023\/11\/20211001_115551-scaled.webp?resize=242%2C512&amp;ssl=1 242w, https:\/\/i0.wp.com\/www.pourquoi-pas-nous.com\/wp-content\/uploads\/2023\/11\/20211001_115551-scaled.webp?resize=568%2C1200&amp;ssl=1 568w, https:\/\/i0.wp.com\/www.pourquoi-pas-nous.com\/wp-content\/uploads\/2023\/11\/20211001_115551-scaled.webp?resize=768%2C1623&amp;ssl=1 768w, https:\/\/i0.wp.com\/www.pourquoi-pas-nous.com\/wp-content\/uploads\/2023\/11\/20211001_115551-scaled.webp?resize=727%2C1536&amp;ssl=1 727w\" sizes=\"(max-width: 800px) 100vw, 800px\" \/><\/figure>\n\n\n\n<figure class=\"wp-block-image size-full\"><img data-recalc-dims=\"1\" data-dominant-color=\"776b66\" data-has-transparency=\"false\" style=\"--dominant-color: #776b66;\" loading=\"lazy\" decoding=\"async\" width=\"800\" height=\"379\" data-id=\"45785\" src=\"https:\/\/i0.wp.com\/www.pourquoi-pas-nous.com\/wp-content\/uploads\/2023\/11\/20211001_115236-scaled.webp?resize=800%2C379&#038;ssl=1\" alt=\"\" class=\"wp-image-45785 not-transparent\" title=\"\" srcset=\"https:\/\/i0.wp.com\/www.pourquoi-pas-nous.com\/wp-content\/uploads\/2023\/11\/20211001_115236-scaled.webp?w=2048&amp;ssl=1 2048w, https:\/\/i0.wp.com\/www.pourquoi-pas-nous.com\/wp-content\/uploads\/2023\/11\/20211001_115236-scaled.webp?resize=400%2C189&amp;ssl=1 400w, https:\/\/i0.wp.com\/www.pourquoi-pas-nous.com\/wp-content\/uploads\/2023\/11\/20211001_115236-scaled.webp?resize=1200%2C568&amp;ssl=1 1200w, https:\/\/i0.wp.com\/www.pourquoi-pas-nous.com\/wp-content\/uploads\/2023\/11\/20211001_115236-scaled.webp?resize=512%2C242&amp;ssl=1 512w, https:\/\/i0.wp.com\/www.pourquoi-pas-nous.com\/wp-content\/uploads\/2023\/11\/20211001_115236-scaled.webp?resize=768%2C363&amp;ssl=1 768w, https:\/\/i0.wp.com\/www.pourquoi-pas-nous.com\/wp-content\/uploads\/2023\/11\/20211001_115236-scaled.webp?resize=1536%2C727&amp;ssl=1 1536w, https:\/\/i0.wp.com\/www.pourquoi-pas-nous.com\/wp-content\/uploads\/2023\/11\/20211001_115236-scaled.webp?w=1600&amp;ssl=1 1600w\" sizes=\"(max-width: 800px) 100vw, 800px\" \/><\/figure>\n<\/figure>\n\n<h2 class=\"wp-block-heading\">Au-del\u00e0 du march\u00e9 : explorez les environs<\/h2>\n\n<p>Apr\u00e8s votre visite, promenez-vous dans les ruelles environnantes. Vous y trouverez de charmants caf\u00e9s et des restaurants o\u00f9 vous pourrez d\u00e9guster les produits frais que vous avez achet\u00e9s. C&#8217;est l&#8217;occasion parfaite pour s&#8217;immerger dans l&#8217;ambiance locale et appr\u00e9cier la vie quotidienne des Valenciens. Nous nous sommes pos\u00e9s \u00e0 100m au sud du march\u00e9, sur <a href=\"https:\/\/maps.app.goo.gl\/k8LwyRw5mkrCfonY8\" target=\"_blank\" rel=\"noreferrer noopener\">une petite place avec un parc pour enfant<\/a>. Parfait pour manger et laisser notre fille faire de la balan\u00e7oire apr\u00e8s une matin\u00e9e de visite. <\/p>\n\n<p>Vous pourrez aussi visiter facilement la loge de la soie, situ\u00e9e juste en face et la fameuse cath\u00e9drale <a href=\"https:\/\/www.pourquoi-pas-nous.com\/it\/visita-cattedrale-sainta-maria-valence\/\" data-type=\"post\" data-id=\"44616\">Cath\u00e9drale Sainte-Marie<\/a> \u00e0 400 m\u00e8tres.<\/p>\n\n<p>Comme vous l&#8217;aurez compris, nous avons ador\u00e9 notre visite de ce march\u00e9. Nous vous recommandons vivement de l&#8217;ajouter \u00e0 votre itin\u00e9raire. C&#8217;est sans doute l&#8217;un des march\u00e9s les plus impressionnants que nous ayons eu le plaisir de visiter.<\/p>\n\n<p>Non esitate a <strong>scriverci<\/strong> qui sotto per farci sapere se state programmando questo viaggio, per <strong>farci<\/strong> domande o per <strong>condividere<\/strong> i vostri pensieri sui social network<a href=\"https:\/\/www.instagram.com\/pourquoipasnous_voyage\/\" target=\"_blank\" rel=\"noreferrer noopener\">(il nostro Instagram<\/a>): saremo lieti di rispondervi!<\/p>\n<div style='text-align:right' class='yasr-auto-insert-visitor'><\/div>","protected":false},"excerpt":{"rendered":"<p>Se vi trovate a Valencia, una parte essenziale del vostro soggiorno deve essere una visita al Mercato Centrale, o &#8220;Mercado Central&#8221; in spagnolo. Cuore della citt\u00e0, questo luogo emblematico \u00e8 molto pi\u00f9 di un semplice mercato alimentare. \u00c8 qui che batte il polso della citt\u00e0, un luogo dove cultura, tradizione e vita moderna si fondono [&hellip;]<\/p>\n","protected":false},"author":1,"featured_media":45813,"comment_status":"open","ping_status":"closed","sticky":false,"template":"","format":"standard","meta":{"_acf_changed":false,"_wp_convertkit_post_meta":{"form":"-1","landing_page":"0","tag":"0","restrict_content":"0"},"jetpack_post_was_ever_published":false,"yasr_overall_rating":0,"yasr_post_is_review":"","yasr_auto_insert_disabled":"","yasr_review_type":"","_jetpack_newsletter_access":"","_jetpack_dont_email_post_to_subs":false,"_jetpack_newsletter_tier_id":0,"_jetpack_memberships_contains_paywalled_content":false,"_jetpack_memberships_contains_paid_content":false,"footnotes":""},"categories":[119,118,55],"tags":[],"class_list":["post-46343","post","type-post","status-publish","format-standard","has-post-thumbnail","hentry","category-valence","category-espagne","category-guides-voyage"],"acf":[],"_wp_attached_file":null,"_wp_attachment_image_alt":null,"rank_math_primary_category":"119","rank_math_title":"Mercato Centrale di Valencia: consigli e atmosfera unica","rank_math_description":"Scopri i nostri consigli per visitare il Mercato Centrale di Valencia e immergiti nell'atmosfera unica del mercato. Pianifica la tua visita ora! #mercato-centrale-valencia","rank_math_focus_keyword":"march\u00e9 central de valence,mercado central valence","yasr_visitor_votes":{"stars_attributes":{"read_only":false,"span_bottom":false},"number_of_votes":0,"sum_votes":0},"jetpack_featured_media_url":"https:\/\/i0.wp.com\/www.pourquoi-pas-nous.com\/wp-content\/uploads\/2023\/11\/20221016_164359-scaled.webp?fit=2048%2C969&ssl=1","jetpack_sharing_enabled":true,"_links":{"self":[{"href":"https:\/\/www.pourquoi-pas-nous.com\/it\/wp-json\/wp\/v2\/posts\/46343","targetHints":{"allow":["GET"]}}],"collection":[{"href":"https:\/\/www.pourquoi-pas-nous.com\/it\/wp-json\/wp\/v2\/posts"}],"about":[{"href":"https:\/\/www.pourquoi-pas-nous.com\/it\/wp-json\/wp\/v2\/types\/post"}],"author":[{"embeddable":true,"href":"https:\/\/www.pourquoi-pas-nous.com\/it\/wp-json\/wp\/v2\/users\/1"}],"replies":[{"embeddable":true,"href":"https:\/\/www.pourquoi-pas-nous.com\/it\/wp-json\/wp\/v2\/comments?post=46343"}],"version-history":[{"count":4,"href":"https:\/\/www.pourquoi-pas-nous.com\/it\/wp-json\/wp\/v2\/posts\/46343\/revisions"}],"predecessor-version":[{"id":65918,"href":"https:\/\/www.pourquoi-pas-nous.com\/it\/wp-json\/wp\/v2\/posts\/46343\/revisions\/65918"}],"wp:featuredmedia":[{"embeddable":true,"href":"https:\/\/www.pourquoi-pas-nous.com\/it\/wp-json\/wp\/v2\/media\/45813"}],"wp:attachment":[{"href":"https:\/\/www.pourquoi-pas-nous.com\/it\/wp-json\/wp\/v2\/media?parent=46343"}],"wp:term":[{"taxonomy":"category","embeddable":true,"href":"https:\/\/www.pourquoi-pas-nous.com\/it\/wp-json\/wp\/v2\/categories?post=46343"},{"taxonomy":"post_tag","embeddable":true,"href":"https:\/\/www.pourquoi-pas-nous.com\/it\/wp-json\/wp\/v2\/tags?post=46343"}],"curies":[{"name":"wp","href":"https:\/\/api.w.org\/{rel}","templated":true}]}}