{"id":49382,"date":"2023-12-11T16:31:57","date_gmt":"2023-12-11T15:31:57","guid":{"rendered":"https:\/\/www.pourquoi-pas-nous.com\/week-end-lac-de-come\/"},"modified":"2025-12-11T17:26:51","modified_gmt":"2025-12-11T15:26:51","slug":"week-end-lac-de-come","status":"publish","type":"post","link":"https:\/\/www.pourquoi-pas-nous.com\/it\/week-end-lac-de-come\/","title":{"rendered":"Weekend sul Lago di Como: il nostro itinerario dettagliato"},"content":{"rendered":"\n<p>Una visita al <strong>Lago di Como<\/strong> \u00e8 una tappa obbligata del vostro viaggio nel <strong>nord<\/strong> Italia. Questo splendido lago, il terzo pi\u00f9 grande d&#8217;Italia, \u00e8 un tesoro della Lombardia, situato a meno di un&#8217;ora da Milano. Circondato da maestose montagne e punteggiato da incantevoli villaggi, il lago \u00e8 costeggiato da eleganti ville e giardini lussureggianti. La sua incredibile ambientazione ha attirato anche il cinema, con apparizioni in film iconici come<strong>&#8220;Star Wars<\/strong>&#8221; e<strong>&#8220;Casino Royale<\/strong>&#8221; di James Bond.<\/p>\n\n<figure class=\"wp-block-image size-large\"><img data-recalc-dims=\"1\" data-dominant-color=\"677778\" data-has-transparency=\"false\" style=\"--dominant-color: #677778;\" fetchpriority=\"high\" decoding=\"async\" width=\"800\" height=\"491\" src=\"https:\/\/i0.wp.com\/www.pourquoi-pas-nous.com\/wp-content\/uploads\/2025\/04\/3500448.jpg?resize=800%2C491&#038;ssl=1\" alt=\"lac de come\" class=\"wp-image-65647 not-transparent\" title=\"\" srcset=\"https:\/\/i0.wp.com\/www.pourquoi-pas-nous.com\/wp-content\/uploads\/2025\/04\/3500448.jpg?resize=1200%2C736&amp;ssl=1 1200w, https:\/\/i0.wp.com\/www.pourquoi-pas-nous.com\/wp-content\/uploads\/2025\/04\/3500448.jpg?resize=400%2C245&amp;ssl=1 400w, https:\/\/i0.wp.com\/www.pourquoi-pas-nous.com\/wp-content\/uploads\/2025\/04\/3500448.jpg?w=1280&amp;ssl=1 1280w\" sizes=\"(max-width: 800px) 100vw, 800px\" \/><\/figure>\n\n<p>In questo articolo condividiamo con te <strong>tutte le informazioni essenziali<\/strong> per preparare il tuo prossimo weekend sul Lago di Como.  <\/p>\n\n<p>Scoprite i luoghi imperdibili in 2 giorni, le attivit\u00e0 da non perdere e i consigli dei nostri esperti, il tutto accompagnato dal nostro itinerario personalizzato su mappa.<\/p>\n\n<h2 class=\"wp-block-heading\">Il nostro itinerario per un weekend sul Lago di Como sulla nostra mappa<\/h2>\n\n<p>Di seguito vi proponiamo un itinerario &#8220;chiavi in mano&#8221; per i vostri 2 giorni sul Lago di Como. Abbiamo soggiornato per 3 giorni e abbiamo ricevuto molte domande su come visitare il Lago di Como in 2 giorni, quindi abbiamo mantenuto i nostri must per questo articolo. Se vi fermate pi\u00f9 a lungo, abbiamo scritto un articolo sul <a href=\"https:\/\/www.pourquoi-pas-nous.com\/it\/visitare-lago-como\/\" data-type=\"post\" data-id=\"2492\">nostro itinerario di 3 giorni sul Lago di Como<\/a>.<\/p>\n\n<p>Abbiamo scelto <strong>Como<\/strong> come base perch\u00e9 si trova sulla sponda meridionale del Lago di Como ed \u00e8 la citt\u00e0 pi\u00f9 vicina all&#8217;aeroporto di Milano. Dal suo porto si pu\u00f2 facilmente esplorare il lago in barca. Infine, riteniamo che sia una citt\u00e0 davvero affascinante, da visitare assolutamente.<\/p>\n\n<p>&#x1f3e8; Ti consigliamo di trascorrere <strong>2 notti a Como;<\/strong> se hai a disposizione solo 1 notte sul Lago di Como, puoi iniziare il nostro itinerario direttamente dal sabato mattina.<\/p>\n\n<p>Durante il vostro weekend, vi consigliamo di visitare i <strong>pittoreschi villaggi<\/strong> intorno al lago. Alcune <strong>ville <\/strong>sono veri e propri gioielli architettonici, immersi in giardini lussureggianti e con viste spettacolari sul lago e sulle montagne circostanti.  <\/p>\n\n<p>Ogni villa ha una propria storia, che riflette la ricchezza e l&#8217;eleganza della regione, con facciate eleganti e interni sontuosi. Queste case, spesso circondate da giardini romantici e terrazze ombreggiate, sono tra le pi\u00f9 famose al mondo.  <\/p>\n\n<iframe src=\"https:\/\/www.google.com\/maps\/d\/u\/2\/embed?mid=1MAhIVwy2reztUcHUy5C5aFY-EbwY-xU&#038;ehbc=2E312F\" width=\"640\" height=\"480\"><\/iframe>\n\n<figure class=\"wp-block-gallery has-nested-images columns-default is-cropped wp-block-gallery-2 is-layout-flex wp-block-gallery-is-layout-flex\">\n<figure class=\"wp-block-image size-large\"><img data-recalc-dims=\"1\" data-dominant-color=\"8c8984\" data-has-transparency=\"false\" style=\"--dominant-color: #8c8984;\" decoding=\"async\" width=\"800\" height=\"600\" data-id=\"48876\" src=\"https:\/\/i0.wp.com\/www.pourquoi-pas-nous.com\/wp-content\/uploads\/2019\/08\/IMG_20180413_161118-1200x900.webp?resize=800%2C600&#038;ssl=1\" alt=\"lac de c&#xF4;me\" class=\"wp-image-48876 not-transparent\" title=\"\" srcset=\"https:\/\/i0.wp.com\/www.pourquoi-pas-nous.com\/wp-content\/uploads\/2019\/08\/IMG_20180413_161118-scaled.webp?resize=1200%2C900&amp;ssl=1 1200w, https:\/\/i0.wp.com\/www.pourquoi-pas-nous.com\/wp-content\/uploads\/2019\/08\/IMG_20180413_161118-scaled.webp?resize=400%2C300&amp;ssl=1 400w, https:\/\/i0.wp.com\/www.pourquoi-pas-nous.com\/wp-content\/uploads\/2019\/08\/IMG_20180413_161118-scaled.webp?resize=512%2C384&amp;ssl=1 512w, https:\/\/i0.wp.com\/www.pourquoi-pas-nous.com\/wp-content\/uploads\/2019\/08\/IMG_20180413_161118-scaled.webp?resize=768%2C576&amp;ssl=1 768w, https:\/\/i0.wp.com\/www.pourquoi-pas-nous.com\/wp-content\/uploads\/2019\/08\/IMG_20180413_161118-scaled.webp?resize=1536%2C1152&amp;ssl=1 1536w, https:\/\/i0.wp.com\/www.pourquoi-pas-nous.com\/wp-content\/uploads\/2019\/08\/IMG_20180413_161118-scaled.webp?w=2048&amp;ssl=1 2048w, https:\/\/i0.wp.com\/www.pourquoi-pas-nous.com\/wp-content\/uploads\/2019\/08\/IMG_20180413_161118-scaled.webp?w=1600&amp;ssl=1 1600w\" sizes=\"(max-width: 800px) 100vw, 800px\" \/><\/figure>\n<\/figure>\n\n<h3 class=\"wp-block-heading\"><strong>Venerd\u00ec sera : Arrivo a Como da Milano<\/strong><\/h3>\n\n<p>Dopo aver ritirato la tua auto a noleggio all&#8217;<strong>aeroporto di Milano<\/strong>, parti in direzione del Lago di Como, raggiungendo la citt\u00e0 di Como in poco pi\u00f9 di un&#8217;ora di auto.<\/p>\n\n<p>&#x1f17f;&#xfe0f; Ti consigliamo di parcheggiare fuori dal centro, verso <strong>Villa Olmo<\/strong>, dove ci sono diversi parcheggi gratuiti. Il <strong>Parcheggio Serra di Villa del Grumello <\/strong>si trova a 10 minuti a piedi dal centro.<\/p>\n\n<p>Un&#8217;altra opzione per andare da Milano al Lago di Como \u00e8 il <strong>treno<\/strong>. Le partenze sono dalla Stazione Centrale <strong>di Milano<\/strong>. Questi treni, gestiti da <strong><a href=\"https:\/\/www.trenitalia.com\/trenitalia-france.html\" target=\"_blank\" rel=\"noreferrer noopener\">Trenitalia<\/a><\/strong>ti portano alla stazione di Como <strong>S. Giovanni<\/strong> in circa 40 minuti. I biglietti costano circa 20 euro. Una volta arrivati, il centro di Como \u00e8 a soli dieci minuti di distanza.<\/p>\n\n<p>Poi si trasferisce a casa sua. Godetevi la prima serata passeggiando lungo il lago e cenando in uno dei ristoranti. Vi consigliamo il seguente locale: <strong>Pronobis<\/strong>: un indirizzo nel centro storico che non sembra molto, ma una volta entrati avviene la magia: ottimi prodotti, ottimi vini, il tutto in un ambiente accogliente! Non \u00e8 un brutto posto per iniziare il weekend!<\/p>\n\n<figure class=\"wp-block-gallery has-nested-images columns-default is-cropped wp-block-gallery-3 is-layout-flex wp-block-gallery-is-layout-flex\">\n<figure class=\"wp-block-image size-large\"><img data-recalc-dims=\"1\" data-dominant-color=\"9a9a95\" data-has-transparency=\"false\" style=\"--dominant-color: #9a9a95;\" decoding=\"async\" width=\"800\" height=\"593\" data-id=\"8311\" src=\"https:\/\/i0.wp.com\/www.pourquoi-pas-nous.com\/wp-content\/uploads\/2022\/11\/cathedral-come.webp?resize=800%2C593&#038;ssl=1\" alt=\"cattedrale di venere\" class=\"wp-image-8311 not-transparent\" title=\"\" srcset=\"https:\/\/i0.wp.com\/www.pourquoi-pas-nous.com\/wp-content\/uploads\/2022\/11\/cathedral-come.webp?resize=1200%2C890&amp;ssl=1 1200w, https:\/\/i0.wp.com\/www.pourquoi-pas-nous.com\/wp-content\/uploads\/2022\/11\/cathedral-come.webp?resize=400%2C297&amp;ssl=1 400w, https:\/\/i0.wp.com\/www.pourquoi-pas-nous.com\/wp-content\/uploads\/2022\/11\/cathedral-come.webp?resize=512%2C380&amp;ssl=1 512w, https:\/\/i0.wp.com\/www.pourquoi-pas-nous.com\/wp-content\/uploads\/2022\/11\/cathedral-come.webp?resize=768%2C569&amp;ssl=1 768w, https:\/\/i0.wp.com\/www.pourquoi-pas-nous.com\/wp-content\/uploads\/2022\/11\/cathedral-come.webp?w=1381&amp;ssl=1 1381w\" sizes=\"(max-width: 800px) 100vw, 800px\" \/><\/figure>\n\n\n\n<figure class=\"wp-block-image size-large\"><img data-recalc-dims=\"1\" data-dominant-color=\"926d62\" data-has-transparency=\"false\" style=\"--dominant-color: #926d62;\" loading=\"lazy\" decoding=\"async\" width=\"800\" height=\"1067\" data-id=\"49899\" src=\"https:\/\/i0.wp.com\/www.pourquoi-pas-nous.com\/wp-content\/uploads\/2023\/12\/P1050120-900x1200.webp?resize=800%2C1067&#038;ssl=1\" alt=\"lac de come\" class=\"wp-image-49899 not-transparent\" title=\"\" srcset=\"https:\/\/i0.wp.com\/www.pourquoi-pas-nous.com\/wp-content\/uploads\/2023\/12\/P1050120-scaled.webp?resize=900%2C1200&amp;ssl=1 900w, https:\/\/i0.wp.com\/www.pourquoi-pas-nous.com\/wp-content\/uploads\/2023\/12\/P1050120-scaled.webp?resize=400%2C533&amp;ssl=1 400w, https:\/\/i0.wp.com\/www.pourquoi-pas-nous.com\/wp-content\/uploads\/2023\/12\/P1050120-scaled.webp?resize=1200%2C1600&amp;ssl=1 1200w, https:\/\/i0.wp.com\/www.pourquoi-pas-nous.com\/wp-content\/uploads\/2023\/12\/P1050120-scaled.webp?resize=384%2C512&amp;ssl=1 384w, https:\/\/i0.wp.com\/www.pourquoi-pas-nous.com\/wp-content\/uploads\/2023\/12\/P1050120-scaled.webp?resize=768%2C1024&amp;ssl=1 768w, https:\/\/i0.wp.com\/www.pourquoi-pas-nous.com\/wp-content\/uploads\/2023\/12\/P1050120-scaled.webp?resize=1152%2C1536&amp;ssl=1 1152w, https:\/\/i0.wp.com\/www.pourquoi-pas-nous.com\/wp-content\/uploads\/2023\/12\/P1050120-scaled.webp?w=1536&amp;ssl=1 1536w\" sizes=\"(max-width: 800px) 100vw, 800px\" \/><\/figure>\n\n\n\n<figure class=\"wp-block-image size-large\"><img data-recalc-dims=\"1\" data-dominant-color=\"736d66\" data-has-transparency=\"false\" style=\"--dominant-color: #736d66;\" loading=\"lazy\" decoding=\"async\" width=\"800\" height=\"600\" data-id=\"49920\" src=\"https:\/\/i0.wp.com\/www.pourquoi-pas-nous.com\/wp-content\/uploads\/2023\/12\/P1050161-1200x900.webp?resize=800%2C600&#038;ssl=1\" alt=\"cattedrale di venere\" class=\"wp-image-49920 not-transparent\" title=\"\" srcset=\"https:\/\/i0.wp.com\/www.pourquoi-pas-nous.com\/wp-content\/uploads\/2023\/12\/P1050161-scaled.webp?resize=1200%2C900&amp;ssl=1 1200w, https:\/\/i0.wp.com\/www.pourquoi-pas-nous.com\/wp-content\/uploads\/2023\/12\/P1050161-scaled.webp?resize=400%2C300&amp;ssl=1 400w, https:\/\/i0.wp.com\/www.pourquoi-pas-nous.com\/wp-content\/uploads\/2023\/12\/P1050161-scaled.webp?resize=512%2C384&amp;ssl=1 512w, https:\/\/i0.wp.com\/www.pourquoi-pas-nous.com\/wp-content\/uploads\/2023\/12\/P1050161-scaled.webp?resize=768%2C576&amp;ssl=1 768w, https:\/\/i0.wp.com\/www.pourquoi-pas-nous.com\/wp-content\/uploads\/2023\/12\/P1050161-scaled.webp?resize=1536%2C1152&amp;ssl=1 1536w, https:\/\/i0.wp.com\/www.pourquoi-pas-nous.com\/wp-content\/uploads\/2023\/12\/P1050161-scaled.webp?w=2048&amp;ssl=1 2048w, https:\/\/i0.wp.com\/www.pourquoi-pas-nous.com\/wp-content\/uploads\/2023\/12\/P1050161-scaled.webp?w=1600&amp;ssl=1 1600w\" sizes=\"(max-width: 800px) 100vw, 800px\" \/><\/figure>\n<\/figure>\n\n<h3 class=\"wp-block-heading\"><strong>Sabato mattina: esplorazione di Bellagio e Varenna in battello<\/strong><\/h3>\n\n<p>Si consiglia di visitare l&#8217;incantevole borgo di <a href=\"https:\/\/www.pourquoi-pas-nous.com\/it\/visita-bellagio-italy\/\" data-type=\"post\" data-id=\"1905\">Bellagio<\/a> e poi l&#8217;incantevole borgo di Varanna.  <\/p>\n\n<p>&#x1f6a4; Prendi <strong>il battello da Como<\/strong> per un&#8217;esperienza pittoresca fino a Bellagio. L&#8217;attraversamento offre una magnifica vista sul lago, lontano dallo stress del parcheggio.<\/p>\n\n<figure class=\"wp-block-gallery has-nested-images columns-default is-cropped wp-block-gallery-4 is-layout-flex wp-block-gallery-is-layout-flex\">\n<figure class=\"wp-block-image size-large\"><img data-recalc-dims=\"1\" data-dominant-color=\"5f6b7f\" data-has-transparency=\"false\" style=\"--dominant-color: #5f6b7f;\" loading=\"lazy\" decoding=\"async\" width=\"800\" height=\"600\" data-id=\"50008\" src=\"https:\/\/i0.wp.com\/www.pourquoi-pas-nous.com\/wp-content\/uploads\/2023\/12\/P1050321-1200x900.webp?resize=800%2C600&#038;ssl=1\" alt=\"lago di varenna\" class=\"wp-image-50008 not-transparent\" title=\"\" srcset=\"https:\/\/i0.wp.com\/www.pourquoi-pas-nous.com\/wp-content\/uploads\/2023\/12\/P1050321-scaled.webp?resize=1200%2C900&amp;ssl=1 1200w, https:\/\/i0.wp.com\/www.pourquoi-pas-nous.com\/wp-content\/uploads\/2023\/12\/P1050321-scaled.webp?resize=400%2C300&amp;ssl=1 400w, https:\/\/i0.wp.com\/www.pourquoi-pas-nous.com\/wp-content\/uploads\/2023\/12\/P1050321-scaled.webp?resize=512%2C384&amp;ssl=1 512w, https:\/\/i0.wp.com\/www.pourquoi-pas-nous.com\/wp-content\/uploads\/2023\/12\/P1050321-scaled.webp?resize=768%2C576&amp;ssl=1 768w, https:\/\/i0.wp.com\/www.pourquoi-pas-nous.com\/wp-content\/uploads\/2023\/12\/P1050321-scaled.webp?resize=1536%2C1152&amp;ssl=1 1536w, https:\/\/i0.wp.com\/www.pourquoi-pas-nous.com\/wp-content\/uploads\/2023\/12\/P1050321-scaled.webp?w=2048&amp;ssl=1 2048w, https:\/\/i0.wp.com\/www.pourquoi-pas-nous.com\/wp-content\/uploads\/2023\/12\/P1050321-scaled.webp?w=1600&amp;ssl=1 1600w\" sizes=\"(max-width: 800px) 100vw, 800px\" \/><\/figure>\n<\/figure>\n\n<p>Esplorate <strong>Bellagio<\/strong> al mattino. \u00c8 uno dei <strong>villaggi pi\u00f9 belli<\/strong> (alcuni direbbero il pi\u00f9 bello) del Lago di Como, ed \u00e8 facile capire perch\u00e9! Passeggiate per le sue affascinanti e colorate strade, visitate i suoi lussureggianti giardini e sorseggiate un caff\u00e8 su una terrazza soleggiata in riva al mare.<\/p>\n\n<p>Poi dirigetevi verso <a href=\"https:\/\/www.pourquoi-pas-nous.com\/it\/varenna-lac-come\/\" data-type=\"post\" data-id=\"5180\">Varenna<\/a>. Questo pittoresco villaggio \u00e8 il nostro preferito, perch\u00e9 lo abbiamo trovato pi\u00f9 autentico di Bellagio. Ci \u00e8 piaciuta molto anche la cornice e l&#8217;affascinante porticciolo di Varenna. \u00c8 ora di fare una pausa pranzo. Godetevi un pasto in uno dei ristoranti locali, dove le specialit\u00e0 del lago sono al primo posto.<\/p>\n\n<p><em><strong>Barche <\/strong>: Trovate tutte le informazioni necessarie su orari e prezzi delle barche sul sito della <a href=\"https:\/\/www.navigazionelaghi.it\/risultati-di-ricerca\/\" target=\"_blank\" rel=\"noreferrer noopener\">Navigazion Lago Como<\/a>. (circa 15 euro per un giorno).<\/em><\/p>\n\n<figure class=\"wp-block-gallery has-nested-images columns-default is-cropped wp-block-gallery-5 is-layout-flex wp-block-gallery-is-layout-flex\">\n<figure class=\"wp-block-image size-large\"><img data-recalc-dims=\"1\" data-dominant-color=\"6c5c50\" data-has-transparency=\"false\" style=\"--dominant-color: #6c5c50;\" loading=\"lazy\" decoding=\"async\" width=\"768\" height=\"1024\" data-id=\"2532\" src=\"https:\/\/i0.wp.com\/www.pourquoi-pas-nous.com\/wp-content\/uploads\/2019\/08\/IMG_20180414_115015-jpg-webp.webp?resize=768%2C1024&#038;ssl=1\" alt=\"\" class=\"wp-image-2532 not-transparent\" title=\"\" srcset=\"https:\/\/i0.wp.com\/www.pourquoi-pas-nous.com\/wp-content\/uploads\/2019\/08\/IMG_20180414_115015-jpg-webp.webp?w=768&amp;ssl=1 768w, https:\/\/i0.wp.com\/www.pourquoi-pas-nous.com\/wp-content\/uploads\/2019\/08\/IMG_20180414_115015-jpg-webp.webp?resize=400%2C533&amp;ssl=1 400w, https:\/\/i0.wp.com\/www.pourquoi-pas-nous.com\/wp-content\/uploads\/2019\/08\/IMG_20180414_115015-jpg-webp.webp?resize=384%2C512&amp;ssl=1 384w\" sizes=\"(max-width: 768px) 100vw, 768px\" \/><\/figure>\n\n\n\n<figure class=\"wp-block-image size-large\"><img data-recalc-dims=\"1\" data-dominant-color=\"585c61\" data-has-transparency=\"false\" style=\"--dominant-color: #585c61;\" loading=\"lazy\" decoding=\"async\" width=\"800\" height=\"600\" data-id=\"50024\" src=\"https:\/\/i0.wp.com\/www.pourquoi-pas-nous.com\/wp-content\/uploads\/2023\/12\/P1050359-1200x900.webp?resize=800%2C600&#038;ssl=1\" alt=\"lago di varenna\" class=\"wp-image-50024 not-transparent\" title=\"\" srcset=\"https:\/\/i0.wp.com\/www.pourquoi-pas-nous.com\/wp-content\/uploads\/2023\/12\/P1050359-scaled.webp?resize=1200%2C900&amp;ssl=1 1200w, https:\/\/i0.wp.com\/www.pourquoi-pas-nous.com\/wp-content\/uploads\/2023\/12\/P1050359-scaled.webp?resize=400%2C300&amp;ssl=1 400w, https:\/\/i0.wp.com\/www.pourquoi-pas-nous.com\/wp-content\/uploads\/2023\/12\/P1050359-scaled.webp?resize=512%2C384&amp;ssl=1 512w, https:\/\/i0.wp.com\/www.pourquoi-pas-nous.com\/wp-content\/uploads\/2023\/12\/P1050359-scaled.webp?resize=768%2C576&amp;ssl=1 768w, https:\/\/i0.wp.com\/www.pourquoi-pas-nous.com\/wp-content\/uploads\/2023\/12\/P1050359-scaled.webp?resize=1536%2C1152&amp;ssl=1 1536w, https:\/\/i0.wp.com\/www.pourquoi-pas-nous.com\/wp-content\/uploads\/2023\/12\/P1050359-scaled.webp?w=2048&amp;ssl=1 2048w, https:\/\/i0.wp.com\/www.pourquoi-pas-nous.com\/wp-content\/uploads\/2023\/12\/P1050359-scaled.webp?w=1600&amp;ssl=1 1600w\" sizes=\"(max-width: 800px) 100vw, 800px\" \/><\/figure>\n\n\n\n<figure class=\"wp-block-image size-large\"><img data-recalc-dims=\"1\" data-dominant-color=\"5b575e\" data-has-transparency=\"false\" style=\"--dominant-color: #5b575e;\" loading=\"lazy\" decoding=\"async\" width=\"800\" height=\"600\" data-id=\"50044\" src=\"https:\/\/i0.wp.com\/www.pourquoi-pas-nous.com\/wp-content\/uploads\/2023\/12\/P1050376-1200x900.webp?resize=800%2C600&#038;ssl=1\" alt=\"lago di varenna\" class=\"wp-image-50044 not-transparent\" title=\"\" srcset=\"https:\/\/i0.wp.com\/www.pourquoi-pas-nous.com\/wp-content\/uploads\/2023\/12\/P1050376-scaled.webp?resize=1200%2C900&amp;ssl=1 1200w, https:\/\/i0.wp.com\/www.pourquoi-pas-nous.com\/wp-content\/uploads\/2023\/12\/P1050376-scaled.webp?resize=400%2C300&amp;ssl=1 400w, https:\/\/i0.wp.com\/www.pourquoi-pas-nous.com\/wp-content\/uploads\/2023\/12\/P1050376-scaled.webp?resize=512%2C384&amp;ssl=1 512w, https:\/\/i0.wp.com\/www.pourquoi-pas-nous.com\/wp-content\/uploads\/2023\/12\/P1050376-scaled.webp?resize=768%2C576&amp;ssl=1 768w, https:\/\/i0.wp.com\/www.pourquoi-pas-nous.com\/wp-content\/uploads\/2023\/12\/P1050376-scaled.webp?resize=1536%2C1152&amp;ssl=1 1536w, https:\/\/i0.wp.com\/www.pourquoi-pas-nous.com\/wp-content\/uploads\/2023\/12\/P1050376-scaled.webp?w=2048&amp;ssl=1 2048w, https:\/\/i0.wp.com\/www.pourquoi-pas-nous.com\/wp-content\/uploads\/2023\/12\/P1050376-scaled.webp?w=1600&amp;ssl=1 1600w\" sizes=\"(max-width: 800px) 100vw, 800px\" \/><\/figure>\n<\/figure>\n\n<figure class=\"wp-block-gallery has-nested-images columns-default is-cropped wp-block-gallery-6 is-layout-flex wp-block-gallery-is-layout-flex\">\n<figure class=\"wp-block-image size-large\"><img data-recalc-dims=\"1\" data-dominant-color=\"5f6067\" data-has-transparency=\"false\" style=\"--dominant-color: #5f6067;\" loading=\"lazy\" decoding=\"async\" width=\"800\" height=\"1067\" data-id=\"50029\" src=\"https:\/\/i0.wp.com\/www.pourquoi-pas-nous.com\/wp-content\/uploads\/2023\/12\/P1050363-900x1200.webp?resize=800%2C1067&#038;ssl=1\" alt=\"lago di varenna\" class=\"wp-image-50029 not-transparent\" title=\"\" srcset=\"https:\/\/i0.wp.com\/www.pourquoi-pas-nous.com\/wp-content\/uploads\/2023\/12\/P1050363-scaled.webp?resize=900%2C1200&amp;ssl=1 900w, https:\/\/i0.wp.com\/www.pourquoi-pas-nous.com\/wp-content\/uploads\/2023\/12\/P1050363-scaled.webp?resize=400%2C533&amp;ssl=1 400w, https:\/\/i0.wp.com\/www.pourquoi-pas-nous.com\/wp-content\/uploads\/2023\/12\/P1050363-scaled.webp?resize=1200%2C1600&amp;ssl=1 1200w, https:\/\/i0.wp.com\/www.pourquoi-pas-nous.com\/wp-content\/uploads\/2023\/12\/P1050363-scaled.webp?resize=384%2C512&amp;ssl=1 384w, https:\/\/i0.wp.com\/www.pourquoi-pas-nous.com\/wp-content\/uploads\/2023\/12\/P1050363-scaled.webp?resize=768%2C1024&amp;ssl=1 768w, https:\/\/i0.wp.com\/www.pourquoi-pas-nous.com\/wp-content\/uploads\/2023\/12\/P1050363-scaled.webp?resize=1152%2C1536&amp;ssl=1 1152w, https:\/\/i0.wp.com\/www.pourquoi-pas-nous.com\/wp-content\/uploads\/2023\/12\/P1050363-scaled.webp?w=1536&amp;ssl=1 1536w\" sizes=\"(max-width: 800px) 100vw, 800px\" \/><\/figure>\n\n\n\n<figure class=\"wp-block-image size-large\"><img data-recalc-dims=\"1\" data-dominant-color=\"525350\" data-has-transparency=\"false\" style=\"--dominant-color: #525350;\" loading=\"lazy\" decoding=\"async\" width=\"800\" height=\"1067\" data-id=\"50074\" src=\"https:\/\/i0.wp.com\/www.pourquoi-pas-nous.com\/wp-content\/uploads\/2023\/12\/P1050431-900x1200.webp?resize=800%2C1067&#038;ssl=1\" alt=\"lago di varenna\" class=\"wp-image-50074 not-transparent\" title=\"\" srcset=\"https:\/\/i0.wp.com\/www.pourquoi-pas-nous.com\/wp-content\/uploads\/2023\/12\/P1050431-scaled.webp?resize=900%2C1200&amp;ssl=1 900w, https:\/\/i0.wp.com\/www.pourquoi-pas-nous.com\/wp-content\/uploads\/2023\/12\/P1050431-scaled.webp?resize=400%2C533&amp;ssl=1 400w, https:\/\/i0.wp.com\/www.pourquoi-pas-nous.com\/wp-content\/uploads\/2023\/12\/P1050431-scaled.webp?resize=1200%2C1600&amp;ssl=1 1200w, https:\/\/i0.wp.com\/www.pourquoi-pas-nous.com\/wp-content\/uploads\/2023\/12\/P1050431-scaled.webp?resize=384%2C512&amp;ssl=1 384w, https:\/\/i0.wp.com\/www.pourquoi-pas-nous.com\/wp-content\/uploads\/2023\/12\/P1050431-scaled.webp?resize=768%2C1024&amp;ssl=1 768w, https:\/\/i0.wp.com\/www.pourquoi-pas-nous.com\/wp-content\/uploads\/2023\/12\/P1050431-scaled.webp?resize=1152%2C1536&amp;ssl=1 1152w, https:\/\/i0.wp.com\/www.pourquoi-pas-nous.com\/wp-content\/uploads\/2023\/12\/P1050431-scaled.webp?w=1536&amp;ssl=1 1536w\" sizes=\"(max-width: 800px) 100vw, 800px\" \/><\/figure>\n<\/figure>\n\n<figure class=\"wp-block-gallery has-nested-images columns-default is-cropped wp-block-gallery-7 is-layout-flex wp-block-gallery-is-layout-flex\">\n<figure class=\"wp-block-image size-large\"><img data-recalc-dims=\"1\" data-dominant-color=\"6a7180\" data-has-transparency=\"false\" style=\"--dominant-color: #6a7180;\" loading=\"lazy\" decoding=\"async\" width=\"800\" height=\"600\" data-id=\"50104\" src=\"https:\/\/i0.wp.com\/www.pourquoi-pas-nous.com\/wp-content\/uploads\/2023\/12\/P1050468-1200x900.webp?resize=800%2C600&#038;ssl=1\" alt=\"lago di varenna\" class=\"wp-image-50104 not-transparent\" title=\"\" srcset=\"https:\/\/i0.wp.com\/www.pourquoi-pas-nous.com\/wp-content\/uploads\/2023\/12\/P1050468-scaled.webp?resize=1200%2C900&amp;ssl=1 1200w, https:\/\/i0.wp.com\/www.pourquoi-pas-nous.com\/wp-content\/uploads\/2023\/12\/P1050468-scaled.webp?resize=400%2C300&amp;ssl=1 400w, https:\/\/i0.wp.com\/www.pourquoi-pas-nous.com\/wp-content\/uploads\/2023\/12\/P1050468-scaled.webp?resize=512%2C384&amp;ssl=1 512w, https:\/\/i0.wp.com\/www.pourquoi-pas-nous.com\/wp-content\/uploads\/2023\/12\/P1050468-scaled.webp?resize=768%2C576&amp;ssl=1 768w, https:\/\/i0.wp.com\/www.pourquoi-pas-nous.com\/wp-content\/uploads\/2023\/12\/P1050468-scaled.webp?resize=1536%2C1152&amp;ssl=1 1536w, https:\/\/i0.wp.com\/www.pourquoi-pas-nous.com\/wp-content\/uploads\/2023\/12\/P1050468-scaled.webp?w=2048&amp;ssl=1 2048w, https:\/\/i0.wp.com\/www.pourquoi-pas-nous.com\/wp-content\/uploads\/2023\/12\/P1050468-scaled.webp?w=1600&amp;ssl=1 1600w\" sizes=\"(max-width: 800px) 100vw, 800px\" \/><\/figure>\n<\/figure>\n\n<h3 class=\"wp-block-heading\">Sabato pomeriggio Villa Monastero e la vista da Chateau Vezio<\/h3>\n\n<p>Nel pomeriggio, scoprite <strong>Villa Monastero<\/strong>. Un tempo convento cistercense, il sito \u00e8 stato trasformato nel corso dei secoli per diventare un&#8217;imponente propriet\u00e0.  <\/p>\n\n<p>Questa \u00e8 una delle ville da visitare durante il vostro soggiorno sul Lago di Como. La villa \u00e8 aperta al pubblico e si possono visitare le sue 14 camere, incredibilmente ben arredate. Sarete anche piacevolmente sorpresi dal suo incredibile giardino: ci \u00e8 piaciuto molto passeggiare tra gli alberi da frutto e le palme, godendo della magnifica vista sul lago! In breve, un must!<\/p>\n\n<figure class=\"wp-block-gallery has-nested-images columns-default is-cropped wp-block-gallery-8 is-layout-flex wp-block-gallery-is-layout-flex\">\n<figure class=\"wp-block-image size-large\"><img data-recalc-dims=\"1\" height=\"600\" width=\"800\" data-dominant-color=\"748aa0\" data-has-transparency=\"false\" style=\"--dominant-color: #748aa0;\" decoding=\"async\" data-id=\"2531\" src=\"https:\/\/i0.wp.com\/www.pourquoi-pas-nous.com\/wp-content\/uploads\/2019\/08\/IMG_20180414_112456.webp?resize=800%2C600&#038;ssl=1\" alt=\"\" class=\"wp-image-2531 not-transparent\" title=\"\"><\/figure>\n\n\n\n<figure class=\"wp-block-image size-large\"><img data-recalc-dims=\"1\" data-dominant-color=\"57655b\" data-has-transparency=\"false\" style=\"--dominant-color: #57655b;\" loading=\"lazy\" decoding=\"async\" width=\"800\" height=\"600\" data-id=\"50064\" src=\"https:\/\/i0.wp.com\/www.pourquoi-pas-nous.com\/wp-content\/uploads\/2023\/12\/P1050400-1200x900.webp?resize=800%2C600&#038;ssl=1\" alt=\"lago di varenna\" class=\"wp-image-50064 not-transparent\" title=\"\" srcset=\"https:\/\/i0.wp.com\/www.pourquoi-pas-nous.com\/wp-content\/uploads\/2023\/12\/P1050400-scaled.webp?resize=1200%2C900&amp;ssl=1 1200w, https:\/\/i0.wp.com\/www.pourquoi-pas-nous.com\/wp-content\/uploads\/2023\/12\/P1050400-scaled.webp?resize=400%2C300&amp;ssl=1 400w, https:\/\/i0.wp.com\/www.pourquoi-pas-nous.com\/wp-content\/uploads\/2023\/12\/P1050400-scaled.webp?resize=512%2C384&amp;ssl=1 512w, https:\/\/i0.wp.com\/www.pourquoi-pas-nous.com\/wp-content\/uploads\/2023\/12\/P1050400-scaled.webp?resize=768%2C576&amp;ssl=1 768w, https:\/\/i0.wp.com\/www.pourquoi-pas-nous.com\/wp-content\/uploads\/2023\/12\/P1050400-scaled.webp?resize=1536%2C1152&amp;ssl=1 1536w, https:\/\/i0.wp.com\/www.pourquoi-pas-nous.com\/wp-content\/uploads\/2023\/12\/P1050400-scaled.webp?w=2048&amp;ssl=1 2048w, https:\/\/i0.wp.com\/www.pourquoi-pas-nous.com\/wp-content\/uploads\/2023\/12\/P1050400-scaled.webp?w=1600&amp;ssl=1 1600w\" sizes=\"(max-width: 800px) 100vw, 800px\" \/><\/figure>\n<\/figure>\n\n<figure class=\"wp-block-gallery has-nested-images columns-default is-cropped wp-block-gallery-9 is-layout-flex wp-block-gallery-is-layout-flex\">\n<figure class=\"wp-block-image size-large\"><img data-recalc-dims=\"1\" data-dominant-color=\"72889d\" data-has-transparency=\"false\" style=\"--dominant-color: #72889d;\" loading=\"lazy\" decoding=\"async\" width=\"800\" height=\"600\" data-id=\"50054\" src=\"https:\/\/i0.wp.com\/www.pourquoi-pas-nous.com\/wp-content\/uploads\/2023\/12\/P1050387-1200x900.webp?resize=800%2C600&#038;ssl=1\" alt=\"lago di varenna\" class=\"wp-image-50054 not-transparent\" title=\"\" srcset=\"https:\/\/i0.wp.com\/www.pourquoi-pas-nous.com\/wp-content\/uploads\/2023\/12\/P1050387-scaled.webp?resize=1200%2C900&amp;ssl=1 1200w, https:\/\/i0.wp.com\/www.pourquoi-pas-nous.com\/wp-content\/uploads\/2023\/12\/P1050387-scaled.webp?resize=400%2C300&amp;ssl=1 400w, https:\/\/i0.wp.com\/www.pourquoi-pas-nous.com\/wp-content\/uploads\/2023\/12\/P1050387-scaled.webp?resize=512%2C384&amp;ssl=1 512w, https:\/\/i0.wp.com\/www.pourquoi-pas-nous.com\/wp-content\/uploads\/2023\/12\/P1050387-scaled.webp?resize=768%2C576&amp;ssl=1 768w, https:\/\/i0.wp.com\/www.pourquoi-pas-nous.com\/wp-content\/uploads\/2023\/12\/P1050387-scaled.webp?resize=1536%2C1152&amp;ssl=1 1536w, https:\/\/i0.wp.com\/www.pourquoi-pas-nous.com\/wp-content\/uploads\/2023\/12\/P1050387-scaled.webp?w=2048&amp;ssl=1 2048w, https:\/\/i0.wp.com\/www.pourquoi-pas-nous.com\/wp-content\/uploads\/2023\/12\/P1050387-scaled.webp?w=1600&amp;ssl=1 1600w\" sizes=\"(max-width: 800px) 100vw, 800px\" \/><\/figure>\n\n\n\n<figure class=\"wp-block-image size-large\"><img data-recalc-dims=\"1\" data-dominant-color=\"a1927e\" data-has-transparency=\"false\" style=\"--dominant-color: #a1927e;\" loading=\"lazy\" decoding=\"async\" width=\"800\" height=\"533\" data-id=\"49340\" src=\"https:\/\/i0.wp.com\/www.pourquoi-pas-nous.com\/wp-content\/uploads\/2023\/12\/014-scaled-1-1200x799.webp?resize=800%2C533&#038;ssl=1\" alt=\"Villa Monastero varenna\" class=\"wp-image-49340 not-transparent\" title=\"\" srcset=\"https:\/\/i0.wp.com\/www.pourquoi-pas-nous.com\/wp-content\/uploads\/2023\/12\/014-scaled-1-scaled.webp?resize=1200%2C799&amp;ssl=1 1200w, https:\/\/i0.wp.com\/www.pourquoi-pas-nous.com\/wp-content\/uploads\/2023\/12\/014-scaled-1-scaled.webp?resize=400%2C266&amp;ssl=1 400w, https:\/\/i0.wp.com\/www.pourquoi-pas-nous.com\/wp-content\/uploads\/2023\/12\/014-scaled-1-scaled.webp?resize=512%2C341&amp;ssl=1 512w, https:\/\/i0.wp.com\/www.pourquoi-pas-nous.com\/wp-content\/uploads\/2023\/12\/014-scaled-1-scaled.webp?resize=768%2C511&amp;ssl=1 768w, https:\/\/i0.wp.com\/www.pourquoi-pas-nous.com\/wp-content\/uploads\/2023\/12\/014-scaled-1-scaled.webp?resize=1536%2C1022&amp;ssl=1 1536w, https:\/\/i0.wp.com\/www.pourquoi-pas-nous.com\/wp-content\/uploads\/2023\/12\/014-scaled-1-scaled.webp?w=2048&amp;ssl=1 2048w, https:\/\/i0.wp.com\/www.pourquoi-pas-nous.com\/wp-content\/uploads\/2023\/12\/014-scaled-1-scaled.webp?w=1600&amp;ssl=1 1600w\" sizes=\"(max-width: 800px) 100vw, 800px\" \/><\/figure>\n<\/figure>\n\n<p>Le <a href=\"https:\/\/www.castellodivezio.it\/EN\/home-en.html\" target=\"_blank\" rel=\"noreferrer noopener\"><strong>castello<\/strong> <strong>V\u00e9zio<\/strong><\/a> si trova a 20 minuti di cammino, sulle colline sopra Varenna. S\u00ec, \u00e8 un po&#8217; una salita, ma sarete ricompensati quando arriverete in cima. \u00c8 possibile visitare il castello e ammirare la vista mozzafiato a 360\u00b0 dalla cima della collina.<\/p>\n\n<figure class=\"wp-block-gallery has-nested-images columns-default is-cropped wp-block-gallery-10 is-layout-flex wp-block-gallery-is-layout-flex\">\n<figure class=\"wp-block-image size-large\"><img data-recalc-dims=\"1\" data-dominant-color=\"696c6a\" data-has-transparency=\"false\" style=\"--dominant-color: #696c6a;\" loading=\"lazy\" decoding=\"async\" width=\"465\" height=\"585\" data-id=\"26653\" src=\"https:\/\/i0.wp.com\/www.pourquoi-pas-nous.com\/wp-content\/uploads\/2023\/10\/Screenshot_20220430-154432_Instagram-jpg-webp-edited.webp?resize=465%2C585&#038;ssl=1\" alt=\"\" class=\"wp-image-26653 not-transparent\" title=\"\" srcset=\"https:\/\/i0.wp.com\/www.pourquoi-pas-nous.com\/wp-content\/uploads\/2023\/10\/Screenshot_20220430-154432_Instagram-jpg-webp-edited.webp?w=465&amp;ssl=1 465w, https:\/\/i0.wp.com\/www.pourquoi-pas-nous.com\/wp-content\/uploads\/2023\/10\/Screenshot_20220430-154432_Instagram-jpg-webp-edited.webp?resize=400%2C503&amp;ssl=1 400w, https:\/\/i0.wp.com\/www.pourquoi-pas-nous.com\/wp-content\/uploads\/2023\/10\/Screenshot_20220430-154432_Instagram-jpg-webp-edited.webp?resize=407%2C512&amp;ssl=1 407w\" sizes=\"(max-width: 465px) 100vw, 465px\" \/><\/figure>\n\n\n\n<figure class=\"wp-block-image size-large\"><img data-recalc-dims=\"1\" data-dominant-color=\"4c5256\" data-has-transparency=\"false\" style=\"--dominant-color: #4c5256;\" loading=\"lazy\" decoding=\"async\" width=\"800\" height=\"600\" data-id=\"50109\" src=\"https:\/\/i0.wp.com\/www.pourquoi-pas-nous.com\/wp-content\/uploads\/2023\/12\/P1050475-1200x900.webp?resize=800%2C600&#038;ssl=1\" alt=\"lago di varenna\" class=\"wp-image-50109 not-transparent\" title=\"\" srcset=\"https:\/\/i0.wp.com\/www.pourquoi-pas-nous.com\/wp-content\/uploads\/2023\/12\/P1050475-scaled.webp?resize=1200%2C900&amp;ssl=1 1200w, https:\/\/i0.wp.com\/www.pourquoi-pas-nous.com\/wp-content\/uploads\/2023\/12\/P1050475-scaled.webp?resize=400%2C300&amp;ssl=1 400w, https:\/\/i0.wp.com\/www.pourquoi-pas-nous.com\/wp-content\/uploads\/2023\/12\/P1050475-scaled.webp?resize=512%2C384&amp;ssl=1 512w, https:\/\/i0.wp.com\/www.pourquoi-pas-nous.com\/wp-content\/uploads\/2023\/12\/P1050475-scaled.webp?resize=768%2C576&amp;ssl=1 768w, https:\/\/i0.wp.com\/www.pourquoi-pas-nous.com\/wp-content\/uploads\/2023\/12\/P1050475-scaled.webp?resize=1536%2C1152&amp;ssl=1 1536w, https:\/\/i0.wp.com\/www.pourquoi-pas-nous.com\/wp-content\/uploads\/2023\/12\/P1050475-scaled.webp?w=2048&amp;ssl=1 2048w, https:\/\/i0.wp.com\/www.pourquoi-pas-nous.com\/wp-content\/uploads\/2023\/12\/P1050475-scaled.webp?w=1600&amp;ssl=1 1600w\" sizes=\"(max-width: 800px) 100vw, 800px\" \/><\/figure>\n<\/figure>\n\n<p>Rientrate a Como in battello nel tardo pomeriggio e concludete la giornata con una cena in questa citt\u00e0 vivace tutto l&#8217;anno. Ecco perch\u00e9 riteniamo che sia un&#8217;ottima base per un weekend sul Lago di Como.  <\/p>\n\n<p><strong>La Vita \u00e8 Bella Ristorante<\/strong>: situato nel centro di Como, \u00e8 un ottimo ristorante italiano. Vi consigliamo il tonno marinato, i ravioli al pistacchio e la pasta nera con l&#8217;aragosta!<\/p>\n\n<figure class=\"wp-block-gallery has-nested-images columns-default is-cropped wp-block-gallery-11 is-layout-flex wp-block-gallery-is-layout-flex\">\n<figure class=\"wp-block-image size-large\"><img data-recalc-dims=\"1\" data-dominant-color=\"a99670\" data-has-transparency=\"false\" style=\"--dominant-color: #a99670;\" loading=\"lazy\" decoding=\"async\" width=\"568\" height=\"1200\" data-id=\"49208\" src=\"https:\/\/i0.wp.com\/www.pourquoi-pas-nous.com\/wp-content\/uploads\/2023\/12\/20211104_132516-568x1200.webp?resize=568%2C1200&#038;ssl=1\" alt=\"cibo italia pasta al pistacchio\" class=\"wp-image-49208 not-transparent\" title=\"\" srcset=\"https:\/\/i0.wp.com\/www.pourquoi-pas-nous.com\/wp-content\/uploads\/2023\/12\/20211104_132516-scaled.webp?resize=568%2C1200&amp;ssl=1 568w, https:\/\/i0.wp.com\/www.pourquoi-pas-nous.com\/wp-content\/uploads\/2023\/12\/20211104_132516-scaled.webp?resize=284%2C600&amp;ssl=1 284w, https:\/\/i0.wp.com\/www.pourquoi-pas-nous.com\/wp-content\/uploads\/2023\/12\/20211104_132516-scaled.webp?resize=757%2C1600&amp;ssl=1 757w, https:\/\/i0.wp.com\/www.pourquoi-pas-nous.com\/wp-content\/uploads\/2023\/12\/20211104_132516-scaled.webp?resize=242%2C512&amp;ssl=1 242w, https:\/\/i0.wp.com\/www.pourquoi-pas-nous.com\/wp-content\/uploads\/2023\/12\/20211104_132516-scaled.webp?resize=768%2C1623&amp;ssl=1 768w, https:\/\/i0.wp.com\/www.pourquoi-pas-nous.com\/wp-content\/uploads\/2023\/12\/20211104_132516-scaled.webp?resize=727%2C1536&amp;ssl=1 727w, https:\/\/i0.wp.com\/www.pourquoi-pas-nous.com\/wp-content\/uploads\/2023\/12\/20211104_132516-scaled.webp?w=969&amp;ssl=1 969w\" sizes=\"(max-width: 568px) 100vw, 568px\" \/><\/figure>\n\n\n\n<figure class=\"wp-block-image size-large\"><img data-recalc-dims=\"1\" data-dominant-color=\"7e695a\" data-has-transparency=\"false\" style=\"--dominant-color: #7e695a;\" loading=\"lazy\" decoding=\"async\" width=\"568\" height=\"1200\" data-id=\"49212\" src=\"https:\/\/i0.wp.com\/www.pourquoi-pas-nous.com\/wp-content\/uploads\/2023\/12\/20211104_134011-568x1200.webp?resize=568%2C1200&#038;ssl=1\" alt=\"cibo Italia\" class=\"wp-image-49212 not-transparent\" title=\"\" srcset=\"https:\/\/i0.wp.com\/www.pourquoi-pas-nous.com\/wp-content\/uploads\/2023\/12\/20211104_134011-scaled.webp?resize=568%2C1200&amp;ssl=1 568w, https:\/\/i0.wp.com\/www.pourquoi-pas-nous.com\/wp-content\/uploads\/2023\/12\/20211104_134011-scaled.webp?resize=284%2C600&amp;ssl=1 284w, https:\/\/i0.wp.com\/www.pourquoi-pas-nous.com\/wp-content\/uploads\/2023\/12\/20211104_134011-scaled.webp?resize=757%2C1600&amp;ssl=1 757w, https:\/\/i0.wp.com\/www.pourquoi-pas-nous.com\/wp-content\/uploads\/2023\/12\/20211104_134011-scaled.webp?resize=242%2C512&amp;ssl=1 242w, https:\/\/i0.wp.com\/www.pourquoi-pas-nous.com\/wp-content\/uploads\/2023\/12\/20211104_134011-scaled.webp?resize=768%2C1623&amp;ssl=1 768w, https:\/\/i0.wp.com\/www.pourquoi-pas-nous.com\/wp-content\/uploads\/2023\/12\/20211104_134011-scaled.webp?resize=727%2C1536&amp;ssl=1 727w, https:\/\/i0.wp.com\/www.pourquoi-pas-nous.com\/wp-content\/uploads\/2023\/12\/20211104_134011-scaled.webp?w=969&amp;ssl=1 969w\" sizes=\"(max-width: 568px) 100vw, 568px\" \/><\/figure>\n<\/figure>\n\n<h3 class=\"wp-block-heading\"><strong>Domenica mattina: Scopri la citt\u00e0 di Como e fai una crociera sul Lago di Como<\/strong><\/h3>\n\n<p>In questo secondo giorno, iniziate la giornata con una <a href=\"https:\/\/www.pourquoi-pas-nous.com\/it\/visitare-como-italia\/\" data-type=\"post\" data-id=\"8071\">visita alla citt\u00e0 di Como<\/a>. Si consiglia di fare una passeggiata <strong>lungo il lago<\/strong> e poi di esplorare il suo bellissimo <strong>centro storico<\/strong>. Il principale punto di interesse di Como \u00e8 la sua magnifica<strong> cattedrale <\/strong>, comunemente nota come Duomo (in italiano, la cattedrale di Santa Maria Assunta di Como).<\/p>\n\n<figure class=\"wp-block-gallery has-nested-images columns-default is-cropped wp-block-gallery-12 is-layout-flex wp-block-gallery-is-layout-flex\">\n<figure class=\"wp-block-image size-large\"><img data-recalc-dims=\"1\" data-dominant-color=\"9a9a95\" data-has-transparency=\"false\" style=\"--dominant-color: #9a9a95;\" loading=\"lazy\" decoding=\"async\" width=\"800\" height=\"593\" data-id=\"8426\" src=\"https:\/\/i0.wp.com\/www.pourquoi-pas-nous.com\/wp-content\/uploads\/2022\/11\/cathedral-come.webp?resize=800%2C593&#038;ssl=1\" alt=\"\" class=\"wp-image-8426 not-transparent\" title=\"\" srcset=\"https:\/\/i0.wp.com\/www.pourquoi-pas-nous.com\/wp-content\/uploads\/2022\/11\/cathedral-come.webp?resize=1200%2C890&amp;ssl=1 1200w, https:\/\/i0.wp.com\/www.pourquoi-pas-nous.com\/wp-content\/uploads\/2022\/11\/cathedral-come.webp?resize=400%2C297&amp;ssl=1 400w, https:\/\/i0.wp.com\/www.pourquoi-pas-nous.com\/wp-content\/uploads\/2022\/11\/cathedral-come.webp?resize=512%2C380&amp;ssl=1 512w, https:\/\/i0.wp.com\/www.pourquoi-pas-nous.com\/wp-content\/uploads\/2022\/11\/cathedral-come.webp?resize=768%2C569&amp;ssl=1 768w, https:\/\/i0.wp.com\/www.pourquoi-pas-nous.com\/wp-content\/uploads\/2022\/11\/cathedral-come.webp?w=1381&amp;ssl=1 1381w\" sizes=\"(max-width: 800px) 100vw, 800px\" \/><\/figure>\n\n\n\n<figure class=\"wp-block-image size-large\"><img data-recalc-dims=\"1\" data-dominant-color=\"926d62\" data-has-transparency=\"false\" style=\"--dominant-color: #926d62;\" loading=\"lazy\" decoding=\"async\" width=\"800\" height=\"1067\" data-id=\"49899\" src=\"https:\/\/i0.wp.com\/www.pourquoi-pas-nous.com\/wp-content\/uploads\/2023\/12\/P1050120-900x1200.webp?resize=800%2C1067&#038;ssl=1\" alt=\"lac de come\" class=\"wp-image-49899 not-transparent\" title=\"\" srcset=\"https:\/\/i0.wp.com\/www.pourquoi-pas-nous.com\/wp-content\/uploads\/2023\/12\/P1050120-scaled.webp?resize=900%2C1200&amp;ssl=1 900w, https:\/\/i0.wp.com\/www.pourquoi-pas-nous.com\/wp-content\/uploads\/2023\/12\/P1050120-scaled.webp?resize=400%2C533&amp;ssl=1 400w, https:\/\/i0.wp.com\/www.pourquoi-pas-nous.com\/wp-content\/uploads\/2023\/12\/P1050120-scaled.webp?resize=1200%2C1600&amp;ssl=1 1200w, https:\/\/i0.wp.com\/www.pourquoi-pas-nous.com\/wp-content\/uploads\/2023\/12\/P1050120-scaled.webp?resize=384%2C512&amp;ssl=1 384w, https:\/\/i0.wp.com\/www.pourquoi-pas-nous.com\/wp-content\/uploads\/2023\/12\/P1050120-scaled.webp?resize=768%2C1024&amp;ssl=1 768w, https:\/\/i0.wp.com\/www.pourquoi-pas-nous.com\/wp-content\/uploads\/2023\/12\/P1050120-scaled.webp?resize=1152%2C1536&amp;ssl=1 1152w, https:\/\/i0.wp.com\/www.pourquoi-pas-nous.com\/wp-content\/uploads\/2023\/12\/P1050120-scaled.webp?w=1536&amp;ssl=1 1536w\" sizes=\"(max-width: 800px) 100vw, 800px\" \/><\/figure>\n\n\n\n<figure class=\"wp-block-image size-large\"><img data-recalc-dims=\"1\" data-dominant-color=\"736d66\" data-has-transparency=\"false\" style=\"--dominant-color: #736d66;\" loading=\"lazy\" decoding=\"async\" width=\"800\" height=\"600\" data-id=\"49920\" src=\"https:\/\/i0.wp.com\/www.pourquoi-pas-nous.com\/wp-content\/uploads\/2023\/12\/P1050161-1200x900.webp?resize=800%2C600&#038;ssl=1\" alt=\"lac de come\" class=\"wp-image-49920 not-transparent\" title=\"\" srcset=\"https:\/\/i0.wp.com\/www.pourquoi-pas-nous.com\/wp-content\/uploads\/2023\/12\/P1050161-scaled.webp?resize=1200%2C900&amp;ssl=1 1200w, https:\/\/i0.wp.com\/www.pourquoi-pas-nous.com\/wp-content\/uploads\/2023\/12\/P1050161-scaled.webp?resize=400%2C300&amp;ssl=1 400w, https:\/\/i0.wp.com\/www.pourquoi-pas-nous.com\/wp-content\/uploads\/2023\/12\/P1050161-scaled.webp?resize=512%2C384&amp;ssl=1 512w, https:\/\/i0.wp.com\/www.pourquoi-pas-nous.com\/wp-content\/uploads\/2023\/12\/P1050161-scaled.webp?resize=768%2C576&amp;ssl=1 768w, https:\/\/i0.wp.com\/www.pourquoi-pas-nous.com\/wp-content\/uploads\/2023\/12\/P1050161-scaled.webp?resize=1536%2C1152&amp;ssl=1 1536w, https:\/\/i0.wp.com\/www.pourquoi-pas-nous.com\/wp-content\/uploads\/2023\/12\/P1050161-scaled.webp?w=2048&amp;ssl=1 2048w, https:\/\/i0.wp.com\/www.pourquoi-pas-nous.com\/wp-content\/uploads\/2023\/12\/P1050161-scaled.webp?w=1600&amp;ssl=1 1600w\" sizes=\"(max-width: 800px) 100vw, 800px\" \/><\/figure>\n<\/figure>\n\n<p><strong> &#x2764;&#xfe0f;Preferito: Partendo dal<\/strong> <strong>porto di Como<\/strong>, siamo saliti a bordo di<strong> un piccolo battello<\/strong> (con un massimo di 15 posti a sedere), dove abbiamo goduto di una bella vista della citt\u00e0 di Como dall&#8217;acqua, prima di partire alla scoperta degli altri gioielli del lago, tra cui le Fontanelle e Villa d&#8217;Este a Cernobbio.<\/p>\n\n<p>Per <strong>un&#8217;ora abbiamo navigato <\/strong>lungo le calme acque del lago,<strong> circondati da uno <\/strong> <strong>scenario mozzafiato<\/strong>. Abbiamo visto un condensato del lago e dei principali luoghi da vedere, gustando un bicchiere di Prosecco (sono disponibili anche bevande analcoliche). <\/p>\n\n<p>L&#8217;azienda  <a href=\"https:\/\/www.getyourguide.fr\/come-l101235\/lac-de-come-visite-en-petit-groupe-et-aperitif-au-prosecco-t810677\/?partner_id=0LXQSML&amp;utm_medium=online_publisher&amp;cmp=come\" data-type=\"link\" data-id=\"https:\/\/www.getyourguide.fr\/come-l101235\/lac-de-come-visite-en-petit-groupe-et-aperitif-au-prosecco-t810677\/?partner_id=0LXQSML&amp;utm_medium=online_publisher&amp;cmp=come\" target=\"_blank\" rel=\"noreferrer noopener nofollow\"><\/a><a href=\"https:\/\/www.getyourguide.fr\/come-l101235\/lac-de-come-visite-en-petit-groupe-et-aperitif-au-prosecco-t810677\/?partner_id=0LXQSML&amp;utm_medium=online_publisher&amp;cmp=weekend\" target=\"_blank\" data-type=\"link\" data-id=\"https:\/\/www.getyourguide.fr\/come-l101235\/lac-de-come-visite-en-petit-groupe-et-aperitif-au-prosecco-t810677\/?partner_id=0LXQSML&amp;utm_medium=online_publisher&amp;cmp=weekend\" rel=\"noreferrer noopener nofollow\">Salimar Boat Tour<\/a>, che gestisce la crociera, gode di un&#8217;ottima reputazione. La nostra guida ci ha raccontato molti aneddoti sui luoghi che abbiamo visitato.<\/p>\n\n<p>&#x27a1;&#xfe0f; Ti consigliamo di prenotare <a href=\"https:\/\/www.getyourguide.fr\/come-l101235\/lac-de-come-visite-en-petit-groupe-et-aperitif-au-prosecco-t810677\/?partner_id=0LXQSML&amp;utm_medium=online_publisher&amp;cmp=weekend\" target=\"_blank\" data-type=\"link\" data-id=\"https:\/\/www.getyourguide.fr\/come-l101235\/lac-de-come-visite-en-petit-groupe-et-aperitif-au-prosecco-t810677\/?partner_id=0LXQSML&amp;utm_medium=online_publisher&amp;cmp=come\" rel=\"noreferrer noopener nofollow sponsored\">online in anticipo i biglietti per una crociera con aperitivo sul Lago di Como<\/a> (circa 59\u20ac a persona), soprattutto durante la stagione turistica, poich\u00e9 queste escursioni sono molto popolari e il numero di posti \u00e8 limitato.<\/p>\n\n<div data-gyg-href=\"https:\/\/widget.getyourguide.com\/default\/availability.frame\" data-gyg-tour-id=\"810677\" data-gyg-locale-code=\"fr-FR\" data-gyg-currency=\"EUR\" data-gyg-widget=\"availability\" data-gyg-variant=\"horizontal\" data-gyg-partner-id=\"0LXQSML\" data-gyg-cmp=\"weekend\"><\/div>\n\n<p>Per concludere la mattinata, ti consigliamo di salire fino al <strong>faro Voltiano<\/strong> (ingresso \u20ac2). La vista panoramica sul lago \u00e8 splendida, ma ci si arriva attraverso una strada stretta e tortuosa. Si consiglia di prendere la funicolare fino a <strong>Brunate<\/strong> e poi di camminare per circa 30 minuti per raggiungere il faro.<\/p>\n\n<p>\u00c8 possibile fare un picnic in cima al faro se non \u00e8 troppo affollato, oppure c&#8217;\u00e8 un piccolo parco prima dell&#8217;ingresso, ma senza vista.<\/p>\n\n<figure class=\"wp-block-gallery has-nested-images columns-default is-cropped wp-block-gallery-13 is-layout-flex wp-block-gallery-is-layout-flex\">\n<figure class=\"wp-block-image size-large\"><img data-recalc-dims=\"1\" data-dominant-color=\"7f7468\" data-has-transparency=\"false\" style=\"--dominant-color: #7f7468;\" loading=\"lazy\" decoding=\"async\" width=\"800\" height=\"788\" data-id=\"8439\" src=\"https:\/\/i0.wp.com\/www.pourquoi-pas-nous.com\/wp-content\/uploads\/2022\/11\/phare-interieur-come-.webp?resize=800%2C788&#038;ssl=1\" alt=\"Faro di Voltiano interno\" class=\"wp-image-8439 not-transparent\" title=\"\" srcset=\"https:\/\/i0.wp.com\/www.pourquoi-pas-nous.com\/wp-content\/uploads\/2022\/11\/phare-interieur-come-.webp?resize=1024%2C1008&amp;ssl=1 1024w, https:\/\/i0.wp.com\/www.pourquoi-pas-nous.com\/wp-content\/uploads\/2022\/11\/phare-interieur-come-.webp?resize=400%2C394&amp;ssl=1 400w, https:\/\/i0.wp.com\/www.pourquoi-pas-nous.com\/wp-content\/uploads\/2022\/11\/phare-interieur-come-.webp?resize=512%2C504&amp;ssl=1 512w, https:\/\/i0.wp.com\/www.pourquoi-pas-nous.com\/wp-content\/uploads\/2022\/11\/phare-interieur-come-.webp?resize=768%2C756&amp;ssl=1 768w, https:\/\/i0.wp.com\/www.pourquoi-pas-nous.com\/wp-content\/uploads\/2022\/11\/phare-interieur-come-.webp?w=1040&amp;ssl=1 1040w\" sizes=\"(max-width: 800px) 100vw, 800px\" \/><\/figure>\n\n\n\n<figure class=\"wp-block-image size-large\"><img data-recalc-dims=\"1\" data-dominant-color=\"7385a3\" data-has-transparency=\"false\" style=\"--dominant-color: #7385a3;\" loading=\"lazy\" decoding=\"async\" width=\"800\" height=\"914\" data-id=\"8450\" src=\"https:\/\/i0.wp.com\/www.pourquoi-pas-nous.com\/wp-content\/uploads\/2022\/11\/phare-come.webp?resize=800%2C914&#038;ssl=1\" alt=\"Faro di Voltiano esterno\" class=\"wp-image-8450 not-transparent\" title=\"\" srcset=\"https:\/\/i0.wp.com\/www.pourquoi-pas-nous.com\/wp-content\/uploads\/2022\/11\/phare-come.webp?w=896&amp;ssl=1 896w, https:\/\/i0.wp.com\/www.pourquoi-pas-nous.com\/wp-content\/uploads\/2022\/11\/phare-come.webp?resize=400%2C457&amp;ssl=1 400w, https:\/\/i0.wp.com\/www.pourquoi-pas-nous.com\/wp-content\/uploads\/2022\/11\/phare-come.webp?resize=448%2C512&amp;ssl=1 448w, https:\/\/i0.wp.com\/www.pourquoi-pas-nous.com\/wp-content\/uploads\/2022\/11\/phare-come.webp?resize=768%2C878&amp;ssl=1 768w\" sizes=\"(max-width: 800px) 100vw, 800px\" \/><\/figure>\n<\/figure>\n\n<figure class=\"wp-block-gallery has-nested-images columns-default is-cropped wp-block-gallery-14 is-layout-flex wp-block-gallery-is-layout-flex\">\n<figure class=\"wp-block-image size-large\"><img data-recalc-dims=\"1\" data-dominant-color=\"5e8096\" data-has-transparency=\"false\" style=\"--dominant-color: #5e8096;\" loading=\"lazy\" decoding=\"async\" width=\"800\" height=\"600\" data-id=\"49349\" src=\"https:\/\/i0.wp.com\/www.pourquoi-pas-nous.com\/wp-content\/uploads\/2023\/12\/photo3jpg-1200x900.webp?resize=800%2C600&#038;ssl=1\" alt=\"punto di vista del faro di Voltiano\" class=\"wp-image-49349 not-transparent\" title=\"\" srcset=\"https:\/\/i0.wp.com\/www.pourquoi-pas-nous.com\/wp-content\/uploads\/2023\/12\/photo3jpg-jpg-webp.webp?resize=1200%2C900&amp;ssl=1 1200w, https:\/\/i0.wp.com\/www.pourquoi-pas-nous.com\/wp-content\/uploads\/2023\/12\/photo3jpg-jpg-webp.webp?resize=400%2C300&amp;ssl=1 400w, https:\/\/i0.wp.com\/www.pourquoi-pas-nous.com\/wp-content\/uploads\/2023\/12\/photo3jpg-jpg-webp.webp?resize=512%2C384&amp;ssl=1 512w, https:\/\/i0.wp.com\/www.pourquoi-pas-nous.com\/wp-content\/uploads\/2023\/12\/photo3jpg-jpg-webp.webp?resize=768%2C576&amp;ssl=1 768w, https:\/\/i0.wp.com\/www.pourquoi-pas-nous.com\/wp-content\/uploads\/2023\/12\/photo3jpg-jpg-webp.webp?w=1400&amp;ssl=1 1400w\" sizes=\"(max-width: 800px) 100vw, 800px\" \/><\/figure>\n<\/figure>\n\n<p>Al ritorno a Como, concedetevi un gelato. Naturalmente, se ci leggete regolarmente, saprete che abbiamo approfittato della nostra visita per provare i gelati italiani. Ci sono piaciuti molto i<strong> gelati tradizionali della gelateria<\/strong> <strong>Guidi <\/strong>, che si possono gustare nella vicina <strong>Piazza Cavour<\/strong> con vista sul lago<strong>.<\/strong> <\/p>\n\n<p>I sapori sono originali, e vi consigliamo di provare il &#8220;lemon basil&#8221;&#8230; E i sapori sono giusti. Cedete alla tentazione senza esitare!<\/p>\n\n<figure class=\"wp-block-gallery has-nested-images columns-default is-cropped wp-block-gallery-15 is-layout-flex wp-block-gallery-is-layout-flex\">\n<figure class=\"wp-block-image size-large\"><img data-recalc-dims=\"1\" data-dominant-color=\"72675a\" data-has-transparency=\"false\" style=\"--dominant-color: #72675a;\" loading=\"lazy\" decoding=\"async\" width=\"800\" height=\"379\" data-id=\"49210\" src=\"https:\/\/i0.wp.com\/www.pourquoi-pas-nous.com\/wp-content\/uploads\/2023\/12\/20211110_135643-1200x568.webp?resize=800%2C379&#038;ssl=1\" alt=\"cibo Italia\" class=\"wp-image-49210 not-transparent\" title=\"\" srcset=\"https:\/\/i0.wp.com\/www.pourquoi-pas-nous.com\/wp-content\/uploads\/2023\/12\/20211110_135643-scaled.webp?resize=1200%2C568&amp;ssl=1 1200w, https:\/\/i0.wp.com\/www.pourquoi-pas-nous.com\/wp-content\/uploads\/2023\/12\/20211110_135643-scaled.webp?resize=400%2C189&amp;ssl=1 400w, https:\/\/i0.wp.com\/www.pourquoi-pas-nous.com\/wp-content\/uploads\/2023\/12\/20211110_135643-scaled.webp?resize=512%2C242&amp;ssl=1 512w, https:\/\/i0.wp.com\/www.pourquoi-pas-nous.com\/wp-content\/uploads\/2023\/12\/20211110_135643-scaled.webp?resize=768%2C363&amp;ssl=1 768w, https:\/\/i0.wp.com\/www.pourquoi-pas-nous.com\/wp-content\/uploads\/2023\/12\/20211110_135643-scaled.webp?resize=1536%2C727&amp;ssl=1 1536w, https:\/\/i0.wp.com\/www.pourquoi-pas-nous.com\/wp-content\/uploads\/2023\/12\/20211110_135643-scaled.webp?w=2048&amp;ssl=1 2048w, https:\/\/i0.wp.com\/www.pourquoi-pas-nous.com\/wp-content\/uploads\/2023\/12\/20211110_135643-scaled.webp?w=1600&amp;ssl=1 1600w\" sizes=\"(max-width: 800px) 100vw, 800px\" \/><\/figure>\n<\/figure>\n\n<h3 class=\"wp-block-heading\"><strong>Domenica pomeriggio: visita a Villa Balbianello e Villa Carlotta a Tremezzio<\/strong><\/h3>\n\n<p>Prima di tornare a <a href=\"https:\/\/www.pourquoi-pas-nous.com\/it\/milano\/\" data-type=\"post\" data-id=\"3839\">Milano<\/a> per prendere l&#8217;aereo, vi consigliamo di recarvi in una delle ville a sud-ovest del lago, a pochi chilometri l&#8217;una dall&#8217;altra. Prevedere circa 1h &#8211; 1h30 per ogni villa.<\/p>\n\n<p>Oppure <strong><a href=\"https:\/\/www.pourquoi-pas-nous.com\/it\/villa-balbianello\/\" data-type=\"post\" data-id=\"69110\">Villa Balbianello<\/a><\/strong> a Lenno, una meta imperdibile sul Lago di Como, a 30 minuti di auto da Como e raggiungibile in autobus. Questa <strong>villa <\/strong>ti ricorder\u00e0 sicuramente perch\u00e9 \u00e8 stata la location delle riprese di &#8220;Star Wars: Episodio II &#8211; L&#8217;attacco dei cloni&#8221; e di &#8220;James Bond: Casino Royale&#8221;.<\/p>\n\n<p>\u00c8 molto popolare anche per la sua posizione privilegiata sulla punta della penisola di Lavedo, che offre viste panoramiche mozzafiato. \u00c8 anche la villa<strong> pi\u00f9 visitata<\/strong> del Lago di Como (con oltre 135.000 visitatori all&#8217;anno), ed \u00e8 facile capire perch\u00e9! La visita della villa \u00e8 possibile solo con una guida, che ci ha insegnato tutto sulla casa e sul lago di Como.  <\/p>\n\n<p><em>L&#8217;ingresso costa 23 euro a persona per la villa e i giardini, oppure 12 euro per i soli giardini.<\/em> <em>In alta stagione, vi consigliamo di arrivare presto per trovare facilmente posto nel piccolo parcheggio<\/em> <em>e di prenotare i biglietti<\/em> in anticipo.<\/p>\n\n<figure class=\"wp-block-gallery has-nested-images columns-default is-cropped wp-block-gallery-16 is-layout-flex wp-block-gallery-is-layout-flex\">\n<figure class=\"wp-block-image size-large\"><img data-recalc-dims=\"1\" data-dominant-color=\"7f8f8c\" data-has-transparency=\"false\" style=\"--dominant-color: #7f8f8c;\" loading=\"lazy\" decoding=\"async\" width=\"800\" height=\"533\" data-id=\"48891\" src=\"https:\/\/i0.wp.com\/www.pourquoi-pas-nous.com\/wp-content\/uploads\/2023\/12\/tyjhsotnz98-1-jpg.webp?resize=800%2C533&#038;ssl=1\" alt=\"Esterno di Villa Balbianello\" class=\"wp-image-48891 not-transparent\" title=\"\" srcset=\"https:\/\/i0.wp.com\/www.pourquoi-pas-nous.com\/wp-content\/uploads\/2023\/12\/tyjhsotnz98-1-jpg.webp?w=1200&amp;ssl=1 1200w, https:\/\/i0.wp.com\/www.pourquoi-pas-nous.com\/wp-content\/uploads\/2023\/12\/tyjhsotnz98-1-jpg.webp?resize=400%2C267&amp;ssl=1 400w, https:\/\/i0.wp.com\/www.pourquoi-pas-nous.com\/wp-content\/uploads\/2023\/12\/tyjhsotnz98-1-jpg.webp?resize=512%2C341&amp;ssl=1 512w\" sizes=\"(max-width: 800px) 100vw, 800px\" \/><\/figure>\n\n\n\n<figure class=\"wp-block-image size-large\"><img data-recalc-dims=\"1\" data-dominant-color=\"878d8c\" data-has-transparency=\"false\" style=\"--dominant-color: #878d8c;\" loading=\"lazy\" decoding=\"async\" width=\"800\" height=\"533\" data-id=\"48886\" src=\"https:\/\/i0.wp.com\/www.pourquoi-pas-nous.com\/wp-content\/uploads\/2023\/12\/e2snbbioeko-jpg.webp?resize=800%2C533&#038;ssl=1\" alt=\"\" class=\"wp-image-48886 not-transparent\" title=\"\" srcset=\"https:\/\/i0.wp.com\/www.pourquoi-pas-nous.com\/wp-content\/uploads\/2023\/12\/e2snbbioeko-jpg.webp?w=1200&amp;ssl=1 1200w, https:\/\/i0.wp.com\/www.pourquoi-pas-nous.com\/wp-content\/uploads\/2023\/12\/e2snbbioeko-jpg.webp?resize=400%2C267&amp;ssl=1 400w, https:\/\/i0.wp.com\/www.pourquoi-pas-nous.com\/wp-content\/uploads\/2023\/12\/e2snbbioeko-jpg.webp?resize=512%2C341&amp;ssl=1 512w\" sizes=\"(max-width: 800px) 100vw, 800px\" \/><\/figure>\n<\/figure>\n\n<p>Oppure a <strong>Villa Carlotta<\/strong> a Tremezzio Questa antica residenza <strong>a 3 piani<\/strong> offre una splendida vista sul lago. I giardini, con i loro alberi maestosi e le bellissime aiuole, meritano una visita. \u00c8 uno dei pi\u00f9 grandi e pi\u00f9 belli del Lago di Como. Un punto importante da notare \u00e8 che questa villa \u00e8 <strong>meno turistica<\/strong> della precedente e offre anche una splendida vista sul lago.  <\/p>\n\n<p><em>Prezzi e orari di apertura sul sito ufficiale di <a href=\"https:\/\/www.villacarlotta.it\/fr\/\" target=\"_blank\" rel=\"noreferrer noopener\">Villa Carlotta<\/a><\/em><\/p>\n\n<figure class=\"wp-block-gallery has-nested-images columns-default is-cropped wp-block-gallery-17 is-layout-flex wp-block-gallery-is-layout-flex\">\n<figure class=\"wp-block-image size-large\"><img data-recalc-dims=\"1\" data-dominant-color=\"727773\" data-has-transparency=\"false\" style=\"--dominant-color: #727773;\" loading=\"lazy\" decoding=\"async\" width=\"800\" height=\"533\" data-id=\"48906\" src=\"https:\/\/i0.wp.com\/www.pourquoi-pas-nous.com\/wp-content\/uploads\/2023\/12\/22149ecf-f778-48c3-8297-2e8a120bef8e-1200x800.webp?resize=800%2C533&#038;ssl=1\" alt=\"villa Carlotta esterno\" class=\"wp-image-48906 not-transparent\" title=\"\" srcset=\"https:\/\/i0.wp.com\/www.pourquoi-pas-nous.com\/wp-content\/uploads\/2023\/12\/22149ecf-f778-48c3-8297-2e8a120bef8e-scaled.webp?resize=1200%2C800&amp;ssl=1 1200w, https:\/\/i0.wp.com\/www.pourquoi-pas-nous.com\/wp-content\/uploads\/2023\/12\/22149ecf-f778-48c3-8297-2e8a120bef8e-scaled.webp?resize=400%2C267&amp;ssl=1 400w, https:\/\/i0.wp.com\/www.pourquoi-pas-nous.com\/wp-content\/uploads\/2023\/12\/22149ecf-f778-48c3-8297-2e8a120bef8e-scaled.webp?resize=512%2C341&amp;ssl=1 512w, https:\/\/i0.wp.com\/www.pourquoi-pas-nous.com\/wp-content\/uploads\/2023\/12\/22149ecf-f778-48c3-8297-2e8a120bef8e-scaled.webp?resize=768%2C512&amp;ssl=1 768w, https:\/\/i0.wp.com\/www.pourquoi-pas-nous.com\/wp-content\/uploads\/2023\/12\/22149ecf-f778-48c3-8297-2e8a120bef8e-scaled.webp?resize=1536%2C1024&amp;ssl=1 1536w, https:\/\/i0.wp.com\/www.pourquoi-pas-nous.com\/wp-content\/uploads\/2023\/12\/22149ecf-f778-48c3-8297-2e8a120bef8e-scaled.webp?w=2048&amp;ssl=1 2048w, https:\/\/i0.wp.com\/www.pourquoi-pas-nous.com\/wp-content\/uploads\/2023\/12\/22149ecf-f778-48c3-8297-2e8a120bef8e-scaled.webp?w=1600&amp;ssl=1 1600w\" sizes=\"(max-width: 800px) 100vw, 800px\" \/><\/figure>\n\n\n\n<figure class=\"wp-block-image size-large\"><img data-recalc-dims=\"1\" data-dominant-color=\"8c7559\" data-has-transparency=\"false\" style=\"--dominant-color: #8c7559;\" loading=\"lazy\" decoding=\"async\" width=\"800\" height=\"534\" data-id=\"48911\" src=\"https:\/\/i0.wp.com\/www.pourquoi-pas-nous.com\/wp-content\/uploads\/2023\/12\/4ac5a726-bfed-4201-82b5-8772954879f7-jpg.webp?resize=800%2C534&#038;ssl=1\" alt=\"interno di villa Carlotta\" class=\"wp-image-48911 not-transparent\" title=\"\" srcset=\"https:\/\/i0.wp.com\/www.pourquoi-pas-nous.com\/wp-content\/uploads\/2023\/12\/4ac5a726-bfed-4201-82b5-8772954879f7-jpg.webp?w=1024&amp;ssl=1 1024w, https:\/\/i0.wp.com\/www.pourquoi-pas-nous.com\/wp-content\/uploads\/2023\/12\/4ac5a726-bfed-4201-82b5-8772954879f7-jpg.webp?resize=400%2C267&amp;ssl=1 400w, https:\/\/i0.wp.com\/www.pourquoi-pas-nous.com\/wp-content\/uploads\/2023\/12\/4ac5a726-bfed-4201-82b5-8772954879f7-jpg.webp?resize=512%2C342&amp;ssl=1 512w\" sizes=\"(max-width: 800px) 100vw, 800px\" \/><\/figure>\n<\/figure>\n\n<p>\u00c8 gi\u00e0 ora di tornare a casa, e siamo sicuri che dopo questi 2 giorni non vedrete l&#8217;ora di tornare sul Lago di Como!<\/p>\n\n<h2 class=\"wp-block-heading\">Informazioni pratiche per il vostro weekend sul Lago di Como<\/h2>\n\n<h3 class=\"wp-block-heading\">Dove alloggiare a Como?<\/h3>\n<div class=\"lazyblock-conseils-et-hebergements-1eEGwt wp-block-lazyblock-conseils-et-hebergements\"><div class=\"conseils-hebergements\"><span class=\"titre-conseils\"><i class=\"fas fa-map-marked-alt\"><\/i>Nos conseils et h\u00e9bergements<\/span>\n<p><p><!-- wp:paragraph --><\/p>\n<p>Raccomandiamo l&#8217;<a href=\"https:\/\/www.booking.com\/hotel\/it\/albergo-firenze-como.fr.html?aid=1529171&amp;no_rooms=1&amp;group_adults=2\" target=\"_blank\" rel=\"nofollow noopener sponsored\">Albergo Frirenze<\/a>, la camera era molto <strong>piacevole e pulita<\/strong>, in posizione ideale vicino al porto, tutto a portata di mano, con una <strong>colazione incredibile<\/strong>, proprio come piace a noi. In breve, un buon indirizzo con un <strong>ottimo rapporto qualit\u00e0-prezzo<\/strong> a Como (circa 100 euro)!<\/p>\n<p><!-- \/wp:paragraph -->\n\n<!-- wp:paragraph --><\/p>\n<p>A due minuti dal molo, ideale per prendere una barca e fare il giro del lago!<\/p>\n<p><!-- \/wp:paragraph --><\/p><\/p><\/div><\/div>\n<p><\/p>\n\n<figure class=\"wp-block-gallery has-nested-images columns-default is-cropped wp-block-gallery-18 is-layout-flex wp-block-gallery-is-layout-flex\">\n<figure class=\"wp-block-image size-large\"><img data-recalc-dims=\"1\" data-dominant-color=\"74736f\" data-has-transparency=\"false\" style=\"--dominant-color: #74736f;\" loading=\"lazy\" decoding=\"async\" width=\"800\" height=\"531\" data-id=\"49360\" src=\"https:\/\/i0.wp.com\/www.pourquoi-pas-nous.com\/wp-content\/uploads\/2023\/12\/9294611-1200x797.webp?resize=800%2C531&#038;ssl=1\" alt=\"\" class=\"wp-image-49360 not-transparent\" title=\"\" srcset=\"https:\/\/i0.wp.com\/www.pourquoi-pas-nous.com\/wp-content\/uploads\/2023\/12\/9294611-jpg-webp.webp?resize=1200%2C797&amp;ssl=1 1200w, https:\/\/i0.wp.com\/www.pourquoi-pas-nous.com\/wp-content\/uploads\/2023\/12\/9294611-jpg-webp.webp?resize=400%2C266&amp;ssl=1 400w, https:\/\/i0.wp.com\/www.pourquoi-pas-nous.com\/wp-content\/uploads\/2023\/12\/9294611-jpg-webp.webp?resize=512%2C340&amp;ssl=1 512w, https:\/\/i0.wp.com\/www.pourquoi-pas-nous.com\/wp-content\/uploads\/2023\/12\/9294611-jpg-webp.webp?resize=768%2C510&amp;ssl=1 768w, https:\/\/i0.wp.com\/www.pourquoi-pas-nous.com\/wp-content\/uploads\/2023\/12\/9294611-jpg-webp.webp?w=1280&amp;ssl=1 1280w\" sizes=\"(max-width: 800px) 100vw, 800px\" \/><\/figure>\n\n\n\n<figure class=\"wp-block-image size-large\"><img data-recalc-dims=\"1\" height=\"533\" width=\"800\" data-dominant-color=\"afa499\" data-has-transparency=\"false\" style=\"--dominant-color: #afa499;\" decoding=\"async\" data-id=\"44042\" src=\"https:\/\/i0.wp.com\/www.pourquoi-pas-nous.com\/wp-content\/uploads\/2019\/08\/come-1200x800.webp?resize=800%2C533&#038;ssl=1\" alt=\"hotel venire\" class=\"wp-image-44042 not-transparent\" title=\"\"><\/figure>\n<\/figure>\n\n<p><\/p>\n<div class=\"lazyblock-bouton-Z2ksul7 wp-block-lazyblock-bouton\"><a href=\"https:\/\/www.booking.com\/hotel\/it\/albergo-firenze-como.fr.html?aid=1529171&amp;no_rooms=1&amp;group_adults=2\" target=\"_blank\" rel=\"sponsored noopener\"><button>Vedi prezzi e disponibilit\u00e0<\/button><\/a><\/div>\n<h3 class=\"wp-block-heading\">Come si arriva a Como?<\/h3>\n\n<p class=\"has-medium-font-size\">Da Milano in auto<\/p>\n\n<p>&#x27a1;&#xfe0f;En In auto, ci vuole circa 1 ora per raggiungere Como.<\/p>\n<div class=\"lazyblock-conseils-et-hebergements-19XJx2 wp-block-lazyblock-conseils-et-hebergements\"><div class=\"conseils-hebergements\"><span class=\"titre-conseils\"><i class=\"fas fa-map-marked-alt\"><\/i>Come si noleggia un&#8217;auto?<\/span>\n<p><p><strong>Noleggio auto: <\/strong>per confrontare i prezzi del noleggio auto, ti consigliamo di utilizzare un aggregatore, che confronta i prezzi di centinaia di compagnie di noleggio auto per trovare il prezzo migliore.<\/p>\n<p>Per darvi un&#8217;idea del costo, abbiamo trovato un&#8217;auto per <strong>50 euro al giorno<\/strong> all&#8217;aeroporto di <strong>Milano<\/strong>.<\/p><\/p><\/div><\/div>\n<figure class=\"wp-block-gallery has-nested-images columns-default is-cropped wp-block-gallery-19 is-layout-flex wp-block-gallery-is-layout-flex\">\n<figure class=\"wp-block-image size-large\"><img data-recalc-dims=\"1\" data-dominant-color=\"596569\" data-has-transparency=\"false\" style=\"--dominant-color: #596569;\" loading=\"lazy\" decoding=\"async\" width=\"800\" height=\"600\" data-id=\"15980\" src=\"https:\/\/i0.wp.com\/www.pourquoi-pas-nous.com\/wp-content\/uploads\/2018\/05\/plage-lac-de-come-italie.webp?resize=800%2C600&#038;ssl=1\" alt=\"\" class=\"wp-image-15980 not-transparent\" title=\"\" srcset=\"https:\/\/i0.wp.com\/www.pourquoi-pas-nous.com\/wp-content\/uploads\/2018\/05\/plage-lac-de-come-italie.webp?resize=1200%2C900&amp;ssl=1 1200w, https:\/\/i0.wp.com\/www.pourquoi-pas-nous.com\/wp-content\/uploads\/2018\/05\/plage-lac-de-come-italie.webp?resize=400%2C300&amp;ssl=1 400w, https:\/\/i0.wp.com\/www.pourquoi-pas-nous.com\/wp-content\/uploads\/2018\/05\/plage-lac-de-come-italie.webp?resize=512%2C384&amp;ssl=1 512w, https:\/\/i0.wp.com\/www.pourquoi-pas-nous.com\/wp-content\/uploads\/2018\/05\/plage-lac-de-come-italie.webp?resize=768%2C576&amp;ssl=1 768w, https:\/\/i0.wp.com\/www.pourquoi-pas-nous.com\/wp-content\/uploads\/2018\/05\/plage-lac-de-come-italie.webp?w=1365&amp;ssl=1 1365w\" sizes=\"(max-width: 800px) 100vw, 800px\" \/><\/figure>\n<\/figure>\n\n<p class=\"has-medium-font-size\">In treno<\/p>\n\n<p>I treni partono dalla Stazione Centrale <strong>di Milano<\/strong> con Trenitalia. La stazione di Como <strong>S. Giovanni<\/strong> \u00e8 raggiungibile in circa 40 minuti. I biglietti costano circa 20 euro. Una volta arrivati, il centro di Como \u00e8 a soli dieci minuti di distanza.<\/p>\n\n<figure class=\"wp-block-gallery has-nested-images columns-default is-cropped wp-block-gallery-20 is-layout-flex wp-block-gallery-is-layout-flex\">\n<figure class=\"wp-block-image size-full\"><img data-recalc-dims=\"1\" data-dominant-color=\"646f7b\" data-has-transparency=\"false\" style=\"--dominant-color: #646f7b;\" loading=\"lazy\" decoding=\"async\" width=\"800\" height=\"600\" data-id=\"50117\" src=\"https:\/\/i0.wp.com\/www.pourquoi-pas-nous.com\/wp-content\/uploads\/2023\/12\/P1050520-scaled.webp?resize=800%2C600&#038;ssl=1\" alt=\"lago come bellagio\" class=\"wp-image-50117 not-transparent\" title=\"\" srcset=\"https:\/\/i0.wp.com\/www.pourquoi-pas-nous.com\/wp-content\/uploads\/2023\/12\/P1050520-scaled.webp?w=2048&amp;ssl=1 2048w, https:\/\/i0.wp.com\/www.pourquoi-pas-nous.com\/wp-content\/uploads\/2023\/12\/P1050520-scaled.webp?resize=400%2C300&amp;ssl=1 400w, https:\/\/i0.wp.com\/www.pourquoi-pas-nous.com\/wp-content\/uploads\/2023\/12\/P1050520-scaled.webp?resize=1200%2C900&amp;ssl=1 1200w, https:\/\/i0.wp.com\/www.pourquoi-pas-nous.com\/wp-content\/uploads\/2023\/12\/P1050520-scaled.webp?resize=512%2C384&amp;ssl=1 512w, https:\/\/i0.wp.com\/www.pourquoi-pas-nous.com\/wp-content\/uploads\/2023\/12\/P1050520-scaled.webp?resize=768%2C576&amp;ssl=1 768w, https:\/\/i0.wp.com\/www.pourquoi-pas-nous.com\/wp-content\/uploads\/2023\/12\/P1050520-scaled.webp?resize=1536%2C1152&amp;ssl=1 1536w, https:\/\/i0.wp.com\/www.pourquoi-pas-nous.com\/wp-content\/uploads\/2023\/12\/P1050520-scaled.webp?w=1600&amp;ssl=1 1600w\" sizes=\"(max-width: 800px) 100vw, 800px\" \/><\/figure>\n<\/figure>\n\n<p class=\"has-medium-font-size\">Da Milano in autobus + crociera<\/p>\n\n<p>&#x27a1;&#xfe0f; Se vuoi risparmiare tempo e lasciarti guidare, puoi prenotare il tuo biglietto per un&#8217;escursione al Lago di Como, in <strong>autobus<\/strong>, con soste nei villaggi pi\u00f9 belli, <strong>Como<\/strong>, <strong>Bellagio<\/strong> e <strong>Varenna<\/strong>, oltre a una <strong>crociera<\/strong> di un&#8217;ora sul lago per godere di splendide viste panoramiche dal lago.<\/p>\n<div class=\"lazyblock-bouton-1L7NuF wp-block-lazyblock-bouton\"><a href=\"https:\/\/www.getyourguide.fr\/milan-l139\/depuis-milan-lac-de-come-bellagio-et-varenna-t146676\/?partner_id=0LXQSML&amp;utm_medium=online_publisher&amp;placement=content-middle&amp;cmp=Milan-journee-come-bellagio-varenna-pagebellagio\" target=\"_blank\" rel=\"sponsored noopener\"><button>Scopri di pi\u00f9 sulle attivit\u00e0 a Como<\/button><\/a><\/div>\n<figure class=\"wp-block-gallery has-nested-images columns-default is-cropped wp-block-gallery-21 is-layout-flex wp-block-gallery-is-layout-flex\">\n<figure class=\"wp-block-image size-large\"><img data-recalc-dims=\"1\" data-dominant-color=\"5b6277\" data-has-transparency=\"false\" style=\"--dominant-color: #5b6277;\" loading=\"lazy\" decoding=\"async\" width=\"800\" height=\"600\" data-id=\"49991\" src=\"https:\/\/i0.wp.com\/www.pourquoi-pas-nous.com\/wp-content\/uploads\/2023\/12\/P1050287-1200x900.webp?resize=800%2C600&#038;ssl=1\" alt=\"lac de come\" class=\"wp-image-49991 not-transparent\" title=\"\" srcset=\"https:\/\/i0.wp.com\/www.pourquoi-pas-nous.com\/wp-content\/uploads\/2023\/12\/P1050287-scaled.webp?resize=1200%2C900&amp;ssl=1 1200w, https:\/\/i0.wp.com\/www.pourquoi-pas-nous.com\/wp-content\/uploads\/2023\/12\/P1050287-scaled.webp?resize=400%2C300&amp;ssl=1 400w, https:\/\/i0.wp.com\/www.pourquoi-pas-nous.com\/wp-content\/uploads\/2023\/12\/P1050287-scaled.webp?resize=512%2C384&amp;ssl=1 512w, https:\/\/i0.wp.com\/www.pourquoi-pas-nous.com\/wp-content\/uploads\/2023\/12\/P1050287-scaled.webp?resize=768%2C576&amp;ssl=1 768w, https:\/\/i0.wp.com\/www.pourquoi-pas-nous.com\/wp-content\/uploads\/2023\/12\/P1050287-scaled.webp?resize=1536%2C1152&amp;ssl=1 1536w, https:\/\/i0.wp.com\/www.pourquoi-pas-nous.com\/wp-content\/uploads\/2023\/12\/P1050287-scaled.webp?w=2048&amp;ssl=1 2048w, https:\/\/i0.wp.com\/www.pourquoi-pas-nous.com\/wp-content\/uploads\/2023\/12\/P1050287-scaled.webp?w=1600&amp;ssl=1 1600w\" sizes=\"(max-width: 800px) 100vw, 800px\" \/><\/figure>\n<\/figure>\n\n<figure class=\"wp-block-gallery has-nested-images columns-default is-cropped wp-block-gallery-22 is-layout-flex wp-block-gallery-is-layout-flex\">\n<figure class=\"wp-block-image size-large\"><img data-recalc-dims=\"1\" height=\"600\" width=\"800\" data-dominant-color=\"63768f\" data-has-transparency=\"false\" style=\"--dominant-color: #63768f;\" decoding=\"async\" data-id=\"1888\" src=\"https:\/\/i0.wp.com\/www.pourquoi-pas-nous.com\/wp-content\/uploads\/2018\/04\/lac-de-come-italie.webp?resize=800%2C600&#038;ssl=1\" alt=\"\" class=\"wp-image-1888 not-transparent\" title=\"\"><\/figure>\n<\/figure>\n\n<h2 class=\"wp-block-heading\">La nostra mappa del Lago di Como<\/h2>\n\n<p>Per aiutarti a orientarti sul Lago di Como, abbiamo creato una <strong>mappa riassuntiva di tutti i nostri punti di sosta e dei nostri migliori indirizzi<\/strong>. \u00c8 comoda da consultare durante la tua visita e pu\u00f2 anche essere salvata per essere consultata offline. <\/p>\n\n<p><strong>Come si usa?<\/strong><\/p>\n\n<ol class=\"wp-block-list\">\n<li>Apri la mappa in Google Maps<\/li>\n\n\n\n<li>Clicca sull&#8217;icona con i <strong>tre puntini<\/strong> (in alto a sinistra) o direttamente sul titolo<\/li>\n\n\n\n<li>Seleziona <strong>&#8220;Salva&#8221;<\/strong> o <strong>&#8220;Aggiungi alle mie posizioni&#8221;, a<\/strong> seconda della versione dell&#8217;applicazione.<\/li>\n<\/ol>\n\n<p>Ora \u00e8 nei tuoi preferiti e puoi accedervi in qualsiasi momento, anche senza connessione!<\/p>\n\n<iframe src=\"https:\/\/www.google.com\/maps\/d\/u\/2\/embed?mid=1MAhIVwy2reztUcHUy5C5aFY-EbwY-xU&#038;ehbc=2E312F\" width=\"100%\" height=\"480\"><\/iframe>\n\n<p>Ci \u00e8 piaciuta molto questa breve vacanza sul Lago di Como e siamo rimasti incantati dalla bellezza del luogo. Ci \u00e8 piaciuto molto girare per i piccoli villaggi pittoreschi e, naturalmente, abbiamo amato il cibo italiano.  <\/p>\n\n<p>Una nota finale: ovviamente non abbiamo visitato tutti i villaggi del Lago di Como e questa selezione \u00e8 stata fatta tra quelli che abbiamo visitato. Non esitate a lasciarci un commento alla fine dell&#8217;articolo con i vostri villaggi preferiti da condividere con gli altri lettori.<\/p>\n\n<p>Potete anche approfittare del vostro soggiorno nella regione per godervi le splendide spiagge del Lago di Como e per visitare la citt\u00e0 di Milano, tra cui il <a href=\"https:\/\/www.pourquoi-pas-nous.com\/it\/duomo-cattedrale-milano\/\">Duomo, la Cattedrale di Milano<\/a> e i suoi incredibili <a href=\"https:\/\/www.pourquoi-pas-nous.com\/it\/duomo-cattedrale-milano\/\">musei<\/a>.<\/p>\n\n<p>Una volta esplorato il Lago di Como, ti consigliamo di dare un&#8217;occhiata anche al Lago di Garda e alla splendida <a href=\"https:\/\/www.pourquoi-pas-nous.com\/it\/?p=73303\" target=\"_blank\" data-type=\"post\" data-id=\"71058\" rel=\"noreferrer noopener\">citt\u00e0 di Verona<\/a>, per immergerti nell&#8217;atmosfera unica dei grandi laghi italiani.<\/p>\n\n<p>Vi auguriamo un <strong>fantastico weekend<\/strong>! Non esitate a lasciarci un <strong>messaggio<\/strong> o <strong>5 stelle<\/strong> qui sotto per farci sapere se state programmando questo viaggio o per farci domande, qui o su <a href=\"https:\/\/www.instagram.com\/pourquoipasnous_voyage\/\" target=\"_blank\" rel=\"noreferrer noopener\">Instagram<\/a>, e saremo lieti di rispondervi.  <\/p>\n<div style='text-align:right' class='yasr-auto-insert-visitor'><\/div>","protected":false},"excerpt":{"rendered":"<p>Una visita al Lago di Como \u00e8 una tappa obbligata del vostro viaggio nel nord Italia. Questo splendido lago, il terzo pi\u00f9 grande d&#8217;Italia, \u00e8 un tesoro della Lombardia, situato a meno di un&#8217;ora da Milano. Circondato da maestose montagne e punteggiato da incantevoli villaggi, il lago \u00e8 costeggiato da eleganti ville e giardini lussureggianti. [&hellip;]<\/p>\n","protected":false},"author":2,"featured_media":50112,"comment_status":"open","ping_status":"closed","sticky":false,"template":"","format":"standard","meta":{"_acf_changed":false,"_wp_convertkit_post_meta":{"form":"-1","landing_page":"","tag":"0","restrict_content":"0"},"jetpack_post_was_ever_published":true,"yasr_overall_rating":0,"yasr_post_is_review":"","yasr_auto_insert_disabled":"","yasr_review_type":"","_jetpack_newsletter_access":"","_jetpack_dont_email_post_to_subs":false,"_jetpack_newsletter_tier_id":0,"_jetpack_memberships_contains_paywalled_content":false,"_jetpack_memberships_contains_paid_content":false,"footnotes":""},"categories":[270,275,278],"tags":[],"class_list":["post-49382","post","type-post","status-publish","format-standard","has-post-thumbnail","hentry","category-guida-di-viaggio","category-italia-it","category-lago-di-como"],"acf":[],"_wp_attached_file":null,"_wp_attachment_image_alt":null,"rank_math_primary_category":"54","rank_math_title":"Un weekend sul Lago di Como: consigli per un soggiorno memorabile","rank_math_description":"Scoprite i nostri consigli per un weekend indimenticabile sul Lago di Como e assicuratevi di non perdere nessuna delle nostre esperienze.","rank_math_focus_keyword":"week-end-lac-de-come","yasr_visitor_votes":{"stars_attributes":{"read_only":false,"span_bottom":false},"number_of_votes":0,"sum_votes":0},"jetpack_featured_media_url":"https:\/\/i0.wp.com\/www.pourquoi-pas-nous.com\/wp-content\/uploads\/2023\/12\/P1050475-scaled.webp?fit=2048%2C1536&ssl=1","jetpack_sharing_enabled":true,"_links":{"self":[{"href":"https:\/\/www.pourquoi-pas-nous.com\/it\/wp-json\/wp\/v2\/posts\/49382","targetHints":{"allow":["GET"]}}],"collection":[{"href":"https:\/\/www.pourquoi-pas-nous.com\/it\/wp-json\/wp\/v2\/posts"}],"about":[{"href":"https:\/\/www.pourquoi-pas-nous.com\/it\/wp-json\/wp\/v2\/types\/post"}],"author":[{"embeddable":true,"href":"https:\/\/www.pourquoi-pas-nous.com\/it\/wp-json\/wp\/v2\/users\/2"}],"replies":[{"embeddable":true,"href":"https:\/\/www.pourquoi-pas-nous.com\/it\/wp-json\/wp\/v2\/comments?post=49382"}],"version-history":[{"count":21,"href":"https:\/\/www.pourquoi-pas-nous.com\/it\/wp-json\/wp\/v2\/posts\/49382\/revisions"}],"predecessor-version":[{"id":74106,"href":"https:\/\/www.pourquoi-pas-nous.com\/it\/wp-json\/wp\/v2\/posts\/49382\/revisions\/74106"}],"wp:featuredmedia":[{"embeddable":true,"href":"https:\/\/www.pourquoi-pas-nous.com\/it\/wp-json\/wp\/v2\/media\/50112"}],"wp:attachment":[{"href":"https:\/\/www.pourquoi-pas-nous.com\/it\/wp-json\/wp\/v2\/media?parent=49382"}],"wp:term":[{"taxonomy":"category","embeddable":true,"href":"https:\/\/www.pourquoi-pas-nous.com\/it\/wp-json\/wp\/v2\/categories?post=49382"},{"taxonomy":"post_tag","embeddable":true,"href":"https:\/\/www.pourquoi-pas-nous.com\/it\/wp-json\/wp\/v2\/tags?post=49382"}],"curies":[{"name":"wp","href":"https:\/\/api.w.org\/{rel}","templated":true}]}}