{"id":61316,"date":"2024-05-23T18:07:53","date_gmt":"2024-05-23T16:07:53","guid":{"rendered":"https:\/\/www.pourquoi-pas-nous.com\/dormir-senja\/"},"modified":"2025-12-14T16:37:54","modified_gmt":"2025-12-14T14:37:54","slug":"dormir-senja","status":"publish","type":"post","link":"https:\/\/www.pourquoi-pas-nous.com\/it\/dormir-senja\/","title":{"rendered":"Dove alloggiare sull&#8217;isola di Senja? i nostri migliori indirizzi"},"content":{"rendered":"\n<p>Stai cercando <strong>un posto dove alloggiare durante il tuo soggiorno sull&#8217;isola di Senja<\/strong> <strong>? <\/strong> Avevamo le stesse domande quando stavamo preparando il nostro viaggio sull&#8217;isola.<\/p>\n\n<p><strong> <\/strong>Per sfruttare al meglio la tua vacanza e visitare i luoghi imperdibili di Senja, \u00e8 importante trovare uno o pi\u00f9<strong>alloggi<\/strong> in posizione strategica.<\/p>\n\n<p>Per aiutarti, ti diamo tutti i nostri consigli su <strong>dove alloggiare a Senja<\/strong>, in Norvegia, e condividiamo i nostri <strong>migliori indirizzi di hotel<\/strong> e <strong>luoghi dove campeggiare<\/strong> con la tua tenda o il tuo furgone.<\/p>\n\n<h2 class=\"wp-block-heading\">I nostri consigli per trovare un alloggio sull&#8217;isola di Senja :<\/h2>\n\n<p>Come puoi leggere nel nostro articolo, <a href=\"https:\/\/www.pourquoi-pas-nous.com\/it\/?p=61013\" data-type=\"post\" data-id=\"60510\">visita l&#8217;isola di Senja in Norvegia<\/a>:<\/p>\n\n<ul class=\"wp-block-list\">\n<li>Ti consigliamo di fermarti <strong>a Senja per almeno 2 giorni<\/strong>, l&#8217;ideale sarebbe 3, in modo da avere un giorno in pi\u00f9 se il tempo diventa incostante e piovoso, cosa che accade spesso anche in estate.  <br \/><\/li>\n\n\n\n<li>Come puoi vedere dalla nostra mappa, <strong>la zona pi\u00f9 interessante \u00e8 quella a nord dell&#8217;isola<\/strong>, con i <strong>fiordi e le montagne<\/strong>. Ti consigliamo di trovare un alloggio qui.<\/li>\n<\/ul>\n\n<ul class=\"wp-block-list\">\n<li>Sull&#8217;isola di Senja, come ovunque, troverai hotel e appartamenti in affitto, generalmente con cucina individuale o condivisa.<\/li>\n<\/ul>\n\n<ul class=\"wp-block-list\">\n<li>Un ultimo consiglio per risparmiare durante il tuo soggiorno sull&#8217;isola di Senja: se possibile, scegli un alloggio con <strong>cucina privata o condivisa<\/strong>, in modo da poter cucinare da solo. La Norvegia non \u00e8 rinomata per la sua gastronomia e anche il costo della vita \u00e8 pi\u00f9 alto rispetto al nostro paese: aspettati di pagare in media <strong>20-25\u20ac per un pasto<\/strong> in un ristorante di fascia media.<\/li>\n<\/ul>\n\n\n\n<figure class=\"wp-block-gallery has-nested-images columns-default is-cropped wp-block-gallery-2 is-layout-flex wp-block-gallery-is-layout-flex\">\n<figure class=\"wp-block-image size-large\"><img data-recalc-dims=\"1\" fetchpriority=\"high\" decoding=\"async\" width=\"800\" height=\"603\" data-id=\"60894\" src=\"https:\/\/i0.wp.com\/www.pourquoi-pas-nous.com\/wp-content\/uploads\/2024\/05\/PXL_20230707_201131991.jpg?resize=800%2C603&#038;ssl=1\" alt=\"spiaggia dell&#039;isola di senja\" class=\"wp-image-60894\" title=\"\" srcset=\"https:\/\/i0.wp.com\/www.pourquoi-pas-nous.com\/wp-content\/uploads\/2024\/05\/PXL_20230707_201131991-scaled.jpg?resize=1200%2C904&amp;ssl=1 1200w, https:\/\/i0.wp.com\/www.pourquoi-pas-nous.com\/wp-content\/uploads\/2024\/05\/PXL_20230707_201131991-scaled.jpg?resize=400%2C301&amp;ssl=1 400w, https:\/\/i0.wp.com\/www.pourquoi-pas-nous.com\/wp-content\/uploads\/2024\/05\/PXL_20230707_201131991-scaled.jpg?w=2048&amp;ssl=1 2048w, https:\/\/i0.wp.com\/www.pourquoi-pas-nous.com\/wp-content\/uploads\/2024\/05\/PXL_20230707_201131991-scaled.jpg?w=1600&amp;ssl=1 1600w\" sizes=\"(max-width: 800px) 100vw, 800px\" \/><\/figure>\n<\/figure>\n\n<figure class=\"wp-block-gallery has-nested-images columns-default is-cropped wp-block-gallery-3 is-layout-flex wp-block-gallery-is-layout-flex\">\n<figure class=\"wp-block-image size-large\"><img data-recalc-dims=\"1\" decoding=\"async\" width=\"800\" height=\"1063\" data-id=\"60979\" src=\"https:\/\/i0.wp.com\/www.pourquoi-pas-nous.com\/wp-content\/uploads\/2024\/05\/PXL_20230710_144111999.jpg?resize=800%2C1063&#038;ssl=1\" alt=\"escursione all&#039;isola di senja\" class=\"wp-image-60979\" title=\"\" srcset=\"https:\/\/i0.wp.com\/www.pourquoi-pas-nous.com\/wp-content\/uploads\/2024\/05\/PXL_20230710_144111999-scaled.jpg?resize=1200%2C1594&amp;ssl=1 1200w, https:\/\/i0.wp.com\/www.pourquoi-pas-nous.com\/wp-content\/uploads\/2024\/05\/PXL_20230710_144111999-scaled.jpg?resize=400%2C531&amp;ssl=1 400w, https:\/\/i0.wp.com\/www.pourquoi-pas-nous.com\/wp-content\/uploads\/2024\/05\/PXL_20230710_144111999-scaled.jpg?w=1542&amp;ssl=1 1542w\" sizes=\"(max-width: 800px) 100vw, 800px\" \/><\/figure>\n\n\n\n<figure class=\"wp-block-image size-large\"><img data-recalc-dims=\"1\" decoding=\"async\" width=\"800\" height=\"1067\" data-id=\"60944\" src=\"https:\/\/i0.wp.com\/www.pourquoi-pas-nous.com\/wp-content\/uploads\/2024\/05\/PXL_20230710_142221607.jpg?resize=800%2C1067&#038;ssl=1\" alt=\"escursione all&#039;isola di senja\" class=\"wp-image-60944\" title=\"\" srcset=\"https:\/\/i0.wp.com\/www.pourquoi-pas-nous.com\/wp-content\/uploads\/2024\/05\/PXL_20230710_142221607-scaled.jpg?resize=1200%2C1600&amp;ssl=1 1200w, https:\/\/i0.wp.com\/www.pourquoi-pas-nous.com\/wp-content\/uploads\/2024\/05\/PXL_20230710_142221607-scaled.jpg?resize=400%2C533&amp;ssl=1 400w, https:\/\/i0.wp.com\/www.pourquoi-pas-nous.com\/wp-content\/uploads\/2024\/05\/PXL_20230710_142221607-scaled.jpg?w=1536&amp;ssl=1 1536w\" sizes=\"(max-width: 800px) 100vw, 800px\" \/><\/figure>\n<\/figure>\n\n<figure class=\"wp-block-gallery has-nested-images columns-default is-cropped wp-block-gallery-4 is-layout-flex wp-block-gallery-is-layout-flex\">\n<figure class=\"wp-block-image size-large\"><img data-recalc-dims=\"1\" loading=\"lazy\" decoding=\"async\" width=\"800\" height=\"603\" data-id=\"60919\" src=\"https:\/\/i0.wp.com\/www.pourquoi-pas-nous.com\/wp-content\/uploads\/2024\/05\/PXL_20230710_083054248.jpg?resize=800%2C603&#038;ssl=1\" alt=\"passerella dell&#039;isola di senja\" class=\"wp-image-60919\" title=\"\" srcset=\"https:\/\/i0.wp.com\/www.pourquoi-pas-nous.com\/wp-content\/uploads\/2024\/05\/PXL_20230710_083054248-scaled.jpg?resize=1200%2C904&amp;ssl=1 1200w, https:\/\/i0.wp.com\/www.pourquoi-pas-nous.com\/wp-content\/uploads\/2024\/05\/PXL_20230710_083054248-scaled.jpg?resize=400%2C301&amp;ssl=1 400w, https:\/\/i0.wp.com\/www.pourquoi-pas-nous.com\/wp-content\/uploads\/2024\/05\/PXL_20230710_083054248-scaled.jpg?w=2048&amp;ssl=1 2048w, https:\/\/i0.wp.com\/www.pourquoi-pas-nous.com\/wp-content\/uploads\/2024\/05\/PXL_20230710_083054248-scaled.jpg?w=1600&amp;ssl=1 1600w\" sizes=\"(max-width: 800px) 100vw, 800px\" \/><\/figure>\n<\/figure>\n\n<h2 class=\"wp-block-heading\">Buon rapporto qualit\u00e0-prezzo (circa 100\u20ac a notte)<\/h2>\n<div class=\"lazyblock-conseils-et-hebergements-225EzG wp-block-lazyblock-conseils-et-hebergements\"><div class=\"conseils-hebergements\"><span class=\"titre-conseils\"><i class=\"fas fa-map-marked-alt\"><\/i>Il nostro sito preferito &amp;#x2764;&amp;#xfe0f;<\/span>\n<p><p>L&#8217;<strong>Hotel Mefjord Brygge<\/strong>, a <strong>nord della strada panoramica<\/strong> nel cuore del villaggio, \u00e8 situato in posizione ideale tra la <strong>spiaggia di sabbia bianca di Ersfjord<\/strong> e l&#8217;inizio dell&#8217;escursione al Monte Segla o al Monte Hesten.<\/p>\n<p>Alcune camere offrono una splendida vista sul fiordo e sulle montagne conosciute come i Denti del Diavolo. L&#8217;hotel offre camere e comodi appartamenti per la ristorazione. Il villaggio dispone di un mini-market e di una panetteria.<\/p><\/p><\/div><\/div>\n<figure class=\"wp-block-gallery has-nested-images columns-default is-cropped wp-block-gallery-5 is-layout-flex wp-block-gallery-is-layout-flex\">\n<figure class=\"wp-block-image size-large\"><img data-recalc-dims=\"1\" loading=\"lazy\" decoding=\"async\" width=\"800\" height=\"649\" data-id=\"60822\" src=\"https:\/\/i0.wp.com\/www.pourquoi-pas-nous.com\/wp-content\/uploads\/2024\/05\/259055448.jpg?resize=800%2C649&#038;ssl=1\" alt=\"hotel senja norvege\" class=\"wp-image-60822\" title=\"\" srcset=\"https:\/\/i0.wp.com\/www.pourquoi-pas-nous.com\/wp-content\/uploads\/2024\/05\/259055448.jpg?w=1110&amp;ssl=1 1110w, https:\/\/i0.wp.com\/www.pourquoi-pas-nous.com\/wp-content\/uploads\/2024\/05\/259055448.jpg?resize=400%2C324&amp;ssl=1 400w\" sizes=\"(max-width: 800px) 100vw, 800px\" \/><\/figure>\n\n\n\n<figure class=\"wp-block-image size-large\"><img data-recalc-dims=\"1\" loading=\"lazy\" decoding=\"async\" width=\"800\" height=\"533\" data-id=\"60827\" src=\"https:\/\/i0.wp.com\/www.pourquoi-pas-nous.com\/wp-content\/uploads\/2024\/05\/271502518.jpg?resize=800%2C533&#038;ssl=1\" alt=\"hotel senja norvege\" class=\"wp-image-60827\" title=\"\" srcset=\"https:\/\/i0.wp.com\/www.pourquoi-pas-nous.com\/wp-content\/uploads\/2024\/05\/271502518.jpg?resize=1200%2C799&amp;ssl=1 1200w, https:\/\/i0.wp.com\/www.pourquoi-pas-nous.com\/wp-content\/uploads\/2024\/05\/271502518.jpg?resize=400%2C266&amp;ssl=1 400w, https:\/\/i0.wp.com\/www.pourquoi-pas-nous.com\/wp-content\/uploads\/2024\/05\/271502518.jpg?w=1280&amp;ssl=1 1280w\" sizes=\"(max-width: 800px) 100vw, 800px\" \/><\/figure>\n<\/figure>\n\n<p><a href=\"https:\/\/www.booking.com\/hotel\/no\/mefjord-brygge.en.html?aid=1529171&amp;no_rooms=1&amp;group_adults=2\" target=\"_blank\" rel=\"noreferrer noopener nofollow sponsored\">&#x27a1;&#xfe0f;Voir prezzi e disponibilit\u00e0 per Hotel Mefjord Brygge a Senja<\/a> (buon rapporto qualit\u00e0\/prezzo)<\/p>\n\n<h2 class=\"wp-block-heading\">Hotel con colazione<\/h2>\n<div class=\"lazyblock-conseils-et-hebergements-ZaUoGP wp-block-lazyblock-conseils-et-hebergements\"><div class=\"conseils-hebergements\"><span class=\"titre-conseils\"><i class=\"fas fa-map-marked-alt\"><\/i>Hotel con colazione<\/span>\n<p><p><strong>Hamn i Senja<\/strong> \u00e8 <strong>un indirizzo bellissimo e appartato<\/strong>, situato a nord-ovest vicino al porto di Gryllerfjord (traghetto per il Vesteralen). Si trova vicino ai principali punti di interesse dell&#8217;isola e al piccolo villaggio di B\u00f8v\u00e6r.<\/p>\n<p>La colazione \u00e8 inclusa nel prezzo del pernottamento. Ti consigliamo di prenotare una <strong>camera con vista sul mare o sulle montagne<\/strong> per sfruttare al meglio la posizione. L&#8217;hotel offre servizi aggiuntivi a pagamento, come il noleggio di kayak, la jacuzzi e la sauna.<\/p><\/p><\/div><\/div>\n<figure class=\"wp-block-gallery has-nested-images columns-default is-cropped wp-block-gallery-6 is-layout-flex wp-block-gallery-is-layout-flex\">\n<figure class=\"wp-block-image size-large\"><img data-recalc-dims=\"1\" loading=\"lazy\" decoding=\"async\" width=\"800\" height=\"533\" data-id=\"61181\" src=\"https:\/\/i0.wp.com\/www.pourquoi-pas-nous.com\/wp-content\/uploads\/2024\/05\/57450591.jpg?resize=800%2C533&#038;ssl=1\" alt=\"hotel senja norvege\" class=\"wp-image-61181\" title=\"\" srcset=\"https:\/\/i0.wp.com\/www.pourquoi-pas-nous.com\/wp-content\/uploads\/2024\/05\/57450591.jpg?resize=1200%2C800&amp;ssl=1 1200w, https:\/\/i0.wp.com\/www.pourquoi-pas-nous.com\/wp-content\/uploads\/2024\/05\/57450591.jpg?resize=400%2C267&amp;ssl=1 400w, https:\/\/i0.wp.com\/www.pourquoi-pas-nous.com\/wp-content\/uploads\/2024\/05\/57450591.jpg?w=1280&amp;ssl=1 1280w\" sizes=\"(max-width: 800px) 100vw, 800px\" \/><\/figure>\n\n\n\n<figure class=\"wp-block-image size-large\"><img data-recalc-dims=\"1\" loading=\"lazy\" decoding=\"async\" width=\"800\" height=\"533\" data-id=\"61186\" src=\"https:\/\/i0.wp.com\/www.pourquoi-pas-nous.com\/wp-content\/uploads\/2024\/05\/330562549.jpg?resize=800%2C533&#038;ssl=1\" alt=\"\" class=\"wp-image-61186\" title=\"\" srcset=\"https:\/\/i0.wp.com\/www.pourquoi-pas-nous.com\/wp-content\/uploads\/2024\/05\/330562549.jpg?resize=1200%2C800&amp;ssl=1 1200w, https:\/\/i0.wp.com\/www.pourquoi-pas-nous.com\/wp-content\/uploads\/2024\/05\/330562549.jpg?resize=400%2C267&amp;ssl=1 400w, https:\/\/i0.wp.com\/www.pourquoi-pas-nous.com\/wp-content\/uploads\/2024\/05\/330562549.jpg?w=1280&amp;ssl=1 1280w\" sizes=\"(max-width: 800px) 100vw, 800px\" \/><\/figure>\n<\/figure>\n\n<p><a href=\"https:\/\/www.booking.com\/hotel\/no\/hamn-i-senja.fr.html?aid=1529171&amp;no_rooms=1&amp;group_adults=2\" target=\"_blank\" rel=\"noreferrer noopener nofollow sponsored\">&#x27a1;&#xfe0f;Voir prezzi e disponibilit\u00e0 dell&#8217;hotel Hamn i Senja<\/a> (fascia media)<\/p>\n\n<h2 class=\"wp-block-heading\">Dove dormire in tenda, furgone o camper sull&#8217;isola di Senja?<\/h2>\n\n<p>La Norvegia \u00e8 un paese ideale per la vita in furgone, in quanto la sosta notturna \u00e8 consentita quasi ovunque, a patto ovviamente di mantenere una distanza di sicurezza dalle abitazioni e di rispettare l&#8217;ambiente circostante.  <\/p>\n\n<p>Se viaggi con un veicolo trasformato, troverai facilmente dei bivacchi sull&#8217;isola di Senja. Tieni presente che, come nelle Isole Lofoten, i parcheggi non sono molto grandi e l&#8217;area da visitare si trova nello stesso punto, quindi ti consigliamo di arrivare presto per assicurarti un posto. All&#8217;inizio di luglio avevamo ancora una scelta di bivacchi.<\/p>\n\n<p>Ecco i luoghi in cui abbiamo soggiornato durante il nostro <strong>viaggio a Senja<\/strong>:<\/p>\n\n<ul class=\"wp-block-list\">\n<li>La <strong>spiaggia di Ersfjord<\/strong>, dove potrai piantare la tua tenda, \u00e8 un luogo sublime. Dovrai arrivare in anticipo con un veicolo, poich\u00e9 il parcheggio \u00e8 piccolo. C&#8217;\u00e8 anche un punto d&#8217;acqua, una doccia sulla spiaggia e dei servizi igienici. \u00c8 quasi un posto di lusso!<br \/><\/li>\n\n\n\n<li><strong>Mefjordvaer Park4night 41106<\/strong> area di parcheggio <strong>con servizi gratuiti<\/strong> e splendida vista sui Denti del Diavolo! All&#8217;inizio di luglio c&#8217;erano molte zanzare.<\/li>\n<\/ul>\n\n<figure class=\"wp-block-gallery has-nested-images columns-default is-cropped wp-block-gallery-7 is-layout-flex wp-block-gallery-is-layout-flex\">\n<figure class=\"wp-block-image size-large\"><img data-recalc-dims=\"1\" loading=\"lazy\" decoding=\"async\" width=\"800\" height=\"603\" data-id=\"60844\" src=\"https:\/\/i0.wp.com\/www.pourquoi-pas-nous.com\/wp-content\/uploads\/2024\/05\/PXL_20230707_090923101.jpg?resize=800%2C603&#038;ssl=1\" alt=\"isola di senja\" class=\"wp-image-60844\" title=\"\" srcset=\"https:\/\/i0.wp.com\/www.pourquoi-pas-nous.com\/wp-content\/uploads\/2024\/05\/PXL_20230707_090923101-scaled.jpg?resize=1200%2C904&amp;ssl=1 1200w, https:\/\/i0.wp.com\/www.pourquoi-pas-nous.com\/wp-content\/uploads\/2024\/05\/PXL_20230707_090923101-scaled.jpg?resize=400%2C301&amp;ssl=1 400w, https:\/\/i0.wp.com\/www.pourquoi-pas-nous.com\/wp-content\/uploads\/2024\/05\/PXL_20230707_090923101-scaled.jpg?w=2048&amp;ssl=1 2048w, https:\/\/i0.wp.com\/www.pourquoi-pas-nous.com\/wp-content\/uploads\/2024\/05\/PXL_20230707_090923101-scaled.jpg?w=1600&amp;ssl=1 1600w\" sizes=\"(max-width: 800px) 100vw, 800px\" \/><\/figure>\n<\/figure>\n\n<figure class=\"wp-block-gallery has-nested-images columns-default is-cropped wp-block-gallery-8 is-layout-flex wp-block-gallery-is-layout-flex\">\n<figure class=\"wp-block-image size-large\"><img data-recalc-dims=\"1\" loading=\"lazy\" decoding=\"async\" width=\"800\" height=\"603\" data-id=\"60934\" src=\"https:\/\/i0.wp.com\/www.pourquoi-pas-nous.com\/wp-content\/uploads\/2024\/05\/PXL_20230710_091638338.jpg?resize=800%2C603&#038;ssl=1\" alt=\"spiaggia dell&#039;isola di senja\" class=\"wp-image-60934\" title=\"\" srcset=\"https:\/\/i0.wp.com\/www.pourquoi-pas-nous.com\/wp-content\/uploads\/2024\/05\/PXL_20230710_091638338-scaled.jpg?resize=1200%2C904&amp;ssl=1 1200w, https:\/\/i0.wp.com\/www.pourquoi-pas-nous.com\/wp-content\/uploads\/2024\/05\/PXL_20230710_091638338-scaled.jpg?resize=400%2C301&amp;ssl=1 400w, https:\/\/i0.wp.com\/www.pourquoi-pas-nous.com\/wp-content\/uploads\/2024\/05\/PXL_20230710_091638338-scaled.jpg?w=2048&amp;ssl=1 2048w, https:\/\/i0.wp.com\/www.pourquoi-pas-nous.com\/wp-content\/uploads\/2024\/05\/PXL_20230710_091638338-scaled.jpg?w=1600&amp;ssl=1 1600w\" sizes=\"(max-width: 800px) 100vw, 800px\" \/><\/figure>\n<\/figure>\n\n<p>Ci auguriamo che abbiate trovato quello che cercate! E non esitare a lasciarci i tuoi consigli per l&#8217;alloggio nella sezione commenti.<\/p>\n\n<p>Abbiamo esplorato la <a href=\"https:\/\/www.pourquoi-pas-nous.com\/it\/viaggio-in-scandinavia\/\">Norvegia da sud a nord per due mesi<\/a>, quindi assicurati di dare un&#8217;occhiata agli altri articoli su questo incredibile paese.<\/p>\n\n<p>Vi auguriamo un <strong>viaggio fantastico<\/strong>! Non esitate a lasciarci un <strong>commento<\/strong> o <strong>5 stelle<\/strong> qui sotto, a farci sapere se state programmando questo viaggio o a farci domande, qui o su <a href=\"https:\/\/www.instagram.com\/pourquoipasnous_voyage\/\" target=\"_blank\" rel=\"noreferrer noopener\">Instagram<\/a>. Saremo lieti di rispondervi.  <\/p>\n<div style='text-align:right' class='yasr-auto-insert-visitor'><\/div>","protected":false},"excerpt":{"rendered":"<p>Stai cercando un posto dove alloggiare durante il tuo soggiorno sull&#8217;isola di Senja ? Avevamo le stesse domande quando stavamo preparando il nostro viaggio sull&#8217;isola. Per sfruttare al meglio la tua vacanza e visitare i luoghi imperdibili di Senja, \u00e8 importante trovare uno o pi\u00f9alloggi in posizione strategica. Per aiutarti, ti diamo tutti i nostri [&hellip;]<\/p>\n","protected":false},"author":2,"featured_media":50536,"comment_status":"open","ping_status":"closed","sticky":false,"template":"","format":"standard","meta":{"_acf_changed":false,"_wp_convertkit_post_meta":{"form":"-1","landing_page":"0","tag":"0","restrict_content":"0"},"jetpack_post_was_ever_published":false,"yasr_overall_rating":0,"yasr_post_is_review":"","yasr_auto_insert_disabled":"","yasr_review_type":"","_jetpack_newsletter_access":"","_jetpack_dont_email_post_to_subs":false,"_jetpack_newsletter_tier_id":0,"_jetpack_memberships_contains_paywalled_content":false,"_jetpack_memberships_contains_paid_content":false,"footnotes":""},"categories":[337,55],"tags":[],"class_list":["post-61316","post","type-post","status-publish","format-standard","has-post-thumbnail","hentry","category-norvege","category-guides-voyage"],"acf":[],"_wp_attached_file":null,"_wp_attachment_image_alt":null,"rank_math_primary_category":"337","rank_math_title":"Dove dormire a Senja, Norvegia I nostri luoghi migliori","rank_math_description":"Scopri i migliori indirizzi dove alloggiare sull'isola di Senja. Prenota ora il tuo soggiorno perfetto per dormire a Senja.","rank_math_focus_keyword":"dormir-senja","yasr_visitor_votes":{"stars_attributes":{"read_only":false,"span_bottom":false},"number_of_votes":0,"sum_votes":0},"jetpack_featured_media_url":"https:\/\/i0.wp.com\/www.pourquoi-pas-nous.com\/wp-content\/uploads\/2024\/01\/PXL_20230707_200105939-scaled.webp?fit=2048%2C1542&ssl=1","jetpack_sharing_enabled":true,"_links":{"self":[{"href":"https:\/\/www.pourquoi-pas-nous.com\/it\/wp-json\/wp\/v2\/posts\/61316","targetHints":{"allow":["GET"]}}],"collection":[{"href":"https:\/\/www.pourquoi-pas-nous.com\/it\/wp-json\/wp\/v2\/posts"}],"about":[{"href":"https:\/\/www.pourquoi-pas-nous.com\/it\/wp-json\/wp\/v2\/types\/post"}],"author":[{"embeddable":true,"href":"https:\/\/www.pourquoi-pas-nous.com\/it\/wp-json\/wp\/v2\/users\/2"}],"replies":[{"embeddable":true,"href":"https:\/\/www.pourquoi-pas-nous.com\/it\/wp-json\/wp\/v2\/comments?post=61316"}],"version-history":[{"count":13,"href":"https:\/\/www.pourquoi-pas-nous.com\/it\/wp-json\/wp\/v2\/posts\/61316\/revisions"}],"predecessor-version":[{"id":74974,"href":"https:\/\/www.pourquoi-pas-nous.com\/it\/wp-json\/wp\/v2\/posts\/61316\/revisions\/74974"}],"wp:featuredmedia":[{"embeddable":true,"href":"https:\/\/www.pourquoi-pas-nous.com\/it\/wp-json\/wp\/v2\/media\/50536"}],"wp:attachment":[{"href":"https:\/\/www.pourquoi-pas-nous.com\/it\/wp-json\/wp\/v2\/media?parent=61316"}],"wp:term":[{"taxonomy":"category","embeddable":true,"href":"https:\/\/www.pourquoi-pas-nous.com\/it\/wp-json\/wp\/v2\/categories?post=61316"},{"taxonomy":"post_tag","embeddable":true,"href":"https:\/\/www.pourquoi-pas-nous.com\/it\/wp-json\/wp\/v2\/tags?post=61316"}],"curies":[{"name":"wp","href":"https:\/\/api.w.org\/{rel}","templated":true}]}}