{"id":77023,"date":"2026-01-20T21:29:26","date_gmt":"2026-01-20T19:29:26","guid":{"rendered":"https:\/\/www.pourquoi-pas-nous.com\/cosa-fare-ad-alvor-portogallo-le-spiagge-e-la-nostra-opinione\/"},"modified":"2026-02-12T14:28:46","modified_gmt":"2026-02-12T12:28:46","slug":"cosa-fare-ad-alvor-portogallo-le-spiagge-e-la-nostra-opinione","status":"publish","type":"post","link":"https:\/\/www.pourquoi-pas-nous.com\/it\/cosa-fare-ad-alvor-portogallo-le-spiagge-e-la-nostra-opinione\/","title":{"rendered":"Cosa fare ad Alvor, Portogallo: le spiagge e la nostra opinione"},"content":{"rendered":"\n<p>Ti stai chiedendo <strong>cosa fare ad Alvor, in Portogallo<\/strong>? Allora sei nel posto giusto. Durante il nostro soggiorno in Algarve, abbiamo scelto Alvor per esplorare le sue spiagge e il suo lungomare, molto meno cementificato rispetto ad altre zone della regione.    <\/p>\n\n<figure class=\"wp-block-image size-large\"><img data-recalc-dims=\"1\" data-dominant-color=\"887961\" data-has-transparency=\"false\" style=\"--dominant-color: #887961;\" fetchpriority=\"high\" decoding=\"async\" width=\"800\" height=\"379\" src=\"https:\/\/i0.wp.com\/www.pourquoi-pas-nous.com\/wp-content\/uploads\/2026\/01\/20210823_181354.jpg?resize=800%2C379&#038;ssl=1\" alt=\"\" class=\"wp-image-76968 not-transparent\" title=\"\" srcset=\"https:\/\/i0.wp.com\/www.pourquoi-pas-nous.com\/wp-content\/uploads\/2026\/01\/20210823_181354-scaled.jpg?resize=1200%2C568&amp;ssl=1 1200w, https:\/\/i0.wp.com\/www.pourquoi-pas-nous.com\/wp-content\/uploads\/2026\/01\/20210823_181354-scaled.jpg?resize=400%2C189&amp;ssl=1 400w, https:\/\/i0.wp.com\/www.pourquoi-pas-nous.com\/wp-content\/uploads\/2026\/01\/20210823_181354-scaled.jpg?w=2048&amp;ssl=1 2048w, https:\/\/i0.wp.com\/www.pourquoi-pas-nous.com\/wp-content\/uploads\/2026\/01\/20210823_181354-scaled.jpg?w=1600&amp;ssl=1 1600w\" sizes=\"(max-width: 800px) 100vw, 800px\" \/><\/figure>\n\n<p>In questo articolo ti diamo tutti i <strong>nostri consigli e trucchi<\/strong> per vivere al meglio Alvor.<\/p>\n\n<div class=\"wp-block-group fiche-lieu has-background is-layout-constrained wp-block-group-is-layout-constrained\" style=\"background-color:#7ba0982e\">\n<p class=\"has-text-align-center is-style-default has-white-color has-text-color has-background has-link-color has-medium-font-size wp-elements-1927773b8c442ae7a10784015aa79bae\" style=\"background-color:#7ba098\"><strong><strong>Fatti salienti : Alvor<\/strong><\/strong><\/p>\n\n\n\n<div class=\"wp-block-group has-custom-fond-background-color has-background is-vertical is-layout-flex wp-container-core-group-is-layout-73aff06f wp-block-group-is-layout-flex\" style=\"border-style:none;border-width:0px;margin-top:0px;margin-bottom:0px;padding-top:var(--wp--preset--spacing--10);padding-right:var(--wp--preset--spacing--10);padding-bottom:var(--wp--preset--spacing--10);padding-left:var(--wp--preset--spacing--10)\">\n<div class=\"wp-block-columns is-layout-flex wp-container-core-columns-is-layout-8d88fe0f wp-block-columns-is-layout-flex\" style=\"border-right-style:none;border-right-width:0px;border-bottom-style:none;border-bottom-width:0px;border-left-style:none;border-left-width:0px;padding-top:var(--wp--preset--spacing--20);padding-bottom:var(--wp--preset--spacing--20)\">\n<div class=\"wp-block-column is-layout-flow wp-block-column-is-layout-flow\" style=\"flex-basis:150px\">\n<p class=\"has-text-align-center has-medium-font-size\"><strong>Dove si trova Alvor<\/strong>?<\/p>\n<\/div>\n\n\n\n<div class=\"wp-block-column is-layout-flow wp-block-column-is-layout-flow\" style=\"flex-basis:100%\">\n<p>Nell&#8217;Algarve, nel sud del Portogallo, a 1 ora da Faro.<\/p>\n<\/div>\n<\/div>\n\n\n\n<div class=\"wp-block-columns is-layout-flex wp-container-core-columns-is-layout-8d88fe0f wp-block-columns-is-layout-flex\" style=\"border-top-color:var(--wp--preset--color--custom-bleu-fonc);border-top-style:dotted;border-top-width:1px;padding-top:var(--wp--preset--spacing--20);padding-bottom:var(--wp--preset--spacing--20)\">\n<div class=\"wp-block-column is-layout-flow wp-block-column-is-layout-flow\" style=\"flex-basis:150px\">\n<p class=\"has-text-align-center has-medium-font-size\"><strong>Da non perdere<\/strong><\/p>\n<\/div>\n\n\n\n<div class=\"wp-block-column is-layout-flow wp-block-column-is-layout-flow\" style=\"flex-basis:100%\">\n<p>&#x1f3d6;&#xfe0f; La grande spiaggia di Alvor con le sue acque cristalline<br\/>&#x1faa8; Le formazioni rocciose di <strong>Praia dos Tr\u00eas Irm\u00e3os<\/strong><br\/>&#x1f6a4; <a href=\"https:\/\/www.getyourguide.fr\/alvor-l2936\/alvor-exploration-des-grottes-en-bateau-et-en-kayak-t516436\/?partner_id=0LXQSML&amp;utm_medium=online_publisher&amp;cmp=alvor\" data-type=\"link\" data-id=\"https:\/\/www.getyourguide.fr\/alvor-l2936\/alvor-exploration-des-grottes-en-bateau-et-en-kayak-t516436\/?partner_id=0LXQSML&amp;utm_medium=online_publisher&amp;cmp=alvor\" target=\"_blank\" rel=\"noopener\">Esplora la costa in barca ed entra nelle grotte marine con i Wooden Boat Tours<br\/><\/a>&#x1f33f; La laguna naturale della Ria de Alvor<br\/>Il centro storico<\/p>\n\n\n\n<div data-gyg-href=\"https:\/\/widget.getyourguide.com\/default\/availability.frame\" data-gyg-tour-id=\"516436\" data-gyg-locale-code=\"fr-FR\" data-gyg-currency=\"EUR\" data-gyg-widget=\"availability\" data-gyg-variant=\"horizontal\" data-gyg-partner-id=\"0LXQSML\" data-gyg-cmp=\"alvor\"><\/div>\n<\/div>\n<\/div>\n\n\n\n<div class=\"wp-block-columns is-layout-flex wp-container-core-columns-is-layout-8d88fe0f wp-block-columns-is-layout-flex\" style=\"border-top-color:var(--wp--preset--color--custom-bleu-fonc);border-top-style:dotted;border-top-width:1px;padding-top:var(--wp--preset--spacing--20);padding-bottom:var(--wp--preset--spacing--20)\">\n<div class=\"wp-block-column is-layout-flow wp-block-column-is-layout-flow\" style=\"flex-basis:150px\">\n<p class=\"has-text-align-center has-medium-font-size\">Il nostro hotel sul lungomare<\/p>\n<\/div>\n\n\n\n<div class=\"wp-block-column is-layout-flow wp-block-column-is-layout-flow\" style=\"flex-basis:100%\">\n<p><em><a href=\"https:\/\/www.booking.com\/hotel\/pt\/cidade-de-olhao.fr.html?aid=1529171&amp;no_rooms=1&amp;group_adults=2\" data-type=\"link\" data-id=\"https:\/\/www.booking.com\/hotel\/pt\/cidade-de-olhao.fr.html?aid=1529171&amp;no_rooms=1&amp;group_adults=2\" target=\"_blank\" rel=\"noopener\">&#x1f4a6;<\/a><\/em> <em><a href=\"https:\/\/www.booking.com\/hotel\/pt\/cidade-de-olhao.fr.html?aid=1529171&amp;no_rooms=1&amp;group_adults=2\" data-type=\"link\" data-id=\"https:\/\/www.booking.com\/hotel\/pt\/cidade-de-olhao.fr.html?aid=1529171&amp;no_rooms=1&amp;group_adults=2\" target=\"_blank\" rel=\"noopener\">I<\/a><a href=\"https:\/\/www.booking.com\/hotel\/pt\/pestana-alvor-south-beach-premium-suite.fr.html?aid=1529171&amp;no_rooms=1&amp;group_adults=2\" data-type=\"link\" data-id=\"https:\/\/www.booking.com\/hotel\/pt\/pestana-alvor-south-beach-premium-suite.fr.html?aid=1529171&amp;no_rooms=1&amp;group_adults=2\" target=\"_blank\" rel=\"noreferrer noopener nofollow\"><em>nformazioni e prenotazioni per l&#8217;Hotel Pestana Alvor South Beach<\/em><\/a> a notte con 3 splendide piscine e accesso diretto alla spiaggia di Alvor e prima colazione <\/em> <\/p>\n<\/div>\n<\/div>\n<\/div>\n<\/div>\n\n<h2 class=\"wp-block-heading\">Cosa fare a Alvor, Portogallo<\/h2>\n\n<h3 class=\"wp-block-heading\">Spiagge e formazioni rocciose ad Alvor: bellissime, immense e naturali<\/h3>\n\n<p>Le <strong>spiagge di Alvor<\/strong> sono chiaramente una delle sorprese pi\u00f9 piacevoli della vacanza. Non ci aspettavamo di trovare una distesa di sabbia cos\u00ec ampia e spiagge cos\u00ec belle in questa regione dell&#8217;Algarve.   <\/p>\n\n<blockquote class=\"wp-block-quote is-layout-flow wp-block-quote-is-layout-flow\">\n<p class=\"has-text-align-center\">Abbiamo anche trovato <strong>il lungomare meno cementificato rispetto ad<\/strong> altri villaggi dell&#8217;Algarve.<\/p>\n<\/blockquote>\n\n<p>Rispetto ad alcune localit\u00e0 pi\u00f9 urbanizzate della regione, come Arma\u00e7\u00e3o de P\u00eara, dove le case costeggiano direttamente la spiaggia.<\/p>\n\n<p><em>Una piccola precisazione linguistica: la parola portoghese per spiaggia \u00e8 <strong>Praia<\/strong>.<\/em><\/p>\n\n<ul class=\"wp-block-list\">\n<li>&#x1f3d6;&#xfe0f; La <strong>Praia de Alvor<\/strong> \u00e8 la spiaggia principale di Alvor: con la sua sabbia chiara, l&#8217;acqua traslucida e un&#8217;estensione di circa 3 km, c&#8217;\u00e8 spazio per tutti, anche in piena estate. La <strong>Praia da Torralta<\/strong> \u00e8 un&#8217;appendice della Praia de Alvor. <br\/><\/li>\n<\/ul>\n\n<ul class=\"wp-block-list\">\n<li>&#x1faa8; Ti consigliamo di camminare lungo la spiaggia, prendendo le <strong>passerelle di legno verso est<\/strong> per raggiungere <strong>Praia dos Tr\u00eas Irm\u00e3os<\/strong>, con le sue formazioni rocciose e le acque cristalline tipiche dell&#8217;Algarve. <a href=\"https:\/\/www.chapkadirect.fr\/index.php?action=produit&amp;id=809&amp;app=pourquoipasnous\" target=\"_blank\" rel=\"noopener\"><\/a>Noi eravamo l\u00ec con la bassa marea, quindi abbiamo colto l&#8217;occasione per gironzolare tra le rocce e scoprire alcune piccole insenature davvero interessanti. <br\/><br\/>Ti consigliamo di andarci al <strong>tramonto<\/strong>, quando le <strong>luci dorate illuminano le rocce<\/strong>.<\/li>\n<\/ul>\n\n<p><em>&#x1f17f;&#xfe0f; E il grande vantaggio: dispone di un ampio parcheggio gratuito (indicato sulla nostra mappa).<\/em><\/p>\n\n<p>Siamo rimasti piacevolmente sorpresi dalla bellezza delle spiagge di questa regione, ma va detto che <strong>l&#8217;acqua \u00e8 fresca<\/strong>, anche in estate. Raramente supera i <strong>18 gradi<\/strong>. Chiaramente ci \u00e8 voluto un po&#8217; di tempo per immergerci completamente. Il primo passo \u00e8 sempre il pi\u00f9 difficile. Fortunatamente, l&#8217;aria esterna \u00e8 abbastanza calda, il che rende il bagno molto piacevole una volta entrati.      <\/p>\n\n<p>&#x1f4a1; Questo contrasto \u00e8 parte integrante del fascino dell&#8217;Algarve ed \u00e8 anche per questo che ti consigliamo di affittare un hotel con piscina e, se ne hai una, ricordati di mettere in valigia 2,2 mute da surf, le nostre sono state lasciate a casa a <a href=\"https:\/\/www.pourquoi-pas-nous.com\/it\/ile-oleron\/\" data-type=\"post\" data-id=\"5825\" target=\"_blank\" rel=\"noreferrer noopener\">Ol\u00e9ron<\/a>.<\/p>\n\n<figure class=\"wp-block-image size-large\"><img data-recalc-dims=\"1\" data-dominant-color=\"9da4ac\" data-has-transparency=\"false\" style=\"--dominant-color: #9da4ac;\" decoding=\"async\" width=\"800\" height=\"379\" src=\"https:\/\/i0.wp.com\/www.pourquoi-pas-nous.com\/wp-content\/uploads\/2026\/01\/20210825_144310.jpg?resize=800%2C379&#038;ssl=1\" alt=\"alvor portogallo algarve\" class=\"wp-image-76992 not-transparent\" title=\"\" srcset=\"https:\/\/i0.wp.com\/www.pourquoi-pas-nous.com\/wp-content\/uploads\/2026\/01\/20210825_144310-scaled.jpg?resize=1200%2C569&amp;ssl=1 1200w, https:\/\/i0.wp.com\/www.pourquoi-pas-nous.com\/wp-content\/uploads\/2026\/01\/20210825_144310-scaled.jpg?resize=400%2C190&amp;ssl=1 400w, https:\/\/i0.wp.com\/www.pourquoi-pas-nous.com\/wp-content\/uploads\/2026\/01\/20210825_144310-scaled.jpg?w=2048&amp;ssl=1 2048w, https:\/\/i0.wp.com\/www.pourquoi-pas-nous.com\/wp-content\/uploads\/2026\/01\/20210825_144310-scaled.jpg?w=1600&amp;ssl=1 1600w\" sizes=\"(max-width: 800px) 100vw, 800px\" \/><\/figure>\n\n<figure class=\"wp-block-gallery has-nested-images columns-default is-cropped wp-block-gallery-2 is-layout-flex wp-block-gallery-is-layout-flex\">\n<figure class=\"wp-block-image size-large\"><img data-recalc-dims=\"1\" data-dominant-color=\"9f876a\" data-has-transparency=\"false\" style=\"--dominant-color: #9f876a;\" decoding=\"async\" width=\"757\" height=\"1600\" data-id=\"76988\" src=\"https:\/\/i0.wp.com\/www.pourquoi-pas-nous.com\/wp-content\/uploads\/2026\/01\/20210823_181402.jpg?resize=757%2C1600&#038;ssl=1\" alt=\"alvor portogallo algarve\" class=\"wp-image-76988 not-transparent\" title=\"\" srcset=\"https:\/\/i0.wp.com\/www.pourquoi-pas-nous.com\/wp-content\/uploads\/2026\/01\/20210823_181402-scaled.jpg?resize=757%2C1600&amp;ssl=1 757w, https:\/\/i0.wp.com\/www.pourquoi-pas-nous.com\/wp-content\/uploads\/2026\/01\/20210823_181402-scaled.jpg?resize=284%2C600&amp;ssl=1 284w, https:\/\/i0.wp.com\/www.pourquoi-pas-nous.com\/wp-content\/uploads\/2026\/01\/20210823_181402-scaled.jpg?w=969&amp;ssl=1 969w\" sizes=\"(max-width: 757px) 100vw, 757px\" \/><\/figure>\n\n\n\n<figure class=\"wp-block-image size-large\"><img data-recalc-dims=\"1\" data-dominant-color=\"808a97\" data-has-transparency=\"false\" style=\"--dominant-color: #808a97;\" loading=\"lazy\" decoding=\"async\" width=\"800\" height=\"1067\" data-id=\"76976\" src=\"https:\/\/i0.wp.com\/www.pourquoi-pas-nous.com\/wp-content\/uploads\/2026\/01\/WhatsApp-Image-2026-01-20-at-18.10.31-2.jpeg?resize=800%2C1067&#038;ssl=1\" alt=\"alvor portogallo algarve\" class=\"wp-image-76976 not-transparent\" title=\"\" srcset=\"https:\/\/i0.wp.com\/www.pourquoi-pas-nous.com\/wp-content\/uploads\/2026\/01\/WhatsApp-Image-2026-01-20-at-18.10.31-2.jpeg?w=1200&amp;ssl=1 1200w, https:\/\/i0.wp.com\/www.pourquoi-pas-nous.com\/wp-content\/uploads\/2026\/01\/WhatsApp-Image-2026-01-20-at-18.10.31-2.jpeg?resize=400%2C533&amp;ssl=1 400w\" sizes=\"(max-width: 800px) 100vw, 800px\" \/><\/figure>\n<\/figure>\n\n<figure class=\"wp-block-image size-large\"><img data-recalc-dims=\"1\" data-dominant-color=\"71869a\" data-has-transparency=\"false\" style=\"--dominant-color: #71869a;\" loading=\"lazy\" decoding=\"async\" width=\"800\" height=\"379\" src=\"https:\/\/i0.wp.com\/www.pourquoi-pas-nous.com\/wp-content\/uploads\/2026\/01\/WhatsApp-Image-2026-01-20-at-18.10.31-1.jpeg?resize=800%2C379&#038;ssl=1\" alt=\"\" class=\"wp-image-76977 not-transparent\" title=\"\" srcset=\"https:\/\/i0.wp.com\/www.pourquoi-pas-nous.com\/wp-content\/uploads\/2026\/01\/WhatsApp-Image-2026-01-20-at-18.10.31-1.jpeg?resize=1200%2C568&amp;ssl=1 1200w, https:\/\/i0.wp.com\/www.pourquoi-pas-nous.com\/wp-content\/uploads\/2026\/01\/WhatsApp-Image-2026-01-20-at-18.10.31-1.jpeg?resize=400%2C189&amp;ssl=1 400w, https:\/\/i0.wp.com\/www.pourquoi-pas-nous.com\/wp-content\/uploads\/2026\/01\/WhatsApp-Image-2026-01-20-at-18.10.31-1.jpeg?w=1600&amp;ssl=1 1600w\" sizes=\"(max-width: 800px) 100vw, 800px\" \/><\/figure>\n\n<figure class=\"wp-block-image size-large\"><img data-recalc-dims=\"1\" data-dominant-color=\"76736b\" data-has-transparency=\"false\" style=\"--dominant-color: #76736b;\" loading=\"lazy\" decoding=\"async\" width=\"800\" height=\"395\" src=\"https:\/\/i0.wp.com\/www.pourquoi-pas-nous.com\/wp-content\/uploads\/2026\/01\/20210823_181345.jpg?resize=800%2C395&#038;ssl=1\" alt=\"\" class=\"wp-image-76967 not-transparent\" title=\"\" srcset=\"https:\/\/i0.wp.com\/www.pourquoi-pas-nous.com\/wp-content\/uploads\/2026\/01\/20210823_181345-scaled.jpg?resize=1200%2C592&amp;ssl=1 1200w, https:\/\/i0.wp.com\/www.pourquoi-pas-nous.com\/wp-content\/uploads\/2026\/01\/20210823_181345-scaled.jpg?resize=400%2C197&amp;ssl=1 400w, https:\/\/i0.wp.com\/www.pourquoi-pas-nous.com\/wp-content\/uploads\/2026\/01\/20210823_181345-scaled.jpg?w=2048&amp;ssl=1 2048w, https:\/\/i0.wp.com\/www.pourquoi-pas-nous.com\/wp-content\/uploads\/2026\/01\/20210823_181345-scaled.jpg?w=1600&amp;ssl=1 1600w\" sizes=\"(max-width: 800px) 100vw, 800px\" \/><\/figure>\n\n<p><em>Esempi di tute per bambini trovate nei mercatini dell&#8217;usato.<\/em><\/p>\n\n<figure class=\"wp-block-gallery has-nested-images columns-default is-cropped wp-block-gallery-3 is-layout-flex wp-block-gallery-is-layout-flex\">\n<figure class=\"wp-block-image size-large\"><img data-recalc-dims=\"1\" data-dominant-color=\"96898f\" data-has-transparency=\"false\" style=\"--dominant-color: #96898f;\" loading=\"lazy\" decoding=\"async\" width=\"800\" height=\"1063\" data-id=\"79174\" src=\"https:\/\/i0.wp.com\/www.pourquoi-pas-nous.com\/wp-content\/uploads\/2026\/02\/PXL_20251001_134304497.jpg?resize=800%2C1063&#038;ssl=1\" alt=\"abito lison\" class=\"wp-image-79174 not-transparent\" title=\"\" srcset=\"https:\/\/i0.wp.com\/www.pourquoi-pas-nous.com\/wp-content\/uploads\/2026\/02\/PXL_20251001_134304497-scaled.jpg?resize=1200%2C1594&amp;ssl=1 1200w, https:\/\/i0.wp.com\/www.pourquoi-pas-nous.com\/wp-content\/uploads\/2026\/02\/PXL_20251001_134304497-scaled.jpg?resize=400%2C531&amp;ssl=1 400w, https:\/\/i0.wp.com\/www.pourquoi-pas-nous.com\/wp-content\/uploads\/2026\/02\/PXL_20251001_134304497-scaled.jpg?w=1542&amp;ssl=1 1542w\" sizes=\"(max-width: 800px) 100vw, 800px\" \/><\/figure>\n\n\n\n<figure class=\"wp-block-image size-large\"><img data-recalc-dims=\"1\" data-dominant-color=\"778188\" data-has-transparency=\"false\" style=\"--dominant-color: #778188;\" loading=\"lazy\" decoding=\"async\" width=\"800\" height=\"1063\" data-id=\"79173\" src=\"https:\/\/i0.wp.com\/www.pourquoi-pas-nous.com\/wp-content\/uploads\/2026\/02\/PXL_20241103_143727585.jpg?resize=800%2C1063&#038;ssl=1\" alt=\"abito lison\" class=\"wp-image-79173 not-transparent\" title=\"\" srcset=\"https:\/\/i0.wp.com\/www.pourquoi-pas-nous.com\/wp-content\/uploads\/2026\/02\/PXL_20241103_143727585-scaled.jpg?resize=1200%2C1594&amp;ssl=1 1200w, https:\/\/i0.wp.com\/www.pourquoi-pas-nous.com\/wp-content\/uploads\/2026\/02\/PXL_20241103_143727585-scaled.jpg?resize=400%2C531&amp;ssl=1 400w, https:\/\/i0.wp.com\/www.pourquoi-pas-nous.com\/wp-content\/uploads\/2026\/02\/PXL_20241103_143727585-scaled.jpg?w=1542&amp;ssl=1 1542w\" sizes=\"(max-width: 800px) 100vw, 800px\" \/><\/figure>\n<\/figure>\n\n<h3 class=\"wp-block-heading\">Esplora la costa di Alvor in barca e kayak<\/h3>\n\n<p>Quando si soggiorna ad Alvor, \u00e8 impossibile non fare una gita al mare. La costa dell&#8217;Algarve \u00e8 rinomata per le sue grotte, gli archi naturali e le scogliere scolpite dall&#8217;oceano, e ovviamente scoprirle dall&#8217;acqua cambia l&#8217;intera prospettiva. <\/p>\n\n<p>&#x2764;&#xfe0f; &#x26f5; Abbiamo scelto di trascorrere 3 ore esplorando quest&#8217;area in <strong>barca <\/strong>e <strong>kayak, in un piccolo gruppo<\/strong> con <a href=\"https:\/\/www.getyourguide.fr\/alvor-l2936\/alvor-exploration-des-grottes-en-bateau-et-en-kayak-t516436\/?partner_id=0LXQSML&amp;utm_medium=online_publisher&amp;cmp=alvor\" data-type=\"link\" data-id=\"https:\/\/www.getyourguide.fr\/alvor-l2936\/alvor-exploration-des-grottes-en-bateau-et-en-kayak-t516436\/?partner_id=0LXQSML&amp;utm_medium=online_publisher&amp;cmp=alvor\" target=\"_blank\" rel=\"noopener\">Wooden Boat Tours<\/a>. L&#8217;esperienza inizia con una <strong>gita in barca lungo la costa<\/strong>, che ti porter\u00e0 lungo le scogliere e in aree altrimenti inaccessibili.  <\/p>\n\n<p>Una volta arrivati, ci imbarchiamo in kayak (la distanza da percorrere \u00e8 breve) per entrare direttamente nelle <strong>grotte marine<\/strong>. Lo scenario diventa davvero suggestivo grazie ai giochi di luce, alle pareti rocciose e al silenzio delle grotte. Il ritmo \u00e8 tranquillo, accessibile anche senza particolari esperienze, e la supervisione ti permette di goderti l&#8217;esperienza senza stress.  <\/p>\n\n<blockquote class=\"wp-block-quote has-text-align-center is-layout-flow wp-block-quote-is-layout-flow\">\n<p>&#x1f39f;&#xfe0f; <a href=\"https:\/\/www.getyourguide.fr\/alvor-l2936\/alvor-exploration-des-grottes-en-bateau-et-en-kayak-t516436\/?partner_id=0LXQSML&amp;utm_medium=online_publisher&amp;cmp=alvor\" data-type=\"link\" data-id=\"https:\/\/www.getyourguide.fr\/alvor-l2936\/alvor-exploration-des-grottes-en-bateau-et-en-kayak-t516436\/?partner_id=0LXQSML&amp;utm_medium=online_publisher&amp;cmp=alvor\" target=\"_blank\" rel=\"noopener\"><em>Informazioni e prenotazioni per una crociera di 3 ore da Alvor<\/em><\/a><\/p>\n<\/blockquote>\n\n<div data-gyg-href=\"https:\/\/widget.getyourguide.com\/default\/availability.frame\" data-gyg-tour-id=\"516436\" data-gyg-locale-code=\"fr-FR\" data-gyg-currency=\"EUR\" data-gyg-widget=\"availability\" data-gyg-variant=\"horizontal\" data-gyg-partner-id=\"0LXQSML\" data-gyg-cmp=\"alvor\"><\/div>\n\n<h3 class=\"wp-block-heading\">La Ria de Alvor: una parentesi naturale<\/h3>\n\n<p>La <strong>Ria de Alvor<\/strong> \u00e8 una laguna naturale con lunghe passerelle di legno che si snodano tra le paludi. \u00c8 il luogo perfetto per una passeggiata. <\/p>\n\n<p>Abbiamo visto uccelli, barche in sosta e paesaggi che cambiano con la luce. Alla fine della giornata, l&#8217;atmosfera \u00e8 particolarmente piacevole&#8230; <\/p>\n\n<p><em>&#x1f449; Passeggiata ben segnalata di 5 km <strong>&#8220;Ao Sabor da mar\u00e9&#8221;<\/strong> su passerelle di legno, concediti circa 2 ore per completare l&#8217;anello.<\/em><\/p>\n\n<figure class=\"wp-block-image size-large\"><img data-recalc-dims=\"1\" data-dominant-color=\"888d96\" data-has-transparency=\"false\" style=\"--dominant-color: #888d96;\" loading=\"lazy\" decoding=\"async\" width=\"800\" height=\"379\" src=\"https:\/\/i0.wp.com\/www.pourquoi-pas-nous.com\/wp-content\/uploads\/2026\/01\/20210825_144408.jpg?resize=800%2C379&#038;ssl=1\" alt=\"\" class=\"wp-image-76973 not-transparent\" title=\"\" srcset=\"https:\/\/i0.wp.com\/www.pourquoi-pas-nous.com\/wp-content\/uploads\/2026\/01\/20210825_144408-scaled.jpg?resize=1200%2C568&amp;ssl=1 1200w, https:\/\/i0.wp.com\/www.pourquoi-pas-nous.com\/wp-content\/uploads\/2026\/01\/20210825_144408-scaled.jpg?resize=400%2C189&amp;ssl=1 400w, https:\/\/i0.wp.com\/www.pourquoi-pas-nous.com\/wp-content\/uploads\/2026\/01\/20210825_144408-scaled.jpg?w=2048&amp;ssl=1 2048w, https:\/\/i0.wp.com\/www.pourquoi-pas-nous.com\/wp-content\/uploads\/2026\/01\/20210825_144408-scaled.jpg?w=1600&amp;ssl=1 1600w\" sizes=\"(max-width: 800px) 100vw, 800px\" \/><\/figure>\n\n<figure class=\"wp-block-image size-full\"><img data-recalc-dims=\"1\" data-dominant-color=\"b6b2ab\" data-has-transparency=\"true\" style=\"--dominant-color: #b6b2ab;\" loading=\"lazy\" decoding=\"async\" width=\"800\" height=\"462\" src=\"https:\/\/i0.wp.com\/www.pourquoi-pas-nous.com\/wp-content\/uploads\/2026\/01\/image-16.png?resize=800%2C462&#038;ssl=1\" alt=\"\" class=\"wp-image-76827 has-transparency\" title=\"\" srcset=\"https:\/\/i0.wp.com\/www.pourquoi-pas-nous.com\/wp-content\/uploads\/2026\/01\/image-16.png?w=859&amp;ssl=1 859w, https:\/\/i0.wp.com\/www.pourquoi-pas-nous.com\/wp-content\/uploads\/2026\/01\/image-16.png?resize=400%2C231&amp;ssl=1 400w\" sizes=\"(max-width: 800px) 100vw, 800px\" \/><\/figure>\n\n<h3 class=\"wp-block-heading\"><br\/>Esplora il villaggio di pescatori<\/h3>\n\n<p>Si tratta di un <strong>antico villaggio di pescatori,<\/strong> che sinceramente abbiamo trovato meno affascinante di Faro o Olaho.  <\/p>\n\n<p>Il centro storico pu\u00f2 essere esplorato senza un piano preciso, semplicemente passeggiando. Non perdere le <strong>rovine del castello<\/strong> con una piccola area giochi che \u00e8 piaciuta molto a nostra figlia. \u00c8 un buon posto per mangiare pesce appena pescato e fare una breve passeggiata. <\/p>\n\n<figure class=\"wp-block-image size-large\"><img data-recalc-dims=\"1\" data-dominant-color=\"7b6c5b\" data-has-transparency=\"false\" style=\"--dominant-color: #7b6c5b;\" loading=\"lazy\" decoding=\"async\" width=\"800\" height=\"379\" src=\"https:\/\/i0.wp.com\/www.pourquoi-pas-nous.com\/wp-content\/uploads\/2026\/01\/20210823_122456.jpg?resize=800%2C379&#038;ssl=1\" alt=\"alvor portogallo algarve\" class=\"wp-image-76987 not-transparent\" title=\"\" srcset=\"https:\/\/i0.wp.com\/www.pourquoi-pas-nous.com\/wp-content\/uploads\/2026\/01\/20210823_122456-scaled.jpg?resize=1200%2C568&amp;ssl=1 1200w, https:\/\/i0.wp.com\/www.pourquoi-pas-nous.com\/wp-content\/uploads\/2026\/01\/20210823_122456-scaled.jpg?resize=400%2C189&amp;ssl=1 400w, https:\/\/i0.wp.com\/www.pourquoi-pas-nous.com\/wp-content\/uploads\/2026\/01\/20210823_122456-scaled.jpg?w=2048&amp;ssl=1 2048w, https:\/\/i0.wp.com\/www.pourquoi-pas-nous.com\/wp-content\/uploads\/2026\/01\/20210823_122456-scaled.jpg?w=1600&amp;ssl=1 1600w\" sizes=\"(max-width: 800px) 100vw, 800px\" \/><\/figure>\n\n<h2 class=\"wp-block-heading\">Come arrivo ad Alvor?<\/h2>\n\n<p>Il modo pi\u00f9 semplice per visitare l&#8217;<strong>Algarve<\/strong> \u00e8 atterrare all&#8217;aeroporto di Faro e poi noleggiare un&#8217;auto per esplorare i villaggi di pescatori, il <a href=\"https:\/\/www.pourquoi-pas-nous.com\/it\/cosa-puoi-fare-nel-parco-naturale-di-ria-formosa-e-nelle-sue-isole-in-portogallo-un-tesoro-nascosto-in-algarve\/\" data-type=\"post\" data-id=\"76230\" target=\"_blank\" rel=\"noreferrer noopener\">parco naturale di Ria Formosa<\/a>, le spiagge sabbiose e le formazioni rocciose. Faro dista 1 ora da Alvor.<\/p>\n\n<p><em>&#x1f17f;&#xfe0f;<\/em> Approfitta dell&#8217;ampio parcheggio gratuito &#8220;Estacionamento Praia de Alvor&#8221; vicino alla spiaggia e a soli 10 minuti dal centro storico.<br\/><\/p>\n\n<p>Noleggiare un&#8217;auto a Faro \u00e8 <strong>semplice <\/strong>e spesso <strong>molto conveniente<\/strong>, soprattutto al di fuori dei mesi estivi. \u00c8 l&#8217;opzione ideale per un viaggio in Algarve al proprio ritmo. <\/p>\n\n<p>&#x1f449; Per confrontare le offerte e trovare il <strong>miglior rapporto qualit\u00e0\/prezzo<\/strong>, dopo averne testate diverse oggi usiamo il comparatore di prezzi <strong><a href=\"https:\/\/www.discovercars.com\/fr\/portugal\/faro?a_aid=PourquoiPasNous\" target=\"_blank\" data-type=\"link\" data-id=\"https:\/\/www.discovercars.com\/fr\/portugal\/faro?a_aid=PourquoiPasNous\" rel=\"noreferrer noopener\">Scopri Auto<\/a><\/strong>un servizio di noleggio auto affidabile e facile da usare.<\/p>\n\n<p>&#x1f4a1; Un altro punto importante: <strong>l&#8217;assicurazione completa offerta tramite DiscoverCars<\/strong> \u00e8 spesso molto pi\u00f9 economica di quella aggiunta direttamente allo sportello della societ\u00e0 di noleggio, pur offrendo una copertura pi\u00f9 ampia. Un vero e proprio risparmio di tempo e soprattutto un modo per evitare spiacevoli sorprese al momento del ritiro o della restituzione del veicolo. <\/p>\n\n<blockquote class=\"wp-block-quote has-text-align-center is-layout-flow wp-block-quote-is-layout-flow\">\n<p>&#x1f39f;&#xfe0f; <a href=\"https:\/\/www.discovercars.com\/fr\/portugal\/faro?a_aid=PourquoiPasNous\" data-type=\"link\" data-id=\"https:\/\/www.discovercars.com\/fr\/portugal\/faro?a_aid=PourquoiPasNous\" target=\"_blank\" rel=\"noreferrer noopener\">Confronta le offerte sul sito Discover Cars<\/a><br\/><\/p>\n<\/blockquote>\n\n<h2 class=\"wp-block-heading has-text-align-left\">Dove alloggiare ad Alvor: vista mare e piscine<\/h2>\n\n<blockquote class=\"wp-block-quote is-layout-flow wp-block-quote-is-layout-flow\">\n<p class=\"has-text-align-center\">Durante il nostro soggiorno mia sorella si \u00e8 unita a noi e ha alloggiato al <a href=\"https:\/\/www.booking.com\/hotel\/pt\/pestana-alvor-south-beach-premium-suite.fr.html?aid=1529171&amp;no_rooms=1&amp;group_adults=2\" data-type=\"link\" data-id=\"https:\/\/www.booking.com\/hotel\/pt\/pestana-alvor-south-beach-premium-suite.fr.html?aid=1529171&amp;no_rooms=1&amp;group_adults=2\" target=\"_blank\" rel=\"noreferrer noopener\">Pestana Alvor South Beach<\/a>.  <\/p>\n\n\n\n<p class=\"has-text-align-center\">&#x1f3ca; 3 <strong>piscine<\/strong> grandi e piacevoli (tutte testate da nostra figlia)<br\/>&#x1f31f; Moderno, luminoso e molto piacevole<br\/>&#x1f4cd; <strong>Ottima posizione<\/strong>: a pochi passi da Alvor, vista mare e accesso diretto alla spiaggia di Alvor.<\/p>\n\n\n\n<p class=\"has-text-align-center\">&#x2764;&#xfe0f; Ottimo rapporto qualit\u00e0\/prezzo (Punteggio di prenotazione 8.5\/10)<\/p>\n\n\n\n<p class=\"has-text-align-center\">&#x1f3e8; <a href=\"https:\/\/www.booking.com\/hotel\/pt\/pestana-alvor-south-beach-premium-suite.fr.html?aid=1529171&amp;no_rooms=1&amp;group_adults=2\" data-type=\"link\" data-id=\"https:\/\/www.booking.com\/hotel\/pt\/pestana-alvor-south-beach-premium-suite.fr.html?aid=1529171&amp;no_rooms=1&amp;group_adults=2\" target=\"_blank\" rel=\"noreferrer noopener nofollow\"><em>Prenotazione e informazioni sull&#8217;hotel Pestana Alvor South Beach<\/em><\/a><\/p>\n<\/blockquote>\n\n<p>A nostro avviso, \u00e8 fondamentale scegliere un alloggio con piscina, poich\u00e9 l&#8217;acqua dell&#8217;oceano rimane molto fresca anche in estate, mentre noi siamo abituati a visitare le <a href=\"https:\/\/www.pourquoi-pas-nous.com\/it\/ileoleron-plages\/\" data-type=\"link\" data-id=\"https:\/\/www.pourquoi-pas-nous.com\/ileoleron-plages\/\">spiagge dell&#8217;Ol\u00e9ronnais<\/a> e a fare il bagno in estate.<\/p>\n\n<figure class=\"wp-block-image size-large\"><a href=\"https:\/\/www.booking.com\/hotel\/pt\/pestana-alvor-south-beach-premium-suite.fr.html?aid=1529171&amp;no_rooms=1&amp;group_adults=2\" target=\"_blank\" rel=\"noopener\"><img data-recalc-dims=\"1\" data-dominant-color=\"829ca2\" data-has-transparency=\"false\" style=\"--dominant-color: #829ca2;\" loading=\"lazy\" decoding=\"async\" width=\"800\" height=\"379\" src=\"https:\/\/i0.wp.com\/www.pourquoi-pas-nous.com\/wp-content\/uploads\/2026\/01\/20210825_143549.jpg?resize=800%2C379&#038;ssl=1\" alt=\"alvor portogallo algarve\" class=\"wp-image-76972 not-transparent\" title=\"\" srcset=\"https:\/\/i0.wp.com\/www.pourquoi-pas-nous.com\/wp-content\/uploads\/2026\/01\/20210825_143549-scaled.jpg?resize=1200%2C569&amp;ssl=1 1200w, https:\/\/i0.wp.com\/www.pourquoi-pas-nous.com\/wp-content\/uploads\/2026\/01\/20210825_143549-scaled.jpg?resize=400%2C190&amp;ssl=1 400w, https:\/\/i0.wp.com\/www.pourquoi-pas-nous.com\/wp-content\/uploads\/2026\/01\/20210825_143549-scaled.jpg?w=2048&amp;ssl=1 2048w, https:\/\/i0.wp.com\/www.pourquoi-pas-nous.com\/wp-content\/uploads\/2026\/01\/20210825_143549-scaled.jpg?w=1600&amp;ssl=1 1600w\" sizes=\"(max-width: 800px) 100vw, 800px\" \/><\/a><\/figure>\n\n<figure class=\"wp-block-gallery has-nested-images columns-default is-cropped wp-block-gallery-4 is-layout-flex wp-block-gallery-is-layout-flex\">\n<figure class=\"wp-block-image size-large\"><img data-recalc-dims=\"1\" data-dominant-color=\"818787\" data-has-transparency=\"false\" style=\"--dominant-color: #818787;\" loading=\"lazy\" decoding=\"async\" width=\"758\" height=\"1600\" data-id=\"76969\" src=\"https:\/\/i0.wp.com\/www.pourquoi-pas-nous.com\/wp-content\/uploads\/2026\/01\/20210824_194026.jpg?resize=758%2C1600&#038;ssl=1\" alt=\"alvor portogallo algarve\" class=\"wp-image-76969 not-transparent\" title=\"\" srcset=\"https:\/\/i0.wp.com\/www.pourquoi-pas-nous.com\/wp-content\/uploads\/2026\/01\/20210824_194026-scaled.jpg?resize=758%2C1600&amp;ssl=1 758w, https:\/\/i0.wp.com\/www.pourquoi-pas-nous.com\/wp-content\/uploads\/2026\/01\/20210824_194026-scaled.jpg?resize=284%2C600&amp;ssl=1 284w, https:\/\/i0.wp.com\/www.pourquoi-pas-nous.com\/wp-content\/uploads\/2026\/01\/20210824_194026-scaled.jpg?w=971&amp;ssl=1 971w\" sizes=\"(max-width: 758px) 100vw, 758px\" \/><\/figure>\n\n\n\n<figure class=\"wp-block-image size-large\"><img data-recalc-dims=\"1\" data-dominant-color=\"828b94\" data-has-transparency=\"false\" style=\"--dominant-color: #828b94;\" loading=\"lazy\" decoding=\"async\" width=\"758\" height=\"1600\" data-id=\"76970\" src=\"https:\/\/i0.wp.com\/www.pourquoi-pas-nous.com\/wp-content\/uploads\/2026\/01\/20210824_194434.jpg?resize=758%2C1600&#038;ssl=1\" alt=\"alvor portogallo algarve\" class=\"wp-image-76970 not-transparent\" title=\"\" srcset=\"https:\/\/i0.wp.com\/www.pourquoi-pas-nous.com\/wp-content\/uploads\/2026\/01\/20210824_194434-scaled.jpg?resize=758%2C1600&amp;ssl=1 758w, https:\/\/i0.wp.com\/www.pourquoi-pas-nous.com\/wp-content\/uploads\/2026\/01\/20210824_194434-scaled.jpg?resize=284%2C600&amp;ssl=1 284w, https:\/\/i0.wp.com\/www.pourquoi-pas-nous.com\/wp-content\/uploads\/2026\/01\/20210824_194434-scaled.jpg?w=971&amp;ssl=1 971w\" sizes=\"(max-width: 758px) 100vw, 758px\" \/><\/figure>\n<\/figure>\n\n<figure class=\"wp-block-image size-large\"><img data-recalc-dims=\"1\" data-dominant-color=\"8b8e90\" data-has-transparency=\"false\" style=\"--dominant-color: #8b8e90;\" loading=\"lazy\" decoding=\"async\" width=\"800\" height=\"379\" src=\"https:\/\/i0.wp.com\/www.pourquoi-pas-nous.com\/wp-content\/uploads\/2026\/01\/20210825_144002.jpg?resize=800%2C379&#038;ssl=1\" alt=\"alvor portogallo algarve\" class=\"wp-image-76990 not-transparent\" title=\"\" srcset=\"https:\/\/i0.wp.com\/www.pourquoi-pas-nous.com\/wp-content\/uploads\/2026\/01\/20210825_144002-scaled.jpg?resize=1200%2C569&amp;ssl=1 1200w, https:\/\/i0.wp.com\/www.pourquoi-pas-nous.com\/wp-content\/uploads\/2026\/01\/20210825_144002-scaled.jpg?resize=400%2C190&amp;ssl=1 400w, https:\/\/i0.wp.com\/www.pourquoi-pas-nous.com\/wp-content\/uploads\/2026\/01\/20210825_144002-scaled.jpg?w=2048&amp;ssl=1 2048w, https:\/\/i0.wp.com\/www.pourquoi-pas-nous.com\/wp-content\/uploads\/2026\/01\/20210825_144002-scaled.jpg?w=1600&amp;ssl=1 1600w\" sizes=\"(max-width: 800px) 100vw, 800px\" \/><\/figure>\n\n<h2 class=\"wp-block-heading\">Dove mangiare ad Alvor?<\/h2>\n\n<p>Ti consigliamo di mangiare sul lungomare, dove ci sono diverse baracche in legno con terrazze direttamente sulla sabbia.  <\/p>\n\n<p>Abbiamo testato e approvato il <a href=\"https:\/\/windsurfrestaurante.eatbu.com\/?lang=fr\" data-type=\"link\" data-id=\"https:\/\/windsurfrestaurante.eatbu.com\/?lang=fr\" target=\"_blank\" rel=\"noopener\">Windsurf Snack Bar Restaurante<\/a>. Ti consigliamo di provare l&#8217;assolutamente delizioso <strong>polvo \u00e0 lagareiro<\/strong>, un polpo arrosto fondente generosamente irrorato di olio d&#8217;oliva, e il <strong>bacalhau \u00e0 Br\u00e1s<\/strong>, il famoso merluzzo sminuzzato mescolato con patate, uova e cipolle, semplice e incredibilmente gustoso.<\/p>\n\n<p>Il tutto accompagnato da una <strong>fresca sangria<\/strong>, perfetta dopo una giornata al sole. Un indirizzo autentico e senza fronzoli dove puoi mangiare come vuoi tu. <br\/><\/p>\n\n<h2 class=\"wp-block-heading\">La nostra opinione su Alvor<\/h2>\n\n<p>Alvor \u00e8 anche un&#8217;ottima base per esplorare i dintorni, tra cui Portim\u00e3o e Lagos. Ci sono piaciute molto le passeggiate tra le paludi e l&#8217;oceano e le formazioni rocciose. A nostro avviso, \u00e8 un ottimo villaggio in cui fermarsi durante il tuo <strong>viaggio in Algarve.<\/strong>   <\/p>\n\n<p>Ci siamo poi diretti a est verso la citt\u00e0 di<strong>Olh\u00e3o<\/strong> per esplorare il parco naturale di Ria Formosa e l&#8217;<a href=\"https:\/\/www.pourquoi-pas-nous.com\/it\/cosa-fare-sullisola-di-armona-in-portogallo-crociere-e-spiagge\/\" data-type=\"post\" data-id=\"76674\" target=\"_blank\" rel=\"noreferrer noopener\">isola di Armona<\/a>, prima di concludere il nostro viaggio nel villaggio di<a href=\"https:\/\/www.pourquoi-pas-nous.com\/it\/cosa-fare-ad-armacao-de-pera-in-portogallo-i-nostri-luoghi-da-non-perdere\/\" target=\"_blank\" data-type=\"post\" data-id=\"76818\" rel=\"noreferrer noopener\">Arma\u00e7ao de Pera<\/a>.<\/p>\n\n<blockquote class=\"wp-block-quote has-text-align-center is-layout-flow wp-block-quote-is-layout-flow\">\n<p>Il nostro articolo con tutti i nostri consigli per <a href=\"https:\/\/www.pourquoi-pas-nous.com\/it\/cosa-puoi-fare-nel-parco-naturale-di-ria-formosa-e-nelle-sue-isole-in-portogallo-un-tesoro-nascosto-in-algarve\/\" data-type=\"link\" data-id=\"https:\/\/www.pourquoi-pas-nous.com\/parc-naturel-ria-formosa-portugal\/\" target=\"_blank\" rel=\"noreferrer noopener\">visitare il Parco Naturale di Ria Formosa.<\/a><\/p>\n<\/blockquote>\n\n<figure class=\"wp-block-image size-large\"><img data-recalc-dims=\"1\" data-dominant-color=\"858f90\" data-has-transparency=\"false\" style=\"--dominant-color: #858f90;\" loading=\"lazy\" decoding=\"async\" width=\"800\" height=\"368\" src=\"https:\/\/i0.wp.com\/www.pourquoi-pas-nous.com\/wp-content\/uploads\/2026\/01\/WhatsApp-Image-2026-01-20-at-18.10.31-3.jpeg?resize=800%2C368&#038;ssl=1\" alt=\"portogallo algarve\" class=\"wp-image-76975 not-transparent\" title=\"\" srcset=\"https:\/\/i0.wp.com\/www.pourquoi-pas-nous.com\/wp-content\/uploads\/2026\/01\/WhatsApp-Image-2026-01-20-at-18.10.31-3.jpeg?resize=1200%2C552&amp;ssl=1 1200w, https:\/\/i0.wp.com\/www.pourquoi-pas-nous.com\/wp-content\/uploads\/2026\/01\/WhatsApp-Image-2026-01-20-at-18.10.31-3.jpeg?resize=400%2C184&amp;ssl=1 400w, https:\/\/i0.wp.com\/www.pourquoi-pas-nous.com\/wp-content\/uploads\/2026\/01\/WhatsApp-Image-2026-01-20-at-18.10.31-3.jpeg?w=1600&amp;ssl=1 1600w\" sizes=\"(max-width: 800px) 100vw, 800px\" \/><\/figure>\n\n<h2 class=\"wp-block-heading\">Il nostro menu<\/h2>\n\n<p>Puoi trovare tutte le sedi di cui sopra sulla nostra mappa interattiva.<\/p>\n\n<iframe src=\"https:\/\/www.google.com\/maps\/d\/u\/2\/embed?mid=14BwMNTtjFM9ao_0rrITY12srFOf5ONE&#038;ehbc=2E312F\" width=\"100%\" height=\"480\"><\/iframe>\n\n<p>Non esitate a <strong>scriverci<\/strong> qui sotto per farci sapere se state programmando questo viaggio, per <strong>farci<\/strong> domande o per <strong>condividere<\/strong> i vostri pensieri sui social network<a href=\"https:\/\/www.instagram.com\/pourquoipasnous_voyage\/\" target=\"_blank\" rel=\"noreferrer noopener\">(il nostro Instagram<\/a>): saremo lieti di rispondervi!<\/p>\n\n<p>Prima di partire, <strong>leggi tutti i nostri articoli sull&#8217;organizzazione del viaggio:<\/strong><\/p>\n\n<p><\/p>\n\n<ul class=\"wp-block-list\">\n<li>&#x1f6cf;&#xfe0f;  <a href=\"https:\/\/www.pourquoi-pas-nous.com\/it\/?p=79022\" data-type=\"post\" data-id=\"78345\">Dove dormire in Algarve? i nostri migliori indirizzi<\/a><\/li>\n\n\n\n<li>&#x1f5fa;&#xfe0f; <a href=\"https:\/\/www.pourquoi-pas-nous.com\/it\/?p=78980\" target=\"_blank\" data-type=\"post\" data-id=\"78921\" rel=\"noreferrer noopener\">Itinerario per il tuo viaggio in Algarve?<\/a><\/li>\n\n\n\n<li>&#x1f697; <a href=\"https:\/\/www.pourquoi-pas-nous.com\/it\/?p=77719\" target=\"_blank\" data-type=\"post\" data-id=\"77133\" rel=\"noreferrer noopener\">Noleggio auto a Faro in Algarve: i nostri consigli e suggerimenti<\/a><\/li>\n\n\n\n<li>Visita i villaggi di <a href=\"https:\/\/www.pourquoi-pas-nous.com\/it\/cosa-fare-a-lagos-in-portogallo-la-nostra-opinione-e-le-nostre-mete-imperdibili\/\" data-type=\"post\" data-id=\"76752\">Lagos<\/a>, <a href=\"https:\/\/www.pourquoi-pas-nous.com\/it\/cosa-fare-ad-armacao-de-pera-in-portogallo-i-nostri-luoghi-da-non-perdere\/\" data-type=\"post\" data-id=\"76818\">Arma\u00e7ao de P\u00eara<\/a>, Albufeira e Olaho<\/li>\n\n\n\n<li>&#x1f30a; <a href=\"https:\/\/www.pourquoi-pas-nous.com\/it\/?p=77763\" data-type=\"post\" data-id=\"77163\">Visita l&#8217;imperdibile grotta di Benagil<\/a><\/li>\n\n\n\n<li>&#x26f5; <a href=\"https:\/\/www.pourquoi-pas-nous.com\/it\/come-visitare-le-scogliere-di-ponta-da-piedade-in-barca-e-a-piedi\/\" target=\"_blank\" data-type=\"post\" data-id=\"77127\" rel=\"noreferrer noopener\">Come posso visitare le scogliere di Ponta da Piedade<\/a>? in barca e a piedi<\/li>\n\n\n\n<li>&#x1f9a9; <a href=\"https:\/\/www.pourquoi-pas-nous.com\/it\/cosa-puoi-fare-nel-parco-naturale-di-ria-formosa-e-nelle-sue-isole-in-portogallo-un-tesoro-nascosto-in-algarve\/\" data-type=\"post\" data-id=\"76230\" target=\"_blank\" rel=\"noreferrer noopener\">Cosa puoi fare nel Parco Naturale di Ria Formosa<\/a> e nelle sue isole in Portogallo?  <\/li>\n<\/ul>\n<div style='text-align:right' class='yasr-auto-insert-visitor'><\/div>","protected":false},"excerpt":{"rendered":"<p>Ti stai chiedendo cosa fare ad Alvor, in Portogallo? Allora sei nel posto giusto. Durante il nostro soggiorno in Algarve, abbiamo scelto Alvor per esplorare le sue spiagge e il suo lungomare, molto meno cementificato rispetto ad altre zone della regione. In questo articolo ti diamo tutti i nostri consigli e trucchi per vivere al [&hellip;]<\/p>\n","protected":false},"author":2,"featured_media":77026,"comment_status":"open","ping_status":"closed","sticky":false,"template":"","format":"standard","meta":{"_acf_changed":false,"_wp_convertkit_post_meta":{"form":"-1","landing_page":"0","tag":"0","restrict_content":"0"},"jetpack_post_was_ever_published":true,"yasr_overall_rating":0,"yasr_post_is_review":"","yasr_auto_insert_disabled":"","yasr_review_type":"","_jetpack_newsletter_access":"","_jetpack_dont_email_post_to_subs":false,"_jetpack_newsletter_tier_id":0,"_jetpack_memberships_contains_paywalled_content":false,"_jetpack_memberships_contains_paid_content":false,"footnotes":""},"categories":[396,270,395],"tags":[],"class_list":["post-77023","post","type-post","status-publish","format-standard","has-post-thumbnail","hentry","category-algarve","category-guida-di-viaggio","category-portogallo"],"acf":[],"_wp_attached_file":null,"_wp_attachment_image_alt":null,"rank_math_primary_category":"392","rank_math_title":"Cosa fare ad Alvor, Portogallo: le spiagge e la nostra opinione ","rank_math_description":null,"rank_math_focus_keyword":null,"yasr_visitor_votes":{"stars_attributes":{"read_only":false,"span_bottom":false},"number_of_votes":0,"sum_votes":0},"jetpack_featured_media_url":"https:\/\/i0.wp.com\/www.pourquoi-pas-nous.com\/wp-content\/uploads\/2026\/01\/20210823_181354-scaled.jpg?fit=2048%2C969&ssl=1","jetpack_sharing_enabled":true,"_links":{"self":[{"href":"https:\/\/www.pourquoi-pas-nous.com\/it\/wp-json\/wp\/v2\/posts\/77023","targetHints":{"allow":["GET"]}}],"collection":[{"href":"https:\/\/www.pourquoi-pas-nous.com\/it\/wp-json\/wp\/v2\/posts"}],"about":[{"href":"https:\/\/www.pourquoi-pas-nous.com\/it\/wp-json\/wp\/v2\/types\/post"}],"author":[{"embeddable":true,"href":"https:\/\/www.pourquoi-pas-nous.com\/it\/wp-json\/wp\/v2\/users\/2"}],"replies":[{"embeddable":true,"href":"https:\/\/www.pourquoi-pas-nous.com\/it\/wp-json\/wp\/v2\/comments?post=77023"}],"version-history":[{"count":12,"href":"https:\/\/www.pourquoi-pas-nous.com\/it\/wp-json\/wp\/v2\/posts\/77023\/revisions"}],"predecessor-version":[{"id":79222,"href":"https:\/\/www.pourquoi-pas-nous.com\/it\/wp-json\/wp\/v2\/posts\/77023\/revisions\/79222"}],"wp:featuredmedia":[{"embeddable":true,"href":"https:\/\/www.pourquoi-pas-nous.com\/it\/wp-json\/wp\/v2\/media\/77026"}],"wp:attachment":[{"href":"https:\/\/www.pourquoi-pas-nous.com\/it\/wp-json\/wp\/v2\/media?parent=77023"}],"wp:term":[{"taxonomy":"category","embeddable":true,"href":"https:\/\/www.pourquoi-pas-nous.com\/it\/wp-json\/wp\/v2\/categories?post=77023"},{"taxonomy":"post_tag","embeddable":true,"href":"https:\/\/www.pourquoi-pas-nous.com\/it\/wp-json\/wp\/v2\/tags?post=77023"}],"curies":[{"name":"wp","href":"https:\/\/api.w.org\/{rel}","templated":true}]}}