{"id":77763,"date":"2026-01-30T15:33:17","date_gmt":"2026-01-30T13:33:17","guid":{"rendered":"https:\/\/www.pourquoi-pas-nous.com\/visita-la-grotta-di-benagil-in-portogallo-in-barca-a-piedi-o-in-kayak\/"},"modified":"2026-02-12T14:28:43","modified_gmt":"2026-02-12T12:28:43","slug":"visita-la-grotta-di-benagil-in-portogallo-in-barca-a-piedi-o-in-kayak","status":"publish","type":"post","link":"https:\/\/www.pourquoi-pas-nous.com\/it\/visita-la-grotta-di-benagil-in-portogallo-in-barca-a-piedi-o-in-kayak\/","title":{"rendered":"Visita la grotta di Benagil in Portogallo: in barca, a piedi o in kayak"},"content":{"rendered":"\n<p>Vuoi visitare la famosa <strong>grotta di Benagil<\/strong> e probabilmente ti starai chiedendo :<\/p>\n\n<ul class=\"wp-block-list\">\n<li><strong>Come puoi visitare la grotta di Benagil durante il tuo viaggio in Algarve<\/strong>?<\/li>\n\n\n\n<li><strong>Quale escursione scegliere<\/strong>?<\/li>\n\n\n\n<li>O <strong>se pu\u00f2 essere raggiunto a piedi o a nuoto<\/strong>?<\/li>\n<\/ul>\n\n<p>Buone notizie, \u00e8 chiaro che sei arrivato nel posto giusto. Durante il nostro viaggio in Algarve, la <strong>grotta di Benagil<\/strong> era una delle tappe obbligate. E come molti viaggiatori, ci siamo subito resi conto che questo sito ultra-popolare solleva <strong>molte domande<\/strong>&#8230; e alcune idee preconcette.  <\/p>\n\n<p>In questo articolo condividiamo con te <strong>la nostra opinione<\/strong>, i <strong>diversi modi di visitare la grotta<\/strong>, <strong>ci\u00f2 che devi assolutamente sapere prima di andarci<\/strong> e soprattutto <strong>i nostri consigli per le escursioni in francese<\/strong>, per evitare spiacevoli sorprese.<\/p>\n\n<figure class=\"wp-block-image size-full\"><img data-recalc-dims=\"1\" data-dominant-color=\"8c7c6c\" data-has-transparency=\"true\" style=\"--dominant-color: #8c7c6c;\" fetchpriority=\"high\" decoding=\"async\" width=\"800\" height=\"456\" src=\"https:\/\/i0.wp.com\/www.pourquoi-pas-nous.com\/wp-content\/uploads\/2026\/01\/image-30.png?resize=800%2C456&#038;ssl=1\" alt=\"\" class=\"wp-image-77741 has-transparency\" title=\"\" srcset=\"https:\/\/i0.wp.com\/www.pourquoi-pas-nous.com\/wp-content\/uploads\/2026\/01\/image-30.png?w=928&amp;ssl=1 928w, https:\/\/i0.wp.com\/www.pourquoi-pas-nous.com\/wp-content\/uploads\/2026\/01\/image-30.png?resize=400%2C228&amp;ssl=1 400w\" sizes=\"(max-width: 800px) 100vw, 800px\" \/><\/figure>\n\n<div class=\"wp-block-group fiche-lieu has-background is-layout-constrained wp-block-group-is-layout-constrained\" style=\"background-color:#7ba0982e\">\n<p class=\"has-text-align-center is-style-default has-white-color has-text-color has-background has-link-color has-medium-font-size wp-elements-ddf37ab95a1d327d8de23dab27e394ea\" style=\"background-color:#7ba098\"><strong><strong><strong>Fatti salienti : Grotta di Benagil<\/strong><\/strong><\/strong><\/p>\n\n\n\n<div class=\"wp-block-group has-custom-fond-background-color has-background is-vertical is-layout-flex wp-container-core-group-is-layout-73aff06f wp-block-group-is-layout-flex\" style=\"border-style:none;border-width:0px;margin-top:0px;margin-bottom:0px;padding-top:var(--wp--preset--spacing--10);padding-right:var(--wp--preset--spacing--10);padding-bottom:var(--wp--preset--spacing--10);padding-left:var(--wp--preset--spacing--10)\">\n<div class=\"wp-block-columns is-layout-flex wp-container-core-columns-is-layout-8d88fe0f wp-block-columns-is-layout-flex\" style=\"border-top-color:var(--wp--preset--color--custom-bleu-fonc);border-top-style:dotted;border-top-width:1px;padding-top:var(--wp--preset--spacing--20);padding-bottom:var(--wp--preset--spacing--20)\">\n<div class=\"wp-block-column is-layout-flow wp-block-column-is-layout-flow\" style=\"flex-basis:150px\">\n<p class=\"has-text-align-center has-medium-font-size\"><strong>Fatti salienti<\/strong><\/p>\n<\/div>\n\n\n\n<div class=\"wp-block-column is-layout-flow wp-block-column-is-layout-flow\" style=\"flex-basis:100%\">\n<p>&#x1f6a4; <strong>Accesso consigliato<\/strong>: kayak o barca<br\/>&#x1f6ab; <strong>Accesso a piedi<\/strong>: impossibile <br\/>&#x1f3ca; <strong>Accesso a nuoto<\/strong>: vietato<br\/>&#x1f6b6;&#x200d;&#x2642;&#xfe0f;<strong>Passeggiata delle Sette Valli Pensili<\/strong> <br\/>&#x2b50; <strong>Numero di visitatori<\/strong>: molto alto in estate<\/p>\n<\/div>\n<\/div>\n\n\n\n<div class=\"wp-block-columns is-layout-flex wp-container-core-columns-is-layout-8d88fe0f wp-block-columns-is-layout-flex\" style=\"border-top-color:var(--wp--preset--color--custom-bleu-fonc);border-top-style:dotted;border-top-width:1px;padding-top:var(--wp--preset--spacing--20);padding-bottom:var(--wp--preset--spacing--20)\">\n<div class=\"wp-block-column is-layout-flow wp-block-column-is-layout-flow\" style=\"flex-basis:150px\">\n<p class=\"has-text-align-center has-medium-font-size\"><strong>Il nostro hotel vicino alla grotta<\/strong><\/p>\n<\/div>\n\n\n\n<div class=\"wp-block-column is-layout-flow wp-block-column-is-layout-flow\" style=\"flex-basis:100%\">\n<p><em><a href=\"https:\/\/www.booking.com\/hotel\/pt\/cidade-de-olhao.fr.html?aid=1529171&amp;no_rooms=1&amp;group_adults=2\" data-type=\"link\" data-id=\"https:\/\/www.booking.com\/hotel\/pt\/cidade-de-olhao.fr.html?aid=1529171&amp;no_rooms=1&amp;group_adults=2\" target=\"_blank\" rel=\"noopener\">&#x1f4a6;<\/a><\/em> &#x1f17f;&#xfe0f; <em><a href=\"https:\/\/www.booking.com\/hotel\/pt\/algarpapa-rooms.fr.html?aid=1529171&amp;no_rooms=1&amp;group_adults=2\" data-type=\"link\" data-id=\"https:\/\/www.booking.com\/hotel\/pt\/algarpapa-rooms.fr.html?aid=1529171&amp;no_rooms=1&amp;group_adults=2\" target=\"_blank\" rel=\"noopener\">Prenotazione e informazioni sull&#8217;hotel Algar Papa Rooms<\/a> <\/em>con piscina e parcheggio vicino all&#8217;oceano<\/p>\n<\/div>\n<\/div>\n<\/div>\n<\/div>\n\n<h2 class=\"wp-block-heading\">Dove si trova la grotta di Benagil?<\/h2>\n\n<p>La <strong>Grotta di Benagil<\/strong> si trova sulla costa meridionale del Portogallo, in Algarve, appena fuori dal <strong>villaggio di Benagil<\/strong>, vicino ai villaggi di<a href=\"https:\/\/www.pourquoi-pas-nous.com\/it\/cosa-fare-ad-armacao-de-pera-in-portogallo-i-nostri-luoghi-da-non-perdere\/\" target=\"_blank\" data-type=\"post\" data-id=\"76818\" rel=\"noreferrer noopener\">Arma\u00e7\u00e3o de P\u00eara<\/a> e<strong> Carvoeiro<\/strong>.<\/p>\n\n<p>&#x1f449; Ecco alcune idee di distanze dai principali villaggi dell&#8217;Algarve:  <\/p>\n\n<ul class=\"wp-block-list\">\n<li><a href=\"https:\/\/www.getyourguide.fr\/algarve-l66\/armacao-de-pera-visite-guidee-privee-en-bateau-des-grottes-de-benagil-t390616\/?partner_id=0LXQSML&amp;utm_medium=online_publisher&amp;cmp=benagil\" data-type=\"link\" data-id=\"https:\/\/www.getyourguide.fr\/algarve-l66\/armacao-de-pera-visite-guidee-privee-en-bateau-des-grottes-de-benagil-t390616\/?partner_id=0LXQSML&amp;utm_medium=online_publisher&amp;cmp=benagil\" target=\"_blank\" rel=\"noreferrer noopener nofollow\">Visita la grotta di Benagil dal villaggio di Arma\u00e7\u00e3o de P\u00eara<\/a>: ~10 km<br\/>&#x1f4a6; <em>Ti consigliamo di soggiornare presso <a href=\"https:\/\/www.booking.com\/hotel\/pt\/algarpapa-rooms.fr.html?aid=1529171&amp;no_rooms=1&amp;group_adults=2\" data-type=\"link\" data-id=\"https:\/\/www.booking.com\/hotel\/pt\/algarpapa-rooms.fr.html?aid=1529171&amp;no_rooms=1&amp;group_adults=2\" target=\"_blank\" rel=\"noopener\">l&#8217;hotel Algar Papa Rooms<\/a> con piscina e parcheggio vicino all&#8217;oceano.<\/em><\/li>\n\n\n\n<li><a href=\"https:\/\/www.getyourguide.fr\/algarve-l66\/albufeira-excursion-en-bateau-grottes-et-observation-des-dauphins-t64461\/?partner_id=0LXQSML&amp;utm_medium=online_publisher&amp;cmp=albufeira\" data-type=\"link\" data-id=\"https:\/\/www.getyourguide.fr\/algarve-l66\/albufeira-excursion-en-bateau-grottes-et-observation-des-dauphins-t64461\/?partner_id=0LXQSML&amp;utm_medium=online_publisher&amp;cmp=albufeira\" target=\"_blank\" rel=\"noopener\">Prenota una gita in barca di 2 ore per vedere i delfini e le formazioni geologiche tra cui Benagil.<\/a>  da Albufeira ~28 km<\/li>\n\n\n\n<li><a href=\"https:\/\/www.getyourguide.fr\/faro-l1238\/au-depart-de-faro-grottes-de-benagil-marinha-et-carvoeiro-visite-d-une-jounee-t457596\/?partner_id=0LXQSML&amp;utm_medium=online_publisher&amp;cmp=benagil\" data-type=\"link\" data-id=\"https:\/\/www.getyourguide.fr\/faro-l1238\/au-depart-de-faro-grottes-de-benagil-marinha-et-carvoeiro-visite-d-une-jounee-t457596\/?partner_id=0LXQSML&amp;utm_medium=online_publisher&amp;cmp=benagil\" target=\"_blank\" rel=\"noopener\">Da Faro<\/a>: ~55 km<\/li>\n<\/ul>\n\n<iframe src=\"https:\/\/www.google.com\/maps\/d\/u\/2\/embed?mid=1XkMDMlgaNxEhJhXYQoi5MJEIL_BrbI4&#038;ehbc=2E312F\" width=\"100%\" height=\"480\"><\/iframe>\n\n<p><\/p>\n\n<h2 class=\"wp-block-heading\">Perch\u00e9 la grotta di Benagil \u00e8 cos\u00ec conosciuta?<\/h2>\n\n<p>\u00c8 <strong>una delle grotte marine pi\u00f9 famose d&#8217;Europa<\/strong>, riconoscibile per la sua enorme cupola attraversata da un foro circolare che lascia entrare la luce. La grotta di Benagil \u00e8 diventata famosa in tutto il mondo perch\u00e9 \u00e8 stata utilizzata come immagine di sfondo in Windows 10. <\/p>\n\n<p>Il calcare della costa \u00e8 stato <strong>modellato dal mare nel corso del tempo<\/strong>, scavato dall&#8217;erosione per formare una vasta cavit\u00e0.<\/p>\n\n<p>Il soffitto \u00e8 poi <strong>parzialmente crollato<\/strong>, rivelando un <strong>grande foro circolare<\/strong>, chiamato <em>algar<\/em>, che illumina l&#8217;interno della grotta.<br\/><br\/>&#x2b50; Il risultato \u00e8 un ambiente quasi irreale, con sabbia leggermente rosata sul pavimento, pareti dorate e luce naturale che cambia a seconda dell&#8217;ora del giorno.<\/p>\n\n<h2 class=\"wp-block-heading\">La grotta di Benagil pu\u00f2 essere visitata a piedi o a nuoto?<\/h2>\n\n<p>Questa \u00e8 <strong>una delle domande pi\u00f9 frequenti<\/strong>:<\/p>\n\n<h3 class=\"wp-block-heading\">&#x274c; Accesso a piedi: NO<\/h3>\n\n<p><strong>Non \u00e8 possibile accedere alla<\/strong> grotta <strong>a piedi<\/strong>.<br\/>Il sentiero costiero (compresa l&#8217;escursione delle <strong>7 valli sospese<\/strong>) ti permette solo di <strong>vedere il buco dall&#8217;alto<\/strong>, ma <strong>non di scendere nella grotta<\/strong>.<\/p>\n\n<h3 class=\"wp-block-heading\">&#x274c; Accesso alla piscina: NO (e pericoloso).<\/h3>\n\n<p>Questo \u00e8 ufficialmente <strong>vietato<\/strong>, per vari motivi:<\/p>\n\n<ul class=\"wp-block-list\">\n<li>forti correnti<\/li>\n\n\n\n<li>traffico intenso di barche (vedi sotto per i consigli su come evitare la folla)<\/li>\n\n\n\n<li>onde imprevedibili<\/li>\n<\/ul>\n\n<figure class=\"wp-block-image size-large\"><img data-recalc-dims=\"1\" data-dominant-color=\"887961\" data-has-transparency=\"false\" style=\"--dominant-color: #887961;\" decoding=\"async\" width=\"800\" height=\"379\" src=\"https:\/\/i0.wp.com\/www.pourquoi-pas-nous.com\/wp-content\/uploads\/2026\/01\/20210823_181354.jpg?resize=800%2C379&#038;ssl=1\" alt=\"alvor portogallo algarve\" class=\"wp-image-76968 not-transparent\" title=\"\" srcset=\"https:\/\/i0.wp.com\/www.pourquoi-pas-nous.com\/wp-content\/uploads\/2026\/01\/20210823_181354-scaled.jpg?resize=1200%2C568&amp;ssl=1 1200w, https:\/\/i0.wp.com\/www.pourquoi-pas-nous.com\/wp-content\/uploads\/2026\/01\/20210823_181354-scaled.jpg?resize=400%2C189&amp;ssl=1 400w, https:\/\/i0.wp.com\/www.pourquoi-pas-nous.com\/wp-content\/uploads\/2026\/01\/20210823_181354-scaled.jpg?w=2048&amp;ssl=1 2048w, https:\/\/i0.wp.com\/www.pourquoi-pas-nous.com\/wp-content\/uploads\/2026\/01\/20210823_181354-scaled.jpg?w=1600&amp;ssl=1 1600w\" sizes=\"(max-width: 800px) 100vw, 800px\" \/><\/figure>\n\n<h2 class=\"wp-block-heading\">Visita la grotta di Benagil in barca o in kayak<\/h2>\n\n<h3 class=\"wp-block-heading\">Visita la grotta di Benagil in kayak (la nostra opzione preferita &#x2764;&#xfe0f;)<\/h3>\n\n<p>Per noi, il <strong>kayak o la pagaia sono il modo migliore per visitare la grotta di Benagil<\/strong>.<\/p>\n\n<p>Perch\u00e9?<\/p>\n\n<ul class=\"wp-block-list\">\n<li>la distanza dalla spiaggia \u00e8 molto breve, si pu\u00f2 arrivare a 10 minuti in treno<\/li>\n\n\n\n<li>siamo riusciti ad entrare<strong> nella grotta<\/strong> parcheggiando il kayak sulla sabbia.<\/li>\n<\/ul>\n\n<p>&#x1f449; Ti consigliamo questa <strong>escursione di 1 ora in kayak in francese<\/strong>, molto ben organizzata, con <a href=\"https:\/\/www.getyourguide.fr\/algarve-l66\/benagil-excursion-en-kayak-vers-la-grotte-de-benagil-douche-gratuite-t216270\/?partner_id=0LXQSML&amp;utm_medium=online_publisher&amp;cmp=benagil\" data-type=\"link\" data-id=\"https:\/\/www.getyourguide.fr\/algarve-l66\/benagil-excursion-en-kayak-vers-la-grotte-de-benagil-douche-gratuite-t216270\/?partner_id=0LXQSML&amp;utm_medium=online_publisher&amp;cmp=benagil\" target=\"_blank\" rel=\"noopener\">Kayak Secret Algarve<\/a> che parte da Benagil (circa 25\u20ac). Abbiamo potuto visitare anche altre grotte meno turistiche.<\/p>\n\n<p>In poche parole,<\/p>\n\n<ul class=\"wp-block-list\">\n<li><strong>&#x1f4cd; Partenza direttamente dal villaggio di Benagil<\/strong><\/li>\n<\/ul>\n\n<ul class=\"wp-block-list\">\n<li><strong>&#x1f6f6; Piccolo gruppo<\/strong> (massimo 10 persone)<\/li>\n<\/ul>\n\n<ul class=\"wp-block-list\">\n<li>&#x1f1eb;&#x1f1f7; <strong>Guida in lingua inglese<\/strong><\/li>\n<\/ul>\n\n<p>Ricorda di prenotare in anticipo, soprattutto durante le vacanze scolastiche.<\/p>\n\n<blockquote class=\"wp-block-quote has-text-align-center is-layout-flow wp-block-quote-is-layout-flow\">\n<p>&#x1f39f;&#xfe0f; <a href=\"https:\/\/www.getyourguide.fr\/algarve-l66\/benagil-excursion-en-kayak-vers-la-grotte-de-benagil-douche-gratuite-t216270\/?partner_id=0LXQSML&amp;utm_medium=online_publisher&amp;cmp=benagil\" target=\"_blank\" data-type=\"link\" data-id=\"https:\/\/www.getyourguide.fr\/algarve-l66\/benagil-excursion-en-kayak-vers-la-grotte-de-benagil-douche-gratuite-t216270\/?partner_id=0LXQSML&amp;utm_medium=online_publisher&amp;cmp=benagil\" rel=\"noreferrer noopener nofollow\">Prenota un&#8217;escursione in kayak alla grotta di Benagil (guida FR)  <br\/><\/a> <\/p>\n<\/blockquote>\n\n<p>&#x1f4a1; Se \u00e8 disponibile, ti consigliamo di <a href=\"https:\/\/www.getyourguide.fr\/algarve-l66\/benagil-excursion-en-kayak-vers-la-grotte-de-benagil-douche-gratuite-t216270\/?partner_id=0LXQSML&amp;utm_medium=online_publisher&amp;cmp=benagil\" data-type=\"link\" data-id=\"https:\/\/www.getyourguide.fr\/algarve-l66\/benagil-excursion-en-kayak-vers-la-grotte-de-benagil-douche-gratuite-t216270\/?partner_id=0LXQSML&amp;utm_medium=online_publisher&amp;cmp=benagil\" target=\"_blank\" rel=\"noopener\">prenotare la fascia oraria delle 8 del mattino<\/a> (anche se sappiamo bene che \u00e8 presto per alzarsi in vacanza), in modo da avere il privilegio di visitare l&#8217;interno in tutta tranquillit\u00e0, senza folla. A partire dalle 10 del mattino si assiste a una sfilata di canoe e barche, dato che questo \u00e8 uno dei siti turistici pi\u00f9 popolari dell&#8217;Algarve.<\/p>\n\n<p>Prenotando tramite <a href=\"https:\/\/www.getyourguide.fr\/algarve-l66\/benagil-excursion-en-kayak-vers-la-grotte-de-benagil-douche-gratuite-t216270\/?partner_id=0LXQSML&amp;utm_medium=online_publisher&amp;cmp=benagil\" data-type=\"link\" data-id=\"https:\/\/www.getyourguide.fr\/algarve-l66\/benagil-excursion-en-kayak-vers-la-grotte-de-benagil-douche-gratuite-t216270\/?partner_id=0LXQSML&amp;utm_medium=online_publisher&amp;cmp=benagil\" target=\"_blank\" rel=\"noreferrer noopener\">Get Your Guide<\/a>: il<em>grande vantaggio, secondo noi, \u00e8 che <strong>puoi cambiare o cancellare la tua<\/strong> prenotazione <strong>fino al giorno prima<\/strong>, con un semplice click sull&#8217;applicazione, il che \u00e8 sempre rassicurante<\/em> per poter cambiare i tuoi piani a seconda del tempo.<\/p>\n\n<div data-gyg-href=\"https:\/\/widget.getyourguide.com\/default\/availability.frame\" data-gyg-tour-id=\"216270\" data-gyg-locale-code=\"fr-FR\" data-gyg-currency=\"EUR\" data-gyg-widget=\"availability\" data-gyg-variant=\"horizontal\" data-gyg-partner-id=\"0LXQSML\" data-gyg-cmp=\"benagil\"><\/div>\n\n<figure class=\"wp-block-image size-full\"><img data-recalc-dims=\"1\" data-dominant-color=\"786d4f\" data-has-transparency=\"true\" style=\"--dominant-color: #786d4f;\" decoding=\"async\" width=\"502\" height=\"610\" src=\"https:\/\/i0.wp.com\/www.pourquoi-pas-nous.com\/wp-content\/uploads\/2026\/01\/image-32.png?resize=502%2C610&#038;ssl=1\" alt=\"\" class=\"wp-image-77743 has-transparency\" title=\"\" srcset=\"https:\/\/i0.wp.com\/www.pourquoi-pas-nous.com\/wp-content\/uploads\/2026\/01\/image-32.png?w=502&amp;ssl=1 502w, https:\/\/i0.wp.com\/www.pourquoi-pas-nous.com\/wp-content\/uploads\/2026\/01\/image-32.png?resize=400%2C486&amp;ssl=1 400w\" sizes=\"(max-width: 502px) 100vw, 502px\" \/><\/figure>\n\n<figure class=\"wp-block-image size-full\"><img data-recalc-dims=\"1\" data-dominant-color=\"737f81\" data-has-transparency=\"true\" style=\"--dominant-color: #737f81;\" loading=\"lazy\" decoding=\"async\" width=\"800\" height=\"402\" src=\"https:\/\/i0.wp.com\/www.pourquoi-pas-nous.com\/wp-content\/uploads\/2026\/01\/image-33.png?resize=800%2C402&#038;ssl=1\" alt=\"\" class=\"wp-image-77744 has-transparency\" title=\"\" srcset=\"https:\/\/i0.wp.com\/www.pourquoi-pas-nous.com\/wp-content\/uploads\/2026\/01\/image-33.png?w=921&amp;ssl=1 921w, https:\/\/i0.wp.com\/www.pourquoi-pas-nous.com\/wp-content\/uploads\/2026\/01\/image-33.png?resize=400%2C201&amp;ssl=1 400w\" sizes=\"(max-width: 800px) 100vw, 800px\" \/><\/figure>\n\n<h2 class=\"wp-block-heading\">Visita la grotta di Benagil in barca<\/h2>\n\n<p>Ovviamente la barca \u00e8 l&#8217;opzione <strong>pi\u00f9 semplice<\/strong>, soprattutto se non vuoi remare.<\/p>\n\n<p>&#x26a0;&#xfe0f; Informazioni utili:<br\/>La maggior parte delle imbarcazioni <strong>non pu\u00f2 sbarcare nella grotta<\/strong>.<br\/>Puoi vederla <strong>dall&#8217;acqua<\/strong>, il che \u00e8 comunque impressionante, ma meno coinvolgente del kayak.<\/p>\n\n<blockquote class=\"wp-block-quote has-text-align-center is-layout-flow wp-block-quote-is-layout-flow\">\n<p>&#x1f39f;&#xfe0f; <a href=\"https:\/\/www.getyourguide.fr\/benagil-l163460\/circuit-complet-des-grottes-de-benagil-avec-happy-hour-l-apres-midi-t1022816\/?partner_id=0LXQSML&amp;utm_medium=online_publisher&amp;cmp=benagil\" target=\"_blank\" data-type=\"link\" data-id=\"https:\/\/www.getyourguide.fr\/benagil-l163460\/circuit-complet-des-grottes-de-benagil-avec-happy-hour-l-apres-midi-t1022816\/?partner_id=0LXQSML&amp;utm_medium=online_publisher&amp;cmp=benagil\" rel=\"noreferrer noopener nofollow\">Puoi dare un&#8217;occhiata a questa gita in barca dal villaggio di Benagil <strong>in francese<\/strong><\/a><\/p>\n\n\n\n<div data-gyg-href=\"https:\/\/widget.getyourguide.com\/default\/availability.frame\" data-gyg-tour-id=\"1022816\" data-gyg-locale-code=\"fr-FR\" data-gyg-currency=\"EUR\" data-gyg-widget=\"availability\" data-gyg-variant=\"horizontal\" data-gyg-partner-id=\"0LXQSML\" data-gyg-cmp=\"benagil\"><\/div>\n\n\n\n<p><br\/><\/p>\n<\/blockquote>\n\n<figure class=\"wp-block-image size-full\"><img data-recalc-dims=\"1\" data-dominant-color=\"677273\" data-has-transparency=\"true\" style=\"--dominant-color: #677273;\" loading=\"lazy\" decoding=\"async\" width=\"800\" height=\"416\" src=\"https:\/\/i0.wp.com\/www.pourquoi-pas-nous.com\/wp-content\/uploads\/2026\/01\/image-28.png?resize=800%2C416&#038;ssl=1\" alt=\"\" class=\"wp-image-77734 has-transparency\" title=\"\" srcset=\"https:\/\/i0.wp.com\/www.pourquoi-pas-nous.com\/wp-content\/uploads\/2026\/01\/image-28.png?w=948&amp;ssl=1 948w, https:\/\/i0.wp.com\/www.pourquoi-pas-nous.com\/wp-content\/uploads\/2026\/01\/image-28.png?resize=400%2C208&amp;ssl=1 400w\" sizes=\"(max-width: 800px) 100vw, 800px\" \/><\/figure>\n\n<figure class=\"wp-block-image size-full\"><img data-recalc-dims=\"1\" data-dominant-color=\"6e6b59\" data-has-transparency=\"true\" style=\"--dominant-color: #6e6b59;\" loading=\"lazy\" decoding=\"async\" width=\"800\" height=\"392\" src=\"https:\/\/i0.wp.com\/www.pourquoi-pas-nous.com\/wp-content\/uploads\/2026\/01\/image-29.png?resize=800%2C392&#038;ssl=1\" alt=\"\" class=\"wp-image-77740 has-transparency\" title=\"\" srcset=\"https:\/\/i0.wp.com\/www.pourquoi-pas-nous.com\/wp-content\/uploads\/2026\/01\/image-29.png?w=970&amp;ssl=1 970w, https:\/\/i0.wp.com\/www.pourquoi-pas-nous.com\/wp-content\/uploads\/2026\/01\/image-29.png?resize=400%2C196&amp;ssl=1 400w\" sizes=\"(max-width: 800px) 100vw, 800px\" \/><\/figure>\n\n<figure class=\"wp-block-image size-large\"><img data-recalc-dims=\"1\" data-dominant-color=\"4e80a7\" data-has-transparency=\"false\" style=\"--dominant-color: #4e80a7;\" loading=\"lazy\" decoding=\"async\" width=\"800\" height=\"379\" src=\"https:\/\/i0.wp.com\/www.pourquoi-pas-nous.com\/wp-content\/uploads\/2026\/01\/20210828_143410.jpg?resize=800%2C379&#038;ssl=1\" alt=\"\" class=\"wp-image-76251 not-transparent\" title=\"\" srcset=\"https:\/\/i0.wp.com\/www.pourquoi-pas-nous.com\/wp-content\/uploads\/2026\/01\/20210828_143410-scaled.jpg?resize=1200%2C569&amp;ssl=1 1200w, https:\/\/i0.wp.com\/www.pourquoi-pas-nous.com\/wp-content\/uploads\/2026\/01\/20210828_143410-scaled.jpg?resize=400%2C190&amp;ssl=1 400w, https:\/\/i0.wp.com\/www.pourquoi-pas-nous.com\/wp-content\/uploads\/2026\/01\/20210828_143410-scaled.jpg?w=2048&amp;ssl=1 2048w, https:\/\/i0.wp.com\/www.pourquoi-pas-nous.com\/wp-content\/uploads\/2026\/01\/20210828_143410-scaled.jpg?w=1600&amp;ssl=1 1600w\" sizes=\"(max-width: 800px) 100vw, 800px\" \/><\/figure>\n\n<h3 class=\"wp-block-heading\">&#x1f42c; Combina la grotta di Benagil + l&#8217;osservazione dei delfini  <\/h3>\n\n<p>Questa gita combina <strong>due dei must dell&#8217;Algarve in un&#8217;unica attivit\u00e0<\/strong>: la scoperta delle famose grotte marine, tra cui Benagil, <strong>e l&#8217;osservazione dei delfini in mare aperto<\/strong>. La costa dell&#8217;Algarve \u00e8 particolarmente rinomata per la presenza di <strong>molti delfini<\/strong>, spesso avvistati in gruppo, il che rende l&#8217;esperienza divertente e suggestiva, soprattutto per i bambini. <\/p>\n\n<p>Questo \u00e8 il tipo di attivit\u00e0 che rende speciale una vacanza: navigare lungo le scogliere, entrare nelle spettacolari grotte e poi uscire in mare alla ricerca dei delfini, il tutto <strong>supervisionato da una guida di lingua francese<\/strong> che spiega il comportamento degli animali e la formazione della costa.  <\/p>\n\n<blockquote class=\"wp-block-quote has-text-align-center is-layout-flow wp-block-quote-is-layout-flow\">\n<p>&#x1f39f;&#xfe0f; <strong><a href=\"https:\/\/www.getyourguide.com\/fr-fr\/algarve-l66\/portimao-croisiere-dans-les-grottes-de-benagil-avec-observation-des-dauphins-t420129\/\" data-type=\"link\" data-id=\"https:\/\/www.getyourguide.com\/fr-fr\/algarve-l66\/portimao-croisiere-dans-les-grottes-de-benagil-avec-observation-des-dauphins-t420129\/\" target=\"_blank\" rel=\"noreferrer noopener\">Grotte di Benagil + crociera con i delfini (guida FR)<\/a><\/strong> ideale per le famiglie<\/p>\n<\/blockquote>\n\n<figure class=\"wp-block-image size-full\"><img data-recalc-dims=\"1\" data-dominant-color=\"1d5d77\" data-has-transparency=\"false\" style=\"--dominant-color: #1d5d77;\" loading=\"lazy\" decoding=\"async\" width=\"800\" height=\"588\" src=\"https:\/\/i0.wp.com\/www.pourquoi-pas-nous.com\/wp-content\/uploads\/2026\/01\/gmzsct-vc0e.jpg?resize=800%2C588&#038;ssl=1\" alt=\"un delfino che nuota nell&#039;acqua\" class=\"wp-image-76282 not-transparent\" title=\"\" srcset=\"https:\/\/i0.wp.com\/www.pourquoi-pas-nous.com\/wp-content\/uploads\/2026\/01\/gmzsct-vc0e.jpg?w=1632&amp;ssl=1 1632w, https:\/\/i0.wp.com\/www.pourquoi-pas-nous.com\/wp-content\/uploads\/2026\/01\/gmzsct-vc0e.jpg?resize=400%2C294&amp;ssl=1 400w, https:\/\/i0.wp.com\/www.pourquoi-pas-nous.com\/wp-content\/uploads\/2026\/01\/gmzsct-vc0e.jpg?resize=1200%2C882&amp;ssl=1 1200w\" sizes=\"(max-width: 800px) 100vw, 800px\" \/><\/figure>\n\n<figure class=\"wp-block-image size-full\"><img data-recalc-dims=\"1\" data-dominant-color=\"49678b\" data-has-transparency=\"true\" style=\"--dominant-color: #49678b;\" loading=\"lazy\" decoding=\"async\" width=\"800\" height=\"333\" src=\"https:\/\/i0.wp.com\/www.pourquoi-pas-nous.com\/wp-content\/uploads\/2026\/01\/image-36.png?resize=800%2C333&#038;ssl=1\" alt=\"\" class=\"wp-image-77748 has-transparency\" title=\"\" srcset=\"https:\/\/i0.wp.com\/www.pourquoi-pas-nous.com\/wp-content\/uploads\/2026\/01\/image-36.png?w=990&amp;ssl=1 990w, https:\/\/i0.wp.com\/www.pourquoi-pas-nous.com\/wp-content\/uploads\/2026\/01\/image-36.png?resize=400%2C166&amp;ssl=1 400w\" sizes=\"(max-width: 800px) 100vw, 800px\" \/><\/figure>\n\n<h2 class=\"wp-block-heading\">Visita la grotta a piedi<\/h2>\n\n<p>Puoi anche vedere la grotta di Benagil <strong>dall&#8217;alto delle scogliere<\/strong>, percorrendo la famosa <strong>passeggiata delle Sette Valli Pensili<\/strong> che collega <strong>Praia da Marinha<\/strong> a <strong>Praia de Vale de Centeanes<\/strong> e passa proprio <strong>sopra la grotta di Benagil<\/strong>:<\/p>\n\n<p>&#x1f449; <strong>circa 5,7 km (solo andata)<\/strong> &#8211; <a href=\"https:\/\/www.alltrails.com\/fr\/randonnee\/portugal\/faro\/percurso-dos-sete-vales-suspensos-gruta-de-benagil-arcos-naturais\" target=\"_blank\" data-type=\"link\" data-id=\"https:\/\/www.alltrails.com\/fr\/randonnee\/portugal\/faro\/percurso-dos-sete-vales-suspensos-gruta-de-benagil-arcos-naturais\" rel=\"noreferrer noopener\">itinerario completo sul sito web di Tutti i sentieri<\/a><\/p>\n\n<ul class=\"wp-block-list\">\n<li>&#x23f1;&#xfe0f; <strong>Tempo di percorrenza<\/strong>: da 2h30 a 3h senza lunghe pause (pi\u00f9 o meno 4h se si prende tempo per i punti panoramici)<\/li>\n\n\n\n<li>&#x1f501; <strong>Andata e ritorno<\/strong>: ~11 &#8211; 12 km<\/li>\n\n\n\n<li>&#x1faa8; <strong>Livello<\/strong>: da facile a moderato (sentiero ben segnalato, ma alcune salite\/discese)<\/li>\n\n\n\n<li>&#x1f305; <strong>Attrazione principale<\/strong>: viste a picco sulle scogliere, archi naturali, spiagge e la <strong>grotta di Benagil vista dall&#8217;alto<\/strong>.<\/li>\n<\/ul>\n\n<p>&#x1f4a1; Se non vuoi fare <strong>tutta l&#8217;escursione<\/strong>, puoi parcheggiare in un parcheggio a 10 minuti dalla grotta e poi andare ad ammirare il buco dall&#8217;alto e le scogliere circostanti.<\/p>\n\n<blockquote class=\"wp-block-quote has-text-align-center is-layout-flow wp-block-quote-is-layout-flow\">\n<p>Il nostro consiglio: esplora la grotta dall&#8217;acqua al mattino, poi parti per un&#8217;escursione nel tardo pomeriggio.<\/p>\n<\/blockquote>\n\n<figure class=\"wp-block-image size-large\"><img data-recalc-dims=\"1\" data-dominant-color=\"85837d\" data-has-transparency=\"false\" style=\"--dominant-color: #85837d;\" loading=\"lazy\" decoding=\"async\" width=\"800\" height=\"379\" src=\"https:\/\/i0.wp.com\/www.pourquoi-pas-nous.com\/wp-content\/uploads\/2026\/01\/20210826_152401.jpg?resize=800%2C379&#038;ssl=1\" alt=\"armacao de pera portogallo algarve\" class=\"wp-image-77174 not-transparent\" title=\"\" srcset=\"https:\/\/i0.wp.com\/www.pourquoi-pas-nous.com\/wp-content\/uploads\/2026\/01\/20210826_152401-scaled.jpg?resize=1200%2C569&amp;ssl=1 1200w, https:\/\/i0.wp.com\/www.pourquoi-pas-nous.com\/wp-content\/uploads\/2026\/01\/20210826_152401-scaled.jpg?resize=400%2C190&amp;ssl=1 400w, https:\/\/i0.wp.com\/www.pourquoi-pas-nous.com\/wp-content\/uploads\/2026\/01\/20210826_152401-scaled.jpg?w=2048&amp;ssl=1 2048w, https:\/\/i0.wp.com\/www.pourquoi-pas-nous.com\/wp-content\/uploads\/2026\/01\/20210826_152401-scaled.jpg?w=1600&amp;ssl=1 1600w\" sizes=\"(max-width: 800px) 100vw, 800px\" \/><\/figure>\n\n<figure class=\"wp-block-image size-full\"><img data-recalc-dims=\"1\" data-dominant-color=\"726e54\" data-has-transparency=\"true\" style=\"--dominant-color: #726e54;\" loading=\"lazy\" decoding=\"async\" width=\"800\" height=\"429\" src=\"https:\/\/i0.wp.com\/www.pourquoi-pas-nous.com\/wp-content\/uploads\/2026\/01\/image-31.png?resize=800%2C429&#038;ssl=1\" alt=\"\" class=\"wp-image-77742 has-transparency\" title=\"\" srcset=\"https:\/\/i0.wp.com\/www.pourquoi-pas-nous.com\/wp-content\/uploads\/2026\/01\/image-31.png?w=958&amp;ssl=1 958w, https:\/\/i0.wp.com\/www.pourquoi-pas-nous.com\/wp-content\/uploads\/2026\/01\/image-31.png?resize=400%2C215&amp;ssl=1 400w\" sizes=\"(max-width: 800px) 100vw, 800px\" \/><\/figure>\n\n<figure class=\"wp-block-image size-full\"><img data-recalc-dims=\"1\" data-dominant-color=\"ac9173\" data-has-transparency=\"true\" style=\"--dominant-color: #ac9173;\" loading=\"lazy\" decoding=\"async\" width=\"800\" height=\"425\" src=\"https:\/\/i0.wp.com\/www.pourquoi-pas-nous.com\/wp-content\/uploads\/2026\/01\/image-34.png?resize=800%2C425&#038;ssl=1\" alt=\"\" class=\"wp-image-77745 has-transparency\" title=\"\" srcset=\"https:\/\/i0.wp.com\/www.pourquoi-pas-nous.com\/wp-content\/uploads\/2026\/01\/image-34.png?w=946&amp;ssl=1 946w, https:\/\/i0.wp.com\/www.pourquoi-pas-nous.com\/wp-content\/uploads\/2026\/01\/image-34.png?resize=400%2C212&amp;ssl=1 400w\" sizes=\"(max-width: 800px) 100vw, 800px\" \/><\/figure>\n\n<h2 class=\"wp-block-heading\">Come arrivo a Benagil?<\/h2>\n\n<ul class=\"wp-block-list\">\n<li>Se hai <a href=\"https:\/\/www.discovercars.com\/fr\/portugal\/faro?a_aid=PourquoiPasNous\" data-type=\"link\" data-id=\"https:\/\/www.discovercars.com\/fr\/portugal\/faro?a_aid=PourquoiPasNous\" target=\"_blank\" rel=\"noopener\">noleggiato un&#8217;<\/a><strong>auto<\/strong>, ci sono diversi parcheggi nel villaggio di Benagil e puoi noleggiare un kayak.<\/li>\n\n\n\n<li><strong>In barca<\/strong> da diverse localit\u00e0 dell&#8217;Algarve come <a href=\"https:\/\/www.getyourguide.fr\/algarve-l66\/albufeira-excursion-en-bateau-grottes-et-observation-des-dauphins-t64461\/?partner_id=0LXQSML&amp;utm_medium=online_publisher&amp;cmp=benagil\" data-type=\"link\" data-id=\"https:\/\/www.getyourguide.fr\/algarve-l66\/albufeira-excursion-en-bateau-grottes-et-observation-des-dauphins-t64461\/?partner_id=0LXQSML&amp;utm_medium=online_publisher&amp;cmp=benagil\" target=\"_blank\" rel=\"noopener\">Albufeira<\/a>, <a href=\"https:\/\/www.getyourguide.fr\/algarve-l66\/portimao-croisiere-dans-les-grottes-de-benagil-avec-observation-des-dauphins-t420129\/?partner_id=0LXQSML&amp;utm_medium=online_publisher&amp;cmp=benagil\" data-type=\"link\" data-id=\"https:\/\/www.getyourguide.fr\/algarve-l66\/portimao-croisiere-dans-les-grottes-de-benagil-avec-observation-des-dauphins-t420129\/?partner_id=0LXQSML&amp;utm_medium=online_publisher&amp;cmp=benagil\" target=\"_blank\" rel=\"noreferrer noopener nofollow\">Portim\u00e3o<\/a>, <a href=\"https:\/\/www.getyourguide.fr\/algarve-l66\/armacao-de-pera-visite-guidee-privee-en-bateau-des-grottes-de-benagil-t390616\/?partner_id=0LXQSML&amp;utm_medium=online_publisher&amp;cmp=benagil\" data-type=\"link\" data-id=\"https:\/\/www.getyourguide.fr\/algarve-l66\/armacao-de-pera-visite-guidee-privee-en-bateau-des-grottes-de-benagil-t390616\/?partner_id=0LXQSML&amp;utm_medium=online_publisher&amp;cmp=benagil\" target=\"_blank\" rel=\"noreferrer noopener nofollow\">Arma\u00e7\u00e3o de P\u00eara<\/a>&#8230;<\/li>\n\n\n\n<li><strong>A piedi<\/strong> da <strong>Praia da Marinha<\/strong> o <strong>Praia de Vale de Centeanes<\/strong>, seguendo il <strong>sentiero<\/strong> delle <strong>Sette Valli Pensili<\/strong> che passa <strong>proprio sopra la grotta<\/strong>.<\/li>\n\n\n\n<li><strong>Con i mezzi pubblici <\/strong>(meno pratici): autobus disponibili per Lagos o Carvoeiro, informazioni e prenotazioni sulla compagnia <a href=\"https:\/\/vamusalgarve.pt\" target=\"_blank\" rel=\"noreferrer noopener\">Vamus Algarve<\/a>. <\/li>\n<\/ul>\n\n<h2 class=\"wp-block-heading\">La nostra opinione sulla grotta di Benagil<\/h2>\n\n<p>La grotta di Benagil \u00e8 chiaramente uno dei <strong>luoghi pi\u00f9 emblematici dell&#8217;Algarve<\/strong>. Impressionante sia per le sue dimensioni che per la luce che penetra al suo interno, merita una visita durante il tuo soggiorno nella regione.   <\/p>\n\n<p><strong>Tuttavia,<\/strong> l&#8217;esperienza pu\u00f2 <strong>variare a seconda dell&#8217;ora del giorno, della stagione e del tipo di visita scelta.<\/strong> <\/p>\n\n<blockquote class=\"wp-block-quote has-text-align-center is-layout-flow wp-block-quote-is-layout-flow\">\n<p>Ti consigliamo di pianificare la tua visita con largo anticipo, perch\u00e9 una visita ben organizzata alla grotta \u00e8 sempre una grande esperienza, soprattutto se abbinata all&#8217;esplorazione della costa circostante.<\/p>\n<\/blockquote>\n\n<figure class=\"wp-block-image size-large\"><img data-recalc-dims=\"1\" data-dominant-color=\"858f90\" data-has-transparency=\"false\" style=\"--dominant-color: #858f90;\" loading=\"lazy\" decoding=\"async\" width=\"800\" height=\"368\" src=\"https:\/\/i0.wp.com\/www.pourquoi-pas-nous.com\/wp-content\/uploads\/2026\/01\/WhatsApp-Image-2026-01-20-at-18.10.31-3.jpeg?resize=800%2C368&#038;ssl=1\" alt=\"portogallo algarve\" class=\"wp-image-76975 not-transparent\" title=\"\" srcset=\"https:\/\/i0.wp.com\/www.pourquoi-pas-nous.com\/wp-content\/uploads\/2026\/01\/WhatsApp-Image-2026-01-20-at-18.10.31-3.jpeg?resize=1200%2C552&amp;ssl=1 1200w, https:\/\/i0.wp.com\/www.pourquoi-pas-nous.com\/wp-content\/uploads\/2026\/01\/WhatsApp-Image-2026-01-20-at-18.10.31-3.jpeg?resize=400%2C184&amp;ssl=1 400w, https:\/\/i0.wp.com\/www.pourquoi-pas-nous.com\/wp-content\/uploads\/2026\/01\/WhatsApp-Image-2026-01-20-at-18.10.31-3.jpeg?w=1600&amp;ssl=1 1600w\" sizes=\"(max-width: 800px) 100vw, 800px\" \/><\/figure>\n\n<p>Non esitate a lasciarci una <strong>nota<\/strong> o <strong>5 stelle<\/strong> qui sotto, per dirci se state organizzando questo viaggio o per farci domande, saremo lieti di rispondervi.<\/p>\n\n<p>Prima di partire, <strong>leggi tutti i nostri articoli sull&#8217;organizzazione del viaggio:<\/strong><\/p>\n\n<p><\/p>\n\n<ul class=\"wp-block-list\">\n<li>&#x1f6cf;&#xfe0f;  <a href=\"https:\/\/www.pourquoi-pas-nous.com\/it\/?p=79022\" data-type=\"post\" data-id=\"78345\">Dove dormire in Algarve? i nostri migliori indirizzi<\/a><\/li>\n\n\n\n<li>&#x1f5fa;&#xfe0f; <a href=\"https:\/\/www.pourquoi-pas-nous.com\/it\/?p=78980\" data-type=\"post\" data-id=\"78921\" target=\"_blank\" rel=\"noreferrer noopener\">Itinerario per il tuo viaggio in Algarve?<\/a><\/li>\n\n\n\n<li>&#x1f697; <a href=\"https:\/\/www.pourquoi-pas-nous.com\/it\/?p=77719\" target=\"_blank\" data-type=\"post\" data-id=\"77133\" rel=\"noreferrer noopener\">Noleggio auto a Faro in Algarve: i nostri consigli e suggerimenti<\/a><\/li>\n\n\n\n<li>Visita i villaggi di <a href=\"https:\/\/www.pourquoi-pas-nous.com\/it\/cosa-fare-a-lagos-in-portogallo-la-nostra-opinione-e-le-nostre-mete-imperdibili\/\" data-type=\"post\" data-id=\"76752\">Lagos<\/a>, <a href=\"https:\/\/www.pourquoi-pas-nous.com\/it\/cosa-fare-ad-armacao-de-pera-in-portogallo-i-nostri-luoghi-da-non-perdere\/\" data-type=\"post\" data-id=\"76818\">Arma\u00e7ao de P\u00eara<\/a>, <a href=\"https:\/\/www.pourquoi-pas-nous.com\/it\/cosa-fare-ad-alvor-portogallo-le-spiagge-e-la-nostra-opinione\/\" data-type=\"post\" data-id=\"76816\">Alvor<\/a> e Olaho<\/li>\n\n\n\n<li>&#x26f5; <a href=\"https:\/\/www.pourquoi-pas-nous.com\/it\/come-visitare-le-scogliere-di-ponta-da-piedade-in-barca-e-a-piedi\/\" target=\"_blank\" data-type=\"post\" data-id=\"77127\" rel=\"noreferrer noopener\">Come posso visitare le scogliere di Ponta da Piedade<\/a>? in barca e a piedi<\/li>\n\n\n\n<li>&#x1f9a9; <a href=\"https:\/\/www.pourquoi-pas-nous.com\/it\/cosa-puoi-fare-nel-parco-naturale-di-ria-formosa-e-nelle-sue-isole-in-portogallo-un-tesoro-nascosto-in-algarve\/\" data-type=\"post\" data-id=\"76230\" target=\"_blank\" rel=\"noreferrer noopener\">Cosa puoi fare nel Parco Naturale di Ria Formosa<\/a> e nelle sue isole in Portogallo?  <\/li>\n<\/ul>\n<div style='text-align:right' class='yasr-auto-insert-visitor'><\/div>","protected":false},"excerpt":{"rendered":"<p>Vuoi visitare la famosa grotta di Benagil e probabilmente ti starai chiedendo : Buone notizie, \u00e8 chiaro che sei arrivato nel posto giusto. Durante il nostro viaggio in Algarve, la grotta di Benagil era una delle tappe obbligate. E come molti viaggiatori, ci siamo subito resi conto che questo sito ultra-popolare solleva molte domande&#8230; e [&hellip;]<\/p>\n","protected":false},"author":2,"featured_media":77764,"comment_status":"open","ping_status":"closed","sticky":false,"template":"","format":"standard","meta":{"_acf_changed":false,"_wp_convertkit_post_meta":{"form":"-1","landing_page":"","tag":"0","restrict_content":"0"},"jetpack_post_was_ever_published":true,"yasr_overall_rating":0,"yasr_post_is_review":"","yasr_auto_insert_disabled":"","yasr_review_type":"","_jetpack_newsletter_access":"","_jetpack_dont_email_post_to_subs":false,"_jetpack_newsletter_tier_id":0,"_jetpack_memberships_contains_paywalled_content":false,"_jetpack_memberships_contains_paid_content":false,"footnotes":""},"categories":[396,270,395],"tags":[],"class_list":["post-77763","post","type-post","status-publish","format-standard","has-post-thumbnail","hentry","category-algarve","category-guida-di-viaggio","category-portogallo"],"acf":[],"_wp_attached_file":null,"_wp_attachment_image_alt":null,"rank_math_primary_category":"392","rank_math_title":"Visita la grotta di Benagil in Portogallo: in barca, in kayak o a piedi","rank_math_description":null,"rank_math_focus_keyword":"Grotta di Benagil","yasr_visitor_votes":{"stars_attributes":{"read_only":false,"span_bottom":false},"number_of_votes":0,"sum_votes":0},"jetpack_featured_media_url":"https:\/\/i0.wp.com\/www.pourquoi-pas-nous.com\/wp-content\/uploads\/2026\/01\/image-30.png?fit=928%2C529&ssl=1","jetpack_sharing_enabled":true,"_links":{"self":[{"href":"https:\/\/www.pourquoi-pas-nous.com\/it\/wp-json\/wp\/v2\/posts\/77763","targetHints":{"allow":["GET"]}}],"collection":[{"href":"https:\/\/www.pourquoi-pas-nous.com\/it\/wp-json\/wp\/v2\/posts"}],"about":[{"href":"https:\/\/www.pourquoi-pas-nous.com\/it\/wp-json\/wp\/v2\/types\/post"}],"author":[{"embeddable":true,"href":"https:\/\/www.pourquoi-pas-nous.com\/it\/wp-json\/wp\/v2\/users\/2"}],"replies":[{"embeddable":true,"href":"https:\/\/www.pourquoi-pas-nous.com\/it\/wp-json\/wp\/v2\/comments?post=77763"}],"version-history":[{"count":8,"href":"https:\/\/www.pourquoi-pas-nous.com\/it\/wp-json\/wp\/v2\/posts\/77763\/revisions"}],"predecessor-version":[{"id":79217,"href":"https:\/\/www.pourquoi-pas-nous.com\/it\/wp-json\/wp\/v2\/posts\/77763\/revisions\/79217"}],"wp:featuredmedia":[{"embeddable":true,"href":"https:\/\/www.pourquoi-pas-nous.com\/it\/wp-json\/wp\/v2\/media\/77764"}],"wp:attachment":[{"href":"https:\/\/www.pourquoi-pas-nous.com\/it\/wp-json\/wp\/v2\/media?parent=77763"}],"wp:term":[{"taxonomy":"category","embeddable":true,"href":"https:\/\/www.pourquoi-pas-nous.com\/it\/wp-json\/wp\/v2\/categories?post=77763"},{"taxonomy":"post_tag","embeddable":true,"href":"https:\/\/www.pourquoi-pas-nous.com\/it\/wp-json\/wp\/v2\/tags?post=77763"}],"curies":[{"name":"wp","href":"https:\/\/api.w.org\/{rel}","templated":true}]}}