{"id":78816,"date":"2026-02-09T21:12:05","date_gmt":"2026-02-09T19:12:05","guid":{"rendered":"https:\/\/www.pourquoi-pas-nous.com\/visitare-olhao-in-portogallo-la-nostra-guida-completa\/"},"modified":"2026-02-12T14:29:13","modified_gmt":"2026-02-12T12:29:13","slug":"visitare-olhao-in-portogallo-la-nostra-guida-completa","status":"publish","type":"post","link":"https:\/\/www.pourquoi-pas-nous.com\/it\/visitare-olhao-in-portogallo-la-nostra-guida-completa\/","title":{"rendered":"Visitare Olh\u00e3o in Portogallo: la nostra guida completa"},"content":{"rendered":"\n<p>Ti stai chiedendo <strong>cosa fare a Olh\u00e3o <\/strong>? Durante il nostro viaggio nel sud del Portogallo, abbiamo trascorso <strong>diversi giorni a Olh\u00e3o<\/strong>, che \u00e8 chiaramente uno dei nostri villaggi preferiti dell <strong>&#8216;Algarve<\/strong>. <br\/><br\/>Meno turistica dei suoi vicini, <strong>Olh\u00e3o<\/strong> ha mantenuto una <strong>vera identit\u00e0 locale<\/strong>, incentrata sul mare, sulla pesca e sul parco naturale di <strong>Ria Formosa<\/strong>.<\/p>\n\n<p>In questo articolo condividiamo con te <strong>la nostra esperienza<\/strong>, le <strong>attivit\u00e0 da non perdere<\/strong>, i nostri <strong>consigli pratici<\/strong> e le nostre <strong>raccomandazioni testate sul posto<\/strong>.<\/p>\n\n<figure class=\"wp-block-image size-large\"><img data-recalc-dims=\"1\" data-dominant-color=\"4787b1\" data-has-transparency=\"false\" style=\"--dominant-color: #4787b1;\" fetchpriority=\"high\" decoding=\"async\" width=\"800\" height=\"379\" src=\"https:\/\/i0.wp.com\/www.pourquoi-pas-nous.com\/wp-content\/uploads\/2026\/01\/20210828_143526.jpg?resize=800%2C379&#038;ssl=1\" alt=\"olhao\" class=\"wp-image-76252 not-transparent\" title=\"\" srcset=\"https:\/\/i0.wp.com\/www.pourquoi-pas-nous.com\/wp-content\/uploads\/2026\/01\/20210828_143526-scaled.jpg?resize=1200%2C569&amp;ssl=1 1200w, https:\/\/i0.wp.com\/www.pourquoi-pas-nous.com\/wp-content\/uploads\/2026\/01\/20210828_143526-scaled.jpg?resize=400%2C190&amp;ssl=1 400w, https:\/\/i0.wp.com\/www.pourquoi-pas-nous.com\/wp-content\/uploads\/2026\/01\/20210828_143526-scaled.jpg?w=2048&amp;ssl=1 2048w, https:\/\/i0.wp.com\/www.pourquoi-pas-nous.com\/wp-content\/uploads\/2026\/01\/20210828_143526-scaled.jpg?w=1600&amp;ssl=1 1600w\" sizes=\"(max-width: 800px) 100vw, 800px\" \/><\/figure>\n\n<div class=\"wp-block-group fiche-lieu has-background is-layout-constrained wp-block-group-is-layout-constrained\" style=\"background-color:#7ba0982e\">\n<p class=\"has-text-align-center is-style-default has-white-color has-text-color has-background has-link-color has-medium-font-size wp-elements-b2a97365d4cf01a3e96bedd7d6ca1767\" style=\"background-color:#7ba098\"><strong>Fatti salienti : <strong>Olh\u00e3o<\/strong><\/strong><\/p>\n\n\n\n<div class=\"wp-block-group has-custom-fond-background-color has-background is-vertical is-layout-flex wp-container-core-group-is-layout-73aff06f wp-block-group-is-layout-flex\" style=\"border-style:none;border-width:0px;margin-top:0px;margin-bottom:0px;padding-top:var(--wp--preset--spacing--10);padding-right:var(--wp--preset--spacing--10);padding-bottom:var(--wp--preset--spacing--10);padding-left:var(--wp--preset--spacing--10)\">\n<div class=\"wp-block-columns is-layout-flex wp-container-core-columns-is-layout-8d88fe0f wp-block-columns-is-layout-flex\" style=\"border-right-style:none;border-right-width:0px;border-bottom-style:none;border-bottom-width:0px;border-left-style:none;border-left-width:0px;padding-top:var(--wp--preset--spacing--20);padding-bottom:var(--wp--preset--spacing--20)\">\n<div class=\"wp-block-column is-layout-flow wp-block-column-is-layout-flow\" style=\"flex-basis:150px\">\n<p class=\"has-text-align-center has-medium-font-size\">Dove si trova Olh\u00e3o?<\/p>\n<\/div>\n\n\n\n<div class=\"wp-block-column is-layout-flow wp-block-column-is-layout-flow\" style=\"flex-basis:100%\">\n<p>&#x1f4cd; Nel sud del Portogallo, a 20 minuti a est dell&#8217;aeroporto di Faro, in Algarve.<\/p>\n<\/div>\n<\/div>\n\n\n\n<div class=\"wp-block-columns is-layout-flex wp-container-core-columns-is-layout-8d88fe0f wp-block-columns-is-layout-flex\" style=\"border-top-color:var(--wp--preset--color--custom-bleu-fonc);border-top-style:dotted;border-top-width:1px;padding-top:var(--wp--preset--spacing--20);padding-bottom:var(--wp--preset--spacing--20)\">\n<div class=\"wp-block-column is-layout-flow wp-block-column-is-layout-flow\" style=\"flex-basis:150px\">\n<p class=\"has-text-align-center has-medium-font-size\">La nostra top<\/p>\n<\/div>\n\n\n\n<div class=\"wp-block-column is-layout-flow wp-block-column-is-layout-flow\" style=\"flex-basis:100%\">\n<ul class=\"wp-block-list\">\n<li><strong>Gita in barca<\/strong> per visitare il Parco Naturale di Ria Formosa<\/li>\n\n\n\n<li><strong>Tour a piedi<\/strong> di un&#8217;isola<\/li>\n\n\n\n<li>Visita il centro storico e i suoi mercati<\/li>\n<\/ul>\n\n\n\n<p><em><strong>Crociera da Olh\u00e3o<\/strong><\/em><\/p>\n\n\n\n<div data-gyg-href=\"https:\/\/widget.getyourguide.com\/default\/availability.frame\" data-gyg-tour-id=\"397184\" data-gyg-locale-code=\"fr-FR\" data-gyg-currency=\"EUR\" data-gyg-widget=\"availability\" data-gyg-variant=\"horizontal\" data-gyg-partner-id=\"0LXQSML\" data-gyg-cmp=\"olaho\"><\/div>\n<\/div>\n<\/div>\n\n\n\n<div class=\"wp-block-columns is-layout-flex wp-container-core-columns-is-layout-8d88fe0f wp-block-columns-is-layout-flex\" style=\"border-top-color:var(--wp--preset--color--custom-bleu-fonc);border-top-style:dotted;border-top-width:1px;padding-top:var(--wp--preset--spacing--20);padding-bottom:var(--wp--preset--spacing--20)\">\n<div class=\"wp-block-column is-layout-flow wp-block-column-is-layout-flow\" style=\"flex-basis:150px\">\n<p class=\"has-text-align-center has-medium-font-size\">Il nostro hotel a Olh\u00e3o<\/p>\n<\/div>\n\n\n\n<div class=\"wp-block-column is-layout-flow wp-block-column-is-layout-flow\" style=\"flex-basis:100%\">\n<p><em><a href=\"https:\/\/www.booking.com\/hotel\/pt\/cidade-de-olhao.fr.html?aid=1529171&amp;no_rooms=1&amp;group_adults=2\" data-type=\"link\" data-id=\"https:\/\/www.booking.com\/hotel\/pt\/cidade-de-olhao.fr.html?aid=1529171&amp;no_rooms=1&amp;group_adults=2\" target=\"_blank\" rel=\"noopener\">&#x1f4a6;<\/a><\/em> <em><a href=\"https:\/\/www.booking.com\/hotel\/pt\/cidade-de-olhao.fr.html?aid=1529171&amp;no_rooms=1&amp;group_adults=2\" data-type=\"link\" data-id=\"https:\/\/www.booking.com\/hotel\/pt\/cidade-de-olhao.fr.html?aid=1529171&amp;no_rooms=1&amp;group_adults=2\" target=\"_blank\" rel=\"noopener\">Prenotazione e informazioni per<\/a><a href=\"https:\/\/www.booking.com\/hotel\/pt\/cidade-de-olhao.fr.html?aid=1529171&amp;no_rooms=1&amp;group_adults=2\" target=\"_blank\" rel=\"noreferrer noopener\">Hotel Cidade de Olh\u00e3o<\/a> a partire da 80\u20ac a notte con piscina e colazione <\/em> <\/p>\n\n\n\n<p>&#x23f1;&#xfe0f; <strong>Durata consigliata<\/strong>: 2 o 3 notti<\/p>\n<\/div>\n<\/div>\n<\/div>\n<\/div>\n\n<h2 class=\"wp-block-heading\">Esplorare il Parco Naturale di Ria Formosa da Olh\u00e3o  <\/h2>\n\n<p>Se c&#8217;\u00e8 <strong>una cosa che devi assolutamente fare a Olh\u00e3o<\/strong> \u00e8 <strong>esplorare il Parco Naturale di Ria Formosa in barca<\/strong>.<br\/><br\/>Questa immensa laguna protetta si estende per quasi 60 km e ospita <strong>isole barriera, banchi di sabbia, saline e una fauna eccezionale<\/strong>. Ci \u00e8 piaciuta molto perch\u00e9 \u00e8 un completo cambiamento rispetto alle formazioni rocciose e alle grotte naturali che abbiamo visto nella parte occidentale dell&#8217;Algarve, come <a href=\"https:\/\/www.pourquoi-pas-nous.com\/it\/come-visitare-le-scogliere-di-ponta-da-piedade-in-barca-e-a-piedi\/\" data-type=\"post\" data-id=\"77127\" target=\"_blank\" rel=\"noreferrer noopener\">le scogliere di Ponta da Piedade<\/a> e la grotta di Bengil. <\/p>\n\n<h3 class=\"wp-block-heading\">&#x1f6a4; Esplora la riserva in barca: il nostro consiglio<\/h3>\n\n<p>Naturalmente, ti consigliamo di dedicare diverse ore all&#8217;esplorazione del parco in barca. Noi abbiamo scelto una <strong>crociera guidata in piccolo gruppo con partenza da Olh\u00e3o<\/strong>, con : <\/p>\n\n<ul class=\"wp-block-list\">\n<li>navigazione nella laguna<\/li>\n\n\n\n<li>soste su <strong>diverse isole (Armona, Culatra, Farol)<\/strong><\/li>\n\n\n\n<li>spiegazioni sulla fauna selvatica, la pesca e la vita locale<\/li>\n<\/ul>\n\n<p>Ti consigliamo <a href=\"https:\/\/www.getyourguide.fr\/algarve-l66\/au-depart-d-olhao-visite-d-une-jounee-aux-3-iles-de-la-ria-formosa-t397184\/?partner_id=0LXQSML&amp;utm_medium=online_publisher&amp;cmp=riaformosa\" data-type=\"link\" data-id=\"https:\/\/www.getyourguide.fr\/algarve-l66\/au-depart-d-olhao-visite-d-une-jounee-aux-3-iles-de-la-ria-formosa-t397184\/?partner_id=0LXQSML&amp;utm_medium=online_publisher&amp;cmp=riaformosa\" target=\"_blank\" rel=\"noopener\">Odyssey Traditional Boat Tours<\/a>. Perfetto per una prima scoperta, ti consigliamo di prenotare in anticipo perch\u00e9 \u00e8 un&#8217;attivit\u00e0 molto popolare: \u00e8 davvero la cosa da fare a Olhao!<\/p>\n\n<p class=\"has-text-align-center\"><em>&#x1f39f;&#xfe0f;<\/em> <em><a href=\"https:\/\/www.getyourguide.fr\/algarve-l66\/au-depart-d-olhao-visite-d-une-jounee-aux-3-iles-de-la-ria-formosa-t397184\/?partner_id=0LXQSML&amp;utm_medium=online_publisher&amp;cmp=olhao\" data-type=\"link\" data-id=\"https:\/\/www.getyourguide.fr\/algarve-l66\/au-depart-d-olhao-visite-d-une-jounee-aux-3-iles-de-la-ria-formosa-t397184\/?partner_id=0LXQSML&amp;utm_medium=online_publisher&amp;cmp=olhao\" target=\"_blank\" rel=\"noreferrer noopener nofollow\">Prenota una gita in barca di 3 ore nel Parco Naturale Ria Formosa<\/a><\/em><\/p>\n\n<div data-gyg-href=\"https:\/\/widget.getyourguide.com\/default\/availability.frame\" data-gyg-tour-id=\"397184\" data-gyg-locale-code=\"fr-FR\" data-gyg-currency=\"EUR\" data-gyg-widget=\"availability\" data-gyg-variant=\"horizontal\" data-gyg-partner-id=\"0LXQSML\" data-gyg-cmp=\"olaho\"><\/div>\n\n<h3 class=\"wp-block-heading\">Esplora un&#8217;isola della riserva e le sue spiagge<\/h3>\n\n<p><strong>Nel Parco Naturale di Ria Formosa ci sono 5 isole principali<\/strong>, situate tra la laguna e l&#8217;Oceano Atlantico. Allineate lungo la costa, svolgono un ruolo essenziale nella protezione del parco. Tutte sono <strong>facilmente raggiungibili in traghetto da Olh\u00e3o o Faro<\/strong>, quindi non ti resta che sceglierne una da esplorare e trascorrere qualche ora su una delle superbe spiagge.    <\/p>\n\n<p>Ogni isola ha la sua atmosfera, ma tutte hanno una cosa in comune: <strong>spiagge di sabbia fine e un vero senso di distacco<\/strong>. Qualunque sia la tua scelta, \u00e8 difficile che tu rimanga deluso. <\/p>\n\n<ul class=\"wp-block-list\">\n<li><strong>L&#8217;isola di Faro<\/strong>: raggiungibile in auto da Faro, l&#8217;isola \u00e8 famosa per le sue lunghe spiagge sabbiose, ma \u00e8 anche <strong>la pi\u00f9 affollata<\/strong>, soprattutto in estate.<\/li>\n\n\n\n<li>&#x2764;&#xfe0f; <strong>L&#8217;isola di Armona<\/strong>: la pi\u00f9 vicina a Olh\u00e3o e una delle pi\u00f9 facili da raggiungere. Ci \u00e8 piaciuta molto per il suo <strong>villaggio senza auto<\/strong>, l&#8217;atmosfera tranquilla e le <strong>lunghe spiagge sull&#8217;oceano<\/strong>.<br\/>&#x1f449;   <em>\u00c8 quella che abbiamo scelto di rivisitare e, soprattutto, ci siamo presi il tempo di goderci la sua spiaggia (una delle pi\u00f9 belle dell&#8217;Algarve, secondo noi). Leggi il nostro articolo dedicato: <\/em> <a href=\"https:\/\/www.pourquoi-pas-nous.com\/it\/cosa-fare-sullisola-di-armona-in-portogallo-crociere-e-spiagge\/\" data-type=\"post\" data-id=\"76674\" target=\"_blank\" rel=\"noreferrer noopener\">Cosa fare ad Armona<\/a><\/li>\n\n\n\n<li><strong>L&#8217;isola di Culatra (Ilha do Farol)<\/strong>: abitata tutto l&#8217;anno da una <strong>comunit\u00e0 di pescatori<\/strong>, offre un&#8217;atmosfera molto locale e autentica, lontana dal turismo di massa.<\/li>\n\n\n\n<li><strong>Isola di Barreta<\/strong>: senza dubbio la pi\u00f9 selvaggia. Con un solo <strong>bar\/ristorante<\/strong> e vaste spiagge naturali, \u00e8 l&#8217;isola perfetta per sentirsi <strong>soli di fronte all&#8217;oceano<\/strong> <em>(volevamo andare a esplorarla, ma gli orari dei traghetti non coincidevano).<\/em> <\/li>\n\n\n\n<li><strong>L&#8217;isola di Tavira<\/strong>: lunga e stretta, rinomata per le sue <strong>spiagge naturali incontaminate<\/strong>, facilmente accessibili da Tavira.<\/li>\n<\/ul>\n\n<figure class=\"wp-block-image size-large\"><img data-recalc-dims=\"1\" data-dominant-color=\"738595\" data-has-transparency=\"false\" style=\"--dominant-color: #738595;\" decoding=\"async\" width=\"800\" height=\"379\" src=\"https:\/\/i0.wp.com\/www.pourquoi-pas-nous.com\/wp-content\/uploads\/2026\/01\/20210828_151432.jpg?resize=800%2C379&#038;ssl=1\" alt=\"Parco Naturale di Ria Formosa in Portogallo\" class=\"wp-image-76259 not-transparent\" title=\"\" srcset=\"https:\/\/i0.wp.com\/www.pourquoi-pas-nous.com\/wp-content\/uploads\/2026\/01\/20210828_151432-scaled.jpg?resize=1200%2C568&amp;ssl=1 1200w, https:\/\/i0.wp.com\/www.pourquoi-pas-nous.com\/wp-content\/uploads\/2026\/01\/20210828_151432-scaled.jpg?resize=400%2C189&amp;ssl=1 400w, https:\/\/i0.wp.com\/www.pourquoi-pas-nous.com\/wp-content\/uploads\/2026\/01\/20210828_151432-scaled.jpg?w=2048&amp;ssl=1 2048w, https:\/\/i0.wp.com\/www.pourquoi-pas-nous.com\/wp-content\/uploads\/2026\/01\/20210828_151432-scaled.jpg?w=1600&amp;ssl=1 1600w\" sizes=\"(max-width: 800px) 100vw, 800px\" \/><\/figure>\n\n<figure class=\"wp-block-gallery has-nested-images columns-default is-cropped wp-block-gallery-2 is-layout-flex wp-block-gallery-is-layout-flex\">\n<figure class=\"wp-block-image size-large\"><img data-recalc-dims=\"1\" data-dominant-color=\"768795\" data-has-transparency=\"false\" style=\"--dominant-color: #768795;\" decoding=\"async\" width=\"800\" height=\"379\" data-id=\"76262\" src=\"https:\/\/i0.wp.com\/www.pourquoi-pas-nous.com\/wp-content\/uploads\/2026\/01\/20210828_153254.jpg?resize=800%2C379&#038;ssl=1\" alt=\"Parco Naturale di Ria Formosa in Portogallo\" class=\"wp-image-76262 not-transparent\" title=\"\" srcset=\"https:\/\/i0.wp.com\/www.pourquoi-pas-nous.com\/wp-content\/uploads\/2026\/01\/20210828_153254-scaled.jpg?resize=1200%2C568&amp;ssl=1 1200w, https:\/\/i0.wp.com\/www.pourquoi-pas-nous.com\/wp-content\/uploads\/2026\/01\/20210828_153254-scaled.jpg?resize=400%2C189&amp;ssl=1 400w, https:\/\/i0.wp.com\/www.pourquoi-pas-nous.com\/wp-content\/uploads\/2026\/01\/20210828_153254-scaled.jpg?w=2048&amp;ssl=1 2048w, https:\/\/i0.wp.com\/www.pourquoi-pas-nous.com\/wp-content\/uploads\/2026\/01\/20210828_153254-scaled.jpg?w=1600&amp;ssl=1 1600w\" sizes=\"(max-width: 800px) 100vw, 800px\" \/><\/figure>\n<\/figure>\n\n<figure class=\"wp-block-gallery has-nested-images columns-default is-cropped wp-block-gallery-3 is-layout-flex wp-block-gallery-is-layout-flex\">\n<figure class=\"wp-block-image size-large\"><img data-recalc-dims=\"1\" data-dominant-color=\"7f8085\" data-has-transparency=\"false\" style=\"--dominant-color: #7f8085;\" loading=\"lazy\" decoding=\"async\" width=\"757\" height=\"1600\" data-id=\"76263\" src=\"https:\/\/i0.wp.com\/www.pourquoi-pas-nous.com\/wp-content\/uploads\/2026\/01\/20210828_153305.jpg?resize=757%2C1600&#038;ssl=1\" alt=\"Parco Naturale di Ria Formosa in Portogallo\" class=\"wp-image-76263 not-transparent\" title=\"\" srcset=\"https:\/\/i0.wp.com\/www.pourquoi-pas-nous.com\/wp-content\/uploads\/2026\/01\/20210828_153305-scaled.jpg?resize=757%2C1600&amp;ssl=1 757w, https:\/\/i0.wp.com\/www.pourquoi-pas-nous.com\/wp-content\/uploads\/2026\/01\/20210828_153305-scaled.jpg?resize=284%2C600&amp;ssl=1 284w, https:\/\/i0.wp.com\/www.pourquoi-pas-nous.com\/wp-content\/uploads\/2026\/01\/20210828_153305-scaled.jpg?w=969&amp;ssl=1 969w\" sizes=\"(max-width: 757px) 100vw, 757px\" \/><\/figure>\n\n\n\n<figure class=\"wp-block-image size-large\"><img data-recalc-dims=\"1\" data-dominant-color=\"7d796b\" data-has-transparency=\"false\" style=\"--dominant-color: #7d796b;\" loading=\"lazy\" decoding=\"async\" width=\"758\" height=\"1600\" data-id=\"76257\" src=\"https:\/\/i0.wp.com\/www.pourquoi-pas-nous.com\/wp-content\/uploads\/2026\/01\/20210828_145726.jpg?resize=758%2C1600&#038;ssl=1\" alt=\"\" class=\"wp-image-76257 not-transparent\" title=\"\" srcset=\"https:\/\/i0.wp.com\/www.pourquoi-pas-nous.com\/wp-content\/uploads\/2026\/01\/20210828_145726-scaled.jpg?resize=758%2C1600&amp;ssl=1 758w, https:\/\/i0.wp.com\/www.pourquoi-pas-nous.com\/wp-content\/uploads\/2026\/01\/20210828_145726-scaled.jpg?resize=284%2C600&amp;ssl=1 284w, https:\/\/i0.wp.com\/www.pourquoi-pas-nous.com\/wp-content\/uploads\/2026\/01\/20210828_145726-scaled.jpg?w=971&amp;ssl=1 971w\" sizes=\"(max-width: 758px) 100vw, 758px\" \/><\/figure>\n<\/figure>\n\n<h2 class=\"wp-block-heading\">Passeggiata nel centro storico di Olh\u00e3o<\/h2>\n\n<p>Come spesso accade nei piccoli villaggi dell&#8217;Algarve, <strong>il centro storico pu\u00f2 essere scoperto a piedi<\/strong>, senza un itinerario preciso.<\/p>\n\n<p>Cosa ci \u00e8 piaciuto:<\/p>\n\n<ul class=\"wp-block-list\">\n<li>le <strong>case bianche a forma di cubo<\/strong> tipiche della citt\u00e0<\/li>\n\n\n\n<li>le strade un po&#8217; ruvide, a volte un po&#8217; sbiadite, ci sono piaciute le porte colorate e decorate con le piastrelle.<\/li>\n\n\n\n<li>il <strong>vivace lungomare<\/strong>, soprattutto alla fine della giornata con il ritorno dei pescherecci e delle navi da crociera, ideale per sorseggiare un drink sulla terrazza e godersi l&#8217;atmosfera locale<\/li>\n\n\n\n<li>Mercati locali (per saperne di pi\u00f9)<\/li>\n<\/ul>\n\n<p>In breve, \u00e8 una delle<strong> mete preferite<\/strong> e ci \u00e8 piaciuto molto perderci qui, lontano dai villaggi pi\u00f9 turistici a ovest di Faro.<\/p>\n\n<figure class=\"wp-block-image size-large\"><img data-recalc-dims=\"1\" data-dominant-color=\"4d81b8\" data-has-transparency=\"false\" style=\"--dominant-color: #4d81b8;\" loading=\"lazy\" decoding=\"async\" width=\"800\" height=\"379\" src=\"https:\/\/i0.wp.com\/www.pourquoi-pas-nous.com\/wp-content\/uploads\/2026\/01\/20210827_191103.jpg?resize=800%2C379&#038;ssl=1\" alt=\"olhao\" class=\"wp-image-76273 not-transparent\" title=\"\" srcset=\"https:\/\/i0.wp.com\/www.pourquoi-pas-nous.com\/wp-content\/uploads\/2026\/01\/20210827_191103-scaled.jpg?resize=1200%2C568&amp;ssl=1 1200w, https:\/\/i0.wp.com\/www.pourquoi-pas-nous.com\/wp-content\/uploads\/2026\/01\/20210827_191103-scaled.jpg?resize=400%2C189&amp;ssl=1 400w, https:\/\/i0.wp.com\/www.pourquoi-pas-nous.com\/wp-content\/uploads\/2026\/01\/20210827_191103-scaled.jpg?w=2048&amp;ssl=1 2048w, https:\/\/i0.wp.com\/www.pourquoi-pas-nous.com\/wp-content\/uploads\/2026\/01\/20210827_191103-scaled.jpg?w=1600&amp;ssl=1 1600w\" sizes=\"(max-width: 800px) 100vw, 800px\" \/><\/figure>\n\n<figure class=\"wp-block-gallery has-nested-images columns-default is-cropped wp-block-gallery-4 is-layout-flex wp-block-gallery-is-layout-flex\">\n<figure class=\"wp-block-image size-large\"><img data-recalc-dims=\"1\" data-dominant-color=\"6a6b6c\" data-has-transparency=\"false\" style=\"--dominant-color: #6a6b6c;\" loading=\"lazy\" decoding=\"async\" width=\"757\" height=\"1600\" data-id=\"76277\" src=\"https:\/\/i0.wp.com\/www.pourquoi-pas-nous.com\/wp-content\/uploads\/2026\/01\/20210827_194330.jpg?resize=757%2C1600&#038;ssl=1\" alt=\"olhao\" class=\"wp-image-76277 not-transparent\" title=\"\" srcset=\"https:\/\/i0.wp.com\/www.pourquoi-pas-nous.com\/wp-content\/uploads\/2026\/01\/20210827_194330-scaled.jpg?resize=757%2C1600&amp;ssl=1 757w, https:\/\/i0.wp.com\/www.pourquoi-pas-nous.com\/wp-content\/uploads\/2026\/01\/20210827_194330-scaled.jpg?resize=284%2C600&amp;ssl=1 284w, https:\/\/i0.wp.com\/www.pourquoi-pas-nous.com\/wp-content\/uploads\/2026\/01\/20210827_194330-scaled.jpg?w=969&amp;ssl=1 969w\" sizes=\"(max-width: 757px) 100vw, 757px\" \/><\/figure>\n\n\n\n<figure class=\"wp-block-image size-large\"><img data-recalc-dims=\"1\" data-dominant-color=\"7f867a\" data-has-transparency=\"false\" style=\"--dominant-color: #7f867a;\" loading=\"lazy\" decoding=\"async\" width=\"757\" height=\"1600\" data-id=\"76247\" src=\"https:\/\/i0.wp.com\/www.pourquoi-pas-nous.com\/wp-content\/uploads\/2026\/01\/20210827_191510.jpg?resize=757%2C1600&#038;ssl=1\" alt=\"olhao\" class=\"wp-image-76247 not-transparent\" title=\"\" srcset=\"https:\/\/i0.wp.com\/www.pourquoi-pas-nous.com\/wp-content\/uploads\/2026\/01\/20210827_191510-scaled.jpg?resize=757%2C1600&amp;ssl=1 757w, https:\/\/i0.wp.com\/www.pourquoi-pas-nous.com\/wp-content\/uploads\/2026\/01\/20210827_191510-scaled.jpg?resize=284%2C600&amp;ssl=1 284w, https:\/\/i0.wp.com\/www.pourquoi-pas-nous.com\/wp-content\/uploads\/2026\/01\/20210827_191510-scaled.jpg?w=969&amp;ssl=1 969w\" sizes=\"(max-width: 757px) 100vw, 757px\" \/><\/figure>\n<\/figure>\n\n<h2 class=\"wp-block-heading\">I mercati di Olh\u00e3o: un&#8217;esperienza veramente locale<\/h2>\n\n<p>\u00c8 impossibile visitare <strong>Olh\u00e3o<\/strong> senza fermarsi al mercato, che \u00e8 ospitato in <strong>due grandi capannoni di mattoni rossi<\/strong>, uno accanto all&#8217;altro, di fronte al mare. \u00c8 chiaro che non puoi perderteli! <\/p>\n\n<ul class=\"wp-block-list\">\n<li>&#x1f41f; Nella <strong>prima sala<\/strong> troverai il <a href=\"https:\/\/mercadosdeolhao.cm-olhao.pt\/menu\/1115\/mercados-de-olhao\" data-type=\"link\" data-id=\"https:\/\/mercadosdeolhao.cm-olhao.pt\/menu\/1115\/mercados-de-olhao\" target=\"_blank\" rel=\"noopener\">mercato del pesce<\/a>. Il pesce arriva direttamente dall&#8217;asta, freschissimo, e se vieni la <strong>mattina presto<\/strong>, puoi anche assistere all&#8217;arrivo delle casse fresche dalle barche. Sarde, orate, spigole, polpi, calamari&#8230; c&#8217;\u00e8 di tutto, a <strong>prezzi che ci hanno davvero sorpreso<\/strong> (in senso positivo), soprattutto se confrontati con quelli francesi (viviamo sull&#8217;<a href=\"https:\/\/www.pourquoi-pas-nous.com\/it\/ile-oleron\/\" data-type=\"link\" data-id=\"https:\/\/www.pourquoi-pas-nous.com\/ile-oleron\/\">Ile d&#8217;Ol\u00e9ron<\/a> e siamo abituati a comprare il pesce).<\/li>\n<\/ul>\n\n<ul class=\"wp-block-list\">\n<li>&#x1f955; Nel <strong>secondo padiglione<\/strong> troverai <strong>frutta, verdura e prodotti locali<\/strong>: bancarelle colorate, prodotti di stagione, erbe, olive, formaggi, specialit\u00e0 portoghesi&#8230;  <\/li>\n<\/ul>\n\n<p>Un altro grande vantaggio: <strong>intorno ai mercati<\/strong> ci sono <strong>numerosi bar e ristoranti<\/strong> con terrazze che si affacciano su un piacevole lungomare.  <\/p>\n\n<p><em>Aperto tutti i giorni tranne la domenica.<\/em><\/p>\n\n<h2 class=\"wp-block-heading\">Dove alloggiare a Olh\u00e3o? Il nostro consiglio collaudato <br\/><\/h2>\n\n<p>Abbiamo prenotato <strong>due notti all&#8217;<\/strong><a href=\"https:\/\/www.booking.com\/hotel\/pt\/cidade-de-olhao.fr.html?aid=1529171&amp;no_rooms=1&amp;group_adults=2\" data-type=\"link\" data-id=\"https:\/\/www.booking.com\/hotel\/pt\/cidade-de-olhao.fr.html?aid=1529171&amp;no_rooms=1&amp;group_adults=2\" target=\"_blank\" rel=\"noopener\">Hotel Cidade de Olh\u00e3o<\/a> per un semplice motivo: volevamo <strong>una piscina<\/strong>, la <strong>colazione inclusa<\/strong> e <strong>una sistemazione ben posizionata<\/strong> per esplorare la citt\u00e0 a piedi.  <\/p>\n\n<p>E francamente abbiamo adorato il nostro soggiorno. La piscina \u00e8 stata un vero vantaggio, soprattutto per il caldo che abbiamo patito durante il nostro soggiorno. Soprattutto perch\u00e9, anche in piena estate, <strong>l&#8217;oceano non supera i 17 gradi<\/strong> nella zona&#8230; potersi rinfrescare in acque pi\u00f9 calde dopo una giornata di visite turistiche fa la differenza.  <\/p>\n\n<p>&#x2714;&#xfe0f; Piscina (essenziale perch\u00e9 l&#8217;oceano \u00e8 fresco, anche in estate)<br\/>&#x2714;&#xfe0f; Colazione inclusa<br\/>&#x2714;&#xfe0f; Ben posizionato per raggiungere tutto a piedi<\/p>\n\n<blockquote class=\"wp-block-quote is-layout-flow wp-block-quote-is-layout-flow\">\n<p class=\"has-text-align-center\">&#x1f449; <em><a href=\"https:\/\/www.booking.com\/hotel\/pt\/cidade-de-olhao.fr.html?aid=1529171&amp;no_rooms=1&amp;group_adults=2\" data-type=\"link\" data-id=\"https:\/\/www.booking.com\/hotel\/pt\/cidade-de-olhao.fr.html?aid=1529171&amp;no_rooms=1&amp;group_adults=2\" target=\"_blank\" rel=\"noreferrer noopener nofollow\">Informazioni e prenotazioni per<\/a><a href=\"https:\/\/www.booking.com\/hotel\/pt\/cidade-de-olhao.fr.html?aid=1529171&amp;no_rooms=1&amp;group_adults=2\" target=\"_blank\" rel=\"noreferrer noopener\">Hotel Cidade de Olh\u00e3o<\/a> da 80\u20ac a notte <\/em> <\/p>\n<\/blockquote>\n\n<figure class=\"wp-block-gallery has-nested-images columns-default is-cropped wp-block-gallery-5 is-layout-flex wp-block-gallery-is-layout-flex\">\n<figure class=\"wp-block-image size-large\"><img data-recalc-dims=\"1\" data-dominant-color=\"4f6f95\" data-has-transparency=\"false\" style=\"--dominant-color: #4f6f95;\" loading=\"lazy\" decoding=\"async\" width=\"800\" height=\"379\" data-id=\"76271\" src=\"https:\/\/i0.wp.com\/www.pourquoi-pas-nous.com\/wp-content\/uploads\/2026\/01\/20210827_171156.jpg?resize=800%2C379&#038;ssl=1\" alt=\"olhao\" class=\"wp-image-76271 not-transparent\" title=\"\" srcset=\"https:\/\/i0.wp.com\/www.pourquoi-pas-nous.com\/wp-content\/uploads\/2026\/01\/20210827_171156-scaled.jpg?resize=1200%2C568&amp;ssl=1 1200w, https:\/\/i0.wp.com\/www.pourquoi-pas-nous.com\/wp-content\/uploads\/2026\/01\/20210827_171156-scaled.jpg?resize=400%2C189&amp;ssl=1 400w, https:\/\/i0.wp.com\/www.pourquoi-pas-nous.com\/wp-content\/uploads\/2026\/01\/20210827_171156-scaled.jpg?w=2048&amp;ssl=1 2048w, https:\/\/i0.wp.com\/www.pourquoi-pas-nous.com\/wp-content\/uploads\/2026\/01\/20210827_171156-scaled.jpg?w=1600&amp;ssl=1 1600w\" sizes=\"(max-width: 800px) 100vw, 800px\" \/><\/figure>\n\n\n\n<figure class=\"wp-block-image size-large\"><img data-recalc-dims=\"1\" data-dominant-color=\"919498\" data-has-transparency=\"false\" style=\"--dominant-color: #919498;\" loading=\"lazy\" decoding=\"async\" width=\"800\" height=\"379\" data-id=\"76272\" src=\"https:\/\/i0.wp.com\/www.pourquoi-pas-nous.com\/wp-content\/uploads\/2026\/01\/20210827_182109.jpg?resize=800%2C379&#038;ssl=1\" alt=\"olhao\" class=\"wp-image-76272 not-transparent\" title=\"\" srcset=\"https:\/\/i0.wp.com\/www.pourquoi-pas-nous.com\/wp-content\/uploads\/2026\/01\/20210827_182109-scaled.jpg?resize=1200%2C568&amp;ssl=1 1200w, https:\/\/i0.wp.com\/www.pourquoi-pas-nous.com\/wp-content\/uploads\/2026\/01\/20210827_182109-scaled.jpg?resize=400%2C189&amp;ssl=1 400w, https:\/\/i0.wp.com\/www.pourquoi-pas-nous.com\/wp-content\/uploads\/2026\/01\/20210827_182109-scaled.jpg?w=2048&amp;ssl=1 2048w, https:\/\/i0.wp.com\/www.pourquoi-pas-nous.com\/wp-content\/uploads\/2026\/01\/20210827_182109-scaled.jpg?w=1600&amp;ssl=1 1600w\" sizes=\"(max-width: 800px) 100vw, 800px\" \/><\/figure>\n<\/figure>\n\n<h2 class=\"wp-block-heading\">Dove mangiare a Olh\u00e3o?  <\/h2>\n\n<p>Ecco due posti che abbiamo provato durante il nostro soggiorno:<\/p>\n\n<ul class=\"wp-block-list\">\n<li><strong>Casa de Pasto Almirante<\/strong>: cucina portoghese casalinga a prezzi contenuti, lontano dal porto turistico <em><em>(menu a soli 10\u20ac: piatto principale, bevanda, dessert e caff\u00e8)<\/em><\/em><\/li>\n\n\n\n<li><strong>Taberna D&#8217;Olh\u00e3o<\/strong>: ottime tapas portoghesi, atmosfera amichevole, perfetta la sera nel centro storico di Olh\u00e3o. Ti consigliamo di condividere diversi piatti di tapas per provare diverse specialit\u00e0: vongole della Ria, spiedini di maiale, polpo all&#8217;aglio, ecc. <\/li>\n<\/ul>\n\n<figure class=\"wp-block-gallery has-nested-images columns-default is-cropped wp-block-gallery-6 is-layout-flex wp-block-gallery-is-layout-flex\">\n<figure class=\"wp-block-image size-large\"><img data-recalc-dims=\"1\" data-dominant-color=\"898987\" data-has-transparency=\"false\" style=\"--dominant-color: #898987;\" loading=\"lazy\" decoding=\"async\" width=\"757\" height=\"1600\" data-id=\"76249\" src=\"https:\/\/i0.wp.com\/www.pourquoi-pas-nous.com\/wp-content\/uploads\/2026\/01\/20210827_194749.jpg?resize=757%2C1600&#038;ssl=1\" alt=\"olhao\" class=\"wp-image-76249 not-transparent\" title=\"\" srcset=\"https:\/\/i0.wp.com\/www.pourquoi-pas-nous.com\/wp-content\/uploads\/2026\/01\/20210827_194749-scaled.jpg?resize=757%2C1600&amp;ssl=1 757w, https:\/\/i0.wp.com\/www.pourquoi-pas-nous.com\/wp-content\/uploads\/2026\/01\/20210827_194749-scaled.jpg?resize=284%2C600&amp;ssl=1 284w, https:\/\/i0.wp.com\/www.pourquoi-pas-nous.com\/wp-content\/uploads\/2026\/01\/20210827_194749-scaled.jpg?w=969&amp;ssl=1 969w\" sizes=\"(max-width: 757px) 100vw, 757px\" \/><\/figure>\n\n\n\n<figure class=\"wp-block-image size-large\"><img data-recalc-dims=\"1\" data-dominant-color=\"9c9d9d\" data-has-transparency=\"false\" style=\"--dominant-color: #9c9d9d;\" loading=\"lazy\" decoding=\"async\" width=\"757\" height=\"1600\" data-id=\"76248\" src=\"https:\/\/i0.wp.com\/www.pourquoi-pas-nous.com\/wp-content\/uploads\/2026\/01\/20210827_194023.jpg?resize=757%2C1600&#038;ssl=1\" alt=\"olhao\" class=\"wp-image-76248 not-transparent\" title=\"\" srcset=\"https:\/\/i0.wp.com\/www.pourquoi-pas-nous.com\/wp-content\/uploads\/2026\/01\/20210827_194023-scaled.jpg?resize=757%2C1600&amp;ssl=1 757w, https:\/\/i0.wp.com\/www.pourquoi-pas-nous.com\/wp-content\/uploads\/2026\/01\/20210827_194023-scaled.jpg?resize=284%2C600&amp;ssl=1 284w, https:\/\/i0.wp.com\/www.pourquoi-pas-nous.com\/wp-content\/uploads\/2026\/01\/20210827_194023-scaled.jpg?w=969&amp;ssl=1 969w\" sizes=\"(max-width: 757px) 100vw, 757px\" \/><\/figure>\n<\/figure>\n\n<h2 class=\"wp-block-heading\">Come arrivo a Olh\u00e3o?<\/h2>\n\n<p>Se sei gi\u00e0 in Algarve, <strong>Faro e Olh\u00e3o sono a circa un&#8217;ora di macchina da Lagos<\/strong>. La guida \u00e8 facile, le strade sono ben tenute e ti sentirai subito a tuo agio al volante. <\/p>\n\n<p>&#x1f449; Secondo noi, noleggiare un&#8217;auto \u00e8 ancora <strong>il<\/strong> modo <strong>pi\u00f9 semplice<\/strong> per esplorare l&#8217;Algarve al proprio ritmo.<\/p>\n\n<p>Da <strong>Lisbona<\/strong> ci vogliono circa <strong>3 ore di macchina<\/strong>, principalmente attraverso l&#8217;autostrada A2.<\/p>\n\n<p><strong>Noleggia un&#8217;auto in Algarve<\/strong><\/p>\n\n<h3 class=\"wp-block-heading\">Noleggia un&#8217;auto in Algarve<\/h3>\n\n<p>Noleggiare un&#8217;auto a <strong>Faro<\/strong> \u00e8 davvero facile e i prezzi sono spesso <strong>molto convenienti<\/strong>, soprattutto fuori dall&#8217;alta stagione. Per noi \u00e8 chiaramente l&#8217;opzione migliore per un <strong>viaggio in Algarve<\/strong>: ti muovi quando vuoi, puoi cambiare i tuoi piani all&#8217;ultimo minuto e non dipendi da autobus o orari. <\/p>\n\n<p><strong>Confronta le offerte su DiscoverCars<\/strong><\/p>\n\n<p>Per confrontare rapidamente i prezzi e trovare il <strong>miglior rapporto qualit\u00e0-prezzo<\/strong>, dopo aver testato diverse soluzioni, oggi usiamo <a href=\"https:\/\/www.discovercars.com\/fr\/portugal\/faro?a_aid=PourquoiPasNous\" data-type=\"link\" data-id=\"https:\/\/www.discovercars.com\/fr\/portugal\/faro?a_aid=PourquoiPasNous\" target=\"_blank\" rel=\"noopener\">DiscoverCars<\/a>: \u00e8 semplice, facile da leggere e comodo per vedere le differenze tra le compagnie di noleggio in pochi minuti.<\/p>\n\n<p>&#x1f4a1; Un dettaglio che cambia tutto: l&#8217;opzione di <strong>assicurazione all-risk<\/strong> tramite DiscoverCars spesso <strong>costa meno<\/strong> di quella offerta al banco, con una copertura generalmente pi\u00f9 completa. Risultato: molto meno stress al momento del ritiro o della restituzione dell&#8217;auto e soprattutto meno rischi di spiacevoli sorprese. <\/p>\n\n<blockquote class=\"wp-block-quote is-layout-flow wp-block-quote-is-layout-flow\">\n<p class=\"has-text-align-center\">&#x1f39f;&#xfe0f; <a href=\"https:\/\/www.discovercars.com\/fr\/portugal\/faro?a_aid=PourquoiPasNous\" target=\"_blank\" data-type=\"link\" data-id=\"https:\/\/www.discovercars.com\/fr\/portugal\/faro?a_aid=PourquoiPasNous\" rel=\"noreferrer noopener nofollow\">Confronta le offerte sul sito di DiscoverCars<\/a><\/p>\n<\/blockquote>\n\n<h2 class=\"wp-block-heading\">Quanto tempo posso rimanere a Olh\u00e3o?<\/h2>\n\n<p>&#x1f449; Questa \u00e8 ovviamente la domanda che ci poniamo sempre durante un viaggio in Algarve. Ti consigliamo di soggiornare per <strong>2 o 3 notti<\/strong>, perch\u00e9 \u00e8 l&#8217;ideale per : <\/p>\n\n<ul class=\"wp-block-list\">\n<li>esplorare la Ria Formosa<\/li>\n\n\n\n<li>visitare una o due isole in modo pi\u00f9 approfondito<\/li>\n\n\n\n<li>goditi l&#8217;atmosfera del villaggio senza la fretta<\/li>\n<\/ul>\n\n<figure class=\"wp-block-image size-large\"><img data-recalc-dims=\"1\" data-dominant-color=\"4e80a7\" data-has-transparency=\"false\" style=\"--dominant-color: #4e80a7;\" loading=\"lazy\" decoding=\"async\" width=\"800\" height=\"379\" src=\"https:\/\/i0.wp.com\/www.pourquoi-pas-nous.com\/wp-content\/uploads\/2026\/01\/20210828_143410.jpg?resize=800%2C379&#038;ssl=1\" alt=\"olhao\" class=\"wp-image-76251 not-transparent\" title=\"\" srcset=\"https:\/\/i0.wp.com\/www.pourquoi-pas-nous.com\/wp-content\/uploads\/2026\/01\/20210828_143410-scaled.jpg?resize=1200%2C569&amp;ssl=1 1200w, https:\/\/i0.wp.com\/www.pourquoi-pas-nous.com\/wp-content\/uploads\/2026\/01\/20210828_143410-scaled.jpg?resize=400%2C190&amp;ssl=1 400w, https:\/\/i0.wp.com\/www.pourquoi-pas-nous.com\/wp-content\/uploads\/2026\/01\/20210828_143410-scaled.jpg?w=2048&amp;ssl=1 2048w, https:\/\/i0.wp.com\/www.pourquoi-pas-nous.com\/wp-content\/uploads\/2026\/01\/20210828_143410-scaled.jpg?w=1600&amp;ssl=1 1600w\" sizes=\"(max-width: 800px) 100vw, 800px\" \/><\/figure>\n\n<h2 class=\"wp-block-heading\">La nostra opinione su Olh\u00e3o<\/h2>\n\n<p>Come avrai capito ormai, Olh\u00e3o \u00e8 uno di quei luoghi <strong>meno Instagrammabili<\/strong> ma profondamente autentici.<br\/>Abbiamo amato il suo <strong>ritmo rilassato<\/strong>, la sua <strong>vicinanza alla natura<\/strong> e il fatto che tutto ruota intorno alla <strong>laguna e al mare<\/strong>.<\/p>\n\n<p>&#x1f4a1; Se non sei ancora partito, ricordati di infilare le mute in neoprene per una nuotata per te ed eventuali bambini, perch\u00e9 l&#8217;acqua dell&#8217;Atlantico \u00e8 pi\u00f9 fresca rispetto alle nostre coste. Sappiamo di cosa stiamo parlando, perch\u00e9 viviamo sull&#8217;<a href=\"https:\/\/www.pourquoi-pas-nous.com\/it\/ile-oleron\/\" data-type=\"post\" data-id=\"5825\" target=\"_blank\" rel=\"noreferrer noopener\">isola di Ol\u00e9ron<\/a>. <\/p>\n\n<p>&#x1f449; Se sei alla ricerca di una tappa <strong>diversa<\/strong> nell&#8217;Algarve, <strong>Olh\u00e3o \u00e8 una scelta eccellente<\/strong> e un punto di partenza perfetto per scoprire la Ria Formosa.<\/p>\n\n<figure class=\"wp-block-gallery has-nested-images columns-default is-cropped wp-block-gallery-7 is-layout-flex wp-block-gallery-is-layout-flex\">\n<figure class=\"wp-block-image size-large\"><img data-recalc-dims=\"1\" data-dominant-color=\"96898f\" data-has-transparency=\"false\" style=\"--dominant-color: #96898f;\" loading=\"lazy\" decoding=\"async\" width=\"800\" height=\"1063\" data-id=\"79174\" src=\"https:\/\/i0.wp.com\/www.pourquoi-pas-nous.com\/wp-content\/uploads\/2026\/02\/PXL_20251001_134304497.jpg?resize=800%2C1063&#038;ssl=1\" alt=\"abito lison\" class=\"wp-image-79174 not-transparent\" title=\"\" srcset=\"https:\/\/i0.wp.com\/www.pourquoi-pas-nous.com\/wp-content\/uploads\/2026\/02\/PXL_20251001_134304497-scaled.jpg?resize=1200%2C1594&amp;ssl=1 1200w, https:\/\/i0.wp.com\/www.pourquoi-pas-nous.com\/wp-content\/uploads\/2026\/02\/PXL_20251001_134304497-scaled.jpg?resize=400%2C531&amp;ssl=1 400w, https:\/\/i0.wp.com\/www.pourquoi-pas-nous.com\/wp-content\/uploads\/2026\/02\/PXL_20251001_134304497-scaled.jpg?w=1542&amp;ssl=1 1542w\" sizes=\"(max-width: 800px) 100vw, 800px\" \/><\/figure>\n\n\n\n<figure class=\"wp-block-image size-large\"><img data-recalc-dims=\"1\" data-dominant-color=\"778188\" data-has-transparency=\"false\" style=\"--dominant-color: #778188;\" loading=\"lazy\" decoding=\"async\" width=\"800\" height=\"1063\" data-id=\"79173\" src=\"https:\/\/i0.wp.com\/www.pourquoi-pas-nous.com\/wp-content\/uploads\/2026\/02\/PXL_20241103_143727585.jpg?resize=800%2C1063&#038;ssl=1\" alt=\"abito lison\" class=\"wp-image-79173 not-transparent\" title=\"\" srcset=\"https:\/\/i0.wp.com\/www.pourquoi-pas-nous.com\/wp-content\/uploads\/2026\/02\/PXL_20241103_143727585-scaled.jpg?resize=1200%2C1594&amp;ssl=1 1200w, https:\/\/i0.wp.com\/www.pourquoi-pas-nous.com\/wp-content\/uploads\/2026\/02\/PXL_20241103_143727585-scaled.jpg?resize=400%2C531&amp;ssl=1 400w, https:\/\/i0.wp.com\/www.pourquoi-pas-nous.com\/wp-content\/uploads\/2026\/02\/PXL_20241103_143727585-scaled.jpg?w=1542&amp;ssl=1 1542w\" sizes=\"(max-width: 800px) 100vw, 800px\" \/><\/figure>\n<\/figure>\n\n<p><br\/>Non esitate a <strong>scriverci<\/strong> qui sotto per farci sapere se state programmando questo viaggio, per <strong>farci<\/strong> domande o per <strong>condividere<\/strong> i vostri pensieri sui social network<a href=\"https:\/\/www.instagram.com\/pourquoipasnous_voyage\/\" target=\"_blank\" rel=\"noreferrer noopener\">(il nostro Instagram<\/a>): saremo lieti di rispondervi!<\/p>\n\n<p>Prima di partire, <strong>leggi tutti i nostri articoli sull&#8217;organizzazione del viaggio:<\/strong><\/p>\n\n<p><\/p>\n\n<ul class=\"wp-block-list\">\n<li>&#x1f6cf;&#xfe0f;  <a href=\"https:\/\/www.pourquoi-pas-nous.com\/it\/?p=79022\" data-type=\"post\" data-id=\"78345\">Dove dormire in Algarve? i nostri migliori indirizzi<\/a><\/li>\n\n\n\n<li>&#x1f5fa;&#xfe0f; <a href=\"https:\/\/www.pourquoi-pas-nous.com\/it\/?p=78980\" target=\"_blank\" data-type=\"post\" data-id=\"78921\" rel=\"noreferrer noopener\">Itinerario per il tuo viaggio in Algarve?<\/a><\/li>\n\n\n\n<li>&#x1f697; <a href=\"https:\/\/www.pourquoi-pas-nous.com\/it\/?p=77719\" target=\"_blank\" data-type=\"post\" data-id=\"77133\" rel=\"noreferrer noopener\">Noleggio auto a Faro in Algarve: i nostri consigli e suggerimenti<\/a><\/li>\n\n\n\n<li>Visita i villaggi di <a href=\"https:\/\/www.pourquoi-pas-nous.com\/it\/cosa-fare-a-lagos-in-portogallo-la-nostra-opinione-e-le-nostre-mete-imperdibili\/\" data-type=\"post\" data-id=\"76752\">Lagos<\/a>, <a href=\"https:\/\/www.pourquoi-pas-nous.com\/it\/cosa-fare-ad-armacao-de-pera-in-portogallo-i-nostri-luoghi-da-non-perdere\/\" data-type=\"post\" data-id=\"76818\">Arma\u00e7ao de P\u00eara<\/a>, <a href=\"https:\/\/www.pourquoi-pas-nous.com\/it\/cosa-fare-ad-alvor-portogallo-le-spiagge-e-la-nostra-opinione\/\" data-type=\"post\" data-id=\"76816\">Alvor<\/a>, Albufeira e Olh\u00e3o  <\/li>\n\n\n\n<li>&#x1f30a; <a href=\"https:\/\/www.pourquoi-pas-nous.com\/it\/?p=77763\" data-type=\"post\" data-id=\"77163\">Visita l&#8217;imperdibile grotta di Benagil<\/a><\/li>\n\n\n\n<li>&#x26f5; <a href=\"https:\/\/www.pourquoi-pas-nous.com\/it\/come-visitare-le-scogliere-di-ponta-da-piedade-in-barca-e-a-piedi\/\" data-type=\"post\" data-id=\"77127\" target=\"_blank\" rel=\"noreferrer noopener\">Come posso visitare le scogliere di Ponta da Piedade<\/a>? in barca e a piedi<\/li>\n<\/ul>\n\n<p><\/p>\n<div style='text-align:right' class='yasr-auto-insert-visitor'><\/div>","protected":false},"excerpt":{"rendered":"<p>Ti stai chiedendo cosa fare a Olh\u00e3o ? Durante il nostro viaggio nel sud del Portogallo, abbiamo trascorso diversi giorni a Olh\u00e3o, che \u00e8 chiaramente uno dei nostri villaggi preferiti dell &#8216;Algarve. Meno turistica dei suoi vicini, Olh\u00e3o ha mantenuto una vera identit\u00e0 locale, incentrata sul mare, sulla pesca e sul parco naturale di Ria [&hellip;]<\/p>\n","protected":false},"author":2,"featured_media":76545,"comment_status":"open","ping_status":"closed","sticky":false,"template":"","format":"standard","meta":{"_acf_changed":false,"_wp_convertkit_post_meta":{"form":"-1","landing_page":"0","tag":"0","restrict_content":"0"},"jetpack_post_was_ever_published":true,"yasr_overall_rating":0,"yasr_post_is_review":"","yasr_auto_insert_disabled":"","yasr_review_type":"","_jetpack_newsletter_access":"","_jetpack_dont_email_post_to_subs":false,"_jetpack_newsletter_tier_id":0,"_jetpack_memberships_contains_paywalled_content":false,"_jetpack_memberships_contains_paid_content":false,"footnotes":""},"categories":[396,270,395],"tags":[],"class_list":["post-78816","post","type-post","status-publish","format-standard","has-post-thumbnail","hentry","category-algarve","category-guida-di-viaggio","category-portogallo"],"acf":[],"_wp_attached_file":null,"_wp_attachment_image_alt":null,"rank_math_primary_category":"392","rank_math_title":"Visitare Olh\u00e3o in Portogallo: la nostra guida completa","rank_math_description":"Visita Olh\u00e3o in Algarve: mercati emblematici, crociere e un villaggio pittoresco","rank_math_focus_keyword":"Visitare Olh\u00e3o in Algarve","yasr_visitor_votes":{"stars_attributes":{"read_only":false,"span_bottom":false},"number_of_votes":0,"sum_votes":0},"jetpack_featured_media_url":"https:\/\/i0.wp.com\/www.pourquoi-pas-nous.com\/wp-content\/uploads\/2026\/01\/20210828_144338-scaled.jpg?fit=2048%2C969&ssl=1","jetpack_sharing_enabled":true,"_links":{"self":[{"href":"https:\/\/www.pourquoi-pas-nous.com\/it\/wp-json\/wp\/v2\/posts\/78816","targetHints":{"allow":["GET"]}}],"collection":[{"href":"https:\/\/www.pourquoi-pas-nous.com\/it\/wp-json\/wp\/v2\/posts"}],"about":[{"href":"https:\/\/www.pourquoi-pas-nous.com\/it\/wp-json\/wp\/v2\/types\/post"}],"author":[{"embeddable":true,"href":"https:\/\/www.pourquoi-pas-nous.com\/it\/wp-json\/wp\/v2\/users\/2"}],"replies":[{"embeddable":true,"href":"https:\/\/www.pourquoi-pas-nous.com\/it\/wp-json\/wp\/v2\/comments?post=78816"}],"version-history":[{"count":7,"href":"https:\/\/www.pourquoi-pas-nous.com\/it\/wp-json\/wp\/v2\/posts\/78816\/revisions"}],"predecessor-version":[{"id":79256,"href":"https:\/\/www.pourquoi-pas-nous.com\/it\/wp-json\/wp\/v2\/posts\/78816\/revisions\/79256"}],"wp:featuredmedia":[{"embeddable":true,"href":"https:\/\/www.pourquoi-pas-nous.com\/it\/wp-json\/wp\/v2\/media\/76545"}],"wp:attachment":[{"href":"https:\/\/www.pourquoi-pas-nous.com\/it\/wp-json\/wp\/v2\/media?parent=78816"}],"wp:term":[{"taxonomy":"category","embeddable":true,"href":"https:\/\/www.pourquoi-pas-nous.com\/it\/wp-json\/wp\/v2\/categories?post=78816"},{"taxonomy":"post_tag","embeddable":true,"href":"https:\/\/www.pourquoi-pas-nous.com\/it\/wp-json\/wp\/v2\/tags?post=78816"}],"curies":[{"name":"wp","href":"https:\/\/api.w.org\/{rel}","templated":true}]}}