{"id":78901,"date":"2026-02-10T18:26:10","date_gmt":"2026-02-10T16:26:10","guid":{"rendered":"https:\/\/www.pourquoi-pas-nous.com\/cosa-fare-ad-albufeira-spiagge-e-gite-in-barca\/"},"modified":"2026-02-12T14:28:27","modified_gmt":"2026-02-12T12:28:27","slug":"cosa-fare-ad-albufeira-spiagge-e-gite-in-barca","status":"publish","type":"post","link":"https:\/\/www.pourquoi-pas-nous.com\/it\/cosa-fare-ad-albufeira-spiagge-e-gite-in-barca\/","title":{"rendered":"Cosa fare ad Albufeira? Spiagge e gite in barca"},"content":{"rendered":"\n<p>Ti stai chiedendo <strong>cosa fare ad Albufeira<\/strong> durante un viaggio in Algarve? Albufeira \u00e8 la principale localit\u00e0 balneare dell&#8217;Algarve, ma in realt\u00e0 la citt\u00e0 <strong>presenta molte sfaccettature<\/strong>, dal centro storico alle spiagge incastonate tra le scogliere e al vivace porto turistico. <\/p>\n\n<p>Soprattutto, <strong>Albufeira \u00e8 un ottimo punto di partenza per una gita in barca per visitare la grotta di Benagil<\/strong>, uno dei siti naturali pi\u00f9 impressionanti del Portogallo meridionale. Ecco perch\u00e9 abbiamo scelto di fermarci qui. <\/p>\n\n<p>In questo articolo condividiamo le <strong>nostre esperienze ad Albufeira<\/strong>, cosa ci \u00e8 piaciuto (e cosa non ci \u00e8 piaciuto), le <strong>cose da fare in un giorno<\/strong>, i nostri <strong>consigli pratici<\/strong> e perch\u00e9 questa citt\u00e0 funziona cos\u00ec bene come base per esplorare <strong>l&#8217;Algarve centrale<\/strong>.  <\/p>\n\n<figure class=\"wp-block-image size-large\"><img data-recalc-dims=\"1\" data-dominant-color=\"8e8672\" data-has-transparency=\"false\" style=\"--dominant-color: #8e8672;\" fetchpriority=\"high\" decoding=\"async\" width=\"800\" height=\"379\" src=\"https:\/\/i0.wp.com\/www.pourquoi-pas-nous.com\/wp-content\/uploads\/2026\/01\/20210826_144751-1.jpg?resize=800%2C379&#038;ssl=1\" alt=\"spiagge dell&#039;algarve\" class=\"wp-image-77352 not-transparent\" title=\"\" srcset=\"https:\/\/i0.wp.com\/www.pourquoi-pas-nous.com\/wp-content\/uploads\/2026\/01\/20210826_144751-1-scaled.jpg?resize=1200%2C568&amp;ssl=1 1200w, https:\/\/i0.wp.com\/www.pourquoi-pas-nous.com\/wp-content\/uploads\/2026\/01\/20210826_144751-1-scaled.jpg?resize=400%2C189&amp;ssl=1 400w, https:\/\/i0.wp.com\/www.pourquoi-pas-nous.com\/wp-content\/uploads\/2026\/01\/20210826_144751-1-scaled.jpg?w=2048&amp;ssl=1 2048w, https:\/\/i0.wp.com\/www.pourquoi-pas-nous.com\/wp-content\/uploads\/2026\/01\/20210826_144751-1-scaled.jpg?w=1600&amp;ssl=1 1600w\" sizes=\"(max-width: 800px) 100vw, 800px\" \/><\/figure>\n\n<h2 class=\"wp-block-heading\">Fatti salienti su Albufeira<\/h2>\n\n<ul class=\"wp-block-list\">\n<li>&#x1f4cd; <strong>Posizione<\/strong>: costa meridionale del Portogallo, nel cuore dell&#8217;Algarve<\/li>\n\n\n\n<li>&#x1f697; <strong>Tempo da Faro<\/strong>: circa 40 minuti<\/li>\n\n\n\n<li>&#x23f1;&#xfe0f; <strong>Durata consigliata<\/strong>: 1 giorno (o 2 notti se si esplorano le grotte)<\/li>\n\n\n\n<li>&#x2b50; <strong>Ideale per<\/strong>: uscire, spiagge, gite in barca, grotta di Benagil<\/li>\n<\/ul>\n\n<h2 class=\"wp-block-heading\">Gita in barca alla grotta di Benagil + delfini<\/h2>\n\n<p>Se c&#8217;\u00e8 un&#8217;<strong>attivit\u00e0 da fare assolutamente ad Albufeira<\/strong> \u00e8 <strong>una gita in barca lungo la costa<\/strong> alla <strong>ricerca dei delfini<\/strong> fino alla famosa <strong>grotta di Benagil<\/strong>.<\/p>\n\n<p>Ti consigliamo questa escursione che parte dal porto turistico di Albufeira per una gita in mare aperto. Non appena lascerai il porto, capirai perch\u00e9 questa costa \u00e8 cos\u00ec famosa: <\/p>\n\n<ul class=\"wp-block-list\">\n<li>grotte marine scolpite dall&#8217;oceano,<\/li>\n\n\n\n<li>archi naturali,<\/li>\n\n\n\n<li>ripide scogliere color ocra.<\/li>\n<\/ul>\n\n<p>&#x2665;&#xfe0f; Il momento clou di questo tour \u00e8 ovviamente l&#8217;arrivo alla <strong>Grotte de Benagil<\/strong>. Vista dal mare, l&#8217;apertura circolare in cima alla grotta \u00e8 ancora pi\u00f9 impressionante. La luce che entra, il contrasto tra la roccia e l&#8217;acqua turchese&#8230; anche se il sito \u00e8 molto frequentato, \u00e8 comunque <strong>spettacolare<\/strong>. E per vedere i delfini, che sono numerosi in questa regione (quindi puoi vederli senza altre barche in giro), \u00e8 <strong>una gita ideale con i bambini.<\/strong>   <\/p>\n\n<p>Ti consigliamo di <strong>prenotare in anticipo<\/strong>, soprattutto in alta stagione:<\/p>\n\n<blockquote class=\"wp-block-quote has-text-align-center is-layout-flow wp-block-quote-is-layout-flow\">\n<p><a href=\"https:\/\/www.getyourguide.fr\/algarve-l66\/albufeira-excursion-en-bateau-grottes-et-observation-des-dauphins-t64461\/?partner_id=0LXQSML&amp;utm_medium=online_publisher&amp;cmp=albufeira\" data-type=\"link\" data-id=\"https:\/\/www.getyourguide.fr\/algarve-l66\/albufeira-excursion-en-bateau-grottes-et-observation-des-dauphins-t64461\/?partner_id=0LXQSML&amp;utm_medium=online_publisher&amp;cmp=albufeira\" target=\"_blank\" rel=\"noopener\">Prenota una gita in barca di 2 ore per vedere i delfini e le formazioni geologiche.<\/a><\/p>\n<\/blockquote>\n\n<div data-gyg-href=\"https:\/\/widget.getyourguide.com\/default\/availability.frame\" data-gyg-tour-id=\"64461\" data-gyg-locale-code=\"fr-FR\" data-gyg-currency=\"EUR\" data-gyg-widget=\"availability\" data-gyg-variant=\"horizontal\" data-gyg-partner-id=\"0LXQSML\" data-gyg-cmp=\"albufeira\"><\/div>\n\n<figure class=\"wp-block-image size-large\"><img data-recalc-dims=\"1\" data-dominant-color=\"1d5d77\" data-has-transparency=\"false\" style=\"--dominant-color: #1d5d77;\" decoding=\"async\" width=\"800\" height=\"588\" src=\"https:\/\/i0.wp.com\/www.pourquoi-pas-nous.com\/wp-content\/uploads\/2026\/01\/gmzsct-vc0e.jpg?resize=800%2C588&#038;ssl=1\" alt=\"algarve\" class=\"wp-image-76282 not-transparent\" title=\"\" srcset=\"https:\/\/i0.wp.com\/www.pourquoi-pas-nous.com\/wp-content\/uploads\/2026\/01\/gmzsct-vc0e.jpg?resize=1200%2C882&amp;ssl=1 1200w, https:\/\/i0.wp.com\/www.pourquoi-pas-nous.com\/wp-content\/uploads\/2026\/01\/gmzsct-vc0e.jpg?resize=400%2C294&amp;ssl=1 400w, https:\/\/i0.wp.com\/www.pourquoi-pas-nous.com\/wp-content\/uploads\/2026\/01\/gmzsct-vc0e.jpg?w=1632&amp;ssl=1 1632w\" sizes=\"(max-width: 800px) 100vw, 800px\" \/><\/figure>\n\n<figure class=\"wp-block-image size-full\"><img data-recalc-dims=\"1\" data-dominant-color=\"8c7c6c\" data-has-transparency=\"true\" style=\"--dominant-color: #8c7c6c;\" decoding=\"async\" width=\"800\" height=\"456\" src=\"https:\/\/i0.wp.com\/www.pourquoi-pas-nous.com\/wp-content\/uploads\/2026\/01\/image-30.png?resize=800%2C456&#038;ssl=1\" alt=\"benagil algarve\" class=\"wp-image-77741 has-transparency\" title=\"\" srcset=\"https:\/\/i0.wp.com\/www.pourquoi-pas-nous.com\/wp-content\/uploads\/2026\/01\/image-30.png?w=928&amp;ssl=1 928w, https:\/\/i0.wp.com\/www.pourquoi-pas-nous.com\/wp-content\/uploads\/2026\/01\/image-30.png?resize=400%2C228&amp;ssl=1 400w\" sizes=\"(max-width: 800px) 100vw, 800px\" \/><\/figure>\n\n<h2 class=\"wp-block-heading\">Scopri il centro storico di Albufeira<\/h2>\n\n<p>Ti consigliamo di iniziare la mattinata esplorando <strong>il centro storico di Albufeira<\/strong>, arroccato sopra l&#8217;oceano. Qui l&#8217;atmosfera \u00e8 immediatamente diversa da quella dei quartieri pi\u00f9 moderni: <strong>strade acciottolate<\/strong>, <strong>case bianche<\/strong>, <strong>scale strette<\/strong> e piccoli belvedere con vista sul mare. <\/p>\n\n<p>Non c&#8217;\u00e8 un itinerario preciso, ma solo tempo per :<\/p>\n\n<ul class=\"wp-block-list\">\n<li>camminare lungo le strade in pendenza,<\/li>\n\n\n\n<li>fermati a prendere un caff\u00e8 in una piazza ombreggiata,<\/li>\n\n\n\n<li>ammirare la vista sulla costa.<\/li>\n<\/ul>\n\n<figure class=\"wp-block-gallery has-nested-images columns-default is-cropped wp-block-gallery-2 is-layout-flex wp-block-gallery-is-layout-flex\">\n<figure class=\"wp-block-image size-large\"><img data-recalc-dims=\"1\" data-dominant-color=\"6a6b6c\" data-has-transparency=\"false\" style=\"--dominant-color: #6a6b6c;\" loading=\"lazy\" decoding=\"async\" width=\"757\" height=\"1600\" data-id=\"76277\" src=\"https:\/\/i0.wp.com\/www.pourquoi-pas-nous.com\/wp-content\/uploads\/2026\/01\/20210827_194330.jpg?resize=757%2C1600&#038;ssl=1\" alt=\"olhao\" class=\"wp-image-76277 not-transparent\" title=\"\" srcset=\"https:\/\/i0.wp.com\/www.pourquoi-pas-nous.com\/wp-content\/uploads\/2026\/01\/20210827_194330-scaled.jpg?resize=757%2C1600&amp;ssl=1 757w, https:\/\/i0.wp.com\/www.pourquoi-pas-nous.com\/wp-content\/uploads\/2026\/01\/20210827_194330-scaled.jpg?resize=284%2C600&amp;ssl=1 284w, https:\/\/i0.wp.com\/www.pourquoi-pas-nous.com\/wp-content\/uploads\/2026\/01\/20210827_194330-scaled.jpg?w=969&amp;ssl=1 969w\" sizes=\"(max-width: 757px) 100vw, 757px\" \/><\/figure>\n\n\n\n<figure class=\"wp-block-image size-large\"><img data-recalc-dims=\"1\" data-dominant-color=\"9c9d9d\" data-has-transparency=\"false\" style=\"--dominant-color: #9c9d9d;\" loading=\"lazy\" decoding=\"async\" width=\"757\" height=\"1600\" data-id=\"76248\" src=\"https:\/\/i0.wp.com\/www.pourquoi-pas-nous.com\/wp-content\/uploads\/2026\/01\/20210827_194023.jpg?resize=757%2C1600&#038;ssl=1\" alt=\"olhao\" class=\"wp-image-76248 not-transparent\" title=\"\" srcset=\"https:\/\/i0.wp.com\/www.pourquoi-pas-nous.com\/wp-content\/uploads\/2026\/01\/20210827_194023-scaled.jpg?resize=757%2C1600&amp;ssl=1 757w, https:\/\/i0.wp.com\/www.pourquoi-pas-nous.com\/wp-content\/uploads\/2026\/01\/20210827_194023-scaled.jpg?resize=284%2C600&amp;ssl=1 284w, https:\/\/i0.wp.com\/www.pourquoi-pas-nous.com\/wp-content\/uploads\/2026\/01\/20210827_194023-scaled.jpg?w=969&amp;ssl=1 969w\" sizes=\"(max-width: 757px) 100vw, 757px\" \/><\/figure>\n<\/figure>\n\n<h2 class=\"wp-block-heading\">Goditi le spiagge di Albufeira<\/h2>\n\n<p>Albufeira ha <strong>diverse spiagge raggiungibili a piedi<\/strong> dal centro, il che \u00e8 davvero comodo quando hai solo una giornata a disposizione. Le spiagge sono grandi e bellissime, ma l&#8217;acqua dell&#8217;oceano \u00e8 sempre molto fresca, anche in piena estate. <\/p>\n\n<h3 class=\"wp-block-heading\">Praia dos Pescadores: pratica e centrale<\/h3>\n\n<p>Questa \u00e8 la spiaggia pi\u00f9 &#8220;facile&#8221;: ai piedi del centro storico, \u00e8 grande, vivace e molto accessibile. Perfetta per una pausa, anche se ovviamente \u00e8 la spiaggia pi\u00f9 affollata. <\/p>\n\n<h3 class=\"wp-block-heading\">Praia do T\u00fanel (Praia do Peneco)  <\/h3>\n\n<p>\u00c8 proprio l\u00ec accanto, separata da una roccia, e ha un fascino particolare: ci si arriva attraversando <strong>un tunnel scavato nella scogliera<\/strong> dal centro di Albufeira, il che le d\u00e0 subito un&#8217;aria da &#8220;spiaggia nascosta&#8221;, pur essendo comunque molto centrale. \u00c8 comunque una spiaggia molto popolare e accessibile con un ascensore per le famiglie o le persone a mobilit\u00e0 ridotta. <\/p>\n\n<figure class=\"wp-block-image size-large\"><img data-recalc-dims=\"1\" data-dominant-color=\"797f6d\" data-has-transparency=\"false\" style=\"--dominant-color: #797f6d;\" loading=\"lazy\" decoding=\"async\" width=\"800\" height=\"379\" src=\"https:\/\/i0.wp.com\/www.pourquoi-pas-nous.com\/wp-content\/uploads\/2026\/01\/20210826_152534.jpg?resize=800%2C379&#038;ssl=1\" alt=\"armacao de pera portogallo algarve\" class=\"wp-image-77175 not-transparent\" title=\"\" srcset=\"https:\/\/i0.wp.com\/www.pourquoi-pas-nous.com\/wp-content\/uploads\/2026\/01\/20210826_152534-scaled.jpg?resize=1200%2C568&amp;ssl=1 1200w, https:\/\/i0.wp.com\/www.pourquoi-pas-nous.com\/wp-content\/uploads\/2026\/01\/20210826_152534-scaled.jpg?resize=400%2C189&amp;ssl=1 400w, https:\/\/i0.wp.com\/www.pourquoi-pas-nous.com\/wp-content\/uploads\/2026\/01\/20210826_152534-scaled.jpg?w=2048&amp;ssl=1 2048w, https:\/\/i0.wp.com\/www.pourquoi-pas-nous.com\/wp-content\/uploads\/2026\/01\/20210826_152534-scaled.jpg?w=1600&amp;ssl=1 1600w\" sizes=\"(max-width: 800px) 100vw, 800px\" \/><\/figure>\n\n<figure class=\"wp-block-image size-large\"><img data-recalc-dims=\"1\" data-dominant-color=\"808481\" data-has-transparency=\"false\" style=\"--dominant-color: #808481;\" loading=\"lazy\" decoding=\"async\" width=\"800\" height=\"379\" src=\"https:\/\/i0.wp.com\/www.pourquoi-pas-nous.com\/wp-content\/uploads\/2026\/01\/20210826_153545.jpg?resize=800%2C379&#038;ssl=1\" alt=\"armacao de pera portogallo algarve\" class=\"wp-image-77156 not-transparent\" title=\"\" srcset=\"https:\/\/i0.wp.com\/www.pourquoi-pas-nous.com\/wp-content\/uploads\/2026\/01\/20210826_153545-scaled.jpg?resize=1200%2C568&amp;ssl=1 1200w, https:\/\/i0.wp.com\/www.pourquoi-pas-nous.com\/wp-content\/uploads\/2026\/01\/20210826_153545-scaled.jpg?resize=400%2C189&amp;ssl=1 400w, https:\/\/i0.wp.com\/www.pourquoi-pas-nous.com\/wp-content\/uploads\/2026\/01\/20210826_153545-scaled.jpg?w=2048&amp;ssl=1 2048w, https:\/\/i0.wp.com\/www.pourquoi-pas-nous.com\/wp-content\/uploads\/2026\/01\/20210826_153545-scaled.jpg?w=1600&amp;ssl=1 1600w\" sizes=\"(max-width: 800px) 100vw, 800px\" \/><\/figure>\n\n<h3 class=\"wp-block-heading\">Praia da Fal\u00e9sia: la nostra preferita<\/h3>\n\n<p>Se hai noleggiato un&#8217;auto, <strong>Praia da Fal\u00e9sia<\/strong> merita una visita. Si trova in direzione di <strong>Olhos de \u00c1gua<\/strong>, a circa 20 minuti di auto dal punto di partenza, e questa spiaggia lunga 6 km \u00e8 famosa per le sue <strong>scogliere rosse<\/strong> e la sua enorme spiaggia. <\/p>\n\n<p>C&#8217;\u00e8 un <strong>sentiero in cima alla scogliera<\/strong> con viste incredibili sull&#8217;oceano e sulla costa.<\/p>\n\n<p><strong>&#x1f449; Alba o tramonto<\/strong>. Le scogliere assumono una tonalit\u00e0 arancione\/rossa, la luce \u00e8 pazzesca e l&#8217;oceano ha quel blu profondo che sembra quasi irreale. <\/p>\n\n<p>Ecco un <a href=\"https:\/\/www.alltrails.com\/trail\/portugal\/faro\/praia-da-falesia\" data-type=\"link\" data-id=\"https:\/\/www.alltrails.com\/trail\/portugal\/faro\/praia-da-falesia\" target=\"_blank\" rel=\"noreferrer noopener\">itinerario di<\/a> 6 km ad anello per ammirare le scogliere dall&#8217;alto.<\/p>\n\n<figure class=\"wp-block-image size-large\"><img data-recalc-dims=\"1\" data-dominant-color=\"b58c6b\" data-has-transparency=\"false\" style=\"--dominant-color: #b58c6b;\" loading=\"lazy\" decoding=\"async\" width=\"800\" height=\"600\" src=\"https:\/\/i0.wp.com\/www.pourquoi-pas-nous.com\/wp-content\/uploads\/2026\/02\/2148378.jpg?resize=800%2C600&#038;ssl=1\" alt=\"albufeira algarve\" class=\"wp-image-78888 not-transparent\" title=\"\" srcset=\"https:\/\/i0.wp.com\/www.pourquoi-pas-nous.com\/wp-content\/uploads\/2026\/02\/2148378.jpg?resize=1200%2C900&amp;ssl=1 1200w, https:\/\/i0.wp.com\/www.pourquoi-pas-nous.com\/wp-content\/uploads\/2026\/02\/2148378.jpg?resize=400%2C300&amp;ssl=1 400w, https:\/\/i0.wp.com\/www.pourquoi-pas-nous.com\/wp-content\/uploads\/2026\/02\/2148378.jpg?w=1280&amp;ssl=1 1280w\" sizes=\"(max-width: 800px) 100vw, 800px\" \/><\/figure>\n\n<h2 class=\"wp-block-heading\">Albufeira, la versione &#8220;Las Vegas&#8221;: la Strip<\/h2>\n\n<p>\u00c8 impossibile parlare di Albufeira senza menzionare la <strong>Strip<\/strong>. \u00c8 la strada\/zona pi\u00f9 conosciuta per le feste, con un&#8217;atmosfera che ricorda chiaramente citt\u00e0 come <strong>Las Vegas<\/strong> o <strong>Canc\u00fan<\/strong>: luci al neon, bar, discoteche, bagarini, men\u00f9 XXL, musica a tutto volume. <\/p>\n\n<p>Se sei venuto per una serata fuori, sarai servito al meglio. Se cerchi un&#8217;atmosfera pi\u00f9 tranquilla, ti consigliamo di evitare questa zona. <\/p>\n\n<figure class=\"wp-block-gallery has-nested-images columns-default is-cropped wp-block-gallery-3 is-layout-flex wp-block-gallery-is-layout-flex\">\n<figure class=\"wp-block-image size-large\"><img data-recalc-dims=\"1\" data-dominant-color=\"766155\" data-has-transparency=\"true\" style=\"--dominant-color: #766155;\" loading=\"lazy\" decoding=\"async\" width=\"742\" height=\"441\" data-id=\"78893\" src=\"https:\/\/i0.wp.com\/www.pourquoi-pas-nous.com\/wp-content\/uploads\/2026\/02\/image-13.png?resize=742%2C441&#038;ssl=1\" alt=\"albufeira algarve\" class=\"wp-image-78893 has-transparency\" title=\"\" srcset=\"https:\/\/i0.wp.com\/www.pourquoi-pas-nous.com\/wp-content\/uploads\/2026\/02\/image-13.png?w=742&amp;ssl=1 742w, https:\/\/i0.wp.com\/www.pourquoi-pas-nous.com\/wp-content\/uploads\/2026\/02\/image-13.png?resize=400%2C238&amp;ssl=1 400w\" sizes=\"(max-width: 742px) 100vw, 742px\" \/><\/figure>\n\n\n\n<figure class=\"wp-block-image size-large\"><img data-recalc-dims=\"1\" data-dominant-color=\"6b6b6a\" data-has-transparency=\"true\" style=\"--dominant-color: #6b6b6a;\" loading=\"lazy\" decoding=\"async\" width=\"739\" height=\"531\" data-id=\"78892\" src=\"https:\/\/i0.wp.com\/www.pourquoi-pas-nous.com\/wp-content\/uploads\/2026\/02\/image-12.png?resize=739%2C531&#038;ssl=1\" alt=\"albufeira algarve\" class=\"wp-image-78892 has-transparency\" title=\"\" srcset=\"https:\/\/i0.wp.com\/www.pourquoi-pas-nous.com\/wp-content\/uploads\/2026\/02\/image-12.png?w=739&amp;ssl=1 739w, https:\/\/i0.wp.com\/www.pourquoi-pas-nous.com\/wp-content\/uploads\/2026\/02\/image-12.png?resize=400%2C287&amp;ssl=1 400w\" sizes=\"(max-width: 739px) 100vw, 739px\" \/><\/figure>\n<\/figure>\n\n<h2 class=\"wp-block-heading\">Passeggiare nel porto turistico di Albufeira<\/h2>\n\n<p>Al ritorno dalla tua escursione, ti consigliamo di bere un drink a fine giornata nel <strong>porto turistico di Albufeira<\/strong>. L&#8217;atmosfera \u00e8 completamente diversa da quella del centro storico: qui tutto \u00e8 pi\u00f9 moderno, pi\u00f9 colorato, quasi californiano. <\/p>\n\n<figure class=\"wp-block-image size-large\"><img data-recalc-dims=\"1\" data-dominant-color=\"6486a5\" data-has-transparency=\"false\" style=\"--dominant-color: #6486a5;\" loading=\"lazy\" decoding=\"async\" width=\"800\" height=\"379\" src=\"https:\/\/i0.wp.com\/www.pourquoi-pas-nous.com\/wp-content\/uploads\/2026\/01\/20210823_121420.jpg?resize=800%2C379&#038;ssl=1\" alt=\"lagos\" class=\"wp-image-77460 not-transparent\" title=\"\" srcset=\"https:\/\/i0.wp.com\/www.pourquoi-pas-nous.com\/wp-content\/uploads\/2026\/01\/20210823_121420-scaled.jpg?resize=1200%2C569&amp;ssl=1 1200w, https:\/\/i0.wp.com\/www.pourquoi-pas-nous.com\/wp-content\/uploads\/2026\/01\/20210823_121420-scaled.jpg?resize=400%2C190&amp;ssl=1 400w, https:\/\/i0.wp.com\/www.pourquoi-pas-nous.com\/wp-content\/uploads\/2026\/01\/20210823_121420-scaled.jpg?w=2048&amp;ssl=1 2048w, https:\/\/i0.wp.com\/www.pourquoi-pas-nous.com\/wp-content\/uploads\/2026\/01\/20210823_121420-scaled.jpg?w=1600&amp;ssl=1 1600w\" sizes=\"(max-width: 800px) 100vw, 800px\" \/><\/figure>\n\n<h2 class=\"wp-block-heading\">Come arrivo ad Albufeira?<\/h2>\n\n<ul class=\"wp-block-list\">\n<li>&#x1f697; <strong>Da Faro<\/strong>: circa 40 minuti di auto<\/li>\n\n\n\n<li>&#x1f697; <strong>Da Lagos<\/strong>: circa 1 ora<\/li>\n<\/ul>\n\n<p><strong>Noleggia un&#8217;auto in Algarve<\/strong><\/p>\n\n<p>Il <strong>modo migliore<\/strong> per esplorare l&#8217;Algarve \u00e8 chiaramente in auto. Le strade sono in buone condizioni e Albufeira \u00e8 ben situata per raggiungere <strong>Benagil, Arma\u00e7\u00e3o de P\u00eara o Lagos<\/strong>. <\/p>\n\n<p>Noleggiare un&#8217;auto dall&#8217;aeroporto di Faro \u00e8 semplice e spesso molto conveniente, soprattutto al di fuori dell&#8217;alta stagione. \u00c8 chiaramente l&#8217;opzione ideale per un viaggio in auto in Algarve, al tuo ritmo e senza dover dipendere dai trasporti pubblici.   <\/p>\n\n<p>&#x1f449; Per confrontare le offerte e trovare il miglior rapporto qualit\u00e0-prezzo, dopo averne testate diverse, ora utilizziamo <a href=\"https:\/\/www.discovercars.com\/fr\/portugal\/faro?a_aid=PourquoiPasNous\" target=\"_blank\" data-type=\"link\" data-id=\"https:\/\/www.discovercars.com\/fr\/portugal\/faro?a_aid=PourquoiPasNous\" rel=\"noreferrer noopener nofollow\">il comparatore DiscoverCars<\/a>, che \u00e8 affidabile, chiaro e facile da usare.  <\/p>\n\n<p>&#x1f4a1; Un altro aspetto da non trascurare: l&#8217;assicurazione completa offerta tramite DiscoverCars \u00e8 generalmente molto pi\u00f9 economica di quella offerta direttamente allo sportello della societ\u00e0 di noleggio, pur offrendo una copertura pi\u00f9 completa. Una vera tranquillit\u00e0 e soprattutto un buon modo per evitare spiacevoli sorprese al momento del ritiro o della restituzione dell&#8217;auto.  <\/p>\n\n<blockquote class=\"wp-block-quote has-text-align-center is-layout-flow wp-block-quote-is-layout-flow\">\n<p><a href=\"https:\/\/www.discovercars.com\/fr\/portugal\/faro?a_aid=PourquoiPasNous\" target=\"_blank\" data-type=\"link\" data-id=\"https:\/\/www.discovercars.com\/fr\/portugal\/faro?a_aid=PourquoiPasNous\" rel=\"noreferrer noopener nofollow\">&#x1f39f;&#xfe0f; Confronta le offerte sul sito di DiscoverCars<\/a><\/p>\n<\/blockquote>\n\n<h2 class=\"wp-block-heading\">Per quanto tempo rimanere ad Albufeira  <\/h2>\n\n<p>Come sempre, non \u00e8 una domanda semplice a cui rispondere.<\/p>\n\n<p>&#x1f449; A nostro avviso, <strong>1 giorno \u00e8 sufficiente<\/strong> per :<\/p>\n\n<ul class=\"wp-block-list\">\n<li>scopri il centro storico,<\/li>\n\n\n\n<li>goditi le spiagge,<\/li>\n\n\n\n<li>fai una gita in barca alla grotta di Benagil.<\/li>\n<\/ul>\n\n<p><strong>Per dormire bene<\/strong>, preferiamo i villaggi pi\u00f9 tipici <a href=\"https:\/\/www.pourquoi-pas-nous.com\/it\/cosa-fare-ad-armacao-de-pera-in-portogallo-i-nostri-luoghi-da-non-perdere\/\" target=\"_blank\" data-type=\"post\" data-id=\"76818\" rel=\"noreferrer noopener\">di Arma\u00e7ao de Pera<\/a> e <a href=\"https:\/\/www.pourquoi-pas-nous.com\/it\/?p=78816\" target=\"_blank\" data-type=\"post\" data-id=\"78347\" rel=\"noreferrer noopener\">Olh\u00e3o<\/a>:<\/p>\n\n<blockquote class=\"wp-block-quote has-text-align-center is-layout-flow wp-block-quote-is-layout-flow\">\n<p><strong>Ad Arma\u00e7ao de Pero<\/strong> ti consigliamo <a href=\"https:\/\/www.booking.com\/hotel\/pt\/algarpapa-rooms.fr.html?aid=1529171&amp;no_rooms=1&amp;group_adults=2\" data-type=\"link\" data-id=\"https:\/\/www.booking.com\/hotel\/pt\/algarpapa-rooms.fr.html?aid=1529171&amp;no_rooms=1&amp;group_adults=2\" target=\"_blank\" rel=\"noopener\">Algar Papa Rooms<\/a>, un piccolo gioiello con piscina + parcheggio + vista mare.<\/p>\n\n\n\n<p><strong>Olhao<\/strong>: il nostro reco <a href=\"https:\/\/www.booking.com\/hotel\/pt\/cidade-de-olhao.fr.html?aid=1529171&amp;no_rooms=1&amp;group_adults=2\" data-type=\"link\" data-id=\"https:\/\/www.booking.com\/hotel\/pt\/cidade-de-olhao.fr.html?aid=1529171&amp;no_rooms=1&amp;group_adults=2\" target=\"_blank\" rel=\"noopener\">Hotel Cidade de Olh\u00e3o<\/a> con piscina + colazione + buona posizione<\/p>\n<\/blockquote>\n\n<p>&#x1f4a1; Ti consigliamo di affittare un hotel con piscina, poich\u00e9 la temperatura dell&#8217;acqua \u00e8 fresca anche in estate; puoi controllare le temperature dell&#8217;oceano in tempo reale sul <a href=\"https:\/\/www.ipma.pt\/en\/maritima\/sst\/\" data-type=\"link\" data-id=\"https:\/\/www.ipma.pt\/en\/maritima\/sst\/\" target=\"_blank\" rel=\"noreferrer noopener\">sito dell&#8217;IPMA<\/a>.<\/p>\n\n<figure class=\"wp-block-image size-large\"><img data-recalc-dims=\"1\" data-dominant-color=\"858f90\" data-has-transparency=\"false\" style=\"--dominant-color: #858f90;\" loading=\"lazy\" decoding=\"async\" width=\"800\" height=\"368\" src=\"https:\/\/i0.wp.com\/www.pourquoi-pas-nous.com\/wp-content\/uploads\/2026\/01\/WhatsApp-Image-2026-01-20-at-18.10.31-3.jpeg?resize=800%2C368&#038;ssl=1\" alt=\"portogallo algarve\" class=\"wp-image-76975 not-transparent\" title=\"\" srcset=\"https:\/\/i0.wp.com\/www.pourquoi-pas-nous.com\/wp-content\/uploads\/2026\/01\/WhatsApp-Image-2026-01-20-at-18.10.31-3.jpeg?resize=1200%2C552&amp;ssl=1 1200w, https:\/\/i0.wp.com\/www.pourquoi-pas-nous.com\/wp-content\/uploads\/2026\/01\/WhatsApp-Image-2026-01-20-at-18.10.31-3.jpeg?resize=400%2C184&amp;ssl=1 400w, https:\/\/i0.wp.com\/www.pourquoi-pas-nous.com\/wp-content\/uploads\/2026\/01\/WhatsApp-Image-2026-01-20-at-18.10.31-3.jpeg?w=1600&amp;ssl=1 1600w\" sizes=\"(max-width: 800px) 100vw, 800px\" \/><\/figure>\n\n<h2 class=\"wp-block-heading\">La nostra opinione su Albufeira<\/h2>\n\n<p>Albufeira non \u00e8 certo il nostro villaggio preferito dell&#8217;Algarve, ma <strong>svolge perfettamente il suo ruolo<\/strong>. Cosa ci \u00e8 piaciuto : <\/p>\n\n<ul class=\"wp-block-list\">\n<li>il suo <strong>centro storico \u00e8 pi\u00f9 affascinante del previsto<\/strong>,<\/li>\n\n\n\n<li><strong>spiagge facilmente accessibili<\/strong>,<\/li>\n\n\n\n<li>e soprattutto la sua <strong>posizione ideale per visitare la grotta di Benagil<\/strong>.<\/li>\n<\/ul>\n\n<p>\u00c8 anche <strong>una destinazione facile per le famiglie<\/strong>, poich\u00e9 le spiagge sono vicine al centro storico e la spiaggia principale \u00e8 accessibile con l&#8217;ascensore, quindi \u00e8 pratica con un passeggino e un carico pesante.<\/p>\n\n<div data-gyg-href=\"https:\/\/widget.getyourguide.com\/default\/availability.frame\" data-gyg-tour-id=\"64461\" data-gyg-locale-code=\"fr-FR\" data-gyg-currency=\"EUR\" data-gyg-widget=\"availability\" data-gyg-variant=\"horizontal\" data-gyg-partner-id=\"0LXQSML\" data-gyg-cmp=\"albufeira\"><\/div>\n\n<p><br\/>Non esitate a <strong>scriverci<\/strong> qui sotto per farci sapere se state programmando questo viaggio, per <strong>farci<\/strong> domande o per <strong>condividere<\/strong> i vostri pensieri sui social network<a href=\"https:\/\/www.instagram.com\/pourquoipasnous_voyage\/\" target=\"_blank\" rel=\"noreferrer noopener\">(il nostro Instagram<\/a>): saremo lieti di rispondervi!<\/p>\n\n<p>Prima di partire, <strong>leggi tutti i nostri articoli sull&#8217;organizzazione del viaggio:<\/strong><\/p>\n\n<p><\/p>\n\n<ul class=\"wp-block-list\">\n<li>&#x1f6cf;&#xfe0f;  <a href=\"https:\/\/www.pourquoi-pas-nous.com\/it\/?p=79022\" data-type=\"post\" data-id=\"78345\">Dove dormire in Algarve? i nostri migliori indirizzi<\/a><\/li>\n\n\n\n<li>&#x1f5fa;&#xfe0f; <a href=\"https:\/\/www.pourquoi-pas-nous.com\/it\/?p=78980\" target=\"_blank\" data-type=\"post\" data-id=\"78921\" rel=\"noreferrer noopener\">Itinerario per il tuo viaggio in Algarve?<\/a><\/li>\n\n\n\n<li>&#x1f697; <a href=\"https:\/\/www.pourquoi-pas-nous.com\/it\/?p=77719\" target=\"_blank\" data-type=\"post\" data-id=\"77133\" rel=\"noreferrer noopener\">Noleggio auto a Faro in Algarve: i nostri consigli e suggerimenti<\/a><\/li>\n\n\n\n<li>Visita i villaggi di <a href=\"https:\/\/www.pourquoi-pas-nous.com\/it\/cosa-fare-a-lagos-in-portogallo-la-nostra-opinione-e-le-nostre-mete-imperdibili\/\" data-type=\"post\" data-id=\"76752\">Lagos<\/a>, <a href=\"https:\/\/www.pourquoi-pas-nous.com\/it\/cosa-fare-ad-armacao-de-pera-in-portogallo-i-nostri-luoghi-da-non-perdere\/\" data-type=\"post\" data-id=\"76818\">Arma\u00e7ao de P\u00eara<\/a>, <a href=\"https:\/\/www.pourquoi-pas-nous.com\/it\/cosa-fare-ad-alvor-portogallo-le-spiagge-e-la-nostra-opinione\/\" data-type=\"post\" data-id=\"76816\">Alvor<\/a>, Albufeira e <a href=\"https:\/\/www.pourquoi-pas-nous.com\/it\/?p=78816\" data-type=\"post\" data-id=\"78347\">Olh\u00e3o<\/a><\/li>\n\n\n\n<li>&#x1f30a; <a href=\"https:\/\/www.pourquoi-pas-nous.com\/it\/?p=77763\" data-type=\"post\" data-id=\"77163\">Visita l&#8217;imperdibile grotta di Benagil<\/a><\/li>\n\n\n\n<li>&#x26f5; <a href=\"https:\/\/www.pourquoi-pas-nous.com\/it\/come-visitare-le-scogliere-di-ponta-da-piedade-in-barca-e-a-piedi\/\" data-type=\"post\" data-id=\"77127\" target=\"_blank\" rel=\"noreferrer noopener\">Come posso visitare le scogliere di Ponta da Piedade<\/a>? in barca e a piedi<\/li>\n<\/ul>\n\n<p><\/p>\n<div style='text-align:right' class='yasr-auto-insert-visitor'><\/div>","protected":false},"excerpt":{"rendered":"<p>Ti stai chiedendo cosa fare ad Albufeira durante un viaggio in Algarve? Albufeira \u00e8 la principale localit\u00e0 balneare dell&#8217;Algarve, ma in realt\u00e0 la citt\u00e0 presenta molte sfaccettature, dal centro storico alle spiagge incastonate tra le scogliere e al vivace porto turistico. Soprattutto, Albufeira \u00e8 un ottimo punto di partenza per una gita in barca per [&hellip;]<\/p>\n","protected":false},"author":2,"featured_media":77357,"comment_status":"open","ping_status":"closed","sticky":false,"template":"","format":"standard","meta":{"_acf_changed":false,"_wp_convertkit_post_meta":{"form":"-1","landing_page":"0","tag":"0","restrict_content":"0"},"jetpack_post_was_ever_published":true,"yasr_overall_rating":0,"yasr_post_is_review":"","yasr_auto_insert_disabled":"","yasr_review_type":"","_jetpack_newsletter_access":"","_jetpack_dont_email_post_to_subs":false,"_jetpack_newsletter_tier_id":0,"_jetpack_memberships_contains_paywalled_content":false,"_jetpack_memberships_contains_paid_content":false,"footnotes":""},"categories":[396,270,395],"tags":[],"class_list":["post-78901","post","type-post","status-publish","format-standard","has-post-thumbnail","hentry","category-algarve","category-guida-di-viaggio","category-portogallo"],"acf":[],"_wp_attached_file":null,"_wp_attachment_image_alt":null,"rank_math_primary_category":"392","rank_math_title":"Cosa fare ad Albufeira? Spiagge e gite in barca ","rank_math_description":"Cosa fare ad Albufeira in 1 giorno? Centro storico, Praia do T\u00fanel, Praia da Fal\u00e9sia e gita in barca con i delfini e la grotta di Benagil. ","rank_math_focus_keyword":"albufeira-algarve","yasr_visitor_votes":{"stars_attributes":{"read_only":false,"span_bottom":false},"number_of_votes":0,"sum_votes":0},"jetpack_featured_media_url":"https:\/\/i0.wp.com\/www.pourquoi-pas-nous.com\/wp-content\/uploads\/2026\/01\/20210826_144751-1-scaled.jpg?fit=2048%2C969&ssl=1","jetpack_sharing_enabled":true,"_links":{"self":[{"href":"https:\/\/www.pourquoi-pas-nous.com\/it\/wp-json\/wp\/v2\/posts\/78901","targetHints":{"allow":["GET"]}}],"collection":[{"href":"https:\/\/www.pourquoi-pas-nous.com\/it\/wp-json\/wp\/v2\/posts"}],"about":[{"href":"https:\/\/www.pourquoi-pas-nous.com\/it\/wp-json\/wp\/v2\/types\/post"}],"author":[{"embeddable":true,"href":"https:\/\/www.pourquoi-pas-nous.com\/it\/wp-json\/wp\/v2\/users\/2"}],"replies":[{"embeddable":true,"href":"https:\/\/www.pourquoi-pas-nous.com\/it\/wp-json\/wp\/v2\/comments?post=78901"}],"version-history":[{"count":7,"href":"https:\/\/www.pourquoi-pas-nous.com\/it\/wp-json\/wp\/v2\/posts\/78901\/revisions"}],"predecessor-version":[{"id":79209,"href":"https:\/\/www.pourquoi-pas-nous.com\/it\/wp-json\/wp\/v2\/posts\/78901\/revisions\/79209"}],"wp:featuredmedia":[{"embeddable":true,"href":"https:\/\/www.pourquoi-pas-nous.com\/it\/wp-json\/wp\/v2\/media\/77357"}],"wp:attachment":[{"href":"https:\/\/www.pourquoi-pas-nous.com\/it\/wp-json\/wp\/v2\/media?parent=78901"}],"wp:term":[{"taxonomy":"category","embeddable":true,"href":"https:\/\/www.pourquoi-pas-nous.com\/it\/wp-json\/wp\/v2\/categories?post=78901"},{"taxonomy":"post_tag","embeddable":true,"href":"https:\/\/www.pourquoi-pas-nous.com\/it\/wp-json\/wp\/v2\/tags?post=78901"}],"curies":[{"name":"wp","href":"https:\/\/api.w.org\/{rel}","templated":true}]}}