{"id":78980,"date":"2026-02-11T17:48:46","date_gmt":"2026-02-11T15:48:46","guid":{"rendered":"https:\/\/www.pourquoi-pas-nous.com\/viaggio-in-algarve-itinerario-di-10-giorni-e-versione-di-7-giorni-consigli-su-budget-e-auto\/"},"modified":"2026-02-12T14:29:01","modified_gmt":"2026-02-12T12:29:01","slug":"viaggio-in-algarve-itinerario-di-10-giorni-e-versione-di-7-giorni-consigli-su-budget-e-auto","status":"publish","type":"post","link":"https:\/\/www.pourquoi-pas-nous.com\/it\/viaggio-in-algarve-itinerario-di-10-giorni-e-versione-di-7-giorni-consigli-su-budget-e-auto\/","title":{"rendered":"Viaggio in Algarve: itinerario di 10 giorni (e versione di 7 giorni) + consigli su budget e auto"},"content":{"rendered":"\n<p>Stai pianificando un viaggio in auto nell&#8217;Algarve in Portogallo e ti stai chiedendo dove andare, quanto tempo restare e come organizzare le tue soste? Siete nel posto giusto!  <\/p>\n\n<p>Abbiamo amato l&#8217;Algarve per un semplice motivo: in pochi chilometri si passa da scogliere e grotte spettacolari a ovest a un Algarve pi\u00f9 dolce e autentico a est, sulla Ria Formosa.  <\/p>\n\n<p>Qui di seguito troverai le nostre <strong>6<\/strong> cose <strong>imperdibili<\/strong> da fare ad Allgarve (e non \u00e8 stato facile scegliere!) e il nostro <strong>itinerario<\/strong> per una settimana o dieci giorni + tutti i nostri consigli!<\/p>\n\n<figure class=\"wp-block-image size-large\"><img data-recalc-dims=\"1\" data-dominant-color=\"899077\" data-has-transparency=\"false\" style=\"--dominant-color: #899077;\" fetchpriority=\"high\" decoding=\"async\" width=\"800\" height=\"379\" src=\"https:\/\/i0.wp.com\/www.pourquoi-pas-nous.com\/wp-content\/uploads\/2026\/01\/20210826_152647.jpg?resize=800%2C379&#038;ssl=1\" alt=\"armacao de pera portogallo algarve\" class=\"wp-image-77176 not-transparent\" title=\"\" srcset=\"https:\/\/i0.wp.com\/www.pourquoi-pas-nous.com\/wp-content\/uploads\/2026\/01\/20210826_152647-scaled.jpg?resize=1200%2C569&amp;ssl=1 1200w, https:\/\/i0.wp.com\/www.pourquoi-pas-nous.com\/wp-content\/uploads\/2026\/01\/20210826_152647-scaled.jpg?resize=400%2C190&amp;ssl=1 400w, https:\/\/i0.wp.com\/www.pourquoi-pas-nous.com\/wp-content\/uploads\/2026\/01\/20210826_152647-scaled.jpg?w=2048&amp;ssl=1 2048w, https:\/\/i0.wp.com\/www.pourquoi-pas-nous.com\/wp-content\/uploads\/2026\/01\/20210826_152647-scaled.jpg?w=1600&amp;ssl=1 1600w\" sizes=\"(max-width: 800px) 100vw, 800px\" \/><\/figure>\n\n<h2 class=\"wp-block-heading\">Informazioni chiave per organizzare il tuo viaggio in auto<\/h2>\n\n<ul class=\"wp-block-list\">\n<li>Durata ideale: da 7 a 10 giorni<\/li>\n\n\n\n<li>Punto di arrivo: aeroporto di Faro<\/li>\n\n\n\n<li>Il modo pi\u00f9 semplice: noleggiare un&#8217;auto (cambia tutto in Algarve)<\/li>\n\n\n\n<li>Le nostre basi preferite: Lagos (ovest) + Olh\u00e3o (est)<\/li>\n\n\n\n<li>Da vedere: Ponta da Piedade, Benagil, l&#8217;escursione delle 7 valli sospese, un&#8217;isola nella Ria Formosa<\/li>\n<\/ul>\n\n<h2 class=\"wp-block-heading\">Informazioni pratiche per il tuo viaggio in auto in Algarve<\/h2>\n\n<h3 class=\"wp-block-heading\">Quali hotel scegliere in Algarve?<\/h3>\n\n<p>Ti consigliamo di scegliere un hotel con piscina perch\u00e9 l&#8217;acqua dell&#8217;oceano \u00e8 molto fresca (circa 18 gradi) anche in estate. Siamo abituati a nuotare nell&#8217;Oceano Atlantico, dato che viviamo sull&#8217;<a href=\"https:\/\/www.pourquoi-pas-nous.com\/it\/ile-oleron\/\" data-type=\"link\" data-id=\"https:\/\/www.pourquoi-pas-nous.com\/ile-oleron\/\" target=\"_blank\" rel=\"noreferrer noopener\">isola di Ol\u00e9ron<\/a>. <\/p>\n\n<ul class=\"wp-block-list\">\n<li> <em><a href=\"https:\/\/www.booking.com\/hotel\/pt\/topcity-hostel-amp-suites.fr.html?aid=1529171&amp;no_rooms=1&amp;group_adults=2\" target=\"_blank\" rel=\"noreferrer noopener nofollow\"> Top City Hostel &amp; Suites<\/a><\/em> &#8211; Economico a Lagos<\/li>\n\n\n\n<li><em><a href=\"https:\/\/www.booking.com\/hotel\/pt\/pestana-alvor-south-beach-premium-suite.fr.html?aid=1529171&amp;no_rooms=1&amp;group_adults=2\" target=\"_blank\" data-type=\"link\" data-id=\"https:\/\/www.booking.com\/hotel\/pt\/pestana-alvor-south-beach-premium-suite.fr.html?aid=1529171&amp;no_rooms=1&amp;group_adults=2\" rel=\"noreferrer noopener nofollow\">hotel Pestana Alvor South Beach<\/a> <\/em>&#8211; di media categoria a Alvor<\/li>\n\n\n\n<li><em><a href=\"https:\/\/www.booking.com\/hotel\/pt\/cidade-de-olhao.fr.html?aid=1529171&amp;no_rooms=1&amp;group_adults=2\" target=\"_blank\" rel=\"noreferrer noopener\">Il nostro hotel Cidade de Olh\u00e3o<\/a> <\/em>&#8211; economico a Olhao<\/li>\n<\/ul>\n\n<h3 class=\"wp-block-heading\">Quali sono le cose migliori da fare in Algarve?<\/h3>\n\n<p>Ti consigliamo di approfittare delle <strong>uscite in mare<\/strong> per vedere le formazioni geologiche tipiche dell&#8217;Algarve, esplorare le <strong>riserve naturali<\/strong> o <strong>vedere i delfini<\/strong>. Siamo rimasti piacevolmente sorpresi dai prezzi contenuti (circa 15-20\u20ac) delle escursioni e dalla loro qualit\u00e0.  Ecco i nostri consigli:<\/p>\n\n<ul class=\"wp-block-list\">\n<li>&#x1f39f;&#xfe0f; <a href=\"https:\/\/www.getyourguide.fr\/lagos-portugal-l2896\/visite-guidee-d-une-heure-en-bateau-a-ponta-da-piedade-en-algarve-t449567\/?partner_id=0LXQSML&amp;utm_medium=online_publisher&amp;cmp=ponta\" data-type=\"link\" data-id=\"https:\/\/www.getyourguide.fr\/lagos-portugal-l2896\/visite-guidee-d-une-heure-en-bateau-a-ponta-da-piedade-en-algarve-t449567\/?partner_id=0LXQSML&amp;utm_medium=online_publisher&amp;cmp=ponta\" target=\"_blank\" rel=\"noreferrer noopener nofollow\">Gita in mare da Lagos per vedere le scogliere di Ponta da Piedade<\/a><\/li>\n\n\n\n<li>&#x1f42c; <a href=\"https:\/\/www.getyourguide.fr\/algarve-l66\/lagos-observation-des-dauphins-avec-un-biologiste-marin-professionnel-t303058\/?partner_id=0LXQSML&amp;utm_medium=online_publisher&amp;cmp=lagos\" data-type=\"link\" data-id=\"https:\/\/www.getyourguide.fr\/algarve-l66\/lagos-observation-des-dauphins-avec-un-biologiste-marin-professionnel-t303058\/?partner_id=0LXQSML&amp;utm_medium=online_publisher&amp;cmp=lagos\" target=\"_blank\" rel=\"noreferrer noopener nofollow\">Osservazione dei delfini con un biologo marino professionista<\/a> di Lagos<\/li>\n\n\n\n<li>&#x1f39f;&#xfe0f; <a href=\"https:\/\/www.getyourguide.fr\/armacao-de-pera-l90750\/armacao-de-pera-excursion-en-bateau-dans-les-grottes-de-benagilplages-secretes-t444219\/?partner_id=0LXQSML&amp;utm_medium=online_publisher&amp;cmp=armacao&amp;deeplink_id=a67e1da7-d4e5-54a0-b200-16e6fa5b8b13&amp;page_id=13efc42c-c09d-5788-a5f0-71568680b553\" target=\"_blank\" rel=\"noreferrer noopener\">crociera di un&#8217;ora per esplorare la grotta di Benagil<\/a> con una <strong>guida francese<\/strong> di Arma\u00e7ao de Pera<\/li>\n\n\n\n<li>&#x1f39f;&#xfe0f; <a href=\"https:\/\/www.getyourguide.fr\/algarve-l66\/au-depart-d-olhao-visite-d-une-jounee-aux-3-iles-de-la-ria-formosa-t397184\/?partner_id=0LXQSML&amp;utm_medium=online_publisher&amp;cmp=riaformosa\" data-type=\"link\" data-id=\"https:\/\/www.getyourguide.fr\/algarve-l66\/au-depart-d-olhao-visite-d-une-jounee-aux-3-iles-de-la-ria-formosa-t397184\/?partner_id=0LXQSML&amp;utm_medium=online_publisher&amp;cmp=riaformosa\" target=\"_blank\" rel=\"noopener\"> Gita in barca di 5 ore per esplorare la riserva naturale di Ria Formosa e diverse isole<\/a><br\/><\/li>\n<\/ul>\n\n<p><em>Prenotato tramite <strong><a href=\"https:\/\/www.getyourguide.fr\/lagos-portugal-l2896\/visite-guidee-d-une-heure-en-bateau-a-ponta-da-piedade-en-algarve-t449567\/?partner_id=0LXQSML&amp;utm_medium=online_publisher&amp;cmp=ponta&amp;deeplink_id=811720b5-4480-59e1-b6f6-9d7871b4d4dd&amp;page_id=d31a8f8d-14c1-5b78-9052-2ff637894df0\" target=\"_blank\" rel=\"noreferrer noopener\">GetYourGuide<\/a><\/strong> Grande vantaggio: <strong>puoi cambiare o cancellare<\/strong> la tua prenotazione <strong>fino al giorno prima<\/strong>, il che \u00e8 sempre rassicurante in caso di maltempo. + tutte le prenotazioni sono raggruppate nello stesso posto.<\/em><\/p>\n\n<h3 class=\"wp-block-heading\">I nostri 6 luoghi da non perdere in Algarve (provati e testati)<\/h3>\n\n<ol class=\"wp-block-list\">\n<li><strong>Ponta da Piedade (Lagos): il luogo &#8220;wow&#8221;<\/strong>: scogliere dorate, archi e grotte: \u00e8 davvero <strong>la cartolina <\/strong> dell&#8217;<strong> <strong>Algarve<\/strong> <\/strong>.  <\/li>\n\n\n\n<li><strong>Una gita in barca a Lagos (delfini + grotte + scogliere)<\/strong><\/li>\n\n\n\n<li><strong>La grotta di Benagil (dal mare)<\/strong>:<\/li>\n\n\n\n<li><strong>Alvor: le sue immense spiagge + le rocce di Praia dos Tr\u00eas Irm\u00e3os<\/strong> e le piccole insenature.<\/li>\n\n\n\n<li><strong>Olh\u00e3o: il villaggio autentico e i suoi mercati in mattoni rossi<\/strong><\/li>\n\n\n\n<li><strong>La Ria Formosa: crociera in barca + giornata su un&#8217;isola (Armona \/ Culatra \/ Farol)<\/strong><\/li>\n<\/ol>\n\n<figure class=\"wp-block-image size-full\"><img data-recalc-dims=\"1\" data-dominant-color=\"64777a\" data-has-transparency=\"true\" style=\"--dominant-color: #64777a;\" decoding=\"async\" width=\"800\" height=\"429\" src=\"https:\/\/i0.wp.com\/www.pourquoi-pas-nous.com\/wp-content\/uploads\/2026\/01\/image-19.png?resize=800%2C429&#038;ssl=1\" alt=\"Ponta de Piedade\" class=\"wp-image-77363 has-transparency\" title=\"\" srcset=\"https:\/\/i0.wp.com\/www.pourquoi-pas-nous.com\/wp-content\/uploads\/2026\/01\/image-19.png?w=976&amp;ssl=1 976w, https:\/\/i0.wp.com\/www.pourquoi-pas-nous.com\/wp-content\/uploads\/2026\/01\/image-19.png?resize=400%2C214&amp;ssl=1 400w\" sizes=\"(max-width: 800px) 100vw, 800px\" \/><\/figure>\n\n<h2 class=\"wp-block-heading\"><strong>Itinerario di viaggio in Algarve: 10 giorni (la nostra versione ideale)<\/strong><\/h2>\n\n<p>&#x2708;&#xfe0f; Per questo viaggio in auto, abbiamo scelto di partire direttamente dal punto <strong>pi\u00f9 occidentale dell&#8217;Algarve<\/strong> per poi tornare all&#8217;aeroporto, mantenendo le tappe brevi.<\/p>\n\n<h3 class=\"wp-block-heading\"><strong>Giorno 1: Arrivo a Faro \u2192 viaggio in auto fino a Lagos<\/strong><\/h3>\n\n<p>Abbiamo ritirato la nostra auto a noleggio all&#8217;aeroporto di Faro e ci siamo diretti verso ovest per stabilirci a <strong><a href=\"https:\/\/www.pourquoi-pas-nous.com\/it\/cosa-fare-a-lagos-in-portogallo-la-nostra-opinione-e-le-nostre-mete-imperdibili\/\" data-type=\"post\" data-id=\"76752\">Lagos<\/a><\/strong> per due motivi:<\/p>\n\n<ul class=\"wp-block-list\">\n<li>\u00c8 un&#8217;ottima base per esplorare le <strong>scogliere di Ponta da Piedade<\/strong> a piedi dal centro storico e in barca dal porto turistico.<\/li>\n\n\n\n<li>\u00c8 anche uno dei <strong>nostri villaggi preferiti<\/strong> dell&#8217;Algarve, con il suo porto vivace e la sua atmosfera autentica<br\/><br\/>&#x1f4a1; Se arrivi presto: goditi il primo tramonto sulla costa e sulle scogliere, ti far\u00e0 entrare subito nell&#8217;atmosfera dell&#8217;Algarve.<\/li>\n<\/ul>\n\n<p><em>&#x1f6ce;&#xfe0f; <a href=\"https:\/\/www.booking.com\/hotel\/pt\/topcity-hostel-amp-suites.fr.html?aid=1529171&amp;no_rooms=1&amp;group_adults=2\" target=\"_blank\" rel=\"noreferrer noopener\">Il nostro hotel Top City Hostel &amp; Suites<\/a> nel centro della citt\u00e0 con piscina o il <a href=\"https:\/\/www.booking.com\/hotel\/pt\/sol-e-praia.fr.html?aid=1529171&amp;no_rooms=1&amp;group_adults=2\" data-type=\"link\" data-id=\"https:\/\/www.booking.com\/hotel\/pt\/sol-e-praia.fr.html?aid=1529171&amp;no_rooms=1&amp;group_adults=2\" target=\"_blank\" rel=\"noreferrer noopener nofollow\">Carvi Beach Hotel<\/a> con piscina e parcheggio.<\/em><\/p>\n\n<figure class=\"wp-block-image size-large\"><img data-recalc-dims=\"1\" data-dominant-color=\"717d86\" data-has-transparency=\"false\" style=\"--dominant-color: #717d86;\" decoding=\"async\" width=\"800\" height=\"379\" src=\"https:\/\/i0.wp.com\/www.pourquoi-pas-nous.com\/wp-content\/uploads\/2026\/01\/20210823_121801.jpg?resize=800%2C379&#038;ssl=1\" alt=\"lagos\" class=\"wp-image-77463 not-transparent\" title=\"\" srcset=\"https:\/\/i0.wp.com\/www.pourquoi-pas-nous.com\/wp-content\/uploads\/2026\/01\/20210823_121801-scaled.jpg?resize=1200%2C568&amp;ssl=1 1200w, https:\/\/i0.wp.com\/www.pourquoi-pas-nous.com\/wp-content\/uploads\/2026\/01\/20210823_121801-scaled.jpg?resize=400%2C189&amp;ssl=1 400w, https:\/\/i0.wp.com\/www.pourquoi-pas-nous.com\/wp-content\/uploads\/2026\/01\/20210823_121801-scaled.jpg?w=2048&amp;ssl=1 2048w, https:\/\/i0.wp.com\/www.pourquoi-pas-nous.com\/wp-content\/uploads\/2026\/01\/20210823_121801-scaled.jpg?w=1600&amp;ssl=1 1600w\" sizes=\"(max-width: 800px) 100vw, 800px\" \/><\/figure>\n\n<h3 class=\"wp-block-heading\"><strong>Giorno 2: Le scogliere di Ponta da Piedade (a piedi + in barca)<\/strong><\/h3>\n\n<p>Ti consigliamo di fare diverse gite in barca durante il tuo soggiorno, perch\u00e9 in genere costa tra i 20 e i 30\u20ac per 1 o 2 ore in mare, un budget ragionevole per un&#8217;esperienza straordinaria.  <\/p>\n\n<p>Scegli<strong> piccole imbarcazioni<\/strong> e <strong>guide che parlano francese<\/strong>.<\/p>\n\n<ul class=\"wp-block-list\">\n<li>Inizia con una <strong>gita in barca<\/strong> per vedere gli archi e le grotte dall&#8217;acqua (cambia tutto). Ti consigliamo la compagnia <a href=\"https:\/\/www.getyourguide.fr\/lagos-portugal-l2896\/visite-guidee-d-une-heure-en-bateau-a-ponta-da-piedade-en-algarve-t449567\/?partner_id=0LXQSML&amp;utm_medium=online_publisher&amp;cmp=ponta\" data-type=\"link\" data-id=\"https:\/\/www.getyourguide.fr\/lagos-portugal-l2896\/visite-guidee-d-une-heure-en-bateau-a-ponta-da-piedade-en-algarve-t449567\/?partner_id=0LXQSML&amp;utm_medium=online_publisher&amp;cmp=ponta\" target=\"_blank\" rel=\"noreferrer noopener nofollow\">Happy Time<\/a>, con partenza dal porto di Lagos e con un massimo di 10 persone per barca. Se la fascia oraria delle 9.30 \u00e8 ancora disponibile, opta per quella, perch\u00e9 sar\u00e0 meno affollata.    <br\/><br\/><em>&#x1f39f;&#xfe0f; <a href=\"https:\/\/www.getyourguide.fr\/lagos-portugal-l2896\/visite-guidee-d-une-heure-en-bateau-a-ponta-da-piedade-en-algarve-t449567\/?partner_id=0LXQSML&amp;utm_medium=online_publisher&amp;cmp=ponta\" data-type=\"link\" data-id=\"https:\/\/www.getyourguide.fr\/lagos-portugal-l2896\/visite-guidee-d-une-heure-en-bateau-a-ponta-da-piedade-en-algarve-t449567\/?partner_id=0LXQSML&amp;utm_medium=online_publisher&amp;cmp=ponta\" target=\"_blank\" rel=\"noreferrer noopener nofollow\">Informazioni e prenotazioni per un&#8217;escursione in mare da Lagos per vedere le scogliere di Ponta da Piedade<\/a><br\/><\/em><\/li>\n\n\n\n<li>Al ritorno, pranza al <strong>The Garden<\/strong> nel centro di Lagos e poi rilassati su una spiaggia vicina: le nostre preferite: <strong>Praia dos Estudantes<\/strong> o <strong>Praia do Camilo<\/strong>. Praia significa spiaggia in portoghese. <br\/><\/li>\n\n\n\n<li>Alla fine della giornata, fai una passeggiata <strong>sulle scogliere<\/strong> <strong>di Ponta da Piedade <\/strong> (vista incredibile), raggiungibile in 30 minuti dal centro di Lagos.<\/li>\n<\/ul>\n\n<p><em>&#x1f6ce;&#xfe0f; <a href=\"https:\/\/www.booking.com\/hotel\/pt\/topcity-hostel-amp-suites.fr.html?aid=1529171&amp;no_rooms=1&amp;group_adults=2\" target=\"_blank\" rel=\"noreferrer noopener\">Il nostro hotel Top City Hostel &amp; Suites<\/a> nel centro della citt\u00e0 con piscina o il <a href=\"https:\/\/www.booking.com\/hotel\/pt\/sol-e-praia.fr.html?aid=1529171&amp;no_rooms=1&amp;group_adults=2\" data-type=\"link\" data-id=\"https:\/\/www.booking.com\/hotel\/pt\/sol-e-praia.fr.html?aid=1529171&amp;no_rooms=1&amp;group_adults=2\" target=\"_blank\" rel=\"noreferrer noopener nofollow\">Carvi Beach Hotel<\/a> con piscina e parcheggio.<\/em><\/p>\n\n<p>&#x1f449; Leggi il nostro articolo completo e tutti i nostri consigli per <a href=\"https:\/\/www.pourquoi-pas-nous.com\/it\/cosa-fare-a-lagos-in-portogallo-la-nostra-opinione-e-le-nostre-mete-imperdibili\/\" data-type=\"post\" data-id=\"76752\" target=\"_blank\" rel=\"noreferrer noopener\">visitare il villaggio di Lagos<\/a> e le <a href=\"https:\/\/www.pourquoi-pas-nous.com\/it\/come-visitare-le-scogliere-di-ponta-da-piedade-in-barca-e-a-piedi\/\" data-type=\"post\" data-id=\"77127\" target=\"_blank\" rel=\"noreferrer noopener\">scogliere di Ponta da Piedade<\/a>.<\/p>\n\n<figure class=\"wp-block-image size-full\"><img data-recalc-dims=\"1\" data-dominant-color=\"626261\" data-has-transparency=\"false\" style=\"--dominant-color: #626261;\" loading=\"lazy\" decoding=\"async\" width=\"800\" height=\"534\" src=\"https:\/\/i0.wp.com\/www.pourquoi-pas-nous.com\/wp-content\/uploads\/2026\/01\/73c475eb-3e44-4a00-8dfc-801c005b7092.jpg?resize=800%2C534&#038;ssl=1\" alt=\"Ponta de Piedade\" class=\"wp-image-77441 not-transparent\" title=\"\" srcset=\"https:\/\/i0.wp.com\/www.pourquoi-pas-nous.com\/wp-content\/uploads\/2026\/01\/73c475eb-3e44-4a00-8dfc-801c005b7092.jpg?w=1024&amp;ssl=1 1024w, https:\/\/i0.wp.com\/www.pourquoi-pas-nous.com\/wp-content\/uploads\/2026\/01\/73c475eb-3e44-4a00-8dfc-801c005b7092.jpg?resize=400%2C267&amp;ssl=1 400w\" sizes=\"(max-width: 800px) 100vw, 800px\" \/><\/figure>\n\n<h3 class=\"wp-block-heading\"><strong>Giorno 3: Lagos: centro storico + riserva naturale di Alvor<\/strong><\/h3>\n\n<p>Un inizio di giornata piacevole: passeggia per le stradine di Lagos e intorno al suo porto turistico per provare <strong>la Bola de Berlim<\/strong>, da <strong>Olhaa bolinha<\/strong>.<\/p>\n\n<p>Raggiungi il villaggio di pescatori di Alvor (30 minuti di auto). Passeggiata nel tardo pomeriggio nella laguna naturale della <strong>Ria de Alvor<\/strong> (passerelle di legno, uccelli, luce magnifica alla fine della giornata). <\/p>\n\n<p><em>&#x1f6ce;&#xfe0f; <\/em><a href=\"https:\/\/www.booking.com\/hotel\/pt\/pestana-alvor-south-beach-premium-suite.fr.html?aid=1529171&amp;no_rooms=1&amp;group_adults=2\" data-type=\"link\" data-id=\"https:\/\/www.booking.com\/hotel\/pt\/pestana-alvor-south-beach-premium-suite.fr.html?aid=1529171&amp;no_rooms=1&amp;group_adults=2\" target=\"_blank\" rel=\"noopener\"><em>Il nostro hotel Pestana Alvor South Beach<\/em><\/a><em> a notte con 3 splendide piscine e accesso diretto alla spiaggia di Alvor e colazione<\/em> + parcheggio<\/p>\n\n<figure class=\"wp-block-image size-large\"><img data-recalc-dims=\"1\" data-dominant-color=\"887961\" data-has-transparency=\"false\" style=\"--dominant-color: #887961;\" loading=\"lazy\" decoding=\"async\" width=\"800\" height=\"379\" src=\"https:\/\/i0.wp.com\/www.pourquoi-pas-nous.com\/wp-content\/uploads\/2026\/01\/20210823_181354.jpg?resize=800%2C379&#038;ssl=1\" alt=\"alvor portogallo algarve\" class=\"wp-image-76968 not-transparent\" title=\"\" srcset=\"https:\/\/i0.wp.com\/www.pourquoi-pas-nous.com\/wp-content\/uploads\/2026\/01\/20210823_181354-scaled.jpg?resize=1200%2C568&amp;ssl=1 1200w, https:\/\/i0.wp.com\/www.pourquoi-pas-nous.com\/wp-content\/uploads\/2026\/01\/20210823_181354-scaled.jpg?resize=400%2C189&amp;ssl=1 400w, https:\/\/i0.wp.com\/www.pourquoi-pas-nous.com\/wp-content\/uploads\/2026\/01\/20210823_181354-scaled.jpg?w=2048&amp;ssl=1 2048w, https:\/\/i0.wp.com\/www.pourquoi-pas-nous.com\/wp-content\/uploads\/2026\/01\/20210823_181354-scaled.jpg?w=1600&amp;ssl=1 1600w\" sizes=\"(max-width: 800px) 100vw, 800px\" \/><\/figure>\n\n<h3 class=\"wp-block-heading\"><strong>Giorno 4: Alvor: spiagge immense + rocce di Tr\u00eas Irm\u00e3os<\/strong><\/h3>\n\n<p>Alvor \u00e8 stata la piacevole sorpresa del viaggio: meno cemento, spiagge bellissime e un&#8217;atmosfera davvero &#8220;naturale&#8221;.<br\/><br\/>Per questo quarto giorno abbiamo optato per una giornata di relax con il seguente programma:<\/p>\n\n<ul class=\"wp-block-list\">\n<li><strong>Praia de Alvor<\/strong> (enorme, di sabbia chiara) non asfaltata<\/li>\n\n\n\n<li>cammina lungo le <strong>passerelle di legno<\/strong> fino a <strong>Praia dos Tr\u00eas Irm\u00e3os<\/strong> (magnifiche insenature e rocce, soprattutto con la bassa marea)<\/li>\n\n\n\n<li>tramonto sugli scogli, atmosfera davvero fantastica<\/li>\n\n\n\n<li>Cena sull&#8217;acqua al Windsurf Snack Bar Restaurante.<\/li>\n<\/ul>\n\n<p><em>&#x1f6ce;&#xfe0f; <\/em><a href=\"https:\/\/www.booking.com\/hotel\/pt\/pestana-alvor-south-beach-premium-suite.fr.html?aid=1529171&amp;no_rooms=1&amp;group_adults=2\" data-type=\"link\" data-id=\"https:\/\/www.booking.com\/hotel\/pt\/pestana-alvor-south-beach-premium-suite.fr.html?aid=1529171&amp;no_rooms=1&amp;group_adults=2\" target=\"_blank\" rel=\"noopener\"><em>Il nostro hotel Pestana Alvor South Beach<\/em><\/a><em> a notte con 3 splendide piscine e accesso diretto alla spiaggia di Alvor e colazione<\/em> + parcheggio<\/p>\n\n<p>&#x1f449; <a href=\"https:\/\/www.pourquoi-pas-nous.com\/it\/cosa-fare-ad-alvor-portogallo-le-spiagge-e-la-nostra-opinione\/\" target=\"_blank\" data-type=\"link\" data-id=\"https:\/\/www.pourquoi-pas-nous.com\/alvor-portugal\/\" rel=\"noreferrer noopener\">Leggi l&#8217;articolo dedicato alla nostra visita al villaggio di Alvor<\/a><\/p>\n\n<figure class=\"wp-block-image size-large\"><img data-recalc-dims=\"1\" data-dominant-color=\"8e8672\" data-has-transparency=\"false\" style=\"--dominant-color: #8e8672;\" loading=\"lazy\" decoding=\"async\" width=\"800\" height=\"379\" src=\"https:\/\/i0.wp.com\/www.pourquoi-pas-nous.com\/wp-content\/uploads\/2026\/01\/20210826_144751-1.jpg?resize=800%2C379&#038;ssl=1\" alt=\"spiagge dell&#039;algarve\" class=\"wp-image-77352 not-transparent\" title=\"\" srcset=\"https:\/\/i0.wp.com\/www.pourquoi-pas-nous.com\/wp-content\/uploads\/2026\/01\/20210826_144751-1-scaled.jpg?resize=1200%2C568&amp;ssl=1 1200w, https:\/\/i0.wp.com\/www.pourquoi-pas-nous.com\/wp-content\/uploads\/2026\/01\/20210826_144751-1-scaled.jpg?resize=400%2C189&amp;ssl=1 400w, https:\/\/i0.wp.com\/www.pourquoi-pas-nous.com\/wp-content\/uploads\/2026\/01\/20210826_144751-1-scaled.jpg?w=2048&amp;ssl=1 2048w, https:\/\/i0.wp.com\/www.pourquoi-pas-nous.com\/wp-content\/uploads\/2026\/01\/20210826_144751-1-scaled.jpg?w=1600&amp;ssl=1 1600w\" sizes=\"(max-width: 800px) 100vw, 800px\" \/><\/figure>\n\n<h3 class=\"wp-block-heading\"><strong>Giorno 5: Arma\u00e7\u00e3o de P\u00eara: una pratica sosta sulla spiaggia<\/strong><\/h3>\n\n<p>Ci spostiamo verso <strong>Arma\u00e7\u00e3o de P\u00eara<\/strong> (30 minuti da Alvor) per avvicinarci a Benagil. L&#8217;attrazione principale \u00e8 la sua posizione: <\/p>\n\n<ul class=\"wp-block-list\">\n<li><strong>Praia Grande de P\u00eara<\/strong>: una grande spiaggia facilmente raggiungibile dal villaggio percorrendo una passerella di legno.<\/li>\n\n\n\n<li><strong>Area naturale protetta Lagoa dos Salgados<\/strong>: un rinomato sito <strong>di bird-watching<\/strong>.  <\/li>\n<\/ul>\n\n<p>Il centro storico<strong>(un ex villaggio di pescatori<\/strong>) ha un&#8217;atmosfera pi\u00f9 da localit\u00e0 balneare, ma \u00e8 un ottimo posto per mangiare pesce fresco a <strong><a href=\"https:\/\/www.instagram.com\/ze.leiteiro\/\" target=\"_blank\" rel=\"noreferrer noopener\">Z\u00e9 Leiteiro<\/a><\/strong> Z\u00e9 Leiteiro: un ottimo posto per \u20ac17, con servizio all-you-can-eat e diverse variet\u00e0 di pesce fresco, cotto e salato alla perfezione, una <strong>vera e propria piccola mensa<\/strong> nel centro storico. Abbiamo mangiato l\u00ec due volte.<\/p>\n\n<p> &#x1f6ce;&#xfe0f; <em> <em><a href=\"https:\/\/www.booking.com\/hotel\/pt\/algarpapa-rooms.fr.html?aid=1529171&amp;no_rooms=1&amp;group_adults=2\" target=\"_blank\" rel=\"noreferrer noopener\">Il nostro hotel Algar Papa Camere<\/a> <\/em>con piscina e parcheggio vicino all&#8217;oceano<\/em><\/p>\n\n<figure class=\"wp-block-image size-large\"><img data-recalc-dims=\"1\" data-dominant-color=\"808481\" data-has-transparency=\"false\" style=\"--dominant-color: #808481;\" loading=\"lazy\" decoding=\"async\" width=\"800\" height=\"379\" src=\"https:\/\/i0.wp.com\/www.pourquoi-pas-nous.com\/wp-content\/uploads\/2026\/01\/20210826_153545.jpg?resize=800%2C379&#038;ssl=1\" alt=\"armacao de pera portogallo algarve\" class=\"wp-image-77156 not-transparent\" title=\"\" srcset=\"https:\/\/i0.wp.com\/www.pourquoi-pas-nous.com\/wp-content\/uploads\/2026\/01\/20210826_153545-scaled.jpg?resize=1200%2C568&amp;ssl=1 1200w, https:\/\/i0.wp.com\/www.pourquoi-pas-nous.com\/wp-content\/uploads\/2026\/01\/20210826_153545-scaled.jpg?resize=400%2C189&amp;ssl=1 400w, https:\/\/i0.wp.com\/www.pourquoi-pas-nous.com\/wp-content\/uploads\/2026\/01\/20210826_153545-scaled.jpg?w=2048&amp;ssl=1 2048w, https:\/\/i0.wp.com\/www.pourquoi-pas-nous.com\/wp-content\/uploads\/2026\/01\/20210826_153545-scaled.jpg?w=1600&amp;ssl=1 1600w\" sizes=\"(max-width: 800px) 100vw, 800px\" \/><\/figure>\n\n<h3 class=\"wp-block-heading\"><strong>Giorno 6: Benagil: grotta + escursione alle 7 valli sospese<\/strong><\/h3>\n\n<p>Una giornata da non perdere:<\/p>\n\n<ul class=\"wp-block-list\">\n<li>Gita mattutina in barca alla <strong>grotta di Benagil<\/strong> con la compagnia <a href=\"https:\/\/www.getyourguide.fr\/armacao-de-pera-l90750\/armacao-de-pera-excursion-en-bateau-dans-les-grottes-de-benagilplages-secretes-t444219\/?partner_id=0LXQSML&amp;utm_medium=online_publisher&amp;cmp=armacao&amp;deeplink_id=a67e1da7-d4e5-54a0-b200-16e6fa5b8b13&amp;page_id=13efc42c-c09d-5788-a5f0-71568680b553\" target=\"_blank\" rel=\"noreferrer noopener\">Onda Boat Trip<\/a>(idealmente in barca\/kayak per vederla dal mare)<br\/>&#x1f39f;&#xfe0f; <a href=\"https:\/\/www.getyourguide.fr\/armacao-de-pera-l90750\/armacao-de-pera-excursion-en-bateau-dans-les-grottes-de-benagilplages-secretes-t444219\/?partner_id=0LXQSML&amp;utm_medium=online_publisher&amp;cmp=armacao&amp;deeplink_id=a67e1da7-d4e5-54a0-b200-16e6fa5b8b13&amp;page_id=13efc42c-c09d-5788-a5f0-71568680b553\" target=\"_blank\" rel=\"noreferrer noopener\">Informazioni e prenotazione per una crociera di un&#8217;ora per esplorare la grotta di Benagil<\/a> con una <strong>guida francese<\/strong>.<br\/><\/li>\n\n\n\n<li>poi <a href=\"https:\/\/www.alltrails.com\/fr\/randonnee\/portugal\/faro\/percurso-dos-sete-vales-suspensos-gruta-de-benagil-arcos-naturais\" data-type=\"link\" data-id=\"https:\/\/www.alltrails.com\/fr\/randonnee\/portugal\/faro\/percurso-dos-sete-vales-suspensos-gruta-de-benagil-arcos-naturais\" target=\"_blank\" rel=\"noopener\">escursione pomeridiana delle 7 Valli Pensili<\/a> (l&#8217;intero percorso di 12 km o parte di esso per vedere la grotta di Benagil): scogliere, insenature, panorami incredibili&#8230; questo \u00e8 davvero uno degli angoli pi\u00f9 belli dell&#8217;Algarve. <br\/><a href=\"https:\/\/www.pourquoi-pas-nous.com\/it\/?p=77763\" data-type=\"post\" data-id=\"77163\">Leggi la nostra guida completa all&#8217;esplorazione della grotta di Benagil<\/a><\/li>\n<\/ul>\n\n<p>&#x26a0;&#xfe0f; Importante: non \u00e8 possibile accedere alla grotta a piedi e nuotare \u00e8 pericoloso (correnti).<\/p>\n\n<p>&#x1f6ce;&#xfe0f; <em> <em><a href=\"https:\/\/www.booking.com\/hotel\/pt\/algarpapa-rooms.fr.html?aid=1529171&amp;no_rooms=1&amp;group_adults=2\" target=\"_blank\" rel=\"noreferrer noopener\">Il nostro hotel Algar Papa Camere<\/a> <\/em>con piscina e parcheggio vicino all&#8217;oceano<\/em><\/p>\n\n<p>&#x1f449; Leggi il nostro articolo sui nostri <a href=\"https:\/\/www.pourquoi-pas-nous.com\/wp-content\/uploads\/2026\/01\/Que-faire-a-Armacao-de-Pera-au-Portugal-nos-incontournables-generated-pin-76818.jpeg\" target=\"_blank\" data-type=\"attachment\" data-id=\"77258\" rel=\"noreferrer noopener\">2 giorni ad Arma\u00e7ao de Pera<\/a><\/p>\n\n<figure class=\"wp-block-image size-full\"><img data-recalc-dims=\"1\" data-dominant-color=\"8c7c6c\" data-has-transparency=\"true\" style=\"--dominant-color: #8c7c6c;\" loading=\"lazy\" decoding=\"async\" width=\"800\" height=\"456\" src=\"https:\/\/i0.wp.com\/www.pourquoi-pas-nous.com\/wp-content\/uploads\/2026\/01\/image-30.png?resize=800%2C456&#038;ssl=1\" alt=\"benagil algarve\" class=\"wp-image-77741 has-transparency\" title=\"\" srcset=\"https:\/\/i0.wp.com\/www.pourquoi-pas-nous.com\/wp-content\/uploads\/2026\/01\/image-30.png?w=928&amp;ssl=1 928w, https:\/\/i0.wp.com\/www.pourquoi-pas-nous.com\/wp-content\/uploads\/2026\/01\/image-30.png?resize=400%2C228&amp;ssl=1 400w\" sizes=\"(max-width: 800px) 100vw, 800px\" \/><\/figure>\n\n<h3 class=\"wp-block-heading\"><strong>Giorno 7: Albufeira: 1 giorno di &#8220;atmosfera&#8221; + gita in mare<\/strong><\/h3>\n\n<p>Abbiamo trascorso <strong>mezza giornata ad Albufeira<\/strong>: \u00e8 pi\u00f9 turistica ed \u00e8 una citt\u00e0 festaiola, ma ne vale la pena per :  <\/p>\n\n<ul class=\"wp-block-list\">\n<li>Albufeira: centro storico, punti panoramici e vicoli bianchi perfetti per il pranzo<\/li>\n\n\n\n<li><strong>Praia da Fal\u00e9sia <\/strong>: a circa 20 minuti a est di Albufeira, ecco un <a href=\"https:\/\/www.alltrails.com\/trail\/portugal\/faro\/praia-da-falesia\" target=\"_blank\" rel=\"noreferrer noopener\">percorso escursionistico<\/a> di 6 km di andata e ritorno per ammirare le scogliere dall&#8217;alto.<\/li>\n<\/ul>\n\n<p>Vai a Olaho (30 minuti da Praia de Fal\u00e9sia).<\/p>\n\n<p><em>&#x1f6ce;&#xfe0f;<\/em> <em><a href=\"https:\/\/www.booking.com\/hotel\/pt\/cidade-de-olhao.fr.html?aid=1529171&amp;no_rooms=1&amp;group_adults=2\" target=\"_blank\" rel=\"noreferrer noopener\">Il nostro Hotel Cidade de Olh\u00e3o<\/a> a partire da 80\u20ac a notte con piscina e colazione<\/em><\/p>\n\n<figure class=\"wp-block-image size-large\"><img data-recalc-dims=\"1\" data-dominant-color=\"b58c6b\" data-has-transparency=\"false\" style=\"--dominant-color: #b58c6b;\" loading=\"lazy\" decoding=\"async\" width=\"800\" height=\"600\" src=\"https:\/\/i0.wp.com\/www.pourquoi-pas-nous.com\/wp-content\/uploads\/2026\/02\/2148378.jpg?resize=800%2C600&#038;ssl=1\" alt=\"albufeira algarve\" class=\"wp-image-78888 not-transparent\" title=\"\" srcset=\"https:\/\/i0.wp.com\/www.pourquoi-pas-nous.com\/wp-content\/uploads\/2026\/02\/2148378.jpg?resize=1200%2C900&amp;ssl=1 1200w, https:\/\/i0.wp.com\/www.pourquoi-pas-nous.com\/wp-content\/uploads\/2026\/02\/2148378.jpg?resize=400%2C300&amp;ssl=1 400w, https:\/\/i0.wp.com\/www.pourquoi-pas-nous.com\/wp-content\/uploads\/2026\/02\/2148378.jpg?w=1280&amp;ssl=1 1280w\" sizes=\"(max-width: 800px) 100vw, 800px\" \/><\/figure>\n\n<h3 class=\"wp-block-heading\"><strong>Giorno 8: Olh\u00e3o: <strong>Ria Formosa: crociera <\/strong> <\/strong><\/h3>\n\n<p>Fai una <strong>crociera nella riserva naturale di Ria Formosa<\/strong> (fauna, banchi di sabbia, isole):<br\/>&#x1f39f;&#xfe0f; <a href=\"https:\/\/www.getyourguide.fr\/algarve-l66\/au-depart-d-olhao-visite-d-une-jounee-aux-3-iles-de-la-ria-formosa-t397184\/?partner_id=0LXQSML&amp;utm_medium=online_publisher&amp;cmp=riaformosa\" data-type=\"link\" data-id=\"https:\/\/www.getyourguide.fr\/algarve-l66\/au-depart-d-olhao-visite-d-une-jounee-aux-3-iles-de-la-ria-formosa-t397184\/?partner_id=0LXQSML&amp;utm_medium=online_publisher&amp;cmp=riaformosa\" target=\"_blank\" rel=\"noopener\"> prenota una gita in barca di 5 ore per esplorare la riserva e diverse isole<\/a><\/p>\n\n<p><em>&#x1f6ce;&#xfe0f;<\/em> <em><a href=\"https:\/\/www.booking.com\/hotel\/pt\/cidade-de-olhao.fr.html?aid=1529171&amp;no_rooms=1&amp;group_adults=2\" target=\"_blank\" rel=\"noreferrer noopener\">Il nostro Hotel Cidade de Olh\u00e3o<\/a> a partire da 80\u20ac a notte con piscina e colazione<\/em><\/p>\n\n<figure class=\"wp-block-image size-large\"><img data-recalc-dims=\"1\" data-dominant-color=\"828f93\" data-has-transparency=\"false\" style=\"--dominant-color: #828f93;\" loading=\"lazy\" decoding=\"async\" width=\"800\" height=\"379\" src=\"https:\/\/i0.wp.com\/www.pourquoi-pas-nous.com\/wp-content\/uploads\/2026\/01\/20210828_151501.jpg?resize=800%2C379&#038;ssl=1\" alt=\"algarve ria formosa\" class=\"wp-image-76278 not-transparent\" title=\"\" srcset=\"https:\/\/i0.wp.com\/www.pourquoi-pas-nous.com\/wp-content\/uploads\/2026\/01\/20210828_151501-scaled.jpg?resize=1200%2C568&amp;ssl=1 1200w, https:\/\/i0.wp.com\/www.pourquoi-pas-nous.com\/wp-content\/uploads\/2026\/01\/20210828_151501-scaled.jpg?resize=400%2C189&amp;ssl=1 400w, https:\/\/i0.wp.com\/www.pourquoi-pas-nous.com\/wp-content\/uploads\/2026\/01\/20210828_151501-scaled.jpg?w=2048&amp;ssl=1 2048w, https:\/\/i0.wp.com\/www.pourquoi-pas-nous.com\/wp-content\/uploads\/2026\/01\/20210828_151501-scaled.jpg?w=1600&amp;ssl=1 1600w\" sizes=\"(max-width: 800px) 100vw, 800px\" \/><\/figure>\n\n<h3 class=\"wp-block-heading\"><strong>Giorno 9 <\/strong>: <strong>Isola di Armona in traghetto<\/strong><\/h3>\n\n<p>Per il nostro ultimo giorno completo, partiamo per 1 giorno per goderci le spiagge di sabbia fine dell&#8217;isola di Armona. Vi si accede in traghetto da <strong>Olh\u00e3o<\/strong>. <\/p>\n\n<p>Ci sono diverse isole nella riserva accessibili in traghetto da <strong>Olh\u00e3o<\/strong> per pochi euro: <a href=\"https:\/\/www.pourquoi-pas-nous.com\/it\/cosa-fare-sullisola-di-armona-in-portogallo-crociere-e-spiagge\/\" data-type=\"post\" data-id=\"76674\" target=\"_blank\" rel=\"noreferrer noopener\">leggi il nostro articolo completo sull&#8217;isola di Armona<\/a> e la <a href=\"https:\/\/www.pourquoi-pas-nous.com\/it\/cosa-puoi-fare-nel-parco-naturale-di-ria-formosa-e-nelle-sue-isole-in-portogallo-un-tesoro-nascosto-in-algarve\/\" data-type=\"post\" data-id=\"76230\" target=\"_blank\" rel=\"noreferrer noopener\">riserva naturale di Ria Formosa<\/a><\/p>\n\n<p><em>&#x1f6ce;&#xfe0f;<\/em> <em><a href=\"https:\/\/www.booking.com\/hotel\/pt\/cidade-de-olhao.fr.html?aid=1529171&amp;no_rooms=1&amp;group_adults=2\" target=\"_blank\" rel=\"noreferrer noopener\">Il nostro Hotel Cidade de Olh\u00e3o<\/a> a partire da 80\u20ac a notte con piscina e colazione<\/em><\/p>\n\n<figure class=\"wp-block-image size-large\"><img data-recalc-dims=\"1\" data-dominant-color=\"4e80a7\" data-has-transparency=\"false\" style=\"--dominant-color: #4e80a7;\" loading=\"lazy\" decoding=\"async\" width=\"800\" height=\"379\" src=\"https:\/\/i0.wp.com\/www.pourquoi-pas-nous.com\/wp-content\/uploads\/2026\/01\/20210828_143410.jpg?resize=800%2C379&#038;ssl=1\" alt=\"olhao\" class=\"wp-image-76251 not-transparent\" title=\"\" srcset=\"https:\/\/i0.wp.com\/www.pourquoi-pas-nous.com\/wp-content\/uploads\/2026\/01\/20210828_143410-scaled.jpg?resize=1200%2C569&amp;ssl=1 1200w, https:\/\/i0.wp.com\/www.pourquoi-pas-nous.com\/wp-content\/uploads\/2026\/01\/20210828_143410-scaled.jpg?resize=400%2C190&amp;ssl=1 400w, https:\/\/i0.wp.com\/www.pourquoi-pas-nous.com\/wp-content\/uploads\/2026\/01\/20210828_143410-scaled.jpg?w=2048&amp;ssl=1 2048w, https:\/\/i0.wp.com\/www.pourquoi-pas-nous.com\/wp-content\/uploads\/2026\/01\/20210828_143410-scaled.jpg?w=1600&amp;ssl=1 1600w\" sizes=\"(max-width: 800px) 100vw, 800px\" \/><\/figure>\n\n<h3 class=\"wp-block-heading\"><strong>10 : <strong>Olh\u00e3o: centro autentico + lungomare<\/strong><\/strong> <\/h3>\n\n<p>Per quest&#8217;ultima mattina\/giorno, approfitta del villaggio di Olh\u00e3o, con le sue stradine colorate e i suoi <a href=\"https:\/\/mercadosdeolhao.cm-olhao.pt\/menu\/1115\/mercados-de-olhao\" target=\"_blank\" data-type=\"link\" data-id=\"https:\/\/mercadosdeolhao.cm-olhao.pt\/menu\/1115\/mercados-de-olhao\" rel=\"noreferrer noopener\">mercati tipici<\/a>: \u00e8 uno dei nostri preferiti.<\/p>\n\n<p>Vai all&#8217;aeroporto di Faro, a pochi chilometri di distanza, per riconsegnare l&#8217;auto e prendere il tuo volo di ritorno.<br\/><\/p>\n\n<figure class=\"wp-block-gallery has-nested-images columns-default is-cropped wp-block-gallery-2 is-layout-flex wp-block-gallery-is-layout-flex\">\n<figure class=\"wp-block-image size-large\"><img data-recalc-dims=\"1\" data-dominant-color=\"898987\" data-has-transparency=\"false\" style=\"--dominant-color: #898987;\" loading=\"lazy\" decoding=\"async\" width=\"757\" height=\"1600\" data-id=\"76249\" src=\"https:\/\/i0.wp.com\/www.pourquoi-pas-nous.com\/wp-content\/uploads\/2026\/01\/20210827_194749.jpg?resize=757%2C1600&#038;ssl=1\" alt=\"olhao\" class=\"wp-image-76249 not-transparent\" title=\"\" srcset=\"https:\/\/i0.wp.com\/www.pourquoi-pas-nous.com\/wp-content\/uploads\/2026\/01\/20210827_194749-scaled.jpg?resize=757%2C1600&amp;ssl=1 757w, https:\/\/i0.wp.com\/www.pourquoi-pas-nous.com\/wp-content\/uploads\/2026\/01\/20210827_194749-scaled.jpg?resize=284%2C600&amp;ssl=1 284w, https:\/\/i0.wp.com\/www.pourquoi-pas-nous.com\/wp-content\/uploads\/2026\/01\/20210827_194749-scaled.jpg?w=969&amp;ssl=1 969w\" sizes=\"(max-width: 757px) 100vw, 757px\" \/><\/figure>\n\n\n\n<figure class=\"wp-block-image size-large\"><img data-recalc-dims=\"1\" data-dominant-color=\"9c9d9d\" data-has-transparency=\"false\" style=\"--dominant-color: #9c9d9d;\" loading=\"lazy\" decoding=\"async\" width=\"757\" height=\"1600\" data-id=\"76248\" src=\"https:\/\/i0.wp.com\/www.pourquoi-pas-nous.com\/wp-content\/uploads\/2026\/01\/20210827_194023.jpg?resize=757%2C1600&#038;ssl=1\" alt=\"olhao\" class=\"wp-image-76248 not-transparent\" title=\"\" srcset=\"https:\/\/i0.wp.com\/www.pourquoi-pas-nous.com\/wp-content\/uploads\/2026\/01\/20210827_194023-scaled.jpg?resize=757%2C1600&amp;ssl=1 757w, https:\/\/i0.wp.com\/www.pourquoi-pas-nous.com\/wp-content\/uploads\/2026\/01\/20210827_194023-scaled.jpg?resize=284%2C600&amp;ssl=1 284w, https:\/\/i0.wp.com\/www.pourquoi-pas-nous.com\/wp-content\/uploads\/2026\/01\/20210827_194023-scaled.jpg?w=969&amp;ssl=1 969w\" sizes=\"(max-width: 757px) 100vw, 757px\" \/><\/figure>\n<\/figure>\n\n<h2 class=\"wp-block-heading\"><strong>Il nostro itinerario di 10 giorni in Algarve, versione breve<\/strong><\/h2>\n\n<blockquote class=\"wp-block-quote has-text-align-center is-layout-flow wp-block-quote-is-layout-flow\">\n<p>Giorno 1: arrivo all&#8217;aeroporto di Faro \u2192 Lagos: hotel <a href=\"https:\/\/www.booking.com\/hotel\/pt\/topcity-hostel-amp-suites.fr.html?aid=1529171&amp;no_rooms=1&amp;group_adults=2\" data-type=\"link\" data-id=\"https:\/\/www.booking.com\/hotel\/pt\/topcity-hostel-amp-suites.fr.html?aid=1529171&amp;no_rooms=1&amp;group_adults=2\" target=\"_blank\" rel=\"noreferrer noopener nofollow\">Top City Hostel &amp; Suites<\/a><br\/>Giorno 2: Ponta da Piedade (a piedi + in barca): hotel <a href=\"https:\/\/www.booking.com\/hotel\/pt\/topcity-hostel-amp-suites.fr.html?aid=1529171&amp;no_rooms=1&amp;group_adults=2\" data-type=\"link\" data-id=\"https:\/\/www.booking.com\/hotel\/pt\/topcity-hostel-amp-suites.fr.html?aid=1529171&amp;no_rooms=1&amp;group_adults=2\" target=\"_blank\" rel=\"noreferrer noopener nofollow\">Top City Hostel &amp; Suites<\/a><br\/>Giorno 3: Lagos + spiagge : <a href=\"https:\/\/www.booking.com\/hotel\/pt\/pestana-alvor-south-beach-premium-suite.fr.html?aid=1529171&amp;no_rooms=1&amp;group_adults=2\" data-type=\"link\" data-id=\"https:\/\/www.booking.com\/hotel\/pt\/pestana-alvor-south-beach-premium-suite.fr.html?aid=1529171&amp;no_rooms=1&amp;group_adults=2\" target=\"_blank\" rel=\"noopener\"><em>hotel Pestana Alvor South Beach<\/em><\/a><em> <\/em><br\/>Giorno 4: Alvor (spiagge + Tr\u00eas Irm\u00e3os + passerelle) : <a href=\"https:\/\/www.booking.com\/hotel\/pt\/pestana-alvor-south-beach-premium-suite.fr.html?aid=1529171&amp;no_rooms=1&amp;group_adults=2\" data-type=\"link\" data-id=\"https:\/\/www.booking.com\/hotel\/pt\/pestana-alvor-south-beach-premium-suite.fr.html?aid=1529171&amp;no_rooms=1&amp;group_adults=2\" target=\"_blank\" rel=\"noopener\"><em>Hotel Pestana Alvor South Beach<\/em><\/a><em> <\/em><br\/>Giorno 5: Arma\u00e7\u00e3o de P\u00eara (spiagge + Lagoa dos Salgados): <a href=\"https:\/\/www.booking.com\/hotel\/pt\/algarpapa-rooms.fr.html?aid=1529171&amp;no_rooms=1&amp;group_adults=2\" data-type=\"link\" data-id=\"https:\/\/www.booking.com\/hotel\/pt\/algarpapa-rooms.fr.html?aid=1529171&amp;no_rooms=1&amp;group_adults=2\" target=\"_blank\" rel=\"noopener\">Hotel Algar Papa Rooms<\/a><br\/>Giorno 6: Benagil + escursione alle 7 Valli Pensili: <a href=\"https:\/\/www.booking.com\/hotel\/pt\/algarpapa-rooms.fr.html?aid=1529171&amp;no_rooms=1&amp;group_adults=2\" data-type=\"link\" data-id=\"https:\/\/www.booking.com\/hotel\/pt\/algarpapa-rooms.fr.html?aid=1529171&amp;no_rooms=1&amp;group_adults=2\" target=\"_blank\" rel=\"noopener\">Hotel Algar Papa Rooms<\/a><br\/>Giorno 7: Albufeira e spiaggia della scogliera rossa: <a href=\"https:\/\/www.booking.com\/hotel\/pt\/cidade-de-olhao.fr.html?aid=1529171&amp;no_rooms=1&amp;group_adults=2\" data-type=\"link\" data-id=\"https:\/\/www.booking.com\/hotel\/pt\/cidade-de-olhao.fr.html?aid=1529171&amp;no_rooms=1&amp;group_adults=2\" target=\"_blank\" rel=\"noreferrer noopener nofollow\">Hotel Cidade de Olh\u00e3o<\/a><br\/>Giorno 8: Ria Formosa (crociera): <a href=\"https:\/\/www.booking.com\/hotel\/pt\/cidade-de-olhao.fr.html?aid=1529171&amp;no_rooms=1&amp;group_adults=2\" data-type=\"link\" data-id=\"https:\/\/www.booking.com\/hotel\/pt\/cidade-de-olhao.fr.html?aid=1529171&amp;no_rooms=1&amp;group_adults=2\" target=\"_blank\" rel=\"noreferrer noopener nofollow\">Hotel Cidade de Olh\u00e3o<\/a><br\/>Giorno 9: Ria Formosa (isola in traghetto): <a href=\"https:\/\/www.booking.com\/hotel\/pt\/cidade-de-olhao.fr.html?aid=1529171&amp;no_rooms=1&amp;group_adults=2\" data-type=\"link\" data-id=\"https:\/\/www.booking.com\/hotel\/pt\/cidade-de-olhao.fr.html?aid=1529171&amp;no_rooms=1&amp;group_adults=2\" target=\"_blank\" rel=\"noreferrer noopener nofollow\">Hotel Cidade de Olh\u00e3o<\/a><br\/>Giorno 10: Olh\u00e3o (centro + mercati) \u2192 Aeroporto di Faro  <\/p>\n<\/blockquote>\n\n<h2 class=\"wp-block-heading\"><strong>Il nostro itinerario di 7 giorni in Algarve &#8211; versione breve<\/strong><\/h2>\n\n<blockquote class=\"wp-block-quote has-text-align-center is-layout-flow wp-block-quote-is-layout-flow\">\n<p>Giorno 1: Arrivo all&#8217;aeroporto di Faro \u2192 Lagos  <em><a href=\"https:\/\/www.booking.com\/hotel\/pt\/topcity-hostel-amp-suites.fr.html?aid=1529171&amp;no_rooms=1&amp;group_adults=2\" target=\"_blank\" rel=\"noreferrer noopener\">Hotel: Top City Hostel &amp; Suites<\/a><\/em><br\/>Giorno 2: Lagos + spiagge :  <em><a href=\"https:\/\/www.booking.com\/hotel\/pt\/topcity-hostel-amp-suites.fr.html?aid=1529171&amp;no_rooms=1&amp;group_adults=2\" target=\"_blank\" rel=\"noreferrer noopener\">Hotel: Top City Hostel &amp; Suites<\/a><\/em><br\/>Giorno 3: Ponta da Piedade (a piedi + in barca) :<em><a href=\"https:\/\/www.booking.com\/hotel\/pt\/topcity-hostel-amp-suites.fr.html?aid=1529171&amp;no_rooms=1&amp;group_adults=2\" target=\"_blank\" rel=\"noreferrer noopener\">hotel Top City Hostel &amp; Suites<\/a><\/em><br\/>Giorno 4: escursione a Benagil + 7 Valli Pensili :  <em><a href=\"https:\/\/www.booking.com\/hotel\/pt\/cidade-de-olhao.fr.html?aid=1529171&amp;no_rooms=1&amp;group_adults=2\" target=\"_blank\" rel=\"noreferrer noopener\">Hotel Cidade de Olh\u00e3o<\/a><\/em><br\/>Giorno 5: Ria Formosa (crociera) :  <em><a href=\"https:\/\/www.booking.com\/hotel\/pt\/cidade-de-olhao.fr.html?aid=1529171&amp;no_rooms=1&amp;group_adults=2\" target=\"_blank\" rel=\"noreferrer noopener\">Hotel Cidade de Olh\u00e3o<\/a><\/em><br\/>Giorno 6: Ria Formosa (isola in traghetto) :  <em><a href=\"https:\/\/www.booking.com\/hotel\/pt\/cidade-de-olhao.fr.html?aid=1529171&amp;no_rooms=1&amp;group_adults=2\" target=\"_blank\" rel=\"noreferrer noopener\">Hotel Cidade de Olh\u00e3o<\/a><\/em><br\/>Giorno 7: Olh\u00e3o (centro + mercati) \u2192 aeroporto di Faro<\/p>\n<\/blockquote>\n\n<h2 class=\"wp-block-heading\"><strong>Quanti giorni servono per visitare l&#8217;Algarve?<\/strong><\/h2>\n\n<ul class=\"wp-block-list\">\n<li><strong>7 giorni<\/strong>: perfetti per un primo viaggio in auto, in modalit\u00e0 &#8220;essenziale&#8221; (2 basi + alcuni luoghi imperdibili).<\/li>\n\n\n\n<li><strong>10 giorni<\/strong>: secondo noi, questo \u00e8 il <strong>formato migliore<\/strong>. Per avere il tempo di alternare <strong>citt\u00e0\/spiagge\/barche\/escursioni<\/strong>, per spostarsi da est a ovest senza correre e per inserire un vero giorno &#8220;libero&#8221; (mercato + spiaggia + aperitivo). <\/li>\n<\/ul>\n\n<h2 class=\"wp-block-heading\"><strong>Qual \u00e8 la parte pi\u00f9 bella dell&#8217;Algarve?<\/strong><\/h2>\n\n<p>\u00c8 sempre difficile rispondere a questa domanda:<\/p>\n\n<ul class=\"wp-block-list\">\n<li><strong>Ovest (Lagos &#8211; Ponta da Piedade &#8211; Benagil &#8211; Faro)<\/strong><br\/>&#x1f449; La parte pi\u00f9 spettacolare dal punto di vista visivo: <strong>scogliere, grotte, archi, insenature turchesi<\/strong>, tramonti.<br\/>Se vuoi un paesaggio da cartolina, questo \u00e8 il posto giusto.<br\/><\/li>\n\n\n\n<li><strong>Est (Olh\u00e3o &#8211; Ria Formosa )<\/strong><br\/>&#x1f449; Pi\u00f9 <strong>natura, lagune, isole barriera<\/strong>, un&#8217;atmosfera pi\u00f9 locale, spiagge enormi e spesso pi\u00f9 tranquille.<br\/>Se vuoi un Algarve <strong>autentico<\/strong> con un cambio di scenario, questo \u00e8 il posto giusto.<\/li>\n<\/ul>\n\n<p><strong>La nostra opinione<\/strong>: per un primo viaggio, l&#8217;ideale \u00e8 un mix di <strong>Occidente e Oriente<\/strong> (almeno 2-3 giorni per parte).<\/p>\n\n<figure class=\"wp-block-image size-large\"><img data-recalc-dims=\"1\" data-dominant-color=\"858f90\" data-has-transparency=\"false\" style=\"--dominant-color: #858f90;\" loading=\"lazy\" decoding=\"async\" width=\"800\" height=\"368\" src=\"https:\/\/i0.wp.com\/www.pourquoi-pas-nous.com\/wp-content\/uploads\/2026\/01\/WhatsApp-Image-2026-01-20-at-18.10.31-3.jpeg?resize=800%2C368&#038;ssl=1\" alt=\"portogallo algarve\" class=\"wp-image-76975 not-transparent\" title=\"\" srcset=\"https:\/\/i0.wp.com\/www.pourquoi-pas-nous.com\/wp-content\/uploads\/2026\/01\/WhatsApp-Image-2026-01-20-at-18.10.31-3.jpeg?resize=1200%2C552&amp;ssl=1 1200w, https:\/\/i0.wp.com\/www.pourquoi-pas-nous.com\/wp-content\/uploads\/2026\/01\/WhatsApp-Image-2026-01-20-at-18.10.31-3.jpeg?resize=400%2C184&amp;ssl=1 400w, https:\/\/i0.wp.com\/www.pourquoi-pas-nous.com\/wp-content\/uploads\/2026\/01\/WhatsApp-Image-2026-01-20-at-18.10.31-3.jpeg?w=1600&amp;ssl=1 1600w\" sizes=\"(max-width: 800px) 100vw, 800px\" \/><\/figure>\n\n<h2 class=\"wp-block-heading\"><strong>Quando \u00e8 il momento migliore per visitare l&#8217;Algarve?<\/strong><\/h2>\n\n<ul class=\"wp-block-list\">\n<li><strong>Miglior compromesso<\/strong>: <strong>maggio-giugno<\/strong> e <strong>settembre-ottobre<\/strong><br\/>Bel tempo, mare piacevole, <strong>meno gente<\/strong> e prezzi pi\u00f9 bassi.<\/li>\n\n\n\n<li><strong>Luglio-Agosto<\/strong>: molto bello ma <strong>molto affollato<\/strong> (e pi\u00f9 costoso).<\/li>\n\n\n\n<li><strong>Inverno<\/strong>: abbastanza mite, ottimo per le escursioni, ma meno adatto per nuotare.<\/li>\n<\/ul>\n\n<p>Per quanto riguarda il clima, l&#8217;Algarve \u00e8 noto per i suoi <strong>alti livelli di sole<\/strong> e per il tempo piacevole per gran parte dell&#8217;anno.<\/p>\n\n<p>&#x1f449; <a href=\"https:\/\/www.ipma.pt\" data-type=\"link\" data-id=\"https:\/\/www.ipma.pt\" target=\"_blank\" rel=\"noopener\">IPMA<\/a>: le previsioni meteo ufficiali del Portogallo (molto utili per la pianificazione)<\/p>\n\n<h2 class=\"wp-block-heading\"><strong>Budget: quanto dovresti mettere in preventivo?<\/strong><\/h2>\n\n<p>Dipende molto dalla stagione e dallo stile, ma per darti un&#8217;idea (a persona):<\/p>\n\n<ul class=\"wp-block-list\">\n<li><strong>Piccolo budget<\/strong>: <strong>\u20ac60-90\/giorno<\/strong><br\/>(piccoli alberghi\/guesthouse, ristoranti semplici, poche escursioni)<\/li>\n\n\n\n<li><strong>Comfort<\/strong>: <strong>\u20ac100-160 \/ giorno<\/strong><br\/>(hotel carino con piscina, ristoranti regolari, 1-2 attivit\u00e0 in barca)<\/li>\n\n\n\n<li><strong>Piacere<\/strong>: <strong>\u20ac170 + \/ giorno<\/strong><br\/>(hotel di lusso, buoni indirizzi, gite in mare, extra)<\/li>\n<\/ul>\n\n<p><strong>L&#8217;aspetto positivo del Portogallo<\/strong> \u00e8 che puoi <strong>mangiare<\/strong> molto <strong>bene senza spendere troppo<\/strong>, soprattutto nei ristoranti che si trovano un po&#8217; lontano dal lungomare pi\u00f9 turistico (menu del giorno, pesce alla griglia, ecc.). <a href=\"https:\/\/www.pourquoi-pas-nous.com\/it\/?p=78309\" target=\"_blank\" data-type=\"post\" data-id=\"78294\" rel=\"noreferrer noopener\">Leggi la nostra selezione di ristoranti in Algarve.<\/a><\/p>\n\n<h2 class=\"wp-block-heading\"><strong>Dove posso noleggiare un&#8217;auto (e quanto costa)?<\/strong><\/h2>\n\n<ul class=\"wp-block-list\">\n<li>Il modo pi\u00f9 semplice: <strong>all&#8217;aeroporto di Faro<\/strong>, appena arrivato (risparmierai una quantit\u00e0 incredibile di tempo in un viaggio in macchina).<\/li>\n<\/ul>\n\n<p><strong>Quanto costa?<\/strong><br\/><br\/>I prezzi variano enormemente a seconda della stagione: all&#8217;aeroporto di Faro, ad esempio, il <strong>prezzo medio \u00e8 di circa 5\u20ac al giorno<\/strong>, mentre a <strong>gennaio<\/strong> e <strong>luglio<\/strong> \u00e8 pi\u00f9 alto (\u2248 20\u20ac al giorno).<\/p>\n\n<p>&#x1f449; Utilizziamo sempre <strong><a href=\"https:\/\/www.discovercars.com\/fr\/portugal\/faro?a_aid=PourquoiPasNous\" data-type=\"link\" data-id=\"https:\/\/www.discovercars.com\/fr\/portugal\/faro?a_aid=PourquoiPasNous\" target=\"_blank\" rel=\"noopener\">DiscoverCars<\/a><\/strong> per confrontare le offerte di noleggio: semplice, affidabile e spesso molto competitivo.<\/p>\n\n<p><strong>Consigli pratici (molto importanti)<\/strong><\/p>\n\n<ul class=\"wp-block-list\">\n<li>Fai attenzione alla <strong>franchigia<\/strong> e all&#8217;assicurazione: le assicurazioni &#8220;al banco&#8221; sono spesso costose. Una copertura all-risk tramite un comparatore\/assicuratore esterno pu\u00f2 essere pi\u00f9 conveniente&#8230; ma assicurati di leggere attentamente le condizioni (cauzione, esclusioni, pneumatici\/finestrini, ecc.). <\/li>\n<\/ul>\n\n<blockquote class=\"wp-block-quote has-text-align-center is-layout-flow wp-block-quote-is-layout-flow\">\n<p><a href=\"https:\/\/www.discovercars.com\/fr\/portugal\/faro?a_aid=PourquoiPasNous\" data-type=\"link\" data-id=\"https:\/\/www.discovercars.com\/fr\/portugal\/faro?a_aid=PourquoiPasNous\" target=\"_blank\" rel=\"noopener\">&#x1f39f;&#xfe0f; Confronta le offerte sul sito Discover Cars<\/a><\/p>\n<\/blockquote>\n\n<h2 class=\"wp-block-heading\">Il nostro viaggio in auto sulla nostra mappa  <\/h2>\n\n<p>Ecco una piccola mappa che abbiamo messo insieme per aiutarti a orientarti tra i vari <strong>luoghi e indirizzi<\/strong> che abbiamo citato sopra.<\/p>\n\n<p>Puoi<strong>salvarlo tra i tuoi preferiti<\/strong> o <strong>scaricarlo per utilizzarlo offline.<\/strong><\/p>\n\n<p><strong>Come si procede?<\/strong><\/p>\n\n<ol class=\"wp-block-list\">\n<li>Apri la mappa su<strong> Google Maps<\/strong><\/li>\n\n\n\n<li>Clicca sull&#8217;icona che rappresenta i <strong>tre puntini verticali<\/strong> nell&#8217;angolo in alto a sinistra o nella descrizione della mappa.<\/li>\n\n\n\n<li>Seleziona l&#8217;opzione <strong>&#8220;Aggiungi ai miei luoghi salvati&#8221;<\/strong> o <strong>&#8220;Salva mappa&#8221;<\/strong>, a seconda della versione dell&#8217;applicazione.<\/li>\n<\/ol>\n\n<iframe src=\"https:\/\/www.google.com\/maps\/d\/u\/2\/embed?mid=1Tx-a2Iwztxk0sOyNQCVFIVREu2ajvqo&#038;ehbc=2E312F\" width=\"100%\" height=\"480\"><\/iframe>\n\n<p>Questa guida \u00e8<strong> completamente indipendente<\/strong>, basata sulla nostra esperienza personale. Abbiamo visitato la regione creando il nostro <strong>itinerario<\/strong> (dopo aver letto numerose fonti) e selezionando le <strong>nostre attivit\u00e0<\/strong>. <\/p>\n\n<p>Non esitate a <strong>scriverci<\/strong> qui sotto per farci sapere se state programmando questo viaggio, per <strong>farci<\/strong> domande o per <strong>condividere<\/strong> i vostri pensieri sui social network<a href=\"https:\/\/www.instagram.com\/pourquoipasnous_voyage\/\" target=\"_blank\" rel=\"noreferrer noopener\">(il nostro Instagram<\/a>): saremo lieti di rispondervi!<\/p>\n\n<p>Prima di partire, <strong>leggi tutti i nostri articoli sull&#8217;organizzazione del viaggio:<\/strong><\/p>\n\n<p><\/p>\n\n<ul class=\"wp-block-list\">\n<li><a href=\"https:\/\/www.pourquoi-pas-nous.com\/it\/?p=77719\" target=\"_blank\" rel=\"noreferrer noopener\">Noleggio auto a Faro in Algarve: i nostri consigli e suggerimenti<\/a><\/li>\n\n\n\n<li>&#x1f6cf;&#xfe0f;  <a href=\"https:\/\/www.pourquoi-pas-nous.com\/it\/?p=79022\" data-type=\"post\" data-id=\"78345\">Dove dormire in Algarve? i nostri migliori indirizzi<\/a><\/li>\n\n\n\n<li>&#x1f5fa;&#xfe0f; <a href=\"https:\/\/www.pourquoi-pas-nous.com\/it\/?p=78980\" data-type=\"post\" data-id=\"78921\" target=\"_blank\" rel=\"noreferrer noopener\">Itinerario per il tuo viaggio in Algarve?<\/a><\/li>\n\n\n\n<li>Visita i villaggi di <a href=\"https:\/\/www.pourquoi-pas-nous.com\/it\/cosa-fare-a-lagos-in-portogallo-la-nostra-opinione-e-le-nostre-mete-imperdibili\/\">Lagos<\/a>, <a href=\"https:\/\/www.pourquoi-pas-nous.com\/it\/cosa-fare-ad-armacao-de-pera-in-portogallo-i-nostri-luoghi-da-non-perdere\/\">Arma\u00e7ao de P\u00eara<\/a>, <a href=\"https:\/\/www.pourquoi-pas-nous.com\/it\/cosa-fare-ad-alvor-portogallo-le-spiagge-e-la-nostra-opinione\/\">Alvor<\/a>, <a href=\"https:\/\/www.pourquoi-pas-nous.com\/it\/?p=78901\" data-type=\"post\" data-id=\"75907\" target=\"_blank\" rel=\"noreferrer noopener\">Albufeira<\/a> e <a href=\"https:\/\/www.pourquoi-pas-nous.com\/it\/?p=78816\">Olh\u00e3o<\/a><\/li>\n\n\n\n<li><a href=\"https:\/\/www.pourquoi-pas-nous.com\/it\/?p=77763\">Visita l&#8217;imperdibile grotta di Benagil<\/a><\/li>\n\n\n\n<li><a href=\"https:\/\/www.pourquoi-pas-nous.com\/it\/come-visitare-le-scogliere-di-ponta-da-piedade-in-barca-e-a-piedi\/\" target=\"_blank\" rel=\"noreferrer noopener\">Come si visitano le scogliere di Ponta da Piedade<\/a>? in barca e a piedi<\/li>\n<\/ul>\n\n<p><\/p>\n<div style='text-align:right' class='yasr-auto-insert-visitor'><\/div>","protected":false},"excerpt":{"rendered":"<p>Stai pianificando un viaggio in auto nell&#8217;Algarve in Portogallo e ti stai chiedendo dove andare, quanto tempo restare e come organizzare le tue soste? Siete nel posto giusto! Abbiamo amato l&#8217;Algarve per un semplice motivo: in pochi chilometri si passa da scogliere e grotte spettacolari a ovest a un Algarve pi\u00f9 dolce e autentico a [&hellip;]<\/p>\n","protected":false},"author":2,"featured_media":77202,"comment_status":"open","ping_status":"closed","sticky":false,"template":"","format":"standard","meta":{"_acf_changed":false,"_wp_convertkit_post_meta":{"form":"-1","landing_page":"0","tag":"0","restrict_content":"0"},"jetpack_post_was_ever_published":true,"yasr_overall_rating":0,"yasr_post_is_review":"","yasr_auto_insert_disabled":"","yasr_review_type":"","_jetpack_newsletter_access":"","_jetpack_dont_email_post_to_subs":false,"_jetpack_newsletter_tier_id":0,"_jetpack_memberships_contains_paywalled_content":false,"_jetpack_memberships_contains_paid_content":false,"footnotes":""},"categories":[396,270,395],"tags":[],"class_list":["post-78980","post","type-post","status-publish","format-standard","has-post-thumbnail","hentry","category-algarve","category-guida-di-viaggio","category-portogallo"],"acf":[],"_wp_attached_file":null,"_wp_attachment_image_alt":null,"rank_math_primary_category":"392","rank_math_title":"Viaggio in auto di 10 giorni in Algarve, Portogallo","rank_math_description":"Itinerario completo per un viaggio in Algarve di 10 giorni (e versione di 7 giorni): tappe principali, 6 luoghi da non perdere, periodo ideale, budget e consigli per il noleggio auto.","rank_math_focus_keyword":"Viaggio in Algarve: itinerario di 10 giorni (e versione di 7 giorni) + consigli su budget e auto","yasr_visitor_votes":{"stars_attributes":{"read_only":false,"span_bottom":false},"number_of_votes":0,"sum_votes":0},"jetpack_featured_media_url":"https:\/\/i0.wp.com\/www.pourquoi-pas-nous.com\/wp-content\/uploads\/2026\/01\/20210826_152647-scaled.jpg?fit=2048%2C971&ssl=1","jetpack_sharing_enabled":true,"_links":{"self":[{"href":"https:\/\/www.pourquoi-pas-nous.com\/it\/wp-json\/wp\/v2\/posts\/78980","targetHints":{"allow":["GET"]}}],"collection":[{"href":"https:\/\/www.pourquoi-pas-nous.com\/it\/wp-json\/wp\/v2\/posts"}],"about":[{"href":"https:\/\/www.pourquoi-pas-nous.com\/it\/wp-json\/wp\/v2\/types\/post"}],"author":[{"embeddable":true,"href":"https:\/\/www.pourquoi-pas-nous.com\/it\/wp-json\/wp\/v2\/users\/2"}],"replies":[{"embeddable":true,"href":"https:\/\/www.pourquoi-pas-nous.com\/it\/wp-json\/wp\/v2\/comments?post=78980"}],"version-history":[{"count":8,"href":"https:\/\/www.pourquoi-pas-nous.com\/it\/wp-json\/wp\/v2\/posts\/78980\/revisions"}],"predecessor-version":[{"id":79251,"href":"https:\/\/www.pourquoi-pas-nous.com\/it\/wp-json\/wp\/v2\/posts\/78980\/revisions\/79251"}],"wp:featuredmedia":[{"embeddable":true,"href":"https:\/\/www.pourquoi-pas-nous.com\/it\/wp-json\/wp\/v2\/media\/77202"}],"wp:attachment":[{"href":"https:\/\/www.pourquoi-pas-nous.com\/it\/wp-json\/wp\/v2\/media?parent=78980"}],"wp:term":[{"taxonomy":"category","embeddable":true,"href":"https:\/\/www.pourquoi-pas-nous.com\/it\/wp-json\/wp\/v2\/categories?post=78980"},{"taxonomy":"post_tag","embeddable":true,"href":"https:\/\/www.pourquoi-pas-nous.com\/it\/wp-json\/wp\/v2\/tags?post=78980"}],"curies":[{"name":"wp","href":"https:\/\/api.w.org\/{rel}","templated":true}]}}