{"id":79702,"date":"2026-03-02T10:06:01","date_gmt":"2026-03-02T08:06:01","guid":{"rendered":"https:\/\/www.pourquoi-pas-nous.com\/i-nostri-must-per-un-primo-viaggio-in-albania\/"},"modified":"2026-03-05T21:31:31","modified_gmt":"2026-03-05T19:31:31","slug":"i-nostri-must-per-un-primo-viaggio-in-albania","status":"publish","type":"post","link":"https:\/\/www.pourquoi-pas-nous.com\/it\/i-nostri-must-per-un-primo-viaggio-in-albania\/","title":{"rendered":"I nostri must per un primo viaggio in Albania"},"content":{"rendered":"\n<p>L&#8217;Albania era uno di quei paesi che guardavamo da lontano quando pianificavamo i nostri itinerari balcanici. Avendo esplorato il Montenegro in diverse occasioni, eravamo ansiosi di vedere cosa c&#8217;era dietro l&#8217;angolo. L&#8217;Albania \u00e8 grande pi\u00f9 o meno come la Bretagna, quindi in una settimana o anche in dieci giorni bisogna fare delle scelte. La domanda \u00e8 diventata subito: cosa fare in Albania durante il tuo primo viaggio?   <\/p>\n\n<p>Questo paese incontaminato offre un mix impressionante di spiagge turchesi, montagne spettacolari, villaggi tutelati dall&#8217;UNESCO e strade tortuose perfette per un viaggio in auto. Il grande vantaggio \u00e8 che \u00e8 meno affollato di altri paesi vicini. Potrai comunque godere di paesaggi incontaminati, di un&#8217;accoglienza calorosa e di prezzi ragionevoli.  <\/p>\n\n<p>Ecco i<strong> luoghi da non perdere in Albania<\/strong>, secondo noi, per una prima scoperta di successo.<\/p>\n\n<figure class=\"wp-block-image size-large\"><img data-recalc-dims=\"1\" data-dominant-color=\"48777d\" data-has-transparency=\"false\" style=\"--dominant-color: #48777d;\" fetchpriority=\"high\" decoding=\"async\" width=\"800\" height=\"533\" src=\"https:\/\/i0.wp.com\/www.pourquoi-pas-nous.com\/wp-content\/uploads\/2026\/02\/s8mekj9iut8.jpg?resize=800%2C533&#038;ssl=1\" alt=\"albania\" class=\"wp-image-79650 not-transparent\" title=\"\" srcset=\"https:\/\/i0.wp.com\/www.pourquoi-pas-nous.com\/wp-content\/uploads\/2026\/02\/s8mekj9iut8.jpg?resize=1200%2C800&amp;ssl=1 1200w, https:\/\/i0.wp.com\/www.pourquoi-pas-nous.com\/wp-content\/uploads\/2026\/02\/s8mekj9iut8.jpg?resize=400%2C267&amp;ssl=1 400w, https:\/\/i0.wp.com\/www.pourquoi-pas-nous.com\/wp-content\/uploads\/2026\/02\/s8mekj9iut8.jpg?w=1800&amp;ssl=1 1800w, https:\/\/i0.wp.com\/www.pourquoi-pas-nous.com\/wp-content\/uploads\/2026\/02\/s8mekj9iut8.jpg?w=1600&amp;ssl=1 1600w\" sizes=\"(max-width: 800px) 100vw, 800px\" \/><\/figure>\n\n<h2 class=\"wp-block-heading\"><strong>Esplorare la riviera albanese: i nostri consigli per scoprirla al meglio<\/strong><\/h2>\n\n<p>\u00c8 impossibile parlare di un <a href=\"https:\/\/www.ovoyages.com\/voyages-albanie\" target=\"_blank\" rel=\"noreferrer noopener\">viaggio in Albania<\/a> senza menzionare la sua famosa <strong>Riviera, che si estende tra Dh\u00ebrmi e Saranda<\/strong>. Tra il cristallino Mar Ionio e le scogliere a picco sul mare, lo scenario \u00e8 spettacolare. Sulla carta, potresti immaginare insenature selvagge e una costa ancora da scoprire&#8230; ed \u00e8 vero che il paesaggio \u00e8 magnifico. Ma siamo onesti: la regione si sta sviluppando molto velocemente.   <\/p>\n\n<h3 class=\"wp-block-heading\">Ksamil<\/h3>\n\n<p>Spesso paragonate ai <strong>Caraibi <\/strong>per il colore dell&#8217;acqua, le spiagge di Ksamil, nel sud dell&#8217;Albania, sono incredibili.<\/p>\n\n<blockquote class=\"wp-block-quote is-layout-flow wp-block-quote-is-layout-flow\">\n<p>Sono tra le<strong> pi\u00f9 belle del paese<\/strong> e offrono alcune <strong>spiagge di sabbia fine, che <\/strong>sono rare sulla costa.  <\/p>\n<\/blockquote>\n\n<p>Le piccole isole di fronte alla spiaggia aggiungono un <strong>tocco esotico del tutto inaspettato in Europa<\/strong>. L&#8217;acqua \u00e8 cristallina, le sfumature turchesi sono reali e i tramonti sono superbi. <\/p>\n\n<p>Ksamil ospita diverse spiagge popolari. Ti consigliamo la spiaggia <strong>The Last Bay<\/strong>, pi\u00f9 discreta e lontana dalle zone pi\u00f9 frequentate, grazie al suo ambiente pi\u00f9 incontaminato, mentre <strong>Lori<\/strong> Beach \u00e8 particolarmente popolare per le sue acque poco profonde, ideali per le famiglie. <\/p>\n\n<p>Ksamil \u00e8 oggi una delle localit\u00e0 balneari pi\u00f9 frequentate del paese. Hotel recenti, ristoranti sul lungomare, costruzioni in corso&#8230; l&#8217;urbanizzazione \u00e8 visibile. In piena estate, soprattutto nei mesi di luglio e agosto, l&#8217;atmosfera pu\u00f2 diventare molto vivace e le spiagge possono diventare rapidamente affollate.  <\/p>\n\n<p>&#x1f4a1; Il nostro consiglio: opta per i mesi di maggio, giugno o settembre per goderti la cornice evitando la folla.<\/p>\n\n<h3 class=\"wp-block-heading\">Dh\u00ebrmi<\/h3>\n\n<p>Pi\u00f9 a nord, Dh\u00ebrmi e la sua grande spiaggia di ciottoli offrono uno scenario altrettanto impressionante, con le montagne che si tuffano direttamente nel mare. Le strade tortuose offrono panorami magnifici e ricordano alcuni paesaggi della costa montenegrina. <\/p>\n\n<p>Anche qui lo sviluppo turistico \u00e8 molto evidente: resort, villaggi turistici, edifici in costruzione&#8230; Ma a volte basta allontanarsi dalle zone pi\u00f9 centrali per trovare angoli pi\u00f9 tranquilli.<\/p>\n\n<p>E soprattutto, l&#8217;entroterra \u00e8 sublime. Le dolci colline, i villaggi in cima alle colline e le strade panoramiche meritano una deviazione. Infatti, \u00e8 proprio quando si sale in alto che ci si rende conto della bellezza della regione.  <\/p>\n\n<p>&#x1f9f3; Non dimenticare di <strong>mettere in valigia delle scarpe da acqua,<\/strong> poich\u00e9 si tratta di <strong>spiagge<\/strong> prevalentemente <strong>di ghiaia<\/strong>. Saranno molto pi\u00f9 comode per i tuoi piedini. <\/p>\n\n<figure class=\"wp-block-image size-large\"><img data-recalc-dims=\"1\" data-dominant-color=\"5e8ba2\" data-has-transparency=\"false\" style=\"--dominant-color: #5e8ba2;\" decoding=\"async\" width=\"800\" height=\"533\" src=\"https:\/\/i0.wp.com\/www.pourquoi-pas-nous.com\/wp-content\/uploads\/2026\/02\/4zu6hbjx25y.jpg?resize=800%2C533&#038;ssl=1\" alt=\"albania\" class=\"wp-image-79649 not-transparent\" title=\"\" srcset=\"https:\/\/i0.wp.com\/www.pourquoi-pas-nous.com\/wp-content\/uploads\/2026\/02\/4zu6hbjx25y.jpg?resize=1200%2C800&amp;ssl=1 1200w, https:\/\/i0.wp.com\/www.pourquoi-pas-nous.com\/wp-content\/uploads\/2026\/02\/4zu6hbjx25y.jpg?resize=400%2C267&amp;ssl=1 400w, https:\/\/i0.wp.com\/www.pourquoi-pas-nous.com\/wp-content\/uploads\/2026\/02\/4zu6hbjx25y.jpg?w=1800&amp;ssl=1 1800w, https:\/\/i0.wp.com\/www.pourquoi-pas-nous.com\/wp-content\/uploads\/2026\/02\/4zu6hbjx25y.jpg?w=1600&amp;ssl=1 1600w\" sizes=\"(max-width: 800px) 100vw, 800px\" \/><\/figure>\n\n<h2 class=\"wp-block-heading\">Il Parco Nazionale di Theth: un&#8217;immersione nelle Alpi albanesi<\/h2>\n\n<p>L&#8217;atmosfera cambia completamente quando ci dirigiamo verso il nord del paese. Il<em> Parco Nazionale di Theth<\/em> si trova nel <strong>cuore delle Alpi albanesi<\/strong>, una regione ancora molto autentica. <\/p>\n\n<p>Sono conosciute come le <strong>Alpi albanesi<\/strong> per i loro rilievi spettacolari: cime scoscese, valli profonde, scogliere a picco e paesaggi molto minerali che ricordano le Alpi di Francia, Svizzera e Italia.<\/p>\n\n<p>Ovviamente sei venuto qui per fare escursioni, quindi ecco i due principali punti di interesse:<\/p>\n\n<ul class=\"wp-block-list\">\n<li> <strong>Blue Eye<\/strong>, una sorgente di un blu impressionante (ingresso circa 50 centesimi),  <\/li>\n\n\n\n<li>La famosa camminata <strong>Theth &#8211; Valbona<\/strong>, circa 13 km di andata e ritorno; puoi trovare il <a href=\"https:\/\/www.alltrails.com\/trail\/albania\/shkoder\/theth-qafa-e-valbones\" data-type=\"link\" data-id=\"https:\/\/www.alltrails.com\/trail\/albania\/shkoder\/theth-qafa-e-valbones\" target=\"_blank\" rel=\"noopener\">percorso completo su questo sito<\/a><\/li>\n<\/ul>\n\n<p>Il paesaggio ricorda il Parco <a href=\"https:\/\/www.pourquoi-pas-nous.com\/it\/montenegro\/\" target=\"_blank\" data-type=\"post\" data-id=\"2413\" rel=\"noreferrer noopener\">Nazionale del Durmitor in Montenegro<\/a>: cime scoscese, valli profonde e impressionanti strade di montagna. Qui, per\u00f2, il turismo \u00e8 pi\u00f9 discreto. <\/p>\n\n<p>La strada per Theth \u00e8 ora asfaltata, ma sempre tortuosa. \u00c8 meglio pianificare il viaggio durante il giorno. <\/p>\n\n<figure class=\"wp-block-image size-large\"><img data-recalc-dims=\"1\" data-dominant-color=\"626e69\" data-has-transparency=\"false\" style=\"--dominant-color: #626e69;\" decoding=\"async\" width=\"800\" height=\"533\" src=\"https:\/\/i0.wp.com\/www.pourquoi-pas-nous.com\/wp-content\/uploads\/2026\/02\/ujktk_q5lyg.jpg?resize=800%2C533&#038;ssl=1\" alt=\"Albania\" class=\"wp-image-79651 not-transparent\" title=\"\" srcset=\"https:\/\/i0.wp.com\/www.pourquoi-pas-nous.com\/wp-content\/uploads\/2026\/02\/ujktk_q5lyg.jpg?resize=1200%2C800&amp;ssl=1 1200w, https:\/\/i0.wp.com\/www.pourquoi-pas-nous.com\/wp-content\/uploads\/2026\/02\/ujktk_q5lyg.jpg?resize=400%2C267&amp;ssl=1 400w, https:\/\/i0.wp.com\/www.pourquoi-pas-nous.com\/wp-content\/uploads\/2026\/02\/ujktk_q5lyg.jpg?w=1800&amp;ssl=1 1800w, https:\/\/i0.wp.com\/www.pourquoi-pas-nous.com\/wp-content\/uploads\/2026\/02\/ujktk_q5lyg.jpg?w=1600&amp;ssl=1 1600w\" sizes=\"(max-width: 800px) 100vw, 800px\" \/><\/figure>\n\n<h2 class=\"wp-block-heading\">Gjirokast\u00ebr e il suo castello<\/h2>\n\n<p>Patrimonio dell&#8217;Umanit\u00e0 <a href=\"https:\/\/whc.unesco.org\/fr\/list\/569\/\" target=\"_blank\" data-type=\"link\" data-id=\"https:\/\/whc.unesco.org\/fr\/list\/569\/\" rel=\"noreferrer noopener\">dell&#8217;UNESCO<\/a>, Gjirokast\u00ebr, nel sud dell&#8217;Albania, \u00e8 una piccola perla dell&#8217;Albania.<\/p>\n\n<p>La citt\u00e0 \u00e8 costruita sul fianco di una collina ed \u00e8 dominata da un <strong>enorme castello che offre una vista spettacolare sulla valle.<\/strong> Le strade acciottolate, le case ottomane (alcune delle quali sono aperte al pubblico), la torre dell&#8217;orologio e i tetti in pietra conferiscono alla citt\u00e0 un fascino particolare.<\/p>\n\n<h2 class=\"wp-block-heading\">Berat: la citt\u00e0 dalle mille finestre<\/h2>\n\n<p>Un&#8217;altra perla dell&#8217;UNESCO, Berat \u00e8 conosciuta come la citt\u00e0 dalle mille finestre ed \u00e8 considerata la citt\u00e0 pi\u00f9 bella dell&#8217;Albania. Guardando le facciate bianche accatastate l&#8217;una sull&#8217;altra, \u00e8 facile capire perch\u00e9. <\/p>\n\n<p>I quartieri di Mangalem e Gorica si fronteggiano su entrambi i lati del fiume. Attraversa il vecchio ponte, sali fino al castello e goditi il tramonto sulle colline circostanti. <\/p>\n\n<figure class=\"wp-block-image size-large\"><img data-recalc-dims=\"1\" data-dominant-color=\"8c8d89\" data-has-transparency=\"false\" style=\"--dominant-color: #8c8d89;\" loading=\"lazy\" decoding=\"async\" width=\"800\" height=\"533\" src=\"https:\/\/i0.wp.com\/www.pourquoi-pas-nous.com\/wp-content\/uploads\/2026\/02\/vqogqddcpra.jpg?resize=800%2C533&#038;ssl=1\" alt=\"Berat Albania\" class=\"wp-image-79652 not-transparent\" title=\"\" srcset=\"https:\/\/i0.wp.com\/www.pourquoi-pas-nous.com\/wp-content\/uploads\/2026\/02\/vqogqddcpra.jpg?resize=1200%2C800&amp;ssl=1 1200w, https:\/\/i0.wp.com\/www.pourquoi-pas-nous.com\/wp-content\/uploads\/2026\/02\/vqogqddcpra.jpg?resize=400%2C267&amp;ssl=1 400w, https:\/\/i0.wp.com\/www.pourquoi-pas-nous.com\/wp-content\/uploads\/2026\/02\/vqogqddcpra.jpg?w=1800&amp;ssl=1 1800w, https:\/\/i0.wp.com\/www.pourquoi-pas-nous.com\/wp-content\/uploads\/2026\/02\/vqogqddcpra.jpg?w=1600&amp;ssl=1 1600w\" sizes=\"(max-width: 800px) 100vw, 800px\" \/><\/figure>\n\n<h2 class=\"wp-block-heading\">Lago Komani: il fiordo dei Balcani<\/h2>\n\n<p>La traversata in traghetto tra Koman e Fierze si snoda tra ripide montagne che si tuffano nell&#8217;acqua.  <\/p>\n\n<blockquote class=\"wp-block-quote has-text-align-center is-layout-flow wp-block-quote-is-layout-flow\">\n<p>La durata \u00e8 di circa tre ore e il costo si aggira intorno ai 15\u20ac, il che la rende un&#8217;esperienza abbastanza accessibile vista l&#8217;ambientazione eccezionale.  <\/p>\n<\/blockquote>\n\n<p>Nella parte superiore del lago Komani, lo spettacolo diventa davvero straordinario: le montagne si avvicinano, le scogliere si tuffano nell&#8217;acqua e si ha l&#8217;impressione di navigare nel cuore di un canyon.<\/p>\n\n<p>A noi ha ricordato molto il periodo trascorso nei <a href=\"https:\/\/www.pourquoi-pas-nous.com\/it\/fiordi-norvegia\/\" target=\"_blank\" data-type=\"post\" data-id=\"56080\" rel=\"noreferrer noopener\">fiordi norvegesi<\/a>, con quelle montagne scoscese che si tuffano direttamente nell&#8217;acqua e quella sensazione di isolamento quasi irreale. Il panorama ci ha ricordato anche la <a href=\"https:\/\/www.pourquoi-pas-nous.com\/it\/visita-kotor-montenegro\/\" data-type=\"post\" data-id=\"5297\" target=\"_blank\" rel=\"noreferrer noopener\">Baia di Kotor<\/a>, ma in una versione ancora pi\u00f9 selvaggia, aspra e isolata. <\/p>\n\n<figure class=\"wp-block-image size-large\"><img data-recalc-dims=\"1\" data-dominant-color=\"69796e\" data-has-transparency=\"false\" style=\"--dominant-color: #69796e;\" loading=\"lazy\" decoding=\"async\" width=\"800\" height=\"600\" src=\"https:\/\/i0.wp.com\/www.pourquoi-pas-nous.com\/wp-content\/uploads\/2026\/02\/65vi3vazaay.jpg?resize=800%2C600&#038;ssl=1\" alt=\"Lago Komani Albania\" class=\"wp-image-79653 not-transparent\" title=\"\" srcset=\"https:\/\/i0.wp.com\/www.pourquoi-pas-nous.com\/wp-content\/uploads\/2026\/02\/65vi3vazaay.jpg?resize=1200%2C900&amp;ssl=1 1200w, https:\/\/i0.wp.com\/www.pourquoi-pas-nous.com\/wp-content\/uploads\/2026\/02\/65vi3vazaay.jpg?resize=400%2C300&amp;ssl=1 400w, https:\/\/i0.wp.com\/www.pourquoi-pas-nous.com\/wp-content\/uploads\/2026\/02\/65vi3vazaay.jpg?w=1600&amp;ssl=1 1600w\" sizes=\"(max-width: 800px) 100vw, 800px\" \/><\/figure>\n\n<h2 class=\"wp-block-heading\">Tirana: una capitale sorprendente<\/h2>\n\n<p>Spesso trascurata a favore delle spiagge e delle montagne, Tirana merita una visita.<\/p>\n\n<p><strong>Place Skanderbeg <\/strong>\u00e8 il cuore della citt\u00e0. Puoi visitare i<strong> Bunk&#8217;Art,<\/strong> ex bunker trasformati in musei che ripercorrono la storia del paese. Il <strong>quartiere di Blloku<\/strong>, un tempo riservato all&#8217;\u00e9lite politica, \u00e8 ora pieno di vita, con i suoi numerosi caff\u00e8 e ristoranti.  <\/p>\n\n<p>Tirana sorprende con la sua energia e le sue facciate colorate.<\/p>\n\n<h2 class=\"wp-block-heading\">Quanto tempo ci vuole per visitare l&#8217;Albania?<\/h2>\n\n<p>Per un primo viaggio, sette giorni ti permettono di combinare la Riviera con una citt\u00e0 quotata come Berat o Gjirokast\u00ebr. Dieci giorni offrono una panoramica pi\u00f9 completa con Theth o il Lago Komani. Quindici giorni offrono un vero e proprio viaggio on the road tra mare e montagna.  <\/p>\n\n<p>Noleggiare un&#8217;auto \u00e8 ancora l&#8217;opzione migliore per avere una libert\u00e0 totale, soprattutto se vuoi esplorare le Alpi albanesi.<\/p>\n\n<h2 class=\"wp-block-heading\">Le nostre mete imperdibili sulla nostra mappa<\/h2>\n\n<p>Per aiutarti a pianificare il tuo itinerario, abbiamo creato una mappa che mostra tutti i<strong> luoghi citati<\/strong> in questo articolo. In questo modo sar\u00e0 pi\u00f9 facile visualizzare le distanze e pianificare il tuo viaggio in Albania. <\/p>\n\n<iframe src=\"https:\/\/www.google.com\/maps\/d\/u\/2\/embed?mid=1BSl7wM-Jd0relLedJxyPdRv1_AfFLXE&#038;ehbc=2E312F\" width=\"640\" height=\"480\"><\/iframe>\n\n<p>Il fascino dell&#8217;Albania risiede nella sua diversit\u00e0 e autenticit\u00e0. In poche ore di macchina puoi passare da spiagge paradisiache a cime scoscese, da villaggi storici a una capitale dinamica. \u00c8 una destinazione ideale per esplorare i Balcani o per completare un viaggio nel vicino Montenegro.  <\/p>\n\n<p>Non esitate a <strong>scriverci<\/strong> qui sotto per farci sapere se state organizzando questo viaggio, per <strong>farci<\/strong> domande o per <strong>condividere<\/strong> i vostri pensieri sui social network<a href=\"https:\/\/www.instagram.com\/pourquoipasnous_voyage\/\" target=\"_blank\" rel=\"noreferrer noopener\">(il nostro Instagram<\/a>): saremo lieti di rispondervi!<\/p>\n\n<p><\/p>\n<div style='text-align:right' class='yasr-auto-insert-visitor'><\/div>","protected":false},"excerpt":{"rendered":"<p>L&#8217;Albania era uno di quei paesi che guardavamo da lontano quando pianificavamo i nostri itinerari balcanici. Avendo esplorato il Montenegro in diverse occasioni, eravamo ansiosi di vedere cosa c&#8217;era dietro l&#8217;angolo. L&#8217;Albania \u00e8 grande pi\u00f9 o meno come la Bretagna, quindi in una settimana o anche in dieci giorni bisogna fare delle scelte. La domanda [&hellip;]<\/p>\n","protected":false},"author":2,"featured_media":79703,"comment_status":"open","ping_status":"closed","sticky":false,"template":"","format":"standard","meta":{"_acf_changed":false,"_wp_convertkit_post_meta":{"form":"-1","landing_page":"","tag":"0","restrict_content":"0"},"jetpack_post_was_ever_published":true,"yasr_overall_rating":0,"yasr_post_is_review":"","yasr_auto_insert_disabled":"","yasr_review_type":"","_jetpack_newsletter_access":"","_jetpack_dont_email_post_to_subs":false,"_jetpack_newsletter_tier_id":0,"_jetpack_memberships_contains_paywalled_content":false,"_jetpack_memberships_contains_paid_content":false,"footnotes":""},"categories":[270],"tags":[],"class_list":["post-79702","post","type-post","status-publish","format-standard","has-post-thumbnail","hentry","category-guida-di-viaggio"],"acf":[],"_wp_attached_file":null,"_wp_attachment_image_alt":null,"rank_math_primary_category":"55","rank_math_title":"I nostri must per un primo viaggio in Albania","rank_math_description":"Cosa fare in Albania durante il tuo primo viaggio? La Riviera Albanese, Theth, il Lago Komani, Berat, Gjirokast\u00ebr, Tirana... Scopri i luoghi da non perdere e i nostri consigli. ","rank_math_focus_keyword":null,"yasr_visitor_votes":{"stars_attributes":{"read_only":false,"span_bottom":false},"number_of_votes":0,"sum_votes":0},"jetpack_featured_media_url":"https:\/\/i0.wp.com\/www.pourquoi-pas-nous.com\/wp-content\/uploads\/2026\/02\/s8mekj9iut8.jpg?fit=1800%2C1200&ssl=1","jetpack_sharing_enabled":true,"_links":{"self":[{"href":"https:\/\/www.pourquoi-pas-nous.com\/it\/wp-json\/wp\/v2\/posts\/79702","targetHints":{"allow":["GET"]}}],"collection":[{"href":"https:\/\/www.pourquoi-pas-nous.com\/it\/wp-json\/wp\/v2\/posts"}],"about":[{"href":"https:\/\/www.pourquoi-pas-nous.com\/it\/wp-json\/wp\/v2\/types\/post"}],"author":[{"embeddable":true,"href":"https:\/\/www.pourquoi-pas-nous.com\/it\/wp-json\/wp\/v2\/users\/2"}],"replies":[{"embeddable":true,"href":"https:\/\/www.pourquoi-pas-nous.com\/it\/wp-json\/wp\/v2\/comments?post=79702"}],"version-history":[{"count":2,"href":"https:\/\/www.pourquoi-pas-nous.com\/it\/wp-json\/wp\/v2\/posts\/79702\/revisions"}],"predecessor-version":[{"id":79705,"href":"https:\/\/www.pourquoi-pas-nous.com\/it\/wp-json\/wp\/v2\/posts\/79702\/revisions\/79705"}],"wp:featuredmedia":[{"embeddable":true,"href":"https:\/\/www.pourquoi-pas-nous.com\/it\/wp-json\/wp\/v2\/media\/79703"}],"wp:attachment":[{"href":"https:\/\/www.pourquoi-pas-nous.com\/it\/wp-json\/wp\/v2\/media?parent=79702"}],"wp:term":[{"taxonomy":"category","embeddable":true,"href":"https:\/\/www.pourquoi-pas-nous.com\/it\/wp-json\/wp\/v2\/categories?post=79702"},{"taxonomy":"post_tag","embeddable":true,"href":"https:\/\/www.pourquoi-pas-nous.com\/it\/wp-json\/wp\/v2\/tags?post=79702"}],"curies":[{"name":"wp","href":"https:\/\/api.w.org\/{rel}","templated":true}]}}